{"id":86657,"date":"2023-12-03T02:27:21","date_gmt":"2023-12-03T02:27:21","guid":{"rendered":"https:\/\/elregionalvm.com.ar\/noticias-villa-maria\/?p=86657"},"modified":"2023-12-06T02:35:18","modified_gmt":"2023-12-06T02:35:18","slug":"suena-rock-el-extrano-de-pelo-largo-y-la-rebeldia-de-los-60","status":"publish","type":"post","link":"https:\/\/elregionalvm.com.ar\/noticias-villa-maria\/suena-rock-el-extrano-de-pelo-largo-y-la-rebeldia-de-los-60\/","title":{"rendered":"[Suena Rock] El Extra\u00f1o de Pelo Largo y la rebeld\u00eda de los 60"},"content":{"rendered":"\n<p><\/p>\n\n\n\n<h3 class=\"wp-block-heading\"><strong><em>\u201cVagando por las calles mirando la gente pasar\u201d<\/em><\/strong><\/h3>\n\n\n\n<p><\/p>\n\n\n\n<p><strong>Escribe: Leo Mu\u00f1oz<\/strong><\/p>\n\n\n\n<p><\/p>\n\n\n\n<p>Luego de la Segunda Guerra Mundial crecieron a ritmo agigantado los llamados movimientos juveniles, como los \u201cTeddy Boys\u201d de los 50, o en la d\u00e9cada del 60 los \u201cMods\u201d, los \u201cRockers\u201d y los \u201cHippies\u201d.<\/p>\n\n\n\n<p>Experimentaron maneras que entend\u00edan m\u00e1s libres y aut\u00e9nticas de vivir, consumieron drogas, se liberaron sexualmente, se sintieron atra\u00eddos por pol\u00edticas m\u00e1s radicales. Muchos moldes se romp\u00edan ante la asombrada mirada del mundo adulto.<\/p>\n\n\n\n<p><\/p>\n\n\n\n<figure class=\"wp-block-image size-full is-resized\"><img data-recalc-dims=\"1\" fetchpriority=\"high\" decoding=\"async\" width=\"740\" height=\"481\" src=\"https:\/\/i0.wp.com\/elregionalvm.com.ar\/noticias-villa-maria\/wp-content\/uploads\/2023\/12\/mayo-frances.jpg?resize=740%2C481&#038;ssl=1\" alt=\"\" class=\"wp-image-86663\" style=\"width:910px;height:auto\" srcset=\"https:\/\/i0.wp.com\/elregionalvm.com.ar\/noticias-villa-maria\/wp-content\/uploads\/2023\/12\/mayo-frances.jpg?w=740&amp;ssl=1 740w, https:\/\/i0.wp.com\/elregionalvm.com.ar\/noticias-villa-maria\/wp-content\/uploads\/2023\/12\/mayo-frances.jpg?resize=300%2C195&amp;ssl=1 300w\" sizes=\"(max-width: 740px) 100vw, 740px\" \/><\/figure>\n\n\n\n<p><\/p>\n\n\n\n<p>En 1968 las revueltas estudiantiles sacudieron muchos pa\u00edses, tal el caso de Estados Unidos, Inglaterra, Francia, Jap\u00f3n o China, entre otros.<\/p>\n\n\n\n<p>Cada vez m\u00e1s lejos quedaba lo que reflejaba perfectamente la letra de \u201cAprendizaje\u201d (Sui Generis) \u201cAprend\u00ed a ser formal y cort\u00e9s, cort\u00e1ndome el pelo una vez por mes\u201d. El cabello largo era s\u00edmbolo de rebeld\u00eda contra los c\u00e1nones establecidos.<\/p>\n\n\n\n<p><strong>La Joven Guardia<\/strong><\/p>\n\n\n\n<p>En 1967 nac\u00eda \u201cLa Joven Guardia\u201d, integrada por F\u00e9lix Pando,\u00a0Hiacho Lezica,\u00a0Roque Narvaja\u00a0y Enrique Masllorens. El primero de sus tres discos fue \u201cEl Extra\u00f1o de Pelo Largo\u201d (1969), la canci\u00f3n que le dio el nombre fue escrita por Roque Narvaja, la m\u00fasica por \u00e9l y Masllorens, aunque fue acreditada la letra a Masllorens y la m\u00fasica a Lezica.<\/p>\n\n\n\n<p><\/p>\n\n\n\n<figure class=\"wp-block-embed is-type-video is-provider-youtube wp-block-embed-youtube wp-embed-aspect-4-3 wp-has-aspect-ratio\"><div class=\"wp-block-embed__wrapper\">\n<iframe title=\"El Extra\u00f1o del Pelo Largo\" width=\"500\" height=\"375\" src=\"https:\/\/www.youtube.com\/embed\/HopCl_p95qc?feature=oembed\" frameborder=\"0\" allow=\"accelerometer; autoplay; clipboard-write; encrypted-media; gyroscope; picture-in-picture; web-share\" referrerpolicy=\"strict-origin-when-cross-origin\" allowfullscreen><\/iframe>\n<\/div><\/figure>\n\n\n\n<p><\/p>\n\n\n\n<p>La banda continu\u00f3 present\u00e1ndose hasta 1978, cuando Narvaja amenazado durante la Dictadura gobernante emigra a Espa\u00f1a, donde inicia su carrera solista con \u00e9xito, creando canciones muy recordadas como \u201cYo quer\u00eda ser mayor\u201d, \u201cMenta y lim\u00f3n\u201d y \u201cAl natural\u201d.<\/p>\n\n\n\n<p><\/p>\n\n\n\n<figure class=\"wp-block-image size-full\"><img data-recalc-dims=\"1\" decoding=\"async\" width=\"1000\" height=\"1000\" src=\"https:\/\/i0.wp.com\/elregionalvm.com.ar\/noticias-villa-maria\/wp-content\/uploads\/2023\/12\/Pelo-largo-joven-guardia.jpg?resize=1000%2C1000&#038;ssl=1\" alt=\"\" class=\"wp-image-86660\" srcset=\"https:\/\/i0.wp.com\/elregionalvm.com.ar\/noticias-villa-maria\/wp-content\/uploads\/2023\/12\/Pelo-largo-joven-guardia.jpg?w=1000&amp;ssl=1 1000w, https:\/\/i0.wp.com\/elregionalvm.com.ar\/noticias-villa-maria\/wp-content\/uploads\/2023\/12\/Pelo-largo-joven-guardia.jpg?resize=300%2C300&amp;ssl=1 300w, https:\/\/i0.wp.com\/elregionalvm.com.ar\/noticias-villa-maria\/wp-content\/uploads\/2023\/12\/Pelo-largo-joven-guardia.jpg?resize=768%2C768&amp;ssl=1 768w\" sizes=\"(max-width: 1000px) 100vw, 1000px\" \/><\/figure>\n\n\n\n<p><\/p>\n\n\n\n<p>Aunque Lezica hab\u00eda muerto en 1980, en 2015 hubo un reencuentro de \u201cLa Joven Guardia\u201d en Miam, con Pando y Narvaja, ausente Masllorens, particip\u00f3 Adriano Perticone.<\/p>\n\n\n\n<p><strong>El Extra\u00f1o de Pelo Largo<\/strong><\/p>\n\n\n\n<p>Para destacar existen dos versiones reconocidas ampliamente de esta canci\u00f3n, en 1983 \u201cLos Violadores\u201d la presentaron en su primer disco, hacia final del tema el esp\u00edritu punk rock de la formaci\u00f3n explota con un \u201csos un blando, hippie, patchouli, sucio\u201d.<\/p>\n\n\n\n<p><\/p>\n\n\n\n<figure class=\"wp-block-embed is-type-video is-provider-youtube wp-block-embed-youtube wp-embed-aspect-4-3 wp-has-aspect-ratio\"><div class=\"wp-block-embed__wrapper\">\n<iframe title=\"Los Enanitos Verdes - El Extra\u00f1o del Pelo Largo (Official Video)\" width=\"500\" height=\"375\" src=\"https:\/\/www.youtube.com\/embed\/r3KqxOab9zE?feature=oembed\" frameborder=\"0\" allow=\"accelerometer; autoplay; clipboard-write; encrypted-media; gyroscope; picture-in-picture; web-share\" referrerpolicy=\"strict-origin-when-cross-origin\" allowfullscreen><\/iframe>\n<\/div><\/figure>\n\n\n\n<p><\/p>\n\n\n\n<p>Cuatro a\u00f1os despu\u00e9s \u201cLos Enanitos Verdes\u201d la present\u00f3 en \u201cHabitaciones Extra\u00f1as\u201d convirti\u00e9ndola en uno de sus grandes \u00e9xitos. El \u00e9xito inicial finalizando los 60 llev\u00f3 a filmar la pel\u00edcula musical \u201cEl extra\u00f1o de pelo largo\u201d protagonizada por Lito Nebbia en 1970.<\/p>\n\n\n\n<p>En 2018 la canci\u00f3n principal del filme \u201cEl \u00c1ngel\u201d de Luis Ortega fue precisamente \u201cEl extra\u00f1o de pelo largo\u201d.<\/p>\n\n\n\n<p><\/p>\n\n\n\n<p><strong>\u201cEl Extra\u00f1o de Pelo Largo\u201d (La Joven Guardia)<\/strong><\/p>\n\n\n\n<p><\/p>\n\n\n\n<p>Vagando por las calles<br>Mirando la gente pasar (la gente pasar)<br>El extra\u00f1o del pelo largo<br>Sin preocupaciones va<\/p>\n\n\n\n<p>Hay fuego en su mirada<br>Y un poco de insatisfacci\u00f3n (de insatisfacci\u00f3n)<br>Por esa mujer que siempre quiso<br>Y nunca pudo amar<br>Jam\u00e1s, jam\u00e1s<\/p>\n\n\n\n<p>In\u00fatil es que trates de entender<br>O interpretar quiz\u00e1s sus actos (interpretar quiz\u00e1s sus actos)<br>El es un rey extra\u00f1o<br>Un rey del pelo largo<\/p>\n\n\n\n<p>Hay fuego en su mirada<br>Y un poco de insatisfacci\u00f3n (insatisfacci\u00f3n)<br>Por esa mujer que siempre quiso<br>Y nunca pudo amar<br>Jam\u00e1s, jam\u00e1s<\/p>\n\n\n\n<p>In\u00fatil es que trates de entender<br>O interpretar quiz\u00e1s sus actos (interpretar quiz\u00e1s sus actos)<br>El es un rey extra\u00f1o<br>Un rey del pelo largo<\/p>\n\n\n\n<p>Vagando por las calles<br>Mirando la gente pasar (la gente pasar)<br>El extra\u00f1o del pelo largo<br>El extra\u00f1o del pelo largo (eh-eh)<\/p>\n\n\n\n<p>El extra\u00f1o del pelo largo<br>Sin preocupaciones va.<\/p>\n\n\n\n<p><\/p>\n\n\n\n<h3 class=\"wp-block-heading\"><strong>Tambi\u00e9n pod\u00e9s ver: <\/strong><\/h3>\n\n\n\n<p><\/p>\n\n\n\n<figure class=\"wp-block-embed is-type-wp-embed is-provider-el-regional wp-block-embed-el-regional\"><div class=\"wp-block-embed__wrapper\">\n<blockquote class=\"wp-embedded-content\" data-secret=\"gy6BsodltQ\"><a href=\"https:\/\/elregionalvm.com.ar\/noticias-villa-maria\/suena-rock-la-balsa-el-himno-de-tanguito-y-lito-nebbia-videos\/\">[Suena Rock] \u201cLa Balsa\u201d, el himno de Tanguito y Lito Nebbia (Videos)<\/a><\/blockquote><iframe class=\"wp-embedded-content\" sandbox=\"allow-scripts\" security=\"restricted\" style=\"position: absolute; clip: rect(1px, 1px, 1px, 1px);\" title=\"\u00ab[Suena Rock] \u201cLa Balsa\u201d, el himno de Tanguito y Lito Nebbia (Videos)\u00bb \u2014 El Regional\" src=\"https:\/\/elregionalvm.com.ar\/noticias-villa-maria\/suena-rock-la-balsa-el-himno-de-tanguito-y-lito-nebbia-videos\/embed\/#?secret=uFBbiVnPaK#?secret=gy6BsodltQ\" data-secret=\"gy6BsodltQ\" width=\"500\" height=\"282\" frameborder=\"0\" marginwidth=\"0\" marginheight=\"0\" scrolling=\"no\"><\/iframe>\n<\/div><\/figure>\n","protected":false},"excerpt":{"rendered":"<p>\u201cVagando por las calles mirando la gente pasar\u201d Escribe: Leo Mu\u00f1oz Luego de la Segunda Guerra Mundial crecieron a ritmo agigantado los llamados movimientos juveniles, como los \u201cTeddy Boys\u201d de los 50, o en la d\u00e9cada del 60 los \u201cMods\u201d, los \u201cRockers\u201d y los \u201cHippies\u201d. Experimentaron maneras que entend\u00edan m\u00e1s libres y aut\u00e9nticas de vivir, [&hellip;]<\/p>\n","protected":false},"author":4,"featured_media":86661,"comment_status":"open","ping_status":"open","sticky":false,"template":"","format":"standard","meta":{"site-sidebar-layout":"default","site-content-layout":"","ast-site-content-layout":"default","site-content-style":"default","site-sidebar-style":"default","ast-global-header-display":"","ast-banner-title-visibility":"","ast-main-header-display":"","ast-hfb-above-header-display":"","ast-hfb-below-header-display":"","ast-hfb-mobile-header-display":"","site-post-title":"","ast-breadcrumbs-content":"","ast-featured-img":"","footer-sml-layout":"","ast-disable-related-posts":"","theme-transparent-header-meta":"","adv-header-id-meta":"","stick-header-meta":"","header-above-stick-meta":"","header-main-stick-meta":"","header-below-stick-meta":"","astra-migrate-meta-layouts":"set","ast-page-background-enabled":"default","ast-page-background-meta":{"desktop":{"background-color":"","background-image":"","background-repeat":"repeat","background-position":"center center","background-size":"auto","background-attachment":"scroll","background-type":"","background-media":"","overlay-type":"","overlay-color":"","overlay-opacity":"","overlay-gradient":""},"tablet":{"background-color":"","background-image":"","background-repeat":"repeat","background-position":"center center","background-size":"auto","background-attachment":"scroll","background-type":"","background-media":"","overlay-type":"","overlay-color":"","overlay-opacity":"","overlay-gradient":""},"mobile":{"background-color":"","background-image":"","background-repeat":"repeat","background-position":"center center","background-size":"auto","background-attachment":"scroll","background-type":"","background-media":"","overlay-type":"","overlay-color":"","overlay-opacity":"","overlay-gradient":""}},"ast-content-background-meta":{"desktop":{"background-color":"var(--ast-global-color-5)","background-image":"","background-repeat":"repeat","background-position":"center center","background-size":"auto","background-attachment":"scroll","background-type":"","background-media":"","overlay-type":"","overlay-color":"","overlay-opacity":"","overlay-gradient":""},"tablet":{"background-color":"var(--ast-global-color-5)","background-image":"","background-repeat":"repeat","background-position":"center center","background-size":"auto","background-attachment":"scroll","background-type":"","background-media":"","overlay-type":"","overlay-color":"","overlay-opacity":"","overlay-gradient":""},"mobile":{"background-color":"var(--ast-global-color-5)","background-image":"","background-repeat":"repeat","background-position":"center center","background-size":"auto","background-attachment":"scroll","background-type":"","background-media":"","overlay-type":"","overlay-color":"","overlay-opacity":"","overlay-gradient":""}},"_jetpack_memberships_contains_paid_content":false,"_joinchat":[],"footnotes":""},"categories":[2098,3557,2074],"tags":[7353,23221,23224,23223,1663,6676,14993,23222,14448],"class_list":["post-86657","post","type-post","status-publish","format-standard","has-post-thumbnail","hentry","category-historias","category-tercera","category-videos","tag-anos-60","tag-el-extrano-de-pelo-largo","tag-hippie","tag-la-joven-guardia","tag-musica","tag-rebeldia","tag-rock-nacional","tag-roque-narvaja","tag-suena-rock"],"yoast_head":"<!-- This site is optimized with the Yoast SEO plugin v26.8 - https:\/\/yoast.com\/product\/yoast-seo-wordpress\/ -->\n<title>[Suena Rock] El Extra\u00f1o de Pelo Largo y la rebeld\u00eda de los 60 - El Regional<\/title>\n<meta name=\"robots\" content=\"index, follow, max-snippet:-1, max-image-preview:large, max-video-preview:-1\" \/>\n<link rel=\"canonical\" href=\"https:\/\/elregionalvm.com.ar\/noticias-villa-maria\/suena-rock-el-extrano-de-pelo-largo-y-la-rebeldia-de-los-60\/\" \/>\n<meta property=\"og:locale\" content=\"es_ES\" \/>\n<meta property=\"og:type\" content=\"article\" \/>\n<meta property=\"og:title\" content=\"[Suena Rock] El Extra\u00f1o de Pelo Largo y la rebeld\u00eda de los 60 - El Regional\" \/>\n<meta property=\"og:description\" content=\"\u201cVagando por las calles mirando la gente pasar\u201d Escribe: Leo Mu\u00f1oz Luego de la Segunda Guerra Mundial crecieron a ritmo agigantado los llamados movimientos juveniles, como los \u201cTeddy Boys\u201d de los 50, o en la d\u00e9cada del 60 los \u201cMods\u201d, los \u201cRockers\u201d y los \u201cHippies\u201d. Experimentaron maneras que entend\u00edan m\u00e1s libres y aut\u00e9nticas de vivir, [&hellip;]\" \/>\n<meta property=\"og:url\" content=\"https:\/\/elregionalvm.com.ar\/noticias-villa-maria\/suena-rock-el-extrano-de-pelo-largo-y-la-rebeldia-de-los-60\/\" \/>\n<meta property=\"og:site_name\" content=\"El Regional\" \/>\n<meta property=\"article:publisher\" content=\"https:\/\/www.facebook.com\/elregionalvm\" \/>\n<meta property=\"article:published_time\" content=\"2023-12-03T02:27:21+00:00\" \/>\n<meta property=\"article:modified_time\" content=\"2023-12-06T02:35:18+00:00\" \/>\n<meta property=\"og:image\" content=\"https:\/\/elregionalvm.com.ar\/noticias-villa-maria\/wp-content\/uploads\/2023\/12\/roque-navaja-.jpg\" \/>\n\t<meta property=\"og:image:width\" content=\"1200\" \/>\n\t<meta property=\"og:image:height\" content=\"650\" \/>\n\t<meta property=\"og:image:type\" content=\"image\/jpeg\" \/>\n<meta name=\"author\" content=\"Contenidos El Regional\" \/>\n<meta name=\"twitter:card\" content=\"summary_large_image\" \/>\n<meta name=\"twitter:creator\" content=\"@elregionalvm1\" \/>\n<meta name=\"twitter:site\" content=\"@elregionalvm1\" \/>\n<meta name=\"twitter:label1\" content=\"Escrito por\" \/>\n\t<meta name=\"twitter:data1\" content=\"Contenidos El Regional\" \/>\n\t<meta name=\"twitter:label2\" content=\"Tiempo de lectura\" \/>\n\t<meta name=\"twitter:data2\" content=\"3 minutos\" \/>\n<script type=\"application\/ld+json\" class=\"yoast-schema-graph\">{\"@context\":\"https:\/\/schema.org\",\"@graph\":[{\"@type\":\"Article\",\"@id\":\"https:\/\/elregionalvm.com.ar\/noticias-villa-maria\/suena-rock-el-extrano-de-pelo-largo-y-la-rebeldia-de-los-60\/#article\",\"isPartOf\":{\"@id\":\"https:\/\/elregionalvm.com.ar\/noticias-villa-maria\/suena-rock-el-extrano-de-pelo-largo-y-la-rebeldia-de-los-60\/\"},\"author\":{\"name\":\"Contenidos El Regional\",\"@id\":\"http:\/\/elregionalvm.com.ar\/noticias-villa-maria\/#\/schema\/person\/a0fb9c422317faca23d50163151bc354\"},\"headline\":\"[Suena Rock] El Extra\u00f1o de Pelo Largo y la rebeld\u00eda de los 60\",\"datePublished\":\"2023-12-03T02:27:21+00:00\",\"dateModified\":\"2023-12-06T02:35:18+00:00\",\"mainEntityOfPage\":{\"@id\":\"https:\/\/elregionalvm.com.ar\/noticias-villa-maria\/suena-rock-el-extrano-de-pelo-largo-y-la-rebeldia-de-los-60\/\"},\"wordCount\":601,\"commentCount\":0,\"image\":{\"@id\":\"https:\/\/elregionalvm.com.ar\/noticias-villa-maria\/suena-rock-el-extrano-de-pelo-largo-y-la-rebeldia-de-los-60\/#primaryimage\"},\"thumbnailUrl\":\"https:\/\/i0.wp.com\/elregionalvm.com.ar\/noticias-villa-maria\/wp-content\/uploads\/2023\/12\/roque-navaja-.jpg?fit=1200%2C650&ssl=1\",\"keywords\":[\"A\u00f1os 60\",\"El extra\u00f1o de pelo largo\",\"hippie\",\"La Joven Guardia\",\"M\u00fasica\",\"Rebeld\u00eda\",\"Rock Nacional\",\"Roque Narvaja\",\"Suena Rock\"],\"articleSection\":[\"Historias\",\"tercera\",\"Videos\"],\"inLanguage\":\"es\",\"potentialAction\":[{\"@type\":\"CommentAction\",\"name\":\"Comment\",\"target\":[\"https:\/\/elregionalvm.com.ar\/noticias-villa-maria\/suena-rock-el-extrano-de-pelo-largo-y-la-rebeldia-de-los-60\/#respond\"]}]},{\"@type\":\"WebPage\",\"@id\":\"https:\/\/elregionalvm.com.ar\/noticias-villa-maria\/suena-rock-el-extrano-de-pelo-largo-y-la-rebeldia-de-los-60\/\",\"url\":\"https:\/\/elregionalvm.com.ar\/noticias-villa-maria\/suena-rock-el-extrano-de-pelo-largo-y-la-rebeldia-de-los-60\/\",\"name\":\"[Suena Rock] El Extra\u00f1o de Pelo Largo y la rebeld\u00eda de los 60 - El Regional\",\"isPartOf\":{\"@id\":\"http:\/\/elregionalvm.com.ar\/noticias-villa-maria\/#website\"},\"primaryImageOfPage\":{\"@id\":\"https:\/\/elregionalvm.com.ar\/noticias-villa-maria\/suena-rock-el-extrano-de-pelo-largo-y-la-rebeldia-de-los-60\/#primaryimage\"},\"image\":{\"@id\":\"https:\/\/elregionalvm.com.ar\/noticias-villa-maria\/suena-rock-el-extrano-de-pelo-largo-y-la-rebeldia-de-los-60\/#primaryimage\"},\"thumbnailUrl\":\"https:\/\/i0.wp.com\/elregionalvm.com.ar\/noticias-villa-maria\/wp-content\/uploads\/2023\/12\/roque-navaja-.jpg?fit=1200%2C650&ssl=1\",\"datePublished\":\"2023-12-03T02:27:21+00:00\",\"dateModified\":\"2023-12-06T02:35:18+00:00\",\"author\":{\"@id\":\"http:\/\/elregionalvm.com.ar\/noticias-villa-maria\/#\/schema\/person\/a0fb9c422317faca23d50163151bc354\"},\"breadcrumb\":{\"@id\":\"https:\/\/elregionalvm.com.ar\/noticias-villa-maria\/suena-rock-el-extrano-de-pelo-largo-y-la-rebeldia-de-los-60\/#breadcrumb\"},\"inLanguage\":\"es\",\"potentialAction\":[{\"@type\":\"ReadAction\",\"target\":[\"https:\/\/elregionalvm.com.ar\/noticias-villa-maria\/suena-rock-el-extrano-de-pelo-largo-y-la-rebeldia-de-los-60\/\"]}]},{\"@type\":\"ImageObject\",\"inLanguage\":\"es\",\"@id\":\"https:\/\/elregionalvm.com.ar\/noticias-villa-maria\/suena-rock-el-extrano-de-pelo-largo-y-la-rebeldia-de-los-60\/#primaryimage\",\"url\":\"https:\/\/i0.wp.com\/elregionalvm.com.ar\/noticias-villa-maria\/wp-content\/uploads\/2023\/12\/roque-navaja-.jpg?fit=1200%2C650&ssl=1\",\"contentUrl\":\"https:\/\/i0.wp.com\/elregionalvm.com.ar\/noticias-villa-maria\/wp-content\/uploads\/2023\/12\/roque-navaja-.jpg?fit=1200%2C650&ssl=1\",\"width\":1200,\"height\":650},{\"@type\":\"BreadcrumbList\",\"@id\":\"https:\/\/elregionalvm.com.ar\/noticias-villa-maria\/suena-rock-el-extrano-de-pelo-largo-y-la-rebeldia-de-los-60\/#breadcrumb\",\"itemListElement\":[{\"@type\":\"ListItem\",\"position\":1,\"name\":\"Portada\",\"item\":\"https:\/\/elregionalvm.com.ar\/noticias-villa-maria\/\"},{\"@type\":\"ListItem\",\"position\":2,\"name\":\"[Suena Rock] El Extra\u00f1o de Pelo Largo y la rebeld\u00eda de los 60\"}]},{\"@type\":\"WebSite\",\"@id\":\"http:\/\/elregionalvm.com.ar\/noticias-villa-maria\/#website\",\"url\":\"http:\/\/elregionalvm.com.ar\/noticias-villa-maria\/\",\"name\":\"El Regional\",\"description\":\"Mucho m\u00e1s que informaci\u00f3n\",\"potentialAction\":[{\"@type\":\"SearchAction\",\"target\":{\"@type\":\"EntryPoint\",\"urlTemplate\":\"http:\/\/elregionalvm.com.ar\/noticias-villa-maria\/?s={search_term_string}\"},\"query-input\":{\"@type\":\"PropertyValueSpecification\",\"valueRequired\":true,\"valueName\":\"search_term_string\"}}],\"inLanguage\":\"es\"},{\"@type\":\"Person\",\"@id\":\"http:\/\/elregionalvm.com.ar\/noticias-villa-maria\/#\/schema\/person\/a0fb9c422317faca23d50163151bc354\",\"name\":\"Contenidos El Regional\",\"image\":{\"@type\":\"ImageObject\",\"inLanguage\":\"es\",\"@id\":\"http:\/\/elregionalvm.com.ar\/noticias-villa-maria\/#\/schema\/person\/image\/\",\"url\":\"https:\/\/secure.gravatar.com\/avatar\/265b27cb2209af7bb3a1318f03305787d7981a5cc6e6cd08fe5a4ecdf99d4b48?s=96&d=mm&r=g\",\"contentUrl\":\"https:\/\/secure.gravatar.com\/avatar\/265b27cb2209af7bb3a1318f03305787d7981a5cc6e6cd08fe5a4ecdf99d4b48?s=96&d=mm&r=g\",\"caption\":\"Contenidos El Regional\"},\"url\":\"https:\/\/elregionalvm.com.ar\/noticias-villa-maria\/author\/contenido\/\"}]}<\/script>\n<!-- \/ Yoast SEO plugin. -->","yoast_head_json":{"title":"[Suena Rock] El Extra\u00f1o de Pelo Largo y la rebeld\u00eda de los 60 - El Regional","robots":{"index":"index","follow":"follow","max-snippet":"max-snippet:-1","max-image-preview":"max-image-preview:large","max-video-preview":"max-video-preview:-1"},"canonical":"https:\/\/elregionalvm.com.ar\/noticias-villa-maria\/suena-rock-el-extrano-de-pelo-largo-y-la-rebeldia-de-los-60\/","og_locale":"es_ES","og_type":"article","og_title":"[Suena Rock] El Extra\u00f1o de Pelo Largo y la rebeld\u00eda de los 60 - El Regional","og_description":"\u201cVagando por las calles mirando la gente pasar\u201d Escribe: Leo Mu\u00f1oz Luego de la Segunda Guerra Mundial crecieron a ritmo agigantado los llamados movimientos juveniles, como los \u201cTeddy Boys\u201d de los 50, o en la d\u00e9cada del 60 los \u201cMods\u201d, los \u201cRockers\u201d y los \u201cHippies\u201d. Experimentaron maneras que entend\u00edan m\u00e1s libres y aut\u00e9nticas de vivir, [&hellip;]","og_url":"https:\/\/elregionalvm.com.ar\/noticias-villa-maria\/suena-rock-el-extrano-de-pelo-largo-y-la-rebeldia-de-los-60\/","og_site_name":"El Regional","article_publisher":"https:\/\/www.facebook.com\/elregionalvm","article_published_time":"2023-12-03T02:27:21+00:00","article_modified_time":"2023-12-06T02:35:18+00:00","og_image":[{"width":1200,"height":650,"url":"https:\/\/elregionalvm.com.ar\/noticias-villa-maria\/wp-content\/uploads\/2023\/12\/roque-navaja-.jpg","type":"image\/jpeg"}],"author":"Contenidos El Regional","twitter_card":"summary_large_image","twitter_creator":"@elregionalvm1","twitter_site":"@elregionalvm1","twitter_misc":{"Escrito por":"Contenidos El Regional","Tiempo de lectura":"3 minutos"},"schema":{"@context":"https:\/\/schema.org","@graph":[{"@type":"Article","@id":"https:\/\/elregionalvm.com.ar\/noticias-villa-maria\/suena-rock-el-extrano-de-pelo-largo-y-la-rebeldia-de-los-60\/#article","isPartOf":{"@id":"https:\/\/elregionalvm.com.ar\/noticias-villa-maria\/suena-rock-el-extrano-de-pelo-largo-y-la-rebeldia-de-los-60\/"},"author":{"name":"Contenidos El Regional","@id":"http:\/\/elregionalvm.com.ar\/noticias-villa-maria\/#\/schema\/person\/a0fb9c422317faca23d50163151bc354"},"headline":"[Suena Rock] El Extra\u00f1o de Pelo Largo y la rebeld\u00eda de los 60","datePublished":"2023-12-03T02:27:21+00:00","dateModified":"2023-12-06T02:35:18+00:00","mainEntityOfPage":{"@id":"https:\/\/elregionalvm.com.ar\/noticias-villa-maria\/suena-rock-el-extrano-de-pelo-largo-y-la-rebeldia-de-los-60\/"},"wordCount":601,"commentCount":0,"image":{"@id":"https:\/\/elregionalvm.com.ar\/noticias-villa-maria\/suena-rock-el-extrano-de-pelo-largo-y-la-rebeldia-de-los-60\/#primaryimage"},"thumbnailUrl":"https:\/\/i0.wp.com\/elregionalvm.com.ar\/noticias-villa-maria\/wp-content\/uploads\/2023\/12\/roque-navaja-.jpg?fit=1200%2C650&ssl=1","keywords":["A\u00f1os 60","El extra\u00f1o de pelo largo","hippie","La Joven Guardia","M\u00fasica","Rebeld\u00eda","Rock Nacional","Roque Narvaja","Suena Rock"],"articleSection":["Historias","tercera","Videos"],"inLanguage":"es","potentialAction":[{"@type":"CommentAction","name":"Comment","target":["https:\/\/elregionalvm.com.ar\/noticias-villa-maria\/suena-rock-el-extrano-de-pelo-largo-y-la-rebeldia-de-los-60\/#respond"]}]},{"@type":"WebPage","@id":"https:\/\/elregionalvm.com.ar\/noticias-villa-maria\/suena-rock-el-extrano-de-pelo-largo-y-la-rebeldia-de-los-60\/","url":"https:\/\/elregionalvm.com.ar\/noticias-villa-maria\/suena-rock-el-extrano-de-pelo-largo-y-la-rebeldia-de-los-60\/","name":"[Suena Rock] El Extra\u00f1o de Pelo Largo y la rebeld\u00eda de los 60 - El Regional","isPartOf":{"@id":"http:\/\/elregionalvm.com.ar\/noticias-villa-maria\/#website"},"primaryImageOfPage":{"@id":"https:\/\/elregionalvm.com.ar\/noticias-villa-maria\/suena-rock-el-extrano-de-pelo-largo-y-la-rebeldia-de-los-60\/#primaryimage"},"image":{"@id":"https:\/\/elregionalvm.com.ar\/noticias-villa-maria\/suena-rock-el-extrano-de-pelo-largo-y-la-rebeldia-de-los-60\/#primaryimage"},"thumbnailUrl":"https:\/\/i0.wp.com\/elregionalvm.com.ar\/noticias-villa-maria\/wp-content\/uploads\/2023\/12\/roque-navaja-.jpg?fit=1200%2C650&ssl=1","datePublished":"2023-12-03T02:27:21+00:00","dateModified":"2023-12-06T02:35:18+00:00","author":{"@id":"http:\/\/elregionalvm.com.ar\/noticias-villa-maria\/#\/schema\/person\/a0fb9c422317faca23d50163151bc354"},"breadcrumb":{"@id":"https:\/\/elregionalvm.com.ar\/noticias-villa-maria\/suena-rock-el-extrano-de-pelo-largo-y-la-rebeldia-de-los-60\/#breadcrumb"},"inLanguage":"es","potentialAction":[{"@type":"ReadAction","target":["https:\/\/elregionalvm.com.ar\/noticias-villa-maria\/suena-rock-el-extrano-de-pelo-largo-y-la-rebeldia-de-los-60\/"]}]},{"@type":"ImageObject","inLanguage":"es","@id":"https:\/\/elregionalvm.com.ar\/noticias-villa-maria\/suena-rock-el-extrano-de-pelo-largo-y-la-rebeldia-de-los-60\/#primaryimage","url":"https:\/\/i0.wp.com\/elregionalvm.com.ar\/noticias-villa-maria\/wp-content\/uploads\/2023\/12\/roque-navaja-.jpg?fit=1200%2C650&ssl=1","contentUrl":"https:\/\/i0.wp.com\/elregionalvm.com.ar\/noticias-villa-maria\/wp-content\/uploads\/2023\/12\/roque-navaja-.jpg?fit=1200%2C650&ssl=1","width":1200,"height":650},{"@type":"BreadcrumbList","@id":"https:\/\/elregionalvm.com.ar\/noticias-villa-maria\/suena-rock-el-extrano-de-pelo-largo-y-la-rebeldia-de-los-60\/#breadcrumb","itemListElement":[{"@type":"ListItem","position":1,"name":"Portada","item":"https:\/\/elregionalvm.com.ar\/noticias-villa-maria\/"},{"@type":"ListItem","position":2,"name":"[Suena Rock] El Extra\u00f1o de Pelo Largo y la rebeld\u00eda de los 60"}]},{"@type":"WebSite","@id":"http:\/\/elregionalvm.com.ar\/noticias-villa-maria\/#website","url":"http:\/\/elregionalvm.com.ar\/noticias-villa-maria\/","name":"El Regional","description":"Mucho m\u00e1s que informaci\u00f3n","potentialAction":[{"@type":"SearchAction","target":{"@type":"EntryPoint","urlTemplate":"http:\/\/elregionalvm.com.ar\/noticias-villa-maria\/?s={search_term_string}"},"query-input":{"@type":"PropertyValueSpecification","valueRequired":true,"valueName":"search_term_string"}}],"inLanguage":"es"},{"@type":"Person","@id":"http:\/\/elregionalvm.com.ar\/noticias-villa-maria\/#\/schema\/person\/a0fb9c422317faca23d50163151bc354","name":"Contenidos El Regional","image":{"@type":"ImageObject","inLanguage":"es","@id":"http:\/\/elregionalvm.com.ar\/noticias-villa-maria\/#\/schema\/person\/image\/","url":"https:\/\/secure.gravatar.com\/avatar\/265b27cb2209af7bb3a1318f03305787d7981a5cc6e6cd08fe5a4ecdf99d4b48?s=96&d=mm&r=g","contentUrl":"https:\/\/secure.gravatar.com\/avatar\/265b27cb2209af7bb3a1318f03305787d7981a5cc6e6cd08fe5a4ecdf99d4b48?s=96&d=mm&r=g","caption":"Contenidos El Regional"},"url":"https:\/\/elregionalvm.com.ar\/noticias-villa-maria\/author\/contenido\/"}]}},"jetpack_featured_media_url":"https:\/\/i0.wp.com\/elregionalvm.com.ar\/noticias-villa-maria\/wp-content\/uploads\/2023\/12\/roque-navaja-.jpg?fit=1200%2C650&ssl=1","jetpack_sharing_enabled":true,"_links":{"self":[{"href":"https:\/\/elregionalvm.com.ar\/noticias-villa-maria\/wp-json\/wp\/v2\/posts\/86657","targetHints":{"allow":["GET"]}}],"collection":[{"href":"https:\/\/elregionalvm.com.ar\/noticias-villa-maria\/wp-json\/wp\/v2\/posts"}],"about":[{"href":"https:\/\/elregionalvm.com.ar\/noticias-villa-maria\/wp-json\/wp\/v2\/types\/post"}],"author":[{"embeddable":true,"href":"https:\/\/elregionalvm.com.ar\/noticias-villa-maria\/wp-json\/wp\/v2\/users\/4"}],"replies":[{"embeddable":true,"href":"https:\/\/elregionalvm.com.ar\/noticias-villa-maria\/wp-json\/wp\/v2\/comments?post=86657"}],"version-history":[{"count":3,"href":"https:\/\/elregionalvm.com.ar\/noticias-villa-maria\/wp-json\/wp\/v2\/posts\/86657\/revisions"}],"predecessor-version":[{"id":86664,"href":"https:\/\/elregionalvm.com.ar\/noticias-villa-maria\/wp-json\/wp\/v2\/posts\/86657\/revisions\/86664"}],"wp:featuredmedia":[{"embeddable":true,"href":"https:\/\/elregionalvm.com.ar\/noticias-villa-maria\/wp-json\/wp\/v2\/media\/86661"}],"wp:attachment":[{"href":"https:\/\/elregionalvm.com.ar\/noticias-villa-maria\/wp-json\/wp\/v2\/media?parent=86657"}],"wp:term":[{"taxonomy":"category","embeddable":true,"href":"https:\/\/elregionalvm.com.ar\/noticias-villa-maria\/wp-json\/wp\/v2\/categories?post=86657"},{"taxonomy":"post_tag","embeddable":true,"href":"https:\/\/elregionalvm.com.ar\/noticias-villa-maria\/wp-json\/wp\/v2\/tags?post=86657"}],"curies":[{"name":"wp","href":"https:\/\/api.w.org\/{rel}","templated":true}]}}