{"id":86665,"date":"2023-12-03T02:47:11","date_gmt":"2023-12-03T02:47:11","guid":{"rendered":"https:\/\/elregionalvm.com.ar\/noticias-villa-maria\/?p=86665"},"modified":"2023-12-05T03:01:08","modified_gmt":"2023-12-05T03:01:08","slug":"secretos-de-los-quesos-round-19-una-deliciosa-competencia-navidena-quesos-rellenos","status":"publish","type":"post","link":"https:\/\/elregionalvm.com.ar\/noticias-villa-maria\/secretos-de-los-quesos-round-19-una-deliciosa-competencia-navidena-quesos-rellenos\/","title":{"rendered":"[Secretos de los quesos] Round 19: Una deliciosa competencia navide\u00f1a, quesos rellenos"},"content":{"rendered":"\n<p><\/p>\n\n\n\n<h3 class=\"wp-block-heading\"><strong>En Pilo\u00f1a (concejo en la zona oriental de la comunidad aut\u00f3noma del Principado de Asturias en Espa\u00f1a), la peque\u00f1a queser\u00eda artesanal Ca Llechi ha elaborado, en colaboraci\u00f3n con el cocinero Lluis Nel Estrada, dos productos de temporada para las fiestas navide\u00f1as. Se trata de dos quesos bien diferentes entre s\u00ed, pero que guardan algunos parecidos.<\/strong><\/h3>\n\n\n\n<p><\/p>\n\n\n\n<p>Ambos quesos est\u00e1n elaborados con leche de vaca de la zona, pero su propuesta es bien diferente. El &#8216;Gorollu de Navid\u00e1&#8217; es un queso fresco con relleno de avellanas y miel de sabor contundente.<\/p>\n\n\n\n<p>Este queso es una de las fases iniciales del queso cas\u00edn. Se estira con un rodillo y se aprovecha para introducir el relleno, en este caso, una mezcla de avellanas tostadas y miel cristalizada.<\/p>\n\n\n\n<p><\/p>\n\n\n\n<figure class=\"wp-block-image size-full is-resized\"><img data-recalc-dims=\"1\" fetchpriority=\"high\" decoding=\"async\" width=\"640\" height=\"426\" src=\"https:\/\/i0.wp.com\/elregionalvm.com.ar\/noticias-villa-maria\/wp-content\/uploads\/2023\/12\/WhatsApp-Image-2023-12-02-at-15.54.03.jpeg?resize=640%2C426&#038;ssl=1\" alt=\"\" class=\"wp-image-86667\" style=\"width:910px;height:auto\" srcset=\"https:\/\/i0.wp.com\/elregionalvm.com.ar\/noticias-villa-maria\/wp-content\/uploads\/2023\/12\/WhatsApp-Image-2023-12-02-at-15.54.03.jpeg?w=640&amp;ssl=1 640w, https:\/\/i0.wp.com\/elregionalvm.com.ar\/noticias-villa-maria\/wp-content\/uploads\/2023\/12\/WhatsApp-Image-2023-12-02-at-15.54.03.jpeg?resize=300%2C200&amp;ssl=1 300w\" sizes=\"(max-width: 640px) 100vw, 640px\" \/><\/figure>\n\n\n\n<p><\/p>\n\n\n\n<p>Posteriormente se le da forma y se deja reposar unos d\u00edas para hasta su punto \u00f3ptimo de degustaci\u00f3n. El proceso es completamente artesanal.<\/p>\n\n\n\n<p>Y el &#8216;Quesu Navide\u00f1u&#8217; es de pasta prensada, de leche de vaca macerado en sidra, relleno de frutos navide\u00f1os (orejones, d\u00e1tiles y ciruelas) y afinado con harina tostada de casta\u00f1as.<\/p>\n\n\n\n<p><\/p>\n\n\n\n<figure class=\"wp-block-image size-full is-resized\"><img data-recalc-dims=\"1\" decoding=\"async\" width=\"640\" height=\"426\" src=\"https:\/\/i0.wp.com\/elregionalvm.com.ar\/noticias-villa-maria\/wp-content\/uploads\/2023\/12\/WhatsApp-Image-2023-12-02-at-15.53.51.jpeg?resize=640%2C426&#038;ssl=1\" alt=\"\" class=\"wp-image-86669\" style=\"width:910px;height:auto\" srcset=\"https:\/\/i0.wp.com\/elregionalvm.com.ar\/noticias-villa-maria\/wp-content\/uploads\/2023\/12\/WhatsApp-Image-2023-12-02-at-15.53.51.jpeg?w=640&amp;ssl=1 640w, https:\/\/i0.wp.com\/elregionalvm.com.ar\/noticias-villa-maria\/wp-content\/uploads\/2023\/12\/WhatsApp-Image-2023-12-02-at-15.53.51.jpeg?resize=300%2C200&amp;ssl=1 300w\" sizes=\"(max-width: 640px) 100vw, 640px\" \/><\/figure>\n\n\n\n<p><\/p>\n\n\n\n<p>Fascinante combinaci\u00f3n, mucho m\u00e1s \u00e1cido y consistente que el anterior y con una textura m\u00e1s pastosa. Pero el toque dulz\u00f3n de los frutos navide\u00f1os es perfecto.&nbsp;<\/p>\n\n\n\n<p>No hay muchos m\u00e1s ejemplos de quesos rellenos en Asturias, pero la principal novedad de su propuesta, aseguran, est\u00e1 en ofrecer un producto l\u00e1cteo de temporada.<\/p>\n\n\n\n<p><\/p>\n\n\n\n<h3 class=\"wp-block-heading\"><strong>Tambi\u00e9n pod\u00e9s ver: <\/strong><\/h3>\n\n\n\n<p><\/p>\n\n\n\n<figure class=\"wp-block-embed is-type-wp-embed is-provider-el-regional wp-block-embed-el-regional\"><div class=\"wp-block-embed__wrapper\">\n<blockquote class=\"wp-embedded-content\" data-secret=\"9vAg2lHy08\"><a href=\"https:\/\/elregionalvm.com.ar\/noticias-villa-maria\/los-secretos-de-los-quesos-round-18-la-pelea-en-familia-los-suizos-appenzeller\/\">[Los secretos de los quesos] Round 18: \u00a0La pelea en familia: Los suizos Appenzeller<\/a><\/blockquote><iframe class=\"wp-embedded-content\" sandbox=\"allow-scripts\" security=\"restricted\" style=\"position: absolute; clip: rect(1px, 1px, 1px, 1px);\" title=\"\u00ab[Los secretos de los quesos] Round 18: \u00a0La pelea en familia: Los suizos Appenzeller\u00bb \u2014 El Regional\" src=\"https:\/\/elregionalvm.com.ar\/noticias-villa-maria\/los-secretos-de-los-quesos-round-18-la-pelea-en-familia-los-suizos-appenzeller\/embed\/#?secret=GMMhZT2rzH#?secret=9vAg2lHy08\" data-secret=\"9vAg2lHy08\" width=\"500\" height=\"282\" frameborder=\"0\" marginwidth=\"0\" marginheight=\"0\" scrolling=\"no\"><\/iframe>\n<\/div><\/figure>\n\n\n\n<p><\/p>\n\n\n\n<p><strong>Recopilaci\u00f3n bibliogr\u00e1fica a cargo de Un Mundo De Alimentos (Allasia, M. C.; Forneris, M.; Gualtieri, F.; Allasia,H.; Bartolusi, G.). <\/strong><a href=\"http:\/\/www.unmundodealimentos.com.ar\"><strong>www.unmundodealimentos.com.ar<\/strong><\/a><\/p>\n\n\n\n<p><\/p>\n\n\n\n<p><strong>Fuente: &nbsp;<\/strong><a href=\"http:\/\/www.rtpa.es\/noticias-asturias\">www.rtpa.es\/noticias-asturias<\/a><\/p>\n\n\n\n<p><strong>Fotograf\u00edas:<\/strong> <a href=\"https:\/\/www.lesfartures.com\/2015\/12\/presentacion-quesos-navidenos-la.html\">www.lesfartures.com<\/a><\/p>\n","protected":false},"excerpt":{"rendered":"<p>En Pilo\u00f1a (concejo en la zona oriental de la comunidad aut\u00f3noma del Principado de Asturias en Espa\u00f1a), la peque\u00f1a queser\u00eda artesanal Ca Llechi ha elaborado, en colaboraci\u00f3n con el cocinero Lluis Nel Estrada, dos productos de temporada para las fiestas navide\u00f1as. Se trata de dos quesos bien diferentes entre s\u00ed, pero que guardan algunos parecidos. [&hellip;]<\/p>\n","protected":false},"author":4,"featured_media":86668,"comment_status":"open","ping_status":"open","sticky":false,"template":"","format":"standard","meta":{"site-sidebar-layout":"default","site-content-layout":"","ast-site-content-layout":"default","site-content-style":"default","site-sidebar-style":"default","ast-global-header-display":"","ast-banner-title-visibility":"","ast-main-header-display":"","ast-hfb-above-header-display":"","ast-hfb-below-header-display":"","ast-hfb-mobile-header-display":"","site-post-title":"","ast-breadcrumbs-content":"","ast-featured-img":"","footer-sml-layout":"","ast-disable-related-posts":"","theme-transparent-header-meta":"","adv-header-id-meta":"","stick-header-meta":"","header-above-stick-meta":"","header-main-stick-meta":"","header-below-stick-meta":"","astra-migrate-meta-layouts":"set","ast-page-background-enabled":"default","ast-page-background-meta":{"desktop":{"background-color":"","background-image":"","background-repeat":"repeat","background-position":"center center","background-size":"auto","background-attachment":"scroll","background-type":"","background-media":"","overlay-type":"","overlay-color":"","overlay-opacity":"","overlay-gradient":""},"tablet":{"background-color":"","background-image":"","background-repeat":"repeat","background-position":"center center","background-size":"auto","background-attachment":"scroll","background-type":"","background-media":"","overlay-type":"","overlay-color":"","overlay-opacity":"","overlay-gradient":""},"mobile":{"background-color":"","background-image":"","background-repeat":"repeat","background-position":"center center","background-size":"auto","background-attachment":"scroll","background-type":"","background-media":"","overlay-type":"","overlay-color":"","overlay-opacity":"","overlay-gradient":""}},"ast-content-background-meta":{"desktop":{"background-color":"var(--ast-global-color-5)","background-image":"","background-repeat":"repeat","background-position":"center center","background-size":"auto","background-attachment":"scroll","background-type":"","background-media":"","overlay-type":"","overlay-color":"","overlay-opacity":"","overlay-gradient":""},"tablet":{"background-color":"var(--ast-global-color-5)","background-image":"","background-repeat":"repeat","background-position":"center center","background-size":"auto","background-attachment":"scroll","background-type":"","background-media":"","overlay-type":"","overlay-color":"","overlay-opacity":"","overlay-gradient":""},"mobile":{"background-color":"var(--ast-global-color-5)","background-image":"","background-repeat":"repeat","background-position":"center center","background-size":"auto","background-attachment":"scroll","background-type":"","background-media":"","overlay-type":"","overlay-color":"","overlay-opacity":"","overlay-gradient":""}},"_jetpack_memberships_contains_paid_content":false,"_joinchat":[],"footnotes":""},"categories":[2675,3557],"tags":[23226,2361,6041,10562,8562,23225,1442,21596],"class_list":["post-86665","post","type-post","status-publish","format-standard","has-post-thumbnail","hentry","category-delicias","category-tercera","tag-avellanas","tag-espana","tag-navidad","tag-nueces","tag-quesos","tag-quesos-rellenos","tag-round","tag-secretos"],"yoast_head":"<!-- This site is optimized with the Yoast SEO plugin v26.8 - https:\/\/yoast.com\/product\/yoast-seo-wordpress\/ -->\n<title>[Secretos de los quesos] Round 19: Una deliciosa competencia navide\u00f1a, quesos rellenos - El Regional<\/title>\n<meta name=\"robots\" content=\"index, follow, max-snippet:-1, max-image-preview:large, max-video-preview:-1\" \/>\n<link rel=\"canonical\" href=\"https:\/\/elregionalvm.com.ar\/noticias-villa-maria\/secretos-de-los-quesos-round-19-una-deliciosa-competencia-navidena-quesos-rellenos\/\" \/>\n<meta property=\"og:locale\" content=\"es_ES\" \/>\n<meta property=\"og:type\" content=\"article\" \/>\n<meta property=\"og:title\" content=\"[Secretos de los quesos] Round 19: Una deliciosa competencia navide\u00f1a, quesos rellenos - El Regional\" \/>\n<meta property=\"og:description\" content=\"En Pilo\u00f1a (concejo en la zona oriental de la comunidad aut\u00f3noma del Principado de Asturias en Espa\u00f1a), la peque\u00f1a queser\u00eda artesanal Ca Llechi ha elaborado, en colaboraci\u00f3n con el cocinero Lluis Nel Estrada, dos productos de temporada para las fiestas navide\u00f1as. Se trata de dos quesos bien diferentes entre s\u00ed, pero que guardan algunos parecidos. [&hellip;]\" \/>\n<meta property=\"og:url\" content=\"https:\/\/elregionalvm.com.ar\/noticias-villa-maria\/secretos-de-los-quesos-round-19-una-deliciosa-competencia-navidena-quesos-rellenos\/\" \/>\n<meta property=\"og:site_name\" content=\"El Regional\" \/>\n<meta property=\"article:publisher\" content=\"https:\/\/www.facebook.com\/elregionalvm\" \/>\n<meta property=\"article:published_time\" content=\"2023-12-03T02:47:11+00:00\" \/>\n<meta property=\"article:modified_time\" content=\"2023-12-05T03:01:08+00:00\" \/>\n<meta property=\"og:image\" content=\"https:\/\/elregionalvm.com.ar\/noticias-villa-maria\/wp-content\/uploads\/2023\/12\/WhatsApp-Image-2023-12-02-at-15.53.58.jpeg\" \/>\n\t<meta property=\"og:image:width\" content=\"426\" \/>\n\t<meta property=\"og:image:height\" content=\"640\" \/>\n\t<meta property=\"og:image:type\" content=\"image\/jpeg\" \/>\n<meta name=\"author\" content=\"Contenidos El Regional\" \/>\n<meta name=\"twitter:card\" content=\"summary_large_image\" \/>\n<meta name=\"twitter:creator\" content=\"@elregionalvm1\" \/>\n<meta name=\"twitter:site\" content=\"@elregionalvm1\" \/>\n<meta name=\"twitter:label1\" content=\"Escrito por\" \/>\n\t<meta name=\"twitter:data1\" content=\"Contenidos El Regional\" \/>\n\t<meta name=\"twitter:label2\" content=\"Tiempo de lectura\" \/>\n\t<meta name=\"twitter:data2\" content=\"2 minutos\" \/>\n<script type=\"application\/ld+json\" class=\"yoast-schema-graph\">{\"@context\":\"https:\/\/schema.org\",\"@graph\":[{\"@type\":\"Article\",\"@id\":\"https:\/\/elregionalvm.com.ar\/noticias-villa-maria\/secretos-de-los-quesos-round-19-una-deliciosa-competencia-navidena-quesos-rellenos\/#article\",\"isPartOf\":{\"@id\":\"https:\/\/elregionalvm.com.ar\/noticias-villa-maria\/secretos-de-los-quesos-round-19-una-deliciosa-competencia-navidena-quesos-rellenos\/\"},\"author\":{\"name\":\"Contenidos El Regional\",\"@id\":\"http:\/\/elregionalvm.com.ar\/noticias-villa-maria\/#\/schema\/person\/a0fb9c422317faca23d50163151bc354\"},\"headline\":\"[Secretos de los quesos] Round 19: Una deliciosa competencia navide\u00f1a, quesos rellenos\",\"datePublished\":\"2023-12-03T02:47:11+00:00\",\"dateModified\":\"2023-12-05T03:01:08+00:00\",\"mainEntityOfPage\":{\"@id\":\"https:\/\/elregionalvm.com.ar\/noticias-villa-maria\/secretos-de-los-quesos-round-19-una-deliciosa-competencia-navidena-quesos-rellenos\/\"},\"wordCount\":312,\"commentCount\":0,\"image\":{\"@id\":\"https:\/\/elregionalvm.com.ar\/noticias-villa-maria\/secretos-de-los-quesos-round-19-una-deliciosa-competencia-navidena-quesos-rellenos\/#primaryimage\"},\"thumbnailUrl\":\"https:\/\/i0.wp.com\/elregionalvm.com.ar\/noticias-villa-maria\/wp-content\/uploads\/2023\/12\/WhatsApp-Image-2023-12-02-at-15.53.58.jpeg?fit=426%2C640&ssl=1\",\"keywords\":[\"avellanas\",\"Espa\u00f1a\",\"Navidad\",\"nueces\",\"quesos\",\"quesos rellenos\",\"round\",\"secretos\"],\"articleSection\":[\"Delicias y placeres\",\"tercera\"],\"inLanguage\":\"es\",\"potentialAction\":[{\"@type\":\"CommentAction\",\"name\":\"Comment\",\"target\":[\"https:\/\/elregionalvm.com.ar\/noticias-villa-maria\/secretos-de-los-quesos-round-19-una-deliciosa-competencia-navidena-quesos-rellenos\/#respond\"]}]},{\"@type\":\"WebPage\",\"@id\":\"https:\/\/elregionalvm.com.ar\/noticias-villa-maria\/secretos-de-los-quesos-round-19-una-deliciosa-competencia-navidena-quesos-rellenos\/\",\"url\":\"https:\/\/elregionalvm.com.ar\/noticias-villa-maria\/secretos-de-los-quesos-round-19-una-deliciosa-competencia-navidena-quesos-rellenos\/\",\"name\":\"[Secretos de los quesos] Round 19: Una deliciosa competencia navide\u00f1a, quesos rellenos - El Regional\",\"isPartOf\":{\"@id\":\"http:\/\/elregionalvm.com.ar\/noticias-villa-maria\/#website\"},\"primaryImageOfPage\":{\"@id\":\"https:\/\/elregionalvm.com.ar\/noticias-villa-maria\/secretos-de-los-quesos-round-19-una-deliciosa-competencia-navidena-quesos-rellenos\/#primaryimage\"},\"image\":{\"@id\":\"https:\/\/elregionalvm.com.ar\/noticias-villa-maria\/secretos-de-los-quesos-round-19-una-deliciosa-competencia-navidena-quesos-rellenos\/#primaryimage\"},\"thumbnailUrl\":\"https:\/\/i0.wp.com\/elregionalvm.com.ar\/noticias-villa-maria\/wp-content\/uploads\/2023\/12\/WhatsApp-Image-2023-12-02-at-15.53.58.jpeg?fit=426%2C640&ssl=1\",\"datePublished\":\"2023-12-03T02:47:11+00:00\",\"dateModified\":\"2023-12-05T03:01:08+00:00\",\"author\":{\"@id\":\"http:\/\/elregionalvm.com.ar\/noticias-villa-maria\/#\/schema\/person\/a0fb9c422317faca23d50163151bc354\"},\"breadcrumb\":{\"@id\":\"https:\/\/elregionalvm.com.ar\/noticias-villa-maria\/secretos-de-los-quesos-round-19-una-deliciosa-competencia-navidena-quesos-rellenos\/#breadcrumb\"},\"inLanguage\":\"es\",\"potentialAction\":[{\"@type\":\"ReadAction\",\"target\":[\"https:\/\/elregionalvm.com.ar\/noticias-villa-maria\/secretos-de-los-quesos-round-19-una-deliciosa-competencia-navidena-quesos-rellenos\/\"]}]},{\"@type\":\"ImageObject\",\"inLanguage\":\"es\",\"@id\":\"https:\/\/elregionalvm.com.ar\/noticias-villa-maria\/secretos-de-los-quesos-round-19-una-deliciosa-competencia-navidena-quesos-rellenos\/#primaryimage\",\"url\":\"https:\/\/i0.wp.com\/elregionalvm.com.ar\/noticias-villa-maria\/wp-content\/uploads\/2023\/12\/WhatsApp-Image-2023-12-02-at-15.53.58.jpeg?fit=426%2C640&ssl=1\",\"contentUrl\":\"https:\/\/i0.wp.com\/elregionalvm.com.ar\/noticias-villa-maria\/wp-content\/uploads\/2023\/12\/WhatsApp-Image-2023-12-02-at-15.53.58.jpeg?fit=426%2C640&ssl=1\",\"width\":426,\"height\":640},{\"@type\":\"BreadcrumbList\",\"@id\":\"https:\/\/elregionalvm.com.ar\/noticias-villa-maria\/secretos-de-los-quesos-round-19-una-deliciosa-competencia-navidena-quesos-rellenos\/#breadcrumb\",\"itemListElement\":[{\"@type\":\"ListItem\",\"position\":1,\"name\":\"Portada\",\"item\":\"https:\/\/elregionalvm.com.ar\/noticias-villa-maria\/\"},{\"@type\":\"ListItem\",\"position\":2,\"name\":\"[Secretos de los quesos] Round 19: Una deliciosa competencia navide\u00f1a, quesos rellenos\"}]},{\"@type\":\"WebSite\",\"@id\":\"http:\/\/elregionalvm.com.ar\/noticias-villa-maria\/#website\",\"url\":\"http:\/\/elregionalvm.com.ar\/noticias-villa-maria\/\",\"name\":\"El Regional\",\"description\":\"Mucho m\u00e1s que informaci\u00f3n\",\"potentialAction\":[{\"@type\":\"SearchAction\",\"target\":{\"@type\":\"EntryPoint\",\"urlTemplate\":\"http:\/\/elregionalvm.com.ar\/noticias-villa-maria\/?s={search_term_string}\"},\"query-input\":{\"@type\":\"PropertyValueSpecification\",\"valueRequired\":true,\"valueName\":\"search_term_string\"}}],\"inLanguage\":\"es\"},{\"@type\":\"Person\",\"@id\":\"http:\/\/elregionalvm.com.ar\/noticias-villa-maria\/#\/schema\/person\/a0fb9c422317faca23d50163151bc354\",\"name\":\"Contenidos El Regional\",\"image\":{\"@type\":\"ImageObject\",\"inLanguage\":\"es\",\"@id\":\"http:\/\/elregionalvm.com.ar\/noticias-villa-maria\/#\/schema\/person\/image\/\",\"url\":\"https:\/\/secure.gravatar.com\/avatar\/265b27cb2209af7bb3a1318f03305787d7981a5cc6e6cd08fe5a4ecdf99d4b48?s=96&d=mm&r=g\",\"contentUrl\":\"https:\/\/secure.gravatar.com\/avatar\/265b27cb2209af7bb3a1318f03305787d7981a5cc6e6cd08fe5a4ecdf99d4b48?s=96&d=mm&r=g\",\"caption\":\"Contenidos El Regional\"},\"url\":\"https:\/\/elregionalvm.com.ar\/noticias-villa-maria\/author\/contenido\/\"}]}<\/script>\n<!-- \/ Yoast SEO plugin. -->","yoast_head_json":{"title":"[Secretos de los quesos] Round 19: Una deliciosa competencia navide\u00f1a, quesos rellenos - El Regional","robots":{"index":"index","follow":"follow","max-snippet":"max-snippet:-1","max-image-preview":"max-image-preview:large","max-video-preview":"max-video-preview:-1"},"canonical":"https:\/\/elregionalvm.com.ar\/noticias-villa-maria\/secretos-de-los-quesos-round-19-una-deliciosa-competencia-navidena-quesos-rellenos\/","og_locale":"es_ES","og_type":"article","og_title":"[Secretos de los quesos] Round 19: Una deliciosa competencia navide\u00f1a, quesos rellenos - El Regional","og_description":"En Pilo\u00f1a (concejo en la zona oriental de la comunidad aut\u00f3noma del Principado de Asturias en Espa\u00f1a), la peque\u00f1a queser\u00eda artesanal Ca Llechi ha elaborado, en colaboraci\u00f3n con el cocinero Lluis Nel Estrada, dos productos de temporada para las fiestas navide\u00f1as. Se trata de dos quesos bien diferentes entre s\u00ed, pero que guardan algunos parecidos. [&hellip;]","og_url":"https:\/\/elregionalvm.com.ar\/noticias-villa-maria\/secretos-de-los-quesos-round-19-una-deliciosa-competencia-navidena-quesos-rellenos\/","og_site_name":"El Regional","article_publisher":"https:\/\/www.facebook.com\/elregionalvm","article_published_time":"2023-12-03T02:47:11+00:00","article_modified_time":"2023-12-05T03:01:08+00:00","og_image":[{"width":426,"height":640,"url":"https:\/\/elregionalvm.com.ar\/noticias-villa-maria\/wp-content\/uploads\/2023\/12\/WhatsApp-Image-2023-12-02-at-15.53.58.jpeg","type":"image\/jpeg"}],"author":"Contenidos El Regional","twitter_card":"summary_large_image","twitter_creator":"@elregionalvm1","twitter_site":"@elregionalvm1","twitter_misc":{"Escrito por":"Contenidos El Regional","Tiempo de lectura":"2 minutos"},"schema":{"@context":"https:\/\/schema.org","@graph":[{"@type":"Article","@id":"https:\/\/elregionalvm.com.ar\/noticias-villa-maria\/secretos-de-los-quesos-round-19-una-deliciosa-competencia-navidena-quesos-rellenos\/#article","isPartOf":{"@id":"https:\/\/elregionalvm.com.ar\/noticias-villa-maria\/secretos-de-los-quesos-round-19-una-deliciosa-competencia-navidena-quesos-rellenos\/"},"author":{"name":"Contenidos El Regional","@id":"http:\/\/elregionalvm.com.ar\/noticias-villa-maria\/#\/schema\/person\/a0fb9c422317faca23d50163151bc354"},"headline":"[Secretos de los quesos] Round 19: Una deliciosa competencia navide\u00f1a, quesos rellenos","datePublished":"2023-12-03T02:47:11+00:00","dateModified":"2023-12-05T03:01:08+00:00","mainEntityOfPage":{"@id":"https:\/\/elregionalvm.com.ar\/noticias-villa-maria\/secretos-de-los-quesos-round-19-una-deliciosa-competencia-navidena-quesos-rellenos\/"},"wordCount":312,"commentCount":0,"image":{"@id":"https:\/\/elregionalvm.com.ar\/noticias-villa-maria\/secretos-de-los-quesos-round-19-una-deliciosa-competencia-navidena-quesos-rellenos\/#primaryimage"},"thumbnailUrl":"https:\/\/i0.wp.com\/elregionalvm.com.ar\/noticias-villa-maria\/wp-content\/uploads\/2023\/12\/WhatsApp-Image-2023-12-02-at-15.53.58.jpeg?fit=426%2C640&ssl=1","keywords":["avellanas","Espa\u00f1a","Navidad","nueces","quesos","quesos rellenos","round","secretos"],"articleSection":["Delicias y placeres","tercera"],"inLanguage":"es","potentialAction":[{"@type":"CommentAction","name":"Comment","target":["https:\/\/elregionalvm.com.ar\/noticias-villa-maria\/secretos-de-los-quesos-round-19-una-deliciosa-competencia-navidena-quesos-rellenos\/#respond"]}]},{"@type":"WebPage","@id":"https:\/\/elregionalvm.com.ar\/noticias-villa-maria\/secretos-de-los-quesos-round-19-una-deliciosa-competencia-navidena-quesos-rellenos\/","url":"https:\/\/elregionalvm.com.ar\/noticias-villa-maria\/secretos-de-los-quesos-round-19-una-deliciosa-competencia-navidena-quesos-rellenos\/","name":"[Secretos de los quesos] Round 19: Una deliciosa competencia navide\u00f1a, quesos rellenos - El Regional","isPartOf":{"@id":"http:\/\/elregionalvm.com.ar\/noticias-villa-maria\/#website"},"primaryImageOfPage":{"@id":"https:\/\/elregionalvm.com.ar\/noticias-villa-maria\/secretos-de-los-quesos-round-19-una-deliciosa-competencia-navidena-quesos-rellenos\/#primaryimage"},"image":{"@id":"https:\/\/elregionalvm.com.ar\/noticias-villa-maria\/secretos-de-los-quesos-round-19-una-deliciosa-competencia-navidena-quesos-rellenos\/#primaryimage"},"thumbnailUrl":"https:\/\/i0.wp.com\/elregionalvm.com.ar\/noticias-villa-maria\/wp-content\/uploads\/2023\/12\/WhatsApp-Image-2023-12-02-at-15.53.58.jpeg?fit=426%2C640&ssl=1","datePublished":"2023-12-03T02:47:11+00:00","dateModified":"2023-12-05T03:01:08+00:00","author":{"@id":"http:\/\/elregionalvm.com.ar\/noticias-villa-maria\/#\/schema\/person\/a0fb9c422317faca23d50163151bc354"},"breadcrumb":{"@id":"https:\/\/elregionalvm.com.ar\/noticias-villa-maria\/secretos-de-los-quesos-round-19-una-deliciosa-competencia-navidena-quesos-rellenos\/#breadcrumb"},"inLanguage":"es","potentialAction":[{"@type":"ReadAction","target":["https:\/\/elregionalvm.com.ar\/noticias-villa-maria\/secretos-de-los-quesos-round-19-una-deliciosa-competencia-navidena-quesos-rellenos\/"]}]},{"@type":"ImageObject","inLanguage":"es","@id":"https:\/\/elregionalvm.com.ar\/noticias-villa-maria\/secretos-de-los-quesos-round-19-una-deliciosa-competencia-navidena-quesos-rellenos\/#primaryimage","url":"https:\/\/i0.wp.com\/elregionalvm.com.ar\/noticias-villa-maria\/wp-content\/uploads\/2023\/12\/WhatsApp-Image-2023-12-02-at-15.53.58.jpeg?fit=426%2C640&ssl=1","contentUrl":"https:\/\/i0.wp.com\/elregionalvm.com.ar\/noticias-villa-maria\/wp-content\/uploads\/2023\/12\/WhatsApp-Image-2023-12-02-at-15.53.58.jpeg?fit=426%2C640&ssl=1","width":426,"height":640},{"@type":"BreadcrumbList","@id":"https:\/\/elregionalvm.com.ar\/noticias-villa-maria\/secretos-de-los-quesos-round-19-una-deliciosa-competencia-navidena-quesos-rellenos\/#breadcrumb","itemListElement":[{"@type":"ListItem","position":1,"name":"Portada","item":"https:\/\/elregionalvm.com.ar\/noticias-villa-maria\/"},{"@type":"ListItem","position":2,"name":"[Secretos de los quesos] Round 19: Una deliciosa competencia navide\u00f1a, quesos rellenos"}]},{"@type":"WebSite","@id":"http:\/\/elregionalvm.com.ar\/noticias-villa-maria\/#website","url":"http:\/\/elregionalvm.com.ar\/noticias-villa-maria\/","name":"El Regional","description":"Mucho m\u00e1s que informaci\u00f3n","potentialAction":[{"@type":"SearchAction","target":{"@type":"EntryPoint","urlTemplate":"http:\/\/elregionalvm.com.ar\/noticias-villa-maria\/?s={search_term_string}"},"query-input":{"@type":"PropertyValueSpecification","valueRequired":true,"valueName":"search_term_string"}}],"inLanguage":"es"},{"@type":"Person","@id":"http:\/\/elregionalvm.com.ar\/noticias-villa-maria\/#\/schema\/person\/a0fb9c422317faca23d50163151bc354","name":"Contenidos El Regional","image":{"@type":"ImageObject","inLanguage":"es","@id":"http:\/\/elregionalvm.com.ar\/noticias-villa-maria\/#\/schema\/person\/image\/","url":"https:\/\/secure.gravatar.com\/avatar\/265b27cb2209af7bb3a1318f03305787d7981a5cc6e6cd08fe5a4ecdf99d4b48?s=96&d=mm&r=g","contentUrl":"https:\/\/secure.gravatar.com\/avatar\/265b27cb2209af7bb3a1318f03305787d7981a5cc6e6cd08fe5a4ecdf99d4b48?s=96&d=mm&r=g","caption":"Contenidos El Regional"},"url":"https:\/\/elregionalvm.com.ar\/noticias-villa-maria\/author\/contenido\/"}]}},"jetpack_featured_media_url":"https:\/\/i0.wp.com\/elregionalvm.com.ar\/noticias-villa-maria\/wp-content\/uploads\/2023\/12\/WhatsApp-Image-2023-12-02-at-15.53.58.jpeg?fit=426%2C640&ssl=1","jetpack_sharing_enabled":true,"_links":{"self":[{"href":"https:\/\/elregionalvm.com.ar\/noticias-villa-maria\/wp-json\/wp\/v2\/posts\/86665","targetHints":{"allow":["GET"]}}],"collection":[{"href":"https:\/\/elregionalvm.com.ar\/noticias-villa-maria\/wp-json\/wp\/v2\/posts"}],"about":[{"href":"https:\/\/elregionalvm.com.ar\/noticias-villa-maria\/wp-json\/wp\/v2\/types\/post"}],"author":[{"embeddable":true,"href":"https:\/\/elregionalvm.com.ar\/noticias-villa-maria\/wp-json\/wp\/v2\/users\/4"}],"replies":[{"embeddable":true,"href":"https:\/\/elregionalvm.com.ar\/noticias-villa-maria\/wp-json\/wp\/v2\/comments?post=86665"}],"version-history":[{"count":3,"href":"https:\/\/elregionalvm.com.ar\/noticias-villa-maria\/wp-json\/wp\/v2\/posts\/86665\/revisions"}],"predecessor-version":[{"id":86677,"href":"https:\/\/elregionalvm.com.ar\/noticias-villa-maria\/wp-json\/wp\/v2\/posts\/86665\/revisions\/86677"}],"wp:featuredmedia":[{"embeddable":true,"href":"https:\/\/elregionalvm.com.ar\/noticias-villa-maria\/wp-json\/wp\/v2\/media\/86668"}],"wp:attachment":[{"href":"https:\/\/elregionalvm.com.ar\/noticias-villa-maria\/wp-json\/wp\/v2\/media?parent=86665"}],"wp:term":[{"taxonomy":"category","embeddable":true,"href":"https:\/\/elregionalvm.com.ar\/noticias-villa-maria\/wp-json\/wp\/v2\/categories?post=86665"},{"taxonomy":"post_tag","embeddable":true,"href":"https:\/\/elregionalvm.com.ar\/noticias-villa-maria\/wp-json\/wp\/v2\/tags?post=86665"}],"curies":[{"name":"wp","href":"https:\/\/api.w.org\/{rel}","templated":true}]}}