{"id":86671,"date":"2023-12-03T02:59:51","date_gmt":"2023-12-03T02:59:51","guid":{"rendered":"https:\/\/elregionalvm.com.ar\/noticias-villa-maria\/?p=86671"},"modified":"2023-12-03T02:59:53","modified_gmt":"2023-12-03T02:59:53","slug":"crearon-un-mural-por-la-discapacidad-en-uno-de-los-ingresos-a-etruria","status":"publish","type":"post","link":"https:\/\/elregionalvm.com.ar\/noticias-villa-maria\/crearon-un-mural-por-la-discapacidad-en-uno-de-los-ingresos-a-etruria\/","title":{"rendered":"Crearon un mural por la discapacidad en uno de los ingresos a Etruria"},"content":{"rendered":"\n<p><\/p>\n\n\n\n<p>En el marco de la conmemoraci\u00f3n del D\u00eda de la Discapacidad, vecinos y vecinas de Etruria crearon un mural en el acceso norte a la localidad.<\/p>\n\n\n\n<p>Los trabajos se desarrollaron entre el mi\u00e9rcoles 29 de noviembre y este s\u00e1bado 2 de diciembre, cuando se realiz\u00f3 la inauguraci\u00f3n de la obra, encabezada por el intendente Maximiliano Andr\u00e9s.<\/p>\n\n\n\n<p>El mural estuvo dirigido por la artista pl\u00e1stica y muralista Judith Gretel Figueroa.<\/p>\n\n\n\n<p><\/p>\n\n\n\n<figure class=\"wp-block-image size-large\"><img data-recalc-dims=\"1\" fetchpriority=\"high\" decoding=\"async\" width=\"1024\" height=\"576\" src=\"https:\/\/i0.wp.com\/elregionalvm.com.ar\/noticias-villa-maria\/wp-content\/uploads\/2023\/12\/Etruria-mural-discapacidad-2.jpg?resize=1024%2C576&#038;ssl=1\" alt=\"\" class=\"wp-image-86673\" srcset=\"https:\/\/i0.wp.com\/elregionalvm.com.ar\/noticias-villa-maria\/wp-content\/uploads\/2023\/12\/Etruria-mural-discapacidad-2.jpg?resize=1024%2C576&amp;ssl=1 1024w, https:\/\/i0.wp.com\/elregionalvm.com.ar\/noticias-villa-maria\/wp-content\/uploads\/2023\/12\/Etruria-mural-discapacidad-2.jpg?resize=300%2C169&amp;ssl=1 300w, https:\/\/i0.wp.com\/elregionalvm.com.ar\/noticias-villa-maria\/wp-content\/uploads\/2023\/12\/Etruria-mural-discapacidad-2.jpg?resize=768%2C432&amp;ssl=1 768w, https:\/\/i0.wp.com\/elregionalvm.com.ar\/noticias-villa-maria\/wp-content\/uploads\/2023\/12\/Etruria-mural-discapacidad-2.jpg?w=1200&amp;ssl=1 1200w\" sizes=\"(max-width: 1000px) 100vw, 1000px\" \/><\/figure>\n\n\n\n<p><\/p>\n\n\n\n<p>La tarea fue coordinada desde el equipo de Inclusi\u00f3n y Discapacidad, integrado por las \u00e1reas municipales de Educaci\u00f3n, Salud y Cultura, y el Centro Ecuestre \u00abEl Arbolito\u00bb y el Equipo de Equinoterapia \u00abNobleza\u00bb.<\/p>\n\n\n\n<p>Seguidamente, hubo festejos, exhibici\u00f3n y d\u00eda de campo en el Centro \u00abEl Arbolito\u00bb, una entidad que se dedica a la rehabilitaci\u00f3n y equinoterapia, y trabaja con distintas realidades, ni\u00f1os y ni\u00f1as con algunas discapacidades y otras situaciones conductuales, a partir de los 3 a\u00f1os.<\/p>\n\n\n\n<p>Favio Buhlman es el instructor referente de ese espacio y parte del equipo que integran Marianela Gizzi (Kinesiolog\u00eda) y Marina Ferreyra (Psicopedagog\u00eda).<\/p>\n","protected":false},"excerpt":{"rendered":"<p>En el marco de la conmemoraci\u00f3n del D\u00eda de la Discapacidad, vecinos y vecinas de Etruria crearon un mural en el acceso norte a la localidad. Los trabajos se desarrollaron entre el mi\u00e9rcoles 29 de noviembre y este s\u00e1bado 2 de diciembre, cuando se realiz\u00f3 la inauguraci\u00f3n de la obra, encabezada por el intendente Maximiliano [&hellip;]<\/p>\n","protected":false},"author":4,"featured_media":86674,"comment_status":"open","ping_status":"open","sticky":false,"template":"","format":"standard","meta":{"site-sidebar-layout":"default","site-content-layout":"","ast-site-content-layout":"default","site-content-style":"default","site-sidebar-style":"default","ast-global-header-display":"","ast-banner-title-visibility":"","ast-main-header-display":"","ast-hfb-above-header-display":"","ast-hfb-below-header-display":"","ast-hfb-mobile-header-display":"","site-post-title":"","ast-breadcrumbs-content":"","ast-featured-img":"","footer-sml-layout":"","ast-disable-related-posts":"","theme-transparent-header-meta":"","adv-header-id-meta":"","stick-header-meta":"","header-above-stick-meta":"","header-main-stick-meta":"","header-below-stick-meta":"","astra-migrate-meta-layouts":"set","ast-page-background-enabled":"default","ast-page-background-meta":{"desktop":{"background-color":"","background-image":"","background-repeat":"repeat","background-position":"center center","background-size":"auto","background-attachment":"scroll","background-type":"","background-media":"","overlay-type":"","overlay-color":"","overlay-opacity":"","overlay-gradient":""},"tablet":{"background-color":"","background-image":"","background-repeat":"repeat","background-position":"center center","background-size":"auto","background-attachment":"scroll","background-type":"","background-media":"","overlay-type":"","overlay-color":"","overlay-opacity":"","overlay-gradient":""},"mobile":{"background-color":"","background-image":"","background-repeat":"repeat","background-position":"center center","background-size":"auto","background-attachment":"scroll","background-type":"","background-media":"","overlay-type":"","overlay-color":"","overlay-opacity":"","overlay-gradient":""}},"ast-content-background-meta":{"desktop":{"background-color":"var(--ast-global-color-5)","background-image":"","background-repeat":"repeat","background-position":"center center","background-size":"auto","background-attachment":"scroll","background-type":"","background-media":"","overlay-type":"","overlay-color":"","overlay-opacity":"","overlay-gradient":""},"tablet":{"background-color":"var(--ast-global-color-5)","background-image":"","background-repeat":"repeat","background-position":"center center","background-size":"auto","background-attachment":"scroll","background-type":"","background-media":"","overlay-type":"","overlay-color":"","overlay-opacity":"","overlay-gradient":""},"mobile":{"background-color":"var(--ast-global-color-5)","background-image":"","background-repeat":"repeat","background-position":"center center","background-size":"auto","background-attachment":"scroll","background-type":"","background-media":"","overlay-type":"","overlay-color":"","overlay-opacity":"","overlay-gradient":""}},"_jetpack_memberships_contains_paid_content":false,"_joinchat":[],"footnotes":""},"categories":[15302,2091],"tags":[23227,2603,23228,1096,2589,14417],"class_list":["post-86671","post","type-post","status-publish","format-standard","has-post-thumbnail","hentry","category-destacado","category-region","tag-centro-ecuestre-el-arbolito","tag-discapacidad","tag-equinoterapia","tag-etruria","tag-ingreso","tag-mural"],"yoast_head":"<!-- This site is optimized with the Yoast SEO plugin v26.8 - https:\/\/yoast.com\/product\/yoast-seo-wordpress\/ -->\n<title>Crearon un mural por la discapacidad en uno de los ingresos a Etruria - El Regional<\/title>\n<meta name=\"robots\" content=\"index, follow, max-snippet:-1, max-image-preview:large, max-video-preview:-1\" \/>\n<link rel=\"canonical\" href=\"https:\/\/elregionalvm.com.ar\/noticias-villa-maria\/crearon-un-mural-por-la-discapacidad-en-uno-de-los-ingresos-a-etruria\/\" \/>\n<meta property=\"og:locale\" content=\"es_ES\" \/>\n<meta property=\"og:type\" content=\"article\" \/>\n<meta property=\"og:title\" content=\"Crearon un mural por la discapacidad en uno de los ingresos a Etruria - El Regional\" \/>\n<meta property=\"og:description\" content=\"En el marco de la conmemoraci\u00f3n del D\u00eda de la Discapacidad, vecinos y vecinas de Etruria crearon un mural en el acceso norte a la localidad. Los trabajos se desarrollaron entre el mi\u00e9rcoles 29 de noviembre y este s\u00e1bado 2 de diciembre, cuando se realiz\u00f3 la inauguraci\u00f3n de la obra, encabezada por el intendente Maximiliano [&hellip;]\" \/>\n<meta property=\"og:url\" content=\"https:\/\/elregionalvm.com.ar\/noticias-villa-maria\/crearon-un-mural-por-la-discapacidad-en-uno-de-los-ingresos-a-etruria\/\" \/>\n<meta property=\"og:site_name\" content=\"El Regional\" \/>\n<meta property=\"article:publisher\" content=\"https:\/\/www.facebook.com\/elregionalvm\" \/>\n<meta property=\"article:published_time\" content=\"2023-12-03T02:59:51+00:00\" \/>\n<meta property=\"article:modified_time\" content=\"2023-12-03T02:59:53+00:00\" \/>\n<meta property=\"og:image\" content=\"https:\/\/elregionalvm.com.ar\/noticias-villa-maria\/wp-content\/uploads\/2023\/12\/Etruria-mural-discapacidad-.jpg\" \/>\n\t<meta property=\"og:image:width\" content=\"1200\" \/>\n\t<meta property=\"og:image:height\" content=\"675\" \/>\n\t<meta property=\"og:image:type\" content=\"image\/jpeg\" \/>\n<meta name=\"author\" content=\"Contenidos El Regional\" \/>\n<meta name=\"twitter:card\" content=\"summary_large_image\" \/>\n<meta name=\"twitter:creator\" content=\"@elregionalvm1\" \/>\n<meta name=\"twitter:site\" content=\"@elregionalvm1\" \/>\n<meta name=\"twitter:label1\" content=\"Escrito por\" \/>\n\t<meta name=\"twitter:data1\" content=\"Contenidos El Regional\" \/>\n\t<meta name=\"twitter:label2\" content=\"Tiempo de lectura\" \/>\n\t<meta name=\"twitter:data2\" content=\"1 minuto\" \/>\n<script type=\"application\/ld+json\" class=\"yoast-schema-graph\">{\"@context\":\"https:\/\/schema.org\",\"@graph\":[{\"@type\":\"Article\",\"@id\":\"https:\/\/elregionalvm.com.ar\/noticias-villa-maria\/crearon-un-mural-por-la-discapacidad-en-uno-de-los-ingresos-a-etruria\/#article\",\"isPartOf\":{\"@id\":\"https:\/\/elregionalvm.com.ar\/noticias-villa-maria\/crearon-un-mural-por-la-discapacidad-en-uno-de-los-ingresos-a-etruria\/\"},\"author\":{\"name\":\"Contenidos El Regional\",\"@id\":\"http:\/\/elregionalvm.com.ar\/noticias-villa-maria\/#\/schema\/person\/a0fb9c422317faca23d50163151bc354\"},\"headline\":\"Crearon un mural por la discapacidad en uno de los ingresos a Etruria\",\"datePublished\":\"2023-12-03T02:59:51+00:00\",\"dateModified\":\"2023-12-03T02:59:53+00:00\",\"mainEntityOfPage\":{\"@id\":\"https:\/\/elregionalvm.com.ar\/noticias-villa-maria\/crearon-un-mural-por-la-discapacidad-en-uno-de-los-ingresos-a-etruria\/\"},\"wordCount\":195,\"commentCount\":0,\"image\":{\"@id\":\"https:\/\/elregionalvm.com.ar\/noticias-villa-maria\/crearon-un-mural-por-la-discapacidad-en-uno-de-los-ingresos-a-etruria\/#primaryimage\"},\"thumbnailUrl\":\"https:\/\/i0.wp.com\/elregionalvm.com.ar\/noticias-villa-maria\/wp-content\/uploads\/2023\/12\/Etruria-mural-discapacidad-.jpg?fit=1200%2C675&ssl=1\",\"keywords\":[\"centro ecuestre el arbolito\",\"discapacidad\",\"equinoterapia\",\"Etruria\",\"Ingreso\",\"mural\"],\"articleSection\":[\"destacado\",\"Regi\u00f3n\"],\"inLanguage\":\"es\",\"potentialAction\":[{\"@type\":\"CommentAction\",\"name\":\"Comment\",\"target\":[\"https:\/\/elregionalvm.com.ar\/noticias-villa-maria\/crearon-un-mural-por-la-discapacidad-en-uno-de-los-ingresos-a-etruria\/#respond\"]}]},{\"@type\":\"WebPage\",\"@id\":\"https:\/\/elregionalvm.com.ar\/noticias-villa-maria\/crearon-un-mural-por-la-discapacidad-en-uno-de-los-ingresos-a-etruria\/\",\"url\":\"https:\/\/elregionalvm.com.ar\/noticias-villa-maria\/crearon-un-mural-por-la-discapacidad-en-uno-de-los-ingresos-a-etruria\/\",\"name\":\"Crearon un mural por la discapacidad en uno de los ingresos a Etruria - El Regional\",\"isPartOf\":{\"@id\":\"http:\/\/elregionalvm.com.ar\/noticias-villa-maria\/#website\"},\"primaryImageOfPage\":{\"@id\":\"https:\/\/elregionalvm.com.ar\/noticias-villa-maria\/crearon-un-mural-por-la-discapacidad-en-uno-de-los-ingresos-a-etruria\/#primaryimage\"},\"image\":{\"@id\":\"https:\/\/elregionalvm.com.ar\/noticias-villa-maria\/crearon-un-mural-por-la-discapacidad-en-uno-de-los-ingresos-a-etruria\/#primaryimage\"},\"thumbnailUrl\":\"https:\/\/i0.wp.com\/elregionalvm.com.ar\/noticias-villa-maria\/wp-content\/uploads\/2023\/12\/Etruria-mural-discapacidad-.jpg?fit=1200%2C675&ssl=1\",\"datePublished\":\"2023-12-03T02:59:51+00:00\",\"dateModified\":\"2023-12-03T02:59:53+00:00\",\"author\":{\"@id\":\"http:\/\/elregionalvm.com.ar\/noticias-villa-maria\/#\/schema\/person\/a0fb9c422317faca23d50163151bc354\"},\"breadcrumb\":{\"@id\":\"https:\/\/elregionalvm.com.ar\/noticias-villa-maria\/crearon-un-mural-por-la-discapacidad-en-uno-de-los-ingresos-a-etruria\/#breadcrumb\"},\"inLanguage\":\"es\",\"potentialAction\":[{\"@type\":\"ReadAction\",\"target\":[\"https:\/\/elregionalvm.com.ar\/noticias-villa-maria\/crearon-un-mural-por-la-discapacidad-en-uno-de-los-ingresos-a-etruria\/\"]}]},{\"@type\":\"ImageObject\",\"inLanguage\":\"es\",\"@id\":\"https:\/\/elregionalvm.com.ar\/noticias-villa-maria\/crearon-un-mural-por-la-discapacidad-en-uno-de-los-ingresos-a-etruria\/#primaryimage\",\"url\":\"https:\/\/i0.wp.com\/elregionalvm.com.ar\/noticias-villa-maria\/wp-content\/uploads\/2023\/12\/Etruria-mural-discapacidad-.jpg?fit=1200%2C675&ssl=1\",\"contentUrl\":\"https:\/\/i0.wp.com\/elregionalvm.com.ar\/noticias-villa-maria\/wp-content\/uploads\/2023\/12\/Etruria-mural-discapacidad-.jpg?fit=1200%2C675&ssl=1\",\"width\":1200,\"height\":675},{\"@type\":\"BreadcrumbList\",\"@id\":\"https:\/\/elregionalvm.com.ar\/noticias-villa-maria\/crearon-un-mural-por-la-discapacidad-en-uno-de-los-ingresos-a-etruria\/#breadcrumb\",\"itemListElement\":[{\"@type\":\"ListItem\",\"position\":1,\"name\":\"Portada\",\"item\":\"https:\/\/elregionalvm.com.ar\/noticias-villa-maria\/\"},{\"@type\":\"ListItem\",\"position\":2,\"name\":\"Crearon un mural por la discapacidad en uno de los ingresos a Etruria\"}]},{\"@type\":\"WebSite\",\"@id\":\"http:\/\/elregionalvm.com.ar\/noticias-villa-maria\/#website\",\"url\":\"http:\/\/elregionalvm.com.ar\/noticias-villa-maria\/\",\"name\":\"El Regional\",\"description\":\"Mucho m\u00e1s que informaci\u00f3n\",\"potentialAction\":[{\"@type\":\"SearchAction\",\"target\":{\"@type\":\"EntryPoint\",\"urlTemplate\":\"http:\/\/elregionalvm.com.ar\/noticias-villa-maria\/?s={search_term_string}\"},\"query-input\":{\"@type\":\"PropertyValueSpecification\",\"valueRequired\":true,\"valueName\":\"search_term_string\"}}],\"inLanguage\":\"es\"},{\"@type\":\"Person\",\"@id\":\"http:\/\/elregionalvm.com.ar\/noticias-villa-maria\/#\/schema\/person\/a0fb9c422317faca23d50163151bc354\",\"name\":\"Contenidos El Regional\",\"image\":{\"@type\":\"ImageObject\",\"inLanguage\":\"es\",\"@id\":\"http:\/\/elregionalvm.com.ar\/noticias-villa-maria\/#\/schema\/person\/image\/\",\"url\":\"https:\/\/secure.gravatar.com\/avatar\/265b27cb2209af7bb3a1318f03305787d7981a5cc6e6cd08fe5a4ecdf99d4b48?s=96&d=mm&r=g\",\"contentUrl\":\"https:\/\/secure.gravatar.com\/avatar\/265b27cb2209af7bb3a1318f03305787d7981a5cc6e6cd08fe5a4ecdf99d4b48?s=96&d=mm&r=g\",\"caption\":\"Contenidos El Regional\"},\"url\":\"https:\/\/elregionalvm.com.ar\/noticias-villa-maria\/author\/contenido\/\"}]}<\/script>\n<!-- \/ Yoast SEO plugin. -->","yoast_head_json":{"title":"Crearon un mural por la discapacidad en uno de los ingresos a Etruria - El Regional","robots":{"index":"index","follow":"follow","max-snippet":"max-snippet:-1","max-image-preview":"max-image-preview:large","max-video-preview":"max-video-preview:-1"},"canonical":"https:\/\/elregionalvm.com.ar\/noticias-villa-maria\/crearon-un-mural-por-la-discapacidad-en-uno-de-los-ingresos-a-etruria\/","og_locale":"es_ES","og_type":"article","og_title":"Crearon un mural por la discapacidad en uno de los ingresos a Etruria - El Regional","og_description":"En el marco de la conmemoraci\u00f3n del D\u00eda de la Discapacidad, vecinos y vecinas de Etruria crearon un mural en el acceso norte a la localidad. Los trabajos se desarrollaron entre el mi\u00e9rcoles 29 de noviembre y este s\u00e1bado 2 de diciembre, cuando se realiz\u00f3 la inauguraci\u00f3n de la obra, encabezada por el intendente Maximiliano [&hellip;]","og_url":"https:\/\/elregionalvm.com.ar\/noticias-villa-maria\/crearon-un-mural-por-la-discapacidad-en-uno-de-los-ingresos-a-etruria\/","og_site_name":"El Regional","article_publisher":"https:\/\/www.facebook.com\/elregionalvm","article_published_time":"2023-12-03T02:59:51+00:00","article_modified_time":"2023-12-03T02:59:53+00:00","og_image":[{"width":1200,"height":675,"url":"https:\/\/elregionalvm.com.ar\/noticias-villa-maria\/wp-content\/uploads\/2023\/12\/Etruria-mural-discapacidad-.jpg","type":"image\/jpeg"}],"author":"Contenidos El Regional","twitter_card":"summary_large_image","twitter_creator":"@elregionalvm1","twitter_site":"@elregionalvm1","twitter_misc":{"Escrito por":"Contenidos El Regional","Tiempo de lectura":"1 minuto"},"schema":{"@context":"https:\/\/schema.org","@graph":[{"@type":"Article","@id":"https:\/\/elregionalvm.com.ar\/noticias-villa-maria\/crearon-un-mural-por-la-discapacidad-en-uno-de-los-ingresos-a-etruria\/#article","isPartOf":{"@id":"https:\/\/elregionalvm.com.ar\/noticias-villa-maria\/crearon-un-mural-por-la-discapacidad-en-uno-de-los-ingresos-a-etruria\/"},"author":{"name":"Contenidos El Regional","@id":"http:\/\/elregionalvm.com.ar\/noticias-villa-maria\/#\/schema\/person\/a0fb9c422317faca23d50163151bc354"},"headline":"Crearon un mural por la discapacidad en uno de los ingresos a Etruria","datePublished":"2023-12-03T02:59:51+00:00","dateModified":"2023-12-03T02:59:53+00:00","mainEntityOfPage":{"@id":"https:\/\/elregionalvm.com.ar\/noticias-villa-maria\/crearon-un-mural-por-la-discapacidad-en-uno-de-los-ingresos-a-etruria\/"},"wordCount":195,"commentCount":0,"image":{"@id":"https:\/\/elregionalvm.com.ar\/noticias-villa-maria\/crearon-un-mural-por-la-discapacidad-en-uno-de-los-ingresos-a-etruria\/#primaryimage"},"thumbnailUrl":"https:\/\/i0.wp.com\/elregionalvm.com.ar\/noticias-villa-maria\/wp-content\/uploads\/2023\/12\/Etruria-mural-discapacidad-.jpg?fit=1200%2C675&ssl=1","keywords":["centro ecuestre el arbolito","discapacidad","equinoterapia","Etruria","Ingreso","mural"],"articleSection":["destacado","Regi\u00f3n"],"inLanguage":"es","potentialAction":[{"@type":"CommentAction","name":"Comment","target":["https:\/\/elregionalvm.com.ar\/noticias-villa-maria\/crearon-un-mural-por-la-discapacidad-en-uno-de-los-ingresos-a-etruria\/#respond"]}]},{"@type":"WebPage","@id":"https:\/\/elregionalvm.com.ar\/noticias-villa-maria\/crearon-un-mural-por-la-discapacidad-en-uno-de-los-ingresos-a-etruria\/","url":"https:\/\/elregionalvm.com.ar\/noticias-villa-maria\/crearon-un-mural-por-la-discapacidad-en-uno-de-los-ingresos-a-etruria\/","name":"Crearon un mural por la discapacidad en uno de los ingresos a Etruria - El Regional","isPartOf":{"@id":"http:\/\/elregionalvm.com.ar\/noticias-villa-maria\/#website"},"primaryImageOfPage":{"@id":"https:\/\/elregionalvm.com.ar\/noticias-villa-maria\/crearon-un-mural-por-la-discapacidad-en-uno-de-los-ingresos-a-etruria\/#primaryimage"},"image":{"@id":"https:\/\/elregionalvm.com.ar\/noticias-villa-maria\/crearon-un-mural-por-la-discapacidad-en-uno-de-los-ingresos-a-etruria\/#primaryimage"},"thumbnailUrl":"https:\/\/i0.wp.com\/elregionalvm.com.ar\/noticias-villa-maria\/wp-content\/uploads\/2023\/12\/Etruria-mural-discapacidad-.jpg?fit=1200%2C675&ssl=1","datePublished":"2023-12-03T02:59:51+00:00","dateModified":"2023-12-03T02:59:53+00:00","author":{"@id":"http:\/\/elregionalvm.com.ar\/noticias-villa-maria\/#\/schema\/person\/a0fb9c422317faca23d50163151bc354"},"breadcrumb":{"@id":"https:\/\/elregionalvm.com.ar\/noticias-villa-maria\/crearon-un-mural-por-la-discapacidad-en-uno-de-los-ingresos-a-etruria\/#breadcrumb"},"inLanguage":"es","potentialAction":[{"@type":"ReadAction","target":["https:\/\/elregionalvm.com.ar\/noticias-villa-maria\/crearon-un-mural-por-la-discapacidad-en-uno-de-los-ingresos-a-etruria\/"]}]},{"@type":"ImageObject","inLanguage":"es","@id":"https:\/\/elregionalvm.com.ar\/noticias-villa-maria\/crearon-un-mural-por-la-discapacidad-en-uno-de-los-ingresos-a-etruria\/#primaryimage","url":"https:\/\/i0.wp.com\/elregionalvm.com.ar\/noticias-villa-maria\/wp-content\/uploads\/2023\/12\/Etruria-mural-discapacidad-.jpg?fit=1200%2C675&ssl=1","contentUrl":"https:\/\/i0.wp.com\/elregionalvm.com.ar\/noticias-villa-maria\/wp-content\/uploads\/2023\/12\/Etruria-mural-discapacidad-.jpg?fit=1200%2C675&ssl=1","width":1200,"height":675},{"@type":"BreadcrumbList","@id":"https:\/\/elregionalvm.com.ar\/noticias-villa-maria\/crearon-un-mural-por-la-discapacidad-en-uno-de-los-ingresos-a-etruria\/#breadcrumb","itemListElement":[{"@type":"ListItem","position":1,"name":"Portada","item":"https:\/\/elregionalvm.com.ar\/noticias-villa-maria\/"},{"@type":"ListItem","position":2,"name":"Crearon un mural por la discapacidad en uno de los ingresos a Etruria"}]},{"@type":"WebSite","@id":"http:\/\/elregionalvm.com.ar\/noticias-villa-maria\/#website","url":"http:\/\/elregionalvm.com.ar\/noticias-villa-maria\/","name":"El Regional","description":"Mucho m\u00e1s que informaci\u00f3n","potentialAction":[{"@type":"SearchAction","target":{"@type":"EntryPoint","urlTemplate":"http:\/\/elregionalvm.com.ar\/noticias-villa-maria\/?s={search_term_string}"},"query-input":{"@type":"PropertyValueSpecification","valueRequired":true,"valueName":"search_term_string"}}],"inLanguage":"es"},{"@type":"Person","@id":"http:\/\/elregionalvm.com.ar\/noticias-villa-maria\/#\/schema\/person\/a0fb9c422317faca23d50163151bc354","name":"Contenidos El Regional","image":{"@type":"ImageObject","inLanguage":"es","@id":"http:\/\/elregionalvm.com.ar\/noticias-villa-maria\/#\/schema\/person\/image\/","url":"https:\/\/secure.gravatar.com\/avatar\/265b27cb2209af7bb3a1318f03305787d7981a5cc6e6cd08fe5a4ecdf99d4b48?s=96&d=mm&r=g","contentUrl":"https:\/\/secure.gravatar.com\/avatar\/265b27cb2209af7bb3a1318f03305787d7981a5cc6e6cd08fe5a4ecdf99d4b48?s=96&d=mm&r=g","caption":"Contenidos El Regional"},"url":"https:\/\/elregionalvm.com.ar\/noticias-villa-maria\/author\/contenido\/"}]}},"jetpack_featured_media_url":"https:\/\/i0.wp.com\/elregionalvm.com.ar\/noticias-villa-maria\/wp-content\/uploads\/2023\/12\/Etruria-mural-discapacidad-.jpg?fit=1200%2C675&ssl=1","jetpack_sharing_enabled":true,"_links":{"self":[{"href":"https:\/\/elregionalvm.com.ar\/noticias-villa-maria\/wp-json\/wp\/v2\/posts\/86671","targetHints":{"allow":["GET"]}}],"collection":[{"href":"https:\/\/elregionalvm.com.ar\/noticias-villa-maria\/wp-json\/wp\/v2\/posts"}],"about":[{"href":"https:\/\/elregionalvm.com.ar\/noticias-villa-maria\/wp-json\/wp\/v2\/types\/post"}],"author":[{"embeddable":true,"href":"https:\/\/elregionalvm.com.ar\/noticias-villa-maria\/wp-json\/wp\/v2\/users\/4"}],"replies":[{"embeddable":true,"href":"https:\/\/elregionalvm.com.ar\/noticias-villa-maria\/wp-json\/wp\/v2\/comments?post=86671"}],"version-history":[{"count":2,"href":"https:\/\/elregionalvm.com.ar\/noticias-villa-maria\/wp-json\/wp\/v2\/posts\/86671\/revisions"}],"predecessor-version":[{"id":86676,"href":"https:\/\/elregionalvm.com.ar\/noticias-villa-maria\/wp-json\/wp\/v2\/posts\/86671\/revisions\/86676"}],"wp:featuredmedia":[{"embeddable":true,"href":"https:\/\/elregionalvm.com.ar\/noticias-villa-maria\/wp-json\/wp\/v2\/media\/86674"}],"wp:attachment":[{"href":"https:\/\/elregionalvm.com.ar\/noticias-villa-maria\/wp-json\/wp\/v2\/media?parent=86671"}],"wp:term":[{"taxonomy":"category","embeddable":true,"href":"https:\/\/elregionalvm.com.ar\/noticias-villa-maria\/wp-json\/wp\/v2\/categories?post=86671"},{"taxonomy":"post_tag","embeddable":true,"href":"https:\/\/elregionalvm.com.ar\/noticias-villa-maria\/wp-json\/wp\/v2\/tags?post=86671"}],"curies":[{"name":"wp","href":"https:\/\/api.w.org\/{rel}","templated":true}]}}