{"id":86691,"date":"2023-12-04T18:40:06","date_gmt":"2023-12-04T18:40:06","guid":{"rendered":"https:\/\/elregionalvm.com.ar\/noticias-villa-maria\/?p=86691"},"modified":"2023-12-05T03:03:58","modified_gmt":"2023-12-05T03:03:58","slug":"entregaron-viviendas-escrituras-y-creditos-en-general-deheza","status":"publish","type":"post","link":"https:\/\/elregionalvm.com.ar\/noticias-villa-maria\/entregaron-viviendas-escrituras-y-creditos-en-general-deheza\/","title":{"rendered":"Entregaron viviendas, escrituras y cr\u00e9ditos en General Deheza"},"content":{"rendered":"\n<p>En cada departamento de C\u00f3rdoba hay Viviendas Semilla ya terminadas. De esta forma, cada semana, m\u00e1s familias se mudan a su casa propia.<\/p>\n\n\n\n<p>En General Deheza, departamento Ju\u00e1rez Celman, fueron ocho las unidades habitacionales que tienen due\u00f1os.<\/p>\n\n\n\n<p><em>\u201cNuestro deseo es que cada familia pueda crecer y desarrollarse en el lugar donde elige vivir. Nadie logra nada solo; no se logra sin capacidad, sin voluntad y trabajo. Pero tampoco se logra sin el profundo amor por los vecinos y un trabajo articulado con la Provincia y los vecinos que, con compromiso, cumplen con el pago de sus cuotas\u201d<\/em>, sostuvo la ministra de H\u00e1bitat y Econom\u00eda Familiar, Laura Jure.<\/p>\n\n\n\n<figure class=\"wp-block-image size-full\"><img data-recalc-dims=\"1\" fetchpriority=\"high\" decoding=\"async\" width=\"1024\" height=\"680\" src=\"https:\/\/i0.wp.com\/elregionalvm.com.ar\/noticias-villa-maria\/wp-content\/uploads\/2023\/12\/WhatsApp-Image-2023-12-01-at-11.36.04-AM-min-1024x680-2.jpeg?resize=1024%2C680&#038;ssl=1\" alt=\"\" class=\"wp-image-86693\" srcset=\"https:\/\/i0.wp.com\/elregionalvm.com.ar\/noticias-villa-maria\/wp-content\/uploads\/2023\/12\/WhatsApp-Image-2023-12-01-at-11.36.04-AM-min-1024x680-2.jpeg?w=1024&amp;ssl=1 1024w, https:\/\/i0.wp.com\/elregionalvm.com.ar\/noticias-villa-maria\/wp-content\/uploads\/2023\/12\/WhatsApp-Image-2023-12-01-at-11.36.04-AM-min-1024x680-2.jpeg?resize=300%2C199&amp;ssl=1 300w, https:\/\/i0.wp.com\/elregionalvm.com.ar\/noticias-villa-maria\/wp-content\/uploads\/2023\/12\/WhatsApp-Image-2023-12-01-at-11.36.04-AM-min-1024x680-2.jpeg?resize=768%2C510&amp;ssl=1 768w\" sizes=\"(max-width: 1000px) 100vw, 1000px\" \/><\/figure>\n\n\n\n<p>Las Viviendas Semilla habilitadas est\u00e1n compuestas por un dormitorio, ba\u00f1o y cocina comedor. Se entregaron listas para habitar, con terminaciones y aberturas de aluminio.<\/p>\n\n\n\n<p>El intendente Franco Morra resalt\u00f3 este programa porque&nbsp;<em>\u201cnos permiti\u00f3 llevar adelante un sue\u00f1o<\/em>&nbsp;<em>para muchos\u201d<\/em>&nbsp;al tiempo que coment\u00f3:&nbsp;<em>\u201cEstas viviendas tienen la particularidad de que algunos de los integrantes del grupo familiar cuentan con alguna discapacidad. Esa situaci\u00f3n a veces hace m\u00e1s dif\u00edcil el camino para llegar a la casa propia. Entonces, no s\u00f3lo se trata de perseguir un sue\u00f1o sino de garantizar la calidad de vida\u201d.<\/em><\/p>\n\n\n\n<p>Adem\u00e1s, en los \u00faltimos d\u00edas, 65 familias de la localidad&nbsp;se transformaron en propietarias luego de terminar los tr\u00e1mites de regularizaci\u00f3n dominial junto a Tu Casa Tu Escritura.<\/p>\n\n\n\n<p>Esta iniciativa provincial impulsa la escrituraci\u00f3n gratuita de viviendas sociales provenientes del Estado Nacional, Provincial, Municipal o adquiridas de manera particular, por parte de personas que no poseen otro inmueble y que sus ingresos no le permiten solventar el gasto de una escritura traslativa de dominio.<\/p>\n\n\n\n<h3 class=\"wp-block-heading\"><strong>M\u00e1s cr\u00e9ditos<\/strong><\/h3>\n\n\n\n<p>En la oportunidad, se entregaron desembolsos de los cr\u00e9ditos M\u00e1s Vida Digna. Y as\u00ed los beneficiarios podr\u00e1n finalizar la construcci\u00f3n de un ba\u00f1o o dormitorio.<\/p>\n\n\n\n<p>Banco de la Gente tambi\u00e9n lleg\u00f3 a General Deheza con su apoyo financiero de destino libre y para iniciar o potenciar emprendimientos.<\/p>\n","protected":false},"excerpt":{"rendered":"<p>En cada departamento de C\u00f3rdoba hay Viviendas Semilla ya terminadas. De esta forma, cada semana, m\u00e1s familias se mudan a su casa propia. En General Deheza, departamento Ju\u00e1rez Celman, fueron ocho las unidades habitacionales que tienen due\u00f1os. \u201cNuestro deseo es que cada familia pueda crecer y desarrollarse en el lugar donde elige vivir. Nadie logra [&hellip;]<\/p>\n","protected":false},"author":4,"featured_media":86692,"comment_status":"open","ping_status":"open","sticky":false,"template":"","format":"standard","meta":{"site-sidebar-layout":"default","site-content-layout":"","ast-site-content-layout":"default","site-content-style":"default","site-sidebar-style":"default","ast-global-header-display":"","ast-banner-title-visibility":"","ast-main-header-display":"","ast-hfb-above-header-display":"","ast-hfb-below-header-display":"","ast-hfb-mobile-header-display":"","site-post-title":"","ast-breadcrumbs-content":"","ast-featured-img":"","footer-sml-layout":"","ast-disable-related-posts":"","theme-transparent-header-meta":"","adv-header-id-meta":"","stick-header-meta":"","header-above-stick-meta":"","header-main-stick-meta":"","header-below-stick-meta":"","astra-migrate-meta-layouts":"set","ast-page-background-enabled":"default","ast-page-background-meta":{"desktop":{"background-color":"","background-image":"","background-repeat":"repeat","background-position":"center center","background-size":"auto","background-attachment":"scroll","background-type":"","background-media":"","overlay-type":"","overlay-color":"","overlay-opacity":"","overlay-gradient":""},"tablet":{"background-color":"","background-image":"","background-repeat":"repeat","background-position":"center center","background-size":"auto","background-attachment":"scroll","background-type":"","background-media":"","overlay-type":"","overlay-color":"","overlay-opacity":"","overlay-gradient":""},"mobile":{"background-color":"","background-image":"","background-repeat":"repeat","background-position":"center center","background-size":"auto","background-attachment":"scroll","background-type":"","background-media":"","overlay-type":"","overlay-color":"","overlay-opacity":"","overlay-gradient":""}},"ast-content-background-meta":{"desktop":{"background-color":"var(--ast-global-color-5)","background-image":"","background-repeat":"repeat","background-position":"center center","background-size":"auto","background-attachment":"scroll","background-type":"","background-media":"","overlay-type":"","overlay-color":"","overlay-opacity":"","overlay-gradient":""},"tablet":{"background-color":"var(--ast-global-color-5)","background-image":"","background-repeat":"repeat","background-position":"center center","background-size":"auto","background-attachment":"scroll","background-type":"","background-media":"","overlay-type":"","overlay-color":"","overlay-opacity":"","overlay-gradient":""},"mobile":{"background-color":"var(--ast-global-color-5)","background-image":"","background-repeat":"repeat","background-position":"center center","background-size":"auto","background-attachment":"scroll","background-type":"","background-media":"","overlay-type":"","overlay-color":"","overlay-opacity":"","overlay-gradient":""}},"_jetpack_memberships_contains_paid_content":false,"_joinchat":[],"footnotes":""},"categories":[2091,5],"tags":[],"class_list":["post-86691","post","type-post","status-publish","format-standard","has-post-thumbnail","hentry","category-region","category-sociedad"],"yoast_head":"<!-- This site is optimized with the Yoast SEO plugin v26.8 - https:\/\/yoast.com\/product\/yoast-seo-wordpress\/ -->\n<title>Entregaron viviendas, escrituras y cr\u00e9ditos en General Deheza - El Regional<\/title>\n<meta name=\"robots\" content=\"index, follow, max-snippet:-1, max-image-preview:large, max-video-preview:-1\" \/>\n<link rel=\"canonical\" href=\"https:\/\/elregionalvm.com.ar\/noticias-villa-maria\/entregaron-viviendas-escrituras-y-creditos-en-general-deheza\/\" \/>\n<meta property=\"og:locale\" content=\"es_ES\" \/>\n<meta property=\"og:type\" content=\"article\" \/>\n<meta property=\"og:title\" content=\"Entregaron viviendas, escrituras y cr\u00e9ditos en General Deheza - El Regional\" \/>\n<meta property=\"og:description\" content=\"En cada departamento de C\u00f3rdoba hay Viviendas Semilla ya terminadas. De esta forma, cada semana, m\u00e1s familias se mudan a su casa propia. En General Deheza, departamento Ju\u00e1rez Celman, fueron ocho las unidades habitacionales que tienen due\u00f1os. \u201cNuestro deseo es que cada familia pueda crecer y desarrollarse en el lugar donde elige vivir. Nadie logra [&hellip;]\" \/>\n<meta property=\"og:url\" content=\"https:\/\/elregionalvm.com.ar\/noticias-villa-maria\/entregaron-viviendas-escrituras-y-creditos-en-general-deheza\/\" \/>\n<meta property=\"og:site_name\" content=\"El Regional\" \/>\n<meta property=\"article:publisher\" content=\"https:\/\/www.facebook.com\/elregionalvm\" \/>\n<meta property=\"article:published_time\" content=\"2023-12-04T18:40:06+00:00\" \/>\n<meta property=\"article:modified_time\" content=\"2023-12-05T03:03:58+00:00\" \/>\n<meta property=\"og:image\" content=\"https:\/\/elregionalvm.com.ar\/noticias-villa-maria\/wp-content\/uploads\/2023\/12\/Dehexza-3-min.jpg\" \/>\n\t<meta property=\"og:image:width\" content=\"993\" \/>\n\t<meta property=\"og:image:height\" content=\"660\" \/>\n\t<meta property=\"og:image:type\" content=\"image\/jpeg\" \/>\n<meta name=\"author\" content=\"Contenidos El Regional\" \/>\n<meta name=\"twitter:card\" content=\"summary_large_image\" \/>\n<meta name=\"twitter:creator\" content=\"@elregionalvm1\" \/>\n<meta name=\"twitter:site\" content=\"@elregionalvm1\" \/>\n<meta name=\"twitter:label1\" content=\"Escrito por\" \/>\n\t<meta name=\"twitter:data1\" content=\"Contenidos El Regional\" \/>\n\t<meta name=\"twitter:label2\" content=\"Tiempo de lectura\" \/>\n\t<meta name=\"twitter:data2\" content=\"2 minutos\" \/>\n<script type=\"application\/ld+json\" class=\"yoast-schema-graph\">{\"@context\":\"https:\/\/schema.org\",\"@graph\":[{\"@type\":\"Article\",\"@id\":\"https:\/\/elregionalvm.com.ar\/noticias-villa-maria\/entregaron-viviendas-escrituras-y-creditos-en-general-deheza\/#article\",\"isPartOf\":{\"@id\":\"https:\/\/elregionalvm.com.ar\/noticias-villa-maria\/entregaron-viviendas-escrituras-y-creditos-en-general-deheza\/\"},\"author\":{\"name\":\"Contenidos El Regional\",\"@id\":\"http:\/\/elregionalvm.com.ar\/noticias-villa-maria\/#\/schema\/person\/a0fb9c422317faca23d50163151bc354\"},\"headline\":\"Entregaron viviendas, escrituras y cr\u00e9ditos en General Deheza\",\"datePublished\":\"2023-12-04T18:40:06+00:00\",\"dateModified\":\"2023-12-05T03:03:58+00:00\",\"mainEntityOfPage\":{\"@id\":\"https:\/\/elregionalvm.com.ar\/noticias-villa-maria\/entregaron-viviendas-escrituras-y-creditos-en-general-deheza\/\"},\"wordCount\":363,\"commentCount\":0,\"image\":{\"@id\":\"https:\/\/elregionalvm.com.ar\/noticias-villa-maria\/entregaron-viviendas-escrituras-y-creditos-en-general-deheza\/#primaryimage\"},\"thumbnailUrl\":\"https:\/\/i0.wp.com\/elregionalvm.com.ar\/noticias-villa-maria\/wp-content\/uploads\/2023\/12\/Dehexza-3-min.jpg?fit=993%2C660&ssl=1\",\"articleSection\":[\"Regi\u00f3n\",\"Sociedad\"],\"inLanguage\":\"es\",\"potentialAction\":[{\"@type\":\"CommentAction\",\"name\":\"Comment\",\"target\":[\"https:\/\/elregionalvm.com.ar\/noticias-villa-maria\/entregaron-viviendas-escrituras-y-creditos-en-general-deheza\/#respond\"]}]},{\"@type\":\"WebPage\",\"@id\":\"https:\/\/elregionalvm.com.ar\/noticias-villa-maria\/entregaron-viviendas-escrituras-y-creditos-en-general-deheza\/\",\"url\":\"https:\/\/elregionalvm.com.ar\/noticias-villa-maria\/entregaron-viviendas-escrituras-y-creditos-en-general-deheza\/\",\"name\":\"Entregaron viviendas, escrituras y cr\u00e9ditos en General Deheza - El Regional\",\"isPartOf\":{\"@id\":\"http:\/\/elregionalvm.com.ar\/noticias-villa-maria\/#website\"},\"primaryImageOfPage\":{\"@id\":\"https:\/\/elregionalvm.com.ar\/noticias-villa-maria\/entregaron-viviendas-escrituras-y-creditos-en-general-deheza\/#primaryimage\"},\"image\":{\"@id\":\"https:\/\/elregionalvm.com.ar\/noticias-villa-maria\/entregaron-viviendas-escrituras-y-creditos-en-general-deheza\/#primaryimage\"},\"thumbnailUrl\":\"https:\/\/i0.wp.com\/elregionalvm.com.ar\/noticias-villa-maria\/wp-content\/uploads\/2023\/12\/Dehexza-3-min.jpg?fit=993%2C660&ssl=1\",\"datePublished\":\"2023-12-04T18:40:06+00:00\",\"dateModified\":\"2023-12-05T03:03:58+00:00\",\"author\":{\"@id\":\"http:\/\/elregionalvm.com.ar\/noticias-villa-maria\/#\/schema\/person\/a0fb9c422317faca23d50163151bc354\"},\"breadcrumb\":{\"@id\":\"https:\/\/elregionalvm.com.ar\/noticias-villa-maria\/entregaron-viviendas-escrituras-y-creditos-en-general-deheza\/#breadcrumb\"},\"inLanguage\":\"es\",\"potentialAction\":[{\"@type\":\"ReadAction\",\"target\":[\"https:\/\/elregionalvm.com.ar\/noticias-villa-maria\/entregaron-viviendas-escrituras-y-creditos-en-general-deheza\/\"]}]},{\"@type\":\"ImageObject\",\"inLanguage\":\"es\",\"@id\":\"https:\/\/elregionalvm.com.ar\/noticias-villa-maria\/entregaron-viviendas-escrituras-y-creditos-en-general-deheza\/#primaryimage\",\"url\":\"https:\/\/i0.wp.com\/elregionalvm.com.ar\/noticias-villa-maria\/wp-content\/uploads\/2023\/12\/Dehexza-3-min.jpg?fit=993%2C660&ssl=1\",\"contentUrl\":\"https:\/\/i0.wp.com\/elregionalvm.com.ar\/noticias-villa-maria\/wp-content\/uploads\/2023\/12\/Dehexza-3-min.jpg?fit=993%2C660&ssl=1\",\"width\":993,\"height\":660},{\"@type\":\"BreadcrumbList\",\"@id\":\"https:\/\/elregionalvm.com.ar\/noticias-villa-maria\/entregaron-viviendas-escrituras-y-creditos-en-general-deheza\/#breadcrumb\",\"itemListElement\":[{\"@type\":\"ListItem\",\"position\":1,\"name\":\"Portada\",\"item\":\"https:\/\/elregionalvm.com.ar\/noticias-villa-maria\/\"},{\"@type\":\"ListItem\",\"position\":2,\"name\":\"Entregaron viviendas, escrituras y cr\u00e9ditos en General Deheza\"}]},{\"@type\":\"WebSite\",\"@id\":\"http:\/\/elregionalvm.com.ar\/noticias-villa-maria\/#website\",\"url\":\"http:\/\/elregionalvm.com.ar\/noticias-villa-maria\/\",\"name\":\"El Regional\",\"description\":\"Mucho m\u00e1s que informaci\u00f3n\",\"potentialAction\":[{\"@type\":\"SearchAction\",\"target\":{\"@type\":\"EntryPoint\",\"urlTemplate\":\"http:\/\/elregionalvm.com.ar\/noticias-villa-maria\/?s={search_term_string}\"},\"query-input\":{\"@type\":\"PropertyValueSpecification\",\"valueRequired\":true,\"valueName\":\"search_term_string\"}}],\"inLanguage\":\"es\"},{\"@type\":\"Person\",\"@id\":\"http:\/\/elregionalvm.com.ar\/noticias-villa-maria\/#\/schema\/person\/a0fb9c422317faca23d50163151bc354\",\"name\":\"Contenidos El Regional\",\"image\":{\"@type\":\"ImageObject\",\"inLanguage\":\"es\",\"@id\":\"http:\/\/elregionalvm.com.ar\/noticias-villa-maria\/#\/schema\/person\/image\/\",\"url\":\"https:\/\/secure.gravatar.com\/avatar\/265b27cb2209af7bb3a1318f03305787d7981a5cc6e6cd08fe5a4ecdf99d4b48?s=96&d=mm&r=g\",\"contentUrl\":\"https:\/\/secure.gravatar.com\/avatar\/265b27cb2209af7bb3a1318f03305787d7981a5cc6e6cd08fe5a4ecdf99d4b48?s=96&d=mm&r=g\",\"caption\":\"Contenidos El Regional\"},\"url\":\"https:\/\/elregionalvm.com.ar\/noticias-villa-maria\/author\/contenido\/\"}]}<\/script>\n<!-- \/ Yoast SEO plugin. -->","yoast_head_json":{"title":"Entregaron viviendas, escrituras y cr\u00e9ditos en General Deheza - El Regional","robots":{"index":"index","follow":"follow","max-snippet":"max-snippet:-1","max-image-preview":"max-image-preview:large","max-video-preview":"max-video-preview:-1"},"canonical":"https:\/\/elregionalvm.com.ar\/noticias-villa-maria\/entregaron-viviendas-escrituras-y-creditos-en-general-deheza\/","og_locale":"es_ES","og_type":"article","og_title":"Entregaron viviendas, escrituras y cr\u00e9ditos en General Deheza - El Regional","og_description":"En cada departamento de C\u00f3rdoba hay Viviendas Semilla ya terminadas. De esta forma, cada semana, m\u00e1s familias se mudan a su casa propia. En General Deheza, departamento Ju\u00e1rez Celman, fueron ocho las unidades habitacionales que tienen due\u00f1os. \u201cNuestro deseo es que cada familia pueda crecer y desarrollarse en el lugar donde elige vivir. Nadie logra [&hellip;]","og_url":"https:\/\/elregionalvm.com.ar\/noticias-villa-maria\/entregaron-viviendas-escrituras-y-creditos-en-general-deheza\/","og_site_name":"El Regional","article_publisher":"https:\/\/www.facebook.com\/elregionalvm","article_published_time":"2023-12-04T18:40:06+00:00","article_modified_time":"2023-12-05T03:03:58+00:00","og_image":[{"width":993,"height":660,"url":"https:\/\/elregionalvm.com.ar\/noticias-villa-maria\/wp-content\/uploads\/2023\/12\/Dehexza-3-min.jpg","type":"image\/jpeg"}],"author":"Contenidos El Regional","twitter_card":"summary_large_image","twitter_creator":"@elregionalvm1","twitter_site":"@elregionalvm1","twitter_misc":{"Escrito por":"Contenidos El Regional","Tiempo de lectura":"2 minutos"},"schema":{"@context":"https:\/\/schema.org","@graph":[{"@type":"Article","@id":"https:\/\/elregionalvm.com.ar\/noticias-villa-maria\/entregaron-viviendas-escrituras-y-creditos-en-general-deheza\/#article","isPartOf":{"@id":"https:\/\/elregionalvm.com.ar\/noticias-villa-maria\/entregaron-viviendas-escrituras-y-creditos-en-general-deheza\/"},"author":{"name":"Contenidos El Regional","@id":"http:\/\/elregionalvm.com.ar\/noticias-villa-maria\/#\/schema\/person\/a0fb9c422317faca23d50163151bc354"},"headline":"Entregaron viviendas, escrituras y cr\u00e9ditos en General Deheza","datePublished":"2023-12-04T18:40:06+00:00","dateModified":"2023-12-05T03:03:58+00:00","mainEntityOfPage":{"@id":"https:\/\/elregionalvm.com.ar\/noticias-villa-maria\/entregaron-viviendas-escrituras-y-creditos-en-general-deheza\/"},"wordCount":363,"commentCount":0,"image":{"@id":"https:\/\/elregionalvm.com.ar\/noticias-villa-maria\/entregaron-viviendas-escrituras-y-creditos-en-general-deheza\/#primaryimage"},"thumbnailUrl":"https:\/\/i0.wp.com\/elregionalvm.com.ar\/noticias-villa-maria\/wp-content\/uploads\/2023\/12\/Dehexza-3-min.jpg?fit=993%2C660&ssl=1","articleSection":["Regi\u00f3n","Sociedad"],"inLanguage":"es","potentialAction":[{"@type":"CommentAction","name":"Comment","target":["https:\/\/elregionalvm.com.ar\/noticias-villa-maria\/entregaron-viviendas-escrituras-y-creditos-en-general-deheza\/#respond"]}]},{"@type":"WebPage","@id":"https:\/\/elregionalvm.com.ar\/noticias-villa-maria\/entregaron-viviendas-escrituras-y-creditos-en-general-deheza\/","url":"https:\/\/elregionalvm.com.ar\/noticias-villa-maria\/entregaron-viviendas-escrituras-y-creditos-en-general-deheza\/","name":"Entregaron viviendas, escrituras y cr\u00e9ditos en General Deheza - El Regional","isPartOf":{"@id":"http:\/\/elregionalvm.com.ar\/noticias-villa-maria\/#website"},"primaryImageOfPage":{"@id":"https:\/\/elregionalvm.com.ar\/noticias-villa-maria\/entregaron-viviendas-escrituras-y-creditos-en-general-deheza\/#primaryimage"},"image":{"@id":"https:\/\/elregionalvm.com.ar\/noticias-villa-maria\/entregaron-viviendas-escrituras-y-creditos-en-general-deheza\/#primaryimage"},"thumbnailUrl":"https:\/\/i0.wp.com\/elregionalvm.com.ar\/noticias-villa-maria\/wp-content\/uploads\/2023\/12\/Dehexza-3-min.jpg?fit=993%2C660&ssl=1","datePublished":"2023-12-04T18:40:06+00:00","dateModified":"2023-12-05T03:03:58+00:00","author":{"@id":"http:\/\/elregionalvm.com.ar\/noticias-villa-maria\/#\/schema\/person\/a0fb9c422317faca23d50163151bc354"},"breadcrumb":{"@id":"https:\/\/elregionalvm.com.ar\/noticias-villa-maria\/entregaron-viviendas-escrituras-y-creditos-en-general-deheza\/#breadcrumb"},"inLanguage":"es","potentialAction":[{"@type":"ReadAction","target":["https:\/\/elregionalvm.com.ar\/noticias-villa-maria\/entregaron-viviendas-escrituras-y-creditos-en-general-deheza\/"]}]},{"@type":"ImageObject","inLanguage":"es","@id":"https:\/\/elregionalvm.com.ar\/noticias-villa-maria\/entregaron-viviendas-escrituras-y-creditos-en-general-deheza\/#primaryimage","url":"https:\/\/i0.wp.com\/elregionalvm.com.ar\/noticias-villa-maria\/wp-content\/uploads\/2023\/12\/Dehexza-3-min.jpg?fit=993%2C660&ssl=1","contentUrl":"https:\/\/i0.wp.com\/elregionalvm.com.ar\/noticias-villa-maria\/wp-content\/uploads\/2023\/12\/Dehexza-3-min.jpg?fit=993%2C660&ssl=1","width":993,"height":660},{"@type":"BreadcrumbList","@id":"https:\/\/elregionalvm.com.ar\/noticias-villa-maria\/entregaron-viviendas-escrituras-y-creditos-en-general-deheza\/#breadcrumb","itemListElement":[{"@type":"ListItem","position":1,"name":"Portada","item":"https:\/\/elregionalvm.com.ar\/noticias-villa-maria\/"},{"@type":"ListItem","position":2,"name":"Entregaron viviendas, escrituras y cr\u00e9ditos en General Deheza"}]},{"@type":"WebSite","@id":"http:\/\/elregionalvm.com.ar\/noticias-villa-maria\/#website","url":"http:\/\/elregionalvm.com.ar\/noticias-villa-maria\/","name":"El Regional","description":"Mucho m\u00e1s que informaci\u00f3n","potentialAction":[{"@type":"SearchAction","target":{"@type":"EntryPoint","urlTemplate":"http:\/\/elregionalvm.com.ar\/noticias-villa-maria\/?s={search_term_string}"},"query-input":{"@type":"PropertyValueSpecification","valueRequired":true,"valueName":"search_term_string"}}],"inLanguage":"es"},{"@type":"Person","@id":"http:\/\/elregionalvm.com.ar\/noticias-villa-maria\/#\/schema\/person\/a0fb9c422317faca23d50163151bc354","name":"Contenidos El Regional","image":{"@type":"ImageObject","inLanguage":"es","@id":"http:\/\/elregionalvm.com.ar\/noticias-villa-maria\/#\/schema\/person\/image\/","url":"https:\/\/secure.gravatar.com\/avatar\/265b27cb2209af7bb3a1318f03305787d7981a5cc6e6cd08fe5a4ecdf99d4b48?s=96&d=mm&r=g","contentUrl":"https:\/\/secure.gravatar.com\/avatar\/265b27cb2209af7bb3a1318f03305787d7981a5cc6e6cd08fe5a4ecdf99d4b48?s=96&d=mm&r=g","caption":"Contenidos El Regional"},"url":"https:\/\/elregionalvm.com.ar\/noticias-villa-maria\/author\/contenido\/"}]}},"jetpack_featured_media_url":"https:\/\/i0.wp.com\/elregionalvm.com.ar\/noticias-villa-maria\/wp-content\/uploads\/2023\/12\/Dehexza-3-min.jpg?fit=993%2C660&ssl=1","jetpack_sharing_enabled":true,"_links":{"self":[{"href":"https:\/\/elregionalvm.com.ar\/noticias-villa-maria\/wp-json\/wp\/v2\/posts\/86691","targetHints":{"allow":["GET"]}}],"collection":[{"href":"https:\/\/elregionalvm.com.ar\/noticias-villa-maria\/wp-json\/wp\/v2\/posts"}],"about":[{"href":"https:\/\/elregionalvm.com.ar\/noticias-villa-maria\/wp-json\/wp\/v2\/types\/post"}],"author":[{"embeddable":true,"href":"https:\/\/elregionalvm.com.ar\/noticias-villa-maria\/wp-json\/wp\/v2\/users\/4"}],"replies":[{"embeddable":true,"href":"https:\/\/elregionalvm.com.ar\/noticias-villa-maria\/wp-json\/wp\/v2\/comments?post=86691"}],"version-history":[{"count":1,"href":"https:\/\/elregionalvm.com.ar\/noticias-villa-maria\/wp-json\/wp\/v2\/posts\/86691\/revisions"}],"predecessor-version":[{"id":86694,"href":"https:\/\/elregionalvm.com.ar\/noticias-villa-maria\/wp-json\/wp\/v2\/posts\/86691\/revisions\/86694"}],"wp:featuredmedia":[{"embeddable":true,"href":"https:\/\/elregionalvm.com.ar\/noticias-villa-maria\/wp-json\/wp\/v2\/media\/86692"}],"wp:attachment":[{"href":"https:\/\/elregionalvm.com.ar\/noticias-villa-maria\/wp-json\/wp\/v2\/media?parent=86691"}],"wp:term":[{"taxonomy":"category","embeddable":true,"href":"https:\/\/elregionalvm.com.ar\/noticias-villa-maria\/wp-json\/wp\/v2\/categories?post=86691"},{"taxonomy":"post_tag","embeddable":true,"href":"https:\/\/elregionalvm.com.ar\/noticias-villa-maria\/wp-json\/wp\/v2\/tags?post=86691"}],"curies":[{"name":"wp","href":"https:\/\/api.w.org\/{rel}","templated":true}]}}