{"id":86702,"date":"2023-12-04T19:09:13","date_gmt":"2023-12-04T19:09:13","guid":{"rendered":"https:\/\/elregionalvm.com.ar\/noticias-villa-maria\/?p=86702"},"modified":"2023-12-05T03:05:02","modified_gmt":"2023-12-05T03:05:02","slug":"la-recaudacion-de-la-provincia-cayo-7-en-noviembre","status":"publish","type":"post","link":"https:\/\/elregionalvm.com.ar\/noticias-villa-maria\/la-recaudacion-de-la-provincia-cayo-7-en-noviembre\/","title":{"rendered":"La recaudaci\u00f3n de la Provincia cay\u00f3 7% en noviembre"},"content":{"rendered":"\n<p>La recaudaci\u00f3n total de noviembre de 2023 fue de $221.382 millones, lo que significa un crecimiento nominal del 138% respecto al mismo mes del 2022. Si se descuenta la inflaci\u00f3n del per\u00edodo, la recaudaci\u00f3n de noviembre ser\u00eda aproximadamente un 7% inferior a la de igual mes del a\u00f1o pasado.<\/p>\n\n\n\n<p>Los recursos de origen provincial crecieron un 155% interanual en t\u00e9rminos nominales, en l\u00ednea con el incremento de precios estimado para igual periodo (Gr\u00e1fico 1).<\/p>\n\n\n\n<p>Entre los recursos de origen provincial, Ingresos Brutos, que explica el 83% de la recaudaci\u00f3n propia, aument\u00f3 175% interanual en t\u00e9rminos nominales, lo que implica un crecimiento del 8% en t\u00e9rminos reales para igual periodo. Sellos, que tiene una participaci\u00f3n del 8% en la recaudaci\u00f3n propia, muestra una variaci\u00f3n negativa del 18% en t\u00e9rminos reales respecto de noviembre de 2022.<\/p>\n\n\n\n<p>Los&nbsp;<strong>impuestos<\/strong>&nbsp;<strong>patrimoniales<\/strong>, con una participaci\u00f3n del 6% en la recaudaci\u00f3n provincial, cayeron aproximadamente un 32% en t\u00e9rminos reales respecto de noviembre del 2022. En el caso del&nbsp;<strong>Inmobiliario<\/strong>, el incremento nominal fue del 65% que implica una ca\u00edda, descontada la inflaci\u00f3n, del 35%. Cabe aclarar que la actualizaci\u00f3n del impuesto dispuesta para 2023 fue del 40% promedio para el urbano y del 59% promedio en el caso del rural. Por su parte, el&nbsp;<strong>Automotor<\/strong>&nbsp;presenta un incremento nominal del 96%, que implica una ca\u00edda del orden del 23% en t\u00e9rminos reales.<\/p>\n\n\n\n<p>Los&nbsp;<strong>recursos de origen nacional<\/strong>, por su parte, registran en noviembre del 2023 un incremento del 128% en t\u00e9rminos nominales respecto al mismo mes del 2022. Descontada la inflaci\u00f3n, implica una ca\u00edda real del 11% interanual.<\/p>\n\n\n\n<p>El\u00a0<strong>IVA neto de devoluciones<\/strong>\u00a0creci\u00f3 a un ritmo interanual del 171% en t\u00e9rminos nominales, con una suba en t\u00e9rminos reales del 6%, explicada en parte por la suspensi\u00f3n hasta el 31 de diciembre de 2023 de los certificados de exclusi\u00f3n del r\u00e9gimen de percepci\u00f3n del IVA para empresas importadoras que les permit\u00eda estar exentas (Resoluci\u00f3n General 5339\/2023). <\/p>\n\n\n\n<p>La recaudaci\u00f3n de\u00a0<strong>Ganancias<\/strong>, por su parte, creci\u00f3 s\u00f3lo un 76% interanual en t\u00e9rminos nominales, presentando una ca\u00edda real del orden del 31% (Gr\u00e1fico 1). Esto se debe, por un lado, a que la Resoluci\u00f3n General 5248\/2022 dispuso un pago a cuenta extraordinario para las sociedades, que implic\u00f3 un incremento de $74.000 millones en la recaudaci\u00f3n nacional del mes de noviembre de 2022. <\/p>\n\n\n\n<p>Por otro lado, los Decretos 415\/2023 y 473\/2023 elevaron el M\u00ednimo No imponible y modificaron la escala de al\u00edcuotas del impuesto, reduciendo la recaudaci\u00f3n nacional de la cuarta categor\u00eda en $170.000 millones.<\/p>\n\n\n\n<p><strong>Gr\u00e1fico 1. Principales recursos provinciales y nacionales<\/strong><\/p>\n\n\n\n<p>Variaciones mensuales interanuales en t\u00e9rminos reales \u2013 noviembre 2023<\/p>\n\n\n\n<figure class=\"wp-block-image size-full\"><img data-recalc-dims=\"1\" fetchpriority=\"high\" decoding=\"async\" width=\"751\" height=\"488\" src=\"https:\/\/i0.wp.com\/elregionalvm.com.ar\/noticias-villa-maria\/wp-content\/uploads\/2023\/12\/image.png?resize=751%2C488&#038;ssl=1\" alt=\"\" class=\"wp-image-86704\" srcset=\"https:\/\/i0.wp.com\/elregionalvm.com.ar\/noticias-villa-maria\/wp-content\/uploads\/2023\/12\/image.png?w=751&amp;ssl=1 751w, https:\/\/i0.wp.com\/elregionalvm.com.ar\/noticias-villa-maria\/wp-content\/uploads\/2023\/12\/image.png?resize=300%2C195&amp;ssl=1 300w\" sizes=\"(max-width: 751px) 100vw, 751px\" \/><\/figure>\n\n\n\n<p>Nota: * En base a IPC C\u00f3rdoba, inflaci\u00f3n interanual mensual 2023 (IPC C\u00f3rdoba hasta octubre de 2023 y estimaci\u00f3n para el mes de noviembre de 2023); ** Incluye lo recibido a trav\u00e9s del R\u00e9gimen de Coparticipaci\u00f3n Federal de Impuestos y el Fondo para Obras de Infraestructura y Programas Sociales; *** A los fines del c\u00e1lculo de la variaci\u00f3n promedio de la recaudaci\u00f3n seg\u00fan origen, se consideran los montos totales recaudados en concepto de recursos tributarios y no tributarios.<\/p>\n\n\n\n<p>Fuente: Ministerio de Finanzas.<\/p>\n","protected":false},"excerpt":{"rendered":"<p>La recaudaci\u00f3n total de noviembre de 2023 fue de $221.382 millones, lo que significa un crecimiento nominal del 138% respecto al mismo mes del 2022. Si se descuenta la inflaci\u00f3n del per\u00edodo, la recaudaci\u00f3n de noviembre ser\u00eda aproximadamente un 7% inferior a la de igual mes del a\u00f1o pasado. Los recursos de origen provincial crecieron [&hellip;]<\/p>\n","protected":false},"author":4,"featured_media":86703,"comment_status":"open","ping_status":"open","sticky":false,"template":"","format":"standard","meta":{"site-sidebar-layout":"default","site-content-layout":"","ast-site-content-layout":"default","site-content-style":"default","site-sidebar-style":"default","ast-global-header-display":"","ast-banner-title-visibility":"","ast-main-header-display":"","ast-hfb-above-header-display":"","ast-hfb-below-header-display":"","ast-hfb-mobile-header-display":"","site-post-title":"","ast-breadcrumbs-content":"","ast-featured-img":"","footer-sml-layout":"","ast-disable-related-posts":"","theme-transparent-header-meta":"","adv-header-id-meta":"","stick-header-meta":"","header-above-stick-meta":"","header-main-stick-meta":"","header-below-stick-meta":"","astra-migrate-meta-layouts":"set","ast-page-background-enabled":"default","ast-page-background-meta":{"desktop":{"background-color":"","background-image":"","background-repeat":"repeat","background-position":"center center","background-size":"auto","background-attachment":"scroll","background-type":"","background-media":"","overlay-type":"","overlay-color":"","overlay-opacity":"","overlay-gradient":""},"tablet":{"background-color":"","background-image":"","background-repeat":"repeat","background-position":"center center","background-size":"auto","background-attachment":"scroll","background-type":"","background-media":"","overlay-type":"","overlay-color":"","overlay-opacity":"","overlay-gradient":""},"mobile":{"background-color":"","background-image":"","background-repeat":"repeat","background-position":"center center","background-size":"auto","background-attachment":"scroll","background-type":"","background-media":"","overlay-type":"","overlay-color":"","overlay-opacity":"","overlay-gradient":""}},"ast-content-background-meta":{"desktop":{"background-color":"var(--ast-global-color-5)","background-image":"","background-repeat":"repeat","background-position":"center center","background-size":"auto","background-attachment":"scroll","background-type":"","background-media":"","overlay-type":"","overlay-color":"","overlay-opacity":"","overlay-gradient":""},"tablet":{"background-color":"var(--ast-global-color-5)","background-image":"","background-repeat":"repeat","background-position":"center center","background-size":"auto","background-attachment":"scroll","background-type":"","background-media":"","overlay-type":"","overlay-color":"","overlay-opacity":"","overlay-gradient":""},"mobile":{"background-color":"var(--ast-global-color-5)","background-image":"","background-repeat":"repeat","background-position":"center center","background-size":"auto","background-attachment":"scroll","background-type":"","background-media":"","overlay-type":"","overlay-color":"","overlay-opacity":"","overlay-gradient":""}},"_jetpack_memberships_contains_paid_content":false,"_joinchat":[],"footnotes":""},"categories":[15302,16095,5],"tags":[],"class_list":["post-86702","post","type-post","status-publish","format-standard","has-post-thumbnail","hentry","category-destacado","category-provinciales","category-sociedad"],"yoast_head":"<!-- This site is optimized with the Yoast SEO plugin v26.8 - https:\/\/yoast.com\/product\/yoast-seo-wordpress\/ -->\n<title>La recaudaci\u00f3n de la Provincia cay\u00f3 7% en noviembre - El Regional<\/title>\n<meta name=\"robots\" content=\"index, follow, max-snippet:-1, max-image-preview:large, max-video-preview:-1\" \/>\n<link rel=\"canonical\" href=\"https:\/\/elregionalvm.com.ar\/noticias-villa-maria\/la-recaudacion-de-la-provincia-cayo-7-en-noviembre\/\" \/>\n<meta property=\"og:locale\" content=\"es_ES\" \/>\n<meta property=\"og:type\" content=\"article\" \/>\n<meta property=\"og:title\" content=\"La recaudaci\u00f3n de la Provincia cay\u00f3 7% en noviembre - El Regional\" \/>\n<meta property=\"og:description\" content=\"La recaudaci\u00f3n total de noviembre de 2023 fue de $221.382 millones, lo que significa un crecimiento nominal del 138% respecto al mismo mes del 2022. Si se descuenta la inflaci\u00f3n del per\u00edodo, la recaudaci\u00f3n de noviembre ser\u00eda aproximadamente un 7% inferior a la de igual mes del a\u00f1o pasado. Los recursos de origen provincial crecieron [&hellip;]\" \/>\n<meta property=\"og:url\" content=\"https:\/\/elregionalvm.com.ar\/noticias-villa-maria\/la-recaudacion-de-la-provincia-cayo-7-en-noviembre\/\" \/>\n<meta property=\"og:site_name\" content=\"El Regional\" \/>\n<meta property=\"article:publisher\" content=\"https:\/\/www.facebook.com\/elregionalvm\" \/>\n<meta property=\"article:published_time\" content=\"2023-12-04T19:09:13+00:00\" \/>\n<meta property=\"article:modified_time\" content=\"2023-12-05T03:05:02+00:00\" \/>\n<meta property=\"og:image\" content=\"https:\/\/elregionalvm.com.ar\/noticias-villa-maria\/wp-content\/uploads\/2023\/12\/gacetilla_2.jpg\" \/>\n\t<meta property=\"og:image:width\" content=\"990\" \/>\n\t<meta property=\"og:image:height\" content=\"660\" \/>\n\t<meta property=\"og:image:type\" content=\"image\/jpeg\" \/>\n<meta name=\"author\" content=\"Contenidos El Regional\" \/>\n<meta name=\"twitter:card\" content=\"summary_large_image\" \/>\n<meta name=\"twitter:creator\" content=\"@elregionalvm1\" \/>\n<meta name=\"twitter:site\" content=\"@elregionalvm1\" \/>\n<meta name=\"twitter:label1\" content=\"Escrito por\" \/>\n\t<meta name=\"twitter:data1\" content=\"Contenidos El Regional\" \/>\n\t<meta name=\"twitter:label2\" content=\"Tiempo de lectura\" \/>\n\t<meta name=\"twitter:data2\" content=\"3 minutos\" \/>\n<script type=\"application\/ld+json\" class=\"yoast-schema-graph\">{\"@context\":\"https:\/\/schema.org\",\"@graph\":[{\"@type\":\"Article\",\"@id\":\"https:\/\/elregionalvm.com.ar\/noticias-villa-maria\/la-recaudacion-de-la-provincia-cayo-7-en-noviembre\/#article\",\"isPartOf\":{\"@id\":\"https:\/\/elregionalvm.com.ar\/noticias-villa-maria\/la-recaudacion-de-la-provincia-cayo-7-en-noviembre\/\"},\"author\":{\"name\":\"Contenidos El Regional\",\"@id\":\"http:\/\/elregionalvm.com.ar\/noticias-villa-maria\/#\/schema\/person\/a0fb9c422317faca23d50163151bc354\"},\"headline\":\"La recaudaci\u00f3n de la Provincia cay\u00f3 7% en noviembre\",\"datePublished\":\"2023-12-04T19:09:13+00:00\",\"dateModified\":\"2023-12-05T03:05:02+00:00\",\"mainEntityOfPage\":{\"@id\":\"https:\/\/elregionalvm.com.ar\/noticias-villa-maria\/la-recaudacion-de-la-provincia-cayo-7-en-noviembre\/\"},\"wordCount\":537,\"commentCount\":0,\"image\":{\"@id\":\"https:\/\/elregionalvm.com.ar\/noticias-villa-maria\/la-recaudacion-de-la-provincia-cayo-7-en-noviembre\/#primaryimage\"},\"thumbnailUrl\":\"https:\/\/i0.wp.com\/elregionalvm.com.ar\/noticias-villa-maria\/wp-content\/uploads\/2023\/12\/gacetilla_2.jpg?fit=990%2C660&ssl=1\",\"articleSection\":[\"destacado\",\"Provinciales\",\"Sociedad\"],\"inLanguage\":\"es\",\"potentialAction\":[{\"@type\":\"CommentAction\",\"name\":\"Comment\",\"target\":[\"https:\/\/elregionalvm.com.ar\/noticias-villa-maria\/la-recaudacion-de-la-provincia-cayo-7-en-noviembre\/#respond\"]}]},{\"@type\":\"WebPage\",\"@id\":\"https:\/\/elregionalvm.com.ar\/noticias-villa-maria\/la-recaudacion-de-la-provincia-cayo-7-en-noviembre\/\",\"url\":\"https:\/\/elregionalvm.com.ar\/noticias-villa-maria\/la-recaudacion-de-la-provincia-cayo-7-en-noviembre\/\",\"name\":\"La recaudaci\u00f3n de la Provincia cay\u00f3 7% en noviembre - El Regional\",\"isPartOf\":{\"@id\":\"http:\/\/elregionalvm.com.ar\/noticias-villa-maria\/#website\"},\"primaryImageOfPage\":{\"@id\":\"https:\/\/elregionalvm.com.ar\/noticias-villa-maria\/la-recaudacion-de-la-provincia-cayo-7-en-noviembre\/#primaryimage\"},\"image\":{\"@id\":\"https:\/\/elregionalvm.com.ar\/noticias-villa-maria\/la-recaudacion-de-la-provincia-cayo-7-en-noviembre\/#primaryimage\"},\"thumbnailUrl\":\"https:\/\/i0.wp.com\/elregionalvm.com.ar\/noticias-villa-maria\/wp-content\/uploads\/2023\/12\/gacetilla_2.jpg?fit=990%2C660&ssl=1\",\"datePublished\":\"2023-12-04T19:09:13+00:00\",\"dateModified\":\"2023-12-05T03:05:02+00:00\",\"author\":{\"@id\":\"http:\/\/elregionalvm.com.ar\/noticias-villa-maria\/#\/schema\/person\/a0fb9c422317faca23d50163151bc354\"},\"breadcrumb\":{\"@id\":\"https:\/\/elregionalvm.com.ar\/noticias-villa-maria\/la-recaudacion-de-la-provincia-cayo-7-en-noviembre\/#breadcrumb\"},\"inLanguage\":\"es\",\"potentialAction\":[{\"@type\":\"ReadAction\",\"target\":[\"https:\/\/elregionalvm.com.ar\/noticias-villa-maria\/la-recaudacion-de-la-provincia-cayo-7-en-noviembre\/\"]}]},{\"@type\":\"ImageObject\",\"inLanguage\":\"es\",\"@id\":\"https:\/\/elregionalvm.com.ar\/noticias-villa-maria\/la-recaudacion-de-la-provincia-cayo-7-en-noviembre\/#primaryimage\",\"url\":\"https:\/\/i0.wp.com\/elregionalvm.com.ar\/noticias-villa-maria\/wp-content\/uploads\/2023\/12\/gacetilla_2.jpg?fit=990%2C660&ssl=1\",\"contentUrl\":\"https:\/\/i0.wp.com\/elregionalvm.com.ar\/noticias-villa-maria\/wp-content\/uploads\/2023\/12\/gacetilla_2.jpg?fit=990%2C660&ssl=1\",\"width\":990,\"height\":660},{\"@type\":\"BreadcrumbList\",\"@id\":\"https:\/\/elregionalvm.com.ar\/noticias-villa-maria\/la-recaudacion-de-la-provincia-cayo-7-en-noviembre\/#breadcrumb\",\"itemListElement\":[{\"@type\":\"ListItem\",\"position\":1,\"name\":\"Portada\",\"item\":\"https:\/\/elregionalvm.com.ar\/noticias-villa-maria\/\"},{\"@type\":\"ListItem\",\"position\":2,\"name\":\"La recaudaci\u00f3n de la Provincia cay\u00f3 7% en noviembre\"}]},{\"@type\":\"WebSite\",\"@id\":\"http:\/\/elregionalvm.com.ar\/noticias-villa-maria\/#website\",\"url\":\"http:\/\/elregionalvm.com.ar\/noticias-villa-maria\/\",\"name\":\"El Regional\",\"description\":\"Mucho m\u00e1s que informaci\u00f3n\",\"potentialAction\":[{\"@type\":\"SearchAction\",\"target\":{\"@type\":\"EntryPoint\",\"urlTemplate\":\"http:\/\/elregionalvm.com.ar\/noticias-villa-maria\/?s={search_term_string}\"},\"query-input\":{\"@type\":\"PropertyValueSpecification\",\"valueRequired\":true,\"valueName\":\"search_term_string\"}}],\"inLanguage\":\"es\"},{\"@type\":\"Person\",\"@id\":\"http:\/\/elregionalvm.com.ar\/noticias-villa-maria\/#\/schema\/person\/a0fb9c422317faca23d50163151bc354\",\"name\":\"Contenidos El Regional\",\"image\":{\"@type\":\"ImageObject\",\"inLanguage\":\"es\",\"@id\":\"http:\/\/elregionalvm.com.ar\/noticias-villa-maria\/#\/schema\/person\/image\/\",\"url\":\"https:\/\/secure.gravatar.com\/avatar\/265b27cb2209af7bb3a1318f03305787d7981a5cc6e6cd08fe5a4ecdf99d4b48?s=96&d=mm&r=g\",\"contentUrl\":\"https:\/\/secure.gravatar.com\/avatar\/265b27cb2209af7bb3a1318f03305787d7981a5cc6e6cd08fe5a4ecdf99d4b48?s=96&d=mm&r=g\",\"caption\":\"Contenidos El Regional\"},\"url\":\"https:\/\/elregionalvm.com.ar\/noticias-villa-maria\/author\/contenido\/\"}]}<\/script>\n<!-- \/ Yoast SEO plugin. -->","yoast_head_json":{"title":"La recaudaci\u00f3n de la Provincia cay\u00f3 7% en noviembre - El Regional","robots":{"index":"index","follow":"follow","max-snippet":"max-snippet:-1","max-image-preview":"max-image-preview:large","max-video-preview":"max-video-preview:-1"},"canonical":"https:\/\/elregionalvm.com.ar\/noticias-villa-maria\/la-recaudacion-de-la-provincia-cayo-7-en-noviembre\/","og_locale":"es_ES","og_type":"article","og_title":"La recaudaci\u00f3n de la Provincia cay\u00f3 7% en noviembre - El Regional","og_description":"La recaudaci\u00f3n total de noviembre de 2023 fue de $221.382 millones, lo que significa un crecimiento nominal del 138% respecto al mismo mes del 2022. Si se descuenta la inflaci\u00f3n del per\u00edodo, la recaudaci\u00f3n de noviembre ser\u00eda aproximadamente un 7% inferior a la de igual mes del a\u00f1o pasado. Los recursos de origen provincial crecieron [&hellip;]","og_url":"https:\/\/elregionalvm.com.ar\/noticias-villa-maria\/la-recaudacion-de-la-provincia-cayo-7-en-noviembre\/","og_site_name":"El Regional","article_publisher":"https:\/\/www.facebook.com\/elregionalvm","article_published_time":"2023-12-04T19:09:13+00:00","article_modified_time":"2023-12-05T03:05:02+00:00","og_image":[{"width":990,"height":660,"url":"https:\/\/elregionalvm.com.ar\/noticias-villa-maria\/wp-content\/uploads\/2023\/12\/gacetilla_2.jpg","type":"image\/jpeg"}],"author":"Contenidos El Regional","twitter_card":"summary_large_image","twitter_creator":"@elregionalvm1","twitter_site":"@elregionalvm1","twitter_misc":{"Escrito por":"Contenidos El Regional","Tiempo de lectura":"3 minutos"},"schema":{"@context":"https:\/\/schema.org","@graph":[{"@type":"Article","@id":"https:\/\/elregionalvm.com.ar\/noticias-villa-maria\/la-recaudacion-de-la-provincia-cayo-7-en-noviembre\/#article","isPartOf":{"@id":"https:\/\/elregionalvm.com.ar\/noticias-villa-maria\/la-recaudacion-de-la-provincia-cayo-7-en-noviembre\/"},"author":{"name":"Contenidos El Regional","@id":"http:\/\/elregionalvm.com.ar\/noticias-villa-maria\/#\/schema\/person\/a0fb9c422317faca23d50163151bc354"},"headline":"La recaudaci\u00f3n de la Provincia cay\u00f3 7% en noviembre","datePublished":"2023-12-04T19:09:13+00:00","dateModified":"2023-12-05T03:05:02+00:00","mainEntityOfPage":{"@id":"https:\/\/elregionalvm.com.ar\/noticias-villa-maria\/la-recaudacion-de-la-provincia-cayo-7-en-noviembre\/"},"wordCount":537,"commentCount":0,"image":{"@id":"https:\/\/elregionalvm.com.ar\/noticias-villa-maria\/la-recaudacion-de-la-provincia-cayo-7-en-noviembre\/#primaryimage"},"thumbnailUrl":"https:\/\/i0.wp.com\/elregionalvm.com.ar\/noticias-villa-maria\/wp-content\/uploads\/2023\/12\/gacetilla_2.jpg?fit=990%2C660&ssl=1","articleSection":["destacado","Provinciales","Sociedad"],"inLanguage":"es","potentialAction":[{"@type":"CommentAction","name":"Comment","target":["https:\/\/elregionalvm.com.ar\/noticias-villa-maria\/la-recaudacion-de-la-provincia-cayo-7-en-noviembre\/#respond"]}]},{"@type":"WebPage","@id":"https:\/\/elregionalvm.com.ar\/noticias-villa-maria\/la-recaudacion-de-la-provincia-cayo-7-en-noviembre\/","url":"https:\/\/elregionalvm.com.ar\/noticias-villa-maria\/la-recaudacion-de-la-provincia-cayo-7-en-noviembre\/","name":"La recaudaci\u00f3n de la Provincia cay\u00f3 7% en noviembre - El Regional","isPartOf":{"@id":"http:\/\/elregionalvm.com.ar\/noticias-villa-maria\/#website"},"primaryImageOfPage":{"@id":"https:\/\/elregionalvm.com.ar\/noticias-villa-maria\/la-recaudacion-de-la-provincia-cayo-7-en-noviembre\/#primaryimage"},"image":{"@id":"https:\/\/elregionalvm.com.ar\/noticias-villa-maria\/la-recaudacion-de-la-provincia-cayo-7-en-noviembre\/#primaryimage"},"thumbnailUrl":"https:\/\/i0.wp.com\/elregionalvm.com.ar\/noticias-villa-maria\/wp-content\/uploads\/2023\/12\/gacetilla_2.jpg?fit=990%2C660&ssl=1","datePublished":"2023-12-04T19:09:13+00:00","dateModified":"2023-12-05T03:05:02+00:00","author":{"@id":"http:\/\/elregionalvm.com.ar\/noticias-villa-maria\/#\/schema\/person\/a0fb9c422317faca23d50163151bc354"},"breadcrumb":{"@id":"https:\/\/elregionalvm.com.ar\/noticias-villa-maria\/la-recaudacion-de-la-provincia-cayo-7-en-noviembre\/#breadcrumb"},"inLanguage":"es","potentialAction":[{"@type":"ReadAction","target":["https:\/\/elregionalvm.com.ar\/noticias-villa-maria\/la-recaudacion-de-la-provincia-cayo-7-en-noviembre\/"]}]},{"@type":"ImageObject","inLanguage":"es","@id":"https:\/\/elregionalvm.com.ar\/noticias-villa-maria\/la-recaudacion-de-la-provincia-cayo-7-en-noviembre\/#primaryimage","url":"https:\/\/i0.wp.com\/elregionalvm.com.ar\/noticias-villa-maria\/wp-content\/uploads\/2023\/12\/gacetilla_2.jpg?fit=990%2C660&ssl=1","contentUrl":"https:\/\/i0.wp.com\/elregionalvm.com.ar\/noticias-villa-maria\/wp-content\/uploads\/2023\/12\/gacetilla_2.jpg?fit=990%2C660&ssl=1","width":990,"height":660},{"@type":"BreadcrumbList","@id":"https:\/\/elregionalvm.com.ar\/noticias-villa-maria\/la-recaudacion-de-la-provincia-cayo-7-en-noviembre\/#breadcrumb","itemListElement":[{"@type":"ListItem","position":1,"name":"Portada","item":"https:\/\/elregionalvm.com.ar\/noticias-villa-maria\/"},{"@type":"ListItem","position":2,"name":"La recaudaci\u00f3n de la Provincia cay\u00f3 7% en noviembre"}]},{"@type":"WebSite","@id":"http:\/\/elregionalvm.com.ar\/noticias-villa-maria\/#website","url":"http:\/\/elregionalvm.com.ar\/noticias-villa-maria\/","name":"El Regional","description":"Mucho m\u00e1s que informaci\u00f3n","potentialAction":[{"@type":"SearchAction","target":{"@type":"EntryPoint","urlTemplate":"http:\/\/elregionalvm.com.ar\/noticias-villa-maria\/?s={search_term_string}"},"query-input":{"@type":"PropertyValueSpecification","valueRequired":true,"valueName":"search_term_string"}}],"inLanguage":"es"},{"@type":"Person","@id":"http:\/\/elregionalvm.com.ar\/noticias-villa-maria\/#\/schema\/person\/a0fb9c422317faca23d50163151bc354","name":"Contenidos El Regional","image":{"@type":"ImageObject","inLanguage":"es","@id":"http:\/\/elregionalvm.com.ar\/noticias-villa-maria\/#\/schema\/person\/image\/","url":"https:\/\/secure.gravatar.com\/avatar\/265b27cb2209af7bb3a1318f03305787d7981a5cc6e6cd08fe5a4ecdf99d4b48?s=96&d=mm&r=g","contentUrl":"https:\/\/secure.gravatar.com\/avatar\/265b27cb2209af7bb3a1318f03305787d7981a5cc6e6cd08fe5a4ecdf99d4b48?s=96&d=mm&r=g","caption":"Contenidos El Regional"},"url":"https:\/\/elregionalvm.com.ar\/noticias-villa-maria\/author\/contenido\/"}]}},"jetpack_featured_media_url":"https:\/\/i0.wp.com\/elregionalvm.com.ar\/noticias-villa-maria\/wp-content\/uploads\/2023\/12\/gacetilla_2.jpg?fit=990%2C660&ssl=1","jetpack_sharing_enabled":true,"_links":{"self":[{"href":"https:\/\/elregionalvm.com.ar\/noticias-villa-maria\/wp-json\/wp\/v2\/posts\/86702","targetHints":{"allow":["GET"]}}],"collection":[{"href":"https:\/\/elregionalvm.com.ar\/noticias-villa-maria\/wp-json\/wp\/v2\/posts"}],"about":[{"href":"https:\/\/elregionalvm.com.ar\/noticias-villa-maria\/wp-json\/wp\/v2\/types\/post"}],"author":[{"embeddable":true,"href":"https:\/\/elregionalvm.com.ar\/noticias-villa-maria\/wp-json\/wp\/v2\/users\/4"}],"replies":[{"embeddable":true,"href":"https:\/\/elregionalvm.com.ar\/noticias-villa-maria\/wp-json\/wp\/v2\/comments?post=86702"}],"version-history":[{"count":1,"href":"https:\/\/elregionalvm.com.ar\/noticias-villa-maria\/wp-json\/wp\/v2\/posts\/86702\/revisions"}],"predecessor-version":[{"id":86705,"href":"https:\/\/elregionalvm.com.ar\/noticias-villa-maria\/wp-json\/wp\/v2\/posts\/86702\/revisions\/86705"}],"wp:featuredmedia":[{"embeddable":true,"href":"https:\/\/elregionalvm.com.ar\/noticias-villa-maria\/wp-json\/wp\/v2\/media\/86703"}],"wp:attachment":[{"href":"https:\/\/elregionalvm.com.ar\/noticias-villa-maria\/wp-json\/wp\/v2\/media?parent=86702"}],"wp:term":[{"taxonomy":"category","embeddable":true,"href":"https:\/\/elregionalvm.com.ar\/noticias-villa-maria\/wp-json\/wp\/v2\/categories?post=86702"},{"taxonomy":"post_tag","embeddable":true,"href":"https:\/\/elregionalvm.com.ar\/noticias-villa-maria\/wp-json\/wp\/v2\/tags?post=86702"}],"curies":[{"name":"wp","href":"https:\/\/api.w.org\/{rel}","templated":true}]}}