{"id":86711,"date":"2023-12-04T19:35:38","date_gmt":"2023-12-04T19:35:38","guid":{"rendered":"https:\/\/elregionalvm.com.ar\/noticias-villa-maria\/?p=86711"},"modified":"2023-12-04T19:35:39","modified_gmt":"2023-12-04T19:35:39","slug":"pil-turismo-ultimos-dias-para-sumarse-al-programa-de-insercion-laboral","status":"publish","type":"post","link":"https:\/\/elregionalvm.com.ar\/noticias-villa-maria\/pil-turismo-ultimos-dias-para-sumarse-al-programa-de-insercion-laboral\/","title":{"rendered":"PIL Turismo: \u00faltimos d\u00edas para sumarse al Programa de Inserci\u00f3n Laboral"},"content":{"rendered":"\n<p>En v\u00edsperas del lanzamiento de la Temporada Verano 2023\/2024 contin\u00faan abiertas las inscripciones, tanto para empresas como para participantes, de la segunda edici\u00f3n del<em>&nbsp;<\/em><strong>Programa de Inserci\u00f3n Laboral para la Industria del Turismo<\/strong>&nbsp;hasta el<strong>&nbsp;8 de diciembre<\/strong>&nbsp;inclusive. Se generar\u00e1n 1.500 oportunidades de trabajo y formaci\u00f3n para las y los ciudadanos cordobeses.&nbsp;<\/p>\n\n\n\n<p>Los beneficiarios acceder\u00e1n a un entrenamiento laboral de 20 horas semanales en un lapso de 12 meses, donde ser\u00e1n capacitados en habilidades espec\u00edficas del sector durante el primer mes y continuar\u00e1 finalizado el entrenamiento.<\/p>\n\n\n\n<p>La asignaci\u00f3n est\u00edmulo ser\u00e1 de 80 mil pesos, de los cuales una parte estar\u00e1 co-financiada por el sector privado.<\/p>\n\n\n\n<h3 class=\"wp-block-heading\"><strong>Requisitos<\/strong><\/h3>\n\n\n\n<p>Las personas interesadas en sumarse al&nbsp;<strong>PIL Turismo<\/strong>&nbsp; deber\u00e1n ser mayores de 16 a\u00f1os, con o sin certificado de discapacidad, contando con residencia en la Provincia de C\u00f3rdoba. Los interesados podr\u00e1n inscribirse de manera online a trav\u00e9s de CIDI, por medio del Formulario \u00danico de Postulantes.<\/p>\n\n\n\n<p>La b\u00fasqueda de empresa por parte de los postulantes es autogestiva, por lo tanto, es imprescindible contar con el CUIT del lugar donde se desea hacer la pr\u00e1ctica para realizar la inscripci\u00f3n. Una vez inscripto, el\/la postulante tendr\u00e1 que pedirle a la empresa que acepte su postulaci\u00f3n y cuando este paso est\u00e9 realizado, la inscripci\u00f3n de ambas partes (empresa y postulante) quedar\u00e1 completa.<\/p>\n\n\n\n<h3 class=\"wp-block-heading\"><strong>Empleadores<\/strong><\/h3>\n\n\n\n<p>Los empleadores deber\u00e1n estar radicados en la Provincia de C\u00f3rdoba, con el c\u00f3digo de actividad de AFIP correspondiente a los rubros Hoteler\u00eda, Gastronom\u00eda, Bodegas&nbsp; y\/o Agencias de Viaje. Estar inscriptos como empleadores en AFIP por el personal en relaci\u00f3n de dependencia, que trabaja en las sedes radicadas en la Provincia de C\u00f3rdoba.<\/p>\n\n\n\n<p>Podr\u00e1n sumarse aquellas que est\u00e9n inscriptas en AFIP como Monotributistas categor\u00edas \u201cC\u201d o superior, responsables Inscriptos IVA, trabajadores aut\u00f3nomos categor\u00eda II o superior, o como empleadores por el personal en relaci\u00f3n de dependencia que trabaja en las sedes radicadas en la Provincia de C\u00f3rdoba.<\/p>\n\n\n\n<p>Adem\u00e1s se promover\u00e1 la inscripci\u00f3n al registro \u00fanico de la Agencia C\u00f3rdoba Turismo.<\/p>\n\n\n\n<p>La cantidad total de personas beneficiarias que pueden incorporar las empresas y empleadores privados, considerando todos los Programas de Empleo del Gobierno Provincial es:<\/p>\n\n\n\n<ul class=\"wp-block-list\">\n<li>0 y 1 empleado registrado: 1 Beneficiario.<\/li>\n\n\n\n<li>2 a 5 empleados registrados: 2 Beneficiarios.<\/li>\n\n\n\n<li>6 a 10 empleados registrados: 3 Beneficiarios.<\/li>\n\n\n\n<li>11 a 20 empleados registrados: 4 beneficiarios.<\/li>\n\n\n\n<li>M\u00e1s de 20 empleados registrados en AFIP: 20% de beneficiarios sobre su planta de personal.<\/li>\n\n\n\n<li>Monotributistas categor\u00eda C o superior, Responsable Inscriptos y Aut\u00f3nomos categor\u00eda II sin empleados: 1 Beneficiario.<\/li>\n<\/ul>\n\n\n\n<p>No impactan en el cupo establecido beneficiarios con discapacidad, trasplantados, participantes de programas de recuperaci\u00f3n de adicciones, libertad asistida y similares.<\/p>\n\n\n\n<p>Al igual que todos los programas de empleo, una parte de la asignaci\u00f3n est\u00edmulo ser\u00e1 co-financiada por las empresas, de la siguiente manera:<\/p>\n\n\n\n<ul class=\"wp-block-list\">\n<li>Hasta 20 empleados: el 33% de la asignaci\u00f3n est\u00edmulo mensual por cada beneficiario.<\/li>\n\n\n\n<li>De 21 a 50 empleados: el 48% de la asignaci\u00f3n est\u00edmulo mensual por cada beneficiario.<\/li>\n\n\n\n<li>M\u00e1s de 50 empleados: el 60% de la asignaci\u00f3n est\u00edmulo mensual por cada beneficiario.<\/li>\n<\/ul>\n\n\n\n<p>Las empresas\/empleadores que deseen sumarse deber\u00e1n contar con CIDI 2 y podr\u00e1n inscribirse ingresado a&nbsp;<strong><a href=\"https:\/\/programasempleo.cba.gov.ar\/\" target=\"_blank\" rel=\"noreferrer noopener\">https:\/\/programasempleo.cba.gov.ar\/<\/a>&nbsp;<\/strong><\/p>\n\n\n\n<p><strong>Cronograma de la convocatoria<\/strong><\/p>\n\n\n\n<ul class=\"wp-block-list\">\n<li>21 de noviembre al 8 de diciembre: Per\u00edodo de inscripci\u00f3n<\/li>\n\n\n\n<li>12 de diciembre: Inicio de pr\u00e1cticas y capacitaciones.<\/li>\n<\/ul>\n\n\n\n<p>Para mayor informaci\u00f3n ingresa a empleoyformacion.cba.gov.ar o bien comunicarse al WhatsApp al 351 574-9267 o por correo electr\u00f3nico a&nbsp;<strong>comunicacion.empleo.cba@gmail.com.<\/strong><\/p>\n","protected":false},"excerpt":{"rendered":"<p>En v\u00edsperas del lanzamiento de la Temporada Verano 2023\/2024 contin\u00faan abiertas las inscripciones, tanto para empresas como para participantes, de la segunda edici\u00f3n del&nbsp;Programa de Inserci\u00f3n Laboral para la Industria del Turismo&nbsp;hasta el&nbsp;8 de diciembre&nbsp;inclusive. Se generar\u00e1n 1.500 oportunidades de trabajo y formaci\u00f3n para las y los ciudadanos cordobeses.&nbsp; Los beneficiarios acceder\u00e1n a un entrenamiento [&hellip;]<\/p>\n","protected":false},"author":4,"featured_media":86712,"comment_status":"open","ping_status":"open","sticky":false,"template":"","format":"standard","meta":{"site-sidebar-layout":"default","site-content-layout":"","ast-site-content-layout":"default","site-content-style":"default","site-sidebar-style":"default","ast-global-header-display":"","ast-banner-title-visibility":"","ast-main-header-display":"","ast-hfb-above-header-display":"","ast-hfb-below-header-display":"","ast-hfb-mobile-header-display":"","site-post-title":"","ast-breadcrumbs-content":"","ast-featured-img":"","footer-sml-layout":"","ast-disable-related-posts":"","theme-transparent-header-meta":"","adv-header-id-meta":"","stick-header-meta":"","header-above-stick-meta":"","header-main-stick-meta":"","header-below-stick-meta":"","astra-migrate-meta-layouts":"set","ast-page-background-enabled":"default","ast-page-background-meta":{"desktop":{"background-color":"","background-image":"","background-repeat":"repeat","background-position":"center center","background-size":"auto","background-attachment":"scroll","background-type":"","background-media":"","overlay-type":"","overlay-color":"","overlay-opacity":"","overlay-gradient":""},"tablet":{"background-color":"","background-image":"","background-repeat":"repeat","background-position":"center center","background-size":"auto","background-attachment":"scroll","background-type":"","background-media":"","overlay-type":"","overlay-color":"","overlay-opacity":"","overlay-gradient":""},"mobile":{"background-color":"","background-image":"","background-repeat":"repeat","background-position":"center center","background-size":"auto","background-attachment":"scroll","background-type":"","background-media":"","overlay-type":"","overlay-color":"","overlay-opacity":"","overlay-gradient":""}},"ast-content-background-meta":{"desktop":{"background-color":"var(--ast-global-color-5)","background-image":"","background-repeat":"repeat","background-position":"center center","background-size":"auto","background-attachment":"scroll","background-type":"","background-media":"","overlay-type":"","overlay-color":"","overlay-opacity":"","overlay-gradient":""},"tablet":{"background-color":"var(--ast-global-color-5)","background-image":"","background-repeat":"repeat","background-position":"center center","background-size":"auto","background-attachment":"scroll","background-type":"","background-media":"","overlay-type":"","overlay-color":"","overlay-opacity":"","overlay-gradient":""},"mobile":{"background-color":"var(--ast-global-color-5)","background-image":"","background-repeat":"repeat","background-position":"center center","background-size":"auto","background-attachment":"scroll","background-type":"","background-media":"","overlay-type":"","overlay-color":"","overlay-opacity":"","overlay-gradient":""}},"_jetpack_memberships_contains_paid_content":false,"_joinchat":[],"footnotes":""},"categories":[16095,2091,5],"tags":[],"class_list":["post-86711","post","type-post","status-publish","format-standard","has-post-thumbnail","hentry","category-provinciales","category-region","category-sociedad"],"yoast_head":"<!-- This site is optimized with the Yoast SEO plugin v26.8 - https:\/\/yoast.com\/product\/yoast-seo-wordpress\/ -->\n<title>PIL Turismo: \u00faltimos d\u00edas para sumarse al Programa de Inserci\u00f3n Laboral - El Regional<\/title>\n<meta name=\"robots\" content=\"index, follow, max-snippet:-1, max-image-preview:large, max-video-preview:-1\" \/>\n<link rel=\"canonical\" href=\"https:\/\/elregionalvm.com.ar\/noticias-villa-maria\/pil-turismo-ultimos-dias-para-sumarse-al-programa-de-insercion-laboral\/\" \/>\n<meta property=\"og:locale\" content=\"es_ES\" \/>\n<meta property=\"og:type\" content=\"article\" \/>\n<meta property=\"og:title\" content=\"PIL Turismo: \u00faltimos d\u00edas para sumarse al Programa de Inserci\u00f3n Laboral - El Regional\" \/>\n<meta property=\"og:description\" content=\"En v\u00edsperas del lanzamiento de la Temporada Verano 2023\/2024 contin\u00faan abiertas las inscripciones, tanto para empresas como para participantes, de la segunda edici\u00f3n del&nbsp;Programa de Inserci\u00f3n Laboral para la Industria del Turismo&nbsp;hasta el&nbsp;8 de diciembre&nbsp;inclusive. Se generar\u00e1n 1.500 oportunidades de trabajo y formaci\u00f3n para las y los ciudadanos cordobeses.&nbsp; Los beneficiarios acceder\u00e1n a un entrenamiento [&hellip;]\" \/>\n<meta property=\"og:url\" content=\"https:\/\/elregionalvm.com.ar\/noticias-villa-maria\/pil-turismo-ultimos-dias-para-sumarse-al-programa-de-insercion-laboral\/\" \/>\n<meta property=\"og:site_name\" content=\"El Regional\" \/>\n<meta property=\"article:publisher\" content=\"https:\/\/www.facebook.com\/elregionalvm\" \/>\n<meta property=\"article:published_time\" content=\"2023-12-04T19:35:38+00:00\" \/>\n<meta property=\"article:modified_time\" content=\"2023-12-04T19:35:39+00:00\" \/>\n<meta property=\"og:image\" content=\"https:\/\/elregionalvm.com.ar\/noticias-villa-maria\/wp-content\/uploads\/2023\/12\/turismo-recep-PIL.jpg\" \/>\n\t<meta property=\"og:image:width\" content=\"990\" \/>\n\t<meta property=\"og:image:height\" content=\"660\" \/>\n\t<meta property=\"og:image:type\" content=\"image\/jpeg\" \/>\n<meta name=\"author\" content=\"Contenidos El Regional\" \/>\n<meta name=\"twitter:card\" content=\"summary_large_image\" \/>\n<meta name=\"twitter:creator\" content=\"@elregionalvm1\" \/>\n<meta name=\"twitter:site\" content=\"@elregionalvm1\" \/>\n<meta name=\"twitter:label1\" content=\"Escrito por\" \/>\n\t<meta name=\"twitter:data1\" content=\"Contenidos El Regional\" \/>\n\t<meta name=\"twitter:label2\" content=\"Tiempo de lectura\" \/>\n\t<meta name=\"twitter:data2\" content=\"3 minutos\" \/>\n<script type=\"application\/ld+json\" class=\"yoast-schema-graph\">{\"@context\":\"https:\/\/schema.org\",\"@graph\":[{\"@type\":\"Article\",\"@id\":\"https:\/\/elregionalvm.com.ar\/noticias-villa-maria\/pil-turismo-ultimos-dias-para-sumarse-al-programa-de-insercion-laboral\/#article\",\"isPartOf\":{\"@id\":\"https:\/\/elregionalvm.com.ar\/noticias-villa-maria\/pil-turismo-ultimos-dias-para-sumarse-al-programa-de-insercion-laboral\/\"},\"author\":{\"name\":\"Contenidos El Regional\",\"@id\":\"http:\/\/elregionalvm.com.ar\/noticias-villa-maria\/#\/schema\/person\/a0fb9c422317faca23d50163151bc354\"},\"headline\":\"PIL Turismo: \u00faltimos d\u00edas para sumarse al Programa de Inserci\u00f3n Laboral\",\"datePublished\":\"2023-12-04T19:35:38+00:00\",\"dateModified\":\"2023-12-04T19:35:39+00:00\",\"mainEntityOfPage\":{\"@id\":\"https:\/\/elregionalvm.com.ar\/noticias-villa-maria\/pil-turismo-ultimos-dias-para-sumarse-al-programa-de-insercion-laboral\/\"},\"wordCount\":615,\"commentCount\":0,\"image\":{\"@id\":\"https:\/\/elregionalvm.com.ar\/noticias-villa-maria\/pil-turismo-ultimos-dias-para-sumarse-al-programa-de-insercion-laboral\/#primaryimage\"},\"thumbnailUrl\":\"https:\/\/i0.wp.com\/elregionalvm.com.ar\/noticias-villa-maria\/wp-content\/uploads\/2023\/12\/turismo-recep-PIL.jpg?fit=990%2C660&ssl=1\",\"articleSection\":[\"Provinciales\",\"Regi\u00f3n\",\"Sociedad\"],\"inLanguage\":\"es\",\"potentialAction\":[{\"@type\":\"CommentAction\",\"name\":\"Comment\",\"target\":[\"https:\/\/elregionalvm.com.ar\/noticias-villa-maria\/pil-turismo-ultimos-dias-para-sumarse-al-programa-de-insercion-laboral\/#respond\"]}]},{\"@type\":\"WebPage\",\"@id\":\"https:\/\/elregionalvm.com.ar\/noticias-villa-maria\/pil-turismo-ultimos-dias-para-sumarse-al-programa-de-insercion-laboral\/\",\"url\":\"https:\/\/elregionalvm.com.ar\/noticias-villa-maria\/pil-turismo-ultimos-dias-para-sumarse-al-programa-de-insercion-laboral\/\",\"name\":\"PIL Turismo: \u00faltimos d\u00edas para sumarse al Programa de Inserci\u00f3n Laboral - El Regional\",\"isPartOf\":{\"@id\":\"http:\/\/elregionalvm.com.ar\/noticias-villa-maria\/#website\"},\"primaryImageOfPage\":{\"@id\":\"https:\/\/elregionalvm.com.ar\/noticias-villa-maria\/pil-turismo-ultimos-dias-para-sumarse-al-programa-de-insercion-laboral\/#primaryimage\"},\"image\":{\"@id\":\"https:\/\/elregionalvm.com.ar\/noticias-villa-maria\/pil-turismo-ultimos-dias-para-sumarse-al-programa-de-insercion-laboral\/#primaryimage\"},\"thumbnailUrl\":\"https:\/\/i0.wp.com\/elregionalvm.com.ar\/noticias-villa-maria\/wp-content\/uploads\/2023\/12\/turismo-recep-PIL.jpg?fit=990%2C660&ssl=1\",\"datePublished\":\"2023-12-04T19:35:38+00:00\",\"dateModified\":\"2023-12-04T19:35:39+00:00\",\"author\":{\"@id\":\"http:\/\/elregionalvm.com.ar\/noticias-villa-maria\/#\/schema\/person\/a0fb9c422317faca23d50163151bc354\"},\"breadcrumb\":{\"@id\":\"https:\/\/elregionalvm.com.ar\/noticias-villa-maria\/pil-turismo-ultimos-dias-para-sumarse-al-programa-de-insercion-laboral\/#breadcrumb\"},\"inLanguage\":\"es\",\"potentialAction\":[{\"@type\":\"ReadAction\",\"target\":[\"https:\/\/elregionalvm.com.ar\/noticias-villa-maria\/pil-turismo-ultimos-dias-para-sumarse-al-programa-de-insercion-laboral\/\"]}]},{\"@type\":\"ImageObject\",\"inLanguage\":\"es\",\"@id\":\"https:\/\/elregionalvm.com.ar\/noticias-villa-maria\/pil-turismo-ultimos-dias-para-sumarse-al-programa-de-insercion-laboral\/#primaryimage\",\"url\":\"https:\/\/i0.wp.com\/elregionalvm.com.ar\/noticias-villa-maria\/wp-content\/uploads\/2023\/12\/turismo-recep-PIL.jpg?fit=990%2C660&ssl=1\",\"contentUrl\":\"https:\/\/i0.wp.com\/elregionalvm.com.ar\/noticias-villa-maria\/wp-content\/uploads\/2023\/12\/turismo-recep-PIL.jpg?fit=990%2C660&ssl=1\",\"width\":990,\"height\":660},{\"@type\":\"BreadcrumbList\",\"@id\":\"https:\/\/elregionalvm.com.ar\/noticias-villa-maria\/pil-turismo-ultimos-dias-para-sumarse-al-programa-de-insercion-laboral\/#breadcrumb\",\"itemListElement\":[{\"@type\":\"ListItem\",\"position\":1,\"name\":\"Portada\",\"item\":\"https:\/\/elregionalvm.com.ar\/noticias-villa-maria\/\"},{\"@type\":\"ListItem\",\"position\":2,\"name\":\"PIL Turismo: \u00faltimos d\u00edas para sumarse al Programa de Inserci\u00f3n Laboral\"}]},{\"@type\":\"WebSite\",\"@id\":\"http:\/\/elregionalvm.com.ar\/noticias-villa-maria\/#website\",\"url\":\"http:\/\/elregionalvm.com.ar\/noticias-villa-maria\/\",\"name\":\"El Regional\",\"description\":\"Mucho m\u00e1s que informaci\u00f3n\",\"potentialAction\":[{\"@type\":\"SearchAction\",\"target\":{\"@type\":\"EntryPoint\",\"urlTemplate\":\"http:\/\/elregionalvm.com.ar\/noticias-villa-maria\/?s={search_term_string}\"},\"query-input\":{\"@type\":\"PropertyValueSpecification\",\"valueRequired\":true,\"valueName\":\"search_term_string\"}}],\"inLanguage\":\"es\"},{\"@type\":\"Person\",\"@id\":\"http:\/\/elregionalvm.com.ar\/noticias-villa-maria\/#\/schema\/person\/a0fb9c422317faca23d50163151bc354\",\"name\":\"Contenidos El Regional\",\"image\":{\"@type\":\"ImageObject\",\"inLanguage\":\"es\",\"@id\":\"http:\/\/elregionalvm.com.ar\/noticias-villa-maria\/#\/schema\/person\/image\/\",\"url\":\"https:\/\/secure.gravatar.com\/avatar\/265b27cb2209af7bb3a1318f03305787d7981a5cc6e6cd08fe5a4ecdf99d4b48?s=96&d=mm&r=g\",\"contentUrl\":\"https:\/\/secure.gravatar.com\/avatar\/265b27cb2209af7bb3a1318f03305787d7981a5cc6e6cd08fe5a4ecdf99d4b48?s=96&d=mm&r=g\",\"caption\":\"Contenidos El Regional\"},\"url\":\"https:\/\/elregionalvm.com.ar\/noticias-villa-maria\/author\/contenido\/\"}]}<\/script>\n<!-- \/ Yoast SEO plugin. -->","yoast_head_json":{"title":"PIL Turismo: \u00faltimos d\u00edas para sumarse al Programa de Inserci\u00f3n Laboral - El Regional","robots":{"index":"index","follow":"follow","max-snippet":"max-snippet:-1","max-image-preview":"max-image-preview:large","max-video-preview":"max-video-preview:-1"},"canonical":"https:\/\/elregionalvm.com.ar\/noticias-villa-maria\/pil-turismo-ultimos-dias-para-sumarse-al-programa-de-insercion-laboral\/","og_locale":"es_ES","og_type":"article","og_title":"PIL Turismo: \u00faltimos d\u00edas para sumarse al Programa de Inserci\u00f3n Laboral - El Regional","og_description":"En v\u00edsperas del lanzamiento de la Temporada Verano 2023\/2024 contin\u00faan abiertas las inscripciones, tanto para empresas como para participantes, de la segunda edici\u00f3n del&nbsp;Programa de Inserci\u00f3n Laboral para la Industria del Turismo&nbsp;hasta el&nbsp;8 de diciembre&nbsp;inclusive. Se generar\u00e1n 1.500 oportunidades de trabajo y formaci\u00f3n para las y los ciudadanos cordobeses.&nbsp; Los beneficiarios acceder\u00e1n a un entrenamiento [&hellip;]","og_url":"https:\/\/elregionalvm.com.ar\/noticias-villa-maria\/pil-turismo-ultimos-dias-para-sumarse-al-programa-de-insercion-laboral\/","og_site_name":"El Regional","article_publisher":"https:\/\/www.facebook.com\/elregionalvm","article_published_time":"2023-12-04T19:35:38+00:00","article_modified_time":"2023-12-04T19:35:39+00:00","og_image":[{"width":990,"height":660,"url":"https:\/\/elregionalvm.com.ar\/noticias-villa-maria\/wp-content\/uploads\/2023\/12\/turismo-recep-PIL.jpg","type":"image\/jpeg"}],"author":"Contenidos El Regional","twitter_card":"summary_large_image","twitter_creator":"@elregionalvm1","twitter_site":"@elregionalvm1","twitter_misc":{"Escrito por":"Contenidos El Regional","Tiempo de lectura":"3 minutos"},"schema":{"@context":"https:\/\/schema.org","@graph":[{"@type":"Article","@id":"https:\/\/elregionalvm.com.ar\/noticias-villa-maria\/pil-turismo-ultimos-dias-para-sumarse-al-programa-de-insercion-laboral\/#article","isPartOf":{"@id":"https:\/\/elregionalvm.com.ar\/noticias-villa-maria\/pil-turismo-ultimos-dias-para-sumarse-al-programa-de-insercion-laboral\/"},"author":{"name":"Contenidos El Regional","@id":"http:\/\/elregionalvm.com.ar\/noticias-villa-maria\/#\/schema\/person\/a0fb9c422317faca23d50163151bc354"},"headline":"PIL Turismo: \u00faltimos d\u00edas para sumarse al Programa de Inserci\u00f3n Laboral","datePublished":"2023-12-04T19:35:38+00:00","dateModified":"2023-12-04T19:35:39+00:00","mainEntityOfPage":{"@id":"https:\/\/elregionalvm.com.ar\/noticias-villa-maria\/pil-turismo-ultimos-dias-para-sumarse-al-programa-de-insercion-laboral\/"},"wordCount":615,"commentCount":0,"image":{"@id":"https:\/\/elregionalvm.com.ar\/noticias-villa-maria\/pil-turismo-ultimos-dias-para-sumarse-al-programa-de-insercion-laboral\/#primaryimage"},"thumbnailUrl":"https:\/\/i0.wp.com\/elregionalvm.com.ar\/noticias-villa-maria\/wp-content\/uploads\/2023\/12\/turismo-recep-PIL.jpg?fit=990%2C660&ssl=1","articleSection":["Provinciales","Regi\u00f3n","Sociedad"],"inLanguage":"es","potentialAction":[{"@type":"CommentAction","name":"Comment","target":["https:\/\/elregionalvm.com.ar\/noticias-villa-maria\/pil-turismo-ultimos-dias-para-sumarse-al-programa-de-insercion-laboral\/#respond"]}]},{"@type":"WebPage","@id":"https:\/\/elregionalvm.com.ar\/noticias-villa-maria\/pil-turismo-ultimos-dias-para-sumarse-al-programa-de-insercion-laboral\/","url":"https:\/\/elregionalvm.com.ar\/noticias-villa-maria\/pil-turismo-ultimos-dias-para-sumarse-al-programa-de-insercion-laboral\/","name":"PIL Turismo: \u00faltimos d\u00edas para sumarse al Programa de Inserci\u00f3n Laboral - El Regional","isPartOf":{"@id":"http:\/\/elregionalvm.com.ar\/noticias-villa-maria\/#website"},"primaryImageOfPage":{"@id":"https:\/\/elregionalvm.com.ar\/noticias-villa-maria\/pil-turismo-ultimos-dias-para-sumarse-al-programa-de-insercion-laboral\/#primaryimage"},"image":{"@id":"https:\/\/elregionalvm.com.ar\/noticias-villa-maria\/pil-turismo-ultimos-dias-para-sumarse-al-programa-de-insercion-laboral\/#primaryimage"},"thumbnailUrl":"https:\/\/i0.wp.com\/elregionalvm.com.ar\/noticias-villa-maria\/wp-content\/uploads\/2023\/12\/turismo-recep-PIL.jpg?fit=990%2C660&ssl=1","datePublished":"2023-12-04T19:35:38+00:00","dateModified":"2023-12-04T19:35:39+00:00","author":{"@id":"http:\/\/elregionalvm.com.ar\/noticias-villa-maria\/#\/schema\/person\/a0fb9c422317faca23d50163151bc354"},"breadcrumb":{"@id":"https:\/\/elregionalvm.com.ar\/noticias-villa-maria\/pil-turismo-ultimos-dias-para-sumarse-al-programa-de-insercion-laboral\/#breadcrumb"},"inLanguage":"es","potentialAction":[{"@type":"ReadAction","target":["https:\/\/elregionalvm.com.ar\/noticias-villa-maria\/pil-turismo-ultimos-dias-para-sumarse-al-programa-de-insercion-laboral\/"]}]},{"@type":"ImageObject","inLanguage":"es","@id":"https:\/\/elregionalvm.com.ar\/noticias-villa-maria\/pil-turismo-ultimos-dias-para-sumarse-al-programa-de-insercion-laboral\/#primaryimage","url":"https:\/\/i0.wp.com\/elregionalvm.com.ar\/noticias-villa-maria\/wp-content\/uploads\/2023\/12\/turismo-recep-PIL.jpg?fit=990%2C660&ssl=1","contentUrl":"https:\/\/i0.wp.com\/elregionalvm.com.ar\/noticias-villa-maria\/wp-content\/uploads\/2023\/12\/turismo-recep-PIL.jpg?fit=990%2C660&ssl=1","width":990,"height":660},{"@type":"BreadcrumbList","@id":"https:\/\/elregionalvm.com.ar\/noticias-villa-maria\/pil-turismo-ultimos-dias-para-sumarse-al-programa-de-insercion-laboral\/#breadcrumb","itemListElement":[{"@type":"ListItem","position":1,"name":"Portada","item":"https:\/\/elregionalvm.com.ar\/noticias-villa-maria\/"},{"@type":"ListItem","position":2,"name":"PIL Turismo: \u00faltimos d\u00edas para sumarse al Programa de Inserci\u00f3n Laboral"}]},{"@type":"WebSite","@id":"http:\/\/elregionalvm.com.ar\/noticias-villa-maria\/#website","url":"http:\/\/elregionalvm.com.ar\/noticias-villa-maria\/","name":"El Regional","description":"Mucho m\u00e1s que informaci\u00f3n","potentialAction":[{"@type":"SearchAction","target":{"@type":"EntryPoint","urlTemplate":"http:\/\/elregionalvm.com.ar\/noticias-villa-maria\/?s={search_term_string}"},"query-input":{"@type":"PropertyValueSpecification","valueRequired":true,"valueName":"search_term_string"}}],"inLanguage":"es"},{"@type":"Person","@id":"http:\/\/elregionalvm.com.ar\/noticias-villa-maria\/#\/schema\/person\/a0fb9c422317faca23d50163151bc354","name":"Contenidos El Regional","image":{"@type":"ImageObject","inLanguage":"es","@id":"http:\/\/elregionalvm.com.ar\/noticias-villa-maria\/#\/schema\/person\/image\/","url":"https:\/\/secure.gravatar.com\/avatar\/265b27cb2209af7bb3a1318f03305787d7981a5cc6e6cd08fe5a4ecdf99d4b48?s=96&d=mm&r=g","contentUrl":"https:\/\/secure.gravatar.com\/avatar\/265b27cb2209af7bb3a1318f03305787d7981a5cc6e6cd08fe5a4ecdf99d4b48?s=96&d=mm&r=g","caption":"Contenidos El Regional"},"url":"https:\/\/elregionalvm.com.ar\/noticias-villa-maria\/author\/contenido\/"}]}},"jetpack_featured_media_url":"https:\/\/i0.wp.com\/elregionalvm.com.ar\/noticias-villa-maria\/wp-content\/uploads\/2023\/12\/turismo-recep-PIL.jpg?fit=990%2C660&ssl=1","jetpack_sharing_enabled":true,"_links":{"self":[{"href":"https:\/\/elregionalvm.com.ar\/noticias-villa-maria\/wp-json\/wp\/v2\/posts\/86711","targetHints":{"allow":["GET"]}}],"collection":[{"href":"https:\/\/elregionalvm.com.ar\/noticias-villa-maria\/wp-json\/wp\/v2\/posts"}],"about":[{"href":"https:\/\/elregionalvm.com.ar\/noticias-villa-maria\/wp-json\/wp\/v2\/types\/post"}],"author":[{"embeddable":true,"href":"https:\/\/elregionalvm.com.ar\/noticias-villa-maria\/wp-json\/wp\/v2\/users\/4"}],"replies":[{"embeddable":true,"href":"https:\/\/elregionalvm.com.ar\/noticias-villa-maria\/wp-json\/wp\/v2\/comments?post=86711"}],"version-history":[{"count":1,"href":"https:\/\/elregionalvm.com.ar\/noticias-villa-maria\/wp-json\/wp\/v2\/posts\/86711\/revisions"}],"predecessor-version":[{"id":86713,"href":"https:\/\/elregionalvm.com.ar\/noticias-villa-maria\/wp-json\/wp\/v2\/posts\/86711\/revisions\/86713"}],"wp:featuredmedia":[{"embeddable":true,"href":"https:\/\/elregionalvm.com.ar\/noticias-villa-maria\/wp-json\/wp\/v2\/media\/86712"}],"wp:attachment":[{"href":"https:\/\/elregionalvm.com.ar\/noticias-villa-maria\/wp-json\/wp\/v2\/media?parent=86711"}],"wp:term":[{"taxonomy":"category","embeddable":true,"href":"https:\/\/elregionalvm.com.ar\/noticias-villa-maria\/wp-json\/wp\/v2\/categories?post=86711"},{"taxonomy":"post_tag","embeddable":true,"href":"https:\/\/elregionalvm.com.ar\/noticias-villa-maria\/wp-json\/wp\/v2\/tags?post=86711"}],"curies":[{"name":"wp","href":"https:\/\/api.w.org\/{rel}","templated":true}]}}