{"id":86722,"date":"2023-12-04T19:43:57","date_gmt":"2023-12-04T19:43:57","guid":{"rendered":"https:\/\/elregionalvm.com.ar\/noticias-villa-maria\/?p=86722"},"modified":"2023-12-05T03:02:38","modified_gmt":"2023-12-05T03:02:38","slug":"villa-nueva-fpa-detuvo-a-dos-mujeres-y-secuestro-cocaina","status":"publish","type":"post","link":"https:\/\/elregionalvm.com.ar\/noticias-villa-maria\/villa-nueva-fpa-detuvo-a-dos-mujeres-y-secuestro-cocaina\/","title":{"rendered":"Villa Nueva: FPA detuvo a dos mujeres y secuestr\u00f3 coca\u00edna"},"content":{"rendered":"\n<p>En una investigaci\u00f3n dirigida por el Ministerio P\u00fablico Fiscal, la Fuerza Policial Antinarcotr\u00e1fico cerr\u00f3 dos puntos de venta y procedi\u00f3 a la detenci\u00f3n de dos mujeres, de 28 y 39 a\u00f1os de edad, vinculadas a la comercializaci\u00f3n de estupefacientes en la ciudad de Villa Nueva.<\/p>\n\n\n\n<p>Las detenciones se efectuaron en dos viviendas situadas sobre calle P\u00fablica s\/n de barrio Los Olmos, de la ya mencionada ciudad. All\u00ed, investigadores de la FPA incautaron 230 dosis de coca\u00edna, dinero ($131.180) y diversos elementos relacionados a la causa.<\/p>\n\n\n\n<figure class=\"wp-block-image size-full\"><img data-recalc-dims=\"1\" fetchpriority=\"high\" decoding=\"async\" width=\"768\" height=\"512\" src=\"https:\/\/i0.wp.com\/elregionalvm.com.ar\/noticias-villa-maria\/wp-content\/uploads\/2023\/12\/WhatsApp-Image-2023-12-02-at-11.51.07-2-768x512-1.jpeg?resize=768%2C512&#038;ssl=1\" alt=\"\" class=\"wp-image-86724\" srcset=\"https:\/\/i0.wp.com\/elregionalvm.com.ar\/noticias-villa-maria\/wp-content\/uploads\/2023\/12\/WhatsApp-Image-2023-12-02-at-11.51.07-2-768x512-1.jpeg?w=768&amp;ssl=1 768w, https:\/\/i0.wp.com\/elregionalvm.com.ar\/noticias-villa-maria\/wp-content\/uploads\/2023\/12\/WhatsApp-Image-2023-12-02-at-11.51.07-2-768x512-1.jpeg?resize=300%2C200&amp;ssl=1 300w\" sizes=\"(max-width: 768px) 100vw, 768px\" \/><\/figure>\n\n\n\n<p>Cabe destacar que los puntos de distribuci\u00f3n estaban ubicados frente a una cancha de f\u00fatbol, lugar donde en repetidas ocasiones los clientes consum\u00edan las sustancias il\u00edcitas.<\/p>\n\n\n\n<p>La totalidad del dispositivo estuvo supervisada por Fiscal\u00eda de Lucha Contra el Narcotr\u00e1fico de Villa Mar\u00eda quien dispuso el traslado de las detenidas a sede judicial por supuesta infracci\u00f3n a la Ley Nacional de Estupefacientes.<\/p>\n","protected":false},"excerpt":{"rendered":"<p>En una investigaci\u00f3n dirigida por el Ministerio P\u00fablico Fiscal, la Fuerza Policial Antinarcotr\u00e1fico cerr\u00f3 dos puntos de venta y procedi\u00f3 a la detenci\u00f3n de dos mujeres, de 28 y 39 a\u00f1os de edad, vinculadas a la comercializaci\u00f3n de estupefacientes en la ciudad de Villa Nueva. Las detenciones se efectuaron en dos viviendas situadas sobre calle [&hellip;]<\/p>\n","protected":false},"author":4,"featured_media":86723,"comment_status":"open","ping_status":"open","sticky":false,"template":"","format":"standard","meta":{"site-sidebar-layout":"default","site-content-layout":"","ast-site-content-layout":"default","site-content-style":"default","site-sidebar-style":"default","ast-global-header-display":"","ast-banner-title-visibility":"","ast-main-header-display":"","ast-hfb-above-header-display":"","ast-hfb-below-header-display":"","ast-hfb-mobile-header-display":"","site-post-title":"","ast-breadcrumbs-content":"","ast-featured-img":"","footer-sml-layout":"","ast-disable-related-posts":"","theme-transparent-header-meta":"","adv-header-id-meta":"","stick-header-meta":"","header-above-stick-meta":"","header-main-stick-meta":"","header-below-stick-meta":"","astra-migrate-meta-layouts":"set","ast-page-background-enabled":"default","ast-page-background-meta":{"desktop":{"background-color":"","background-image":"","background-repeat":"repeat","background-position":"center center","background-size":"auto","background-attachment":"scroll","background-type":"","background-media":"","overlay-type":"","overlay-color":"","overlay-opacity":"","overlay-gradient":""},"tablet":{"background-color":"","background-image":"","background-repeat":"repeat","background-position":"center center","background-size":"auto","background-attachment":"scroll","background-type":"","background-media":"","overlay-type":"","overlay-color":"","overlay-opacity":"","overlay-gradient":""},"mobile":{"background-color":"","background-image":"","background-repeat":"repeat","background-position":"center center","background-size":"auto","background-attachment":"scroll","background-type":"","background-media":"","overlay-type":"","overlay-color":"","overlay-opacity":"","overlay-gradient":""}},"ast-content-background-meta":{"desktop":{"background-color":"var(--ast-global-color-5)","background-image":"","background-repeat":"repeat","background-position":"center center","background-size":"auto","background-attachment":"scroll","background-type":"","background-media":"","overlay-type":"","overlay-color":"","overlay-opacity":"","overlay-gradient":""},"tablet":{"background-color":"var(--ast-global-color-5)","background-image":"","background-repeat":"repeat","background-position":"center center","background-size":"auto","background-attachment":"scroll","background-type":"","background-media":"","overlay-type":"","overlay-color":"","overlay-opacity":"","overlay-gradient":""},"mobile":{"background-color":"var(--ast-global-color-5)","background-image":"","background-repeat":"repeat","background-position":"center center","background-size":"auto","background-attachment":"scroll","background-type":"","background-media":"","overlay-type":"","overlay-color":"","overlay-opacity":"","overlay-gradient":""}},"_jetpack_memberships_contains_paid_content":false,"_joinchat":[],"footnotes":""},"categories":[15302,2234,5,1408],"tags":[],"class_list":["post-86722","post","type-post","status-publish","format-standard","has-post-thumbnail","hentry","category-destacado","category-policiales","category-sociedad","category-villa-nueva"],"yoast_head":"<!-- This site is optimized with the Yoast SEO plugin v26.8 - https:\/\/yoast.com\/product\/yoast-seo-wordpress\/ -->\n<title>Villa Nueva: FPA detuvo a dos mujeres y secuestr\u00f3 coca\u00edna - El Regional<\/title>\n<meta name=\"robots\" content=\"index, follow, max-snippet:-1, max-image-preview:large, max-video-preview:-1\" \/>\n<link rel=\"canonical\" href=\"https:\/\/elregionalvm.com.ar\/noticias-villa-maria\/villa-nueva-fpa-detuvo-a-dos-mujeres-y-secuestro-cocaina\/\" \/>\n<meta property=\"og:locale\" content=\"es_ES\" \/>\n<meta property=\"og:type\" content=\"article\" \/>\n<meta property=\"og:title\" content=\"Villa Nueva: FPA detuvo a dos mujeres y secuestr\u00f3 coca\u00edna - El Regional\" \/>\n<meta property=\"og:description\" content=\"En una investigaci\u00f3n dirigida por el Ministerio P\u00fablico Fiscal, la Fuerza Policial Antinarcotr\u00e1fico cerr\u00f3 dos puntos de venta y procedi\u00f3 a la detenci\u00f3n de dos mujeres, de 28 y 39 a\u00f1os de edad, vinculadas a la comercializaci\u00f3n de estupefacientes en la ciudad de Villa Nueva. Las detenciones se efectuaron en dos viviendas situadas sobre calle [&hellip;]\" \/>\n<meta property=\"og:url\" content=\"https:\/\/elregionalvm.com.ar\/noticias-villa-maria\/villa-nueva-fpa-detuvo-a-dos-mujeres-y-secuestro-cocaina\/\" \/>\n<meta property=\"og:site_name\" content=\"El Regional\" \/>\n<meta property=\"article:publisher\" content=\"https:\/\/www.facebook.com\/elregionalvm\" \/>\n<meta property=\"article:published_time\" content=\"2023-12-04T19:43:57+00:00\" \/>\n<meta property=\"article:modified_time\" content=\"2023-12-05T03:02:38+00:00\" \/>\n<meta property=\"og:image\" content=\"https:\/\/elregionalvm.com.ar\/noticias-villa-maria\/wp-content\/uploads\/2023\/12\/WhatsApp-Image-2023-12-02-at-11.51.07-1-768x512-1.jpeg\" \/>\n\t<meta property=\"og:image:width\" content=\"768\" \/>\n\t<meta property=\"og:image:height\" content=\"512\" \/>\n\t<meta property=\"og:image:type\" content=\"image\/jpeg\" \/>\n<meta name=\"author\" content=\"Contenidos El Regional\" \/>\n<meta name=\"twitter:card\" content=\"summary_large_image\" \/>\n<meta name=\"twitter:creator\" content=\"@elregionalvm1\" \/>\n<meta name=\"twitter:site\" content=\"@elregionalvm1\" \/>\n<meta name=\"twitter:label1\" content=\"Escrito por\" \/>\n\t<meta name=\"twitter:data1\" content=\"Contenidos El Regional\" \/>\n\t<meta name=\"twitter:label2\" content=\"Tiempo de lectura\" \/>\n\t<meta name=\"twitter:data2\" content=\"1 minuto\" \/>\n<script type=\"application\/ld+json\" class=\"yoast-schema-graph\">{\"@context\":\"https:\/\/schema.org\",\"@graph\":[{\"@type\":\"Article\",\"@id\":\"https:\/\/elregionalvm.com.ar\/noticias-villa-maria\/villa-nueva-fpa-detuvo-a-dos-mujeres-y-secuestro-cocaina\/#article\",\"isPartOf\":{\"@id\":\"https:\/\/elregionalvm.com.ar\/noticias-villa-maria\/villa-nueva-fpa-detuvo-a-dos-mujeres-y-secuestro-cocaina\/\"},\"author\":{\"name\":\"Contenidos El Regional\",\"@id\":\"http:\/\/elregionalvm.com.ar\/noticias-villa-maria\/#\/schema\/person\/a0fb9c422317faca23d50163151bc354\"},\"headline\":\"Villa Nueva: FPA detuvo a dos mujeres y secuestr\u00f3 coca\u00edna\",\"datePublished\":\"2023-12-04T19:43:57+00:00\",\"dateModified\":\"2023-12-05T03:02:38+00:00\",\"mainEntityOfPage\":{\"@id\":\"https:\/\/elregionalvm.com.ar\/noticias-villa-maria\/villa-nueva-fpa-detuvo-a-dos-mujeres-y-secuestro-cocaina\/\"},\"wordCount\":170,\"commentCount\":0,\"image\":{\"@id\":\"https:\/\/elregionalvm.com.ar\/noticias-villa-maria\/villa-nueva-fpa-detuvo-a-dos-mujeres-y-secuestro-cocaina\/#primaryimage\"},\"thumbnailUrl\":\"https:\/\/i0.wp.com\/elregionalvm.com.ar\/noticias-villa-maria\/wp-content\/uploads\/2023\/12\/WhatsApp-Image-2023-12-02-at-11.51.07-1-768x512-1.jpeg?fit=768%2C512&ssl=1\",\"articleSection\":[\"destacado\",\"Policiales\",\"Sociedad\",\"Villa Nueva\"],\"inLanguage\":\"es\",\"potentialAction\":[{\"@type\":\"CommentAction\",\"name\":\"Comment\",\"target\":[\"https:\/\/elregionalvm.com.ar\/noticias-villa-maria\/villa-nueva-fpa-detuvo-a-dos-mujeres-y-secuestro-cocaina\/#respond\"]}]},{\"@type\":\"WebPage\",\"@id\":\"https:\/\/elregionalvm.com.ar\/noticias-villa-maria\/villa-nueva-fpa-detuvo-a-dos-mujeres-y-secuestro-cocaina\/\",\"url\":\"https:\/\/elregionalvm.com.ar\/noticias-villa-maria\/villa-nueva-fpa-detuvo-a-dos-mujeres-y-secuestro-cocaina\/\",\"name\":\"Villa Nueva: FPA detuvo a dos mujeres y secuestr\u00f3 coca\u00edna - El Regional\",\"isPartOf\":{\"@id\":\"http:\/\/elregionalvm.com.ar\/noticias-villa-maria\/#website\"},\"primaryImageOfPage\":{\"@id\":\"https:\/\/elregionalvm.com.ar\/noticias-villa-maria\/villa-nueva-fpa-detuvo-a-dos-mujeres-y-secuestro-cocaina\/#primaryimage\"},\"image\":{\"@id\":\"https:\/\/elregionalvm.com.ar\/noticias-villa-maria\/villa-nueva-fpa-detuvo-a-dos-mujeres-y-secuestro-cocaina\/#primaryimage\"},\"thumbnailUrl\":\"https:\/\/i0.wp.com\/elregionalvm.com.ar\/noticias-villa-maria\/wp-content\/uploads\/2023\/12\/WhatsApp-Image-2023-12-02-at-11.51.07-1-768x512-1.jpeg?fit=768%2C512&ssl=1\",\"datePublished\":\"2023-12-04T19:43:57+00:00\",\"dateModified\":\"2023-12-05T03:02:38+00:00\",\"author\":{\"@id\":\"http:\/\/elregionalvm.com.ar\/noticias-villa-maria\/#\/schema\/person\/a0fb9c422317faca23d50163151bc354\"},\"breadcrumb\":{\"@id\":\"https:\/\/elregionalvm.com.ar\/noticias-villa-maria\/villa-nueva-fpa-detuvo-a-dos-mujeres-y-secuestro-cocaina\/#breadcrumb\"},\"inLanguage\":\"es\",\"potentialAction\":[{\"@type\":\"ReadAction\",\"target\":[\"https:\/\/elregionalvm.com.ar\/noticias-villa-maria\/villa-nueva-fpa-detuvo-a-dos-mujeres-y-secuestro-cocaina\/\"]}]},{\"@type\":\"ImageObject\",\"inLanguage\":\"es\",\"@id\":\"https:\/\/elregionalvm.com.ar\/noticias-villa-maria\/villa-nueva-fpa-detuvo-a-dos-mujeres-y-secuestro-cocaina\/#primaryimage\",\"url\":\"https:\/\/i0.wp.com\/elregionalvm.com.ar\/noticias-villa-maria\/wp-content\/uploads\/2023\/12\/WhatsApp-Image-2023-12-02-at-11.51.07-1-768x512-1.jpeg?fit=768%2C512&ssl=1\",\"contentUrl\":\"https:\/\/i0.wp.com\/elregionalvm.com.ar\/noticias-villa-maria\/wp-content\/uploads\/2023\/12\/WhatsApp-Image-2023-12-02-at-11.51.07-1-768x512-1.jpeg?fit=768%2C512&ssl=1\",\"width\":768,\"height\":512},{\"@type\":\"BreadcrumbList\",\"@id\":\"https:\/\/elregionalvm.com.ar\/noticias-villa-maria\/villa-nueva-fpa-detuvo-a-dos-mujeres-y-secuestro-cocaina\/#breadcrumb\",\"itemListElement\":[{\"@type\":\"ListItem\",\"position\":1,\"name\":\"Portada\",\"item\":\"https:\/\/elregionalvm.com.ar\/noticias-villa-maria\/\"},{\"@type\":\"ListItem\",\"position\":2,\"name\":\"Villa Nueva: FPA detuvo a dos mujeres y secuestr\u00f3 coca\u00edna\"}]},{\"@type\":\"WebSite\",\"@id\":\"http:\/\/elregionalvm.com.ar\/noticias-villa-maria\/#website\",\"url\":\"http:\/\/elregionalvm.com.ar\/noticias-villa-maria\/\",\"name\":\"El Regional\",\"description\":\"Mucho m\u00e1s que informaci\u00f3n\",\"potentialAction\":[{\"@type\":\"SearchAction\",\"target\":{\"@type\":\"EntryPoint\",\"urlTemplate\":\"http:\/\/elregionalvm.com.ar\/noticias-villa-maria\/?s={search_term_string}\"},\"query-input\":{\"@type\":\"PropertyValueSpecification\",\"valueRequired\":true,\"valueName\":\"search_term_string\"}}],\"inLanguage\":\"es\"},{\"@type\":\"Person\",\"@id\":\"http:\/\/elregionalvm.com.ar\/noticias-villa-maria\/#\/schema\/person\/a0fb9c422317faca23d50163151bc354\",\"name\":\"Contenidos El Regional\",\"image\":{\"@type\":\"ImageObject\",\"inLanguage\":\"es\",\"@id\":\"http:\/\/elregionalvm.com.ar\/noticias-villa-maria\/#\/schema\/person\/image\/\",\"url\":\"https:\/\/secure.gravatar.com\/avatar\/265b27cb2209af7bb3a1318f03305787d7981a5cc6e6cd08fe5a4ecdf99d4b48?s=96&d=mm&r=g\",\"contentUrl\":\"https:\/\/secure.gravatar.com\/avatar\/265b27cb2209af7bb3a1318f03305787d7981a5cc6e6cd08fe5a4ecdf99d4b48?s=96&d=mm&r=g\",\"caption\":\"Contenidos El Regional\"},\"url\":\"https:\/\/elregionalvm.com.ar\/noticias-villa-maria\/author\/contenido\/\"}]}<\/script>\n<!-- \/ Yoast SEO plugin. -->","yoast_head_json":{"title":"Villa Nueva: FPA detuvo a dos mujeres y secuestr\u00f3 coca\u00edna - El Regional","robots":{"index":"index","follow":"follow","max-snippet":"max-snippet:-1","max-image-preview":"max-image-preview:large","max-video-preview":"max-video-preview:-1"},"canonical":"https:\/\/elregionalvm.com.ar\/noticias-villa-maria\/villa-nueva-fpa-detuvo-a-dos-mujeres-y-secuestro-cocaina\/","og_locale":"es_ES","og_type":"article","og_title":"Villa Nueva: FPA detuvo a dos mujeres y secuestr\u00f3 coca\u00edna - El Regional","og_description":"En una investigaci\u00f3n dirigida por el Ministerio P\u00fablico Fiscal, la Fuerza Policial Antinarcotr\u00e1fico cerr\u00f3 dos puntos de venta y procedi\u00f3 a la detenci\u00f3n de dos mujeres, de 28 y 39 a\u00f1os de edad, vinculadas a la comercializaci\u00f3n de estupefacientes en la ciudad de Villa Nueva. Las detenciones se efectuaron en dos viviendas situadas sobre calle [&hellip;]","og_url":"https:\/\/elregionalvm.com.ar\/noticias-villa-maria\/villa-nueva-fpa-detuvo-a-dos-mujeres-y-secuestro-cocaina\/","og_site_name":"El Regional","article_publisher":"https:\/\/www.facebook.com\/elregionalvm","article_published_time":"2023-12-04T19:43:57+00:00","article_modified_time":"2023-12-05T03:02:38+00:00","og_image":[{"width":768,"height":512,"url":"https:\/\/elregionalvm.com.ar\/noticias-villa-maria\/wp-content\/uploads\/2023\/12\/WhatsApp-Image-2023-12-02-at-11.51.07-1-768x512-1.jpeg","type":"image\/jpeg"}],"author":"Contenidos El Regional","twitter_card":"summary_large_image","twitter_creator":"@elregionalvm1","twitter_site":"@elregionalvm1","twitter_misc":{"Escrito por":"Contenidos El Regional","Tiempo de lectura":"1 minuto"},"schema":{"@context":"https:\/\/schema.org","@graph":[{"@type":"Article","@id":"https:\/\/elregionalvm.com.ar\/noticias-villa-maria\/villa-nueva-fpa-detuvo-a-dos-mujeres-y-secuestro-cocaina\/#article","isPartOf":{"@id":"https:\/\/elregionalvm.com.ar\/noticias-villa-maria\/villa-nueva-fpa-detuvo-a-dos-mujeres-y-secuestro-cocaina\/"},"author":{"name":"Contenidos El Regional","@id":"http:\/\/elregionalvm.com.ar\/noticias-villa-maria\/#\/schema\/person\/a0fb9c422317faca23d50163151bc354"},"headline":"Villa Nueva: FPA detuvo a dos mujeres y secuestr\u00f3 coca\u00edna","datePublished":"2023-12-04T19:43:57+00:00","dateModified":"2023-12-05T03:02:38+00:00","mainEntityOfPage":{"@id":"https:\/\/elregionalvm.com.ar\/noticias-villa-maria\/villa-nueva-fpa-detuvo-a-dos-mujeres-y-secuestro-cocaina\/"},"wordCount":170,"commentCount":0,"image":{"@id":"https:\/\/elregionalvm.com.ar\/noticias-villa-maria\/villa-nueva-fpa-detuvo-a-dos-mujeres-y-secuestro-cocaina\/#primaryimage"},"thumbnailUrl":"https:\/\/i0.wp.com\/elregionalvm.com.ar\/noticias-villa-maria\/wp-content\/uploads\/2023\/12\/WhatsApp-Image-2023-12-02-at-11.51.07-1-768x512-1.jpeg?fit=768%2C512&ssl=1","articleSection":["destacado","Policiales","Sociedad","Villa Nueva"],"inLanguage":"es","potentialAction":[{"@type":"CommentAction","name":"Comment","target":["https:\/\/elregionalvm.com.ar\/noticias-villa-maria\/villa-nueva-fpa-detuvo-a-dos-mujeres-y-secuestro-cocaina\/#respond"]}]},{"@type":"WebPage","@id":"https:\/\/elregionalvm.com.ar\/noticias-villa-maria\/villa-nueva-fpa-detuvo-a-dos-mujeres-y-secuestro-cocaina\/","url":"https:\/\/elregionalvm.com.ar\/noticias-villa-maria\/villa-nueva-fpa-detuvo-a-dos-mujeres-y-secuestro-cocaina\/","name":"Villa Nueva: FPA detuvo a dos mujeres y secuestr\u00f3 coca\u00edna - El Regional","isPartOf":{"@id":"http:\/\/elregionalvm.com.ar\/noticias-villa-maria\/#website"},"primaryImageOfPage":{"@id":"https:\/\/elregionalvm.com.ar\/noticias-villa-maria\/villa-nueva-fpa-detuvo-a-dos-mujeres-y-secuestro-cocaina\/#primaryimage"},"image":{"@id":"https:\/\/elregionalvm.com.ar\/noticias-villa-maria\/villa-nueva-fpa-detuvo-a-dos-mujeres-y-secuestro-cocaina\/#primaryimage"},"thumbnailUrl":"https:\/\/i0.wp.com\/elregionalvm.com.ar\/noticias-villa-maria\/wp-content\/uploads\/2023\/12\/WhatsApp-Image-2023-12-02-at-11.51.07-1-768x512-1.jpeg?fit=768%2C512&ssl=1","datePublished":"2023-12-04T19:43:57+00:00","dateModified":"2023-12-05T03:02:38+00:00","author":{"@id":"http:\/\/elregionalvm.com.ar\/noticias-villa-maria\/#\/schema\/person\/a0fb9c422317faca23d50163151bc354"},"breadcrumb":{"@id":"https:\/\/elregionalvm.com.ar\/noticias-villa-maria\/villa-nueva-fpa-detuvo-a-dos-mujeres-y-secuestro-cocaina\/#breadcrumb"},"inLanguage":"es","potentialAction":[{"@type":"ReadAction","target":["https:\/\/elregionalvm.com.ar\/noticias-villa-maria\/villa-nueva-fpa-detuvo-a-dos-mujeres-y-secuestro-cocaina\/"]}]},{"@type":"ImageObject","inLanguage":"es","@id":"https:\/\/elregionalvm.com.ar\/noticias-villa-maria\/villa-nueva-fpa-detuvo-a-dos-mujeres-y-secuestro-cocaina\/#primaryimage","url":"https:\/\/i0.wp.com\/elregionalvm.com.ar\/noticias-villa-maria\/wp-content\/uploads\/2023\/12\/WhatsApp-Image-2023-12-02-at-11.51.07-1-768x512-1.jpeg?fit=768%2C512&ssl=1","contentUrl":"https:\/\/i0.wp.com\/elregionalvm.com.ar\/noticias-villa-maria\/wp-content\/uploads\/2023\/12\/WhatsApp-Image-2023-12-02-at-11.51.07-1-768x512-1.jpeg?fit=768%2C512&ssl=1","width":768,"height":512},{"@type":"BreadcrumbList","@id":"https:\/\/elregionalvm.com.ar\/noticias-villa-maria\/villa-nueva-fpa-detuvo-a-dos-mujeres-y-secuestro-cocaina\/#breadcrumb","itemListElement":[{"@type":"ListItem","position":1,"name":"Portada","item":"https:\/\/elregionalvm.com.ar\/noticias-villa-maria\/"},{"@type":"ListItem","position":2,"name":"Villa Nueva: FPA detuvo a dos mujeres y secuestr\u00f3 coca\u00edna"}]},{"@type":"WebSite","@id":"http:\/\/elregionalvm.com.ar\/noticias-villa-maria\/#website","url":"http:\/\/elregionalvm.com.ar\/noticias-villa-maria\/","name":"El Regional","description":"Mucho m\u00e1s que informaci\u00f3n","potentialAction":[{"@type":"SearchAction","target":{"@type":"EntryPoint","urlTemplate":"http:\/\/elregionalvm.com.ar\/noticias-villa-maria\/?s={search_term_string}"},"query-input":{"@type":"PropertyValueSpecification","valueRequired":true,"valueName":"search_term_string"}}],"inLanguage":"es"},{"@type":"Person","@id":"http:\/\/elregionalvm.com.ar\/noticias-villa-maria\/#\/schema\/person\/a0fb9c422317faca23d50163151bc354","name":"Contenidos El Regional","image":{"@type":"ImageObject","inLanguage":"es","@id":"http:\/\/elregionalvm.com.ar\/noticias-villa-maria\/#\/schema\/person\/image\/","url":"https:\/\/secure.gravatar.com\/avatar\/265b27cb2209af7bb3a1318f03305787d7981a5cc6e6cd08fe5a4ecdf99d4b48?s=96&d=mm&r=g","contentUrl":"https:\/\/secure.gravatar.com\/avatar\/265b27cb2209af7bb3a1318f03305787d7981a5cc6e6cd08fe5a4ecdf99d4b48?s=96&d=mm&r=g","caption":"Contenidos El Regional"},"url":"https:\/\/elregionalvm.com.ar\/noticias-villa-maria\/author\/contenido\/"}]}},"jetpack_featured_media_url":"https:\/\/i0.wp.com\/elregionalvm.com.ar\/noticias-villa-maria\/wp-content\/uploads\/2023\/12\/WhatsApp-Image-2023-12-02-at-11.51.07-1-768x512-1.jpeg?fit=768%2C512&ssl=1","jetpack_sharing_enabled":true,"_links":{"self":[{"href":"https:\/\/elregionalvm.com.ar\/noticias-villa-maria\/wp-json\/wp\/v2\/posts\/86722","targetHints":{"allow":["GET"]}}],"collection":[{"href":"https:\/\/elregionalvm.com.ar\/noticias-villa-maria\/wp-json\/wp\/v2\/posts"}],"about":[{"href":"https:\/\/elregionalvm.com.ar\/noticias-villa-maria\/wp-json\/wp\/v2\/types\/post"}],"author":[{"embeddable":true,"href":"https:\/\/elregionalvm.com.ar\/noticias-villa-maria\/wp-json\/wp\/v2\/users\/4"}],"replies":[{"embeddable":true,"href":"https:\/\/elregionalvm.com.ar\/noticias-villa-maria\/wp-json\/wp\/v2\/comments?post=86722"}],"version-history":[{"count":1,"href":"https:\/\/elregionalvm.com.ar\/noticias-villa-maria\/wp-json\/wp\/v2\/posts\/86722\/revisions"}],"predecessor-version":[{"id":86725,"href":"https:\/\/elregionalvm.com.ar\/noticias-villa-maria\/wp-json\/wp\/v2\/posts\/86722\/revisions\/86725"}],"wp:featuredmedia":[{"embeddable":true,"href":"https:\/\/elregionalvm.com.ar\/noticias-villa-maria\/wp-json\/wp\/v2\/media\/86723"}],"wp:attachment":[{"href":"https:\/\/elregionalvm.com.ar\/noticias-villa-maria\/wp-json\/wp\/v2\/media?parent=86722"}],"wp:term":[{"taxonomy":"category","embeddable":true,"href":"https:\/\/elregionalvm.com.ar\/noticias-villa-maria\/wp-json\/wp\/v2\/categories?post=86722"},{"taxonomy":"post_tag","embeddable":true,"href":"https:\/\/elregionalvm.com.ar\/noticias-villa-maria\/wp-json\/wp\/v2\/tags?post=86722"}],"curies":[{"name":"wp","href":"https:\/\/api.w.org\/{rel}","templated":true}]}}