{"id":86728,"date":"2023-12-05T02:23:53","date_gmt":"2023-12-05T02:23:53","guid":{"rendered":"https:\/\/elregionalvm.com.ar\/noticias-villa-maria\/?p=86728"},"modified":"2023-12-08T01:06:25","modified_gmt":"2023-12-08T01:06:25","slug":"opinion-inedita-oportunidad-para-sustituir-la-coparticipacion-es-posible","status":"publish","type":"post","link":"https:\/\/elregionalvm.com.ar\/noticias-villa-maria\/opinion-inedita-oportunidad-para-sustituir-la-coparticipacion-es-posible\/","title":{"rendered":"[Opini\u00f3n] In\u00e9dita oportunidad para sustituir la coparticipaci\u00f3n: \u00bfEs posible?"},"content":{"rendered":"\n<p><\/p>\n\n\n\n<h3 class=\"wp-block-heading\"><strong>La reducci\u00f3n en el impuesto a las ganancias est\u00e1 impactando sobre los ingresos de las provincias. En lugar de discutir compensaciones es la oportunidad para llegar a un acuerdo de coordinaci\u00f3n tributaria y funcional que incluya distribuir las fuentes tributarias y sustituir la coparticipaci\u00f3n por un Fondo de Convergencia.<\/strong><\/h3>\n\n\n\n<p><\/p>\n\n\n\n<p>La Ley 23.548, denominada \u201cR\u00e9gimen Transitorio de Distribuci\u00f3n entre la Naci\u00f3n y las Provincias\u201d, m\u00e1s conocida como ley de coparticipaci\u00f3n, fue sancionada en 1988 en el particular contexto pol\u00edtico que se transitaba al final del gobierno de Ra\u00fal Alfons\u00edn.<\/p>\n\n\n\n<p>Su concepci\u00f3n es concentrar la recaudaci\u00f3n de los impuestos para luego distribuirla, de manera diaria y autom\u00e1tica, entre el Estado nacional y las provincias. La distribuci\u00f3n se basa en par\u00e1metros muy arbitrarios y genera incentivos muy perversos.<\/p>\n\n\n\n<p>Cualquier alteraci\u00f3n en los impuestos y su forma de distribuci\u00f3n debe ser instrumentada a trav\u00e9s de ley aprobada por el Congreso, es decir, donde las provincias participen en la decisi\u00f3n.<\/p>\n\n\n\n<p><\/p>\n\n\n\n<figure class=\"wp-block-image size-large\"><img data-recalc-dims=\"1\" fetchpriority=\"high\" decoding=\"async\" width=\"1024\" height=\"576\" src=\"https:\/\/i0.wp.com\/elregionalvm.com.ar\/noticias-villa-maria\/wp-content\/uploads\/2022\/12\/coparticipacion-federal-monedas-mapa-argentina.jpg?resize=1024%2C576&#038;ssl=1\" alt=\"\" class=\"wp-image-68527\" srcset=\"https:\/\/i0.wp.com\/elregionalvm.com.ar\/noticias-villa-maria\/wp-content\/uploads\/2022\/12\/coparticipacion-federal-monedas-mapa-argentina.jpg?resize=1024%2C576&amp;ssl=1 1024w, https:\/\/i0.wp.com\/elregionalvm.com.ar\/noticias-villa-maria\/wp-content\/uploads\/2022\/12\/coparticipacion-federal-monedas-mapa-argentina.jpg?resize=300%2C169&amp;ssl=1 300w, https:\/\/i0.wp.com\/elregionalvm.com.ar\/noticias-villa-maria\/wp-content\/uploads\/2022\/12\/coparticipacion-federal-monedas-mapa-argentina.jpg?resize=768%2C432&amp;ssl=1 768w, https:\/\/i0.wp.com\/elregionalvm.com.ar\/noticias-villa-maria\/wp-content\/uploads\/2022\/12\/coparticipacion-federal-monedas-mapa-argentina.jpg?w=1200&amp;ssl=1 1200w\" sizes=\"(max-width: 1000px) 100vw, 1000px\" \/><\/figure>\n\n\n\n<p><\/p>\n\n\n\n<p>Sin embargo, sucesivos gobiernos nacionales aplicaron modificaciones impositivas sin pasar por el Congreso motorizando una frondosa litigiosidad. Uno de los impuestos m\u00e1s frecuentemente manipulados desde el Estado nacional es el impuesto a las ganancias de las personas humanas.<\/p>\n\n\n\n<p>La \u00faltima alteraci\u00f3n ocurri\u00f3 en setiembre cuando, en el marco del proceso eleccionario, el candidato por el oficialismo elev\u00f3 el deducible de ganancias para los asalariados y jubilados a 15 salarios m\u00ednimos.<\/p>\n\n\n\n<p><strong>\u00bfQu\u00e9 impacto est\u00e1 teniendo esta medida sobre los ingresos provinciales?<\/strong><\/p>\n\n\n\n<p>Seg\u00fan el Ministerio de Econom\u00eda, se observa que:<\/p>\n\n\n\n<ul class=\"wp-block-list\">\n<li>En setiembre 2023, la coparticipaci\u00f3n aument\u00f3 en t\u00e9rminos reales un 2% respecto a igual mes del a\u00f1o anterior descontando la inflaci\u00f3n.<\/li>\n<\/ul>\n\n\n\n<ul class=\"wp-block-list\">\n<li>En octubre 2023, la coparticipaci\u00f3n recibida por las provincias cay\u00f3 un -7% real.<\/li>\n<\/ul>\n\n\n\n<ul class=\"wp-block-list\">\n<li>En noviembre 2023, la ca\u00edda llega al -18% real.<\/li>\n<\/ul>\n\n\n\n<p><\/p>\n\n\n\n<figure class=\"wp-block-image\"><img data-recalc-dims=\"1\" decoding=\"async\" src=\"https:\/\/i0.wp.com\/idesa.org\/wp-content\/uploads\/2023\/12\/Captura-de-pantalla-2023-12-03-a-las-17.03.34.png?ssl=1\" alt=\"\"\/><\/figure>\n\n\n\n<p><\/p>\n\n\n\n<p>Estos datos muestran que el impacto en los ingresos provinciales de las decisiones que tom\u00f3 el gobierno nacional unilateralmente es muy sustantivo. El rechazo por parte de varios gobernadores tiene fundamentos ya que, sin consultarlos, se dispuso un recorte significativo en sus ingresos provinciales.<\/p>\n\n\n\n<p>Como era de prever, varias provincias ya presentaron demandas judiciales contra el Estado nacional ante la Corte Suprema, sumando una nueva ola de controversias judiciales a las que est\u00e1n pendientes de definici\u00f3n.<\/p>\n\n\n\n<p>En este nuevo conflicto, la estrategia que plante\u00f3 el gobierno \u2013como muchas veces se hizo en el pasado\u2013 es buscar una compensaci\u00f3n a las provincias por la p\u00e9rdida que les provoca la baja en el impuesto a las ganancias.<\/p>\n\n\n\n<p>Una de las posibilidades es regular que una parte del impuesto al cheque \u2013actualmente 100% derivado a la ANSES\u2013 sea coparticipado. La estrategia alternativa, mucho m\u00e1s disruptiva es romper con la l\u00f3gica de seguir aplicando parches sobre la vieja ley de coparticipaci\u00f3n y suscribir entre las provincias y el Estado nacional un nuevo acuerdo de coordinaci\u00f3n tributaria y funcional.<\/p>\n\n\n\n<p><strong>Fondo de convergencia<\/strong><\/p>\n\n\n\n<p>El acuerdo deber\u00eda contemplar mejorar la correspondencia fiscal. Es decir, tender a que cada jurisdicci\u00f3n genere los ingresos que necesita para financiar sus gastos en base a la separaci\u00f3n de fuentes tributarias.<\/p>\n\n\n\n<p>Esto es, el Estado nacional se deber\u00eda financiar con los impuestos al comercio exterior, a la seguridad social y el impuesto a los ingresos (mal llamado \u201ca las ganancias\u201d) y cada provincia con el IVA (que absorbe ingresos brutos y tasas municipales) que se genere en su territorio y el impuesto sobre el patrimonio de los ciudadanos con domicilio en su territorio.<\/p>\n\n\n\n<p>La coparticipaci\u00f3n deber\u00eda ser sustituida por un Fondo de Convergencia de dimensiones mucho m\u00e1s peque\u00f1as. Ya que solo estar\u00eda destinado a asistir a las provincias m\u00e1s pobres con transferencias que no sean un \u201ccheque en blanco\u201d sino condicionadas a que se aplique una estrategia medible de desarrollo.<\/p>\n\n\n\n<p><\/p>\n\n\n\n<figure class=\"wp-block-image size-large\"><img data-recalc-dims=\"1\" decoding=\"async\" width=\"1024\" height=\"577\" src=\"https:\/\/i0.wp.com\/elregionalvm.com.ar\/noticias-villa-maria\/wp-content\/uploads\/2023\/09\/Dinero-coparticipacion-pesos.jpg?resize=1024%2C577&#038;ssl=1\" alt=\"\" class=\"wp-image-82375\" srcset=\"https:\/\/i0.wp.com\/elregionalvm.com.ar\/noticias-villa-maria\/wp-content\/uploads\/2023\/09\/Dinero-coparticipacion-pesos.jpg?resize=1024%2C577&amp;ssl=1 1024w, https:\/\/i0.wp.com\/elregionalvm.com.ar\/noticias-villa-maria\/wp-content\/uploads\/2023\/09\/Dinero-coparticipacion-pesos.jpg?resize=300%2C169&amp;ssl=1 300w, https:\/\/i0.wp.com\/elregionalvm.com.ar\/noticias-villa-maria\/wp-content\/uploads\/2023\/09\/Dinero-coparticipacion-pesos.jpg?resize=768%2C433&amp;ssl=1 768w, https:\/\/i0.wp.com\/elregionalvm.com.ar\/noticias-villa-maria\/wp-content\/uploads\/2023\/09\/Dinero-coparticipacion-pesos.jpg?w=1276&amp;ssl=1 1276w\" sizes=\"(max-width: 1000px) 100vw, 1000px\" \/><\/figure>\n\n\n\n<p><\/p>\n\n\n\n<p>Las elecciones produjeron una profunda renovaci\u00f3n en los gobiernos provinciales y es la primera vez en la historia que ning\u00fan gobernador tiene alineamiento pol\u00edtico con el presidente.<\/p>\n\n\n\n<p>Esto puede ser una debilidad o una oportunidad in\u00e9dita para reconstruir el federalismo. Para aprovecharla, hay que descartar la alternativa f\u00e1cil de seguir acumulando parches y concentrar los esfuerzos en suscribir un nuevo acuerdo \u2013que no necesita aval un\u00e1nime de todas las provincias\u2013 donde se establezca que la Naci\u00f3n se compromete a ejecutar solo funciones interprovinciales y cada provincia \u2013con sus municipios\u2013 a cobrar los impuestos a su poblaci\u00f3n a los fines de financiar pol\u00edticas de desarrollo local.<\/p>\n\n\n\n<p><\/p>\n\n\n\n<p><em>Informe: Idesa <\/em><\/p>\n\n\n\n<p><\/p>\n\n\n\n<p><\/p>\n\n\n\n<h3 class=\"wp-block-heading\"><strong>Tambi\u00e9n pod\u00e9s ver:<\/strong><\/h3>\n\n\n\n<p><\/p>\n\n\n\n<p><\/p>\n\n\n\n<figure class=\"wp-block-embed is-type-wp-embed is-provider-el-regional wp-block-embed-el-regional\"><div class=\"wp-block-embed__wrapper\">\n<blockquote class=\"wp-embedded-content\" data-secret=\"lHCxq9dtfq\"><a href=\"https:\/\/elregionalvm.com.ar\/noticias-villa-maria\/opinion-el-sistema-previsional-no-necesita-ajuste-sino-orden\/\">[Opini\u00f3n] El sistema previsional no necesita ajuste sino orden<\/a><\/blockquote><iframe class=\"wp-embedded-content\" sandbox=\"allow-scripts\" security=\"restricted\" style=\"position: absolute; clip: rect(1px, 1px, 1px, 1px);\" title=\"\u00ab[Opini\u00f3n] El sistema previsional no necesita ajuste sino orden\u00bb \u2014 El Regional\" src=\"https:\/\/elregionalvm.com.ar\/noticias-villa-maria\/opinion-el-sistema-previsional-no-necesita-ajuste-sino-orden\/embed\/#?secret=IyCb0sAqDD#?secret=lHCxq9dtfq\" data-secret=\"lHCxq9dtfq\" width=\"500\" height=\"282\" frameborder=\"0\" marginwidth=\"0\" marginheight=\"0\" scrolling=\"no\"><\/iframe>\n<\/div><\/figure>\n","protected":false},"excerpt":{"rendered":"<p>La reducci\u00f3n en el impuesto a las ganancias est\u00e1 impactando sobre los ingresos de las provincias. En lugar de discutir compensaciones es la oportunidad para llegar a un acuerdo de coordinaci\u00f3n tributaria y funcional que incluya distribuir las fuentes tributarias y sustituir la coparticipaci\u00f3n por un Fondo de Convergencia. La Ley 23.548, denominada \u201cR\u00e9gimen Transitorio [&hellip;]<\/p>\n","protected":false},"author":4,"featured_media":86730,"comment_status":"open","ping_status":"open","sticky":false,"template":"","format":"standard","meta":{"site-sidebar-layout":"default","site-content-layout":"","ast-site-content-layout":"default","site-content-style":"default","site-sidebar-style":"default","ast-global-header-display":"","ast-banner-title-visibility":"","ast-main-header-display":"","ast-hfb-above-header-display":"","ast-hfb-below-header-display":"","ast-hfb-mobile-header-display":"","site-post-title":"","ast-breadcrumbs-content":"","ast-featured-img":"","footer-sml-layout":"","ast-disable-related-posts":"","theme-transparent-header-meta":"","adv-header-id-meta":"","stick-header-meta":"","header-above-stick-meta":"","header-main-stick-meta":"","header-below-stick-meta":"","astra-migrate-meta-layouts":"set","ast-page-background-enabled":"default","ast-page-background-meta":{"desktop":{"background-color":"","background-image":"","background-repeat":"repeat","background-position":"center center","background-size":"auto","background-attachment":"scroll","background-type":"","background-media":"","overlay-type":"","overlay-color":"","overlay-opacity":"","overlay-gradient":""},"tablet":{"background-color":"","background-image":"","background-repeat":"repeat","background-position":"center center","background-size":"auto","background-attachment":"scroll","background-type":"","background-media":"","overlay-type":"","overlay-color":"","overlay-opacity":"","overlay-gradient":""},"mobile":{"background-color":"","background-image":"","background-repeat":"repeat","background-position":"center center","background-size":"auto","background-attachment":"scroll","background-type":"","background-media":"","overlay-type":"","overlay-color":"","overlay-opacity":"","overlay-gradient":""}},"ast-content-background-meta":{"desktop":{"background-color":"var(--ast-global-color-5)","background-image":"","background-repeat":"repeat","background-position":"center center","background-size":"auto","background-attachment":"scroll","background-type":"","background-media":"","overlay-type":"","overlay-color":"","overlay-opacity":"","overlay-gradient":""},"tablet":{"background-color":"var(--ast-global-color-5)","background-image":"","background-repeat":"repeat","background-position":"center center","background-size":"auto","background-attachment":"scroll","background-type":"","background-media":"","overlay-type":"","overlay-color":"","overlay-opacity":"","overlay-gradient":""},"mobile":{"background-color":"var(--ast-global-color-5)","background-image":"","background-repeat":"repeat","background-position":"center center","background-size":"auto","background-attachment":"scroll","background-type":"","background-media":"","overlay-type":"","overlay-color":"","overlay-opacity":"","overlay-gradient":""}},"_jetpack_memberships_contains_paid_content":false,"_joinchat":[],"footnotes":""},"categories":[365,3557],"tags":[10862,23230,1973,8308,132,9891,23229],"class_list":["post-86728","post","type-post","status-publish","format-standard","has-post-thumbnail","hentry","category-opinion","category-tercera","tag-coparticipacion","tag-fondo-de-convergencia","tag-idesa","tag-impuesto-a-las-ganancias","tag-municipios","tag-provincias","tag-tributos"],"yoast_head":"<!-- This site is optimized with the Yoast SEO plugin v26.8 - https:\/\/yoast.com\/product\/yoast-seo-wordpress\/ -->\n<title>[Opini\u00f3n] In\u00e9dita oportunidad para sustituir la coparticipaci\u00f3n: \u00bfEs posible? - El Regional<\/title>\n<meta name=\"robots\" content=\"index, follow, max-snippet:-1, max-image-preview:large, max-video-preview:-1\" \/>\n<link rel=\"canonical\" href=\"https:\/\/elregionalvm.com.ar\/noticias-villa-maria\/opinion-inedita-oportunidad-para-sustituir-la-coparticipacion-es-posible\/\" \/>\n<meta property=\"og:locale\" content=\"es_ES\" \/>\n<meta property=\"og:type\" content=\"article\" \/>\n<meta property=\"og:title\" content=\"[Opini\u00f3n] In\u00e9dita oportunidad para sustituir la coparticipaci\u00f3n: \u00bfEs posible? - El Regional\" \/>\n<meta property=\"og:description\" content=\"La reducci\u00f3n en el impuesto a las ganancias est\u00e1 impactando sobre los ingresos de las provincias. En lugar de discutir compensaciones es la oportunidad para llegar a un acuerdo de coordinaci\u00f3n tributaria y funcional que incluya distribuir las fuentes tributarias y sustituir la coparticipaci\u00f3n por un Fondo de Convergencia. La Ley 23.548, denominada \u201cR\u00e9gimen Transitorio [&hellip;]\" \/>\n<meta property=\"og:url\" content=\"https:\/\/elregionalvm.com.ar\/noticias-villa-maria\/opinion-inedita-oportunidad-para-sustituir-la-coparticipacion-es-posible\/\" \/>\n<meta property=\"og:site_name\" content=\"El Regional\" \/>\n<meta property=\"article:publisher\" content=\"https:\/\/www.facebook.com\/elregionalvm\" \/>\n<meta property=\"article:published_time\" content=\"2023-12-05T02:23:53+00:00\" \/>\n<meta property=\"article:modified_time\" content=\"2023-12-08T01:06:25+00:00\" \/>\n<meta property=\"og:image\" content=\"https:\/\/elregionalvm.com.ar\/noticias-villa-maria\/wp-content\/uploads\/2023\/12\/Casa-rosada-flecha-hacia-arriba-coparticipacion.jpg\" \/>\n\t<meta property=\"og:image:width\" content=\"1432\" \/>\n\t<meta property=\"og:image:height\" content=\"807\" \/>\n\t<meta property=\"og:image:type\" content=\"image\/jpeg\" \/>\n<meta name=\"author\" content=\"Contenidos El Regional\" \/>\n<meta name=\"twitter:card\" content=\"summary_large_image\" \/>\n<meta name=\"twitter:creator\" content=\"@elregionalvm1\" \/>\n<meta name=\"twitter:site\" content=\"@elregionalvm1\" \/>\n<meta name=\"twitter:label1\" content=\"Escrito por\" \/>\n\t<meta name=\"twitter:data1\" content=\"Contenidos El Regional\" \/>\n\t<meta name=\"twitter:label2\" content=\"Tiempo de lectura\" \/>\n\t<meta name=\"twitter:data2\" content=\"4 minutos\" \/>\n<script type=\"application\/ld+json\" class=\"yoast-schema-graph\">{\"@context\":\"https:\/\/schema.org\",\"@graph\":[{\"@type\":\"Article\",\"@id\":\"https:\/\/elregionalvm.com.ar\/noticias-villa-maria\/opinion-inedita-oportunidad-para-sustituir-la-coparticipacion-es-posible\/#article\",\"isPartOf\":{\"@id\":\"https:\/\/elregionalvm.com.ar\/noticias-villa-maria\/opinion-inedita-oportunidad-para-sustituir-la-coparticipacion-es-posible\/\"},\"author\":{\"name\":\"Contenidos El Regional\",\"@id\":\"http:\/\/elregionalvm.com.ar\/noticias-villa-maria\/#\/schema\/person\/a0fb9c422317faca23d50163151bc354\"},\"headline\":\"[Opini\u00f3n] In\u00e9dita oportunidad para sustituir la coparticipaci\u00f3n: \u00bfEs posible?\",\"datePublished\":\"2023-12-05T02:23:53+00:00\",\"dateModified\":\"2023-12-08T01:06:25+00:00\",\"mainEntityOfPage\":{\"@id\":\"https:\/\/elregionalvm.com.ar\/noticias-villa-maria\/opinion-inedita-oportunidad-para-sustituir-la-coparticipacion-es-posible\/\"},\"wordCount\":784,\"commentCount\":0,\"image\":{\"@id\":\"https:\/\/elregionalvm.com.ar\/noticias-villa-maria\/opinion-inedita-oportunidad-para-sustituir-la-coparticipacion-es-posible\/#primaryimage\"},\"thumbnailUrl\":\"https:\/\/i0.wp.com\/elregionalvm.com.ar\/noticias-villa-maria\/wp-content\/uploads\/2023\/12\/Casa-rosada-flecha-hacia-arriba-coparticipacion.jpg?fit=1432%2C807&ssl=1\",\"keywords\":[\"Coparticipaci\u00f3n\",\"fondo de convergencia\",\"IDESA\",\"Impuesto a las Ganancias\",\"municipios\",\"Provincias\",\"tributos\"],\"articleSection\":[\"Opini\u00f3n\",\"tercera\"],\"inLanguage\":\"es\",\"potentialAction\":[{\"@type\":\"CommentAction\",\"name\":\"Comment\",\"target\":[\"https:\/\/elregionalvm.com.ar\/noticias-villa-maria\/opinion-inedita-oportunidad-para-sustituir-la-coparticipacion-es-posible\/#respond\"]}]},{\"@type\":\"WebPage\",\"@id\":\"https:\/\/elregionalvm.com.ar\/noticias-villa-maria\/opinion-inedita-oportunidad-para-sustituir-la-coparticipacion-es-posible\/\",\"url\":\"https:\/\/elregionalvm.com.ar\/noticias-villa-maria\/opinion-inedita-oportunidad-para-sustituir-la-coparticipacion-es-posible\/\",\"name\":\"[Opini\u00f3n] In\u00e9dita oportunidad para sustituir la coparticipaci\u00f3n: \u00bfEs posible? - El Regional\",\"isPartOf\":{\"@id\":\"http:\/\/elregionalvm.com.ar\/noticias-villa-maria\/#website\"},\"primaryImageOfPage\":{\"@id\":\"https:\/\/elregionalvm.com.ar\/noticias-villa-maria\/opinion-inedita-oportunidad-para-sustituir-la-coparticipacion-es-posible\/#primaryimage\"},\"image\":{\"@id\":\"https:\/\/elregionalvm.com.ar\/noticias-villa-maria\/opinion-inedita-oportunidad-para-sustituir-la-coparticipacion-es-posible\/#primaryimage\"},\"thumbnailUrl\":\"https:\/\/i0.wp.com\/elregionalvm.com.ar\/noticias-villa-maria\/wp-content\/uploads\/2023\/12\/Casa-rosada-flecha-hacia-arriba-coparticipacion.jpg?fit=1432%2C807&ssl=1\",\"datePublished\":\"2023-12-05T02:23:53+00:00\",\"dateModified\":\"2023-12-08T01:06:25+00:00\",\"author\":{\"@id\":\"http:\/\/elregionalvm.com.ar\/noticias-villa-maria\/#\/schema\/person\/a0fb9c422317faca23d50163151bc354\"},\"breadcrumb\":{\"@id\":\"https:\/\/elregionalvm.com.ar\/noticias-villa-maria\/opinion-inedita-oportunidad-para-sustituir-la-coparticipacion-es-posible\/#breadcrumb\"},\"inLanguage\":\"es\",\"potentialAction\":[{\"@type\":\"ReadAction\",\"target\":[\"https:\/\/elregionalvm.com.ar\/noticias-villa-maria\/opinion-inedita-oportunidad-para-sustituir-la-coparticipacion-es-posible\/\"]}]},{\"@type\":\"ImageObject\",\"inLanguage\":\"es\",\"@id\":\"https:\/\/elregionalvm.com.ar\/noticias-villa-maria\/opinion-inedita-oportunidad-para-sustituir-la-coparticipacion-es-posible\/#primaryimage\",\"url\":\"https:\/\/i0.wp.com\/elregionalvm.com.ar\/noticias-villa-maria\/wp-content\/uploads\/2023\/12\/Casa-rosada-flecha-hacia-arriba-coparticipacion.jpg?fit=1432%2C807&ssl=1\",\"contentUrl\":\"https:\/\/i0.wp.com\/elregionalvm.com.ar\/noticias-villa-maria\/wp-content\/uploads\/2023\/12\/Casa-rosada-flecha-hacia-arriba-coparticipacion.jpg?fit=1432%2C807&ssl=1\",\"width\":1432,\"height\":807},{\"@type\":\"BreadcrumbList\",\"@id\":\"https:\/\/elregionalvm.com.ar\/noticias-villa-maria\/opinion-inedita-oportunidad-para-sustituir-la-coparticipacion-es-posible\/#breadcrumb\",\"itemListElement\":[{\"@type\":\"ListItem\",\"position\":1,\"name\":\"Portada\",\"item\":\"https:\/\/elregionalvm.com.ar\/noticias-villa-maria\/\"},{\"@type\":\"ListItem\",\"position\":2,\"name\":\"[Opini\u00f3n] In\u00e9dita oportunidad para sustituir la coparticipaci\u00f3n: \u00bfEs posible?\"}]},{\"@type\":\"WebSite\",\"@id\":\"http:\/\/elregionalvm.com.ar\/noticias-villa-maria\/#website\",\"url\":\"http:\/\/elregionalvm.com.ar\/noticias-villa-maria\/\",\"name\":\"El Regional\",\"description\":\"Mucho m\u00e1s que informaci\u00f3n\",\"potentialAction\":[{\"@type\":\"SearchAction\",\"target\":{\"@type\":\"EntryPoint\",\"urlTemplate\":\"http:\/\/elregionalvm.com.ar\/noticias-villa-maria\/?s={search_term_string}\"},\"query-input\":{\"@type\":\"PropertyValueSpecification\",\"valueRequired\":true,\"valueName\":\"search_term_string\"}}],\"inLanguage\":\"es\"},{\"@type\":\"Person\",\"@id\":\"http:\/\/elregionalvm.com.ar\/noticias-villa-maria\/#\/schema\/person\/a0fb9c422317faca23d50163151bc354\",\"name\":\"Contenidos El Regional\",\"image\":{\"@type\":\"ImageObject\",\"inLanguage\":\"es\",\"@id\":\"http:\/\/elregionalvm.com.ar\/noticias-villa-maria\/#\/schema\/person\/image\/\",\"url\":\"https:\/\/secure.gravatar.com\/avatar\/265b27cb2209af7bb3a1318f03305787d7981a5cc6e6cd08fe5a4ecdf99d4b48?s=96&d=mm&r=g\",\"contentUrl\":\"https:\/\/secure.gravatar.com\/avatar\/265b27cb2209af7bb3a1318f03305787d7981a5cc6e6cd08fe5a4ecdf99d4b48?s=96&d=mm&r=g\",\"caption\":\"Contenidos El Regional\"},\"url\":\"https:\/\/elregionalvm.com.ar\/noticias-villa-maria\/author\/contenido\/\"}]}<\/script>\n<!-- \/ Yoast SEO plugin. -->","yoast_head_json":{"title":"[Opini\u00f3n] In\u00e9dita oportunidad para sustituir la coparticipaci\u00f3n: \u00bfEs posible? - El Regional","robots":{"index":"index","follow":"follow","max-snippet":"max-snippet:-1","max-image-preview":"max-image-preview:large","max-video-preview":"max-video-preview:-1"},"canonical":"https:\/\/elregionalvm.com.ar\/noticias-villa-maria\/opinion-inedita-oportunidad-para-sustituir-la-coparticipacion-es-posible\/","og_locale":"es_ES","og_type":"article","og_title":"[Opini\u00f3n] In\u00e9dita oportunidad para sustituir la coparticipaci\u00f3n: \u00bfEs posible? - El Regional","og_description":"La reducci\u00f3n en el impuesto a las ganancias est\u00e1 impactando sobre los ingresos de las provincias. En lugar de discutir compensaciones es la oportunidad para llegar a un acuerdo de coordinaci\u00f3n tributaria y funcional que incluya distribuir las fuentes tributarias y sustituir la coparticipaci\u00f3n por un Fondo de Convergencia. La Ley 23.548, denominada \u201cR\u00e9gimen Transitorio [&hellip;]","og_url":"https:\/\/elregionalvm.com.ar\/noticias-villa-maria\/opinion-inedita-oportunidad-para-sustituir-la-coparticipacion-es-posible\/","og_site_name":"El Regional","article_publisher":"https:\/\/www.facebook.com\/elregionalvm","article_published_time":"2023-12-05T02:23:53+00:00","article_modified_time":"2023-12-08T01:06:25+00:00","og_image":[{"width":1432,"height":807,"url":"https:\/\/elregionalvm.com.ar\/noticias-villa-maria\/wp-content\/uploads\/2023\/12\/Casa-rosada-flecha-hacia-arriba-coparticipacion.jpg","type":"image\/jpeg"}],"author":"Contenidos El Regional","twitter_card":"summary_large_image","twitter_creator":"@elregionalvm1","twitter_site":"@elregionalvm1","twitter_misc":{"Escrito por":"Contenidos El Regional","Tiempo de lectura":"4 minutos"},"schema":{"@context":"https:\/\/schema.org","@graph":[{"@type":"Article","@id":"https:\/\/elregionalvm.com.ar\/noticias-villa-maria\/opinion-inedita-oportunidad-para-sustituir-la-coparticipacion-es-posible\/#article","isPartOf":{"@id":"https:\/\/elregionalvm.com.ar\/noticias-villa-maria\/opinion-inedita-oportunidad-para-sustituir-la-coparticipacion-es-posible\/"},"author":{"name":"Contenidos El Regional","@id":"http:\/\/elregionalvm.com.ar\/noticias-villa-maria\/#\/schema\/person\/a0fb9c422317faca23d50163151bc354"},"headline":"[Opini\u00f3n] In\u00e9dita oportunidad para sustituir la coparticipaci\u00f3n: \u00bfEs posible?","datePublished":"2023-12-05T02:23:53+00:00","dateModified":"2023-12-08T01:06:25+00:00","mainEntityOfPage":{"@id":"https:\/\/elregionalvm.com.ar\/noticias-villa-maria\/opinion-inedita-oportunidad-para-sustituir-la-coparticipacion-es-posible\/"},"wordCount":784,"commentCount":0,"image":{"@id":"https:\/\/elregionalvm.com.ar\/noticias-villa-maria\/opinion-inedita-oportunidad-para-sustituir-la-coparticipacion-es-posible\/#primaryimage"},"thumbnailUrl":"https:\/\/i0.wp.com\/elregionalvm.com.ar\/noticias-villa-maria\/wp-content\/uploads\/2023\/12\/Casa-rosada-flecha-hacia-arriba-coparticipacion.jpg?fit=1432%2C807&ssl=1","keywords":["Coparticipaci\u00f3n","fondo de convergencia","IDESA","Impuesto a las Ganancias","municipios","Provincias","tributos"],"articleSection":["Opini\u00f3n","tercera"],"inLanguage":"es","potentialAction":[{"@type":"CommentAction","name":"Comment","target":["https:\/\/elregionalvm.com.ar\/noticias-villa-maria\/opinion-inedita-oportunidad-para-sustituir-la-coparticipacion-es-posible\/#respond"]}]},{"@type":"WebPage","@id":"https:\/\/elregionalvm.com.ar\/noticias-villa-maria\/opinion-inedita-oportunidad-para-sustituir-la-coparticipacion-es-posible\/","url":"https:\/\/elregionalvm.com.ar\/noticias-villa-maria\/opinion-inedita-oportunidad-para-sustituir-la-coparticipacion-es-posible\/","name":"[Opini\u00f3n] In\u00e9dita oportunidad para sustituir la coparticipaci\u00f3n: \u00bfEs posible? - El Regional","isPartOf":{"@id":"http:\/\/elregionalvm.com.ar\/noticias-villa-maria\/#website"},"primaryImageOfPage":{"@id":"https:\/\/elregionalvm.com.ar\/noticias-villa-maria\/opinion-inedita-oportunidad-para-sustituir-la-coparticipacion-es-posible\/#primaryimage"},"image":{"@id":"https:\/\/elregionalvm.com.ar\/noticias-villa-maria\/opinion-inedita-oportunidad-para-sustituir-la-coparticipacion-es-posible\/#primaryimage"},"thumbnailUrl":"https:\/\/i0.wp.com\/elregionalvm.com.ar\/noticias-villa-maria\/wp-content\/uploads\/2023\/12\/Casa-rosada-flecha-hacia-arriba-coparticipacion.jpg?fit=1432%2C807&ssl=1","datePublished":"2023-12-05T02:23:53+00:00","dateModified":"2023-12-08T01:06:25+00:00","author":{"@id":"http:\/\/elregionalvm.com.ar\/noticias-villa-maria\/#\/schema\/person\/a0fb9c422317faca23d50163151bc354"},"breadcrumb":{"@id":"https:\/\/elregionalvm.com.ar\/noticias-villa-maria\/opinion-inedita-oportunidad-para-sustituir-la-coparticipacion-es-posible\/#breadcrumb"},"inLanguage":"es","potentialAction":[{"@type":"ReadAction","target":["https:\/\/elregionalvm.com.ar\/noticias-villa-maria\/opinion-inedita-oportunidad-para-sustituir-la-coparticipacion-es-posible\/"]}]},{"@type":"ImageObject","inLanguage":"es","@id":"https:\/\/elregionalvm.com.ar\/noticias-villa-maria\/opinion-inedita-oportunidad-para-sustituir-la-coparticipacion-es-posible\/#primaryimage","url":"https:\/\/i0.wp.com\/elregionalvm.com.ar\/noticias-villa-maria\/wp-content\/uploads\/2023\/12\/Casa-rosada-flecha-hacia-arriba-coparticipacion.jpg?fit=1432%2C807&ssl=1","contentUrl":"https:\/\/i0.wp.com\/elregionalvm.com.ar\/noticias-villa-maria\/wp-content\/uploads\/2023\/12\/Casa-rosada-flecha-hacia-arriba-coparticipacion.jpg?fit=1432%2C807&ssl=1","width":1432,"height":807},{"@type":"BreadcrumbList","@id":"https:\/\/elregionalvm.com.ar\/noticias-villa-maria\/opinion-inedita-oportunidad-para-sustituir-la-coparticipacion-es-posible\/#breadcrumb","itemListElement":[{"@type":"ListItem","position":1,"name":"Portada","item":"https:\/\/elregionalvm.com.ar\/noticias-villa-maria\/"},{"@type":"ListItem","position":2,"name":"[Opini\u00f3n] In\u00e9dita oportunidad para sustituir la coparticipaci\u00f3n: \u00bfEs posible?"}]},{"@type":"WebSite","@id":"http:\/\/elregionalvm.com.ar\/noticias-villa-maria\/#website","url":"http:\/\/elregionalvm.com.ar\/noticias-villa-maria\/","name":"El Regional","description":"Mucho m\u00e1s que informaci\u00f3n","potentialAction":[{"@type":"SearchAction","target":{"@type":"EntryPoint","urlTemplate":"http:\/\/elregionalvm.com.ar\/noticias-villa-maria\/?s={search_term_string}"},"query-input":{"@type":"PropertyValueSpecification","valueRequired":true,"valueName":"search_term_string"}}],"inLanguage":"es"},{"@type":"Person","@id":"http:\/\/elregionalvm.com.ar\/noticias-villa-maria\/#\/schema\/person\/a0fb9c422317faca23d50163151bc354","name":"Contenidos El Regional","image":{"@type":"ImageObject","inLanguage":"es","@id":"http:\/\/elregionalvm.com.ar\/noticias-villa-maria\/#\/schema\/person\/image\/","url":"https:\/\/secure.gravatar.com\/avatar\/265b27cb2209af7bb3a1318f03305787d7981a5cc6e6cd08fe5a4ecdf99d4b48?s=96&d=mm&r=g","contentUrl":"https:\/\/secure.gravatar.com\/avatar\/265b27cb2209af7bb3a1318f03305787d7981a5cc6e6cd08fe5a4ecdf99d4b48?s=96&d=mm&r=g","caption":"Contenidos El Regional"},"url":"https:\/\/elregionalvm.com.ar\/noticias-villa-maria\/author\/contenido\/"}]}},"jetpack_featured_media_url":"https:\/\/i0.wp.com\/elregionalvm.com.ar\/noticias-villa-maria\/wp-content\/uploads\/2023\/12\/Casa-rosada-flecha-hacia-arriba-coparticipacion.jpg?fit=1432%2C807&ssl=1","jetpack_sharing_enabled":true,"_links":{"self":[{"href":"https:\/\/elregionalvm.com.ar\/noticias-villa-maria\/wp-json\/wp\/v2\/posts\/86728","targetHints":{"allow":["GET"]}}],"collection":[{"href":"https:\/\/elregionalvm.com.ar\/noticias-villa-maria\/wp-json\/wp\/v2\/posts"}],"about":[{"href":"https:\/\/elregionalvm.com.ar\/noticias-villa-maria\/wp-json\/wp\/v2\/types\/post"}],"author":[{"embeddable":true,"href":"https:\/\/elregionalvm.com.ar\/noticias-villa-maria\/wp-json\/wp\/v2\/users\/4"}],"replies":[{"embeddable":true,"href":"https:\/\/elregionalvm.com.ar\/noticias-villa-maria\/wp-json\/wp\/v2\/comments?post=86728"}],"version-history":[{"count":2,"href":"https:\/\/elregionalvm.com.ar\/noticias-villa-maria\/wp-json\/wp\/v2\/posts\/86728\/revisions"}],"predecessor-version":[{"id":86732,"href":"https:\/\/elregionalvm.com.ar\/noticias-villa-maria\/wp-json\/wp\/v2\/posts\/86728\/revisions\/86732"}],"wp:featuredmedia":[{"embeddable":true,"href":"https:\/\/elregionalvm.com.ar\/noticias-villa-maria\/wp-json\/wp\/v2\/media\/86730"}],"wp:attachment":[{"href":"https:\/\/elregionalvm.com.ar\/noticias-villa-maria\/wp-json\/wp\/v2\/media?parent=86728"}],"wp:term":[{"taxonomy":"category","embeddable":true,"href":"https:\/\/elregionalvm.com.ar\/noticias-villa-maria\/wp-json\/wp\/v2\/categories?post=86728"},{"taxonomy":"post_tag","embeddable":true,"href":"https:\/\/elregionalvm.com.ar\/noticias-villa-maria\/wp-json\/wp\/v2\/tags?post=86728"}],"curies":[{"name":"wp","href":"https:\/\/api.w.org\/{rel}","templated":true}]}}