{"id":86733,"date":"2023-12-05T02:59:06","date_gmt":"2023-12-05T02:59:06","guid":{"rendered":"https:\/\/elregionalvm.com.ar\/noticias-villa-maria\/?p=86733"},"modified":"2023-12-08T01:20:27","modified_gmt":"2023-12-08T01:20:27","slug":"tiempo-loco-lunaticos-personas-heridas-por-la-luz-de-la-luna","status":"publish","type":"post","link":"https:\/\/elregionalvm.com.ar\/noticias-villa-maria\/tiempo-loco-lunaticos-personas-heridas-por-la-luz-de-la-luna\/","title":{"rendered":"[Tiempo Loco] Lun\u00e1ticos, \u00bfpersonas heridas por la luz de la luna?"},"content":{"rendered":"\n<h3 class=\"wp-block-heading\"><strong>\u00a0<\/strong><\/h3>\n\n\n\n<h3 class=\"wp-block-heading\"><strong>La Luna sabemos que se relaciona de varias maneras con el estado del tiempo o comportamientos de la naturaleza. Tambi\u00e9n tiene que ver con el origen de la palabra \u201clun\u00e1tico\u201d. \u00a0Esta viene de la creencia com\u00fan de que los ciclos lunares influyen en el estado mental de algunas personas con afecciones mentales, cuyo equilibrio ps\u00edquico se ve particularmente afectado en las noches de luna llena.<\/strong><\/h3>\n\n\n\n<p><\/p>\n\n\n\n<p><strong>Escribe: Mag. Hern\u00e1n Allasia<\/strong><\/p>\n\n\n\n<p><\/p>\n\n\n\n<p>El\u00a0Diccionario de Autoridades\u00a0(1734) define la voz como, lun\u00e1tico a: el loco, cuya demencia no es continua, sino por intervalos que proceden del estado en que se halla la Luna, cuando est\u00e1 creciente se ponen furiosos y destemplados, y cuando menguante pac\u00edficos y razonables.<\/p>\n\n\n\n<p>El t\u00e9rmino comparte significado con la palabra alunado, que se refiere, concretamente, a aquel a quien la luna ha herido con su luz.\u00a0Ambos provienen del lat\u00edn\u00a0<em>lunaticus<\/em>.<\/p>\n\n\n\n<p><\/p>\n\n\n\n<figure class=\"wp-block-image size-large\"><img data-recalc-dims=\"1\" fetchpriority=\"high\" decoding=\"async\" width=\"1024\" height=\"568\" src=\"https:\/\/i0.wp.com\/elregionalvm.com.ar\/noticias-villa-maria\/wp-content\/uploads\/2023\/04\/Luna-Llena.jpg?resize=1024%2C568&#038;ssl=1\" alt=\"\" class=\"wp-image-74202\" srcset=\"https:\/\/i0.wp.com\/elregionalvm.com.ar\/noticias-villa-maria\/wp-content\/uploads\/2023\/04\/Luna-Llena.jpg?resize=1024%2C568&amp;ssl=1 1024w, https:\/\/i0.wp.com\/elregionalvm.com.ar\/noticias-villa-maria\/wp-content\/uploads\/2023\/04\/Luna-Llena.jpg?resize=300%2C166&amp;ssl=1 300w, https:\/\/i0.wp.com\/elregionalvm.com.ar\/noticias-villa-maria\/wp-content\/uploads\/2023\/04\/Luna-Llena.jpg?resize=768%2C426&amp;ssl=1 768w, https:\/\/i0.wp.com\/elregionalvm.com.ar\/noticias-villa-maria\/wp-content\/uploads\/2023\/04\/Luna-Llena.jpg?w=1100&amp;ssl=1 1100w\" sizes=\"(max-width: 1000px) 100vw, 1000px\" \/><\/figure>\n\n\n\n<p><\/p>\n\n\n\n<p>Por otro lado, Covarrubias recoge en su\u00a0<em>Tesoro de la lengua castellana<\/em>\u00a0(1611) el proverbio: \u201cestar la luna sobre el horno\u201d, signo de que en el siglo XVII era de uso frecuente.\u00a0<\/p>\n\n\n\n<p>En otro orden, la difusi\u00f3n del t\u00e9rmino lun\u00e1tico, explica la incorporaci\u00f3n de la luna a la iconograf\u00eda relacionada con la enfermedad mental.\u00a0C\u00e9sar Ripa, autor italiano del siglo XVI, public\u00f3 una famosa\u00a0Iconolog\u00eda\u00a0o\u00a0Descripci\u00f3n de las im\u00e1genes universales.<\/p>\n\n\n\n<p>Entre los emblemas recogidos en aquella obra est\u00e1\u00a0la estulticia\u00a0(necedad, tonter\u00eda o locura), de la que comenta:tendr\u00e1 adem\u00e1s la luna en una mano, porque a su influjo se suelen ver sometidos los locos y los estultos, acusando f\u00e1cilmente sus cambios y mutaciones.<\/p>\n\n\n\n<p>\u00bfSer\u00e1? <\/p>\n\n\n\n<p><\/p>\n\n\n\n<h3 class=\"wp-block-heading\"><strong>Tambi\u00e9n pod\u00e9s ver: <\/strong><\/h3>\n\n\n\n<p><\/p>\n\n\n\n<p><\/p>\n\n\n\n<figure class=\"wp-block-embed is-type-wp-embed is-provider-el-regional wp-block-embed-el-regional\"><div class=\"wp-block-embed__wrapper\">\n<blockquote class=\"wp-embedded-content\" data-secret=\"0mXc5RTcur\"><a href=\"https:\/\/elregionalvm.com.ar\/noticias-villa-maria\/tiempo-loco-verano-anticipado-que-es-un-domo-de-calor\/\">[Tiempo Loco] Verano anticipado: \u00bfQu\u00e9 es un domo de calor?<\/a><\/blockquote><iframe class=\"wp-embedded-content\" sandbox=\"allow-scripts\" security=\"restricted\" style=\"position: absolute; clip: rect(1px, 1px, 1px, 1px);\" title=\"\u00ab[Tiempo Loco] Verano anticipado: \u00bfQu\u00e9 es un domo de calor?\u00bb \u2014 El Regional\" src=\"https:\/\/elregionalvm.com.ar\/noticias-villa-maria\/tiempo-loco-verano-anticipado-que-es-un-domo-de-calor\/embed\/#?secret=tI8vOPKj3W#?secret=0mXc5RTcur\" data-secret=\"0mXc5RTcur\" width=\"500\" height=\"282\" frameborder=\"0\" marginwidth=\"0\" marginheight=\"0\" scrolling=\"no\"><\/iframe>\n<\/div><\/figure>\n\n\n\n<p><\/p>\n\n\n\n<p><\/p>\n\n\n\n<h4 class=\"wp-block-heading\"><em>Fuente: <a href=\"http:\/\/www.psicologosmadridcapital.com\/blog\/\">www.psicologosmadridcapital.com\/blog\/<\/a><\/em><\/h4>\n\n\n\n<p>Diccionario de Autoridades, 1734, s.v. lun\u00e1tico. Sebasti\u00e1n de Covarrubias, Tesoro de la lengua castellana, Madrid, Melchor S\u00e1nchez, 1674, s.v. alunado.<\/p>\n\n\n\n<p>C\u00e9sar Ripa, Iconolog\u00eda, vol.1, p. 387. s.v. estulticia.<\/p>\n","protected":false},"excerpt":{"rendered":"<p>\u00a0 La Luna sabemos que se relaciona de varias maneras con el estado del tiempo o comportamientos de la naturaleza. Tambi\u00e9n tiene que ver con el origen de la palabra \u201clun\u00e1tico\u201d. \u00a0Esta viene de la creencia com\u00fan de que los ciclos lunares influyen en el estado mental de algunas personas con afecciones mentales, cuyo equilibrio [&hellip;]<\/p>\n","protected":false},"author":4,"featured_media":59823,"comment_status":"open","ping_status":"open","sticky":false,"template":"","format":"standard","meta":{"site-sidebar-layout":"default","site-content-layout":"","ast-site-content-layout":"default","site-content-style":"default","site-sidebar-style":"default","ast-global-header-display":"","ast-banner-title-visibility":"","ast-main-header-display":"","ast-hfb-above-header-display":"","ast-hfb-below-header-display":"","ast-hfb-mobile-header-display":"","site-post-title":"","ast-breadcrumbs-content":"","ast-featured-img":"","footer-sml-layout":"","ast-disable-related-posts":"","theme-transparent-header-meta":"","adv-header-id-meta":"","stick-header-meta":"","header-above-stick-meta":"","header-main-stick-meta":"","header-below-stick-meta":"","astra-migrate-meta-layouts":"set","ast-page-background-enabled":"default","ast-page-background-meta":{"desktop":{"background-color":"","background-image":"","background-repeat":"repeat","background-position":"center center","background-size":"auto","background-attachment":"scroll","background-type":"","background-media":"","overlay-type":"","overlay-color":"","overlay-opacity":"","overlay-gradient":""},"tablet":{"background-color":"","background-image":"","background-repeat":"repeat","background-position":"center center","background-size":"auto","background-attachment":"scroll","background-type":"","background-media":"","overlay-type":"","overlay-color":"","overlay-opacity":"","overlay-gradient":""},"mobile":{"background-color":"","background-image":"","background-repeat":"repeat","background-position":"center center","background-size":"auto","background-attachment":"scroll","background-type":"","background-media":"","overlay-type":"","overlay-color":"","overlay-opacity":"","overlay-gradient":""}},"ast-content-background-meta":{"desktop":{"background-color":"var(--ast-global-color-5)","background-image":"","background-repeat":"repeat","background-position":"center center","background-size":"auto","background-attachment":"scroll","background-type":"","background-media":"","overlay-type":"","overlay-color":"","overlay-opacity":"","overlay-gradient":""},"tablet":{"background-color":"var(--ast-global-color-5)","background-image":"","background-repeat":"repeat","background-position":"center center","background-size":"auto","background-attachment":"scroll","background-type":"","background-media":"","overlay-type":"","overlay-color":"","overlay-opacity":"","overlay-gradient":""},"mobile":{"background-color":"var(--ast-global-color-5)","background-image":"","background-repeat":"repeat","background-position":"center center","background-size":"auto","background-attachment":"scroll","background-type":"","background-media":"","overlay-type":"","overlay-color":"","overlay-opacity":"","overlay-gradient":""}},"_jetpack_memberships_contains_paid_content":false,"_joinchat":[],"footnotes":""},"categories":[4777,3557],"tags":[23232,1035,3349,13762,23231,182,8699,8700],"class_list":["post-86733","post","type-post","status-publish","format-standard","has-post-thumbnail","hentry","category-econotas","category-tercera","tag-ciclos-lunares","tag-clima","tag-luna","tag-luna-llena","tag-lunaticos","tag-luz","tag-pronostico-del-tiempo","tag-tiempo-loco"],"yoast_head":"<!-- This site is optimized with the Yoast SEO plugin v26.8 - https:\/\/yoast.com\/product\/yoast-seo-wordpress\/ -->\n<title>[Tiempo Loco] Lun\u00e1ticos, \u00bfpersonas heridas por la luz de la luna? - El Regional<\/title>\n<meta name=\"robots\" content=\"index, follow, max-snippet:-1, max-image-preview:large, max-video-preview:-1\" \/>\n<link rel=\"canonical\" href=\"https:\/\/elregionalvm.com.ar\/noticias-villa-maria\/tiempo-loco-lunaticos-personas-heridas-por-la-luz-de-la-luna\/\" \/>\n<meta property=\"og:locale\" content=\"es_ES\" \/>\n<meta property=\"og:type\" content=\"article\" \/>\n<meta property=\"og:title\" content=\"[Tiempo Loco] Lun\u00e1ticos, \u00bfpersonas heridas por la luz de la luna? - El Regional\" \/>\n<meta property=\"og:description\" content=\"\u00a0 La Luna sabemos que se relaciona de varias maneras con el estado del tiempo o comportamientos de la naturaleza. Tambi\u00e9n tiene que ver con el origen de la palabra \u201clun\u00e1tico\u201d. \u00a0Esta viene de la creencia com\u00fan de que los ciclos lunares influyen en el estado mental de algunas personas con afecciones mentales, cuyo equilibrio [&hellip;]\" \/>\n<meta property=\"og:url\" content=\"https:\/\/elregionalvm.com.ar\/noticias-villa-maria\/tiempo-loco-lunaticos-personas-heridas-por-la-luz-de-la-luna\/\" \/>\n<meta property=\"og:site_name\" content=\"El Regional\" \/>\n<meta property=\"article:publisher\" content=\"https:\/\/www.facebook.com\/elregionalvm\" \/>\n<meta property=\"article:published_time\" content=\"2023-12-05T02:59:06+00:00\" \/>\n<meta property=\"article:modified_time\" content=\"2023-12-08T01:20:27+00:00\" \/>\n<meta property=\"og:image\" content=\"https:\/\/elregionalvm.com.ar\/noticias-villa-maria\/wp-content\/uploads\/2022\/06\/Mujer-silueta-luna-de-fondo.jpg\" \/>\n\t<meta property=\"og:image:width\" content=\"1200\" \/>\n\t<meta property=\"og:image:height\" content=\"900\" \/>\n\t<meta property=\"og:image:type\" content=\"image\/jpeg\" \/>\n<meta name=\"author\" content=\"Contenidos El Regional\" \/>\n<meta name=\"twitter:card\" content=\"summary_large_image\" \/>\n<meta name=\"twitter:creator\" content=\"@elregionalvm1\" \/>\n<meta name=\"twitter:site\" content=\"@elregionalvm1\" \/>\n<meta name=\"twitter:label1\" content=\"Escrito por\" \/>\n\t<meta name=\"twitter:data1\" content=\"Contenidos El Regional\" \/>\n\t<meta name=\"twitter:label2\" content=\"Tiempo de lectura\" \/>\n\t<meta name=\"twitter:data2\" content=\"2 minutos\" \/>\n<script type=\"application\/ld+json\" class=\"yoast-schema-graph\">{\"@context\":\"https:\/\/schema.org\",\"@graph\":[{\"@type\":\"Article\",\"@id\":\"https:\/\/elregionalvm.com.ar\/noticias-villa-maria\/tiempo-loco-lunaticos-personas-heridas-por-la-luz-de-la-luna\/#article\",\"isPartOf\":{\"@id\":\"https:\/\/elregionalvm.com.ar\/noticias-villa-maria\/tiempo-loco-lunaticos-personas-heridas-por-la-luz-de-la-luna\/\"},\"author\":{\"name\":\"Contenidos El Regional\",\"@id\":\"http:\/\/elregionalvm.com.ar\/noticias-villa-maria\/#\/schema\/person\/a0fb9c422317faca23d50163151bc354\"},\"headline\":\"[Tiempo Loco] Lun\u00e1ticos, \u00bfpersonas heridas por la luz de la luna?\",\"datePublished\":\"2023-12-05T02:59:06+00:00\",\"dateModified\":\"2023-12-08T01:20:27+00:00\",\"mainEntityOfPage\":{\"@id\":\"https:\/\/elregionalvm.com.ar\/noticias-villa-maria\/tiempo-loco-lunaticos-personas-heridas-por-la-luz-de-la-luna\/\"},\"wordCount\":338,\"commentCount\":0,\"image\":{\"@id\":\"https:\/\/elregionalvm.com.ar\/noticias-villa-maria\/tiempo-loco-lunaticos-personas-heridas-por-la-luz-de-la-luna\/#primaryimage\"},\"thumbnailUrl\":\"https:\/\/i0.wp.com\/elregionalvm.com.ar\/noticias-villa-maria\/wp-content\/uploads\/2022\/06\/Mujer-silueta-luna-de-fondo.jpg?fit=1200%2C900&ssl=1\",\"keywords\":[\"ciclos lunares\",\"Clima\",\"Luna\",\"Luna llena\",\"lun\u00e1ticos\",\"luz\",\"Pron\u00f3stico del tiempo\",\"Tiempo loco\"],\"articleSection\":[\"Econotas\",\"tercera\"],\"inLanguage\":\"es\",\"potentialAction\":[{\"@type\":\"CommentAction\",\"name\":\"Comment\",\"target\":[\"https:\/\/elregionalvm.com.ar\/noticias-villa-maria\/tiempo-loco-lunaticos-personas-heridas-por-la-luz-de-la-luna\/#respond\"]}]},{\"@type\":\"WebPage\",\"@id\":\"https:\/\/elregionalvm.com.ar\/noticias-villa-maria\/tiempo-loco-lunaticos-personas-heridas-por-la-luz-de-la-luna\/\",\"url\":\"https:\/\/elregionalvm.com.ar\/noticias-villa-maria\/tiempo-loco-lunaticos-personas-heridas-por-la-luz-de-la-luna\/\",\"name\":\"[Tiempo Loco] Lun\u00e1ticos, \u00bfpersonas heridas por la luz de la luna? - El Regional\",\"isPartOf\":{\"@id\":\"http:\/\/elregionalvm.com.ar\/noticias-villa-maria\/#website\"},\"primaryImageOfPage\":{\"@id\":\"https:\/\/elregionalvm.com.ar\/noticias-villa-maria\/tiempo-loco-lunaticos-personas-heridas-por-la-luz-de-la-luna\/#primaryimage\"},\"image\":{\"@id\":\"https:\/\/elregionalvm.com.ar\/noticias-villa-maria\/tiempo-loco-lunaticos-personas-heridas-por-la-luz-de-la-luna\/#primaryimage\"},\"thumbnailUrl\":\"https:\/\/i0.wp.com\/elregionalvm.com.ar\/noticias-villa-maria\/wp-content\/uploads\/2022\/06\/Mujer-silueta-luna-de-fondo.jpg?fit=1200%2C900&ssl=1\",\"datePublished\":\"2023-12-05T02:59:06+00:00\",\"dateModified\":\"2023-12-08T01:20:27+00:00\",\"author\":{\"@id\":\"http:\/\/elregionalvm.com.ar\/noticias-villa-maria\/#\/schema\/person\/a0fb9c422317faca23d50163151bc354\"},\"breadcrumb\":{\"@id\":\"https:\/\/elregionalvm.com.ar\/noticias-villa-maria\/tiempo-loco-lunaticos-personas-heridas-por-la-luz-de-la-luna\/#breadcrumb\"},\"inLanguage\":\"es\",\"potentialAction\":[{\"@type\":\"ReadAction\",\"target\":[\"https:\/\/elregionalvm.com.ar\/noticias-villa-maria\/tiempo-loco-lunaticos-personas-heridas-por-la-luz-de-la-luna\/\"]}]},{\"@type\":\"ImageObject\",\"inLanguage\":\"es\",\"@id\":\"https:\/\/elregionalvm.com.ar\/noticias-villa-maria\/tiempo-loco-lunaticos-personas-heridas-por-la-luz-de-la-luna\/#primaryimage\",\"url\":\"https:\/\/i0.wp.com\/elregionalvm.com.ar\/noticias-villa-maria\/wp-content\/uploads\/2022\/06\/Mujer-silueta-luna-de-fondo.jpg?fit=1200%2C900&ssl=1\",\"contentUrl\":\"https:\/\/i0.wp.com\/elregionalvm.com.ar\/noticias-villa-maria\/wp-content\/uploads\/2022\/06\/Mujer-silueta-luna-de-fondo.jpg?fit=1200%2C900&ssl=1\",\"width\":1200,\"height\":900},{\"@type\":\"BreadcrumbList\",\"@id\":\"https:\/\/elregionalvm.com.ar\/noticias-villa-maria\/tiempo-loco-lunaticos-personas-heridas-por-la-luz-de-la-luna\/#breadcrumb\",\"itemListElement\":[{\"@type\":\"ListItem\",\"position\":1,\"name\":\"Portada\",\"item\":\"https:\/\/elregionalvm.com.ar\/noticias-villa-maria\/\"},{\"@type\":\"ListItem\",\"position\":2,\"name\":\"[Tiempo Loco] Lun\u00e1ticos, \u00bfpersonas heridas por la luz de la luna?\"}]},{\"@type\":\"WebSite\",\"@id\":\"http:\/\/elregionalvm.com.ar\/noticias-villa-maria\/#website\",\"url\":\"http:\/\/elregionalvm.com.ar\/noticias-villa-maria\/\",\"name\":\"El Regional\",\"description\":\"Mucho m\u00e1s que informaci\u00f3n\",\"potentialAction\":[{\"@type\":\"SearchAction\",\"target\":{\"@type\":\"EntryPoint\",\"urlTemplate\":\"http:\/\/elregionalvm.com.ar\/noticias-villa-maria\/?s={search_term_string}\"},\"query-input\":{\"@type\":\"PropertyValueSpecification\",\"valueRequired\":true,\"valueName\":\"search_term_string\"}}],\"inLanguage\":\"es\"},{\"@type\":\"Person\",\"@id\":\"http:\/\/elregionalvm.com.ar\/noticias-villa-maria\/#\/schema\/person\/a0fb9c422317faca23d50163151bc354\",\"name\":\"Contenidos El Regional\",\"image\":{\"@type\":\"ImageObject\",\"inLanguage\":\"es\",\"@id\":\"http:\/\/elregionalvm.com.ar\/noticias-villa-maria\/#\/schema\/person\/image\/\",\"url\":\"https:\/\/secure.gravatar.com\/avatar\/265b27cb2209af7bb3a1318f03305787d7981a5cc6e6cd08fe5a4ecdf99d4b48?s=96&d=mm&r=g\",\"contentUrl\":\"https:\/\/secure.gravatar.com\/avatar\/265b27cb2209af7bb3a1318f03305787d7981a5cc6e6cd08fe5a4ecdf99d4b48?s=96&d=mm&r=g\",\"caption\":\"Contenidos El Regional\"},\"url\":\"https:\/\/elregionalvm.com.ar\/noticias-villa-maria\/author\/contenido\/\"}]}<\/script>\n<!-- \/ Yoast SEO plugin. -->","yoast_head_json":{"title":"[Tiempo Loco] Lun\u00e1ticos, \u00bfpersonas heridas por la luz de la luna? - El Regional","robots":{"index":"index","follow":"follow","max-snippet":"max-snippet:-1","max-image-preview":"max-image-preview:large","max-video-preview":"max-video-preview:-1"},"canonical":"https:\/\/elregionalvm.com.ar\/noticias-villa-maria\/tiempo-loco-lunaticos-personas-heridas-por-la-luz-de-la-luna\/","og_locale":"es_ES","og_type":"article","og_title":"[Tiempo Loco] Lun\u00e1ticos, \u00bfpersonas heridas por la luz de la luna? - El Regional","og_description":"\u00a0 La Luna sabemos que se relaciona de varias maneras con el estado del tiempo o comportamientos de la naturaleza. Tambi\u00e9n tiene que ver con el origen de la palabra \u201clun\u00e1tico\u201d. \u00a0Esta viene de la creencia com\u00fan de que los ciclos lunares influyen en el estado mental de algunas personas con afecciones mentales, cuyo equilibrio [&hellip;]","og_url":"https:\/\/elregionalvm.com.ar\/noticias-villa-maria\/tiempo-loco-lunaticos-personas-heridas-por-la-luz-de-la-luna\/","og_site_name":"El Regional","article_publisher":"https:\/\/www.facebook.com\/elregionalvm","article_published_time":"2023-12-05T02:59:06+00:00","article_modified_time":"2023-12-08T01:20:27+00:00","og_image":[{"width":1200,"height":900,"url":"https:\/\/elregionalvm.com.ar\/noticias-villa-maria\/wp-content\/uploads\/2022\/06\/Mujer-silueta-luna-de-fondo.jpg","type":"image\/jpeg"}],"author":"Contenidos El Regional","twitter_card":"summary_large_image","twitter_creator":"@elregionalvm1","twitter_site":"@elregionalvm1","twitter_misc":{"Escrito por":"Contenidos El Regional","Tiempo de lectura":"2 minutos"},"schema":{"@context":"https:\/\/schema.org","@graph":[{"@type":"Article","@id":"https:\/\/elregionalvm.com.ar\/noticias-villa-maria\/tiempo-loco-lunaticos-personas-heridas-por-la-luz-de-la-luna\/#article","isPartOf":{"@id":"https:\/\/elregionalvm.com.ar\/noticias-villa-maria\/tiempo-loco-lunaticos-personas-heridas-por-la-luz-de-la-luna\/"},"author":{"name":"Contenidos El Regional","@id":"http:\/\/elregionalvm.com.ar\/noticias-villa-maria\/#\/schema\/person\/a0fb9c422317faca23d50163151bc354"},"headline":"[Tiempo Loco] Lun\u00e1ticos, \u00bfpersonas heridas por la luz de la luna?","datePublished":"2023-12-05T02:59:06+00:00","dateModified":"2023-12-08T01:20:27+00:00","mainEntityOfPage":{"@id":"https:\/\/elregionalvm.com.ar\/noticias-villa-maria\/tiempo-loco-lunaticos-personas-heridas-por-la-luz-de-la-luna\/"},"wordCount":338,"commentCount":0,"image":{"@id":"https:\/\/elregionalvm.com.ar\/noticias-villa-maria\/tiempo-loco-lunaticos-personas-heridas-por-la-luz-de-la-luna\/#primaryimage"},"thumbnailUrl":"https:\/\/i0.wp.com\/elregionalvm.com.ar\/noticias-villa-maria\/wp-content\/uploads\/2022\/06\/Mujer-silueta-luna-de-fondo.jpg?fit=1200%2C900&ssl=1","keywords":["ciclos lunares","Clima","Luna","Luna llena","lun\u00e1ticos","luz","Pron\u00f3stico del tiempo","Tiempo loco"],"articleSection":["Econotas","tercera"],"inLanguage":"es","potentialAction":[{"@type":"CommentAction","name":"Comment","target":["https:\/\/elregionalvm.com.ar\/noticias-villa-maria\/tiempo-loco-lunaticos-personas-heridas-por-la-luz-de-la-luna\/#respond"]}]},{"@type":"WebPage","@id":"https:\/\/elregionalvm.com.ar\/noticias-villa-maria\/tiempo-loco-lunaticos-personas-heridas-por-la-luz-de-la-luna\/","url":"https:\/\/elregionalvm.com.ar\/noticias-villa-maria\/tiempo-loco-lunaticos-personas-heridas-por-la-luz-de-la-luna\/","name":"[Tiempo Loco] Lun\u00e1ticos, \u00bfpersonas heridas por la luz de la luna? - El Regional","isPartOf":{"@id":"http:\/\/elregionalvm.com.ar\/noticias-villa-maria\/#website"},"primaryImageOfPage":{"@id":"https:\/\/elregionalvm.com.ar\/noticias-villa-maria\/tiempo-loco-lunaticos-personas-heridas-por-la-luz-de-la-luna\/#primaryimage"},"image":{"@id":"https:\/\/elregionalvm.com.ar\/noticias-villa-maria\/tiempo-loco-lunaticos-personas-heridas-por-la-luz-de-la-luna\/#primaryimage"},"thumbnailUrl":"https:\/\/i0.wp.com\/elregionalvm.com.ar\/noticias-villa-maria\/wp-content\/uploads\/2022\/06\/Mujer-silueta-luna-de-fondo.jpg?fit=1200%2C900&ssl=1","datePublished":"2023-12-05T02:59:06+00:00","dateModified":"2023-12-08T01:20:27+00:00","author":{"@id":"http:\/\/elregionalvm.com.ar\/noticias-villa-maria\/#\/schema\/person\/a0fb9c422317faca23d50163151bc354"},"breadcrumb":{"@id":"https:\/\/elregionalvm.com.ar\/noticias-villa-maria\/tiempo-loco-lunaticos-personas-heridas-por-la-luz-de-la-luna\/#breadcrumb"},"inLanguage":"es","potentialAction":[{"@type":"ReadAction","target":["https:\/\/elregionalvm.com.ar\/noticias-villa-maria\/tiempo-loco-lunaticos-personas-heridas-por-la-luz-de-la-luna\/"]}]},{"@type":"ImageObject","inLanguage":"es","@id":"https:\/\/elregionalvm.com.ar\/noticias-villa-maria\/tiempo-loco-lunaticos-personas-heridas-por-la-luz-de-la-luna\/#primaryimage","url":"https:\/\/i0.wp.com\/elregionalvm.com.ar\/noticias-villa-maria\/wp-content\/uploads\/2022\/06\/Mujer-silueta-luna-de-fondo.jpg?fit=1200%2C900&ssl=1","contentUrl":"https:\/\/i0.wp.com\/elregionalvm.com.ar\/noticias-villa-maria\/wp-content\/uploads\/2022\/06\/Mujer-silueta-luna-de-fondo.jpg?fit=1200%2C900&ssl=1","width":1200,"height":900},{"@type":"BreadcrumbList","@id":"https:\/\/elregionalvm.com.ar\/noticias-villa-maria\/tiempo-loco-lunaticos-personas-heridas-por-la-luz-de-la-luna\/#breadcrumb","itemListElement":[{"@type":"ListItem","position":1,"name":"Portada","item":"https:\/\/elregionalvm.com.ar\/noticias-villa-maria\/"},{"@type":"ListItem","position":2,"name":"[Tiempo Loco] Lun\u00e1ticos, \u00bfpersonas heridas por la luz de la luna?"}]},{"@type":"WebSite","@id":"http:\/\/elregionalvm.com.ar\/noticias-villa-maria\/#website","url":"http:\/\/elregionalvm.com.ar\/noticias-villa-maria\/","name":"El Regional","description":"Mucho m\u00e1s que informaci\u00f3n","potentialAction":[{"@type":"SearchAction","target":{"@type":"EntryPoint","urlTemplate":"http:\/\/elregionalvm.com.ar\/noticias-villa-maria\/?s={search_term_string}"},"query-input":{"@type":"PropertyValueSpecification","valueRequired":true,"valueName":"search_term_string"}}],"inLanguage":"es"},{"@type":"Person","@id":"http:\/\/elregionalvm.com.ar\/noticias-villa-maria\/#\/schema\/person\/a0fb9c422317faca23d50163151bc354","name":"Contenidos El Regional","image":{"@type":"ImageObject","inLanguage":"es","@id":"http:\/\/elregionalvm.com.ar\/noticias-villa-maria\/#\/schema\/person\/image\/","url":"https:\/\/secure.gravatar.com\/avatar\/265b27cb2209af7bb3a1318f03305787d7981a5cc6e6cd08fe5a4ecdf99d4b48?s=96&d=mm&r=g","contentUrl":"https:\/\/secure.gravatar.com\/avatar\/265b27cb2209af7bb3a1318f03305787d7981a5cc6e6cd08fe5a4ecdf99d4b48?s=96&d=mm&r=g","caption":"Contenidos El Regional"},"url":"https:\/\/elregionalvm.com.ar\/noticias-villa-maria\/author\/contenido\/"}]}},"jetpack_featured_media_url":"https:\/\/i0.wp.com\/elregionalvm.com.ar\/noticias-villa-maria\/wp-content\/uploads\/2022\/06\/Mujer-silueta-luna-de-fondo.jpg?fit=1200%2C900&ssl=1","jetpack_sharing_enabled":true,"_links":{"self":[{"href":"https:\/\/elregionalvm.com.ar\/noticias-villa-maria\/wp-json\/wp\/v2\/posts\/86733","targetHints":{"allow":["GET"]}}],"collection":[{"href":"https:\/\/elregionalvm.com.ar\/noticias-villa-maria\/wp-json\/wp\/v2\/posts"}],"about":[{"href":"https:\/\/elregionalvm.com.ar\/noticias-villa-maria\/wp-json\/wp\/v2\/types\/post"}],"author":[{"embeddable":true,"href":"https:\/\/elregionalvm.com.ar\/noticias-villa-maria\/wp-json\/wp\/v2\/users\/4"}],"replies":[{"embeddable":true,"href":"https:\/\/elregionalvm.com.ar\/noticias-villa-maria\/wp-json\/wp\/v2\/comments?post=86733"}],"version-history":[{"count":2,"href":"https:\/\/elregionalvm.com.ar\/noticias-villa-maria\/wp-json\/wp\/v2\/posts\/86733\/revisions"}],"predecessor-version":[{"id":86736,"href":"https:\/\/elregionalvm.com.ar\/noticias-villa-maria\/wp-json\/wp\/v2\/posts\/86733\/revisions\/86736"}],"wp:featuredmedia":[{"embeddable":true,"href":"https:\/\/elregionalvm.com.ar\/noticias-villa-maria\/wp-json\/wp\/v2\/media\/59823"}],"wp:attachment":[{"href":"https:\/\/elregionalvm.com.ar\/noticias-villa-maria\/wp-json\/wp\/v2\/media?parent=86733"}],"wp:term":[{"taxonomy":"category","embeddable":true,"href":"https:\/\/elregionalvm.com.ar\/noticias-villa-maria\/wp-json\/wp\/v2\/categories?post=86733"},{"taxonomy":"post_tag","embeddable":true,"href":"https:\/\/elregionalvm.com.ar\/noticias-villa-maria\/wp-json\/wp\/v2\/tags?post=86733"}],"curies":[{"name":"wp","href":"https:\/\/api.w.org\/{rel}","templated":true}]}}