{"id":86745,"date":"2023-12-05T23:08:59","date_gmt":"2023-12-05T23:08:59","guid":{"rendered":"https:\/\/elregionalvm.com.ar\/noticias-villa-maria\/?p=86745"},"modified":"2023-12-05T23:09:01","modified_gmt":"2023-12-05T23:09:01","slug":"epec-lanzo-un-comunicado-ante-denuncias-de-los-usuarios-por-estafas","status":"publish","type":"post","link":"https:\/\/elregionalvm.com.ar\/noticias-villa-maria\/epec-lanzo-un-comunicado-ante-denuncias-de-los-usuarios-por-estafas\/","title":{"rendered":"EPEC lanz\u00f3 un comunicado ante denuncias de los usuarios por estafas"},"content":{"rendered":"\n<p>La Empresa Provincial de Energ\u00eda de C\u00f3rdoba informa que NUNCA solicitar\u00e1 v\u00eda telef\u00f3nica:<\/p>\n\n\n\n<p>-Datos bancarios para realizar el pago de una factura.<br>-Datos personales y\/o comerciales para gestiones.<br>-C\u00f3digos de verificaci\u00f3n por whatsapp o sms para confirmar gestiones administrativas.<\/p>\n\n\n\n<p>En los \u00faltimos d\u00edas, se han reiterado denuncias de usuarios que manifiestan haber recibido comunicaciones telef\u00f3nicas de personas que se identifican como personal de EPEC, solicitando este tipo de datos para coordinar supuestos cortes de servicio. <\/p>\n\n\n\n<p>Se trata de intentos de estafa, por lo que se solicita a nuestros usuarios desestimar este tipo de contactos.<\/p>\n\n\n\n<p>Por cualquier duda, los canales de comunicaci\u00f3n oficiales de la empresa habilitados.<br>son:<br>-0800 777 0000<br>-epec.com.ar<br>-app m\u00f3vil<br>-@EpecOficial en X<br>-\/EpecCba en Facebook<\/p>\n","protected":false},"excerpt":{"rendered":"<p>La Empresa Provincial de Energ\u00eda de C\u00f3rdoba informa que NUNCA solicitar\u00e1 v\u00eda telef\u00f3nica: -Datos bancarios para realizar el pago de una factura.-Datos personales y\/o comerciales para gestiones.-C\u00f3digos de verificaci\u00f3n por whatsapp o sms para confirmar gestiones administrativas. En los \u00faltimos d\u00edas, se han reiterado denuncias de usuarios que manifiestan haber recibido comunicaciones telef\u00f3nicas de personas [&hellip;]<\/p>\n","protected":false},"author":4,"featured_media":48009,"comment_status":"open","ping_status":"open","sticky":false,"template":"","format":"standard","meta":{"site-sidebar-layout":"default","site-content-layout":"","ast-site-content-layout":"default","site-content-style":"default","site-sidebar-style":"default","ast-global-header-display":"","ast-banner-title-visibility":"","ast-main-header-display":"","ast-hfb-above-header-display":"","ast-hfb-below-header-display":"","ast-hfb-mobile-header-display":"","site-post-title":"","ast-breadcrumbs-content":"","ast-featured-img":"","footer-sml-layout":"","ast-disable-related-posts":"","theme-transparent-header-meta":"","adv-header-id-meta":"","stick-header-meta":"","header-above-stick-meta":"","header-main-stick-meta":"","header-below-stick-meta":"","astra-migrate-meta-layouts":"set","ast-page-background-enabled":"default","ast-page-background-meta":{"desktop":{"background-color":"","background-image":"","background-repeat":"repeat","background-position":"center center","background-size":"auto","background-attachment":"scroll","background-type":"","background-media":"","overlay-type":"","overlay-color":"","overlay-opacity":"","overlay-gradient":""},"tablet":{"background-color":"","background-image":"","background-repeat":"repeat","background-position":"center center","background-size":"auto","background-attachment":"scroll","background-type":"","background-media":"","overlay-type":"","overlay-color":"","overlay-opacity":"","overlay-gradient":""},"mobile":{"background-color":"","background-image":"","background-repeat":"repeat","background-position":"center center","background-size":"auto","background-attachment":"scroll","background-type":"","background-media":"","overlay-type":"","overlay-color":"","overlay-opacity":"","overlay-gradient":""}},"ast-content-background-meta":{"desktop":{"background-color":"var(--ast-global-color-5)","background-image":"","background-repeat":"repeat","background-position":"center center","background-size":"auto","background-attachment":"scroll","background-type":"","background-media":"","overlay-type":"","overlay-color":"","overlay-opacity":"","overlay-gradient":""},"tablet":{"background-color":"var(--ast-global-color-5)","background-image":"","background-repeat":"repeat","background-position":"center center","background-size":"auto","background-attachment":"scroll","background-type":"","background-media":"","overlay-type":"","overlay-color":"","overlay-opacity":"","overlay-gradient":""},"mobile":{"background-color":"var(--ast-global-color-5)","background-image":"","background-repeat":"repeat","background-position":"center center","background-size":"auto","background-attachment":"scroll","background-type":"","background-media":"","overlay-type":"","overlay-color":"","overlay-opacity":"","overlay-gradient":""}},"_jetpack_memberships_contains_paid_content":false,"_joinchat":[],"footnotes":""},"categories":[15302,5,2],"tags":[],"class_list":["post-86745","post","type-post","status-publish","format-standard","has-post-thumbnail","hentry","category-destacado","category-sociedad","category-villa-maria"],"yoast_head":"<!-- This site is optimized with the Yoast SEO plugin v26.8 - https:\/\/yoast.com\/product\/yoast-seo-wordpress\/ -->\n<title>EPEC lanz\u00f3 un comunicado ante denuncias de los usuarios por estafas - El Regional<\/title>\n<meta name=\"robots\" content=\"index, follow, max-snippet:-1, max-image-preview:large, max-video-preview:-1\" \/>\n<link rel=\"canonical\" href=\"https:\/\/elregionalvm.com.ar\/noticias-villa-maria\/epec-lanzo-un-comunicado-ante-denuncias-de-los-usuarios-por-estafas\/\" \/>\n<meta property=\"og:locale\" content=\"es_ES\" \/>\n<meta property=\"og:type\" content=\"article\" \/>\n<meta property=\"og:title\" content=\"EPEC lanz\u00f3 un comunicado ante denuncias de los usuarios por estafas - El Regional\" \/>\n<meta property=\"og:description\" content=\"La Empresa Provincial de Energ\u00eda de C\u00f3rdoba informa que NUNCA solicitar\u00e1 v\u00eda telef\u00f3nica: -Datos bancarios para realizar el pago de una factura.-Datos personales y\/o comerciales para gestiones.-C\u00f3digos de verificaci\u00f3n por whatsapp o sms para confirmar gestiones administrativas. En los \u00faltimos d\u00edas, se han reiterado denuncias de usuarios que manifiestan haber recibido comunicaciones telef\u00f3nicas de personas [&hellip;]\" \/>\n<meta property=\"og:url\" content=\"https:\/\/elregionalvm.com.ar\/noticias-villa-maria\/epec-lanzo-un-comunicado-ante-denuncias-de-los-usuarios-por-estafas\/\" \/>\n<meta property=\"og:site_name\" content=\"El Regional\" \/>\n<meta property=\"article:publisher\" content=\"https:\/\/www.facebook.com\/elregionalvm\" \/>\n<meta property=\"article:published_time\" content=\"2023-12-05T23:08:59+00:00\" \/>\n<meta property=\"article:modified_time\" content=\"2023-12-05T23:09:01+00:00\" \/>\n<meta property=\"og:image\" content=\"https:\/\/elregionalvm.com.ar\/noticias-villa-maria\/wp-content\/uploads\/2021\/11\/epec-villa-maria.png\" \/>\n\t<meta property=\"og:image:width\" content=\"822\" \/>\n\t<meta property=\"og:image:height\" content=\"550\" \/>\n\t<meta property=\"og:image:type\" content=\"image\/png\" \/>\n<meta name=\"author\" content=\"Contenidos El Regional\" \/>\n<meta name=\"twitter:card\" content=\"summary_large_image\" \/>\n<meta name=\"twitter:creator\" content=\"@elregionalvm1\" \/>\n<meta name=\"twitter:site\" content=\"@elregionalvm1\" \/>\n<meta name=\"twitter:label1\" content=\"Escrito por\" \/>\n\t<meta name=\"twitter:data1\" content=\"Contenidos El Regional\" \/>\n\t<meta name=\"twitter:label2\" content=\"Tiempo de lectura\" \/>\n\t<meta name=\"twitter:data2\" content=\"1 minuto\" \/>\n<script type=\"application\/ld+json\" class=\"yoast-schema-graph\">{\"@context\":\"https:\/\/schema.org\",\"@graph\":[{\"@type\":\"Article\",\"@id\":\"https:\/\/elregionalvm.com.ar\/noticias-villa-maria\/epec-lanzo-un-comunicado-ante-denuncias-de-los-usuarios-por-estafas\/#article\",\"isPartOf\":{\"@id\":\"https:\/\/elregionalvm.com.ar\/noticias-villa-maria\/epec-lanzo-un-comunicado-ante-denuncias-de-los-usuarios-por-estafas\/\"},\"author\":{\"name\":\"Contenidos El Regional\",\"@id\":\"http:\/\/elregionalvm.com.ar\/noticias-villa-maria\/#\/schema\/person\/a0fb9c422317faca23d50163151bc354\"},\"headline\":\"EPEC lanz\u00f3 un comunicado ante denuncias de los usuarios por estafas\",\"datePublished\":\"2023-12-05T23:08:59+00:00\",\"dateModified\":\"2023-12-05T23:09:01+00:00\",\"mainEntityOfPage\":{\"@id\":\"https:\/\/elregionalvm.com.ar\/noticias-villa-maria\/epec-lanzo-un-comunicado-ante-denuncias-de-los-usuarios-por-estafas\/\"},\"wordCount\":140,\"commentCount\":0,\"image\":{\"@id\":\"https:\/\/elregionalvm.com.ar\/noticias-villa-maria\/epec-lanzo-un-comunicado-ante-denuncias-de-los-usuarios-por-estafas\/#primaryimage\"},\"thumbnailUrl\":\"https:\/\/i0.wp.com\/elregionalvm.com.ar\/noticias-villa-maria\/wp-content\/uploads\/2021\/11\/epec-villa-maria.png?fit=822%2C550&ssl=1\",\"articleSection\":[\"destacado\",\"Sociedad\",\"Villa Mar\u00eda\"],\"inLanguage\":\"es\",\"potentialAction\":[{\"@type\":\"CommentAction\",\"name\":\"Comment\",\"target\":[\"https:\/\/elregionalvm.com.ar\/noticias-villa-maria\/epec-lanzo-un-comunicado-ante-denuncias-de-los-usuarios-por-estafas\/#respond\"]}]},{\"@type\":\"WebPage\",\"@id\":\"https:\/\/elregionalvm.com.ar\/noticias-villa-maria\/epec-lanzo-un-comunicado-ante-denuncias-de-los-usuarios-por-estafas\/\",\"url\":\"https:\/\/elregionalvm.com.ar\/noticias-villa-maria\/epec-lanzo-un-comunicado-ante-denuncias-de-los-usuarios-por-estafas\/\",\"name\":\"EPEC lanz\u00f3 un comunicado ante denuncias de los usuarios por estafas - El Regional\",\"isPartOf\":{\"@id\":\"http:\/\/elregionalvm.com.ar\/noticias-villa-maria\/#website\"},\"primaryImageOfPage\":{\"@id\":\"https:\/\/elregionalvm.com.ar\/noticias-villa-maria\/epec-lanzo-un-comunicado-ante-denuncias-de-los-usuarios-por-estafas\/#primaryimage\"},\"image\":{\"@id\":\"https:\/\/elregionalvm.com.ar\/noticias-villa-maria\/epec-lanzo-un-comunicado-ante-denuncias-de-los-usuarios-por-estafas\/#primaryimage\"},\"thumbnailUrl\":\"https:\/\/i0.wp.com\/elregionalvm.com.ar\/noticias-villa-maria\/wp-content\/uploads\/2021\/11\/epec-villa-maria.png?fit=822%2C550&ssl=1\",\"datePublished\":\"2023-12-05T23:08:59+00:00\",\"dateModified\":\"2023-12-05T23:09:01+00:00\",\"author\":{\"@id\":\"http:\/\/elregionalvm.com.ar\/noticias-villa-maria\/#\/schema\/person\/a0fb9c422317faca23d50163151bc354\"},\"breadcrumb\":{\"@id\":\"https:\/\/elregionalvm.com.ar\/noticias-villa-maria\/epec-lanzo-un-comunicado-ante-denuncias-de-los-usuarios-por-estafas\/#breadcrumb\"},\"inLanguage\":\"es\",\"potentialAction\":[{\"@type\":\"ReadAction\",\"target\":[\"https:\/\/elregionalvm.com.ar\/noticias-villa-maria\/epec-lanzo-un-comunicado-ante-denuncias-de-los-usuarios-por-estafas\/\"]}]},{\"@type\":\"ImageObject\",\"inLanguage\":\"es\",\"@id\":\"https:\/\/elregionalvm.com.ar\/noticias-villa-maria\/epec-lanzo-un-comunicado-ante-denuncias-de-los-usuarios-por-estafas\/#primaryimage\",\"url\":\"https:\/\/i0.wp.com\/elregionalvm.com.ar\/noticias-villa-maria\/wp-content\/uploads\/2021\/11\/epec-villa-maria.png?fit=822%2C550&ssl=1\",\"contentUrl\":\"https:\/\/i0.wp.com\/elregionalvm.com.ar\/noticias-villa-maria\/wp-content\/uploads\/2021\/11\/epec-villa-maria.png?fit=822%2C550&ssl=1\",\"width\":822,\"height\":550},{\"@type\":\"BreadcrumbList\",\"@id\":\"https:\/\/elregionalvm.com.ar\/noticias-villa-maria\/epec-lanzo-un-comunicado-ante-denuncias-de-los-usuarios-por-estafas\/#breadcrumb\",\"itemListElement\":[{\"@type\":\"ListItem\",\"position\":1,\"name\":\"Portada\",\"item\":\"https:\/\/elregionalvm.com.ar\/noticias-villa-maria\/\"},{\"@type\":\"ListItem\",\"position\":2,\"name\":\"EPEC lanz\u00f3 un comunicado ante denuncias de los usuarios por estafas\"}]},{\"@type\":\"WebSite\",\"@id\":\"http:\/\/elregionalvm.com.ar\/noticias-villa-maria\/#website\",\"url\":\"http:\/\/elregionalvm.com.ar\/noticias-villa-maria\/\",\"name\":\"El Regional\",\"description\":\"Mucho m\u00e1s que informaci\u00f3n\",\"potentialAction\":[{\"@type\":\"SearchAction\",\"target\":{\"@type\":\"EntryPoint\",\"urlTemplate\":\"http:\/\/elregionalvm.com.ar\/noticias-villa-maria\/?s={search_term_string}\"},\"query-input\":{\"@type\":\"PropertyValueSpecification\",\"valueRequired\":true,\"valueName\":\"search_term_string\"}}],\"inLanguage\":\"es\"},{\"@type\":\"Person\",\"@id\":\"http:\/\/elregionalvm.com.ar\/noticias-villa-maria\/#\/schema\/person\/a0fb9c422317faca23d50163151bc354\",\"name\":\"Contenidos El Regional\",\"image\":{\"@type\":\"ImageObject\",\"inLanguage\":\"es\",\"@id\":\"http:\/\/elregionalvm.com.ar\/noticias-villa-maria\/#\/schema\/person\/image\/\",\"url\":\"https:\/\/secure.gravatar.com\/avatar\/265b27cb2209af7bb3a1318f03305787d7981a5cc6e6cd08fe5a4ecdf99d4b48?s=96&d=mm&r=g\",\"contentUrl\":\"https:\/\/secure.gravatar.com\/avatar\/265b27cb2209af7bb3a1318f03305787d7981a5cc6e6cd08fe5a4ecdf99d4b48?s=96&d=mm&r=g\",\"caption\":\"Contenidos El Regional\"},\"url\":\"https:\/\/elregionalvm.com.ar\/noticias-villa-maria\/author\/contenido\/\"}]}<\/script>\n<!-- \/ Yoast SEO plugin. -->","yoast_head_json":{"title":"EPEC lanz\u00f3 un comunicado ante denuncias de los usuarios por estafas - El Regional","robots":{"index":"index","follow":"follow","max-snippet":"max-snippet:-1","max-image-preview":"max-image-preview:large","max-video-preview":"max-video-preview:-1"},"canonical":"https:\/\/elregionalvm.com.ar\/noticias-villa-maria\/epec-lanzo-un-comunicado-ante-denuncias-de-los-usuarios-por-estafas\/","og_locale":"es_ES","og_type":"article","og_title":"EPEC lanz\u00f3 un comunicado ante denuncias de los usuarios por estafas - El Regional","og_description":"La Empresa Provincial de Energ\u00eda de C\u00f3rdoba informa que NUNCA solicitar\u00e1 v\u00eda telef\u00f3nica: -Datos bancarios para realizar el pago de una factura.-Datos personales y\/o comerciales para gestiones.-C\u00f3digos de verificaci\u00f3n por whatsapp o sms para confirmar gestiones administrativas. En los \u00faltimos d\u00edas, se han reiterado denuncias de usuarios que manifiestan haber recibido comunicaciones telef\u00f3nicas de personas [&hellip;]","og_url":"https:\/\/elregionalvm.com.ar\/noticias-villa-maria\/epec-lanzo-un-comunicado-ante-denuncias-de-los-usuarios-por-estafas\/","og_site_name":"El Regional","article_publisher":"https:\/\/www.facebook.com\/elregionalvm","article_published_time":"2023-12-05T23:08:59+00:00","article_modified_time":"2023-12-05T23:09:01+00:00","og_image":[{"width":822,"height":550,"url":"https:\/\/elregionalvm.com.ar\/noticias-villa-maria\/wp-content\/uploads\/2021\/11\/epec-villa-maria.png","type":"image\/png"}],"author":"Contenidos El Regional","twitter_card":"summary_large_image","twitter_creator":"@elregionalvm1","twitter_site":"@elregionalvm1","twitter_misc":{"Escrito por":"Contenidos El Regional","Tiempo de lectura":"1 minuto"},"schema":{"@context":"https:\/\/schema.org","@graph":[{"@type":"Article","@id":"https:\/\/elregionalvm.com.ar\/noticias-villa-maria\/epec-lanzo-un-comunicado-ante-denuncias-de-los-usuarios-por-estafas\/#article","isPartOf":{"@id":"https:\/\/elregionalvm.com.ar\/noticias-villa-maria\/epec-lanzo-un-comunicado-ante-denuncias-de-los-usuarios-por-estafas\/"},"author":{"name":"Contenidos El Regional","@id":"http:\/\/elregionalvm.com.ar\/noticias-villa-maria\/#\/schema\/person\/a0fb9c422317faca23d50163151bc354"},"headline":"EPEC lanz\u00f3 un comunicado ante denuncias de los usuarios por estafas","datePublished":"2023-12-05T23:08:59+00:00","dateModified":"2023-12-05T23:09:01+00:00","mainEntityOfPage":{"@id":"https:\/\/elregionalvm.com.ar\/noticias-villa-maria\/epec-lanzo-un-comunicado-ante-denuncias-de-los-usuarios-por-estafas\/"},"wordCount":140,"commentCount":0,"image":{"@id":"https:\/\/elregionalvm.com.ar\/noticias-villa-maria\/epec-lanzo-un-comunicado-ante-denuncias-de-los-usuarios-por-estafas\/#primaryimage"},"thumbnailUrl":"https:\/\/i0.wp.com\/elregionalvm.com.ar\/noticias-villa-maria\/wp-content\/uploads\/2021\/11\/epec-villa-maria.png?fit=822%2C550&ssl=1","articleSection":["destacado","Sociedad","Villa Mar\u00eda"],"inLanguage":"es","potentialAction":[{"@type":"CommentAction","name":"Comment","target":["https:\/\/elregionalvm.com.ar\/noticias-villa-maria\/epec-lanzo-un-comunicado-ante-denuncias-de-los-usuarios-por-estafas\/#respond"]}]},{"@type":"WebPage","@id":"https:\/\/elregionalvm.com.ar\/noticias-villa-maria\/epec-lanzo-un-comunicado-ante-denuncias-de-los-usuarios-por-estafas\/","url":"https:\/\/elregionalvm.com.ar\/noticias-villa-maria\/epec-lanzo-un-comunicado-ante-denuncias-de-los-usuarios-por-estafas\/","name":"EPEC lanz\u00f3 un comunicado ante denuncias de los usuarios por estafas - El Regional","isPartOf":{"@id":"http:\/\/elregionalvm.com.ar\/noticias-villa-maria\/#website"},"primaryImageOfPage":{"@id":"https:\/\/elregionalvm.com.ar\/noticias-villa-maria\/epec-lanzo-un-comunicado-ante-denuncias-de-los-usuarios-por-estafas\/#primaryimage"},"image":{"@id":"https:\/\/elregionalvm.com.ar\/noticias-villa-maria\/epec-lanzo-un-comunicado-ante-denuncias-de-los-usuarios-por-estafas\/#primaryimage"},"thumbnailUrl":"https:\/\/i0.wp.com\/elregionalvm.com.ar\/noticias-villa-maria\/wp-content\/uploads\/2021\/11\/epec-villa-maria.png?fit=822%2C550&ssl=1","datePublished":"2023-12-05T23:08:59+00:00","dateModified":"2023-12-05T23:09:01+00:00","author":{"@id":"http:\/\/elregionalvm.com.ar\/noticias-villa-maria\/#\/schema\/person\/a0fb9c422317faca23d50163151bc354"},"breadcrumb":{"@id":"https:\/\/elregionalvm.com.ar\/noticias-villa-maria\/epec-lanzo-un-comunicado-ante-denuncias-de-los-usuarios-por-estafas\/#breadcrumb"},"inLanguage":"es","potentialAction":[{"@type":"ReadAction","target":["https:\/\/elregionalvm.com.ar\/noticias-villa-maria\/epec-lanzo-un-comunicado-ante-denuncias-de-los-usuarios-por-estafas\/"]}]},{"@type":"ImageObject","inLanguage":"es","@id":"https:\/\/elregionalvm.com.ar\/noticias-villa-maria\/epec-lanzo-un-comunicado-ante-denuncias-de-los-usuarios-por-estafas\/#primaryimage","url":"https:\/\/i0.wp.com\/elregionalvm.com.ar\/noticias-villa-maria\/wp-content\/uploads\/2021\/11\/epec-villa-maria.png?fit=822%2C550&ssl=1","contentUrl":"https:\/\/i0.wp.com\/elregionalvm.com.ar\/noticias-villa-maria\/wp-content\/uploads\/2021\/11\/epec-villa-maria.png?fit=822%2C550&ssl=1","width":822,"height":550},{"@type":"BreadcrumbList","@id":"https:\/\/elregionalvm.com.ar\/noticias-villa-maria\/epec-lanzo-un-comunicado-ante-denuncias-de-los-usuarios-por-estafas\/#breadcrumb","itemListElement":[{"@type":"ListItem","position":1,"name":"Portada","item":"https:\/\/elregionalvm.com.ar\/noticias-villa-maria\/"},{"@type":"ListItem","position":2,"name":"EPEC lanz\u00f3 un comunicado ante denuncias de los usuarios por estafas"}]},{"@type":"WebSite","@id":"http:\/\/elregionalvm.com.ar\/noticias-villa-maria\/#website","url":"http:\/\/elregionalvm.com.ar\/noticias-villa-maria\/","name":"El Regional","description":"Mucho m\u00e1s que informaci\u00f3n","potentialAction":[{"@type":"SearchAction","target":{"@type":"EntryPoint","urlTemplate":"http:\/\/elregionalvm.com.ar\/noticias-villa-maria\/?s={search_term_string}"},"query-input":{"@type":"PropertyValueSpecification","valueRequired":true,"valueName":"search_term_string"}}],"inLanguage":"es"},{"@type":"Person","@id":"http:\/\/elregionalvm.com.ar\/noticias-villa-maria\/#\/schema\/person\/a0fb9c422317faca23d50163151bc354","name":"Contenidos El Regional","image":{"@type":"ImageObject","inLanguage":"es","@id":"http:\/\/elregionalvm.com.ar\/noticias-villa-maria\/#\/schema\/person\/image\/","url":"https:\/\/secure.gravatar.com\/avatar\/265b27cb2209af7bb3a1318f03305787d7981a5cc6e6cd08fe5a4ecdf99d4b48?s=96&d=mm&r=g","contentUrl":"https:\/\/secure.gravatar.com\/avatar\/265b27cb2209af7bb3a1318f03305787d7981a5cc6e6cd08fe5a4ecdf99d4b48?s=96&d=mm&r=g","caption":"Contenidos El Regional"},"url":"https:\/\/elregionalvm.com.ar\/noticias-villa-maria\/author\/contenido\/"}]}},"jetpack_featured_media_url":"https:\/\/i0.wp.com\/elregionalvm.com.ar\/noticias-villa-maria\/wp-content\/uploads\/2021\/11\/epec-villa-maria.png?fit=822%2C550&ssl=1","jetpack_sharing_enabled":true,"_links":{"self":[{"href":"https:\/\/elregionalvm.com.ar\/noticias-villa-maria\/wp-json\/wp\/v2\/posts\/86745","targetHints":{"allow":["GET"]}}],"collection":[{"href":"https:\/\/elregionalvm.com.ar\/noticias-villa-maria\/wp-json\/wp\/v2\/posts"}],"about":[{"href":"https:\/\/elregionalvm.com.ar\/noticias-villa-maria\/wp-json\/wp\/v2\/types\/post"}],"author":[{"embeddable":true,"href":"https:\/\/elregionalvm.com.ar\/noticias-villa-maria\/wp-json\/wp\/v2\/users\/4"}],"replies":[{"embeddable":true,"href":"https:\/\/elregionalvm.com.ar\/noticias-villa-maria\/wp-json\/wp\/v2\/comments?post=86745"}],"version-history":[{"count":1,"href":"https:\/\/elregionalvm.com.ar\/noticias-villa-maria\/wp-json\/wp\/v2\/posts\/86745\/revisions"}],"predecessor-version":[{"id":86746,"href":"https:\/\/elregionalvm.com.ar\/noticias-villa-maria\/wp-json\/wp\/v2\/posts\/86745\/revisions\/86746"}],"wp:featuredmedia":[{"embeddable":true,"href":"https:\/\/elregionalvm.com.ar\/noticias-villa-maria\/wp-json\/wp\/v2\/media\/48009"}],"wp:attachment":[{"href":"https:\/\/elregionalvm.com.ar\/noticias-villa-maria\/wp-json\/wp\/v2\/media?parent=86745"}],"wp:term":[{"taxonomy":"category","embeddable":true,"href":"https:\/\/elregionalvm.com.ar\/noticias-villa-maria\/wp-json\/wp\/v2\/categories?post=86745"},{"taxonomy":"post_tag","embeddable":true,"href":"https:\/\/elregionalvm.com.ar\/noticias-villa-maria\/wp-json\/wp\/v2\/tags?post=86745"}],"curies":[{"name":"wp","href":"https:\/\/api.w.org\/{rel}","templated":true}]}}