{"id":86747,"date":"2023-12-05T23:11:01","date_gmt":"2023-12-05T23:11:01","guid":{"rendered":"https:\/\/elregionalvm.com.ar\/noticias-villa-maria\/?p=86747"},"modified":"2023-12-05T23:11:02","modified_gmt":"2023-12-05T23:11:02","slug":"consejo-cordoba-pyme-quedo-conformada-la-comision-directiva-para-los-proximos-dos-anos","status":"publish","type":"post","link":"https:\/\/elregionalvm.com.ar\/noticias-villa-maria\/consejo-cordoba-pyme-quedo-conformada-la-comision-directiva-para-los-proximos-dos-anos\/","title":{"rendered":"Consejo C\u00f3rdoba PyME: qued\u00f3 conformada la Comisi\u00f3n Directiva para los pr\u00f3ximos dos a\u00f1os"},"content":{"rendered":"\n<p>Un trabajo articulado p\u00fablico-privado para dar respuesta a las necesidades del sector.<\/p>\n\n\n\n<p>Bajo la \u00f3rbita del Ministerio de Industria, Comercio y Miner\u00eda, esta iniciativa in\u00e9dita y trascendente para el sector, se consolida.<\/p>\n\n\n\n<p>Con el objetivo de receptar, analizar, y consensuar soluciones para las PyMEs reconociendo su importancia en la producci\u00f3n cordobesa.<\/p>\n\n\n\n<p>El Consejo C\u00f3rdoba PyME, eligi\u00f3 a los integrantes de la primera Comisi\u00f3n Directiva que va a llevar adelante la agenda de trabajo de los pr\u00f3ximos dos a\u00f1os, en un encuentro que tuvo lugar el pasado viernes 24 de noviembre, con la presencia de las c\u00e1maras del sector que lo conforman.<\/p>\n\n\n\n<p>El Consejo C\u00f3rdoba PyME fue creado por Resoluci\u00f3n en el \u00e1mbito del Ministerio de Industria, Comercio y Miner\u00eda de la provincia de C\u00f3rdoba, siendo una iniciativa in\u00e9dita y trascendente en cuanto un espacio de articulaci\u00f3n institucional p\u00fablico-privado que, a partir de objetivos comunes, busca receptar, analizar, y consensuar soluciones posibles a la problem\u00e1tica de las peque\u00f1as y medianas empresas.<\/p>\n\n\n\n<p>Funciona bajo la \u00f3rbita de la Subsecretar\u00eda PyME de la Secretar\u00eda de Comercio del Ministerio, reconociendo la importancia de las PyMEs, para el desarrollo de la producci\u00f3n y la econom\u00eda de C\u00f3rdoba.<\/p>\n\n\n\n<p>La Comisi\u00f3n Directiva se conforma por representantes de instituciones privadas y del sector p\u00fablico.<\/p>\n\n\n\n<p>La Presidencia est\u00e1 a cargo de un representante del sector privado, el cual ser\u00e1 designado en la primera asamblea. La Vicepresidencia est\u00e1 a cargo del Ministro de Industria, Comercio y Miner\u00eda.<\/p>\n\n\n\n<p>Y adem\u00e1s, por el sector p\u00fablico son parte tambi\u00e9n, el Subsecretario PyME y el Director PyME.<\/p>\n\n\n\n<p>En este sentido, la semana pasada qued\u00f3 constituida la Comisi\u00f3n Directiva de la parte del sector privado, tras el encuentro que tuvo lugar en el Sal\u00f3n de las Industrias del Ministerio de Industria, Comercio y Miner\u00eda:<\/p>\n\n\n\n<p>Presidente: Enrique Umbert, de la C\u00e1mara Argentina de la Micro, Peque\u00f1a y Mediana Empresa \u2013MPM-<\/p>\n\n\n\n<p>Jos\u00e9 Roberto Salom\u00f3n, de la Asociaci\u00f3n Civil de Comerciantes de Villa Mar\u00eda \u2013 ACOVIM-<\/p>\n\n\n\n<p>Marta Beatriz Bederian, de la C\u00e1mara de la Madera, Mueble y Equipamiento de C\u00f3rdoba \u2013CAMMEC-<\/p>\n\n\n\n<p>Gustavo Ferreyra, de la Asamblea de Peque\u00f1os y Medianos Empresarios \u2013APYME-<\/p>\n\n\n\n<p>Lorena Quevedo, de la C\u00e1mara de Productoras Audiovisuales de C\u00f3rdoba \u2013 CAPAC-<\/p>\n\n\n\n<p>Guillermo Montenegro, de la C\u00e1mara Mediterr\u00e1nea de Comercio Electr\u00f3nico de C\u00f3rdoba \u2013CAMECE-<\/p>\n\n\n\n<p>Marcelo Caula, de Centro industrial, panaderos y afines de C\u00f3rdoba -CIPAC-.<\/p>\n\n\n\n<p>Silvia Rossa, de la Asociaci\u00f3n de Peque\u00f1as y Medianas Empresas L\u00e1cteas, -APYMEL-<\/p>\n\n\n\n<p>Jos\u00e9 Roberto Salom\u00f3n, de la Asociaci\u00f3n Civil de Comerciantes de Villa Mar\u00eda \u2013 ACOVIM-<\/p>\n\n\n\n<p>Mauricio Rabbat, de la C\u00e1mara de Turismo de Villa Carlos Paz \u2013CTVCP-<\/p>\n\n\n\n<p>El Consejo C\u00f3rdoba PyME, busca contribuir de forma activa al fortalecimiento y el crecimiento de las micro, peque\u00f1as y medianas empresas de la Provincia, y que dichas acciones se vean reflejadas en la creaci\u00f3n de nuevos puestos de trabajo de calidad, desarrollo de las econom\u00edas regionales y promoci\u00f3n del inter\u00e9s y condiciones para nuevas inversiones.<\/p>\n","protected":false},"excerpt":{"rendered":"<p>Un trabajo articulado p\u00fablico-privado para dar respuesta a las necesidades del sector. Bajo la \u00f3rbita del Ministerio de Industria, Comercio y Miner\u00eda, esta iniciativa in\u00e9dita y trascendente para el sector, se consolida. Con el objetivo de receptar, analizar, y consensuar soluciones para las PyMEs reconociendo su importancia en la producci\u00f3n cordobesa. El Consejo C\u00f3rdoba PyME, [&hellip;]<\/p>\n","protected":false},"author":4,"featured_media":86748,"comment_status":"open","ping_status":"open","sticky":false,"template":"","format":"standard","meta":{"site-sidebar-layout":"default","site-content-layout":"","ast-site-content-layout":"default","site-content-style":"default","site-sidebar-style":"default","ast-global-header-display":"","ast-banner-title-visibility":"","ast-main-header-display":"","ast-hfb-above-header-display":"","ast-hfb-below-header-display":"","ast-hfb-mobile-header-display":"","site-post-title":"","ast-breadcrumbs-content":"","ast-featured-img":"","footer-sml-layout":"","ast-disable-related-posts":"","theme-transparent-header-meta":"","adv-header-id-meta":"","stick-header-meta":"","header-above-stick-meta":"","header-main-stick-meta":"","header-below-stick-meta":"","astra-migrate-meta-layouts":"set","ast-page-background-enabled":"default","ast-page-background-meta":{"desktop":{"background-color":"","background-image":"","background-repeat":"repeat","background-position":"center center","background-size":"auto","background-attachment":"scroll","background-type":"","background-media":"","overlay-type":"","overlay-color":"","overlay-opacity":"","overlay-gradient":""},"tablet":{"background-color":"","background-image":"","background-repeat":"repeat","background-position":"center center","background-size":"auto","background-attachment":"scroll","background-type":"","background-media":"","overlay-type":"","overlay-color":"","overlay-opacity":"","overlay-gradient":""},"mobile":{"background-color":"","background-image":"","background-repeat":"repeat","background-position":"center center","background-size":"auto","background-attachment":"scroll","background-type":"","background-media":"","overlay-type":"","overlay-color":"","overlay-opacity":"","overlay-gradient":""}},"ast-content-background-meta":{"desktop":{"background-color":"var(--ast-global-color-5)","background-image":"","background-repeat":"repeat","background-position":"center center","background-size":"auto","background-attachment":"scroll","background-type":"","background-media":"","overlay-type":"","overlay-color":"","overlay-opacity":"","overlay-gradient":""},"tablet":{"background-color":"var(--ast-global-color-5)","background-image":"","background-repeat":"repeat","background-position":"center center","background-size":"auto","background-attachment":"scroll","background-type":"","background-media":"","overlay-type":"","overlay-color":"","overlay-opacity":"","overlay-gradient":""},"mobile":{"background-color":"var(--ast-global-color-5)","background-image":"","background-repeat":"repeat","background-position":"center center","background-size":"auto","background-attachment":"scroll","background-type":"","background-media":"","overlay-type":"","overlay-color":"","overlay-opacity":"","overlay-gradient":""}},"_jetpack_memberships_contains_paid_content":false,"_joinchat":[],"footnotes":""},"categories":[15302,16095,5],"tags":[],"class_list":["post-86747","post","type-post","status-publish","format-standard","has-post-thumbnail","hentry","category-destacado","category-provinciales","category-sociedad"],"yoast_head":"<!-- This site is optimized with the Yoast SEO plugin v26.8 - https:\/\/yoast.com\/product\/yoast-seo-wordpress\/ -->\n<title>Consejo C\u00f3rdoba PyME: qued\u00f3 conformada la Comisi\u00f3n Directiva para los pr\u00f3ximos dos a\u00f1os - El Regional<\/title>\n<meta name=\"robots\" content=\"index, follow, max-snippet:-1, max-image-preview:large, max-video-preview:-1\" \/>\n<link rel=\"canonical\" href=\"https:\/\/elregionalvm.com.ar\/noticias-villa-maria\/consejo-cordoba-pyme-quedo-conformada-la-comision-directiva-para-los-proximos-dos-anos\/\" \/>\n<meta property=\"og:locale\" content=\"es_ES\" \/>\n<meta property=\"og:type\" content=\"article\" \/>\n<meta property=\"og:title\" content=\"Consejo C\u00f3rdoba PyME: qued\u00f3 conformada la Comisi\u00f3n Directiva para los pr\u00f3ximos dos a\u00f1os - El Regional\" \/>\n<meta property=\"og:description\" content=\"Un trabajo articulado p\u00fablico-privado para dar respuesta a las necesidades del sector. Bajo la \u00f3rbita del Ministerio de Industria, Comercio y Miner\u00eda, esta iniciativa in\u00e9dita y trascendente para el sector, se consolida. Con el objetivo de receptar, analizar, y consensuar soluciones para las PyMEs reconociendo su importancia en la producci\u00f3n cordobesa. El Consejo C\u00f3rdoba PyME, [&hellip;]\" \/>\n<meta property=\"og:url\" content=\"https:\/\/elregionalvm.com.ar\/noticias-villa-maria\/consejo-cordoba-pyme-quedo-conformada-la-comision-directiva-para-los-proximos-dos-anos\/\" \/>\n<meta property=\"og:site_name\" content=\"El Regional\" \/>\n<meta property=\"article:publisher\" content=\"https:\/\/www.facebook.com\/elregionalvm\" \/>\n<meta property=\"article:published_time\" content=\"2023-12-05T23:11:01+00:00\" \/>\n<meta property=\"article:modified_time\" content=\"2023-12-05T23:11:02+00:00\" \/>\n<meta property=\"og:image\" content=\"https:\/\/elregionalvm.com.ar\/noticias-villa-maria\/wp-content\/uploads\/2023\/12\/WhatsApp-Image-2023-12-05-at-19.20.53.jpeg\" \/>\n\t<meta property=\"og:image:width\" content=\"1600\" \/>\n\t<meta property=\"og:image:height\" content=\"499\" \/>\n\t<meta property=\"og:image:type\" content=\"image\/jpeg\" \/>\n<meta name=\"author\" content=\"Contenidos El Regional\" \/>\n<meta name=\"twitter:card\" content=\"summary_large_image\" \/>\n<meta name=\"twitter:creator\" content=\"@elregionalvm1\" \/>\n<meta name=\"twitter:site\" content=\"@elregionalvm1\" \/>\n<meta name=\"twitter:label1\" content=\"Escrito por\" \/>\n\t<meta name=\"twitter:data1\" content=\"Contenidos El Regional\" \/>\n\t<meta name=\"twitter:label2\" content=\"Tiempo de lectura\" \/>\n\t<meta name=\"twitter:data2\" content=\"3 minutos\" \/>\n<script type=\"application\/ld+json\" class=\"yoast-schema-graph\">{\"@context\":\"https:\/\/schema.org\",\"@graph\":[{\"@type\":\"Article\",\"@id\":\"https:\/\/elregionalvm.com.ar\/noticias-villa-maria\/consejo-cordoba-pyme-quedo-conformada-la-comision-directiva-para-los-proximos-dos-anos\/#article\",\"isPartOf\":{\"@id\":\"https:\/\/elregionalvm.com.ar\/noticias-villa-maria\/consejo-cordoba-pyme-quedo-conformada-la-comision-directiva-para-los-proximos-dos-anos\/\"},\"author\":{\"name\":\"Contenidos El Regional\",\"@id\":\"http:\/\/elregionalvm.com.ar\/noticias-villa-maria\/#\/schema\/person\/a0fb9c422317faca23d50163151bc354\"},\"headline\":\"Consejo C\u00f3rdoba PyME: qued\u00f3 conformada la Comisi\u00f3n Directiva para los pr\u00f3ximos dos a\u00f1os\",\"datePublished\":\"2023-12-05T23:11:01+00:00\",\"dateModified\":\"2023-12-05T23:11:02+00:00\",\"mainEntityOfPage\":{\"@id\":\"https:\/\/elregionalvm.com.ar\/noticias-villa-maria\/consejo-cordoba-pyme-quedo-conformada-la-comision-directiva-para-los-proximos-dos-anos\/\"},\"wordCount\":545,\"commentCount\":0,\"image\":{\"@id\":\"https:\/\/elregionalvm.com.ar\/noticias-villa-maria\/consejo-cordoba-pyme-quedo-conformada-la-comision-directiva-para-los-proximos-dos-anos\/#primaryimage\"},\"thumbnailUrl\":\"https:\/\/i0.wp.com\/elregionalvm.com.ar\/noticias-villa-maria\/wp-content\/uploads\/2023\/12\/WhatsApp-Image-2023-12-05-at-19.20.53.jpeg?fit=1600%2C499&ssl=1\",\"articleSection\":[\"destacado\",\"Provinciales\",\"Sociedad\"],\"inLanguage\":\"es\",\"potentialAction\":[{\"@type\":\"CommentAction\",\"name\":\"Comment\",\"target\":[\"https:\/\/elregionalvm.com.ar\/noticias-villa-maria\/consejo-cordoba-pyme-quedo-conformada-la-comision-directiva-para-los-proximos-dos-anos\/#respond\"]}]},{\"@type\":\"WebPage\",\"@id\":\"https:\/\/elregionalvm.com.ar\/noticias-villa-maria\/consejo-cordoba-pyme-quedo-conformada-la-comision-directiva-para-los-proximos-dos-anos\/\",\"url\":\"https:\/\/elregionalvm.com.ar\/noticias-villa-maria\/consejo-cordoba-pyme-quedo-conformada-la-comision-directiva-para-los-proximos-dos-anos\/\",\"name\":\"Consejo C\u00f3rdoba PyME: qued\u00f3 conformada la Comisi\u00f3n Directiva para los pr\u00f3ximos dos a\u00f1os - El Regional\",\"isPartOf\":{\"@id\":\"http:\/\/elregionalvm.com.ar\/noticias-villa-maria\/#website\"},\"primaryImageOfPage\":{\"@id\":\"https:\/\/elregionalvm.com.ar\/noticias-villa-maria\/consejo-cordoba-pyme-quedo-conformada-la-comision-directiva-para-los-proximos-dos-anos\/#primaryimage\"},\"image\":{\"@id\":\"https:\/\/elregionalvm.com.ar\/noticias-villa-maria\/consejo-cordoba-pyme-quedo-conformada-la-comision-directiva-para-los-proximos-dos-anos\/#primaryimage\"},\"thumbnailUrl\":\"https:\/\/i0.wp.com\/elregionalvm.com.ar\/noticias-villa-maria\/wp-content\/uploads\/2023\/12\/WhatsApp-Image-2023-12-05-at-19.20.53.jpeg?fit=1600%2C499&ssl=1\",\"datePublished\":\"2023-12-05T23:11:01+00:00\",\"dateModified\":\"2023-12-05T23:11:02+00:00\",\"author\":{\"@id\":\"http:\/\/elregionalvm.com.ar\/noticias-villa-maria\/#\/schema\/person\/a0fb9c422317faca23d50163151bc354\"},\"breadcrumb\":{\"@id\":\"https:\/\/elregionalvm.com.ar\/noticias-villa-maria\/consejo-cordoba-pyme-quedo-conformada-la-comision-directiva-para-los-proximos-dos-anos\/#breadcrumb\"},\"inLanguage\":\"es\",\"potentialAction\":[{\"@type\":\"ReadAction\",\"target\":[\"https:\/\/elregionalvm.com.ar\/noticias-villa-maria\/consejo-cordoba-pyme-quedo-conformada-la-comision-directiva-para-los-proximos-dos-anos\/\"]}]},{\"@type\":\"ImageObject\",\"inLanguage\":\"es\",\"@id\":\"https:\/\/elregionalvm.com.ar\/noticias-villa-maria\/consejo-cordoba-pyme-quedo-conformada-la-comision-directiva-para-los-proximos-dos-anos\/#primaryimage\",\"url\":\"https:\/\/i0.wp.com\/elregionalvm.com.ar\/noticias-villa-maria\/wp-content\/uploads\/2023\/12\/WhatsApp-Image-2023-12-05-at-19.20.53.jpeg?fit=1600%2C499&ssl=1\",\"contentUrl\":\"https:\/\/i0.wp.com\/elregionalvm.com.ar\/noticias-villa-maria\/wp-content\/uploads\/2023\/12\/WhatsApp-Image-2023-12-05-at-19.20.53.jpeg?fit=1600%2C499&ssl=1\",\"width\":1600,\"height\":499},{\"@type\":\"BreadcrumbList\",\"@id\":\"https:\/\/elregionalvm.com.ar\/noticias-villa-maria\/consejo-cordoba-pyme-quedo-conformada-la-comision-directiva-para-los-proximos-dos-anos\/#breadcrumb\",\"itemListElement\":[{\"@type\":\"ListItem\",\"position\":1,\"name\":\"Portada\",\"item\":\"https:\/\/elregionalvm.com.ar\/noticias-villa-maria\/\"},{\"@type\":\"ListItem\",\"position\":2,\"name\":\"Consejo C\u00f3rdoba PyME: qued\u00f3 conformada la Comisi\u00f3n Directiva para los pr\u00f3ximos dos a\u00f1os\"}]},{\"@type\":\"WebSite\",\"@id\":\"http:\/\/elregionalvm.com.ar\/noticias-villa-maria\/#website\",\"url\":\"http:\/\/elregionalvm.com.ar\/noticias-villa-maria\/\",\"name\":\"El Regional\",\"description\":\"Mucho m\u00e1s que informaci\u00f3n\",\"potentialAction\":[{\"@type\":\"SearchAction\",\"target\":{\"@type\":\"EntryPoint\",\"urlTemplate\":\"http:\/\/elregionalvm.com.ar\/noticias-villa-maria\/?s={search_term_string}\"},\"query-input\":{\"@type\":\"PropertyValueSpecification\",\"valueRequired\":true,\"valueName\":\"search_term_string\"}}],\"inLanguage\":\"es\"},{\"@type\":\"Person\",\"@id\":\"http:\/\/elregionalvm.com.ar\/noticias-villa-maria\/#\/schema\/person\/a0fb9c422317faca23d50163151bc354\",\"name\":\"Contenidos El Regional\",\"image\":{\"@type\":\"ImageObject\",\"inLanguage\":\"es\",\"@id\":\"http:\/\/elregionalvm.com.ar\/noticias-villa-maria\/#\/schema\/person\/image\/\",\"url\":\"https:\/\/secure.gravatar.com\/avatar\/265b27cb2209af7bb3a1318f03305787d7981a5cc6e6cd08fe5a4ecdf99d4b48?s=96&d=mm&r=g\",\"contentUrl\":\"https:\/\/secure.gravatar.com\/avatar\/265b27cb2209af7bb3a1318f03305787d7981a5cc6e6cd08fe5a4ecdf99d4b48?s=96&d=mm&r=g\",\"caption\":\"Contenidos El Regional\"},\"url\":\"https:\/\/elregionalvm.com.ar\/noticias-villa-maria\/author\/contenido\/\"}]}<\/script>\n<!-- \/ Yoast SEO plugin. -->","yoast_head_json":{"title":"Consejo C\u00f3rdoba PyME: qued\u00f3 conformada la Comisi\u00f3n Directiva para los pr\u00f3ximos dos a\u00f1os - El Regional","robots":{"index":"index","follow":"follow","max-snippet":"max-snippet:-1","max-image-preview":"max-image-preview:large","max-video-preview":"max-video-preview:-1"},"canonical":"https:\/\/elregionalvm.com.ar\/noticias-villa-maria\/consejo-cordoba-pyme-quedo-conformada-la-comision-directiva-para-los-proximos-dos-anos\/","og_locale":"es_ES","og_type":"article","og_title":"Consejo C\u00f3rdoba PyME: qued\u00f3 conformada la Comisi\u00f3n Directiva para los pr\u00f3ximos dos a\u00f1os - El Regional","og_description":"Un trabajo articulado p\u00fablico-privado para dar respuesta a las necesidades del sector. Bajo la \u00f3rbita del Ministerio de Industria, Comercio y Miner\u00eda, esta iniciativa in\u00e9dita y trascendente para el sector, se consolida. Con el objetivo de receptar, analizar, y consensuar soluciones para las PyMEs reconociendo su importancia en la producci\u00f3n cordobesa. El Consejo C\u00f3rdoba PyME, [&hellip;]","og_url":"https:\/\/elregionalvm.com.ar\/noticias-villa-maria\/consejo-cordoba-pyme-quedo-conformada-la-comision-directiva-para-los-proximos-dos-anos\/","og_site_name":"El Regional","article_publisher":"https:\/\/www.facebook.com\/elregionalvm","article_published_time":"2023-12-05T23:11:01+00:00","article_modified_time":"2023-12-05T23:11:02+00:00","og_image":[{"width":1600,"height":499,"url":"https:\/\/elregionalvm.com.ar\/noticias-villa-maria\/wp-content\/uploads\/2023\/12\/WhatsApp-Image-2023-12-05-at-19.20.53.jpeg","type":"image\/jpeg"}],"author":"Contenidos El Regional","twitter_card":"summary_large_image","twitter_creator":"@elregionalvm1","twitter_site":"@elregionalvm1","twitter_misc":{"Escrito por":"Contenidos El Regional","Tiempo de lectura":"3 minutos"},"schema":{"@context":"https:\/\/schema.org","@graph":[{"@type":"Article","@id":"https:\/\/elregionalvm.com.ar\/noticias-villa-maria\/consejo-cordoba-pyme-quedo-conformada-la-comision-directiva-para-los-proximos-dos-anos\/#article","isPartOf":{"@id":"https:\/\/elregionalvm.com.ar\/noticias-villa-maria\/consejo-cordoba-pyme-quedo-conformada-la-comision-directiva-para-los-proximos-dos-anos\/"},"author":{"name":"Contenidos El Regional","@id":"http:\/\/elregionalvm.com.ar\/noticias-villa-maria\/#\/schema\/person\/a0fb9c422317faca23d50163151bc354"},"headline":"Consejo C\u00f3rdoba PyME: qued\u00f3 conformada la Comisi\u00f3n Directiva para los pr\u00f3ximos dos a\u00f1os","datePublished":"2023-12-05T23:11:01+00:00","dateModified":"2023-12-05T23:11:02+00:00","mainEntityOfPage":{"@id":"https:\/\/elregionalvm.com.ar\/noticias-villa-maria\/consejo-cordoba-pyme-quedo-conformada-la-comision-directiva-para-los-proximos-dos-anos\/"},"wordCount":545,"commentCount":0,"image":{"@id":"https:\/\/elregionalvm.com.ar\/noticias-villa-maria\/consejo-cordoba-pyme-quedo-conformada-la-comision-directiva-para-los-proximos-dos-anos\/#primaryimage"},"thumbnailUrl":"https:\/\/i0.wp.com\/elregionalvm.com.ar\/noticias-villa-maria\/wp-content\/uploads\/2023\/12\/WhatsApp-Image-2023-12-05-at-19.20.53.jpeg?fit=1600%2C499&ssl=1","articleSection":["destacado","Provinciales","Sociedad"],"inLanguage":"es","potentialAction":[{"@type":"CommentAction","name":"Comment","target":["https:\/\/elregionalvm.com.ar\/noticias-villa-maria\/consejo-cordoba-pyme-quedo-conformada-la-comision-directiva-para-los-proximos-dos-anos\/#respond"]}]},{"@type":"WebPage","@id":"https:\/\/elregionalvm.com.ar\/noticias-villa-maria\/consejo-cordoba-pyme-quedo-conformada-la-comision-directiva-para-los-proximos-dos-anos\/","url":"https:\/\/elregionalvm.com.ar\/noticias-villa-maria\/consejo-cordoba-pyme-quedo-conformada-la-comision-directiva-para-los-proximos-dos-anos\/","name":"Consejo C\u00f3rdoba PyME: qued\u00f3 conformada la Comisi\u00f3n Directiva para los pr\u00f3ximos dos a\u00f1os - El Regional","isPartOf":{"@id":"http:\/\/elregionalvm.com.ar\/noticias-villa-maria\/#website"},"primaryImageOfPage":{"@id":"https:\/\/elregionalvm.com.ar\/noticias-villa-maria\/consejo-cordoba-pyme-quedo-conformada-la-comision-directiva-para-los-proximos-dos-anos\/#primaryimage"},"image":{"@id":"https:\/\/elregionalvm.com.ar\/noticias-villa-maria\/consejo-cordoba-pyme-quedo-conformada-la-comision-directiva-para-los-proximos-dos-anos\/#primaryimage"},"thumbnailUrl":"https:\/\/i0.wp.com\/elregionalvm.com.ar\/noticias-villa-maria\/wp-content\/uploads\/2023\/12\/WhatsApp-Image-2023-12-05-at-19.20.53.jpeg?fit=1600%2C499&ssl=1","datePublished":"2023-12-05T23:11:01+00:00","dateModified":"2023-12-05T23:11:02+00:00","author":{"@id":"http:\/\/elregionalvm.com.ar\/noticias-villa-maria\/#\/schema\/person\/a0fb9c422317faca23d50163151bc354"},"breadcrumb":{"@id":"https:\/\/elregionalvm.com.ar\/noticias-villa-maria\/consejo-cordoba-pyme-quedo-conformada-la-comision-directiva-para-los-proximos-dos-anos\/#breadcrumb"},"inLanguage":"es","potentialAction":[{"@type":"ReadAction","target":["https:\/\/elregionalvm.com.ar\/noticias-villa-maria\/consejo-cordoba-pyme-quedo-conformada-la-comision-directiva-para-los-proximos-dos-anos\/"]}]},{"@type":"ImageObject","inLanguage":"es","@id":"https:\/\/elregionalvm.com.ar\/noticias-villa-maria\/consejo-cordoba-pyme-quedo-conformada-la-comision-directiva-para-los-proximos-dos-anos\/#primaryimage","url":"https:\/\/i0.wp.com\/elregionalvm.com.ar\/noticias-villa-maria\/wp-content\/uploads\/2023\/12\/WhatsApp-Image-2023-12-05-at-19.20.53.jpeg?fit=1600%2C499&ssl=1","contentUrl":"https:\/\/i0.wp.com\/elregionalvm.com.ar\/noticias-villa-maria\/wp-content\/uploads\/2023\/12\/WhatsApp-Image-2023-12-05-at-19.20.53.jpeg?fit=1600%2C499&ssl=1","width":1600,"height":499},{"@type":"BreadcrumbList","@id":"https:\/\/elregionalvm.com.ar\/noticias-villa-maria\/consejo-cordoba-pyme-quedo-conformada-la-comision-directiva-para-los-proximos-dos-anos\/#breadcrumb","itemListElement":[{"@type":"ListItem","position":1,"name":"Portada","item":"https:\/\/elregionalvm.com.ar\/noticias-villa-maria\/"},{"@type":"ListItem","position":2,"name":"Consejo C\u00f3rdoba PyME: qued\u00f3 conformada la Comisi\u00f3n Directiva para los pr\u00f3ximos dos a\u00f1os"}]},{"@type":"WebSite","@id":"http:\/\/elregionalvm.com.ar\/noticias-villa-maria\/#website","url":"http:\/\/elregionalvm.com.ar\/noticias-villa-maria\/","name":"El Regional","description":"Mucho m\u00e1s que informaci\u00f3n","potentialAction":[{"@type":"SearchAction","target":{"@type":"EntryPoint","urlTemplate":"http:\/\/elregionalvm.com.ar\/noticias-villa-maria\/?s={search_term_string}"},"query-input":{"@type":"PropertyValueSpecification","valueRequired":true,"valueName":"search_term_string"}}],"inLanguage":"es"},{"@type":"Person","@id":"http:\/\/elregionalvm.com.ar\/noticias-villa-maria\/#\/schema\/person\/a0fb9c422317faca23d50163151bc354","name":"Contenidos El Regional","image":{"@type":"ImageObject","inLanguage":"es","@id":"http:\/\/elregionalvm.com.ar\/noticias-villa-maria\/#\/schema\/person\/image\/","url":"https:\/\/secure.gravatar.com\/avatar\/265b27cb2209af7bb3a1318f03305787d7981a5cc6e6cd08fe5a4ecdf99d4b48?s=96&d=mm&r=g","contentUrl":"https:\/\/secure.gravatar.com\/avatar\/265b27cb2209af7bb3a1318f03305787d7981a5cc6e6cd08fe5a4ecdf99d4b48?s=96&d=mm&r=g","caption":"Contenidos El Regional"},"url":"https:\/\/elregionalvm.com.ar\/noticias-villa-maria\/author\/contenido\/"}]}},"jetpack_featured_media_url":"https:\/\/i0.wp.com\/elregionalvm.com.ar\/noticias-villa-maria\/wp-content\/uploads\/2023\/12\/WhatsApp-Image-2023-12-05-at-19.20.53.jpeg?fit=1600%2C499&ssl=1","jetpack_sharing_enabled":true,"_links":{"self":[{"href":"https:\/\/elregionalvm.com.ar\/noticias-villa-maria\/wp-json\/wp\/v2\/posts\/86747","targetHints":{"allow":["GET"]}}],"collection":[{"href":"https:\/\/elregionalvm.com.ar\/noticias-villa-maria\/wp-json\/wp\/v2\/posts"}],"about":[{"href":"https:\/\/elregionalvm.com.ar\/noticias-villa-maria\/wp-json\/wp\/v2\/types\/post"}],"author":[{"embeddable":true,"href":"https:\/\/elregionalvm.com.ar\/noticias-villa-maria\/wp-json\/wp\/v2\/users\/4"}],"replies":[{"embeddable":true,"href":"https:\/\/elregionalvm.com.ar\/noticias-villa-maria\/wp-json\/wp\/v2\/comments?post=86747"}],"version-history":[{"count":1,"href":"https:\/\/elregionalvm.com.ar\/noticias-villa-maria\/wp-json\/wp\/v2\/posts\/86747\/revisions"}],"predecessor-version":[{"id":86749,"href":"https:\/\/elregionalvm.com.ar\/noticias-villa-maria\/wp-json\/wp\/v2\/posts\/86747\/revisions\/86749"}],"wp:featuredmedia":[{"embeddable":true,"href":"https:\/\/elregionalvm.com.ar\/noticias-villa-maria\/wp-json\/wp\/v2\/media\/86748"}],"wp:attachment":[{"href":"https:\/\/elregionalvm.com.ar\/noticias-villa-maria\/wp-json\/wp\/v2\/media?parent=86747"}],"wp:term":[{"taxonomy":"category","embeddable":true,"href":"https:\/\/elregionalvm.com.ar\/noticias-villa-maria\/wp-json\/wp\/v2\/categories?post=86747"},{"taxonomy":"post_tag","embeddable":true,"href":"https:\/\/elregionalvm.com.ar\/noticias-villa-maria\/wp-json\/wp\/v2\/tags?post=86747"}],"curies":[{"name":"wp","href":"https:\/\/api.w.org\/{rel}","templated":true}]}}