{"id":86750,"date":"2023-12-05T23:13:31","date_gmt":"2023-12-05T23:13:31","guid":{"rendered":"https:\/\/elregionalvm.com.ar\/noticias-villa-maria\/?p=86750"},"modified":"2023-12-05T23:13:32","modified_gmt":"2023-12-05T23:13:32","slug":"bomberos-recibio-una-donacion-de-mas-de-tres-millones-de-pesos","status":"publish","type":"post","link":"https:\/\/elregionalvm.com.ar\/noticias-villa-maria\/bomberos-recibio-una-donacion-de-mas-de-tres-millones-de-pesos\/","title":{"rendered":"Bomberos recibi\u00f3 una donaci\u00f3n de m\u00e1s de tres millones de pesos"},"content":{"rendered":"\n<p>El intendente Mart\u00edn Gill, acompa\u00f1ado por el secretario de Gobierno, Asuntos Legales y Seguridad Ciudadana, Eduardo Rodr\u00edguez, efectu\u00f3 hoy la entrega de 3.077.325 pesos al Cuerpo de Bomberos Voluntarios de Villa Mar\u00eda, a trav\u00e9s de su jefe, Gustavo Nicola. <\/p>\n\n\n\n<p>La donaci\u00f3n, efectuada por el Ministerio de Seguridad de la Naci\u00f3n, fue realizada luego de que el municipio escogiera a la instituci\u00f3n como beneficiaria del 10 por ciento del monto total resultante de la compactaci\u00f3n de veh\u00edculos.<\/p>\n\n\n\n<p>El municipio forma parte del Programa Nacional de Descontaminaci\u00f3n, Compactaci\u00f3n y Disposici\u00f3n Final (PRO.DE.CO), mediante la r\u00fabrica de un convenio de colaboraci\u00f3n con la cartera de Seguridad nacional, a trav\u00e9s del cual esa cartera absorbe los gastos de la verificaci\u00f3n y compactaci\u00f3n de los veh\u00edculos que luego son vendidos como chatarra, a la vez que entrega al municipio un porcentaje del total obtenido para ser otorgado a una entidad o instituci\u00f3n local.<\/p>\n\n\n\n<p>Es as\u00ed que, por convenio, la eliminaci\u00f3n de los veh\u00edculos en desuso no implica erogaciones para el Gobierno local, pero tampoco significa ingresos; el beneficio radica en la liberaci\u00f3n y recuperaci\u00f3n del espacio de almacenamiento, para dar cumplimiento a la ordenanza por la cual se deben retirar los autos y motos que no cumplen con las normas vigentes.<\/p>\n\n\n\n<p>Por lo tanto, la empresa designada para realizar la compactaci\u00f3n de las motocicletas fue JIT S.A., a la cual se le proporcion\u00f3 un listado de los veh\u00edculos aptos para la destrucci\u00f3n, aprobado por el Ministerio, lo que permiti\u00f3 proceder con el aplastamiento de m\u00e1s de 3.000 unidades. <\/p>\n\n\n\n<p>Cabe destacar que la implementaci\u00f3n de PRO.DE.CO se lleva a cabo con el objetivo de considerar el impacto ambiental generado por los dep\u00f3sitos de veh\u00edculos gestionados por la municipalidad, espacios que requieren la compactaci\u00f3n peri\u00f3dica de los rodados que, por diversas razones, no pueden volver a la circulaci\u00f3n.<\/p>\n","protected":false},"excerpt":{"rendered":"<p>El intendente Mart\u00edn Gill, acompa\u00f1ado por el secretario de Gobierno, Asuntos Legales y Seguridad Ciudadana, Eduardo Rodr\u00edguez, efectu\u00f3 hoy la entrega de 3.077.325 pesos al Cuerpo de Bomberos Voluntarios de Villa Mar\u00eda, a trav\u00e9s de su jefe, Gustavo Nicola. La donaci\u00f3n, efectuada por el Ministerio de Seguridad de la Naci\u00f3n, fue realizada luego de que [&hellip;]<\/p>\n","protected":false},"author":4,"featured_media":86751,"comment_status":"open","ping_status":"open","sticky":false,"template":"","format":"standard","meta":{"site-sidebar-layout":"default","site-content-layout":"","ast-site-content-layout":"default","site-content-style":"default","site-sidebar-style":"default","ast-global-header-display":"","ast-banner-title-visibility":"","ast-main-header-display":"","ast-hfb-above-header-display":"","ast-hfb-below-header-display":"","ast-hfb-mobile-header-display":"","site-post-title":"","ast-breadcrumbs-content":"","ast-featured-img":"","footer-sml-layout":"","ast-disable-related-posts":"","theme-transparent-header-meta":"","adv-header-id-meta":"","stick-header-meta":"","header-above-stick-meta":"","header-main-stick-meta":"","header-below-stick-meta":"","astra-migrate-meta-layouts":"set","ast-page-background-enabled":"default","ast-page-background-meta":{"desktop":{"background-color":"","background-image":"","background-repeat":"repeat","background-position":"center center","background-size":"auto","background-attachment":"scroll","background-type":"","background-media":"","overlay-type":"","overlay-color":"","overlay-opacity":"","overlay-gradient":""},"tablet":{"background-color":"","background-image":"","background-repeat":"repeat","background-position":"center center","background-size":"auto","background-attachment":"scroll","background-type":"","background-media":"","overlay-type":"","overlay-color":"","overlay-opacity":"","overlay-gradient":""},"mobile":{"background-color":"","background-image":"","background-repeat":"repeat","background-position":"center center","background-size":"auto","background-attachment":"scroll","background-type":"","background-media":"","overlay-type":"","overlay-color":"","overlay-opacity":"","overlay-gradient":""}},"ast-content-background-meta":{"desktop":{"background-color":"var(--ast-global-color-5)","background-image":"","background-repeat":"repeat","background-position":"center center","background-size":"auto","background-attachment":"scroll","background-type":"","background-media":"","overlay-type":"","overlay-color":"","overlay-opacity":"","overlay-gradient":""},"tablet":{"background-color":"var(--ast-global-color-5)","background-image":"","background-repeat":"repeat","background-position":"center center","background-size":"auto","background-attachment":"scroll","background-type":"","background-media":"","overlay-type":"","overlay-color":"","overlay-opacity":"","overlay-gradient":""},"mobile":{"background-color":"var(--ast-global-color-5)","background-image":"","background-repeat":"repeat","background-position":"center center","background-size":"auto","background-attachment":"scroll","background-type":"","background-media":"","overlay-type":"","overlay-color":"","overlay-opacity":"","overlay-gradient":""}},"_jetpack_memberships_contains_paid_content":false,"_joinchat":[],"footnotes":""},"categories":[15302,5,2],"tags":[],"class_list":["post-86750","post","type-post","status-publish","format-standard","has-post-thumbnail","hentry","category-destacado","category-sociedad","category-villa-maria"],"yoast_head":"<!-- This site is optimized with the Yoast SEO plugin v26.8 - https:\/\/yoast.com\/product\/yoast-seo-wordpress\/ -->\n<title>Bomberos recibi\u00f3 una donaci\u00f3n de m\u00e1s de tres millones de pesos - El Regional<\/title>\n<meta name=\"robots\" content=\"index, follow, max-snippet:-1, max-image-preview:large, max-video-preview:-1\" \/>\n<link rel=\"canonical\" href=\"https:\/\/elregionalvm.com.ar\/noticias-villa-maria\/bomberos-recibio-una-donacion-de-mas-de-tres-millones-de-pesos\/\" \/>\n<meta property=\"og:locale\" content=\"es_ES\" \/>\n<meta property=\"og:type\" content=\"article\" \/>\n<meta property=\"og:title\" content=\"Bomberos recibi\u00f3 una donaci\u00f3n de m\u00e1s de tres millones de pesos - El Regional\" \/>\n<meta property=\"og:description\" content=\"El intendente Mart\u00edn Gill, acompa\u00f1ado por el secretario de Gobierno, Asuntos Legales y Seguridad Ciudadana, Eduardo Rodr\u00edguez, efectu\u00f3 hoy la entrega de 3.077.325 pesos al Cuerpo de Bomberos Voluntarios de Villa Mar\u00eda, a trav\u00e9s de su jefe, Gustavo Nicola. La donaci\u00f3n, efectuada por el Ministerio de Seguridad de la Naci\u00f3n, fue realizada luego de que [&hellip;]\" \/>\n<meta property=\"og:url\" content=\"https:\/\/elregionalvm.com.ar\/noticias-villa-maria\/bomberos-recibio-una-donacion-de-mas-de-tres-millones-de-pesos\/\" \/>\n<meta property=\"og:site_name\" content=\"El Regional\" \/>\n<meta property=\"article:publisher\" content=\"https:\/\/www.facebook.com\/elregionalvm\" \/>\n<meta property=\"article:published_time\" content=\"2023-12-05T23:13:31+00:00\" \/>\n<meta property=\"article:modified_time\" content=\"2023-12-05T23:13:32+00:00\" \/>\n<meta property=\"og:image\" content=\"https:\/\/elregionalvm.com.ar\/noticias-villa-maria\/wp-content\/uploads\/2023\/12\/WhatsApp-Image-2023-12-05-at-12.06.02.jpeg\" \/>\n\t<meta property=\"og:image:width\" content=\"1600\" \/>\n\t<meta property=\"og:image:height\" content=\"1067\" \/>\n\t<meta property=\"og:image:type\" content=\"image\/jpeg\" \/>\n<meta name=\"author\" content=\"Contenidos El Regional\" \/>\n<meta name=\"twitter:card\" content=\"summary_large_image\" \/>\n<meta name=\"twitter:creator\" content=\"@elregionalvm1\" \/>\n<meta name=\"twitter:site\" content=\"@elregionalvm1\" \/>\n<meta name=\"twitter:label1\" content=\"Escrito por\" \/>\n\t<meta name=\"twitter:data1\" content=\"Contenidos El Regional\" \/>\n\t<meta name=\"twitter:label2\" content=\"Tiempo de lectura\" \/>\n\t<meta name=\"twitter:data2\" content=\"2 minutos\" \/>\n<script type=\"application\/ld+json\" class=\"yoast-schema-graph\">{\"@context\":\"https:\/\/schema.org\",\"@graph\":[{\"@type\":\"Article\",\"@id\":\"https:\/\/elregionalvm.com.ar\/noticias-villa-maria\/bomberos-recibio-una-donacion-de-mas-de-tres-millones-de-pesos\/#article\",\"isPartOf\":{\"@id\":\"https:\/\/elregionalvm.com.ar\/noticias-villa-maria\/bomberos-recibio-una-donacion-de-mas-de-tres-millones-de-pesos\/\"},\"author\":{\"name\":\"Contenidos El Regional\",\"@id\":\"http:\/\/elregionalvm.com.ar\/noticias-villa-maria\/#\/schema\/person\/a0fb9c422317faca23d50163151bc354\"},\"headline\":\"Bomberos recibi\u00f3 una donaci\u00f3n de m\u00e1s de tres millones de pesos\",\"datePublished\":\"2023-12-05T23:13:31+00:00\",\"dateModified\":\"2023-12-05T23:13:32+00:00\",\"mainEntityOfPage\":{\"@id\":\"https:\/\/elregionalvm.com.ar\/noticias-villa-maria\/bomberos-recibio-una-donacion-de-mas-de-tres-millones-de-pesos\/\"},\"wordCount\":350,\"commentCount\":0,\"image\":{\"@id\":\"https:\/\/elregionalvm.com.ar\/noticias-villa-maria\/bomberos-recibio-una-donacion-de-mas-de-tres-millones-de-pesos\/#primaryimage\"},\"thumbnailUrl\":\"https:\/\/i0.wp.com\/elregionalvm.com.ar\/noticias-villa-maria\/wp-content\/uploads\/2023\/12\/WhatsApp-Image-2023-12-05-at-12.06.02.jpeg?fit=1600%2C1067&ssl=1\",\"articleSection\":[\"destacado\",\"Sociedad\",\"Villa Mar\u00eda\"],\"inLanguage\":\"es\",\"potentialAction\":[{\"@type\":\"CommentAction\",\"name\":\"Comment\",\"target\":[\"https:\/\/elregionalvm.com.ar\/noticias-villa-maria\/bomberos-recibio-una-donacion-de-mas-de-tres-millones-de-pesos\/#respond\"]}]},{\"@type\":\"WebPage\",\"@id\":\"https:\/\/elregionalvm.com.ar\/noticias-villa-maria\/bomberos-recibio-una-donacion-de-mas-de-tres-millones-de-pesos\/\",\"url\":\"https:\/\/elregionalvm.com.ar\/noticias-villa-maria\/bomberos-recibio-una-donacion-de-mas-de-tres-millones-de-pesos\/\",\"name\":\"Bomberos recibi\u00f3 una donaci\u00f3n de m\u00e1s de tres millones de pesos - El Regional\",\"isPartOf\":{\"@id\":\"http:\/\/elregionalvm.com.ar\/noticias-villa-maria\/#website\"},\"primaryImageOfPage\":{\"@id\":\"https:\/\/elregionalvm.com.ar\/noticias-villa-maria\/bomberos-recibio-una-donacion-de-mas-de-tres-millones-de-pesos\/#primaryimage\"},\"image\":{\"@id\":\"https:\/\/elregionalvm.com.ar\/noticias-villa-maria\/bomberos-recibio-una-donacion-de-mas-de-tres-millones-de-pesos\/#primaryimage\"},\"thumbnailUrl\":\"https:\/\/i0.wp.com\/elregionalvm.com.ar\/noticias-villa-maria\/wp-content\/uploads\/2023\/12\/WhatsApp-Image-2023-12-05-at-12.06.02.jpeg?fit=1600%2C1067&ssl=1\",\"datePublished\":\"2023-12-05T23:13:31+00:00\",\"dateModified\":\"2023-12-05T23:13:32+00:00\",\"author\":{\"@id\":\"http:\/\/elregionalvm.com.ar\/noticias-villa-maria\/#\/schema\/person\/a0fb9c422317faca23d50163151bc354\"},\"breadcrumb\":{\"@id\":\"https:\/\/elregionalvm.com.ar\/noticias-villa-maria\/bomberos-recibio-una-donacion-de-mas-de-tres-millones-de-pesos\/#breadcrumb\"},\"inLanguage\":\"es\",\"potentialAction\":[{\"@type\":\"ReadAction\",\"target\":[\"https:\/\/elregionalvm.com.ar\/noticias-villa-maria\/bomberos-recibio-una-donacion-de-mas-de-tres-millones-de-pesos\/\"]}]},{\"@type\":\"ImageObject\",\"inLanguage\":\"es\",\"@id\":\"https:\/\/elregionalvm.com.ar\/noticias-villa-maria\/bomberos-recibio-una-donacion-de-mas-de-tres-millones-de-pesos\/#primaryimage\",\"url\":\"https:\/\/i0.wp.com\/elregionalvm.com.ar\/noticias-villa-maria\/wp-content\/uploads\/2023\/12\/WhatsApp-Image-2023-12-05-at-12.06.02.jpeg?fit=1600%2C1067&ssl=1\",\"contentUrl\":\"https:\/\/i0.wp.com\/elregionalvm.com.ar\/noticias-villa-maria\/wp-content\/uploads\/2023\/12\/WhatsApp-Image-2023-12-05-at-12.06.02.jpeg?fit=1600%2C1067&ssl=1\",\"width\":1600,\"height\":1067},{\"@type\":\"BreadcrumbList\",\"@id\":\"https:\/\/elregionalvm.com.ar\/noticias-villa-maria\/bomberos-recibio-una-donacion-de-mas-de-tres-millones-de-pesos\/#breadcrumb\",\"itemListElement\":[{\"@type\":\"ListItem\",\"position\":1,\"name\":\"Portada\",\"item\":\"https:\/\/elregionalvm.com.ar\/noticias-villa-maria\/\"},{\"@type\":\"ListItem\",\"position\":2,\"name\":\"Bomberos recibi\u00f3 una donaci\u00f3n de m\u00e1s de tres millones de pesos\"}]},{\"@type\":\"WebSite\",\"@id\":\"http:\/\/elregionalvm.com.ar\/noticias-villa-maria\/#website\",\"url\":\"http:\/\/elregionalvm.com.ar\/noticias-villa-maria\/\",\"name\":\"El Regional\",\"description\":\"Mucho m\u00e1s que informaci\u00f3n\",\"potentialAction\":[{\"@type\":\"SearchAction\",\"target\":{\"@type\":\"EntryPoint\",\"urlTemplate\":\"http:\/\/elregionalvm.com.ar\/noticias-villa-maria\/?s={search_term_string}\"},\"query-input\":{\"@type\":\"PropertyValueSpecification\",\"valueRequired\":true,\"valueName\":\"search_term_string\"}}],\"inLanguage\":\"es\"},{\"@type\":\"Person\",\"@id\":\"http:\/\/elregionalvm.com.ar\/noticias-villa-maria\/#\/schema\/person\/a0fb9c422317faca23d50163151bc354\",\"name\":\"Contenidos El Regional\",\"image\":{\"@type\":\"ImageObject\",\"inLanguage\":\"es\",\"@id\":\"http:\/\/elregionalvm.com.ar\/noticias-villa-maria\/#\/schema\/person\/image\/\",\"url\":\"https:\/\/secure.gravatar.com\/avatar\/265b27cb2209af7bb3a1318f03305787d7981a5cc6e6cd08fe5a4ecdf99d4b48?s=96&d=mm&r=g\",\"contentUrl\":\"https:\/\/secure.gravatar.com\/avatar\/265b27cb2209af7bb3a1318f03305787d7981a5cc6e6cd08fe5a4ecdf99d4b48?s=96&d=mm&r=g\",\"caption\":\"Contenidos El Regional\"},\"url\":\"https:\/\/elregionalvm.com.ar\/noticias-villa-maria\/author\/contenido\/\"}]}<\/script>\n<!-- \/ Yoast SEO plugin. -->","yoast_head_json":{"title":"Bomberos recibi\u00f3 una donaci\u00f3n de m\u00e1s de tres millones de pesos - El Regional","robots":{"index":"index","follow":"follow","max-snippet":"max-snippet:-1","max-image-preview":"max-image-preview:large","max-video-preview":"max-video-preview:-1"},"canonical":"https:\/\/elregionalvm.com.ar\/noticias-villa-maria\/bomberos-recibio-una-donacion-de-mas-de-tres-millones-de-pesos\/","og_locale":"es_ES","og_type":"article","og_title":"Bomberos recibi\u00f3 una donaci\u00f3n de m\u00e1s de tres millones de pesos - El Regional","og_description":"El intendente Mart\u00edn Gill, acompa\u00f1ado por el secretario de Gobierno, Asuntos Legales y Seguridad Ciudadana, Eduardo Rodr\u00edguez, efectu\u00f3 hoy la entrega de 3.077.325 pesos al Cuerpo de Bomberos Voluntarios de Villa Mar\u00eda, a trav\u00e9s de su jefe, Gustavo Nicola. La donaci\u00f3n, efectuada por el Ministerio de Seguridad de la Naci\u00f3n, fue realizada luego de que [&hellip;]","og_url":"https:\/\/elregionalvm.com.ar\/noticias-villa-maria\/bomberos-recibio-una-donacion-de-mas-de-tres-millones-de-pesos\/","og_site_name":"El Regional","article_publisher":"https:\/\/www.facebook.com\/elregionalvm","article_published_time":"2023-12-05T23:13:31+00:00","article_modified_time":"2023-12-05T23:13:32+00:00","og_image":[{"width":1600,"height":1067,"url":"https:\/\/elregionalvm.com.ar\/noticias-villa-maria\/wp-content\/uploads\/2023\/12\/WhatsApp-Image-2023-12-05-at-12.06.02.jpeg","type":"image\/jpeg"}],"author":"Contenidos El Regional","twitter_card":"summary_large_image","twitter_creator":"@elregionalvm1","twitter_site":"@elregionalvm1","twitter_misc":{"Escrito por":"Contenidos El Regional","Tiempo de lectura":"2 minutos"},"schema":{"@context":"https:\/\/schema.org","@graph":[{"@type":"Article","@id":"https:\/\/elregionalvm.com.ar\/noticias-villa-maria\/bomberos-recibio-una-donacion-de-mas-de-tres-millones-de-pesos\/#article","isPartOf":{"@id":"https:\/\/elregionalvm.com.ar\/noticias-villa-maria\/bomberos-recibio-una-donacion-de-mas-de-tres-millones-de-pesos\/"},"author":{"name":"Contenidos El Regional","@id":"http:\/\/elregionalvm.com.ar\/noticias-villa-maria\/#\/schema\/person\/a0fb9c422317faca23d50163151bc354"},"headline":"Bomberos recibi\u00f3 una donaci\u00f3n de m\u00e1s de tres millones de pesos","datePublished":"2023-12-05T23:13:31+00:00","dateModified":"2023-12-05T23:13:32+00:00","mainEntityOfPage":{"@id":"https:\/\/elregionalvm.com.ar\/noticias-villa-maria\/bomberos-recibio-una-donacion-de-mas-de-tres-millones-de-pesos\/"},"wordCount":350,"commentCount":0,"image":{"@id":"https:\/\/elregionalvm.com.ar\/noticias-villa-maria\/bomberos-recibio-una-donacion-de-mas-de-tres-millones-de-pesos\/#primaryimage"},"thumbnailUrl":"https:\/\/i0.wp.com\/elregionalvm.com.ar\/noticias-villa-maria\/wp-content\/uploads\/2023\/12\/WhatsApp-Image-2023-12-05-at-12.06.02.jpeg?fit=1600%2C1067&ssl=1","articleSection":["destacado","Sociedad","Villa Mar\u00eda"],"inLanguage":"es","potentialAction":[{"@type":"CommentAction","name":"Comment","target":["https:\/\/elregionalvm.com.ar\/noticias-villa-maria\/bomberos-recibio-una-donacion-de-mas-de-tres-millones-de-pesos\/#respond"]}]},{"@type":"WebPage","@id":"https:\/\/elregionalvm.com.ar\/noticias-villa-maria\/bomberos-recibio-una-donacion-de-mas-de-tres-millones-de-pesos\/","url":"https:\/\/elregionalvm.com.ar\/noticias-villa-maria\/bomberos-recibio-una-donacion-de-mas-de-tres-millones-de-pesos\/","name":"Bomberos recibi\u00f3 una donaci\u00f3n de m\u00e1s de tres millones de pesos - El Regional","isPartOf":{"@id":"http:\/\/elregionalvm.com.ar\/noticias-villa-maria\/#website"},"primaryImageOfPage":{"@id":"https:\/\/elregionalvm.com.ar\/noticias-villa-maria\/bomberos-recibio-una-donacion-de-mas-de-tres-millones-de-pesos\/#primaryimage"},"image":{"@id":"https:\/\/elregionalvm.com.ar\/noticias-villa-maria\/bomberos-recibio-una-donacion-de-mas-de-tres-millones-de-pesos\/#primaryimage"},"thumbnailUrl":"https:\/\/i0.wp.com\/elregionalvm.com.ar\/noticias-villa-maria\/wp-content\/uploads\/2023\/12\/WhatsApp-Image-2023-12-05-at-12.06.02.jpeg?fit=1600%2C1067&ssl=1","datePublished":"2023-12-05T23:13:31+00:00","dateModified":"2023-12-05T23:13:32+00:00","author":{"@id":"http:\/\/elregionalvm.com.ar\/noticias-villa-maria\/#\/schema\/person\/a0fb9c422317faca23d50163151bc354"},"breadcrumb":{"@id":"https:\/\/elregionalvm.com.ar\/noticias-villa-maria\/bomberos-recibio-una-donacion-de-mas-de-tres-millones-de-pesos\/#breadcrumb"},"inLanguage":"es","potentialAction":[{"@type":"ReadAction","target":["https:\/\/elregionalvm.com.ar\/noticias-villa-maria\/bomberos-recibio-una-donacion-de-mas-de-tres-millones-de-pesos\/"]}]},{"@type":"ImageObject","inLanguage":"es","@id":"https:\/\/elregionalvm.com.ar\/noticias-villa-maria\/bomberos-recibio-una-donacion-de-mas-de-tres-millones-de-pesos\/#primaryimage","url":"https:\/\/i0.wp.com\/elregionalvm.com.ar\/noticias-villa-maria\/wp-content\/uploads\/2023\/12\/WhatsApp-Image-2023-12-05-at-12.06.02.jpeg?fit=1600%2C1067&ssl=1","contentUrl":"https:\/\/i0.wp.com\/elregionalvm.com.ar\/noticias-villa-maria\/wp-content\/uploads\/2023\/12\/WhatsApp-Image-2023-12-05-at-12.06.02.jpeg?fit=1600%2C1067&ssl=1","width":1600,"height":1067},{"@type":"BreadcrumbList","@id":"https:\/\/elregionalvm.com.ar\/noticias-villa-maria\/bomberos-recibio-una-donacion-de-mas-de-tres-millones-de-pesos\/#breadcrumb","itemListElement":[{"@type":"ListItem","position":1,"name":"Portada","item":"https:\/\/elregionalvm.com.ar\/noticias-villa-maria\/"},{"@type":"ListItem","position":2,"name":"Bomberos recibi\u00f3 una donaci\u00f3n de m\u00e1s de tres millones de pesos"}]},{"@type":"WebSite","@id":"http:\/\/elregionalvm.com.ar\/noticias-villa-maria\/#website","url":"http:\/\/elregionalvm.com.ar\/noticias-villa-maria\/","name":"El Regional","description":"Mucho m\u00e1s que informaci\u00f3n","potentialAction":[{"@type":"SearchAction","target":{"@type":"EntryPoint","urlTemplate":"http:\/\/elregionalvm.com.ar\/noticias-villa-maria\/?s={search_term_string}"},"query-input":{"@type":"PropertyValueSpecification","valueRequired":true,"valueName":"search_term_string"}}],"inLanguage":"es"},{"@type":"Person","@id":"http:\/\/elregionalvm.com.ar\/noticias-villa-maria\/#\/schema\/person\/a0fb9c422317faca23d50163151bc354","name":"Contenidos El Regional","image":{"@type":"ImageObject","inLanguage":"es","@id":"http:\/\/elregionalvm.com.ar\/noticias-villa-maria\/#\/schema\/person\/image\/","url":"https:\/\/secure.gravatar.com\/avatar\/265b27cb2209af7bb3a1318f03305787d7981a5cc6e6cd08fe5a4ecdf99d4b48?s=96&d=mm&r=g","contentUrl":"https:\/\/secure.gravatar.com\/avatar\/265b27cb2209af7bb3a1318f03305787d7981a5cc6e6cd08fe5a4ecdf99d4b48?s=96&d=mm&r=g","caption":"Contenidos El Regional"},"url":"https:\/\/elregionalvm.com.ar\/noticias-villa-maria\/author\/contenido\/"}]}},"jetpack_featured_media_url":"https:\/\/i0.wp.com\/elregionalvm.com.ar\/noticias-villa-maria\/wp-content\/uploads\/2023\/12\/WhatsApp-Image-2023-12-05-at-12.06.02.jpeg?fit=1600%2C1067&ssl=1","jetpack_sharing_enabled":true,"_links":{"self":[{"href":"https:\/\/elregionalvm.com.ar\/noticias-villa-maria\/wp-json\/wp\/v2\/posts\/86750","targetHints":{"allow":["GET"]}}],"collection":[{"href":"https:\/\/elregionalvm.com.ar\/noticias-villa-maria\/wp-json\/wp\/v2\/posts"}],"about":[{"href":"https:\/\/elregionalvm.com.ar\/noticias-villa-maria\/wp-json\/wp\/v2\/types\/post"}],"author":[{"embeddable":true,"href":"https:\/\/elregionalvm.com.ar\/noticias-villa-maria\/wp-json\/wp\/v2\/users\/4"}],"replies":[{"embeddable":true,"href":"https:\/\/elregionalvm.com.ar\/noticias-villa-maria\/wp-json\/wp\/v2\/comments?post=86750"}],"version-history":[{"count":1,"href":"https:\/\/elregionalvm.com.ar\/noticias-villa-maria\/wp-json\/wp\/v2\/posts\/86750\/revisions"}],"predecessor-version":[{"id":86752,"href":"https:\/\/elregionalvm.com.ar\/noticias-villa-maria\/wp-json\/wp\/v2\/posts\/86750\/revisions\/86752"}],"wp:featuredmedia":[{"embeddable":true,"href":"https:\/\/elregionalvm.com.ar\/noticias-villa-maria\/wp-json\/wp\/v2\/media\/86751"}],"wp:attachment":[{"href":"https:\/\/elregionalvm.com.ar\/noticias-villa-maria\/wp-json\/wp\/v2\/media?parent=86750"}],"wp:term":[{"taxonomy":"category","embeddable":true,"href":"https:\/\/elregionalvm.com.ar\/noticias-villa-maria\/wp-json\/wp\/v2\/categories?post=86750"},{"taxonomy":"post_tag","embeddable":true,"href":"https:\/\/elregionalvm.com.ar\/noticias-villa-maria\/wp-json\/wp\/v2\/tags?post=86750"}],"curies":[{"name":"wp","href":"https:\/\/api.w.org\/{rel}","templated":true}]}}