{"id":86757,"date":"2023-12-05T23:19:22","date_gmt":"2023-12-05T23:19:22","guid":{"rendered":"https:\/\/elregionalvm.com.ar\/noticias-villa-maria\/?p=86757"},"modified":"2023-12-05T23:19:24","modified_gmt":"2023-12-05T23:19:24","slug":"gill-superviso-la-obra-del-parque-lineal-sustentable-que-ya-avanza-sobre-bulevar-velez-sarsfield","status":"publish","type":"post","link":"https:\/\/elregionalvm.com.ar\/noticias-villa-maria\/gill-superviso-la-obra-del-parque-lineal-sustentable-que-ya-avanza-sobre-bulevar-velez-sarsfield\/","title":{"rendered":"Gill supervis\u00f3 la obra del Parque Lineal Sustentable que ya avanza sobre bulevar V\u00e9lez Sarsfield"},"content":{"rendered":"\n<p>A paso firme y cumpliendo con los tiempos previstos, avanza la refuncionalizaci\u00f3n de los cuatro bulevares en pos de convertir a estas principales arterias de la ciudad en un Parque Lineal Sustentable con caracter\u00edsticas que contemplan su \u00f3ptimo uso por parte de ciclistas y transe\u00fantes. El intendente Mart\u00edn Gill recorri\u00f3 la intervenci\u00f3n y supervis\u00f3 las labores que comienzan a ejecutarse en un tramo de bulevar V\u00e9lez Sarfield, entre bulevar Italia y calle Estados Unidos.<\/p>\n\n\n\n<p>Desde el lugar, el jefe comunal se\u00f1al\u00f3: \u00abComienza una nueva fase de la intervenci\u00f3n que permitir\u00e1, junto a los dem\u00e1s tramos del proyecto, jerarquizar las arterias y convertirlas en un paseo y lugar de permanencia para el disfrute de vecinos y vecinas\u00bb.<\/p>\n\n\n\n<figure class=\"wp-block-image size-large\"><img data-recalc-dims=\"1\" fetchpriority=\"high\" decoding=\"async\" width=\"1024\" height=\"682\" src=\"https:\/\/i0.wp.com\/elregionalvm.com.ar\/noticias-villa-maria\/wp-content\/uploads\/2023\/12\/WhatsApp-Image-2023-12-05-at-14.55.21.jpeg?resize=1024%2C682&#038;ssl=1\" alt=\"\" class=\"wp-image-86758\" srcset=\"https:\/\/i0.wp.com\/elregionalvm.com.ar\/noticias-villa-maria\/wp-content\/uploads\/2023\/12\/WhatsApp-Image-2023-12-05-at-14.55.21.jpeg?resize=1024%2C682&amp;ssl=1 1024w, https:\/\/i0.wp.com\/elregionalvm.com.ar\/noticias-villa-maria\/wp-content\/uploads\/2023\/12\/WhatsApp-Image-2023-12-05-at-14.55.21.jpeg?resize=300%2C200&amp;ssl=1 300w, https:\/\/i0.wp.com\/elregionalvm.com.ar\/noticias-villa-maria\/wp-content\/uploads\/2023\/12\/WhatsApp-Image-2023-12-05-at-14.55.21.jpeg?resize=768%2C512&amp;ssl=1 768w, https:\/\/i0.wp.com\/elregionalvm.com.ar\/noticias-villa-maria\/wp-content\/uploads\/2023\/12\/WhatsApp-Image-2023-12-05-at-14.55.21.jpeg?w=1280&amp;ssl=1 1280w\" sizes=\"(max-width: 1000px) 100vw, 1000px\" \/><\/figure>\n\n\n\n<p>En detalle, en el sector actualmente intervenido se avanza en la preparaci\u00f3n de las bases para dar lugar a la posterior creaci\u00f3n de bicisendas y caminer\u00eda. All\u00ed, el intendente dialog\u00f3 con los trabajadores a cargo de la obra y destac\u00f3 el buen ritmo de las labores de acuerdo de los plazos estipulados.<\/p>\n\n\n\n<p>Es oportuno mencionar que en simult\u00e1neo contin\u00faan las tareas sobre bulevar Italia, donde se trabaja en aspectos finales de la obra. En este orden, el proyecto prev\u00e9 continuar hacia la intervenci\u00f3n de bulevar Espa\u00f1a para luego replicarse en bulevar Sarmiento. Adem\u00e1s, se dar\u00e1 lugar a la construcci\u00f3n de una rotonda en la intersecci\u00f3n de los bulevares Italia y V\u00e9lez Sarsfield, la cual permitir\u00e1 reordenar el tr\u00e1nsito del sector y tornarlo m\u00e1s seguro. Otra infraestructura similar se erigir\u00e1 en la esquina de Alvear y Sarmiento.<\/p>\n\n\n\n<p>Es as\u00ed que una vez culminadas las tareas de construcci\u00f3n de infraestructura vial, se dar\u00e1 paso a la incorporaci\u00f3n de columnas de alumbrado p\u00fablico bajo tecnolog\u00eda led, en pos de un uso nocturno seguro por parte de vecinos y vecinas. Tambi\u00e9n, se contempla la distribuci\u00f3n de postas de salud, colocaci\u00f3n de mobiliario urbano y el incremento de la forestaci\u00f3n mediante la plantaci\u00f3n de m\u00e1s de 17 mil arbustos que contar\u00e1n con sistema de riego automatizado.<\/p>\n\n\n\n<p>Cabe recordar que la obra es llevada a cabo de acuerdo a los lineamientos y par\u00e1metros internacionales establecidos por la Corporaci\u00f3n Andina de Fomento (CAF), encargada de garantizar el financiamiento de la intervenci\u00f3n a trav\u00e9s del Banco Interamericano de Desarrollo Sostenible (BID) en convenio con el Ministerio de Obras P\u00fablicas de la Naci\u00f3n, lo cual no significa un compromiso econ\u00f3mico para la ciudad.<\/p>\n","protected":false},"excerpt":{"rendered":"<p>A paso firme y cumpliendo con los tiempos previstos, avanza la refuncionalizaci\u00f3n de los cuatro bulevares en pos de convertir a estas principales arterias de la ciudad en un Parque Lineal Sustentable con caracter\u00edsticas que contemplan su \u00f3ptimo uso por parte de ciclistas y transe\u00fantes. El intendente Mart\u00edn Gill recorri\u00f3 la intervenci\u00f3n y supervis\u00f3 las [&hellip;]<\/p>\n","protected":false},"author":4,"featured_media":86759,"comment_status":"open","ping_status":"open","sticky":false,"template":"","format":"standard","meta":{"site-sidebar-layout":"default","site-content-layout":"","ast-site-content-layout":"default","site-content-style":"default","site-sidebar-style":"default","ast-global-header-display":"","ast-banner-title-visibility":"","ast-main-header-display":"","ast-hfb-above-header-display":"","ast-hfb-below-header-display":"","ast-hfb-mobile-header-display":"","site-post-title":"","ast-breadcrumbs-content":"","ast-featured-img":"","footer-sml-layout":"","ast-disable-related-posts":"","theme-transparent-header-meta":"","adv-header-id-meta":"","stick-header-meta":"","header-above-stick-meta":"","header-main-stick-meta":"","header-below-stick-meta":"","astra-migrate-meta-layouts":"set","ast-page-background-enabled":"default","ast-page-background-meta":{"desktop":{"background-color":"","background-image":"","background-repeat":"repeat","background-position":"center center","background-size":"auto","background-attachment":"scroll","background-type":"","background-media":"","overlay-type":"","overlay-color":"","overlay-opacity":"","overlay-gradient":""},"tablet":{"background-color":"","background-image":"","background-repeat":"repeat","background-position":"center center","background-size":"auto","background-attachment":"scroll","background-type":"","background-media":"","overlay-type":"","overlay-color":"","overlay-opacity":"","overlay-gradient":""},"mobile":{"background-color":"","background-image":"","background-repeat":"repeat","background-position":"center center","background-size":"auto","background-attachment":"scroll","background-type":"","background-media":"","overlay-type":"","overlay-color":"","overlay-opacity":"","overlay-gradient":""}},"ast-content-background-meta":{"desktop":{"background-color":"var(--ast-global-color-5)","background-image":"","background-repeat":"repeat","background-position":"center center","background-size":"auto","background-attachment":"scroll","background-type":"","background-media":"","overlay-type":"","overlay-color":"","overlay-opacity":"","overlay-gradient":""},"tablet":{"background-color":"var(--ast-global-color-5)","background-image":"","background-repeat":"repeat","background-position":"center center","background-size":"auto","background-attachment":"scroll","background-type":"","background-media":"","overlay-type":"","overlay-color":"","overlay-opacity":"","overlay-gradient":""},"mobile":{"background-color":"var(--ast-global-color-5)","background-image":"","background-repeat":"repeat","background-position":"center center","background-size":"auto","background-attachment":"scroll","background-type":"","background-media":"","overlay-type":"","overlay-color":"","overlay-opacity":"","overlay-gradient":""}},"_jetpack_memberships_contains_paid_content":false,"_joinchat":[],"footnotes":""},"categories":[15302,5,2],"tags":[],"class_list":["post-86757","post","type-post","status-publish","format-standard","has-post-thumbnail","hentry","category-destacado","category-sociedad","category-villa-maria"],"yoast_head":"<!-- This site is optimized with the Yoast SEO plugin v26.8 - https:\/\/yoast.com\/product\/yoast-seo-wordpress\/ -->\n<title>Gill supervis\u00f3 la obra del Parque Lineal Sustentable que ya avanza sobre bulevar V\u00e9lez Sarsfield - El Regional<\/title>\n<meta name=\"robots\" content=\"index, follow, max-snippet:-1, max-image-preview:large, max-video-preview:-1\" \/>\n<link rel=\"canonical\" href=\"https:\/\/elregionalvm.com.ar\/noticias-villa-maria\/gill-superviso-la-obra-del-parque-lineal-sustentable-que-ya-avanza-sobre-bulevar-velez-sarsfield\/\" \/>\n<meta property=\"og:locale\" content=\"es_ES\" \/>\n<meta property=\"og:type\" content=\"article\" \/>\n<meta property=\"og:title\" content=\"Gill supervis\u00f3 la obra del Parque Lineal Sustentable que ya avanza sobre bulevar V\u00e9lez Sarsfield - El Regional\" \/>\n<meta property=\"og:description\" content=\"A paso firme y cumpliendo con los tiempos previstos, avanza la refuncionalizaci\u00f3n de los cuatro bulevares en pos de convertir a estas principales arterias de la ciudad en un Parque Lineal Sustentable con caracter\u00edsticas que contemplan su \u00f3ptimo uso por parte de ciclistas y transe\u00fantes. El intendente Mart\u00edn Gill recorri\u00f3 la intervenci\u00f3n y supervis\u00f3 las [&hellip;]\" \/>\n<meta property=\"og:url\" content=\"https:\/\/elregionalvm.com.ar\/noticias-villa-maria\/gill-superviso-la-obra-del-parque-lineal-sustentable-que-ya-avanza-sobre-bulevar-velez-sarsfield\/\" \/>\n<meta property=\"og:site_name\" content=\"El Regional\" \/>\n<meta property=\"article:publisher\" content=\"https:\/\/www.facebook.com\/elregionalvm\" \/>\n<meta property=\"article:published_time\" content=\"2023-12-05T23:19:22+00:00\" \/>\n<meta property=\"article:modified_time\" content=\"2023-12-05T23:19:24+00:00\" \/>\n<meta property=\"og:image\" content=\"https:\/\/elregionalvm.com.ar\/noticias-villa-maria\/wp-content\/uploads\/2023\/12\/WhatsApp-Image-2023-12-05-at-14.55.22.jpeg\" \/>\n\t<meta property=\"og:image:width\" content=\"1280\" \/>\n\t<meta property=\"og:image:height\" content=\"853\" \/>\n\t<meta property=\"og:image:type\" content=\"image\/jpeg\" \/>\n<meta name=\"author\" content=\"Contenidos El Regional\" \/>\n<meta name=\"twitter:card\" content=\"summary_large_image\" \/>\n<meta name=\"twitter:creator\" content=\"@elregionalvm1\" \/>\n<meta name=\"twitter:site\" content=\"@elregionalvm1\" \/>\n<meta name=\"twitter:label1\" content=\"Escrito por\" \/>\n\t<meta name=\"twitter:data1\" content=\"Contenidos El Regional\" \/>\n\t<meta name=\"twitter:label2\" content=\"Tiempo de lectura\" \/>\n\t<meta name=\"twitter:data2\" content=\"2 minutos\" \/>\n<script type=\"application\/ld+json\" class=\"yoast-schema-graph\">{\"@context\":\"https:\/\/schema.org\",\"@graph\":[{\"@type\":\"Article\",\"@id\":\"https:\/\/elregionalvm.com.ar\/noticias-villa-maria\/gill-superviso-la-obra-del-parque-lineal-sustentable-que-ya-avanza-sobre-bulevar-velez-sarsfield\/#article\",\"isPartOf\":{\"@id\":\"https:\/\/elregionalvm.com.ar\/noticias-villa-maria\/gill-superviso-la-obra-del-parque-lineal-sustentable-que-ya-avanza-sobre-bulevar-velez-sarsfield\/\"},\"author\":{\"name\":\"Contenidos El Regional\",\"@id\":\"http:\/\/elregionalvm.com.ar\/noticias-villa-maria\/#\/schema\/person\/a0fb9c422317faca23d50163151bc354\"},\"headline\":\"Gill supervis\u00f3 la obra del Parque Lineal Sustentable que ya avanza sobre bulevar V\u00e9lez Sarsfield\",\"datePublished\":\"2023-12-05T23:19:22+00:00\",\"dateModified\":\"2023-12-05T23:19:24+00:00\",\"mainEntityOfPage\":{\"@id\":\"https:\/\/elregionalvm.com.ar\/noticias-villa-maria\/gill-superviso-la-obra-del-parque-lineal-sustentable-que-ya-avanza-sobre-bulevar-velez-sarsfield\/\"},\"wordCount\":445,\"commentCount\":0,\"image\":{\"@id\":\"https:\/\/elregionalvm.com.ar\/noticias-villa-maria\/gill-superviso-la-obra-del-parque-lineal-sustentable-que-ya-avanza-sobre-bulevar-velez-sarsfield\/#primaryimage\"},\"thumbnailUrl\":\"https:\/\/i0.wp.com\/elregionalvm.com.ar\/noticias-villa-maria\/wp-content\/uploads\/2023\/12\/WhatsApp-Image-2023-12-05-at-14.55.22.jpeg?fit=1280%2C853&ssl=1\",\"articleSection\":[\"destacado\",\"Sociedad\",\"Villa Mar\u00eda\"],\"inLanguage\":\"es\",\"potentialAction\":[{\"@type\":\"CommentAction\",\"name\":\"Comment\",\"target\":[\"https:\/\/elregionalvm.com.ar\/noticias-villa-maria\/gill-superviso-la-obra-del-parque-lineal-sustentable-que-ya-avanza-sobre-bulevar-velez-sarsfield\/#respond\"]}]},{\"@type\":\"WebPage\",\"@id\":\"https:\/\/elregionalvm.com.ar\/noticias-villa-maria\/gill-superviso-la-obra-del-parque-lineal-sustentable-que-ya-avanza-sobre-bulevar-velez-sarsfield\/\",\"url\":\"https:\/\/elregionalvm.com.ar\/noticias-villa-maria\/gill-superviso-la-obra-del-parque-lineal-sustentable-que-ya-avanza-sobre-bulevar-velez-sarsfield\/\",\"name\":\"Gill supervis\u00f3 la obra del Parque Lineal Sustentable que ya avanza sobre bulevar V\u00e9lez Sarsfield - El Regional\",\"isPartOf\":{\"@id\":\"http:\/\/elregionalvm.com.ar\/noticias-villa-maria\/#website\"},\"primaryImageOfPage\":{\"@id\":\"https:\/\/elregionalvm.com.ar\/noticias-villa-maria\/gill-superviso-la-obra-del-parque-lineal-sustentable-que-ya-avanza-sobre-bulevar-velez-sarsfield\/#primaryimage\"},\"image\":{\"@id\":\"https:\/\/elregionalvm.com.ar\/noticias-villa-maria\/gill-superviso-la-obra-del-parque-lineal-sustentable-que-ya-avanza-sobre-bulevar-velez-sarsfield\/#primaryimage\"},\"thumbnailUrl\":\"https:\/\/i0.wp.com\/elregionalvm.com.ar\/noticias-villa-maria\/wp-content\/uploads\/2023\/12\/WhatsApp-Image-2023-12-05-at-14.55.22.jpeg?fit=1280%2C853&ssl=1\",\"datePublished\":\"2023-12-05T23:19:22+00:00\",\"dateModified\":\"2023-12-05T23:19:24+00:00\",\"author\":{\"@id\":\"http:\/\/elregionalvm.com.ar\/noticias-villa-maria\/#\/schema\/person\/a0fb9c422317faca23d50163151bc354\"},\"breadcrumb\":{\"@id\":\"https:\/\/elregionalvm.com.ar\/noticias-villa-maria\/gill-superviso-la-obra-del-parque-lineal-sustentable-que-ya-avanza-sobre-bulevar-velez-sarsfield\/#breadcrumb\"},\"inLanguage\":\"es\",\"potentialAction\":[{\"@type\":\"ReadAction\",\"target\":[\"https:\/\/elregionalvm.com.ar\/noticias-villa-maria\/gill-superviso-la-obra-del-parque-lineal-sustentable-que-ya-avanza-sobre-bulevar-velez-sarsfield\/\"]}]},{\"@type\":\"ImageObject\",\"inLanguage\":\"es\",\"@id\":\"https:\/\/elregionalvm.com.ar\/noticias-villa-maria\/gill-superviso-la-obra-del-parque-lineal-sustentable-que-ya-avanza-sobre-bulevar-velez-sarsfield\/#primaryimage\",\"url\":\"https:\/\/i0.wp.com\/elregionalvm.com.ar\/noticias-villa-maria\/wp-content\/uploads\/2023\/12\/WhatsApp-Image-2023-12-05-at-14.55.22.jpeg?fit=1280%2C853&ssl=1\",\"contentUrl\":\"https:\/\/i0.wp.com\/elregionalvm.com.ar\/noticias-villa-maria\/wp-content\/uploads\/2023\/12\/WhatsApp-Image-2023-12-05-at-14.55.22.jpeg?fit=1280%2C853&ssl=1\",\"width\":1280,\"height\":853},{\"@type\":\"BreadcrumbList\",\"@id\":\"https:\/\/elregionalvm.com.ar\/noticias-villa-maria\/gill-superviso-la-obra-del-parque-lineal-sustentable-que-ya-avanza-sobre-bulevar-velez-sarsfield\/#breadcrumb\",\"itemListElement\":[{\"@type\":\"ListItem\",\"position\":1,\"name\":\"Portada\",\"item\":\"https:\/\/elregionalvm.com.ar\/noticias-villa-maria\/\"},{\"@type\":\"ListItem\",\"position\":2,\"name\":\"Gill supervis\u00f3 la obra del Parque Lineal Sustentable que ya avanza sobre bulevar V\u00e9lez Sarsfield\"}]},{\"@type\":\"WebSite\",\"@id\":\"http:\/\/elregionalvm.com.ar\/noticias-villa-maria\/#website\",\"url\":\"http:\/\/elregionalvm.com.ar\/noticias-villa-maria\/\",\"name\":\"El Regional\",\"description\":\"Mucho m\u00e1s que informaci\u00f3n\",\"potentialAction\":[{\"@type\":\"SearchAction\",\"target\":{\"@type\":\"EntryPoint\",\"urlTemplate\":\"http:\/\/elregionalvm.com.ar\/noticias-villa-maria\/?s={search_term_string}\"},\"query-input\":{\"@type\":\"PropertyValueSpecification\",\"valueRequired\":true,\"valueName\":\"search_term_string\"}}],\"inLanguage\":\"es\"},{\"@type\":\"Person\",\"@id\":\"http:\/\/elregionalvm.com.ar\/noticias-villa-maria\/#\/schema\/person\/a0fb9c422317faca23d50163151bc354\",\"name\":\"Contenidos El Regional\",\"image\":{\"@type\":\"ImageObject\",\"inLanguage\":\"es\",\"@id\":\"http:\/\/elregionalvm.com.ar\/noticias-villa-maria\/#\/schema\/person\/image\/\",\"url\":\"https:\/\/secure.gravatar.com\/avatar\/265b27cb2209af7bb3a1318f03305787d7981a5cc6e6cd08fe5a4ecdf99d4b48?s=96&d=mm&r=g\",\"contentUrl\":\"https:\/\/secure.gravatar.com\/avatar\/265b27cb2209af7bb3a1318f03305787d7981a5cc6e6cd08fe5a4ecdf99d4b48?s=96&d=mm&r=g\",\"caption\":\"Contenidos El Regional\"},\"url\":\"https:\/\/elregionalvm.com.ar\/noticias-villa-maria\/author\/contenido\/\"}]}<\/script>\n<!-- \/ Yoast SEO plugin. -->","yoast_head_json":{"title":"Gill supervis\u00f3 la obra del Parque Lineal Sustentable que ya avanza sobre bulevar V\u00e9lez Sarsfield - El Regional","robots":{"index":"index","follow":"follow","max-snippet":"max-snippet:-1","max-image-preview":"max-image-preview:large","max-video-preview":"max-video-preview:-1"},"canonical":"https:\/\/elregionalvm.com.ar\/noticias-villa-maria\/gill-superviso-la-obra-del-parque-lineal-sustentable-que-ya-avanza-sobre-bulevar-velez-sarsfield\/","og_locale":"es_ES","og_type":"article","og_title":"Gill supervis\u00f3 la obra del Parque Lineal Sustentable que ya avanza sobre bulevar V\u00e9lez Sarsfield - El Regional","og_description":"A paso firme y cumpliendo con los tiempos previstos, avanza la refuncionalizaci\u00f3n de los cuatro bulevares en pos de convertir a estas principales arterias de la ciudad en un Parque Lineal Sustentable con caracter\u00edsticas que contemplan su \u00f3ptimo uso por parte de ciclistas y transe\u00fantes. El intendente Mart\u00edn Gill recorri\u00f3 la intervenci\u00f3n y supervis\u00f3 las [&hellip;]","og_url":"https:\/\/elregionalvm.com.ar\/noticias-villa-maria\/gill-superviso-la-obra-del-parque-lineal-sustentable-que-ya-avanza-sobre-bulevar-velez-sarsfield\/","og_site_name":"El Regional","article_publisher":"https:\/\/www.facebook.com\/elregionalvm","article_published_time":"2023-12-05T23:19:22+00:00","article_modified_time":"2023-12-05T23:19:24+00:00","og_image":[{"width":1280,"height":853,"url":"https:\/\/elregionalvm.com.ar\/noticias-villa-maria\/wp-content\/uploads\/2023\/12\/WhatsApp-Image-2023-12-05-at-14.55.22.jpeg","type":"image\/jpeg"}],"author":"Contenidos El Regional","twitter_card":"summary_large_image","twitter_creator":"@elregionalvm1","twitter_site":"@elregionalvm1","twitter_misc":{"Escrito por":"Contenidos El Regional","Tiempo de lectura":"2 minutos"},"schema":{"@context":"https:\/\/schema.org","@graph":[{"@type":"Article","@id":"https:\/\/elregionalvm.com.ar\/noticias-villa-maria\/gill-superviso-la-obra-del-parque-lineal-sustentable-que-ya-avanza-sobre-bulevar-velez-sarsfield\/#article","isPartOf":{"@id":"https:\/\/elregionalvm.com.ar\/noticias-villa-maria\/gill-superviso-la-obra-del-parque-lineal-sustentable-que-ya-avanza-sobre-bulevar-velez-sarsfield\/"},"author":{"name":"Contenidos El Regional","@id":"http:\/\/elregionalvm.com.ar\/noticias-villa-maria\/#\/schema\/person\/a0fb9c422317faca23d50163151bc354"},"headline":"Gill supervis\u00f3 la obra del Parque Lineal Sustentable que ya avanza sobre bulevar V\u00e9lez Sarsfield","datePublished":"2023-12-05T23:19:22+00:00","dateModified":"2023-12-05T23:19:24+00:00","mainEntityOfPage":{"@id":"https:\/\/elregionalvm.com.ar\/noticias-villa-maria\/gill-superviso-la-obra-del-parque-lineal-sustentable-que-ya-avanza-sobre-bulevar-velez-sarsfield\/"},"wordCount":445,"commentCount":0,"image":{"@id":"https:\/\/elregionalvm.com.ar\/noticias-villa-maria\/gill-superviso-la-obra-del-parque-lineal-sustentable-que-ya-avanza-sobre-bulevar-velez-sarsfield\/#primaryimage"},"thumbnailUrl":"https:\/\/i0.wp.com\/elregionalvm.com.ar\/noticias-villa-maria\/wp-content\/uploads\/2023\/12\/WhatsApp-Image-2023-12-05-at-14.55.22.jpeg?fit=1280%2C853&ssl=1","articleSection":["destacado","Sociedad","Villa Mar\u00eda"],"inLanguage":"es","potentialAction":[{"@type":"CommentAction","name":"Comment","target":["https:\/\/elregionalvm.com.ar\/noticias-villa-maria\/gill-superviso-la-obra-del-parque-lineal-sustentable-que-ya-avanza-sobre-bulevar-velez-sarsfield\/#respond"]}]},{"@type":"WebPage","@id":"https:\/\/elregionalvm.com.ar\/noticias-villa-maria\/gill-superviso-la-obra-del-parque-lineal-sustentable-que-ya-avanza-sobre-bulevar-velez-sarsfield\/","url":"https:\/\/elregionalvm.com.ar\/noticias-villa-maria\/gill-superviso-la-obra-del-parque-lineal-sustentable-que-ya-avanza-sobre-bulevar-velez-sarsfield\/","name":"Gill supervis\u00f3 la obra del Parque Lineal Sustentable que ya avanza sobre bulevar V\u00e9lez Sarsfield - El Regional","isPartOf":{"@id":"http:\/\/elregionalvm.com.ar\/noticias-villa-maria\/#website"},"primaryImageOfPage":{"@id":"https:\/\/elregionalvm.com.ar\/noticias-villa-maria\/gill-superviso-la-obra-del-parque-lineal-sustentable-que-ya-avanza-sobre-bulevar-velez-sarsfield\/#primaryimage"},"image":{"@id":"https:\/\/elregionalvm.com.ar\/noticias-villa-maria\/gill-superviso-la-obra-del-parque-lineal-sustentable-que-ya-avanza-sobre-bulevar-velez-sarsfield\/#primaryimage"},"thumbnailUrl":"https:\/\/i0.wp.com\/elregionalvm.com.ar\/noticias-villa-maria\/wp-content\/uploads\/2023\/12\/WhatsApp-Image-2023-12-05-at-14.55.22.jpeg?fit=1280%2C853&ssl=1","datePublished":"2023-12-05T23:19:22+00:00","dateModified":"2023-12-05T23:19:24+00:00","author":{"@id":"http:\/\/elregionalvm.com.ar\/noticias-villa-maria\/#\/schema\/person\/a0fb9c422317faca23d50163151bc354"},"breadcrumb":{"@id":"https:\/\/elregionalvm.com.ar\/noticias-villa-maria\/gill-superviso-la-obra-del-parque-lineal-sustentable-que-ya-avanza-sobre-bulevar-velez-sarsfield\/#breadcrumb"},"inLanguage":"es","potentialAction":[{"@type":"ReadAction","target":["https:\/\/elregionalvm.com.ar\/noticias-villa-maria\/gill-superviso-la-obra-del-parque-lineal-sustentable-que-ya-avanza-sobre-bulevar-velez-sarsfield\/"]}]},{"@type":"ImageObject","inLanguage":"es","@id":"https:\/\/elregionalvm.com.ar\/noticias-villa-maria\/gill-superviso-la-obra-del-parque-lineal-sustentable-que-ya-avanza-sobre-bulevar-velez-sarsfield\/#primaryimage","url":"https:\/\/i0.wp.com\/elregionalvm.com.ar\/noticias-villa-maria\/wp-content\/uploads\/2023\/12\/WhatsApp-Image-2023-12-05-at-14.55.22.jpeg?fit=1280%2C853&ssl=1","contentUrl":"https:\/\/i0.wp.com\/elregionalvm.com.ar\/noticias-villa-maria\/wp-content\/uploads\/2023\/12\/WhatsApp-Image-2023-12-05-at-14.55.22.jpeg?fit=1280%2C853&ssl=1","width":1280,"height":853},{"@type":"BreadcrumbList","@id":"https:\/\/elregionalvm.com.ar\/noticias-villa-maria\/gill-superviso-la-obra-del-parque-lineal-sustentable-que-ya-avanza-sobre-bulevar-velez-sarsfield\/#breadcrumb","itemListElement":[{"@type":"ListItem","position":1,"name":"Portada","item":"https:\/\/elregionalvm.com.ar\/noticias-villa-maria\/"},{"@type":"ListItem","position":2,"name":"Gill supervis\u00f3 la obra del Parque Lineal Sustentable que ya avanza sobre bulevar V\u00e9lez Sarsfield"}]},{"@type":"WebSite","@id":"http:\/\/elregionalvm.com.ar\/noticias-villa-maria\/#website","url":"http:\/\/elregionalvm.com.ar\/noticias-villa-maria\/","name":"El Regional","description":"Mucho m\u00e1s que informaci\u00f3n","potentialAction":[{"@type":"SearchAction","target":{"@type":"EntryPoint","urlTemplate":"http:\/\/elregionalvm.com.ar\/noticias-villa-maria\/?s={search_term_string}"},"query-input":{"@type":"PropertyValueSpecification","valueRequired":true,"valueName":"search_term_string"}}],"inLanguage":"es"},{"@type":"Person","@id":"http:\/\/elregionalvm.com.ar\/noticias-villa-maria\/#\/schema\/person\/a0fb9c422317faca23d50163151bc354","name":"Contenidos El Regional","image":{"@type":"ImageObject","inLanguage":"es","@id":"http:\/\/elregionalvm.com.ar\/noticias-villa-maria\/#\/schema\/person\/image\/","url":"https:\/\/secure.gravatar.com\/avatar\/265b27cb2209af7bb3a1318f03305787d7981a5cc6e6cd08fe5a4ecdf99d4b48?s=96&d=mm&r=g","contentUrl":"https:\/\/secure.gravatar.com\/avatar\/265b27cb2209af7bb3a1318f03305787d7981a5cc6e6cd08fe5a4ecdf99d4b48?s=96&d=mm&r=g","caption":"Contenidos El Regional"},"url":"https:\/\/elregionalvm.com.ar\/noticias-villa-maria\/author\/contenido\/"}]}},"jetpack_featured_media_url":"https:\/\/i0.wp.com\/elregionalvm.com.ar\/noticias-villa-maria\/wp-content\/uploads\/2023\/12\/WhatsApp-Image-2023-12-05-at-14.55.22.jpeg?fit=1280%2C853&ssl=1","jetpack_sharing_enabled":true,"_links":{"self":[{"href":"https:\/\/elregionalvm.com.ar\/noticias-villa-maria\/wp-json\/wp\/v2\/posts\/86757","targetHints":{"allow":["GET"]}}],"collection":[{"href":"https:\/\/elregionalvm.com.ar\/noticias-villa-maria\/wp-json\/wp\/v2\/posts"}],"about":[{"href":"https:\/\/elregionalvm.com.ar\/noticias-villa-maria\/wp-json\/wp\/v2\/types\/post"}],"author":[{"embeddable":true,"href":"https:\/\/elregionalvm.com.ar\/noticias-villa-maria\/wp-json\/wp\/v2\/users\/4"}],"replies":[{"embeddable":true,"href":"https:\/\/elregionalvm.com.ar\/noticias-villa-maria\/wp-json\/wp\/v2\/comments?post=86757"}],"version-history":[{"count":1,"href":"https:\/\/elregionalvm.com.ar\/noticias-villa-maria\/wp-json\/wp\/v2\/posts\/86757\/revisions"}],"predecessor-version":[{"id":86760,"href":"https:\/\/elregionalvm.com.ar\/noticias-villa-maria\/wp-json\/wp\/v2\/posts\/86757\/revisions\/86760"}],"wp:featuredmedia":[{"embeddable":true,"href":"https:\/\/elregionalvm.com.ar\/noticias-villa-maria\/wp-json\/wp\/v2\/media\/86759"}],"wp:attachment":[{"href":"https:\/\/elregionalvm.com.ar\/noticias-villa-maria\/wp-json\/wp\/v2\/media?parent=86757"}],"wp:term":[{"taxonomy":"category","embeddable":true,"href":"https:\/\/elregionalvm.com.ar\/noticias-villa-maria\/wp-json\/wp\/v2\/categories?post=86757"},{"taxonomy":"post_tag","embeddable":true,"href":"https:\/\/elregionalvm.com.ar\/noticias-villa-maria\/wp-json\/wp\/v2\/tags?post=86757"}],"curies":[{"name":"wp","href":"https:\/\/api.w.org\/{rel}","templated":true}]}}