{"id":86764,"date":"2023-12-05T23:33:07","date_gmt":"2023-12-05T23:33:07","guid":{"rendered":"https:\/\/elregionalvm.com.ar\/noticias-villa-maria\/?p=86764"},"modified":"2023-12-05T23:33:08","modified_gmt":"2023-12-05T23:33:08","slug":"mas-de-un-centenar-de-jovenes-y-adultos-lograron-concluir-el-secundario-en-el-programa-municipal","status":"publish","type":"post","link":"https:\/\/elregionalvm.com.ar\/noticias-villa-maria\/mas-de-un-centenar-de-jovenes-y-adultos-lograron-concluir-el-secundario-en-el-programa-municipal\/","title":{"rendered":"M\u00e1s de un centenar de j\u00f3venes y adultos lograron concluir el secundario en el programa municipal"},"content":{"rendered":"\n<p>En las \u00faltimas horas de la tarde, el Teatro Verdi se colm\u00f3 de emoci\u00f3n y alegr\u00eda cuando los 110 alumnos del Programa de Alfabetizaci\u00f3n y Educaci\u00f3n B\u00e1sica para J\u00f3venes y Adultos recibieron su certificado de finalizaci\u00f3n.<\/p>\n\n\n\n<p>El intendente Mart\u00edn Gill encabez\u00f3 la entrega de diplomas a los egresados tras concluir su formaci\u00f3n secundaria durante el corriente a\u00f1o lectivo. Al hacer uso de la palabra, expres\u00f3: \u201cHace ocho a\u00f1os nos propusimos que la educaci\u00f3n ocupe un papel central en las pol\u00edticas p\u00fablicas del municipio, nos propusimos hacer de Villa Mar\u00eda una ciudad de aprendizaje para toda la vida\u00bb, y seguidamente remarc\u00f3 que \u00abno hay elemento m\u00e1s fuerte en la vida de una persona para ser libre que garantizar la educaci\u00f3n\u00bb.<\/p>\n\n\n\n<figure class=\"wp-block-image size-large\"><img data-recalc-dims=\"1\" fetchpriority=\"high\" decoding=\"async\" width=\"1024\" height=\"682\" src=\"https:\/\/i0.wp.com\/elregionalvm.com.ar\/noticias-villa-maria\/wp-content\/uploads\/2023\/12\/WhatsApp-Image-2023-12-04-at-22.05.22.jpeg?resize=1024%2C682&#038;ssl=1\" alt=\"\" class=\"wp-image-86765\" srcset=\"https:\/\/i0.wp.com\/elregionalvm.com.ar\/noticias-villa-maria\/wp-content\/uploads\/2023\/12\/WhatsApp-Image-2023-12-04-at-22.05.22.jpeg?resize=1024%2C682&amp;ssl=1 1024w, https:\/\/i0.wp.com\/elregionalvm.com.ar\/noticias-villa-maria\/wp-content\/uploads\/2023\/12\/WhatsApp-Image-2023-12-04-at-22.05.22.jpeg?resize=300%2C200&amp;ssl=1 300w, https:\/\/i0.wp.com\/elregionalvm.com.ar\/noticias-villa-maria\/wp-content\/uploads\/2023\/12\/WhatsApp-Image-2023-12-04-at-22.05.22.jpeg?resize=768%2C512&amp;ssl=1 768w, https:\/\/i0.wp.com\/elregionalvm.com.ar\/noticias-villa-maria\/wp-content\/uploads\/2023\/12\/WhatsApp-Image-2023-12-04-at-22.05.22.jpeg?w=1280&amp;ssl=1 1280w\" sizes=\"(max-width: 1000px) 100vw, 1000px\" \/><\/figure>\n\n\n\n<p>\u00abNunca es tarde, siempre hay una oportunidad, y cuando la comunidad se organiza, cuando se dise\u00f1an herramientas, la voluntad de superaci\u00f3n siempre est\u00e1\u00bb, continu\u00f3 el jefe comunal. \u00abNo hay ninguna obra que podamos haber hecho, como la posibilidad de cambiarle la vida a una persona. Tenemos una ciudad llena de vecinos que no miran para atr\u00e1s, que se sobreponen a las adversidades, y este es un claro ejemplo\u00bb.<\/p>\n\n\n\n<p>En representaci\u00f3n de quienes hoy finalizaron sus estudios, la egresada del Centro de Tutor\u00eda emplazado en la Cooperativa de Trabajo 7 de Febrero Limitada, Marcela Dur\u00e1n, comparti\u00f3 sus sentires y experiencia en su paso por el programa: \u00abEstoy muy feliz por compartir este momento con familia y amigos, hoy cierro una etapa\u00bb, y record\u00f3 que \u00aben el a\u00f1o 1986 qued\u00e9 embarazada y dej\u00e9 la escuela, siempre intent\u00e9 volver y no pude, pero siempre tuve la convicci\u00f3n de que quer\u00eda terminar. Las convicciones no tienen edad, estamos a tiempo para alcanzar nuestros sue\u00f1os\u00bb.<\/p>\n\n\n\n<p>Cabe recordar que este fue el s\u00e9ptimo acto acad\u00e9mico desde la puesta en marcha del programa, alcanzando a la fecha un total de 800 egresados. Quienes finalizaron hoy la etapa formativa, recibieron el t\u00edtulo de Bachiller orientado en Gesti\u00f3n y Administraci\u00f3n, producto de la articulaci\u00f3n con el Instituto Nacional Superior del profesorado t\u00e9cnico de la Universidad Tecnol\u00f3gica Nacional (UTN).<\/p>\n\n\n\n<p>De esta manera, una nueva cohorte de egresados se suma a la extensa lista de estudiantes que lograron concretar sus estudios mediante la pol\u00edtica implementada por el Gobierno local, que tiene como principal objetivo posibilitar el acceso a la educaci\u00f3n en todas las edades para un \u00f3ptimo desenvolvimiento en la vida profesional y personal.<\/p>\n\n\n\n<p>Acompa\u00f1aron la legisladora provincial, Nora Bedano; secretarios del Departamento Ejecutivo Municipal; la subsecretaria de Educaci\u00f3n Inicial, Mariela Paj\u00f3n; el director de Educaci\u00f3n de J\u00f3venes y Adultos, Pablo Ghione; representantes de la Universidad Tecnol\u00f3gica Nacional Facultad Regional Villa Mar\u00eda y representantes del Ministerio de Educaci\u00f3n de la Provincia de C\u00f3rdoba.<\/p>\n\n\n\n<p>Tambi\u00e9n dijeron presente representantes del sector privado que fueron parte del programa con convenios celebrados oportunamente; instituciones intermedias, comerciales y de servicios y familiares de los egresados.<\/p>\n","protected":false},"excerpt":{"rendered":"<p>En las \u00faltimas horas de la tarde, el Teatro Verdi se colm\u00f3 de emoci\u00f3n y alegr\u00eda cuando los 110 alumnos del Programa de Alfabetizaci\u00f3n y Educaci\u00f3n B\u00e1sica para J\u00f3venes y Adultos recibieron su certificado de finalizaci\u00f3n. El intendente Mart\u00edn Gill encabez\u00f3 la entrega de diplomas a los egresados tras concluir su formaci\u00f3n secundaria durante el [&hellip;]<\/p>\n","protected":false},"author":4,"featured_media":86766,"comment_status":"open","ping_status":"open","sticky":false,"template":"","format":"standard","meta":{"site-sidebar-layout":"default","site-content-layout":"","ast-site-content-layout":"default","site-content-style":"default","site-sidebar-style":"default","ast-global-header-display":"","ast-banner-title-visibility":"","ast-main-header-display":"","ast-hfb-above-header-display":"","ast-hfb-below-header-display":"","ast-hfb-mobile-header-display":"","site-post-title":"","ast-breadcrumbs-content":"","ast-featured-img":"","footer-sml-layout":"","ast-disable-related-posts":"","theme-transparent-header-meta":"","adv-header-id-meta":"","stick-header-meta":"","header-above-stick-meta":"","header-main-stick-meta":"","header-below-stick-meta":"","astra-migrate-meta-layouts":"set","ast-page-background-enabled":"default","ast-page-background-meta":{"desktop":{"background-color":"","background-image":"","background-repeat":"repeat","background-position":"center center","background-size":"auto","background-attachment":"scroll","background-type":"","background-media":"","overlay-type":"","overlay-color":"","overlay-opacity":"","overlay-gradient":""},"tablet":{"background-color":"","background-image":"","background-repeat":"repeat","background-position":"center center","background-size":"auto","background-attachment":"scroll","background-type":"","background-media":"","overlay-type":"","overlay-color":"","overlay-opacity":"","overlay-gradient":""},"mobile":{"background-color":"","background-image":"","background-repeat":"repeat","background-position":"center center","background-size":"auto","background-attachment":"scroll","background-type":"","background-media":"","overlay-type":"","overlay-color":"","overlay-opacity":"","overlay-gradient":""}},"ast-content-background-meta":{"desktop":{"background-color":"var(--ast-global-color-5)","background-image":"","background-repeat":"repeat","background-position":"center center","background-size":"auto","background-attachment":"scroll","background-type":"","background-media":"","overlay-type":"","overlay-color":"","overlay-opacity":"","overlay-gradient":""},"tablet":{"background-color":"var(--ast-global-color-5)","background-image":"","background-repeat":"repeat","background-position":"center center","background-size":"auto","background-attachment":"scroll","background-type":"","background-media":"","overlay-type":"","overlay-color":"","overlay-opacity":"","overlay-gradient":""},"mobile":{"background-color":"var(--ast-global-color-5)","background-image":"","background-repeat":"repeat","background-position":"center center","background-size":"auto","background-attachment":"scroll","background-type":"","background-media":"","overlay-type":"","overlay-color":"","overlay-opacity":"","overlay-gradient":""}},"_jetpack_memberships_contains_paid_content":false,"_joinchat":[],"footnotes":""},"categories":[15302,5,2],"tags":[],"class_list":["post-86764","post","type-post","status-publish","format-standard","has-post-thumbnail","hentry","category-destacado","category-sociedad","category-villa-maria"],"yoast_head":"<!-- This site is optimized with the Yoast SEO plugin v26.8 - https:\/\/yoast.com\/product\/yoast-seo-wordpress\/ -->\n<title>M\u00e1s de un centenar de j\u00f3venes y adultos lograron concluir el secundario en el programa municipal - El Regional<\/title>\n<meta name=\"robots\" content=\"index, follow, max-snippet:-1, max-image-preview:large, max-video-preview:-1\" \/>\n<link rel=\"canonical\" href=\"https:\/\/elregionalvm.com.ar\/noticias-villa-maria\/mas-de-un-centenar-de-jovenes-y-adultos-lograron-concluir-el-secundario-en-el-programa-municipal\/\" \/>\n<meta property=\"og:locale\" content=\"es_ES\" \/>\n<meta property=\"og:type\" content=\"article\" \/>\n<meta property=\"og:title\" content=\"M\u00e1s de un centenar de j\u00f3venes y adultos lograron concluir el secundario en el programa municipal - El Regional\" \/>\n<meta property=\"og:description\" content=\"En las \u00faltimas horas de la tarde, el Teatro Verdi se colm\u00f3 de emoci\u00f3n y alegr\u00eda cuando los 110 alumnos del Programa de Alfabetizaci\u00f3n y Educaci\u00f3n B\u00e1sica para J\u00f3venes y Adultos recibieron su certificado de finalizaci\u00f3n. El intendente Mart\u00edn Gill encabez\u00f3 la entrega de diplomas a los egresados tras concluir su formaci\u00f3n secundaria durante el [&hellip;]\" \/>\n<meta property=\"og:url\" content=\"https:\/\/elregionalvm.com.ar\/noticias-villa-maria\/mas-de-un-centenar-de-jovenes-y-adultos-lograron-concluir-el-secundario-en-el-programa-municipal\/\" \/>\n<meta property=\"og:site_name\" content=\"El Regional\" \/>\n<meta property=\"article:publisher\" content=\"https:\/\/www.facebook.com\/elregionalvm\" \/>\n<meta property=\"article:published_time\" content=\"2023-12-05T23:33:07+00:00\" \/>\n<meta property=\"article:modified_time\" content=\"2023-12-05T23:33:08+00:00\" \/>\n<meta property=\"og:image\" content=\"https:\/\/elregionalvm.com.ar\/noticias-villa-maria\/wp-content\/uploads\/2023\/12\/WhatsApp-Image-2023-12-04-at-22.05.20.jpeg\" \/>\n\t<meta property=\"og:image:width\" content=\"1280\" \/>\n\t<meta property=\"og:image:height\" content=\"853\" \/>\n\t<meta property=\"og:image:type\" content=\"image\/jpeg\" \/>\n<meta name=\"author\" content=\"Contenidos El Regional\" \/>\n<meta name=\"twitter:card\" content=\"summary_large_image\" \/>\n<meta name=\"twitter:creator\" content=\"@elregionalvm1\" \/>\n<meta name=\"twitter:site\" content=\"@elregionalvm1\" \/>\n<meta name=\"twitter:label1\" content=\"Escrito por\" \/>\n\t<meta name=\"twitter:data1\" content=\"Contenidos El Regional\" \/>\n\t<meta name=\"twitter:label2\" content=\"Tiempo de lectura\" \/>\n\t<meta name=\"twitter:data2\" content=\"3 minutos\" \/>\n<script type=\"application\/ld+json\" class=\"yoast-schema-graph\">{\"@context\":\"https:\/\/schema.org\",\"@graph\":[{\"@type\":\"Article\",\"@id\":\"https:\/\/elregionalvm.com.ar\/noticias-villa-maria\/mas-de-un-centenar-de-jovenes-y-adultos-lograron-concluir-el-secundario-en-el-programa-municipal\/#article\",\"isPartOf\":{\"@id\":\"https:\/\/elregionalvm.com.ar\/noticias-villa-maria\/mas-de-un-centenar-de-jovenes-y-adultos-lograron-concluir-el-secundario-en-el-programa-municipal\/\"},\"author\":{\"name\":\"Contenidos El Regional\",\"@id\":\"http:\/\/elregionalvm.com.ar\/noticias-villa-maria\/#\/schema\/person\/a0fb9c422317faca23d50163151bc354\"},\"headline\":\"M\u00e1s de un centenar de j\u00f3venes y adultos lograron concluir el secundario en el programa municipal\",\"datePublished\":\"2023-12-05T23:33:07+00:00\",\"dateModified\":\"2023-12-05T23:33:08+00:00\",\"mainEntityOfPage\":{\"@id\":\"https:\/\/elregionalvm.com.ar\/noticias-villa-maria\/mas-de-un-centenar-de-jovenes-y-adultos-lograron-concluir-el-secundario-en-el-programa-municipal\/\"},\"wordCount\":529,\"commentCount\":0,\"image\":{\"@id\":\"https:\/\/elregionalvm.com.ar\/noticias-villa-maria\/mas-de-un-centenar-de-jovenes-y-adultos-lograron-concluir-el-secundario-en-el-programa-municipal\/#primaryimage\"},\"thumbnailUrl\":\"https:\/\/i0.wp.com\/elregionalvm.com.ar\/noticias-villa-maria\/wp-content\/uploads\/2023\/12\/WhatsApp-Image-2023-12-04-at-22.05.20.jpeg?fit=1280%2C853&ssl=1\",\"articleSection\":[\"destacado\",\"Sociedad\",\"Villa Mar\u00eda\"],\"inLanguage\":\"es\",\"potentialAction\":[{\"@type\":\"CommentAction\",\"name\":\"Comment\",\"target\":[\"https:\/\/elregionalvm.com.ar\/noticias-villa-maria\/mas-de-un-centenar-de-jovenes-y-adultos-lograron-concluir-el-secundario-en-el-programa-municipal\/#respond\"]}]},{\"@type\":\"WebPage\",\"@id\":\"https:\/\/elregionalvm.com.ar\/noticias-villa-maria\/mas-de-un-centenar-de-jovenes-y-adultos-lograron-concluir-el-secundario-en-el-programa-municipal\/\",\"url\":\"https:\/\/elregionalvm.com.ar\/noticias-villa-maria\/mas-de-un-centenar-de-jovenes-y-adultos-lograron-concluir-el-secundario-en-el-programa-municipal\/\",\"name\":\"M\u00e1s de un centenar de j\u00f3venes y adultos lograron concluir el secundario en el programa municipal - El Regional\",\"isPartOf\":{\"@id\":\"http:\/\/elregionalvm.com.ar\/noticias-villa-maria\/#website\"},\"primaryImageOfPage\":{\"@id\":\"https:\/\/elregionalvm.com.ar\/noticias-villa-maria\/mas-de-un-centenar-de-jovenes-y-adultos-lograron-concluir-el-secundario-en-el-programa-municipal\/#primaryimage\"},\"image\":{\"@id\":\"https:\/\/elregionalvm.com.ar\/noticias-villa-maria\/mas-de-un-centenar-de-jovenes-y-adultos-lograron-concluir-el-secundario-en-el-programa-municipal\/#primaryimage\"},\"thumbnailUrl\":\"https:\/\/i0.wp.com\/elregionalvm.com.ar\/noticias-villa-maria\/wp-content\/uploads\/2023\/12\/WhatsApp-Image-2023-12-04-at-22.05.20.jpeg?fit=1280%2C853&ssl=1\",\"datePublished\":\"2023-12-05T23:33:07+00:00\",\"dateModified\":\"2023-12-05T23:33:08+00:00\",\"author\":{\"@id\":\"http:\/\/elregionalvm.com.ar\/noticias-villa-maria\/#\/schema\/person\/a0fb9c422317faca23d50163151bc354\"},\"breadcrumb\":{\"@id\":\"https:\/\/elregionalvm.com.ar\/noticias-villa-maria\/mas-de-un-centenar-de-jovenes-y-adultos-lograron-concluir-el-secundario-en-el-programa-municipal\/#breadcrumb\"},\"inLanguage\":\"es\",\"potentialAction\":[{\"@type\":\"ReadAction\",\"target\":[\"https:\/\/elregionalvm.com.ar\/noticias-villa-maria\/mas-de-un-centenar-de-jovenes-y-adultos-lograron-concluir-el-secundario-en-el-programa-municipal\/\"]}]},{\"@type\":\"ImageObject\",\"inLanguage\":\"es\",\"@id\":\"https:\/\/elregionalvm.com.ar\/noticias-villa-maria\/mas-de-un-centenar-de-jovenes-y-adultos-lograron-concluir-el-secundario-en-el-programa-municipal\/#primaryimage\",\"url\":\"https:\/\/i0.wp.com\/elregionalvm.com.ar\/noticias-villa-maria\/wp-content\/uploads\/2023\/12\/WhatsApp-Image-2023-12-04-at-22.05.20.jpeg?fit=1280%2C853&ssl=1\",\"contentUrl\":\"https:\/\/i0.wp.com\/elregionalvm.com.ar\/noticias-villa-maria\/wp-content\/uploads\/2023\/12\/WhatsApp-Image-2023-12-04-at-22.05.20.jpeg?fit=1280%2C853&ssl=1\",\"width\":1280,\"height\":853},{\"@type\":\"BreadcrumbList\",\"@id\":\"https:\/\/elregionalvm.com.ar\/noticias-villa-maria\/mas-de-un-centenar-de-jovenes-y-adultos-lograron-concluir-el-secundario-en-el-programa-municipal\/#breadcrumb\",\"itemListElement\":[{\"@type\":\"ListItem\",\"position\":1,\"name\":\"Portada\",\"item\":\"https:\/\/elregionalvm.com.ar\/noticias-villa-maria\/\"},{\"@type\":\"ListItem\",\"position\":2,\"name\":\"M\u00e1s de un centenar de j\u00f3venes y adultos lograron concluir el secundario en el programa municipal\"}]},{\"@type\":\"WebSite\",\"@id\":\"http:\/\/elregionalvm.com.ar\/noticias-villa-maria\/#website\",\"url\":\"http:\/\/elregionalvm.com.ar\/noticias-villa-maria\/\",\"name\":\"El Regional\",\"description\":\"Mucho m\u00e1s que informaci\u00f3n\",\"potentialAction\":[{\"@type\":\"SearchAction\",\"target\":{\"@type\":\"EntryPoint\",\"urlTemplate\":\"http:\/\/elregionalvm.com.ar\/noticias-villa-maria\/?s={search_term_string}\"},\"query-input\":{\"@type\":\"PropertyValueSpecification\",\"valueRequired\":true,\"valueName\":\"search_term_string\"}}],\"inLanguage\":\"es\"},{\"@type\":\"Person\",\"@id\":\"http:\/\/elregionalvm.com.ar\/noticias-villa-maria\/#\/schema\/person\/a0fb9c422317faca23d50163151bc354\",\"name\":\"Contenidos El Regional\",\"image\":{\"@type\":\"ImageObject\",\"inLanguage\":\"es\",\"@id\":\"http:\/\/elregionalvm.com.ar\/noticias-villa-maria\/#\/schema\/person\/image\/\",\"url\":\"https:\/\/secure.gravatar.com\/avatar\/265b27cb2209af7bb3a1318f03305787d7981a5cc6e6cd08fe5a4ecdf99d4b48?s=96&d=mm&r=g\",\"contentUrl\":\"https:\/\/secure.gravatar.com\/avatar\/265b27cb2209af7bb3a1318f03305787d7981a5cc6e6cd08fe5a4ecdf99d4b48?s=96&d=mm&r=g\",\"caption\":\"Contenidos El Regional\"},\"url\":\"https:\/\/elregionalvm.com.ar\/noticias-villa-maria\/author\/contenido\/\"}]}<\/script>\n<!-- \/ Yoast SEO plugin. -->","yoast_head_json":{"title":"M\u00e1s de un centenar de j\u00f3venes y adultos lograron concluir el secundario en el programa municipal - El Regional","robots":{"index":"index","follow":"follow","max-snippet":"max-snippet:-1","max-image-preview":"max-image-preview:large","max-video-preview":"max-video-preview:-1"},"canonical":"https:\/\/elregionalvm.com.ar\/noticias-villa-maria\/mas-de-un-centenar-de-jovenes-y-adultos-lograron-concluir-el-secundario-en-el-programa-municipal\/","og_locale":"es_ES","og_type":"article","og_title":"M\u00e1s de un centenar de j\u00f3venes y adultos lograron concluir el secundario en el programa municipal - El Regional","og_description":"En las \u00faltimas horas de la tarde, el Teatro Verdi se colm\u00f3 de emoci\u00f3n y alegr\u00eda cuando los 110 alumnos del Programa de Alfabetizaci\u00f3n y Educaci\u00f3n B\u00e1sica para J\u00f3venes y Adultos recibieron su certificado de finalizaci\u00f3n. El intendente Mart\u00edn Gill encabez\u00f3 la entrega de diplomas a los egresados tras concluir su formaci\u00f3n secundaria durante el [&hellip;]","og_url":"https:\/\/elregionalvm.com.ar\/noticias-villa-maria\/mas-de-un-centenar-de-jovenes-y-adultos-lograron-concluir-el-secundario-en-el-programa-municipal\/","og_site_name":"El Regional","article_publisher":"https:\/\/www.facebook.com\/elregionalvm","article_published_time":"2023-12-05T23:33:07+00:00","article_modified_time":"2023-12-05T23:33:08+00:00","og_image":[{"width":1280,"height":853,"url":"https:\/\/elregionalvm.com.ar\/noticias-villa-maria\/wp-content\/uploads\/2023\/12\/WhatsApp-Image-2023-12-04-at-22.05.20.jpeg","type":"image\/jpeg"}],"author":"Contenidos El Regional","twitter_card":"summary_large_image","twitter_creator":"@elregionalvm1","twitter_site":"@elregionalvm1","twitter_misc":{"Escrito por":"Contenidos El Regional","Tiempo de lectura":"3 minutos"},"schema":{"@context":"https:\/\/schema.org","@graph":[{"@type":"Article","@id":"https:\/\/elregionalvm.com.ar\/noticias-villa-maria\/mas-de-un-centenar-de-jovenes-y-adultos-lograron-concluir-el-secundario-en-el-programa-municipal\/#article","isPartOf":{"@id":"https:\/\/elregionalvm.com.ar\/noticias-villa-maria\/mas-de-un-centenar-de-jovenes-y-adultos-lograron-concluir-el-secundario-en-el-programa-municipal\/"},"author":{"name":"Contenidos El Regional","@id":"http:\/\/elregionalvm.com.ar\/noticias-villa-maria\/#\/schema\/person\/a0fb9c422317faca23d50163151bc354"},"headline":"M\u00e1s de un centenar de j\u00f3venes y adultos lograron concluir el secundario en el programa municipal","datePublished":"2023-12-05T23:33:07+00:00","dateModified":"2023-12-05T23:33:08+00:00","mainEntityOfPage":{"@id":"https:\/\/elregionalvm.com.ar\/noticias-villa-maria\/mas-de-un-centenar-de-jovenes-y-adultos-lograron-concluir-el-secundario-en-el-programa-municipal\/"},"wordCount":529,"commentCount":0,"image":{"@id":"https:\/\/elregionalvm.com.ar\/noticias-villa-maria\/mas-de-un-centenar-de-jovenes-y-adultos-lograron-concluir-el-secundario-en-el-programa-municipal\/#primaryimage"},"thumbnailUrl":"https:\/\/i0.wp.com\/elregionalvm.com.ar\/noticias-villa-maria\/wp-content\/uploads\/2023\/12\/WhatsApp-Image-2023-12-04-at-22.05.20.jpeg?fit=1280%2C853&ssl=1","articleSection":["destacado","Sociedad","Villa Mar\u00eda"],"inLanguage":"es","potentialAction":[{"@type":"CommentAction","name":"Comment","target":["https:\/\/elregionalvm.com.ar\/noticias-villa-maria\/mas-de-un-centenar-de-jovenes-y-adultos-lograron-concluir-el-secundario-en-el-programa-municipal\/#respond"]}]},{"@type":"WebPage","@id":"https:\/\/elregionalvm.com.ar\/noticias-villa-maria\/mas-de-un-centenar-de-jovenes-y-adultos-lograron-concluir-el-secundario-en-el-programa-municipal\/","url":"https:\/\/elregionalvm.com.ar\/noticias-villa-maria\/mas-de-un-centenar-de-jovenes-y-adultos-lograron-concluir-el-secundario-en-el-programa-municipal\/","name":"M\u00e1s de un centenar de j\u00f3venes y adultos lograron concluir el secundario en el programa municipal - El Regional","isPartOf":{"@id":"http:\/\/elregionalvm.com.ar\/noticias-villa-maria\/#website"},"primaryImageOfPage":{"@id":"https:\/\/elregionalvm.com.ar\/noticias-villa-maria\/mas-de-un-centenar-de-jovenes-y-adultos-lograron-concluir-el-secundario-en-el-programa-municipal\/#primaryimage"},"image":{"@id":"https:\/\/elregionalvm.com.ar\/noticias-villa-maria\/mas-de-un-centenar-de-jovenes-y-adultos-lograron-concluir-el-secundario-en-el-programa-municipal\/#primaryimage"},"thumbnailUrl":"https:\/\/i0.wp.com\/elregionalvm.com.ar\/noticias-villa-maria\/wp-content\/uploads\/2023\/12\/WhatsApp-Image-2023-12-04-at-22.05.20.jpeg?fit=1280%2C853&ssl=1","datePublished":"2023-12-05T23:33:07+00:00","dateModified":"2023-12-05T23:33:08+00:00","author":{"@id":"http:\/\/elregionalvm.com.ar\/noticias-villa-maria\/#\/schema\/person\/a0fb9c422317faca23d50163151bc354"},"breadcrumb":{"@id":"https:\/\/elregionalvm.com.ar\/noticias-villa-maria\/mas-de-un-centenar-de-jovenes-y-adultos-lograron-concluir-el-secundario-en-el-programa-municipal\/#breadcrumb"},"inLanguage":"es","potentialAction":[{"@type":"ReadAction","target":["https:\/\/elregionalvm.com.ar\/noticias-villa-maria\/mas-de-un-centenar-de-jovenes-y-adultos-lograron-concluir-el-secundario-en-el-programa-municipal\/"]}]},{"@type":"ImageObject","inLanguage":"es","@id":"https:\/\/elregionalvm.com.ar\/noticias-villa-maria\/mas-de-un-centenar-de-jovenes-y-adultos-lograron-concluir-el-secundario-en-el-programa-municipal\/#primaryimage","url":"https:\/\/i0.wp.com\/elregionalvm.com.ar\/noticias-villa-maria\/wp-content\/uploads\/2023\/12\/WhatsApp-Image-2023-12-04-at-22.05.20.jpeg?fit=1280%2C853&ssl=1","contentUrl":"https:\/\/i0.wp.com\/elregionalvm.com.ar\/noticias-villa-maria\/wp-content\/uploads\/2023\/12\/WhatsApp-Image-2023-12-04-at-22.05.20.jpeg?fit=1280%2C853&ssl=1","width":1280,"height":853},{"@type":"BreadcrumbList","@id":"https:\/\/elregionalvm.com.ar\/noticias-villa-maria\/mas-de-un-centenar-de-jovenes-y-adultos-lograron-concluir-el-secundario-en-el-programa-municipal\/#breadcrumb","itemListElement":[{"@type":"ListItem","position":1,"name":"Portada","item":"https:\/\/elregionalvm.com.ar\/noticias-villa-maria\/"},{"@type":"ListItem","position":2,"name":"M\u00e1s de un centenar de j\u00f3venes y adultos lograron concluir el secundario en el programa municipal"}]},{"@type":"WebSite","@id":"http:\/\/elregionalvm.com.ar\/noticias-villa-maria\/#website","url":"http:\/\/elregionalvm.com.ar\/noticias-villa-maria\/","name":"El Regional","description":"Mucho m\u00e1s que informaci\u00f3n","potentialAction":[{"@type":"SearchAction","target":{"@type":"EntryPoint","urlTemplate":"http:\/\/elregionalvm.com.ar\/noticias-villa-maria\/?s={search_term_string}"},"query-input":{"@type":"PropertyValueSpecification","valueRequired":true,"valueName":"search_term_string"}}],"inLanguage":"es"},{"@type":"Person","@id":"http:\/\/elregionalvm.com.ar\/noticias-villa-maria\/#\/schema\/person\/a0fb9c422317faca23d50163151bc354","name":"Contenidos El Regional","image":{"@type":"ImageObject","inLanguage":"es","@id":"http:\/\/elregionalvm.com.ar\/noticias-villa-maria\/#\/schema\/person\/image\/","url":"https:\/\/secure.gravatar.com\/avatar\/265b27cb2209af7bb3a1318f03305787d7981a5cc6e6cd08fe5a4ecdf99d4b48?s=96&d=mm&r=g","contentUrl":"https:\/\/secure.gravatar.com\/avatar\/265b27cb2209af7bb3a1318f03305787d7981a5cc6e6cd08fe5a4ecdf99d4b48?s=96&d=mm&r=g","caption":"Contenidos El Regional"},"url":"https:\/\/elregionalvm.com.ar\/noticias-villa-maria\/author\/contenido\/"}]}},"jetpack_featured_media_url":"https:\/\/i0.wp.com\/elregionalvm.com.ar\/noticias-villa-maria\/wp-content\/uploads\/2023\/12\/WhatsApp-Image-2023-12-04-at-22.05.20.jpeg?fit=1280%2C853&ssl=1","jetpack_sharing_enabled":true,"_links":{"self":[{"href":"https:\/\/elregionalvm.com.ar\/noticias-villa-maria\/wp-json\/wp\/v2\/posts\/86764","targetHints":{"allow":["GET"]}}],"collection":[{"href":"https:\/\/elregionalvm.com.ar\/noticias-villa-maria\/wp-json\/wp\/v2\/posts"}],"about":[{"href":"https:\/\/elregionalvm.com.ar\/noticias-villa-maria\/wp-json\/wp\/v2\/types\/post"}],"author":[{"embeddable":true,"href":"https:\/\/elregionalvm.com.ar\/noticias-villa-maria\/wp-json\/wp\/v2\/users\/4"}],"replies":[{"embeddable":true,"href":"https:\/\/elregionalvm.com.ar\/noticias-villa-maria\/wp-json\/wp\/v2\/comments?post=86764"}],"version-history":[{"count":1,"href":"https:\/\/elregionalvm.com.ar\/noticias-villa-maria\/wp-json\/wp\/v2\/posts\/86764\/revisions"}],"predecessor-version":[{"id":86767,"href":"https:\/\/elregionalvm.com.ar\/noticias-villa-maria\/wp-json\/wp\/v2\/posts\/86764\/revisions\/86767"}],"wp:featuredmedia":[{"embeddable":true,"href":"https:\/\/elregionalvm.com.ar\/noticias-villa-maria\/wp-json\/wp\/v2\/media\/86766"}],"wp:attachment":[{"href":"https:\/\/elregionalvm.com.ar\/noticias-villa-maria\/wp-json\/wp\/v2\/media?parent=86764"}],"wp:term":[{"taxonomy":"category","embeddable":true,"href":"https:\/\/elregionalvm.com.ar\/noticias-villa-maria\/wp-json\/wp\/v2\/categories?post=86764"},{"taxonomy":"post_tag","embeddable":true,"href":"https:\/\/elregionalvm.com.ar\/noticias-villa-maria\/wp-json\/wp\/v2\/tags?post=86764"}],"curies":[{"name":"wp","href":"https:\/\/api.w.org\/{rel}","templated":true}]}}