{"id":86768,"date":"2023-12-05T23:45:20","date_gmt":"2023-12-05T23:45:20","guid":{"rendered":"https:\/\/elregionalvm.com.ar\/noticias-villa-maria\/?p=86768"},"modified":"2023-12-05T23:45:23","modified_gmt":"2023-12-05T23:45:23","slug":"hechos-de-robos-y-jovenes-detenidos-en-barrio-san-justo-y-carlos-pellegrini","status":"publish","type":"post","link":"https:\/\/elregionalvm.com.ar\/noticias-villa-maria\/hechos-de-robos-y-jovenes-detenidos-en-barrio-san-justo-y-carlos-pellegrini\/","title":{"rendered":"Hechos de robos y jovenes detenidos en Barrio San Justo y Carlos Pellegrini"},"content":{"rendered":"\n<p>Pasado el mediod\u00eda de ayer, personal de la Patrulla Preventiva en calle Bv. Argentino al 1700 procedi\u00f3 a la detenci\u00f3n de un joven de 23 a\u00f1os de edad por supuesto autor del delito de \u201cViolaci\u00f3n de Domicilio\u201d.<\/p>\n\n\n\n<p>Debido a que en momentos antes fue visto por un vecino del sector cuando invad\u00eda para ganar el interior de una vivienda del sector, por lo que dio inmediato aviso al personal policial mediante llamado a la l\u00ednea de emergencia 911. <\/p>\n\n\n\n<p>Seguidamente, ante la presencia policial en el lugar, este sujeto intent\u00f3 huir trasponiendo diferentes propiedades con el objeto de escapar del accionar de vecinos y uniformados, sin embargo finalmente fue detenido.<\/p>\n\n\n\n<p>Se labran actuaciones a disposici\u00f3n de la Fiscal\u00eda de Instrucci\u00f3n de Tercer Turno a cargo del Dr. Rene Bosio, Sec. Dr. Juan J. Aguilar.<\/p>\n\n\n\n<p><strong>Entr\u00f3 a robar las oficinas de un Supermercado<\/strong><\/p>\n\n\n\n<p>Siendo aproximadamente las 00:45 horas de la fecha, personal de la Patrulla Preventiva en la intersecci\u00f3n de calles Bv. Sarmiento y Porfirio Seppey procedi\u00f3 a la detenci\u00f3n de un joven de 23 a\u00f1os de edad por supuesto autor del delito de \u201cRobo en grado de Tentativa\u201d.<\/p>\n\n\n\n<figure class=\"wp-block-image size-large\"><img data-recalc-dims=\"1\" fetchpriority=\"high\" decoding=\"async\" width=\"770\" height=\"1024\" src=\"https:\/\/i0.wp.com\/elregionalvm.com.ar\/noticias-villa-maria\/wp-content\/uploads\/2023\/12\/WhatsApp-Image-2023-12-05-at-10.48.21.jpeg?resize=770%2C1024&#038;ssl=1\" alt=\"\" class=\"wp-image-86769\" srcset=\"https:\/\/i0.wp.com\/elregionalvm.com.ar\/noticias-villa-maria\/wp-content\/uploads\/2023\/12\/WhatsApp-Image-2023-12-05-at-10.48.21.jpeg?resize=770%2C1024&amp;ssl=1 770w, https:\/\/i0.wp.com\/elregionalvm.com.ar\/noticias-villa-maria\/wp-content\/uploads\/2023\/12\/WhatsApp-Image-2023-12-05-at-10.48.21.jpeg?resize=226%2C300&amp;ssl=1 226w, https:\/\/i0.wp.com\/elregionalvm.com.ar\/noticias-villa-maria\/wp-content\/uploads\/2023\/12\/WhatsApp-Image-2023-12-05-at-10.48.21.jpeg?resize=768%2C1021&amp;ssl=1 768w, https:\/\/i0.wp.com\/elregionalvm.com.ar\/noticias-villa-maria\/wp-content\/uploads\/2023\/12\/WhatsApp-Image-2023-12-05-at-10.48.21.jpeg?w=963&amp;ssl=1 963w\" sizes=\"(max-width: 770px) 100vw, 770px\" \/><\/figure>\n\n\n\n<p>Ya que en momentos antes invadi\u00f3 las oficinas de un comercio del tipo supermercado ubicado en ese sector, y ante la alerta disparada por el sistema de alarma el personal policial acudi\u00f3 de inmediato y logr\u00f3 sorprender al sujeto con intenciones de robo.<\/p>\n\n\n\n<p>Se labran actuaciones a disposici\u00f3n de la Fiscal\u00eda de Instrucci\u00f3n de Tercer Turno a cargo del Dr. Rene Bosio, Sec. Dr. Juan J. Aguilar.<\/p>\n","protected":false},"excerpt":{"rendered":"<p>Pasado el mediod\u00eda de ayer, personal de la Patrulla Preventiva en calle Bv. Argentino al 1700 procedi\u00f3 a la detenci\u00f3n de un joven de 23 a\u00f1os de edad por supuesto autor del delito de \u201cViolaci\u00f3n de Domicilio\u201d. Debido a que en momentos antes fue visto por un vecino del sector cuando invad\u00eda para ganar el [&hellip;]<\/p>\n","protected":false},"author":4,"featured_media":86770,"comment_status":"open","ping_status":"open","sticky":false,"template":"","format":"standard","meta":{"site-sidebar-layout":"default","site-content-layout":"","ast-site-content-layout":"default","site-content-style":"default","site-sidebar-style":"default","ast-global-header-display":"","ast-banner-title-visibility":"","ast-main-header-display":"","ast-hfb-above-header-display":"","ast-hfb-below-header-display":"","ast-hfb-mobile-header-display":"","site-post-title":"","ast-breadcrumbs-content":"","ast-featured-img":"","footer-sml-layout":"","ast-disable-related-posts":"","theme-transparent-header-meta":"","adv-header-id-meta":"","stick-header-meta":"","header-above-stick-meta":"","header-main-stick-meta":"","header-below-stick-meta":"","astra-migrate-meta-layouts":"set","ast-page-background-enabled":"default","ast-page-background-meta":{"desktop":{"background-color":"","background-image":"","background-repeat":"repeat","background-position":"center center","background-size":"auto","background-attachment":"scroll","background-type":"","background-media":"","overlay-type":"","overlay-color":"","overlay-opacity":"","overlay-gradient":""},"tablet":{"background-color":"","background-image":"","background-repeat":"repeat","background-position":"center center","background-size":"auto","background-attachment":"scroll","background-type":"","background-media":"","overlay-type":"","overlay-color":"","overlay-opacity":"","overlay-gradient":""},"mobile":{"background-color":"","background-image":"","background-repeat":"repeat","background-position":"center center","background-size":"auto","background-attachment":"scroll","background-type":"","background-media":"","overlay-type":"","overlay-color":"","overlay-opacity":"","overlay-gradient":""}},"ast-content-background-meta":{"desktop":{"background-color":"var(--ast-global-color-5)","background-image":"","background-repeat":"repeat","background-position":"center center","background-size":"auto","background-attachment":"scroll","background-type":"","background-media":"","overlay-type":"","overlay-color":"","overlay-opacity":"","overlay-gradient":""},"tablet":{"background-color":"var(--ast-global-color-5)","background-image":"","background-repeat":"repeat","background-position":"center center","background-size":"auto","background-attachment":"scroll","background-type":"","background-media":"","overlay-type":"","overlay-color":"","overlay-opacity":"","overlay-gradient":""},"mobile":{"background-color":"var(--ast-global-color-5)","background-image":"","background-repeat":"repeat","background-position":"center center","background-size":"auto","background-attachment":"scroll","background-type":"","background-media":"","overlay-type":"","overlay-color":"","overlay-opacity":"","overlay-gradient":""}},"_jetpack_memberships_contains_paid_content":false,"_joinchat":[],"footnotes":""},"categories":[2234,5,2],"tags":[],"class_list":["post-86768","post","type-post","status-publish","format-standard","has-post-thumbnail","hentry","category-policiales","category-sociedad","category-villa-maria"],"yoast_head":"<!-- This site is optimized with the Yoast SEO plugin v26.8 - https:\/\/yoast.com\/product\/yoast-seo-wordpress\/ -->\n<title>Hechos de robos y jovenes detenidos en Barrio San Justo y Carlos Pellegrini - El Regional<\/title>\n<meta name=\"robots\" content=\"index, follow, max-snippet:-1, max-image-preview:large, max-video-preview:-1\" \/>\n<link rel=\"canonical\" href=\"https:\/\/elregionalvm.com.ar\/noticias-villa-maria\/hechos-de-robos-y-jovenes-detenidos-en-barrio-san-justo-y-carlos-pellegrini\/\" \/>\n<meta property=\"og:locale\" content=\"es_ES\" \/>\n<meta property=\"og:type\" content=\"article\" \/>\n<meta property=\"og:title\" content=\"Hechos de robos y jovenes detenidos en Barrio San Justo y Carlos Pellegrini - El Regional\" \/>\n<meta property=\"og:description\" content=\"Pasado el mediod\u00eda de ayer, personal de la Patrulla Preventiva en calle Bv. Argentino al 1700 procedi\u00f3 a la detenci\u00f3n de un joven de 23 a\u00f1os de edad por supuesto autor del delito de \u201cViolaci\u00f3n de Domicilio\u201d. Debido a que en momentos antes fue visto por un vecino del sector cuando invad\u00eda para ganar el [&hellip;]\" \/>\n<meta property=\"og:url\" content=\"https:\/\/elregionalvm.com.ar\/noticias-villa-maria\/hechos-de-robos-y-jovenes-detenidos-en-barrio-san-justo-y-carlos-pellegrini\/\" \/>\n<meta property=\"og:site_name\" content=\"El Regional\" \/>\n<meta property=\"article:publisher\" content=\"https:\/\/www.facebook.com\/elregionalvm\" \/>\n<meta property=\"article:published_time\" content=\"2023-12-05T23:45:20+00:00\" \/>\n<meta property=\"article:modified_time\" content=\"2023-12-05T23:45:23+00:00\" \/>\n<meta property=\"og:image\" content=\"https:\/\/elregionalvm.com.ar\/noticias-villa-maria\/wp-content\/uploads\/2023\/12\/WhatsApp-Image-2023-12-05-at-10.48.15.jpeg\" \/>\n\t<meta property=\"og:image:width\" content=\"1200\" \/>\n\t<meta property=\"og:image:height\" content=\"1600\" \/>\n\t<meta property=\"og:image:type\" content=\"image\/jpeg\" \/>\n<meta name=\"author\" content=\"Contenidos El Regional\" \/>\n<meta name=\"twitter:card\" content=\"summary_large_image\" \/>\n<meta name=\"twitter:creator\" content=\"@elregionalvm1\" \/>\n<meta name=\"twitter:site\" content=\"@elregionalvm1\" \/>\n<meta name=\"twitter:label1\" content=\"Escrito por\" \/>\n\t<meta name=\"twitter:data1\" content=\"Contenidos El Regional\" \/>\n\t<meta name=\"twitter:label2\" content=\"Tiempo de lectura\" \/>\n\t<meta name=\"twitter:data2\" content=\"1 minuto\" \/>\n<script type=\"application\/ld+json\" class=\"yoast-schema-graph\">{\"@context\":\"https:\/\/schema.org\",\"@graph\":[{\"@type\":\"Article\",\"@id\":\"https:\/\/elregionalvm.com.ar\/noticias-villa-maria\/hechos-de-robos-y-jovenes-detenidos-en-barrio-san-justo-y-carlos-pellegrini\/#article\",\"isPartOf\":{\"@id\":\"https:\/\/elregionalvm.com.ar\/noticias-villa-maria\/hechos-de-robos-y-jovenes-detenidos-en-barrio-san-justo-y-carlos-pellegrini\/\"},\"author\":{\"name\":\"Contenidos El Regional\",\"@id\":\"http:\/\/elregionalvm.com.ar\/noticias-villa-maria\/#\/schema\/person\/a0fb9c422317faca23d50163151bc354\"},\"headline\":\"Hechos de robos y jovenes detenidos en Barrio San Justo y Carlos Pellegrini\",\"datePublished\":\"2023-12-05T23:45:20+00:00\",\"dateModified\":\"2023-12-05T23:45:23+00:00\",\"mainEntityOfPage\":{\"@id\":\"https:\/\/elregionalvm.com.ar\/noticias-villa-maria\/hechos-de-robos-y-jovenes-detenidos-en-barrio-san-justo-y-carlos-pellegrini\/\"},\"wordCount\":277,\"commentCount\":0,\"image\":{\"@id\":\"https:\/\/elregionalvm.com.ar\/noticias-villa-maria\/hechos-de-robos-y-jovenes-detenidos-en-barrio-san-justo-y-carlos-pellegrini\/#primaryimage\"},\"thumbnailUrl\":\"https:\/\/i0.wp.com\/elregionalvm.com.ar\/noticias-villa-maria\/wp-content\/uploads\/2023\/12\/WhatsApp-Image-2023-12-05-at-10.48.15.jpeg?fit=1200%2C1600&ssl=1\",\"articleSection\":[\"Policiales\",\"Sociedad\",\"Villa Mar\u00eda\"],\"inLanguage\":\"es\",\"potentialAction\":[{\"@type\":\"CommentAction\",\"name\":\"Comment\",\"target\":[\"https:\/\/elregionalvm.com.ar\/noticias-villa-maria\/hechos-de-robos-y-jovenes-detenidos-en-barrio-san-justo-y-carlos-pellegrini\/#respond\"]}]},{\"@type\":\"WebPage\",\"@id\":\"https:\/\/elregionalvm.com.ar\/noticias-villa-maria\/hechos-de-robos-y-jovenes-detenidos-en-barrio-san-justo-y-carlos-pellegrini\/\",\"url\":\"https:\/\/elregionalvm.com.ar\/noticias-villa-maria\/hechos-de-robos-y-jovenes-detenidos-en-barrio-san-justo-y-carlos-pellegrini\/\",\"name\":\"Hechos de robos y jovenes detenidos en Barrio San Justo y Carlos Pellegrini - El Regional\",\"isPartOf\":{\"@id\":\"http:\/\/elregionalvm.com.ar\/noticias-villa-maria\/#website\"},\"primaryImageOfPage\":{\"@id\":\"https:\/\/elregionalvm.com.ar\/noticias-villa-maria\/hechos-de-robos-y-jovenes-detenidos-en-barrio-san-justo-y-carlos-pellegrini\/#primaryimage\"},\"image\":{\"@id\":\"https:\/\/elregionalvm.com.ar\/noticias-villa-maria\/hechos-de-robos-y-jovenes-detenidos-en-barrio-san-justo-y-carlos-pellegrini\/#primaryimage\"},\"thumbnailUrl\":\"https:\/\/i0.wp.com\/elregionalvm.com.ar\/noticias-villa-maria\/wp-content\/uploads\/2023\/12\/WhatsApp-Image-2023-12-05-at-10.48.15.jpeg?fit=1200%2C1600&ssl=1\",\"datePublished\":\"2023-12-05T23:45:20+00:00\",\"dateModified\":\"2023-12-05T23:45:23+00:00\",\"author\":{\"@id\":\"http:\/\/elregionalvm.com.ar\/noticias-villa-maria\/#\/schema\/person\/a0fb9c422317faca23d50163151bc354\"},\"breadcrumb\":{\"@id\":\"https:\/\/elregionalvm.com.ar\/noticias-villa-maria\/hechos-de-robos-y-jovenes-detenidos-en-barrio-san-justo-y-carlos-pellegrini\/#breadcrumb\"},\"inLanguage\":\"es\",\"potentialAction\":[{\"@type\":\"ReadAction\",\"target\":[\"https:\/\/elregionalvm.com.ar\/noticias-villa-maria\/hechos-de-robos-y-jovenes-detenidos-en-barrio-san-justo-y-carlos-pellegrini\/\"]}]},{\"@type\":\"ImageObject\",\"inLanguage\":\"es\",\"@id\":\"https:\/\/elregionalvm.com.ar\/noticias-villa-maria\/hechos-de-robos-y-jovenes-detenidos-en-barrio-san-justo-y-carlos-pellegrini\/#primaryimage\",\"url\":\"https:\/\/i0.wp.com\/elregionalvm.com.ar\/noticias-villa-maria\/wp-content\/uploads\/2023\/12\/WhatsApp-Image-2023-12-05-at-10.48.15.jpeg?fit=1200%2C1600&ssl=1\",\"contentUrl\":\"https:\/\/i0.wp.com\/elregionalvm.com.ar\/noticias-villa-maria\/wp-content\/uploads\/2023\/12\/WhatsApp-Image-2023-12-05-at-10.48.15.jpeg?fit=1200%2C1600&ssl=1\",\"width\":1200,\"height\":1600},{\"@type\":\"BreadcrumbList\",\"@id\":\"https:\/\/elregionalvm.com.ar\/noticias-villa-maria\/hechos-de-robos-y-jovenes-detenidos-en-barrio-san-justo-y-carlos-pellegrini\/#breadcrumb\",\"itemListElement\":[{\"@type\":\"ListItem\",\"position\":1,\"name\":\"Portada\",\"item\":\"https:\/\/elregionalvm.com.ar\/noticias-villa-maria\/\"},{\"@type\":\"ListItem\",\"position\":2,\"name\":\"Hechos de robos y jovenes detenidos en Barrio San Justo y Carlos Pellegrini\"}]},{\"@type\":\"WebSite\",\"@id\":\"http:\/\/elregionalvm.com.ar\/noticias-villa-maria\/#website\",\"url\":\"http:\/\/elregionalvm.com.ar\/noticias-villa-maria\/\",\"name\":\"El Regional\",\"description\":\"Mucho m\u00e1s que informaci\u00f3n\",\"potentialAction\":[{\"@type\":\"SearchAction\",\"target\":{\"@type\":\"EntryPoint\",\"urlTemplate\":\"http:\/\/elregionalvm.com.ar\/noticias-villa-maria\/?s={search_term_string}\"},\"query-input\":{\"@type\":\"PropertyValueSpecification\",\"valueRequired\":true,\"valueName\":\"search_term_string\"}}],\"inLanguage\":\"es\"},{\"@type\":\"Person\",\"@id\":\"http:\/\/elregionalvm.com.ar\/noticias-villa-maria\/#\/schema\/person\/a0fb9c422317faca23d50163151bc354\",\"name\":\"Contenidos El Regional\",\"image\":{\"@type\":\"ImageObject\",\"inLanguage\":\"es\",\"@id\":\"http:\/\/elregionalvm.com.ar\/noticias-villa-maria\/#\/schema\/person\/image\/\",\"url\":\"https:\/\/secure.gravatar.com\/avatar\/265b27cb2209af7bb3a1318f03305787d7981a5cc6e6cd08fe5a4ecdf99d4b48?s=96&d=mm&r=g\",\"contentUrl\":\"https:\/\/secure.gravatar.com\/avatar\/265b27cb2209af7bb3a1318f03305787d7981a5cc6e6cd08fe5a4ecdf99d4b48?s=96&d=mm&r=g\",\"caption\":\"Contenidos El Regional\"},\"url\":\"https:\/\/elregionalvm.com.ar\/noticias-villa-maria\/author\/contenido\/\"}]}<\/script>\n<!-- \/ Yoast SEO plugin. -->","yoast_head_json":{"title":"Hechos de robos y jovenes detenidos en Barrio San Justo y Carlos Pellegrini - El Regional","robots":{"index":"index","follow":"follow","max-snippet":"max-snippet:-1","max-image-preview":"max-image-preview:large","max-video-preview":"max-video-preview:-1"},"canonical":"https:\/\/elregionalvm.com.ar\/noticias-villa-maria\/hechos-de-robos-y-jovenes-detenidos-en-barrio-san-justo-y-carlos-pellegrini\/","og_locale":"es_ES","og_type":"article","og_title":"Hechos de robos y jovenes detenidos en Barrio San Justo y Carlos Pellegrini - El Regional","og_description":"Pasado el mediod\u00eda de ayer, personal de la Patrulla Preventiva en calle Bv. Argentino al 1700 procedi\u00f3 a la detenci\u00f3n de un joven de 23 a\u00f1os de edad por supuesto autor del delito de \u201cViolaci\u00f3n de Domicilio\u201d. Debido a que en momentos antes fue visto por un vecino del sector cuando invad\u00eda para ganar el [&hellip;]","og_url":"https:\/\/elregionalvm.com.ar\/noticias-villa-maria\/hechos-de-robos-y-jovenes-detenidos-en-barrio-san-justo-y-carlos-pellegrini\/","og_site_name":"El Regional","article_publisher":"https:\/\/www.facebook.com\/elregionalvm","article_published_time":"2023-12-05T23:45:20+00:00","article_modified_time":"2023-12-05T23:45:23+00:00","og_image":[{"width":1200,"height":1600,"url":"https:\/\/elregionalvm.com.ar\/noticias-villa-maria\/wp-content\/uploads\/2023\/12\/WhatsApp-Image-2023-12-05-at-10.48.15.jpeg","type":"image\/jpeg"}],"author":"Contenidos El Regional","twitter_card":"summary_large_image","twitter_creator":"@elregionalvm1","twitter_site":"@elregionalvm1","twitter_misc":{"Escrito por":"Contenidos El Regional","Tiempo de lectura":"1 minuto"},"schema":{"@context":"https:\/\/schema.org","@graph":[{"@type":"Article","@id":"https:\/\/elregionalvm.com.ar\/noticias-villa-maria\/hechos-de-robos-y-jovenes-detenidos-en-barrio-san-justo-y-carlos-pellegrini\/#article","isPartOf":{"@id":"https:\/\/elregionalvm.com.ar\/noticias-villa-maria\/hechos-de-robos-y-jovenes-detenidos-en-barrio-san-justo-y-carlos-pellegrini\/"},"author":{"name":"Contenidos El Regional","@id":"http:\/\/elregionalvm.com.ar\/noticias-villa-maria\/#\/schema\/person\/a0fb9c422317faca23d50163151bc354"},"headline":"Hechos de robos y jovenes detenidos en Barrio San Justo y Carlos Pellegrini","datePublished":"2023-12-05T23:45:20+00:00","dateModified":"2023-12-05T23:45:23+00:00","mainEntityOfPage":{"@id":"https:\/\/elregionalvm.com.ar\/noticias-villa-maria\/hechos-de-robos-y-jovenes-detenidos-en-barrio-san-justo-y-carlos-pellegrini\/"},"wordCount":277,"commentCount":0,"image":{"@id":"https:\/\/elregionalvm.com.ar\/noticias-villa-maria\/hechos-de-robos-y-jovenes-detenidos-en-barrio-san-justo-y-carlos-pellegrini\/#primaryimage"},"thumbnailUrl":"https:\/\/i0.wp.com\/elregionalvm.com.ar\/noticias-villa-maria\/wp-content\/uploads\/2023\/12\/WhatsApp-Image-2023-12-05-at-10.48.15.jpeg?fit=1200%2C1600&ssl=1","articleSection":["Policiales","Sociedad","Villa Mar\u00eda"],"inLanguage":"es","potentialAction":[{"@type":"CommentAction","name":"Comment","target":["https:\/\/elregionalvm.com.ar\/noticias-villa-maria\/hechos-de-robos-y-jovenes-detenidos-en-barrio-san-justo-y-carlos-pellegrini\/#respond"]}]},{"@type":"WebPage","@id":"https:\/\/elregionalvm.com.ar\/noticias-villa-maria\/hechos-de-robos-y-jovenes-detenidos-en-barrio-san-justo-y-carlos-pellegrini\/","url":"https:\/\/elregionalvm.com.ar\/noticias-villa-maria\/hechos-de-robos-y-jovenes-detenidos-en-barrio-san-justo-y-carlos-pellegrini\/","name":"Hechos de robos y jovenes detenidos en Barrio San Justo y Carlos Pellegrini - El Regional","isPartOf":{"@id":"http:\/\/elregionalvm.com.ar\/noticias-villa-maria\/#website"},"primaryImageOfPage":{"@id":"https:\/\/elregionalvm.com.ar\/noticias-villa-maria\/hechos-de-robos-y-jovenes-detenidos-en-barrio-san-justo-y-carlos-pellegrini\/#primaryimage"},"image":{"@id":"https:\/\/elregionalvm.com.ar\/noticias-villa-maria\/hechos-de-robos-y-jovenes-detenidos-en-barrio-san-justo-y-carlos-pellegrini\/#primaryimage"},"thumbnailUrl":"https:\/\/i0.wp.com\/elregionalvm.com.ar\/noticias-villa-maria\/wp-content\/uploads\/2023\/12\/WhatsApp-Image-2023-12-05-at-10.48.15.jpeg?fit=1200%2C1600&ssl=1","datePublished":"2023-12-05T23:45:20+00:00","dateModified":"2023-12-05T23:45:23+00:00","author":{"@id":"http:\/\/elregionalvm.com.ar\/noticias-villa-maria\/#\/schema\/person\/a0fb9c422317faca23d50163151bc354"},"breadcrumb":{"@id":"https:\/\/elregionalvm.com.ar\/noticias-villa-maria\/hechos-de-robos-y-jovenes-detenidos-en-barrio-san-justo-y-carlos-pellegrini\/#breadcrumb"},"inLanguage":"es","potentialAction":[{"@type":"ReadAction","target":["https:\/\/elregionalvm.com.ar\/noticias-villa-maria\/hechos-de-robos-y-jovenes-detenidos-en-barrio-san-justo-y-carlos-pellegrini\/"]}]},{"@type":"ImageObject","inLanguage":"es","@id":"https:\/\/elregionalvm.com.ar\/noticias-villa-maria\/hechos-de-robos-y-jovenes-detenidos-en-barrio-san-justo-y-carlos-pellegrini\/#primaryimage","url":"https:\/\/i0.wp.com\/elregionalvm.com.ar\/noticias-villa-maria\/wp-content\/uploads\/2023\/12\/WhatsApp-Image-2023-12-05-at-10.48.15.jpeg?fit=1200%2C1600&ssl=1","contentUrl":"https:\/\/i0.wp.com\/elregionalvm.com.ar\/noticias-villa-maria\/wp-content\/uploads\/2023\/12\/WhatsApp-Image-2023-12-05-at-10.48.15.jpeg?fit=1200%2C1600&ssl=1","width":1200,"height":1600},{"@type":"BreadcrumbList","@id":"https:\/\/elregionalvm.com.ar\/noticias-villa-maria\/hechos-de-robos-y-jovenes-detenidos-en-barrio-san-justo-y-carlos-pellegrini\/#breadcrumb","itemListElement":[{"@type":"ListItem","position":1,"name":"Portada","item":"https:\/\/elregionalvm.com.ar\/noticias-villa-maria\/"},{"@type":"ListItem","position":2,"name":"Hechos de robos y jovenes detenidos en Barrio San Justo y Carlos Pellegrini"}]},{"@type":"WebSite","@id":"http:\/\/elregionalvm.com.ar\/noticias-villa-maria\/#website","url":"http:\/\/elregionalvm.com.ar\/noticias-villa-maria\/","name":"El Regional","description":"Mucho m\u00e1s que informaci\u00f3n","potentialAction":[{"@type":"SearchAction","target":{"@type":"EntryPoint","urlTemplate":"http:\/\/elregionalvm.com.ar\/noticias-villa-maria\/?s={search_term_string}"},"query-input":{"@type":"PropertyValueSpecification","valueRequired":true,"valueName":"search_term_string"}}],"inLanguage":"es"},{"@type":"Person","@id":"http:\/\/elregionalvm.com.ar\/noticias-villa-maria\/#\/schema\/person\/a0fb9c422317faca23d50163151bc354","name":"Contenidos El Regional","image":{"@type":"ImageObject","inLanguage":"es","@id":"http:\/\/elregionalvm.com.ar\/noticias-villa-maria\/#\/schema\/person\/image\/","url":"https:\/\/secure.gravatar.com\/avatar\/265b27cb2209af7bb3a1318f03305787d7981a5cc6e6cd08fe5a4ecdf99d4b48?s=96&d=mm&r=g","contentUrl":"https:\/\/secure.gravatar.com\/avatar\/265b27cb2209af7bb3a1318f03305787d7981a5cc6e6cd08fe5a4ecdf99d4b48?s=96&d=mm&r=g","caption":"Contenidos El Regional"},"url":"https:\/\/elregionalvm.com.ar\/noticias-villa-maria\/author\/contenido\/"}]}},"jetpack_featured_media_url":"https:\/\/i0.wp.com\/elregionalvm.com.ar\/noticias-villa-maria\/wp-content\/uploads\/2023\/12\/WhatsApp-Image-2023-12-05-at-10.48.15.jpeg?fit=1200%2C1600&ssl=1","jetpack_sharing_enabled":true,"_links":{"self":[{"href":"https:\/\/elregionalvm.com.ar\/noticias-villa-maria\/wp-json\/wp\/v2\/posts\/86768","targetHints":{"allow":["GET"]}}],"collection":[{"href":"https:\/\/elregionalvm.com.ar\/noticias-villa-maria\/wp-json\/wp\/v2\/posts"}],"about":[{"href":"https:\/\/elregionalvm.com.ar\/noticias-villa-maria\/wp-json\/wp\/v2\/types\/post"}],"author":[{"embeddable":true,"href":"https:\/\/elregionalvm.com.ar\/noticias-villa-maria\/wp-json\/wp\/v2\/users\/4"}],"replies":[{"embeddable":true,"href":"https:\/\/elregionalvm.com.ar\/noticias-villa-maria\/wp-json\/wp\/v2\/comments?post=86768"}],"version-history":[{"count":1,"href":"https:\/\/elregionalvm.com.ar\/noticias-villa-maria\/wp-json\/wp\/v2\/posts\/86768\/revisions"}],"predecessor-version":[{"id":86771,"href":"https:\/\/elregionalvm.com.ar\/noticias-villa-maria\/wp-json\/wp\/v2\/posts\/86768\/revisions\/86771"}],"wp:featuredmedia":[{"embeddable":true,"href":"https:\/\/elregionalvm.com.ar\/noticias-villa-maria\/wp-json\/wp\/v2\/media\/86770"}],"wp:attachment":[{"href":"https:\/\/elregionalvm.com.ar\/noticias-villa-maria\/wp-json\/wp\/v2\/media?parent=86768"}],"wp:term":[{"taxonomy":"category","embeddable":true,"href":"https:\/\/elregionalvm.com.ar\/noticias-villa-maria\/wp-json\/wp\/v2\/categories?post=86768"},{"taxonomy":"post_tag","embeddable":true,"href":"https:\/\/elregionalvm.com.ar\/noticias-villa-maria\/wp-json\/wp\/v2\/tags?post=86768"}],"curies":[{"name":"wp","href":"https:\/\/api.w.org\/{rel}","templated":true}]}}