{"id":87862,"date":"2023-12-28T19:36:43","date_gmt":"2023-12-28T19:36:43","guid":{"rendered":"https:\/\/elregionalvm.com.ar\/noticias-villa-maria\/?p=87862"},"modified":"2023-12-28T19:48:03","modified_gmt":"2023-12-28T19:48:03","slug":"se-presento-el-festival-nochevieja-una-propuesta-gastronomica-y-musical-para-despedir-el-ano","status":"publish","type":"post","link":"https:\/\/elregionalvm.com.ar\/noticias-villa-maria\/se-presento-el-festival-nochevieja-una-propuesta-gastronomica-y-musical-para-despedir-el-ano\/","title":{"rendered":"Se present\u00f3 el Festival Nochevieja, una propuesta gastron\u00f3mica y musical para despedir el a\u00f1o"},"content":{"rendered":"\n<p>La Municipalidad present\u00f3 el Festival Nochevieja, una propuesta gastron\u00f3mica y musical para despedir el a\u00f1o<\/p>\n\n\n\n<p>El evento busca reunir a vecinos y vecinas de nuestra ciudad y la regi\u00f3n en la Costanera, en una jornada que apunta a compartir y disfrutar en comunidad.<\/p>\n\n\n\n<figure class=\"wp-block-image size-large\"><img data-recalc-dims=\"1\" fetchpriority=\"high\" decoding=\"async\" width=\"1024\" height=\"576\" src=\"https:\/\/i0.wp.com\/elregionalvm.com.ar\/noticias-villa-maria\/wp-content\/uploads\/2023\/12\/WhatsApp-Image-2023-12-28-at-13.28.06.jpeg?resize=1024%2C576&#038;ssl=1\" alt=\"\" class=\"wp-image-87865\" srcset=\"https:\/\/i0.wp.com\/elregionalvm.com.ar\/noticias-villa-maria\/wp-content\/uploads\/2023\/12\/WhatsApp-Image-2023-12-28-at-13.28.06.jpeg?resize=1024%2C576&amp;ssl=1 1024w, https:\/\/i0.wp.com\/elregionalvm.com.ar\/noticias-villa-maria\/wp-content\/uploads\/2023\/12\/WhatsApp-Image-2023-12-28-at-13.28.06.jpeg?resize=300%2C169&amp;ssl=1 300w, https:\/\/i0.wp.com\/elregionalvm.com.ar\/noticias-villa-maria\/wp-content\/uploads\/2023\/12\/WhatsApp-Image-2023-12-28-at-13.28.06.jpeg?resize=768%2C432&amp;ssl=1 768w, https:\/\/i0.wp.com\/elregionalvm.com.ar\/noticias-villa-maria\/wp-content\/uploads\/2023\/12\/WhatsApp-Image-2023-12-28-at-13.28.06.jpeg?resize=1536%2C864&amp;ssl=1 1536w, https:\/\/i0.wp.com\/elregionalvm.com.ar\/noticias-villa-maria\/wp-content\/uploads\/2023\/12\/WhatsApp-Image-2023-12-28-at-13.28.06.jpeg?w=1599&amp;ssl=1 1599w\" sizes=\"(max-width: 1000px) 100vw, 1000px\" \/><\/figure>\n\n\n\n<p>La Secretar\u00eda de Gobierno, Cultura y Relaciones Institucionales junto al Ente de Deporte y Turismo, presentaron hoy la grilla de actividades de cara al Festival Nochevieja, un evento de entrada libre y gratuita, que tendr\u00e1 lugar el pr\u00f3ximo s\u00e1bado 30 de diciembre a partir de las 20:00 horas, en la Plaza de la M\u00fasica, sobre calle Elpidio Gonz\u00e1lez, al lado del Anfiteatro.<\/p>\n\n\n\n<p>En este sentido, el titular de la cartera de Gobierno, Marcos Bovo coment\u00f3: \u201cQueremos invitar a todas las familias de Villa Mar\u00eda y la regi\u00f3n a que vengan, ya que este evento tiene por objetivo reunirnos en comunidad, compartir y disfrutar, para marcar el cierre del a\u00f1o 2023 y comenzar a palpitar lo que va a ser el 2024\u201d.<\/p>\n\n\n\n<figure class=\"wp-block-image size-large\"><img data-recalc-dims=\"1\" decoding=\"async\" width=\"707\" height=\"1024\" src=\"https:\/\/i0.wp.com\/elregionalvm.com.ar\/noticias-villa-maria\/wp-content\/uploads\/2023\/12\/WhatsApp-Image-2023-12-28-at-13.43.57.jpeg?resize=707%2C1024&#038;ssl=1\" alt=\"\" class=\"wp-image-87863\" srcset=\"https:\/\/i0.wp.com\/elregionalvm.com.ar\/noticias-villa-maria\/wp-content\/uploads\/2023\/12\/WhatsApp-Image-2023-12-28-at-13.43.57.jpeg?resize=707%2C1024&amp;ssl=1 707w, https:\/\/i0.wp.com\/elregionalvm.com.ar\/noticias-villa-maria\/wp-content\/uploads\/2023\/12\/WhatsApp-Image-2023-12-28-at-13.43.57.jpeg?resize=207%2C300&amp;ssl=1 207w, https:\/\/i0.wp.com\/elregionalvm.com.ar\/noticias-villa-maria\/wp-content\/uploads\/2023\/12\/WhatsApp-Image-2023-12-28-at-13.43.57.jpeg?resize=768%2C1113&amp;ssl=1 768w, https:\/\/i0.wp.com\/elregionalvm.com.ar\/noticias-villa-maria\/wp-content\/uploads\/2023\/12\/WhatsApp-Image-2023-12-28-at-13.43.57.jpeg?w=1035&amp;ssl=1 1035w\" sizes=\"(max-width: 707px) 100vw, 707px\" \/><\/figure>\n\n\n\n<p>Luego, a\u00f1adi\u00f3: \u00abEl municipio est\u00e1 impulsado una agenda de promoci\u00f3n tur\u00edstica, cultural, recreativa y deportiva, y es en ese marco que llevaremos a cabo el Festival Nochevieja, donde quienes asistan podr\u00e1n encontrar una amplia oferta gastron\u00f3mica y cervecera local, junto a la animaci\u00f3n de reconocidos Dj\u2019s\u201d.<\/p>\n\n\n\n<p>En detalle, a lo largo de la calle Elpidio Gonz\u00e1lez los vecinos y vecinas encontrar\u00e1n foodtrucks y puestos de comida, con propuestas de emprendedores locales como Do\u00f1a Papa, Barbato, Juanito Taquer\u00eda, Helados Prego, La Abuela Rina, Los Gringos, Food and Music, Pastas Picca, Perro Vago, Ala Manchada y Fluxa. Tambi\u00e9n habr\u00e1 un espacio con mesas y sillas para que las familias puedan disfrutar c\u00f3modamente de las propuestas, adem\u00e1s, podr\u00e1n llevar sus reposeras.<\/p>\n\n\n\n<p>A su vez, la noche contar\u00e1 con un espect\u00e1culo de Dj\u2019s locales, quienes dividir\u00e1n la tarde-noche en dos bloques de m\u00fasica, de acuerdo a la \u00e9poca: por un lado, se realizar\u00e1 una batalla de DJ con hits de los &#8217;70, &#8217;80 y &#8217;90, con la actuaci\u00f3n de Claudio Martinotti y DJ JAM; y por el otro, Seda Negra y Eliaxxx animar\u00e1n la batalla con temas de los &#8217;90, 2000 y de la actualidad.<\/p>\n\n\n\n<figure class=\"wp-block-image size-large\"><img data-recalc-dims=\"1\" decoding=\"async\" width=\"1024\" height=\"576\" src=\"https:\/\/i0.wp.com\/elregionalvm.com.ar\/noticias-villa-maria\/wp-content\/uploads\/2023\/12\/WhatsApp-Image-2023-12-28-at-13.28.10.jpeg?resize=1024%2C576&#038;ssl=1\" alt=\"\" class=\"wp-image-87864\" srcset=\"https:\/\/i0.wp.com\/elregionalvm.com.ar\/noticias-villa-maria\/wp-content\/uploads\/2023\/12\/WhatsApp-Image-2023-12-28-at-13.28.10.jpeg?resize=1024%2C576&amp;ssl=1 1024w, https:\/\/i0.wp.com\/elregionalvm.com.ar\/noticias-villa-maria\/wp-content\/uploads\/2023\/12\/WhatsApp-Image-2023-12-28-at-13.28.10.jpeg?resize=300%2C169&amp;ssl=1 300w, https:\/\/i0.wp.com\/elregionalvm.com.ar\/noticias-villa-maria\/wp-content\/uploads\/2023\/12\/WhatsApp-Image-2023-12-28-at-13.28.10.jpeg?resize=768%2C432&amp;ssl=1 768w, https:\/\/i0.wp.com\/elregionalvm.com.ar\/noticias-villa-maria\/wp-content\/uploads\/2023\/12\/WhatsApp-Image-2023-12-28-at-13.28.10.jpeg?resize=1536%2C864&amp;ssl=1 1536w, https:\/\/i0.wp.com\/elregionalvm.com.ar\/noticias-villa-maria\/wp-content\/uploads\/2023\/12\/WhatsApp-Image-2023-12-28-at-13.28.10.jpeg?w=1599&amp;ssl=1 1599w\" sizes=\"(max-width: 1000px) 100vw, 1000px\" \/><\/figure>\n\n\n\n<p>Hacia el final, el secretario anunci\u00f3 que se est\u00e1 trabajando en una serie de actividades que tienen que ver no s\u00f3lo con propuestas para la Costanera, sino tambi\u00e9n el Parque de la Vida y para los barrios, que se desarrollar\u00e1n durante toda la temporada estival.<\/p>\n","protected":false},"excerpt":{"rendered":"<p>La Municipalidad present\u00f3 el Festival Nochevieja, una propuesta gastron\u00f3mica y musical para despedir el a\u00f1o El evento busca reunir a vecinos y vecinas de nuestra ciudad y la regi\u00f3n en la Costanera, en una jornada que apunta a compartir y disfrutar en comunidad. La Secretar\u00eda de Gobierno, Cultura y Relaciones Institucionales junto al Ente de [&hellip;]<\/p>\n","protected":false},"author":4,"featured_media":87865,"comment_status":"open","ping_status":"open","sticky":false,"template":"","format":"standard","meta":{"site-sidebar-layout":"default","site-content-layout":"","ast-site-content-layout":"default","site-content-style":"default","site-sidebar-style":"default","ast-global-header-display":"","ast-banner-title-visibility":"","ast-main-header-display":"","ast-hfb-above-header-display":"","ast-hfb-below-header-display":"","ast-hfb-mobile-header-display":"","site-post-title":"","ast-breadcrumbs-content":"","ast-featured-img":"","footer-sml-layout":"","ast-disable-related-posts":"","theme-transparent-header-meta":"","adv-header-id-meta":"","stick-header-meta":"","header-above-stick-meta":"","header-main-stick-meta":"","header-below-stick-meta":"","astra-migrate-meta-layouts":"set","ast-page-background-enabled":"default","ast-page-background-meta":{"desktop":{"background-color":"","background-image":"","background-repeat":"repeat","background-position":"center center","background-size":"auto","background-attachment":"scroll","background-type":"","background-media":"","overlay-type":"","overlay-color":"","overlay-opacity":"","overlay-gradient":""},"tablet":{"background-color":"","background-image":"","background-repeat":"repeat","background-position":"center center","background-size":"auto","background-attachment":"scroll","background-type":"","background-media":"","overlay-type":"","overlay-color":"","overlay-opacity":"","overlay-gradient":""},"mobile":{"background-color":"","background-image":"","background-repeat":"repeat","background-position":"center center","background-size":"auto","background-attachment":"scroll","background-type":"","background-media":"","overlay-type":"","overlay-color":"","overlay-opacity":"","overlay-gradient":""}},"ast-content-background-meta":{"desktop":{"background-color":"var(--ast-global-color-5)","background-image":"","background-repeat":"repeat","background-position":"center center","background-size":"auto","background-attachment":"scroll","background-type":"","background-media":"","overlay-type":"","overlay-color":"","overlay-opacity":"","overlay-gradient":""},"tablet":{"background-color":"var(--ast-global-color-5)","background-image":"","background-repeat":"repeat","background-position":"center center","background-size":"auto","background-attachment":"scroll","background-type":"","background-media":"","overlay-type":"","overlay-color":"","overlay-opacity":"","overlay-gradient":""},"mobile":{"background-color":"var(--ast-global-color-5)","background-image":"","background-repeat":"repeat","background-position":"center center","background-size":"auto","background-attachment":"scroll","background-type":"","background-media":"","overlay-type":"","overlay-color":"","overlay-opacity":"","overlay-gradient":""}},"_jetpack_memberships_contains_paid_content":false,"_joinchat":[],"footnotes":""},"categories":[15302,1],"tags":[],"class_list":["post-87862","post","type-post","status-publish","format-standard","has-post-thumbnail","hentry","category-destacado","category-sin-categoria"],"yoast_head":"<!-- This site is optimized with the Yoast SEO plugin v26.8 - https:\/\/yoast.com\/product\/yoast-seo-wordpress\/ -->\n<title>Se present\u00f3 el Festival Nochevieja, una propuesta gastron\u00f3mica y musical para despedir el a\u00f1o - El Regional<\/title>\n<meta name=\"robots\" content=\"index, follow, max-snippet:-1, max-image-preview:large, max-video-preview:-1\" \/>\n<link rel=\"canonical\" href=\"https:\/\/elregionalvm.com.ar\/noticias-villa-maria\/se-presento-el-festival-nochevieja-una-propuesta-gastronomica-y-musical-para-despedir-el-ano\/\" \/>\n<meta property=\"og:locale\" content=\"es_ES\" \/>\n<meta property=\"og:type\" content=\"article\" \/>\n<meta property=\"og:title\" content=\"Se present\u00f3 el Festival Nochevieja, una propuesta gastron\u00f3mica y musical para despedir el a\u00f1o - El Regional\" \/>\n<meta property=\"og:description\" content=\"La Municipalidad present\u00f3 el Festival Nochevieja, una propuesta gastron\u00f3mica y musical para despedir el a\u00f1o El evento busca reunir a vecinos y vecinas de nuestra ciudad y la regi\u00f3n en la Costanera, en una jornada que apunta a compartir y disfrutar en comunidad. La Secretar\u00eda de Gobierno, Cultura y Relaciones Institucionales junto al Ente de [&hellip;]\" \/>\n<meta property=\"og:url\" content=\"https:\/\/elregionalvm.com.ar\/noticias-villa-maria\/se-presento-el-festival-nochevieja-una-propuesta-gastronomica-y-musical-para-despedir-el-ano\/\" \/>\n<meta property=\"og:site_name\" content=\"El Regional\" \/>\n<meta property=\"article:publisher\" content=\"https:\/\/www.facebook.com\/elregionalvm\" \/>\n<meta property=\"article:published_time\" content=\"2023-12-28T19:36:43+00:00\" \/>\n<meta property=\"article:modified_time\" content=\"2023-12-28T19:48:03+00:00\" \/>\n<meta property=\"og:image\" content=\"https:\/\/elregionalvm.com.ar\/noticias-villa-maria\/wp-content\/uploads\/2023\/12\/WhatsApp-Image-2023-12-28-at-13.28.06.jpeg\" \/>\n\t<meta property=\"og:image:width\" content=\"1599\" \/>\n\t<meta property=\"og:image:height\" content=\"899\" \/>\n\t<meta property=\"og:image:type\" content=\"image\/jpeg\" \/>\n<meta name=\"author\" content=\"Contenidos El Regional\" \/>\n<meta name=\"twitter:card\" content=\"summary_large_image\" \/>\n<meta name=\"twitter:creator\" content=\"@elregionalvm1\" \/>\n<meta name=\"twitter:site\" content=\"@elregionalvm1\" \/>\n<meta name=\"twitter:label1\" content=\"Escrito por\" \/>\n\t<meta name=\"twitter:data1\" content=\"Contenidos El Regional\" \/>\n\t<meta name=\"twitter:label2\" content=\"Tiempo de lectura\" \/>\n\t<meta name=\"twitter:data2\" content=\"2 minutos\" \/>\n<script type=\"application\/ld+json\" class=\"yoast-schema-graph\">{\"@context\":\"https:\/\/schema.org\",\"@graph\":[{\"@type\":\"Article\",\"@id\":\"https:\/\/elregionalvm.com.ar\/noticias-villa-maria\/se-presento-el-festival-nochevieja-una-propuesta-gastronomica-y-musical-para-despedir-el-ano\/#article\",\"isPartOf\":{\"@id\":\"https:\/\/elregionalvm.com.ar\/noticias-villa-maria\/se-presento-el-festival-nochevieja-una-propuesta-gastronomica-y-musical-para-despedir-el-ano\/\"},\"author\":{\"name\":\"Contenidos El Regional\",\"@id\":\"http:\/\/elregionalvm.com.ar\/noticias-villa-maria\/#\/schema\/person\/a0fb9c422317faca23d50163151bc354\"},\"headline\":\"Se present\u00f3 el Festival Nochevieja, una propuesta gastron\u00f3mica y musical para despedir el a\u00f1o\",\"datePublished\":\"2023-12-28T19:36:43+00:00\",\"dateModified\":\"2023-12-28T19:48:03+00:00\",\"mainEntityOfPage\":{\"@id\":\"https:\/\/elregionalvm.com.ar\/noticias-villa-maria\/se-presento-el-festival-nochevieja-una-propuesta-gastronomica-y-musical-para-despedir-el-ano\/\"},\"wordCount\":442,\"commentCount\":0,\"image\":{\"@id\":\"https:\/\/elregionalvm.com.ar\/noticias-villa-maria\/se-presento-el-festival-nochevieja-una-propuesta-gastronomica-y-musical-para-despedir-el-ano\/#primaryimage\"},\"thumbnailUrl\":\"https:\/\/i0.wp.com\/elregionalvm.com.ar\/noticias-villa-maria\/wp-content\/uploads\/2023\/12\/WhatsApp-Image-2023-12-28-at-13.28.06.jpeg?fit=1599%2C899&ssl=1\",\"articleSection\":[\"destacado\"],\"inLanguage\":\"es\",\"potentialAction\":[{\"@type\":\"CommentAction\",\"name\":\"Comment\",\"target\":[\"https:\/\/elregionalvm.com.ar\/noticias-villa-maria\/se-presento-el-festival-nochevieja-una-propuesta-gastronomica-y-musical-para-despedir-el-ano\/#respond\"]}]},{\"@type\":\"WebPage\",\"@id\":\"https:\/\/elregionalvm.com.ar\/noticias-villa-maria\/se-presento-el-festival-nochevieja-una-propuesta-gastronomica-y-musical-para-despedir-el-ano\/\",\"url\":\"https:\/\/elregionalvm.com.ar\/noticias-villa-maria\/se-presento-el-festival-nochevieja-una-propuesta-gastronomica-y-musical-para-despedir-el-ano\/\",\"name\":\"Se present\u00f3 el Festival Nochevieja, una propuesta gastron\u00f3mica y musical para despedir el a\u00f1o - El Regional\",\"isPartOf\":{\"@id\":\"http:\/\/elregionalvm.com.ar\/noticias-villa-maria\/#website\"},\"primaryImageOfPage\":{\"@id\":\"https:\/\/elregionalvm.com.ar\/noticias-villa-maria\/se-presento-el-festival-nochevieja-una-propuesta-gastronomica-y-musical-para-despedir-el-ano\/#primaryimage\"},\"image\":{\"@id\":\"https:\/\/elregionalvm.com.ar\/noticias-villa-maria\/se-presento-el-festival-nochevieja-una-propuesta-gastronomica-y-musical-para-despedir-el-ano\/#primaryimage\"},\"thumbnailUrl\":\"https:\/\/i0.wp.com\/elregionalvm.com.ar\/noticias-villa-maria\/wp-content\/uploads\/2023\/12\/WhatsApp-Image-2023-12-28-at-13.28.06.jpeg?fit=1599%2C899&ssl=1\",\"datePublished\":\"2023-12-28T19:36:43+00:00\",\"dateModified\":\"2023-12-28T19:48:03+00:00\",\"author\":{\"@id\":\"http:\/\/elregionalvm.com.ar\/noticias-villa-maria\/#\/schema\/person\/a0fb9c422317faca23d50163151bc354\"},\"breadcrumb\":{\"@id\":\"https:\/\/elregionalvm.com.ar\/noticias-villa-maria\/se-presento-el-festival-nochevieja-una-propuesta-gastronomica-y-musical-para-despedir-el-ano\/#breadcrumb\"},\"inLanguage\":\"es\",\"potentialAction\":[{\"@type\":\"ReadAction\",\"target\":[\"https:\/\/elregionalvm.com.ar\/noticias-villa-maria\/se-presento-el-festival-nochevieja-una-propuesta-gastronomica-y-musical-para-despedir-el-ano\/\"]}]},{\"@type\":\"ImageObject\",\"inLanguage\":\"es\",\"@id\":\"https:\/\/elregionalvm.com.ar\/noticias-villa-maria\/se-presento-el-festival-nochevieja-una-propuesta-gastronomica-y-musical-para-despedir-el-ano\/#primaryimage\",\"url\":\"https:\/\/i0.wp.com\/elregionalvm.com.ar\/noticias-villa-maria\/wp-content\/uploads\/2023\/12\/WhatsApp-Image-2023-12-28-at-13.28.06.jpeg?fit=1599%2C899&ssl=1\",\"contentUrl\":\"https:\/\/i0.wp.com\/elregionalvm.com.ar\/noticias-villa-maria\/wp-content\/uploads\/2023\/12\/WhatsApp-Image-2023-12-28-at-13.28.06.jpeg?fit=1599%2C899&ssl=1\",\"width\":1599,\"height\":899},{\"@type\":\"BreadcrumbList\",\"@id\":\"https:\/\/elregionalvm.com.ar\/noticias-villa-maria\/se-presento-el-festival-nochevieja-una-propuesta-gastronomica-y-musical-para-despedir-el-ano\/#breadcrumb\",\"itemListElement\":[{\"@type\":\"ListItem\",\"position\":1,\"name\":\"Portada\",\"item\":\"https:\/\/elregionalvm.com.ar\/noticias-villa-maria\/\"},{\"@type\":\"ListItem\",\"position\":2,\"name\":\"Se present\u00f3 el Festival Nochevieja, una propuesta gastron\u00f3mica y musical para despedir el a\u00f1o\"}]},{\"@type\":\"WebSite\",\"@id\":\"http:\/\/elregionalvm.com.ar\/noticias-villa-maria\/#website\",\"url\":\"http:\/\/elregionalvm.com.ar\/noticias-villa-maria\/\",\"name\":\"El Regional\",\"description\":\"Mucho m\u00e1s que informaci\u00f3n\",\"potentialAction\":[{\"@type\":\"SearchAction\",\"target\":{\"@type\":\"EntryPoint\",\"urlTemplate\":\"http:\/\/elregionalvm.com.ar\/noticias-villa-maria\/?s={search_term_string}\"},\"query-input\":{\"@type\":\"PropertyValueSpecification\",\"valueRequired\":true,\"valueName\":\"search_term_string\"}}],\"inLanguage\":\"es\"},{\"@type\":\"Person\",\"@id\":\"http:\/\/elregionalvm.com.ar\/noticias-villa-maria\/#\/schema\/person\/a0fb9c422317faca23d50163151bc354\",\"name\":\"Contenidos El Regional\",\"image\":{\"@type\":\"ImageObject\",\"inLanguage\":\"es\",\"@id\":\"http:\/\/elregionalvm.com.ar\/noticias-villa-maria\/#\/schema\/person\/image\/\",\"url\":\"https:\/\/secure.gravatar.com\/avatar\/265b27cb2209af7bb3a1318f03305787d7981a5cc6e6cd08fe5a4ecdf99d4b48?s=96&d=mm&r=g\",\"contentUrl\":\"https:\/\/secure.gravatar.com\/avatar\/265b27cb2209af7bb3a1318f03305787d7981a5cc6e6cd08fe5a4ecdf99d4b48?s=96&d=mm&r=g\",\"caption\":\"Contenidos El Regional\"},\"url\":\"https:\/\/elregionalvm.com.ar\/noticias-villa-maria\/author\/contenido\/\"}]}<\/script>\n<!-- \/ Yoast SEO plugin. -->","yoast_head_json":{"title":"Se present\u00f3 el Festival Nochevieja, una propuesta gastron\u00f3mica y musical para despedir el a\u00f1o - El Regional","robots":{"index":"index","follow":"follow","max-snippet":"max-snippet:-1","max-image-preview":"max-image-preview:large","max-video-preview":"max-video-preview:-1"},"canonical":"https:\/\/elregionalvm.com.ar\/noticias-villa-maria\/se-presento-el-festival-nochevieja-una-propuesta-gastronomica-y-musical-para-despedir-el-ano\/","og_locale":"es_ES","og_type":"article","og_title":"Se present\u00f3 el Festival Nochevieja, una propuesta gastron\u00f3mica y musical para despedir el a\u00f1o - El Regional","og_description":"La Municipalidad present\u00f3 el Festival Nochevieja, una propuesta gastron\u00f3mica y musical para despedir el a\u00f1o El evento busca reunir a vecinos y vecinas de nuestra ciudad y la regi\u00f3n en la Costanera, en una jornada que apunta a compartir y disfrutar en comunidad. La Secretar\u00eda de Gobierno, Cultura y Relaciones Institucionales junto al Ente de [&hellip;]","og_url":"https:\/\/elregionalvm.com.ar\/noticias-villa-maria\/se-presento-el-festival-nochevieja-una-propuesta-gastronomica-y-musical-para-despedir-el-ano\/","og_site_name":"El Regional","article_publisher":"https:\/\/www.facebook.com\/elregionalvm","article_published_time":"2023-12-28T19:36:43+00:00","article_modified_time":"2023-12-28T19:48:03+00:00","og_image":[{"width":1599,"height":899,"url":"https:\/\/elregionalvm.com.ar\/noticias-villa-maria\/wp-content\/uploads\/2023\/12\/WhatsApp-Image-2023-12-28-at-13.28.06.jpeg","type":"image\/jpeg"}],"author":"Contenidos El Regional","twitter_card":"summary_large_image","twitter_creator":"@elregionalvm1","twitter_site":"@elregionalvm1","twitter_misc":{"Escrito por":"Contenidos El Regional","Tiempo de lectura":"2 minutos"},"schema":{"@context":"https:\/\/schema.org","@graph":[{"@type":"Article","@id":"https:\/\/elregionalvm.com.ar\/noticias-villa-maria\/se-presento-el-festival-nochevieja-una-propuesta-gastronomica-y-musical-para-despedir-el-ano\/#article","isPartOf":{"@id":"https:\/\/elregionalvm.com.ar\/noticias-villa-maria\/se-presento-el-festival-nochevieja-una-propuesta-gastronomica-y-musical-para-despedir-el-ano\/"},"author":{"name":"Contenidos El Regional","@id":"http:\/\/elregionalvm.com.ar\/noticias-villa-maria\/#\/schema\/person\/a0fb9c422317faca23d50163151bc354"},"headline":"Se present\u00f3 el Festival Nochevieja, una propuesta gastron\u00f3mica y musical para despedir el a\u00f1o","datePublished":"2023-12-28T19:36:43+00:00","dateModified":"2023-12-28T19:48:03+00:00","mainEntityOfPage":{"@id":"https:\/\/elregionalvm.com.ar\/noticias-villa-maria\/se-presento-el-festival-nochevieja-una-propuesta-gastronomica-y-musical-para-despedir-el-ano\/"},"wordCount":442,"commentCount":0,"image":{"@id":"https:\/\/elregionalvm.com.ar\/noticias-villa-maria\/se-presento-el-festival-nochevieja-una-propuesta-gastronomica-y-musical-para-despedir-el-ano\/#primaryimage"},"thumbnailUrl":"https:\/\/i0.wp.com\/elregionalvm.com.ar\/noticias-villa-maria\/wp-content\/uploads\/2023\/12\/WhatsApp-Image-2023-12-28-at-13.28.06.jpeg?fit=1599%2C899&ssl=1","articleSection":["destacado"],"inLanguage":"es","potentialAction":[{"@type":"CommentAction","name":"Comment","target":["https:\/\/elregionalvm.com.ar\/noticias-villa-maria\/se-presento-el-festival-nochevieja-una-propuesta-gastronomica-y-musical-para-despedir-el-ano\/#respond"]}]},{"@type":"WebPage","@id":"https:\/\/elregionalvm.com.ar\/noticias-villa-maria\/se-presento-el-festival-nochevieja-una-propuesta-gastronomica-y-musical-para-despedir-el-ano\/","url":"https:\/\/elregionalvm.com.ar\/noticias-villa-maria\/se-presento-el-festival-nochevieja-una-propuesta-gastronomica-y-musical-para-despedir-el-ano\/","name":"Se present\u00f3 el Festival Nochevieja, una propuesta gastron\u00f3mica y musical para despedir el a\u00f1o - El Regional","isPartOf":{"@id":"http:\/\/elregionalvm.com.ar\/noticias-villa-maria\/#website"},"primaryImageOfPage":{"@id":"https:\/\/elregionalvm.com.ar\/noticias-villa-maria\/se-presento-el-festival-nochevieja-una-propuesta-gastronomica-y-musical-para-despedir-el-ano\/#primaryimage"},"image":{"@id":"https:\/\/elregionalvm.com.ar\/noticias-villa-maria\/se-presento-el-festival-nochevieja-una-propuesta-gastronomica-y-musical-para-despedir-el-ano\/#primaryimage"},"thumbnailUrl":"https:\/\/i0.wp.com\/elregionalvm.com.ar\/noticias-villa-maria\/wp-content\/uploads\/2023\/12\/WhatsApp-Image-2023-12-28-at-13.28.06.jpeg?fit=1599%2C899&ssl=1","datePublished":"2023-12-28T19:36:43+00:00","dateModified":"2023-12-28T19:48:03+00:00","author":{"@id":"http:\/\/elregionalvm.com.ar\/noticias-villa-maria\/#\/schema\/person\/a0fb9c422317faca23d50163151bc354"},"breadcrumb":{"@id":"https:\/\/elregionalvm.com.ar\/noticias-villa-maria\/se-presento-el-festival-nochevieja-una-propuesta-gastronomica-y-musical-para-despedir-el-ano\/#breadcrumb"},"inLanguage":"es","potentialAction":[{"@type":"ReadAction","target":["https:\/\/elregionalvm.com.ar\/noticias-villa-maria\/se-presento-el-festival-nochevieja-una-propuesta-gastronomica-y-musical-para-despedir-el-ano\/"]}]},{"@type":"ImageObject","inLanguage":"es","@id":"https:\/\/elregionalvm.com.ar\/noticias-villa-maria\/se-presento-el-festival-nochevieja-una-propuesta-gastronomica-y-musical-para-despedir-el-ano\/#primaryimage","url":"https:\/\/i0.wp.com\/elregionalvm.com.ar\/noticias-villa-maria\/wp-content\/uploads\/2023\/12\/WhatsApp-Image-2023-12-28-at-13.28.06.jpeg?fit=1599%2C899&ssl=1","contentUrl":"https:\/\/i0.wp.com\/elregionalvm.com.ar\/noticias-villa-maria\/wp-content\/uploads\/2023\/12\/WhatsApp-Image-2023-12-28-at-13.28.06.jpeg?fit=1599%2C899&ssl=1","width":1599,"height":899},{"@type":"BreadcrumbList","@id":"https:\/\/elregionalvm.com.ar\/noticias-villa-maria\/se-presento-el-festival-nochevieja-una-propuesta-gastronomica-y-musical-para-despedir-el-ano\/#breadcrumb","itemListElement":[{"@type":"ListItem","position":1,"name":"Portada","item":"https:\/\/elregionalvm.com.ar\/noticias-villa-maria\/"},{"@type":"ListItem","position":2,"name":"Se present\u00f3 el Festival Nochevieja, una propuesta gastron\u00f3mica y musical para despedir el a\u00f1o"}]},{"@type":"WebSite","@id":"http:\/\/elregionalvm.com.ar\/noticias-villa-maria\/#website","url":"http:\/\/elregionalvm.com.ar\/noticias-villa-maria\/","name":"El Regional","description":"Mucho m\u00e1s que informaci\u00f3n","potentialAction":[{"@type":"SearchAction","target":{"@type":"EntryPoint","urlTemplate":"http:\/\/elregionalvm.com.ar\/noticias-villa-maria\/?s={search_term_string}"},"query-input":{"@type":"PropertyValueSpecification","valueRequired":true,"valueName":"search_term_string"}}],"inLanguage":"es"},{"@type":"Person","@id":"http:\/\/elregionalvm.com.ar\/noticias-villa-maria\/#\/schema\/person\/a0fb9c422317faca23d50163151bc354","name":"Contenidos El Regional","image":{"@type":"ImageObject","inLanguage":"es","@id":"http:\/\/elregionalvm.com.ar\/noticias-villa-maria\/#\/schema\/person\/image\/","url":"https:\/\/secure.gravatar.com\/avatar\/265b27cb2209af7bb3a1318f03305787d7981a5cc6e6cd08fe5a4ecdf99d4b48?s=96&d=mm&r=g","contentUrl":"https:\/\/secure.gravatar.com\/avatar\/265b27cb2209af7bb3a1318f03305787d7981a5cc6e6cd08fe5a4ecdf99d4b48?s=96&d=mm&r=g","caption":"Contenidos El Regional"},"url":"https:\/\/elregionalvm.com.ar\/noticias-villa-maria\/author\/contenido\/"}]}},"jetpack_featured_media_url":"https:\/\/i0.wp.com\/elregionalvm.com.ar\/noticias-villa-maria\/wp-content\/uploads\/2023\/12\/WhatsApp-Image-2023-12-28-at-13.28.06.jpeg?fit=1599%2C899&ssl=1","jetpack_sharing_enabled":true,"_links":{"self":[{"href":"https:\/\/elregionalvm.com.ar\/noticias-villa-maria\/wp-json\/wp\/v2\/posts\/87862","targetHints":{"allow":["GET"]}}],"collection":[{"href":"https:\/\/elregionalvm.com.ar\/noticias-villa-maria\/wp-json\/wp\/v2\/posts"}],"about":[{"href":"https:\/\/elregionalvm.com.ar\/noticias-villa-maria\/wp-json\/wp\/v2\/types\/post"}],"author":[{"embeddable":true,"href":"https:\/\/elregionalvm.com.ar\/noticias-villa-maria\/wp-json\/wp\/v2\/users\/4"}],"replies":[{"embeddable":true,"href":"https:\/\/elregionalvm.com.ar\/noticias-villa-maria\/wp-json\/wp\/v2\/comments?post=87862"}],"version-history":[{"count":1,"href":"https:\/\/elregionalvm.com.ar\/noticias-villa-maria\/wp-json\/wp\/v2\/posts\/87862\/revisions"}],"predecessor-version":[{"id":87866,"href":"https:\/\/elregionalvm.com.ar\/noticias-villa-maria\/wp-json\/wp\/v2\/posts\/87862\/revisions\/87866"}],"wp:featuredmedia":[{"embeddable":true,"href":"https:\/\/elregionalvm.com.ar\/noticias-villa-maria\/wp-json\/wp\/v2\/media\/87865"}],"wp:attachment":[{"href":"https:\/\/elregionalvm.com.ar\/noticias-villa-maria\/wp-json\/wp\/v2\/media?parent=87862"}],"wp:term":[{"taxonomy":"category","embeddable":true,"href":"https:\/\/elregionalvm.com.ar\/noticias-villa-maria\/wp-json\/wp\/v2\/categories?post=87862"},{"taxonomy":"post_tag","embeddable":true,"href":"https:\/\/elregionalvm.com.ar\/noticias-villa-maria\/wp-json\/wp\/v2\/tags?post=87862"}],"curies":[{"name":"wp","href":"https:\/\/api.w.org\/{rel}","templated":true}]}}