{"id":87962,"date":"2023-12-31T02:20:44","date_gmt":"2023-12-31T02:20:44","guid":{"rendered":"https:\/\/elregionalvm.com.ar\/noticias-villa-maria\/?p=87962"},"modified":"2024-01-03T21:36:23","modified_gmt":"2024-01-03T21:36:23","slug":"2024-un-ano-mas-que-comienza-la-mejor-oportunidad-dejar-de-perder-nuestro-tiempo","status":"publish","type":"post","link":"https:\/\/elregionalvm.com.ar\/noticias-villa-maria\/2024-un-ano-mas-que-comienza-la-mejor-oportunidad-dejar-de-perder-nuestro-tiempo\/","title":{"rendered":"[2024] Un a\u00f1o m\u00e1s que comienza, la mejor oportunidad para dejar de perder nuestro \u201cTiempo\u201d"},"content":{"rendered":"\n<p><\/p>\n\n\n\n<p><strong>Escribe: Germ\u00e1n Giacchero<\/strong><\/p>\n\n\n\n<p><\/p>\n\n\n\n<p>Miro el reloj y hace horas pareciera que hubi\u00e9ramos celebrado el a\u00f1o nuevo, padecido o disfrutado el verano pasado, m\u00e1s el comienzo de clases en marzo y a empezar poner el lomo a un a\u00f1o que asom\u00f3 complejo y termin\u00f3 peor. Otro m\u00e1s y van.<\/p>\n\n\n\n<p>\u201cEl tiempo vuela\u201d, se ha convertido en la frase nuestra de cada d\u00eda.<\/p>\n\n\n\n<p>Insobornable y perpetuo, el tiempo resiste los embates de los liftings que prometen la eterna juventud y las tentaciones de apresarlo para siempre en las hojas de un almanaque o en las agujas de un reloj.<\/p>\n\n\n\n<p>Desde sus inicios, la humanidad cre\u00f3 los m\u00e1s diversos m\u00e9todos para controlar el tiempo, para domesticarlo, para hacerlo suyo. Aunque en cierta forma el tiempo es una invenci\u00f3n humana, el hombre no lo puede manejar a su antojo.<\/p>\n\n\n\n<p>Y, en forma parad\u00f3jica, a pesar de ser un permanente devenir, para el ser humano, el tiempo es un recurso no renovable.<\/p>\n\n\n\n<p><\/p>\n\n\n\n<figure class=\"wp-block-image size-full\"><img data-recalc-dims=\"1\" fetchpriority=\"high\" decoding=\"async\" width=\"910\" height=\"607\" src=\"https:\/\/i0.wp.com\/elregionalvm.com.ar\/noticias-villa-maria\/wp-content\/uploads\/2023\/03\/tiempo-veloz-salto-reloj-nube.jpg?resize=910%2C607&#038;ssl=1\" alt=\"\" class=\"wp-image-73122\" srcset=\"https:\/\/i0.wp.com\/elregionalvm.com.ar\/noticias-villa-maria\/wp-content\/uploads\/2023\/03\/tiempo-veloz-salto-reloj-nube.jpg?w=910&amp;ssl=1 910w, https:\/\/i0.wp.com\/elregionalvm.com.ar\/noticias-villa-maria\/wp-content\/uploads\/2023\/03\/tiempo-veloz-salto-reloj-nube.jpg?resize=300%2C200&amp;ssl=1 300w, https:\/\/i0.wp.com\/elregionalvm.com.ar\/noticias-villa-maria\/wp-content\/uploads\/2023\/03\/tiempo-veloz-salto-reloj-nube.jpg?resize=768%2C512&amp;ssl=1 768w\" sizes=\"(max-width: 910px) 100vw, 910px\" \/><\/figure>\n\n\n\n<p><\/p>\n\n\n\n<p>La m\u00e1xima \u201cel tiempo es oro\u201d expresa con acierto capitalista el costo en el mercado de cada minuto de nuestras vidas.<\/p>\n\n\n\n<p>Resulta ser tan buen negocio que hasta nos permiten llevarlo atado en nuestras mu\u00f1ecas, desparramarlo en una mesita de luz y colgarlo en las paredes de nuestros hogares. Y, desde hace unos a\u00f1os tambi\u00e9n nos controla desde la pantalla del celular.<\/p>\n\n\n\n<p>Pero el problema es de nosotros, no del tiempo.<\/p>\n\n\n\n<p><\/p>\n\n\n\n<figure class=\"wp-block-pullquote\"><blockquote><p><strong>No representa lo mismo para un enfermo terminal, para un atleta que rompe r\u00e9cords, para el novio que en su espera desespera o para el ni\u00f1o explotado que trabaja de sol a sol.<\/strong><\/p><\/blockquote><\/figure>\n\n\n\n<p><\/p>\n\n\n\n<p>El tiempo tiene, quiz\u00e1s, dos dimensiones: una objetiva, que lo hace inasible, inabordable, eterno; la otra, m\u00e1s subjetiva, m\u00e1s personal, ligada a la cotidianidad de cada uno.<\/p>\n\n\n\n<p>Por eso el tiempo vuela y no representa lo mismo para un enfermo terminal, para un atleta que rompe r\u00e9cords, para el novio que en su espera desespera o para el ni\u00f1o explotado que trabaja de sol a sol.<\/p>\n\n\n\n<p>Poder dominar el tiempo es el deseo de los hombres poderosos que anhelan acumular m\u00e1s poder. La m\u00e1quina del tiempo es as\u00ed la expresi\u00f3n superlativa de los vanos intentos humanos para someterlo.<\/p>\n\n\n\n<p>Hoy, son los norteamericanos quienes rigen los destinos del globo terrestre con su propia \u201cm\u00e1quina del tiempo\u201d: el reloj at\u00f3mico de Washington, en el que se basa el resto de los relojes del planeta. Pero el poder tambi\u00e9n tiene grietas: ese prodigio tecnol\u00f3gico marc\u00f3 19.100 (luego de 1999) en vez de 2000, cuando comenz\u00f3 ese a\u00f1o bisagra.<\/p>\n\n\n\n<p><\/p>\n\n\n\n<figure class=\"wp-block-image size-large\"><img data-recalc-dims=\"1\" decoding=\"async\" width=\"1024\" height=\"574\" src=\"https:\/\/i0.wp.com\/elregionalvm.com.ar\/noticias-villa-maria\/wp-content\/uploads\/2021\/11\/Reunion-social-brindis.jpg?resize=1024%2C574&#038;ssl=1\" alt=\"\" class=\"wp-image-47457\" srcset=\"https:\/\/i0.wp.com\/elregionalvm.com.ar\/noticias-villa-maria\/wp-content\/uploads\/2021\/11\/Reunion-social-brindis.jpg?resize=1024%2C574&amp;ssl=1 1024w, https:\/\/i0.wp.com\/elregionalvm.com.ar\/noticias-villa-maria\/wp-content\/uploads\/2021\/11\/Reunion-social-brindis.jpg?resize=300%2C168&amp;ssl=1 300w, https:\/\/i0.wp.com\/elregionalvm.com.ar\/noticias-villa-maria\/wp-content\/uploads\/2021\/11\/Reunion-social-brindis.jpg?resize=768%2C431&amp;ssl=1 768w, https:\/\/i0.wp.com\/elregionalvm.com.ar\/noticias-villa-maria\/wp-content\/uploads\/2021\/11\/Reunion-social-brindis.jpg?w=1200&amp;ssl=1 1200w\" sizes=\"(max-width: 1000px) 100vw, 1000px\" \/><\/figure>\n\n\n\n<p><\/p>\n\n\n\n<p>Pero antes, fueron otros. El imperio romano impuso de la mano de Julio C\u00e9sar su propio calendario a los pueblos sometidos, hasta que con la expansi\u00f3n del cristianismo el Vaticano cre\u00f3 el calendario gregoriano para demostrar su poder\u00edo.<\/p>\n\n\n\n<p>Inglaterra y sus colonias vivieron durante casi dos siglos diez d\u00edas adelantados que el resto de Europa. Como estos, sobran lo ejemplos.<\/p>\n\n\n\n<p><strong>Capricho universal<\/strong><\/p>\n\n\n\n<p>Que el a\u00f1o nuevo se celebre cada 1 de enero, \u00bfes un capricho humano? S\u00ed. Porque am\u00e9n de las disputas desatadas en torno a la verdadera fecha de nacimiento de Cristo (se dice que en verdad naci\u00f3 4 a\u00f1os antes de Cristo), como en tantos otros temas, la humanidad no se ha puesto de acuerdo.<\/p>\n\n\n\n<p><\/p>\n\n\n\n<figure class=\"wp-block-image size-full is-resized\"><img data-recalc-dims=\"1\" decoding=\"async\" width=\"750\" height=\"422\" src=\"https:\/\/i0.wp.com\/elregionalvm.com.ar\/noticias-villa-maria\/wp-content\/uploads\/2023\/12\/Ano-nuevo.jpg?resize=750%2C422&#038;ssl=1\" alt=\"\" class=\"wp-image-87967\" style=\"width:910px;height:auto\" srcset=\"https:\/\/i0.wp.com\/elregionalvm.com.ar\/noticias-villa-maria\/wp-content\/uploads\/2023\/12\/Ano-nuevo.jpg?w=750&amp;ssl=1 750w, https:\/\/i0.wp.com\/elregionalvm.com.ar\/noticias-villa-maria\/wp-content\/uploads\/2023\/12\/Ano-nuevo.jpg?resize=300%2C169&amp;ssl=1 300w\" sizes=\"(max-width: 750px) 100vw, 750px\" \/><\/figure>\n\n\n\n<p><\/p>\n\n\n\n<p>Para las culturas no cristianas, el 2024 ya fue o todav\u00eda no lleg\u00f3.<\/p>\n\n\n\n<p>La mayor parte de los abor\u00edgenes sudamericanos celebran el a\u00f1o nuevo entre el 21 y 24 de junio; el calendario hebreo marca el a\u00f1o 5.784; los musulmanes andan por el 1444 y los budistas en el 2566. Para el gran ciclo de los mayas ser\u00eda el a\u00f1o 5137, y los chinos tambi\u00e9n lo cuentan de una manera diferente.<\/p>\n\n\n\n<p>Quiz\u00e1s tenga raz\u00f3n la frase que celebra al atributo de volar que nosotros, peque\u00f1os y perecederos mortales, repetimos como el tic tac incansable de un reloj.<\/p>\n\n\n\n<p>Quiz\u00e1s sea verdad.<\/p>\n\n\n\n<p>Pero a m\u00ed se me termina el tiempo y esta nota se termina ac\u00e1. Esperemos que no haya sido una p\u00e9rdida\u2026 de tiempo, claro.<\/p>\n\n\n\n<p>Y ojal\u00e1 aprendamos, de una buena vez, a valorar el mejor capital personal que tenemos y no nos damos cuenta.<\/p>\n\n\n\n<p><\/p>\n\n\n\n<h4 class=\"wp-block-heading\"><strong>\u00a1Feliz A\u00f1o Nuevo!<\/strong><\/h4>\n","protected":false},"excerpt":{"rendered":"<p>Escribe: Germ\u00e1n Giacchero Miro el reloj y hace horas pareciera que hubi\u00e9ramos celebrado el a\u00f1o nuevo, padecido o disfrutado el verano pasado, m\u00e1s el comienzo de clases en marzo y a empezar poner el lomo a un a\u00f1o que asom\u00f3 complejo y termin\u00f3 peor. Otro m\u00e1s y van. \u201cEl tiempo vuela\u201d, se ha convertido en [&hellip;]<\/p>\n","protected":false},"author":6,"featured_media":87966,"comment_status":"open","ping_status":"open","sticky":false,"template":"","format":"standard","meta":{"site-sidebar-layout":"default","site-content-layout":"","ast-site-content-layout":"default","site-content-style":"default","site-sidebar-style":"default","ast-global-header-display":"","ast-banner-title-visibility":"","ast-main-header-display":"","ast-hfb-above-header-display":"","ast-hfb-below-header-display":"","ast-hfb-mobile-header-display":"","site-post-title":"","ast-breadcrumbs-content":"","ast-featured-img":"","footer-sml-layout":"","ast-disable-related-posts":"","theme-transparent-header-meta":"","adv-header-id-meta":"","stick-header-meta":"","header-above-stick-meta":"","header-main-stick-meta":"","header-below-stick-meta":"","astra-migrate-meta-layouts":"set","ast-page-background-enabled":"default","ast-page-background-meta":{"desktop":{"background-color":"","background-image":"","background-repeat":"repeat","background-position":"center center","background-size":"auto","background-attachment":"scroll","background-type":"","background-media":"","overlay-type":"","overlay-color":"","overlay-opacity":"","overlay-gradient":""},"tablet":{"background-color":"","background-image":"","background-repeat":"repeat","background-position":"center center","background-size":"auto","background-attachment":"scroll","background-type":"","background-media":"","overlay-type":"","overlay-color":"","overlay-opacity":"","overlay-gradient":""},"mobile":{"background-color":"","background-image":"","background-repeat":"repeat","background-position":"center center","background-size":"auto","background-attachment":"scroll","background-type":"","background-media":"","overlay-type":"","overlay-color":"","overlay-opacity":"","overlay-gradient":""}},"ast-content-background-meta":{"desktop":{"background-color":"var(--ast-global-color-5)","background-image":"","background-repeat":"repeat","background-position":"center center","background-size":"auto","background-attachment":"scroll","background-type":"","background-media":"","overlay-type":"","overlay-color":"","overlay-opacity":"","overlay-gradient":""},"tablet":{"background-color":"var(--ast-global-color-5)","background-image":"","background-repeat":"repeat","background-position":"center center","background-size":"auto","background-attachment":"scroll","background-type":"","background-media":"","overlay-type":"","overlay-color":"","overlay-opacity":"","overlay-gradient":""},"mobile":{"background-color":"var(--ast-global-color-5)","background-image":"","background-repeat":"repeat","background-position":"center center","background-size":"auto","background-attachment":"scroll","background-type":"","background-media":"","overlay-type":"","overlay-color":"","overlay-opacity":"","overlay-gradient":""}},"_jetpack_memberships_contains_paid_content":false,"_joinchat":[],"footnotes":""},"categories":[365,3557],"tags":[23332,23333,6171,962,4980,3129,2168,1377],"class_list":["post-87962","post","type-post","status-publish","format-standard","has-post-thumbnail","hentry","category-opinion","category-tercera","tag-23332","tag-activo","tag-ano-nuevo","tag-capital","tag-esperanza","tag-fin-de-ano","tag-tiempo","tag-valor"],"yoast_head":"<!-- This site is optimized with the Yoast SEO plugin v26.8 - https:\/\/yoast.com\/product\/yoast-seo-wordpress\/ -->\n<title>[2024] Un a\u00f1o m\u00e1s que comienza, la mejor oportunidad para dejar de perder nuestro \u201cTiempo\u201d - El Regional<\/title>\n<meta name=\"robots\" content=\"index, follow, max-snippet:-1, max-image-preview:large, max-video-preview:-1\" \/>\n<link rel=\"canonical\" href=\"https:\/\/elregionalvm.com.ar\/noticias-villa-maria\/2024-un-ano-mas-que-comienza-la-mejor-oportunidad-dejar-de-perder-nuestro-tiempo\/\" \/>\n<meta property=\"og:locale\" content=\"es_ES\" \/>\n<meta property=\"og:type\" content=\"article\" \/>\n<meta property=\"og:title\" content=\"[2024] Un a\u00f1o m\u00e1s que comienza, la mejor oportunidad para dejar de perder nuestro \u201cTiempo\u201d - El Regional\" \/>\n<meta property=\"og:description\" content=\"Escribe: Germ\u00e1n Giacchero Miro el reloj y hace horas pareciera que hubi\u00e9ramos celebrado el a\u00f1o nuevo, padecido o disfrutado el verano pasado, m\u00e1s el comienzo de clases en marzo y a empezar poner el lomo a un a\u00f1o que asom\u00f3 complejo y termin\u00f3 peor. Otro m\u00e1s y van. \u201cEl tiempo vuela\u201d, se ha convertido en [&hellip;]\" \/>\n<meta property=\"og:url\" content=\"https:\/\/elregionalvm.com.ar\/noticias-villa-maria\/2024-un-ano-mas-que-comienza-la-mejor-oportunidad-dejar-de-perder-nuestro-tiempo\/\" \/>\n<meta property=\"og:site_name\" content=\"El Regional\" \/>\n<meta property=\"article:publisher\" content=\"https:\/\/www.facebook.com\/elregionalvm\" \/>\n<meta property=\"article:published_time\" content=\"2023-12-31T02:20:44+00:00\" \/>\n<meta property=\"article:modified_time\" content=\"2024-01-03T21:36:23+00:00\" \/>\n<meta property=\"og:image\" content=\"https:\/\/elregionalvm.com.ar\/noticias-villa-maria\/wp-content\/uploads\/2023\/12\/2024-ano-nuevo.jpg\" \/>\n\t<meta property=\"og:image:width\" content=\"933\" \/>\n\t<meta property=\"og:image:height\" content=\"622\" \/>\n\t<meta property=\"og:image:type\" content=\"image\/jpeg\" \/>\n<meta name=\"author\" content=\"Germ\u00e1n Giacchero\" \/>\n<meta name=\"twitter:card\" content=\"summary_large_image\" \/>\n<meta name=\"twitter:creator\" content=\"@elregionalvm1\" \/>\n<meta name=\"twitter:site\" content=\"@elregionalvm1\" \/>\n<meta name=\"twitter:label1\" content=\"Escrito por\" \/>\n\t<meta name=\"twitter:data1\" content=\"Germ\u00e1n Giacchero\" \/>\n\t<meta name=\"twitter:label2\" content=\"Tiempo de lectura\" \/>\n\t<meta name=\"twitter:data2\" content=\"4 minutos\" \/>\n<script type=\"application\/ld+json\" class=\"yoast-schema-graph\">{\"@context\":\"https:\/\/schema.org\",\"@graph\":[{\"@type\":\"Article\",\"@id\":\"https:\/\/elregionalvm.com.ar\/noticias-villa-maria\/2024-un-ano-mas-que-comienza-la-mejor-oportunidad-dejar-de-perder-nuestro-tiempo\/#article\",\"isPartOf\":{\"@id\":\"https:\/\/elregionalvm.com.ar\/noticias-villa-maria\/2024-un-ano-mas-que-comienza-la-mejor-oportunidad-dejar-de-perder-nuestro-tiempo\/\"},\"author\":{\"name\":\"Germ\u00e1n Giacchero\",\"@id\":\"http:\/\/elregionalvm.com.ar\/noticias-villa-maria\/#\/schema\/person\/d5e4b04966154131701e52c45d3efec9\"},\"headline\":\"[2024] Un a\u00f1o m\u00e1s que comienza, la mejor oportunidad para dejar de perder nuestro \u201cTiempo\u201d\",\"datePublished\":\"2023-12-31T02:20:44+00:00\",\"dateModified\":\"2024-01-03T21:36:23+00:00\",\"mainEntityOfPage\":{\"@id\":\"https:\/\/elregionalvm.com.ar\/noticias-villa-maria\/2024-un-ano-mas-que-comienza-la-mejor-oportunidad-dejar-de-perder-nuestro-tiempo\/\"},\"wordCount\":734,\"commentCount\":0,\"image\":{\"@id\":\"https:\/\/elregionalvm.com.ar\/noticias-villa-maria\/2024-un-ano-mas-que-comienza-la-mejor-oportunidad-dejar-de-perder-nuestro-tiempo\/#primaryimage\"},\"thumbnailUrl\":\"https:\/\/i0.wp.com\/elregionalvm.com.ar\/noticias-villa-maria\/wp-content\/uploads\/2023\/12\/2024-ano-nuevo.jpg?fit=933%2C622&ssl=1\",\"keywords\":[\"2024\",\"activo\",\"A\u00f1o Nuevo\",\"Capital\",\"Esperanza\",\"fin de a\u00f1o\",\"Tiempo\",\"valor\"],\"articleSection\":[\"Opini\u00f3n\",\"tercera\"],\"inLanguage\":\"es\",\"potentialAction\":[{\"@type\":\"CommentAction\",\"name\":\"Comment\",\"target\":[\"https:\/\/elregionalvm.com.ar\/noticias-villa-maria\/2024-un-ano-mas-que-comienza-la-mejor-oportunidad-dejar-de-perder-nuestro-tiempo\/#respond\"]}]},{\"@type\":\"WebPage\",\"@id\":\"https:\/\/elregionalvm.com.ar\/noticias-villa-maria\/2024-un-ano-mas-que-comienza-la-mejor-oportunidad-dejar-de-perder-nuestro-tiempo\/\",\"url\":\"https:\/\/elregionalvm.com.ar\/noticias-villa-maria\/2024-un-ano-mas-que-comienza-la-mejor-oportunidad-dejar-de-perder-nuestro-tiempo\/\",\"name\":\"[2024] Un a\u00f1o m\u00e1s que comienza, la mejor oportunidad para dejar de perder nuestro \u201cTiempo\u201d - El Regional\",\"isPartOf\":{\"@id\":\"http:\/\/elregionalvm.com.ar\/noticias-villa-maria\/#website\"},\"primaryImageOfPage\":{\"@id\":\"https:\/\/elregionalvm.com.ar\/noticias-villa-maria\/2024-un-ano-mas-que-comienza-la-mejor-oportunidad-dejar-de-perder-nuestro-tiempo\/#primaryimage\"},\"image\":{\"@id\":\"https:\/\/elregionalvm.com.ar\/noticias-villa-maria\/2024-un-ano-mas-que-comienza-la-mejor-oportunidad-dejar-de-perder-nuestro-tiempo\/#primaryimage\"},\"thumbnailUrl\":\"https:\/\/i0.wp.com\/elregionalvm.com.ar\/noticias-villa-maria\/wp-content\/uploads\/2023\/12\/2024-ano-nuevo.jpg?fit=933%2C622&ssl=1\",\"datePublished\":\"2023-12-31T02:20:44+00:00\",\"dateModified\":\"2024-01-03T21:36:23+00:00\",\"author\":{\"@id\":\"http:\/\/elregionalvm.com.ar\/noticias-villa-maria\/#\/schema\/person\/d5e4b04966154131701e52c45d3efec9\"},\"breadcrumb\":{\"@id\":\"https:\/\/elregionalvm.com.ar\/noticias-villa-maria\/2024-un-ano-mas-que-comienza-la-mejor-oportunidad-dejar-de-perder-nuestro-tiempo\/#breadcrumb\"},\"inLanguage\":\"es\",\"potentialAction\":[{\"@type\":\"ReadAction\",\"target\":[\"https:\/\/elregionalvm.com.ar\/noticias-villa-maria\/2024-un-ano-mas-que-comienza-la-mejor-oportunidad-dejar-de-perder-nuestro-tiempo\/\"]}]},{\"@type\":\"ImageObject\",\"inLanguage\":\"es\",\"@id\":\"https:\/\/elregionalvm.com.ar\/noticias-villa-maria\/2024-un-ano-mas-que-comienza-la-mejor-oportunidad-dejar-de-perder-nuestro-tiempo\/#primaryimage\",\"url\":\"https:\/\/i0.wp.com\/elregionalvm.com.ar\/noticias-villa-maria\/wp-content\/uploads\/2023\/12\/2024-ano-nuevo.jpg?fit=933%2C622&ssl=1\",\"contentUrl\":\"https:\/\/i0.wp.com\/elregionalvm.com.ar\/noticias-villa-maria\/wp-content\/uploads\/2023\/12\/2024-ano-nuevo.jpg?fit=933%2C622&ssl=1\",\"width\":933,\"height\":622},{\"@type\":\"BreadcrumbList\",\"@id\":\"https:\/\/elregionalvm.com.ar\/noticias-villa-maria\/2024-un-ano-mas-que-comienza-la-mejor-oportunidad-dejar-de-perder-nuestro-tiempo\/#breadcrumb\",\"itemListElement\":[{\"@type\":\"ListItem\",\"position\":1,\"name\":\"Portada\",\"item\":\"https:\/\/elregionalvm.com.ar\/noticias-villa-maria\/\"},{\"@type\":\"ListItem\",\"position\":2,\"name\":\"[2024] Un a\u00f1o m\u00e1s que comienza, la mejor oportunidad para dejar de perder nuestro \u201cTiempo\u201d\"}]},{\"@type\":\"WebSite\",\"@id\":\"http:\/\/elregionalvm.com.ar\/noticias-villa-maria\/#website\",\"url\":\"http:\/\/elregionalvm.com.ar\/noticias-villa-maria\/\",\"name\":\"El Regional\",\"description\":\"Mucho m\u00e1s que informaci\u00f3n\",\"potentialAction\":[{\"@type\":\"SearchAction\",\"target\":{\"@type\":\"EntryPoint\",\"urlTemplate\":\"http:\/\/elregionalvm.com.ar\/noticias-villa-maria\/?s={search_term_string}\"},\"query-input\":{\"@type\":\"PropertyValueSpecification\",\"valueRequired\":true,\"valueName\":\"search_term_string\"}}],\"inLanguage\":\"es\"},{\"@type\":\"Person\",\"@id\":\"http:\/\/elregionalvm.com.ar\/noticias-villa-maria\/#\/schema\/person\/d5e4b04966154131701e52c45d3efec9\",\"name\":\"Germ\u00e1n Giacchero\",\"image\":{\"@type\":\"ImageObject\",\"inLanguage\":\"es\",\"@id\":\"http:\/\/elregionalvm.com.ar\/noticias-villa-maria\/#\/schema\/person\/image\/\",\"url\":\"https:\/\/secure.gravatar.com\/avatar\/fda163ba5ef0307ee5be9846e10f83b6e83d0cfb260d3b2464830318894c6b04?s=96&d=mm&r=g\",\"contentUrl\":\"https:\/\/secure.gravatar.com\/avatar\/fda163ba5ef0307ee5be9846e10f83b6e83d0cfb260d3b2464830318894c6b04?s=96&d=mm&r=g\",\"caption\":\"Germ\u00e1n Giacchero\"},\"url\":\"https:\/\/elregionalvm.com.ar\/noticias-villa-maria\/author\/germangiacchero\/\"}]}<\/script>\n<!-- \/ Yoast SEO plugin. -->","yoast_head_json":{"title":"[2024] Un a\u00f1o m\u00e1s que comienza, la mejor oportunidad para dejar de perder nuestro \u201cTiempo\u201d - El Regional","robots":{"index":"index","follow":"follow","max-snippet":"max-snippet:-1","max-image-preview":"max-image-preview:large","max-video-preview":"max-video-preview:-1"},"canonical":"https:\/\/elregionalvm.com.ar\/noticias-villa-maria\/2024-un-ano-mas-que-comienza-la-mejor-oportunidad-dejar-de-perder-nuestro-tiempo\/","og_locale":"es_ES","og_type":"article","og_title":"[2024] Un a\u00f1o m\u00e1s que comienza, la mejor oportunidad para dejar de perder nuestro \u201cTiempo\u201d - El Regional","og_description":"Escribe: Germ\u00e1n Giacchero Miro el reloj y hace horas pareciera que hubi\u00e9ramos celebrado el a\u00f1o nuevo, padecido o disfrutado el verano pasado, m\u00e1s el comienzo de clases en marzo y a empezar poner el lomo a un a\u00f1o que asom\u00f3 complejo y termin\u00f3 peor. Otro m\u00e1s y van. \u201cEl tiempo vuela\u201d, se ha convertido en [&hellip;]","og_url":"https:\/\/elregionalvm.com.ar\/noticias-villa-maria\/2024-un-ano-mas-que-comienza-la-mejor-oportunidad-dejar-de-perder-nuestro-tiempo\/","og_site_name":"El Regional","article_publisher":"https:\/\/www.facebook.com\/elregionalvm","article_published_time":"2023-12-31T02:20:44+00:00","article_modified_time":"2024-01-03T21:36:23+00:00","og_image":[{"width":933,"height":622,"url":"https:\/\/elregionalvm.com.ar\/noticias-villa-maria\/wp-content\/uploads\/2023\/12\/2024-ano-nuevo.jpg","type":"image\/jpeg"}],"author":"Germ\u00e1n Giacchero","twitter_card":"summary_large_image","twitter_creator":"@elregionalvm1","twitter_site":"@elregionalvm1","twitter_misc":{"Escrito por":"Germ\u00e1n Giacchero","Tiempo de lectura":"4 minutos"},"schema":{"@context":"https:\/\/schema.org","@graph":[{"@type":"Article","@id":"https:\/\/elregionalvm.com.ar\/noticias-villa-maria\/2024-un-ano-mas-que-comienza-la-mejor-oportunidad-dejar-de-perder-nuestro-tiempo\/#article","isPartOf":{"@id":"https:\/\/elregionalvm.com.ar\/noticias-villa-maria\/2024-un-ano-mas-que-comienza-la-mejor-oportunidad-dejar-de-perder-nuestro-tiempo\/"},"author":{"name":"Germ\u00e1n Giacchero","@id":"http:\/\/elregionalvm.com.ar\/noticias-villa-maria\/#\/schema\/person\/d5e4b04966154131701e52c45d3efec9"},"headline":"[2024] Un a\u00f1o m\u00e1s que comienza, la mejor oportunidad para dejar de perder nuestro \u201cTiempo\u201d","datePublished":"2023-12-31T02:20:44+00:00","dateModified":"2024-01-03T21:36:23+00:00","mainEntityOfPage":{"@id":"https:\/\/elregionalvm.com.ar\/noticias-villa-maria\/2024-un-ano-mas-que-comienza-la-mejor-oportunidad-dejar-de-perder-nuestro-tiempo\/"},"wordCount":734,"commentCount":0,"image":{"@id":"https:\/\/elregionalvm.com.ar\/noticias-villa-maria\/2024-un-ano-mas-que-comienza-la-mejor-oportunidad-dejar-de-perder-nuestro-tiempo\/#primaryimage"},"thumbnailUrl":"https:\/\/i0.wp.com\/elregionalvm.com.ar\/noticias-villa-maria\/wp-content\/uploads\/2023\/12\/2024-ano-nuevo.jpg?fit=933%2C622&ssl=1","keywords":["2024","activo","A\u00f1o Nuevo","Capital","Esperanza","fin de a\u00f1o","Tiempo","valor"],"articleSection":["Opini\u00f3n","tercera"],"inLanguage":"es","potentialAction":[{"@type":"CommentAction","name":"Comment","target":["https:\/\/elregionalvm.com.ar\/noticias-villa-maria\/2024-un-ano-mas-que-comienza-la-mejor-oportunidad-dejar-de-perder-nuestro-tiempo\/#respond"]}]},{"@type":"WebPage","@id":"https:\/\/elregionalvm.com.ar\/noticias-villa-maria\/2024-un-ano-mas-que-comienza-la-mejor-oportunidad-dejar-de-perder-nuestro-tiempo\/","url":"https:\/\/elregionalvm.com.ar\/noticias-villa-maria\/2024-un-ano-mas-que-comienza-la-mejor-oportunidad-dejar-de-perder-nuestro-tiempo\/","name":"[2024] Un a\u00f1o m\u00e1s que comienza, la mejor oportunidad para dejar de perder nuestro \u201cTiempo\u201d - El Regional","isPartOf":{"@id":"http:\/\/elregionalvm.com.ar\/noticias-villa-maria\/#website"},"primaryImageOfPage":{"@id":"https:\/\/elregionalvm.com.ar\/noticias-villa-maria\/2024-un-ano-mas-que-comienza-la-mejor-oportunidad-dejar-de-perder-nuestro-tiempo\/#primaryimage"},"image":{"@id":"https:\/\/elregionalvm.com.ar\/noticias-villa-maria\/2024-un-ano-mas-que-comienza-la-mejor-oportunidad-dejar-de-perder-nuestro-tiempo\/#primaryimage"},"thumbnailUrl":"https:\/\/i0.wp.com\/elregionalvm.com.ar\/noticias-villa-maria\/wp-content\/uploads\/2023\/12\/2024-ano-nuevo.jpg?fit=933%2C622&ssl=1","datePublished":"2023-12-31T02:20:44+00:00","dateModified":"2024-01-03T21:36:23+00:00","author":{"@id":"http:\/\/elregionalvm.com.ar\/noticias-villa-maria\/#\/schema\/person\/d5e4b04966154131701e52c45d3efec9"},"breadcrumb":{"@id":"https:\/\/elregionalvm.com.ar\/noticias-villa-maria\/2024-un-ano-mas-que-comienza-la-mejor-oportunidad-dejar-de-perder-nuestro-tiempo\/#breadcrumb"},"inLanguage":"es","potentialAction":[{"@type":"ReadAction","target":["https:\/\/elregionalvm.com.ar\/noticias-villa-maria\/2024-un-ano-mas-que-comienza-la-mejor-oportunidad-dejar-de-perder-nuestro-tiempo\/"]}]},{"@type":"ImageObject","inLanguage":"es","@id":"https:\/\/elregionalvm.com.ar\/noticias-villa-maria\/2024-un-ano-mas-que-comienza-la-mejor-oportunidad-dejar-de-perder-nuestro-tiempo\/#primaryimage","url":"https:\/\/i0.wp.com\/elregionalvm.com.ar\/noticias-villa-maria\/wp-content\/uploads\/2023\/12\/2024-ano-nuevo.jpg?fit=933%2C622&ssl=1","contentUrl":"https:\/\/i0.wp.com\/elregionalvm.com.ar\/noticias-villa-maria\/wp-content\/uploads\/2023\/12\/2024-ano-nuevo.jpg?fit=933%2C622&ssl=1","width":933,"height":622},{"@type":"BreadcrumbList","@id":"https:\/\/elregionalvm.com.ar\/noticias-villa-maria\/2024-un-ano-mas-que-comienza-la-mejor-oportunidad-dejar-de-perder-nuestro-tiempo\/#breadcrumb","itemListElement":[{"@type":"ListItem","position":1,"name":"Portada","item":"https:\/\/elregionalvm.com.ar\/noticias-villa-maria\/"},{"@type":"ListItem","position":2,"name":"[2024] Un a\u00f1o m\u00e1s que comienza, la mejor oportunidad para dejar de perder nuestro \u201cTiempo\u201d"}]},{"@type":"WebSite","@id":"http:\/\/elregionalvm.com.ar\/noticias-villa-maria\/#website","url":"http:\/\/elregionalvm.com.ar\/noticias-villa-maria\/","name":"El Regional","description":"Mucho m\u00e1s que informaci\u00f3n","potentialAction":[{"@type":"SearchAction","target":{"@type":"EntryPoint","urlTemplate":"http:\/\/elregionalvm.com.ar\/noticias-villa-maria\/?s={search_term_string}"},"query-input":{"@type":"PropertyValueSpecification","valueRequired":true,"valueName":"search_term_string"}}],"inLanguage":"es"},{"@type":"Person","@id":"http:\/\/elregionalvm.com.ar\/noticias-villa-maria\/#\/schema\/person\/d5e4b04966154131701e52c45d3efec9","name":"Germ\u00e1n Giacchero","image":{"@type":"ImageObject","inLanguage":"es","@id":"http:\/\/elregionalvm.com.ar\/noticias-villa-maria\/#\/schema\/person\/image\/","url":"https:\/\/secure.gravatar.com\/avatar\/fda163ba5ef0307ee5be9846e10f83b6e83d0cfb260d3b2464830318894c6b04?s=96&d=mm&r=g","contentUrl":"https:\/\/secure.gravatar.com\/avatar\/fda163ba5ef0307ee5be9846e10f83b6e83d0cfb260d3b2464830318894c6b04?s=96&d=mm&r=g","caption":"Germ\u00e1n Giacchero"},"url":"https:\/\/elregionalvm.com.ar\/noticias-villa-maria\/author\/germangiacchero\/"}]}},"jetpack_featured_media_url":"https:\/\/i0.wp.com\/elregionalvm.com.ar\/noticias-villa-maria\/wp-content\/uploads\/2023\/12\/2024-ano-nuevo.jpg?fit=933%2C622&ssl=1","jetpack_sharing_enabled":true,"_links":{"self":[{"href":"https:\/\/elregionalvm.com.ar\/noticias-villa-maria\/wp-json\/wp\/v2\/posts\/87962","targetHints":{"allow":["GET"]}}],"collection":[{"href":"https:\/\/elregionalvm.com.ar\/noticias-villa-maria\/wp-json\/wp\/v2\/posts"}],"about":[{"href":"https:\/\/elregionalvm.com.ar\/noticias-villa-maria\/wp-json\/wp\/v2\/types\/post"}],"author":[{"embeddable":true,"href":"https:\/\/elregionalvm.com.ar\/noticias-villa-maria\/wp-json\/wp\/v2\/users\/6"}],"replies":[{"embeddable":true,"href":"https:\/\/elregionalvm.com.ar\/noticias-villa-maria\/wp-json\/wp\/v2\/comments?post=87962"}],"version-history":[{"count":5,"href":"https:\/\/elregionalvm.com.ar\/noticias-villa-maria\/wp-json\/wp\/v2\/posts\/87962\/revisions"}],"predecessor-version":[{"id":87969,"href":"https:\/\/elregionalvm.com.ar\/noticias-villa-maria\/wp-json\/wp\/v2\/posts\/87962\/revisions\/87969"}],"wp:featuredmedia":[{"embeddable":true,"href":"https:\/\/elregionalvm.com.ar\/noticias-villa-maria\/wp-json\/wp\/v2\/media\/87966"}],"wp:attachment":[{"href":"https:\/\/elregionalvm.com.ar\/noticias-villa-maria\/wp-json\/wp\/v2\/media?parent=87962"}],"wp:term":[{"taxonomy":"category","embeddable":true,"href":"https:\/\/elregionalvm.com.ar\/noticias-villa-maria\/wp-json\/wp\/v2\/categories?post=87962"},{"taxonomy":"post_tag","embeddable":true,"href":"https:\/\/elregionalvm.com.ar\/noticias-villa-maria\/wp-json\/wp\/v2\/tags?post=87962"}],"curies":[{"name":"wp","href":"https:\/\/api.w.org\/{rel}","templated":true}]}}