{"id":87970,"date":"2023-12-31T03:21:40","date_gmt":"2023-12-31T03:21:40","guid":{"rendered":"https:\/\/elregionalvm.com.ar\/noticias-villa-maria\/?p=87970"},"modified":"2024-01-04T02:07:09","modified_gmt":"2024-01-04T02:07:09","slug":"desde-adentro-lucrecia-carlstrom-aspiramos-en-villa-nueva-a-refuncionalizar-con-calidad-la-atencion-primaria-de-salud","status":"publish","type":"post","link":"https:\/\/elregionalvm.com.ar\/noticias-villa-maria\/desde-adentro-lucrecia-carlstrom-aspiramos-en-villa-nueva-a-refuncionalizar-con-calidad-la-atencion-primaria-de-salud\/","title":{"rendered":"[Desde Adentro] Lucrecia Carlstrom: \u201cAspiramos en Villa Nueva a refuncionalizar con calidad la atenci\u00f3n primaria de salud\u201d"},"content":{"rendered":"\n<p><\/p>\n\n\n\n<h3 class=\"wp-block-heading\"><strong>Lucrecia Carlstrom (44), separada, es mam\u00e1 de Francisco (16) y Mateo (6). Estudi\u00f3 Relaciones P\u00fablicas en C\u00f3rdoba y se especializ\u00f3 en Organizaci\u00f3n de Eventos, Ceremonial y Protocolo. Actualmente, forma parte del equipo de gesti\u00f3n del intendente Ignacio Tagni, como Coordinadora General del Hospital Villa Nueva.\u00a0 Fundadora de Las Iguanas Solidarias, le gusta la naturaleza, los deportes al aire libre, el tenis, la cocina y escribir.<\/strong><\/h3>\n\n\n\n<p><\/p>\n\n\n\n<figure class=\"wp-block-embed is-type-video is-provider-youtube wp-block-embed-youtube wp-embed-aspect-16-9 wp-has-aspect-ratio\"><div class=\"wp-block-embed__wrapper\">\n<iframe title=\"Lucrecia Carlstrom: \u201cAspiramos a refuncionalizar con calidad la atenci\u00f3n primaria de salud\u201d\" width=\"500\" height=\"281\" src=\"https:\/\/www.youtube.com\/embed\/kCfgRcjOd6o?feature=oembed\" frameborder=\"0\" allow=\"accelerometer; autoplay; clipboard-write; encrypted-media; gyroscope; picture-in-picture; web-share\" referrerpolicy=\"strict-origin-when-cross-origin\" allowfullscreen><\/iframe>\n<\/div><\/figure>\n\n\n\n<p><\/p>\n\n\n\n<p><\/p>\n\n\n\n<p><strong>Entrevista: Carolina Durand <\/strong><\/p>\n\n\n\n<p><\/p>\n\n\n\n<p><strong>\u00bfC\u00f3mo te defin\u00eds?<\/strong><\/p>\n\n\n\n<p>Una mujer de mil facetas y muy activa. No puedo estar quieta, necesito producir, crear, todo el tiempo. Soy resolutiva, alegre, trato de no llevar conflictos a ning\u00fan lado, de hecho, mis compa\u00f1eros destacan, la templanza que tengo en todo momento.<\/p>\n\n\n\n<p><strong>\u00bfD\u00f3nde estudiaste?<\/strong><\/p>\n\n\n\n<p>La secundaria, en el Rivadavia y cuando termin\u00e9, me fui a estudiar a C\u00f3rdoba, a la Universidad Siglo XXI, Relacionista P\u00fablica.<\/p>\n\n\n\n<p><strong>\u00bfNaciste en\u2026?<\/strong><\/p>\n\n\n\n<p>En Villa Mar\u00eda, me cri\u00e9 en barrio Centro y hace 17 a\u00f1os me vine a vivir a barrio Ctalamochita en Villa Nueva y no me fui m\u00e1s. &nbsp;<\/p>\n\n\n\n<p><strong>\u00bfC\u00f3mo eras de ni\u00f1a?<\/strong><\/p>\n\n\n\n<p>Era muy \u201cmetida\u201d pero, nunca fui de portarme mal. Desde chica me gust\u00f3 \u201chacer\u201d, en el barrio participaba de fiestas, eventos.<\/p>\n\n\n\n<p><strong>\u00bfCre\u00e9s que estamos predestinados en la vida o que somos arquitectos de nuestro futuro?<\/strong><\/p>\n\n\n\n<p>Creo que cada uno, en base a la vida que le toca, se va armando, la vida te lleva a reinventarte, lo que pensaste desaparece de imprevisto y sobre la marcha hay que rearmarse. Soy muy creyente y creo que, todo pasa por algo y para algo, de todo extraigo un mensaje y considero que todo, lo bueno y lo malo, nos pasa para crecer.<\/p>\n\n\n\n<p><\/p>\n\n\n\n<figure class=\"wp-block-image size-large\"><img data-recalc-dims=\"1\" fetchpriority=\"high\" decoding=\"async\" width=\"1024\" height=\"683\" src=\"https:\/\/i0.wp.com\/elregionalvm.com.ar\/noticias-villa-maria\/wp-content\/uploads\/2023\/12\/Lucrecia-Carlstrom-3.jpg?resize=1024%2C683&#038;ssl=1\" alt=\"\" class=\"wp-image-87972\" srcset=\"https:\/\/i0.wp.com\/elregionalvm.com.ar\/noticias-villa-maria\/wp-content\/uploads\/2023\/12\/Lucrecia-Carlstrom-3.jpg?resize=1024%2C683&amp;ssl=1 1024w, https:\/\/i0.wp.com\/elregionalvm.com.ar\/noticias-villa-maria\/wp-content\/uploads\/2023\/12\/Lucrecia-Carlstrom-3.jpg?resize=300%2C200&amp;ssl=1 300w, https:\/\/i0.wp.com\/elregionalvm.com.ar\/noticias-villa-maria\/wp-content\/uploads\/2023\/12\/Lucrecia-Carlstrom-3.jpg?resize=768%2C512&amp;ssl=1 768w, https:\/\/i0.wp.com\/elregionalvm.com.ar\/noticias-villa-maria\/wp-content\/uploads\/2023\/12\/Lucrecia-Carlstrom-3.jpg?w=1200&amp;ssl=1 1200w\" sizes=\"(max-width: 1000px) 100vw, 1000px\" \/><\/figure>\n\n\n\n<p><\/p>\n\n\n\n<p><strong>\u00bfQu\u00e9 te motiv\u00f3 a unirte a las Iguanas Solidarias?<\/strong><\/p>\n\n\n\n<p>Los fundadores fuimos cuatro amigos, Gonzalo Perrore, Valeria Frus, Federico Arce y yo. La iniciativa empez\u00f3 con la inundaci\u00f3n en La Plata en 2010 que fue devastadora.<\/p>\n\n\n\n<p>Cada uno de nosotros ayudaba en causas solidarias y, ante esa inundaci\u00f3n, se nos ocurri\u00f3 organizar una colecta desde Villa Mar\u00eda, convocando a la ciudadan\u00eda para las donaciones. Fuimos a la plaza Centenario y fue incre\u00edble. Se sum\u00f3 gente de los pueblos de la zona, tuvimos camionetas repletas.<\/p>\n\n\n\n<p>Nos sorprendi\u00f3 tanto que no hab\u00edamos previsto d\u00f3nde \u00edbamos a guardar las cosas y usamos de dep\u00f3sito la ferreter\u00eda de Gonzalo y nuestras propias casas. Juntamos muebles, colchones, lavandina, mercader\u00eda, ropa, agua.<\/p>\n\n\n\n<p>Transportes Marchetto puso un cami\u00f3n y un acoplado a disposici\u00f3n para el traslado y fue tal la magnitud de lo recolectado que, decidimos ir nosotros en persona a entregar las donaciones acompa\u00f1ando al cami\u00f3n.<\/p>\n\n\n\n<p>De ah\u00ed, naci\u00f3 Las Iguanas. El proyecto fue creciendo, nos conformamos con personer\u00eda jur\u00eddica, se renovaron autoridades, hicimos comisiones y actualmente, despu\u00e9s de m\u00e1s de 10 a\u00f1os, seguimos renegando para tener una sede propia. Tuvimos lugares prestados, la gente se port\u00f3 muy bien con el proyecto. Tiramos l\u00edneas, pero nadie nos apoy\u00f3 desde el estado.<\/p>\n\n\n\n<p><strong>\u00bfSegu\u00eds trabajando con las causas de las Iguanas?<\/strong><\/p>\n\n\n\n<p>Actualmente, colaboro, pero no soy miembro activo, porque al nacer Mateo mi vida cambi\u00f3 en tiempos, obligaciones y ya no pude estar al 100%. Ayudo como puedo, pero, no estoy con la misma disponibilidad para ir y venir como antes.<\/p>\n\n\n\n<p><strong>\u00bfC\u00f3mo reacciona la sociedad en general ante situaciones de vulnerabilidad de los otros?<\/strong><\/p>\n\n\n\n<p>La solidaridad en el pueblo argentino es incre\u00edble, \u201csomos de ver al otro\u201d, en eso damos el ejemplo. Si el pa\u00eds fuera manejado con m\u00e1s solidaridad, ser\u00edamos otro.<\/p>\n\n\n\n<p><strong>\u00bfEn qu\u00e9 momento te sumaste al proyecto de Ignacio Tagni?<\/strong><\/p>\n\n\n\n<p>En la segunda campa\u00f1a para intendente en el 2019. Siempre me gust\u00f3 trabajar y \u201chacer\u201d en beneficio de los otros. Siempre pens\u00e9, si con Las Iguanas hac\u00edamos cosas incre\u00edbles colaborando con quienes necesitaban una mano, si estuvi\u00e9ramos en la funci\u00f3n p\u00fablica se podr\u00eda hacer mucho m\u00e1s.<\/p>\n\n\n\n<p>En materia pol\u00edtica, trabaj\u00e9 con Dar\u00edo Capitani y despu\u00e9s, siendo villanovense, decid\u00ed apoyar en Villa Nueva a Ignacio. Empec\u00e9 a acompa\u00f1arlo en campa\u00f1a, a caminar las calles y a compartir desde lo concreto, hoy en funci\u00f3n, lo que \u00e9l siempre pregon\u00f3, estar cerca del vecino, hacernos cargo de las necesidades del pueblo que nos eligi\u00f3.<\/p>\n\n\n\n<p><\/p>\n\n\n\n<figure class=\"wp-block-image size-large\"><img data-recalc-dims=\"1\" decoding=\"async\" width=\"1024\" height=\"683\" src=\"https:\/\/i0.wp.com\/elregionalvm.com.ar\/noticias-villa-maria\/wp-content\/uploads\/2023\/12\/Lucrecia-Carlstrom-4.jpg?resize=1024%2C683&#038;ssl=1\" alt=\"\" class=\"wp-image-87977\" srcset=\"https:\/\/i0.wp.com\/elregionalvm.com.ar\/noticias-villa-maria\/wp-content\/uploads\/2023\/12\/Lucrecia-Carlstrom-4.jpg?resize=1024%2C683&amp;ssl=1 1024w, https:\/\/i0.wp.com\/elregionalvm.com.ar\/noticias-villa-maria\/wp-content\/uploads\/2023\/12\/Lucrecia-Carlstrom-4.jpg?resize=300%2C200&amp;ssl=1 300w, https:\/\/i0.wp.com\/elregionalvm.com.ar\/noticias-villa-maria\/wp-content\/uploads\/2023\/12\/Lucrecia-Carlstrom-4.jpg?resize=768%2C512&amp;ssl=1 768w, https:\/\/i0.wp.com\/elregionalvm.com.ar\/noticias-villa-maria\/wp-content\/uploads\/2023\/12\/Lucrecia-Carlstrom-4.jpg?w=1200&amp;ssl=1 1200w\" sizes=\"(max-width: 1000px) 100vw, 1000px\" \/><\/figure>\n\n\n\n<p><\/p>\n\n\n\n<p><strong>\u00bfCu\u00e1l es tu funci\u00f3n actual en la Municipalidad de Villa Nueva?<\/strong><\/p>\n\n\n\n<p>Soy Coordinadora General del Hospital y, adem\u00e1s, ayudo al municipio en eventos, ceremonial y protocolo, que es mi profesi\u00f3n. Mientras me den los tiempos me encanta lo que hago.<\/p>\n\n\n\n<p><strong>\u00bfCu\u00e1l es tu funci\u00f3n como coordinadora?<\/strong><\/p>\n\n\n\n<p>Estoy a cargo de los equipos de trabajo, que no falten insumos, que los veh\u00edculos est\u00e9n alineados y en condiciones. Cuando ingresamos, nos encontramos con una sola ambulancia que es una unidad de traslado y no la m\u00e1s equipada.<\/p>\n\n\n\n<p>Las otras dos, estaban en talleres. Una estaba en un mec\u00e1nico parada por falta de pago, la otra en otro taller desde hac\u00eda mucho m\u00e1s tiempo y la de discapacidad tambi\u00e9n estaba rota.<\/p>\n\n\n\n<p>Hab\u00eda que gestionar. En uno de los casos, se le pag\u00f3 al taller, la otra la pudo reacondicionar el personal del corral\u00f3n.<\/p>\n\n\n\n<p>La farmacia estaba vac\u00eda. Hoy tenemos stock, hay falencias todav\u00eda, por supuesto, pero, hace menos de un mes que asumimos y estamos trabajando para darle servicios esenciales a los villanovenses.<\/p>\n\n\n\n<p>No tenemos diagn\u00f3stico por im\u00e1genes, la m\u00e1quina de rayos est\u00e1 rota, nuestro proyecto aspira a refuncionalizar la atenci\u00f3n primaria con calidad, so\u00f1amos con tener un mam\u00f3grafo, un espacio para mujeres, una guardia m\u00e1s grande y un internado. Vamos a trabajar por ello. &nbsp;<\/p>\n\n\n\n<p><strong>\u00bfTe result\u00f3 f\u00e1cil ser parte de la transici\u00f3n?<\/strong><\/p>\n\n\n\n<p>Los primeros meses, pr\u00e1cticamente no hubo comunicaci\u00f3n, nos presentamos con la ex secretaria de Salud, junto con el Dr. Juan Vagnola, actual secretario, y nos entregaron un balance de gesti\u00f3n y no hubo mucho m\u00e1s que eso.<\/p>\n\n\n\n<p><strong>\u00bfC\u00f3mo ves los \u00e1nimos de la gente ante el cambio de gobierno nacional?<\/strong><\/p>\n\n\n\n<p>La gente est\u00e1 preocupada, desalentada, agobiada. Resta que es fin de a\u00f1o con el plus emocional de las fiestas y que el mango, en muchas casas, no alcanza para el pan dulce. Hay cambios de banderas pol\u00edticas eso implica un cambio rotundo, ajustes por la situaci\u00f3n econ\u00f3mica que ya no daba para m\u00e1s, la plata no alcanza y el des\u00e1nimo es muy grande. La sociedad esta agresiva, se tratan distinto en la calle, hay violencia. Cada uno, la lleva como puede.<\/p>\n\n\n\n<p><strong>\u00bfC\u00f3mo palean la situaci\u00f3n desde el municipio en los sectores m\u00e1s vulnerables?<\/strong><\/p>\n\n\n\n<p>Trabajamos en conjunto. Desde antes de asumir, nos enteramos que los comedores no estaban dando comida y fueron los privados los que nos ayudaron, es una cuesti\u00f3n de gesti\u00f3n. Hoy, les estamos dando de comer a los ni\u00f1os, adultos, adultos mayores y a los m\u00e9dicos de guardia, antes deb\u00edan ellos pagarse la comida.<\/p>\n\n\n\n<p>Trabajamos con las guarder\u00edas, los centros de fortalecimiento para dar contenci\u00f3n, somos un gran equipo de trabajo, estamos hermanadas las \u00e1reas de salud, educaci\u00f3n, cultura, direcci\u00f3n de juventud, es m\u00e1s f\u00e1cil accionar en equipo, solo no se puede.<\/p>\n\n\n\n<p><\/p>\n\n\n\n<figure class=\"wp-block-image size-large\"><img data-recalc-dims=\"1\" decoding=\"async\" width=\"1024\" height=\"683\" src=\"https:\/\/i0.wp.com\/elregionalvm.com.ar\/noticias-villa-maria\/wp-content\/uploads\/2023\/12\/Lucrecia-Carlstrom-2.jpg?resize=1024%2C683&#038;ssl=1\" alt=\"\" class=\"wp-image-87975\" srcset=\"https:\/\/i0.wp.com\/elregionalvm.com.ar\/noticias-villa-maria\/wp-content\/uploads\/2023\/12\/Lucrecia-Carlstrom-2.jpg?resize=1024%2C683&amp;ssl=1 1024w, https:\/\/i0.wp.com\/elregionalvm.com.ar\/noticias-villa-maria\/wp-content\/uploads\/2023\/12\/Lucrecia-Carlstrom-2.jpg?resize=300%2C200&amp;ssl=1 300w, https:\/\/i0.wp.com\/elregionalvm.com.ar\/noticias-villa-maria\/wp-content\/uploads\/2023\/12\/Lucrecia-Carlstrom-2.jpg?resize=768%2C512&amp;ssl=1 768w, https:\/\/i0.wp.com\/elregionalvm.com.ar\/noticias-villa-maria\/wp-content\/uploads\/2023\/12\/Lucrecia-Carlstrom-2.jpg?w=1200&amp;ssl=1 1200w\" sizes=\"(max-width: 1000px) 100vw, 1000px\" \/><\/figure>\n\n\n\n<p><\/p>\n\n\n\n<p><strong>\u00bfHac\u00e9s deportes?<\/strong><\/p>\n\n\n\n<p>Me encanta el tenis, siempre lo hice. Me gustan los deportes al aire libre. Voy a distenderme, re\u00edrme y divertirme. Me gusta la naturaleza, el aire libre y trato de disfrutar todo lo que pueda hacer.<\/p>\n\n\n\n<p><strong>\u00bfQu\u00e9 te enoja?<\/strong><\/p>\n\n\n\n<p>La mentira y el enga\u00f1o, se llevan el podio.<\/p>\n\n\n\n<p><strong>\u00bfUna debilidad?<\/strong><\/p>\n\n\n\n<p>Mis hijos, mi debilidad m\u00e1xima.<\/p>\n\n\n\n<p><strong>\u00bfPensaste tener m\u00e1s hijos?<\/strong><\/p>\n\n\n\n<p>No. Cerr\u00e9 la f\u00e1brica (se r\u00ede).<\/p>\n\n\n\n<p><strong>\u00bfQu\u00e9 valores te transmitieron tus padres?<\/strong><\/p>\n\n\n\n<p>Todo lo que hoy pongo en pr\u00e1ctica. La honestidad, el trabajo en equipo. Mi pap\u00e1. Adolfo, le dec\u00edan \u201cChiche\u201d, fue odont\u00f3logo y un ejemplo. Ten\u00eda el consultorio en casa, tocaban el timbre a la noche porque ven\u00edan con dolor de muela y atend\u00eda sin miramientos, a veces ni les cobraba, era una persona hermosa, era amor, contenci\u00f3n, dulzura, me emociona y enorgullece, hablar de \u00e9l.<\/p>\n\n\n\n<p>Mi mam\u00e1, Esperanza, es kinesi\u00f3loga jubilada. De ella destaco y valoro su poder para hacer de todo al tiempo, el no decir nunca \u201cno\u201d, su nobleza.<\/p>\n\n\n\n<p><strong>\u00bfUna situaci\u00f3n dif\u00edcil de atravesar?<\/strong><\/p>\n\n\n\n<p>Hasta el d\u00eda de hoy lloro y extra\u00f1o mucho a mi pap\u00e1, no hay un d\u00eda que no lo piense. Fue dur\u00edsimo, sorpresivo y a la vez, entiendo que es la naturaleza de la vida, lo acepto, pero, duele.<\/p>\n\n\n\n<p>Otra situaci\u00f3n, fue mi segundo embarazo, al quinto mes de gestaci\u00f3n de Mateo, me entero que iba a nacer con una patolog\u00eda, hermanada con otras cosas y eso me signific\u00f3 rearmarme, no lo esperaba y nadie est\u00e1 preparado, sobrevienen miedos y una infinidad de cosas por detr\u00e1s.<\/p>\n\n\n\n<p>El d\u00eda a d\u00eda cuesta, le pongo mucha garra. Fueron muchas terapias, operaciones.\u00a0 Gracias a Dios, tengo una familia incondicional, mi mam\u00e1, mi t\u00eda, su hermano mayor, Fran que lo ama y cuida much\u00edsimo, siendo que se llevan 10 a\u00f1os. Me eligi\u00f3 como mam\u00e1 y voy a dar todo en la cancha para que lleve una vida normal, alcance sus sue\u00f1os y todo lo que se proponga.<\/p>\n\n\n\n<p><\/p>\n\n\n\n<figure class=\"wp-block-image size-large\"><img data-recalc-dims=\"1\" loading=\"lazy\" decoding=\"async\" width=\"1024\" height=\"828\" src=\"https:\/\/i0.wp.com\/elregionalvm.com.ar\/noticias-villa-maria\/wp-content\/uploads\/2023\/12\/Lucrecia-Carlstrom.jpg?resize=1024%2C828&#038;ssl=1\" alt=\"\" class=\"wp-image-87974\" srcset=\"https:\/\/i0.wp.com\/elregionalvm.com.ar\/noticias-villa-maria\/wp-content\/uploads\/2023\/12\/Lucrecia-Carlstrom.jpg?resize=1024%2C828&amp;ssl=1 1024w, https:\/\/i0.wp.com\/elregionalvm.com.ar\/noticias-villa-maria\/wp-content\/uploads\/2023\/12\/Lucrecia-Carlstrom.jpg?resize=300%2C243&amp;ssl=1 300w, https:\/\/i0.wp.com\/elregionalvm.com.ar\/noticias-villa-maria\/wp-content\/uploads\/2023\/12\/Lucrecia-Carlstrom.jpg?resize=768%2C621&amp;ssl=1 768w, https:\/\/i0.wp.com\/elregionalvm.com.ar\/noticias-villa-maria\/wp-content\/uploads\/2023\/12\/Lucrecia-Carlstrom.jpg?w=1200&amp;ssl=1 1200w\" sizes=\"(max-width: 1000px) 100vw, 1000px\" \/><\/figure>\n\n\n\n<p><\/p>\n\n\n\n<p><strong>\u00bfUna pel\u00edcula que te hay dejado un mensaje?<\/strong><\/p>\n\n\n\n<p>Wonder, sin dudarlo. Mis primeros d\u00edas en el jard\u00edn pos pandemia con Mateo, fueron dif\u00edciles, \u00e9l no hablaba y yo quer\u00eda que su integraci\u00f3n la viviera tranquilo y que, sus compa\u00f1eros lo vieran como uno m\u00e1s, sin diferencias. Entonces empec\u00e9 a escribir, escribo mucho, sobre todo, vivencias el d\u00eda a d\u00eda. Hago catarsis con la escritura.&nbsp;&nbsp;&nbsp;<\/p>\n\n\n\n<p>Una amiga que hace dise\u00f1o ve el trabajo y me dijo que se pod\u00eda potenciar y sali\u00f3 un cuentito, con dibujos algo muy pedag\u00f3gico y lo hice, imprim\u00ed 100 ediciones y una segunda tirada de 200 reimpresiones.<\/p>\n\n\n\n<p>Lo repart\u00ed en la escuela Rivadavia, en instituciones que trabajan en discapacidad y hoy, Mateo es parte de un grupo de compa\u00f1eros maravilloso.<\/p>\n\n\n\n<p>Falta mucho en la sociedad para aprender sobre la inclusi\u00f3n real. El mundo debe ser m\u00e1s emp\u00e1tico, ponerse en el lugar del otro, entenderlo. &nbsp;<\/p>\n\n\n\n<p><strong>\u00bfUna macana de adolescente que recuerdes?<\/strong><\/p>\n\n\n\n<p>Era bastante tranquila en mi juventud, podr\u00eda resaltar, el hecho de estar estudiando en C\u00f3rdoba y con mis amigos, sin avisar, nos escap\u00e1bamos a bailar a Carlos Paz, nada grave pero no le cont\u00e1bamos a nadie, menos a nuestros padres.<\/p>\n\n\n\n<p><strong>\u00bfLo m\u00e1s lindo del oficio de ser mam\u00e1?<\/strong><\/p>\n\n\n\n<p>El amor que recib\u00eds a diario, nada te pesa si ten\u00e9s a tus hijos al lado tuyo abraz\u00e1ndote con una sonrisa.<\/p>\n\n\n\n<p><strong>\u00bfCu\u00e1ndo las cosas van mal\u2026?<\/strong><\/p>\n\n\n\n<p>Si tengo que llorar, lo hago. Me desahogo. Pero en general trato de ver el vaso medio lleno y que todo pasa.<\/p>\n\n\n\n<p><strong>\u00bfC\u00f3mo te llev\u00e1s con la adolescencia de Francisco?<\/strong><\/p>\n\n\n\n<p>Muy bien, con 16 a\u00f1os, es muy maduro. Fran siempre fue muy independiente, es incre\u00edble, le gusta el deporte, se maneja en bici, va y viene con sus amigos. Le gusta la pol\u00edtica, defiende sus ideales, le gusta la educaci\u00f3n f\u00edsica, lo disfruto mucho. A mis dos hijos, a cada uno en su proceso de crecimiento, ni\u00f1ez y adolescencia.<\/p>\n\n\n\n<p><strong>\u00bfCable a tierra?<\/strong><\/p>\n\n\n\n<p>Cocino mucho, me encanta, lo hago con mis hijos, me ayudan cuando lo hago.<\/p>\n\n\n\n<p><strong>\u00bfQu\u00e9 es la esperanza?<\/strong><\/p>\n\n\n\n<p>Lo que nunca se tiene que perder, saber que lo vas a lograr, aunque cueste, pero, el deseo de alcanzarlo la mantiene viva.<\/p>\n\n\n\n<p><\/p>\n\n\n\n<p><\/p>\n\n\n\n<h3 class=\"wp-block-heading\"><strong>Tambi\u00e9n pod\u00e9s ver:<\/strong><\/h3>\n\n\n\n<p><\/p>\n\n\n\n<figure class=\"wp-block-embed is-type-wp-embed is-provider-el-regional wp-block-embed-el-regional\"><div class=\"wp-block-embed__wrapper\">\n<blockquote class=\"wp-embedded-content\" data-secret=\"PXYhxozvZW\"><a href=\"https:\/\/elregionalvm.com.ar\/noticias-villa-maria\/desde-adentro-silvina-irusta-vamos-a-trabajar-de-cara-a-los-vecinos-y-reforzar-los-lazos-con-el-concejo-deliberante\/\">[Desde Adentro] Silvina Irusta: \u201cVamos a trabajar de cara a los vecinos y reforzar los lazos con el Concejo Deliberante\u201d<\/a><\/blockquote><iframe class=\"wp-embedded-content\" sandbox=\"allow-scripts\" security=\"restricted\" style=\"position: absolute; clip: rect(1px, 1px, 1px, 1px);\" title=\"\u00ab[Desde Adentro] Silvina Irusta: \u201cVamos a trabajar de cara a los vecinos y reforzar los lazos con el Concejo Deliberante\u201d\u00bb \u2014 El Regional\" src=\"https:\/\/elregionalvm.com.ar\/noticias-villa-maria\/desde-adentro-silvina-irusta-vamos-a-trabajar-de-cara-a-los-vecinos-y-reforzar-los-lazos-con-el-concejo-deliberante\/embed\/#?secret=Egg3n28btV#?secret=PXYhxozvZW\" data-secret=\"PXYhxozvZW\" width=\"500\" height=\"282\" frameborder=\"0\" marginwidth=\"0\" marginheight=\"0\" scrolling=\"no\"><\/iframe>\n<\/div><\/figure>\n","protected":false},"excerpt":{"rendered":"<p>Lucrecia Carlstrom (44), separada, es mam\u00e1 de Francisco (16) y Mateo (6). Estudi\u00f3 Relaciones P\u00fablicas en C\u00f3rdoba y se especializ\u00f3 en Organizaci\u00f3n de Eventos, Ceremonial y Protocolo. Actualmente, forma parte del equipo de gesti\u00f3n del intendente Ignacio Tagni, como Coordinadora General del Hospital Villa Nueva.\u00a0 Fundadora de Las Iguanas Solidarias, le gusta la naturaleza, los [&hellip;]<\/p>\n","protected":false},"author":4,"featured_media":87976,"comment_status":"open","ping_status":"open","sticky":false,"template":"","format":"standard","meta":{"site-sidebar-layout":"default","site-content-layout":"","ast-site-content-layout":"default","site-content-style":"default","site-sidebar-style":"default","ast-global-header-display":"","ast-banner-title-visibility":"","ast-main-header-display":"","ast-hfb-above-header-display":"","ast-hfb-below-header-display":"","ast-hfb-mobile-header-display":"","site-post-title":"","ast-breadcrumbs-content":"","ast-featured-img":"","footer-sml-layout":"","ast-disable-related-posts":"","theme-transparent-header-meta":"","adv-header-id-meta":"","stick-header-meta":"","header-above-stick-meta":"","header-main-stick-meta":"","header-below-stick-meta":"","astra-migrate-meta-layouts":"set","ast-page-background-enabled":"default","ast-page-background-meta":{"desktop":{"background-color":"","background-image":"","background-repeat":"repeat","background-position":"center center","background-size":"auto","background-attachment":"scroll","background-type":"","background-media":"","overlay-type":"","overlay-color":"","overlay-opacity":"","overlay-gradient":""},"tablet":{"background-color":"","background-image":"","background-repeat":"repeat","background-position":"center center","background-size":"auto","background-attachment":"scroll","background-type":"","background-media":"","overlay-type":"","overlay-color":"","overlay-opacity":"","overlay-gradient":""},"mobile":{"background-color":"","background-image":"","background-repeat":"repeat","background-position":"center center","background-size":"auto","background-attachment":"scroll","background-type":"","background-media":"","overlay-type":"","overlay-color":"","overlay-opacity":"","overlay-gradient":""}},"ast-content-background-meta":{"desktop":{"background-color":"var(--ast-global-color-5)","background-image":"","background-repeat":"repeat","background-position":"center center","background-size":"auto","background-attachment":"scroll","background-type":"","background-media":"","overlay-type":"","overlay-color":"","overlay-opacity":"","overlay-gradient":""},"tablet":{"background-color":"var(--ast-global-color-5)","background-image":"","background-repeat":"repeat","background-position":"center center","background-size":"auto","background-attachment":"scroll","background-type":"","background-media":"","overlay-type":"","overlay-color":"","overlay-opacity":"","overlay-gradient":""},"mobile":{"background-color":"var(--ast-global-color-5)","background-image":"","background-repeat":"repeat","background-position":"center center","background-size":"auto","background-attachment":"scroll","background-type":"","background-media":"","overlay-type":"","overlay-color":"","overlay-opacity":"","overlay-gradient":""}},"_jetpack_memberships_contains_paid_content":false,"_joinchat":[],"footnotes":""},"categories":[2098,3557,2074],"tags":[23335,21332,1833,17258,5715,23336,23334,2133,232],"class_list":["post-87970","post","type-post","status-publish","format-standard","has-post-thumbnail","hentry","category-historias","category-tercera","category-videos","tag-ceremonial-y-protocolo","tag-desde-adentro","tag-eventos","tag-hospital-de-villa-nueva","tag-ignacio-tagni","tag-las-iguanas-solidarias","tag-lucrecia-carlstrom","tag-salud","tag-villa-nueva"],"yoast_head":"<!-- This site is optimized with the Yoast SEO plugin v26.8 - https:\/\/yoast.com\/product\/yoast-seo-wordpress\/ -->\n<title>[Desde Adentro] Lucrecia Carlstrom: \u201cAspiramos en Villa Nueva a refuncionalizar con calidad la atenci\u00f3n primaria de salud\u201d - El Regional<\/title>\n<meta name=\"robots\" content=\"index, follow, max-snippet:-1, max-image-preview:large, max-video-preview:-1\" \/>\n<link rel=\"canonical\" href=\"https:\/\/elregionalvm.com.ar\/noticias-villa-maria\/desde-adentro-lucrecia-carlstrom-aspiramos-en-villa-nueva-a-refuncionalizar-con-calidad-la-atencion-primaria-de-salud\/\" \/>\n<meta property=\"og:locale\" content=\"es_ES\" \/>\n<meta property=\"og:type\" content=\"article\" \/>\n<meta property=\"og:title\" content=\"[Desde Adentro] Lucrecia Carlstrom: \u201cAspiramos en Villa Nueva a refuncionalizar con calidad la atenci\u00f3n primaria de salud\u201d - El Regional\" \/>\n<meta property=\"og:description\" content=\"Lucrecia Carlstrom (44), separada, es mam\u00e1 de Francisco (16) y Mateo (6). Estudi\u00f3 Relaciones P\u00fablicas en C\u00f3rdoba y se especializ\u00f3 en Organizaci\u00f3n de Eventos, Ceremonial y Protocolo. Actualmente, forma parte del equipo de gesti\u00f3n del intendente Ignacio Tagni, como Coordinadora General del Hospital Villa Nueva.\u00a0 Fundadora de Las Iguanas Solidarias, le gusta la naturaleza, los [&hellip;]\" \/>\n<meta property=\"og:url\" content=\"https:\/\/elregionalvm.com.ar\/noticias-villa-maria\/desde-adentro-lucrecia-carlstrom-aspiramos-en-villa-nueva-a-refuncionalizar-con-calidad-la-atencion-primaria-de-salud\/\" \/>\n<meta property=\"og:site_name\" content=\"El Regional\" \/>\n<meta property=\"article:publisher\" content=\"https:\/\/www.facebook.com\/elregionalvm\" \/>\n<meta property=\"article:published_time\" content=\"2023-12-31T03:21:40+00:00\" \/>\n<meta property=\"article:modified_time\" content=\"2024-01-04T02:07:09+00:00\" \/>\n<meta property=\"og:image\" content=\"https:\/\/elregionalvm.com.ar\/noticias-villa-maria\/wp-content\/uploads\/2023\/12\/Lucrecia-Carlstrom-5.jpg\" \/>\n\t<meta property=\"og:image:width\" content=\"1200\" \/>\n\t<meta property=\"og:image:height\" content=\"800\" \/>\n\t<meta property=\"og:image:type\" content=\"image\/jpeg\" \/>\n<meta name=\"author\" content=\"Contenidos El Regional\" \/>\n<meta name=\"twitter:card\" content=\"summary_large_image\" \/>\n<meta name=\"twitter:creator\" content=\"@elregionalvm1\" \/>\n<meta name=\"twitter:site\" content=\"@elregionalvm1\" \/>\n<meta name=\"twitter:label1\" content=\"Escrito por\" \/>\n\t<meta name=\"twitter:data1\" content=\"Contenidos El Regional\" \/>\n\t<meta name=\"twitter:label2\" content=\"Tiempo de lectura\" \/>\n\t<meta name=\"twitter:data2\" content=\"10 minutos\" \/>\n<script type=\"application\/ld+json\" class=\"yoast-schema-graph\">{\"@context\":\"https:\/\/schema.org\",\"@graph\":[{\"@type\":\"Article\",\"@id\":\"https:\/\/elregionalvm.com.ar\/noticias-villa-maria\/desde-adentro-lucrecia-carlstrom-aspiramos-en-villa-nueva-a-refuncionalizar-con-calidad-la-atencion-primaria-de-salud\/#article\",\"isPartOf\":{\"@id\":\"https:\/\/elregionalvm.com.ar\/noticias-villa-maria\/desde-adentro-lucrecia-carlstrom-aspiramos-en-villa-nueva-a-refuncionalizar-con-calidad-la-atencion-primaria-de-salud\/\"},\"author\":{\"name\":\"Contenidos El Regional\",\"@id\":\"http:\/\/elregionalvm.com.ar\/noticias-villa-maria\/#\/schema\/person\/a0fb9c422317faca23d50163151bc354\"},\"headline\":\"[Desde Adentro] Lucrecia Carlstrom: \u201cAspiramos en Villa Nueva a refuncionalizar con calidad la atenci\u00f3n primaria de salud\u201d\",\"datePublished\":\"2023-12-31T03:21:40+00:00\",\"dateModified\":\"2024-01-04T02:07:09+00:00\",\"mainEntityOfPage\":{\"@id\":\"https:\/\/elregionalvm.com.ar\/noticias-villa-maria\/desde-adentro-lucrecia-carlstrom-aspiramos-en-villa-nueva-a-refuncionalizar-con-calidad-la-atencion-primaria-de-salud\/\"},\"wordCount\":2014,\"commentCount\":0,\"image\":{\"@id\":\"https:\/\/elregionalvm.com.ar\/noticias-villa-maria\/desde-adentro-lucrecia-carlstrom-aspiramos-en-villa-nueva-a-refuncionalizar-con-calidad-la-atencion-primaria-de-salud\/#primaryimage\"},\"thumbnailUrl\":\"https:\/\/i0.wp.com\/elregionalvm.com.ar\/noticias-villa-maria\/wp-content\/uploads\/2023\/12\/Lucrecia-Carlstrom-5.jpg?fit=1200%2C800&ssl=1\",\"keywords\":[\"ceremonial y protocolo\",\"Desde Adentro\",\"Eventos\",\"Hospital de Villa Nueva\",\"Ignacio Tagni\",\"Las Iguanas Solidarias\",\"Lucrecia Carlstrom\",\"salud\",\"VILLA NUEVA\"],\"articleSection\":[\"Historias\",\"tercera\",\"Videos\"],\"inLanguage\":\"es\",\"potentialAction\":[{\"@type\":\"CommentAction\",\"name\":\"Comment\",\"target\":[\"https:\/\/elregionalvm.com.ar\/noticias-villa-maria\/desde-adentro-lucrecia-carlstrom-aspiramos-en-villa-nueva-a-refuncionalizar-con-calidad-la-atencion-primaria-de-salud\/#respond\"]}]},{\"@type\":\"WebPage\",\"@id\":\"https:\/\/elregionalvm.com.ar\/noticias-villa-maria\/desde-adentro-lucrecia-carlstrom-aspiramos-en-villa-nueva-a-refuncionalizar-con-calidad-la-atencion-primaria-de-salud\/\",\"url\":\"https:\/\/elregionalvm.com.ar\/noticias-villa-maria\/desde-adentro-lucrecia-carlstrom-aspiramos-en-villa-nueva-a-refuncionalizar-con-calidad-la-atencion-primaria-de-salud\/\",\"name\":\"[Desde Adentro] Lucrecia Carlstrom: \u201cAspiramos en Villa Nueva a refuncionalizar con calidad la atenci\u00f3n primaria de salud\u201d - El Regional\",\"isPartOf\":{\"@id\":\"http:\/\/elregionalvm.com.ar\/noticias-villa-maria\/#website\"},\"primaryImageOfPage\":{\"@id\":\"https:\/\/elregionalvm.com.ar\/noticias-villa-maria\/desde-adentro-lucrecia-carlstrom-aspiramos-en-villa-nueva-a-refuncionalizar-con-calidad-la-atencion-primaria-de-salud\/#primaryimage\"},\"image\":{\"@id\":\"https:\/\/elregionalvm.com.ar\/noticias-villa-maria\/desde-adentro-lucrecia-carlstrom-aspiramos-en-villa-nueva-a-refuncionalizar-con-calidad-la-atencion-primaria-de-salud\/#primaryimage\"},\"thumbnailUrl\":\"https:\/\/i0.wp.com\/elregionalvm.com.ar\/noticias-villa-maria\/wp-content\/uploads\/2023\/12\/Lucrecia-Carlstrom-5.jpg?fit=1200%2C800&ssl=1\",\"datePublished\":\"2023-12-31T03:21:40+00:00\",\"dateModified\":\"2024-01-04T02:07:09+00:00\",\"author\":{\"@id\":\"http:\/\/elregionalvm.com.ar\/noticias-villa-maria\/#\/schema\/person\/a0fb9c422317faca23d50163151bc354\"},\"breadcrumb\":{\"@id\":\"https:\/\/elregionalvm.com.ar\/noticias-villa-maria\/desde-adentro-lucrecia-carlstrom-aspiramos-en-villa-nueva-a-refuncionalizar-con-calidad-la-atencion-primaria-de-salud\/#breadcrumb\"},\"inLanguage\":\"es\",\"potentialAction\":[{\"@type\":\"ReadAction\",\"target\":[\"https:\/\/elregionalvm.com.ar\/noticias-villa-maria\/desde-adentro-lucrecia-carlstrom-aspiramos-en-villa-nueva-a-refuncionalizar-con-calidad-la-atencion-primaria-de-salud\/\"]}]},{\"@type\":\"ImageObject\",\"inLanguage\":\"es\",\"@id\":\"https:\/\/elregionalvm.com.ar\/noticias-villa-maria\/desde-adentro-lucrecia-carlstrom-aspiramos-en-villa-nueva-a-refuncionalizar-con-calidad-la-atencion-primaria-de-salud\/#primaryimage\",\"url\":\"https:\/\/i0.wp.com\/elregionalvm.com.ar\/noticias-villa-maria\/wp-content\/uploads\/2023\/12\/Lucrecia-Carlstrom-5.jpg?fit=1200%2C800&ssl=1\",\"contentUrl\":\"https:\/\/i0.wp.com\/elregionalvm.com.ar\/noticias-villa-maria\/wp-content\/uploads\/2023\/12\/Lucrecia-Carlstrom-5.jpg?fit=1200%2C800&ssl=1\",\"width\":1200,\"height\":800},{\"@type\":\"BreadcrumbList\",\"@id\":\"https:\/\/elregionalvm.com.ar\/noticias-villa-maria\/desde-adentro-lucrecia-carlstrom-aspiramos-en-villa-nueva-a-refuncionalizar-con-calidad-la-atencion-primaria-de-salud\/#breadcrumb\",\"itemListElement\":[{\"@type\":\"ListItem\",\"position\":1,\"name\":\"Portada\",\"item\":\"https:\/\/elregionalvm.com.ar\/noticias-villa-maria\/\"},{\"@type\":\"ListItem\",\"position\":2,\"name\":\"[Desde Adentro] Lucrecia Carlstrom: \u201cAspiramos en Villa Nueva a refuncionalizar con calidad la atenci\u00f3n primaria de salud\u201d\"}]},{\"@type\":\"WebSite\",\"@id\":\"http:\/\/elregionalvm.com.ar\/noticias-villa-maria\/#website\",\"url\":\"http:\/\/elregionalvm.com.ar\/noticias-villa-maria\/\",\"name\":\"El Regional\",\"description\":\"Mucho m\u00e1s que informaci\u00f3n\",\"potentialAction\":[{\"@type\":\"SearchAction\",\"target\":{\"@type\":\"EntryPoint\",\"urlTemplate\":\"http:\/\/elregionalvm.com.ar\/noticias-villa-maria\/?s={search_term_string}\"},\"query-input\":{\"@type\":\"PropertyValueSpecification\",\"valueRequired\":true,\"valueName\":\"search_term_string\"}}],\"inLanguage\":\"es\"},{\"@type\":\"Person\",\"@id\":\"http:\/\/elregionalvm.com.ar\/noticias-villa-maria\/#\/schema\/person\/a0fb9c422317faca23d50163151bc354\",\"name\":\"Contenidos El Regional\",\"image\":{\"@type\":\"ImageObject\",\"inLanguage\":\"es\",\"@id\":\"http:\/\/elregionalvm.com.ar\/noticias-villa-maria\/#\/schema\/person\/image\/\",\"url\":\"https:\/\/secure.gravatar.com\/avatar\/265b27cb2209af7bb3a1318f03305787d7981a5cc6e6cd08fe5a4ecdf99d4b48?s=96&d=mm&r=g\",\"contentUrl\":\"https:\/\/secure.gravatar.com\/avatar\/265b27cb2209af7bb3a1318f03305787d7981a5cc6e6cd08fe5a4ecdf99d4b48?s=96&d=mm&r=g\",\"caption\":\"Contenidos El Regional\"},\"url\":\"https:\/\/elregionalvm.com.ar\/noticias-villa-maria\/author\/contenido\/\"}]}<\/script>\n<!-- \/ Yoast SEO plugin. -->","yoast_head_json":{"title":"[Desde Adentro] Lucrecia Carlstrom: \u201cAspiramos en Villa Nueva a refuncionalizar con calidad la atenci\u00f3n primaria de salud\u201d - El Regional","robots":{"index":"index","follow":"follow","max-snippet":"max-snippet:-1","max-image-preview":"max-image-preview:large","max-video-preview":"max-video-preview:-1"},"canonical":"https:\/\/elregionalvm.com.ar\/noticias-villa-maria\/desde-adentro-lucrecia-carlstrom-aspiramos-en-villa-nueva-a-refuncionalizar-con-calidad-la-atencion-primaria-de-salud\/","og_locale":"es_ES","og_type":"article","og_title":"[Desde Adentro] Lucrecia Carlstrom: \u201cAspiramos en Villa Nueva a refuncionalizar con calidad la atenci\u00f3n primaria de salud\u201d - El Regional","og_description":"Lucrecia Carlstrom (44), separada, es mam\u00e1 de Francisco (16) y Mateo (6). Estudi\u00f3 Relaciones P\u00fablicas en C\u00f3rdoba y se especializ\u00f3 en Organizaci\u00f3n de Eventos, Ceremonial y Protocolo. Actualmente, forma parte del equipo de gesti\u00f3n del intendente Ignacio Tagni, como Coordinadora General del Hospital Villa Nueva.\u00a0 Fundadora de Las Iguanas Solidarias, le gusta la naturaleza, los [&hellip;]","og_url":"https:\/\/elregionalvm.com.ar\/noticias-villa-maria\/desde-adentro-lucrecia-carlstrom-aspiramos-en-villa-nueva-a-refuncionalizar-con-calidad-la-atencion-primaria-de-salud\/","og_site_name":"El Regional","article_publisher":"https:\/\/www.facebook.com\/elregionalvm","article_published_time":"2023-12-31T03:21:40+00:00","article_modified_time":"2024-01-04T02:07:09+00:00","og_image":[{"width":1200,"height":800,"url":"https:\/\/elregionalvm.com.ar\/noticias-villa-maria\/wp-content\/uploads\/2023\/12\/Lucrecia-Carlstrom-5.jpg","type":"image\/jpeg"}],"author":"Contenidos El Regional","twitter_card":"summary_large_image","twitter_creator":"@elregionalvm1","twitter_site":"@elregionalvm1","twitter_misc":{"Escrito por":"Contenidos El Regional","Tiempo de lectura":"10 minutos"},"schema":{"@context":"https:\/\/schema.org","@graph":[{"@type":"Article","@id":"https:\/\/elregionalvm.com.ar\/noticias-villa-maria\/desde-adentro-lucrecia-carlstrom-aspiramos-en-villa-nueva-a-refuncionalizar-con-calidad-la-atencion-primaria-de-salud\/#article","isPartOf":{"@id":"https:\/\/elregionalvm.com.ar\/noticias-villa-maria\/desde-adentro-lucrecia-carlstrom-aspiramos-en-villa-nueva-a-refuncionalizar-con-calidad-la-atencion-primaria-de-salud\/"},"author":{"name":"Contenidos El Regional","@id":"http:\/\/elregionalvm.com.ar\/noticias-villa-maria\/#\/schema\/person\/a0fb9c422317faca23d50163151bc354"},"headline":"[Desde Adentro] Lucrecia Carlstrom: \u201cAspiramos en Villa Nueva a refuncionalizar con calidad la atenci\u00f3n primaria de salud\u201d","datePublished":"2023-12-31T03:21:40+00:00","dateModified":"2024-01-04T02:07:09+00:00","mainEntityOfPage":{"@id":"https:\/\/elregionalvm.com.ar\/noticias-villa-maria\/desde-adentro-lucrecia-carlstrom-aspiramos-en-villa-nueva-a-refuncionalizar-con-calidad-la-atencion-primaria-de-salud\/"},"wordCount":2014,"commentCount":0,"image":{"@id":"https:\/\/elregionalvm.com.ar\/noticias-villa-maria\/desde-adentro-lucrecia-carlstrom-aspiramos-en-villa-nueva-a-refuncionalizar-con-calidad-la-atencion-primaria-de-salud\/#primaryimage"},"thumbnailUrl":"https:\/\/i0.wp.com\/elregionalvm.com.ar\/noticias-villa-maria\/wp-content\/uploads\/2023\/12\/Lucrecia-Carlstrom-5.jpg?fit=1200%2C800&ssl=1","keywords":["ceremonial y protocolo","Desde Adentro","Eventos","Hospital de Villa Nueva","Ignacio Tagni","Las Iguanas Solidarias","Lucrecia Carlstrom","salud","VILLA NUEVA"],"articleSection":["Historias","tercera","Videos"],"inLanguage":"es","potentialAction":[{"@type":"CommentAction","name":"Comment","target":["https:\/\/elregionalvm.com.ar\/noticias-villa-maria\/desde-adentro-lucrecia-carlstrom-aspiramos-en-villa-nueva-a-refuncionalizar-con-calidad-la-atencion-primaria-de-salud\/#respond"]}]},{"@type":"WebPage","@id":"https:\/\/elregionalvm.com.ar\/noticias-villa-maria\/desde-adentro-lucrecia-carlstrom-aspiramos-en-villa-nueva-a-refuncionalizar-con-calidad-la-atencion-primaria-de-salud\/","url":"https:\/\/elregionalvm.com.ar\/noticias-villa-maria\/desde-adentro-lucrecia-carlstrom-aspiramos-en-villa-nueva-a-refuncionalizar-con-calidad-la-atencion-primaria-de-salud\/","name":"[Desde Adentro] Lucrecia Carlstrom: \u201cAspiramos en Villa Nueva a refuncionalizar con calidad la atenci\u00f3n primaria de salud\u201d - El Regional","isPartOf":{"@id":"http:\/\/elregionalvm.com.ar\/noticias-villa-maria\/#website"},"primaryImageOfPage":{"@id":"https:\/\/elregionalvm.com.ar\/noticias-villa-maria\/desde-adentro-lucrecia-carlstrom-aspiramos-en-villa-nueva-a-refuncionalizar-con-calidad-la-atencion-primaria-de-salud\/#primaryimage"},"image":{"@id":"https:\/\/elregionalvm.com.ar\/noticias-villa-maria\/desde-adentro-lucrecia-carlstrom-aspiramos-en-villa-nueva-a-refuncionalizar-con-calidad-la-atencion-primaria-de-salud\/#primaryimage"},"thumbnailUrl":"https:\/\/i0.wp.com\/elregionalvm.com.ar\/noticias-villa-maria\/wp-content\/uploads\/2023\/12\/Lucrecia-Carlstrom-5.jpg?fit=1200%2C800&ssl=1","datePublished":"2023-12-31T03:21:40+00:00","dateModified":"2024-01-04T02:07:09+00:00","author":{"@id":"http:\/\/elregionalvm.com.ar\/noticias-villa-maria\/#\/schema\/person\/a0fb9c422317faca23d50163151bc354"},"breadcrumb":{"@id":"https:\/\/elregionalvm.com.ar\/noticias-villa-maria\/desde-adentro-lucrecia-carlstrom-aspiramos-en-villa-nueva-a-refuncionalizar-con-calidad-la-atencion-primaria-de-salud\/#breadcrumb"},"inLanguage":"es","potentialAction":[{"@type":"ReadAction","target":["https:\/\/elregionalvm.com.ar\/noticias-villa-maria\/desde-adentro-lucrecia-carlstrom-aspiramos-en-villa-nueva-a-refuncionalizar-con-calidad-la-atencion-primaria-de-salud\/"]}]},{"@type":"ImageObject","inLanguage":"es","@id":"https:\/\/elregionalvm.com.ar\/noticias-villa-maria\/desde-adentro-lucrecia-carlstrom-aspiramos-en-villa-nueva-a-refuncionalizar-con-calidad-la-atencion-primaria-de-salud\/#primaryimage","url":"https:\/\/i0.wp.com\/elregionalvm.com.ar\/noticias-villa-maria\/wp-content\/uploads\/2023\/12\/Lucrecia-Carlstrom-5.jpg?fit=1200%2C800&ssl=1","contentUrl":"https:\/\/i0.wp.com\/elregionalvm.com.ar\/noticias-villa-maria\/wp-content\/uploads\/2023\/12\/Lucrecia-Carlstrom-5.jpg?fit=1200%2C800&ssl=1","width":1200,"height":800},{"@type":"BreadcrumbList","@id":"https:\/\/elregionalvm.com.ar\/noticias-villa-maria\/desde-adentro-lucrecia-carlstrom-aspiramos-en-villa-nueva-a-refuncionalizar-con-calidad-la-atencion-primaria-de-salud\/#breadcrumb","itemListElement":[{"@type":"ListItem","position":1,"name":"Portada","item":"https:\/\/elregionalvm.com.ar\/noticias-villa-maria\/"},{"@type":"ListItem","position":2,"name":"[Desde Adentro] Lucrecia Carlstrom: \u201cAspiramos en Villa Nueva a refuncionalizar con calidad la atenci\u00f3n primaria de salud\u201d"}]},{"@type":"WebSite","@id":"http:\/\/elregionalvm.com.ar\/noticias-villa-maria\/#website","url":"http:\/\/elregionalvm.com.ar\/noticias-villa-maria\/","name":"El Regional","description":"Mucho m\u00e1s que informaci\u00f3n","potentialAction":[{"@type":"SearchAction","target":{"@type":"EntryPoint","urlTemplate":"http:\/\/elregionalvm.com.ar\/noticias-villa-maria\/?s={search_term_string}"},"query-input":{"@type":"PropertyValueSpecification","valueRequired":true,"valueName":"search_term_string"}}],"inLanguage":"es"},{"@type":"Person","@id":"http:\/\/elregionalvm.com.ar\/noticias-villa-maria\/#\/schema\/person\/a0fb9c422317faca23d50163151bc354","name":"Contenidos El Regional","image":{"@type":"ImageObject","inLanguage":"es","@id":"http:\/\/elregionalvm.com.ar\/noticias-villa-maria\/#\/schema\/person\/image\/","url":"https:\/\/secure.gravatar.com\/avatar\/265b27cb2209af7bb3a1318f03305787d7981a5cc6e6cd08fe5a4ecdf99d4b48?s=96&d=mm&r=g","contentUrl":"https:\/\/secure.gravatar.com\/avatar\/265b27cb2209af7bb3a1318f03305787d7981a5cc6e6cd08fe5a4ecdf99d4b48?s=96&d=mm&r=g","caption":"Contenidos El Regional"},"url":"https:\/\/elregionalvm.com.ar\/noticias-villa-maria\/author\/contenido\/"}]}},"jetpack_featured_media_url":"https:\/\/i0.wp.com\/elregionalvm.com.ar\/noticias-villa-maria\/wp-content\/uploads\/2023\/12\/Lucrecia-Carlstrom-5.jpg?fit=1200%2C800&ssl=1","jetpack_sharing_enabled":true,"_links":{"self":[{"href":"https:\/\/elregionalvm.com.ar\/noticias-villa-maria\/wp-json\/wp\/v2\/posts\/87970","targetHints":{"allow":["GET"]}}],"collection":[{"href":"https:\/\/elregionalvm.com.ar\/noticias-villa-maria\/wp-json\/wp\/v2\/posts"}],"about":[{"href":"https:\/\/elregionalvm.com.ar\/noticias-villa-maria\/wp-json\/wp\/v2\/types\/post"}],"author":[{"embeddable":true,"href":"https:\/\/elregionalvm.com.ar\/noticias-villa-maria\/wp-json\/wp\/v2\/users\/4"}],"replies":[{"embeddable":true,"href":"https:\/\/elregionalvm.com.ar\/noticias-villa-maria\/wp-json\/wp\/v2\/comments?post=87970"}],"version-history":[{"count":2,"href":"https:\/\/elregionalvm.com.ar\/noticias-villa-maria\/wp-json\/wp\/v2\/posts\/87970\/revisions"}],"predecessor-version":[{"id":87978,"href":"https:\/\/elregionalvm.com.ar\/noticias-villa-maria\/wp-json\/wp\/v2\/posts\/87970\/revisions\/87978"}],"wp:featuredmedia":[{"embeddable":true,"href":"https:\/\/elregionalvm.com.ar\/noticias-villa-maria\/wp-json\/wp\/v2\/media\/87976"}],"wp:attachment":[{"href":"https:\/\/elregionalvm.com.ar\/noticias-villa-maria\/wp-json\/wp\/v2\/media?parent=87970"}],"wp:term":[{"taxonomy":"category","embeddable":true,"href":"https:\/\/elregionalvm.com.ar\/noticias-villa-maria\/wp-json\/wp\/v2\/categories?post=87970"},{"taxonomy":"post_tag","embeddable":true,"href":"https:\/\/elregionalvm.com.ar\/noticias-villa-maria\/wp-json\/wp\/v2\/tags?post=87970"}],"curies":[{"name":"wp","href":"https:\/\/api.w.org\/{rel}","templated":true}]}}