{"id":88243,"date":"2024-01-08T03:08:41","date_gmt":"2024-01-08T03:08:41","guid":{"rendered":"https:\/\/elregionalvm.com.ar\/noticias-villa-maria\/?p=88243"},"modified":"2024-02-01T02:19:46","modified_gmt":"2024-02-01T02:19:46","slug":"politica-y-verdades-incomodas-a-medias-la-maldicion-de-las-in-inflacion-inseguridad-e-intolerancia","status":"publish","type":"post","link":"https:\/\/elregionalvm.com.ar\/noticias-villa-maria\/politica-y-verdades-incomodas-a-medias-la-maldicion-de-las-in-inflacion-inseguridad-e-intolerancia\/","title":{"rendered":"[Pol\u00edtica y verdades inc\u00f3modas a medias] La maldici\u00f3n de las \u201cIn\u201d: Inflaci\u00f3n, inseguridad e intolerancia"},"content":{"rendered":"\n<h4 class=\"wp-block-heading\">&nbsp;<\/h4>\n\n\n\n<h3 class=\"wp-block-heading\"><strong>El lenguaje es un instrumento maravilloso. Nos sirve para comunicarnos, para cantar verdades y para desnudar sentimientos y emociones. Pero, tambi\u00e9n es utilizado para mentir, falsear, ocultar o, simplemente, negar la realidad y, aunque resulte extra\u00f1o, para crear o desear nuevas realidades. As\u00ed lo demuestran muchas acciones de nuestros gobernantes.<\/strong><\/h3>\n\n\n\n<p><\/p>\n\n\n\n<p><strong>Escribe: Germ\u00e1n Giacchero<\/strong><\/p>\n\n\n\n<p><\/p>\n\n\n\n<p>La inseguridad nunca existi\u00f3. Es solo una sensaci\u00f3n.<\/p>\n\n\n\n<h4 class=\"wp-block-heading\">Igual que la inflaci\u00f3n. Fue pura ilusi\u00f3n para el gobierno durante d\u00e9cadas. Una extra\u00f1a ocurrencia de algunos locos sueltos y sectores interesados. Hasta ahora, cuando se vuelve incluso hasta deseable para la gesti\u00f3n de turno.<\/h4>\n\n\n\n<h4 class=\"wp-block-heading\">La intolerancia pol\u00edtica, por favor, nada m\u00e1s lejos de la realidad. La iniquidad social, es solo un espejismo del pasado, qu\u00e9 va.<\/h4>\n\n\n\n<h4 class=\"wp-block-heading\">La injusticia de la justicia, valga la redundancia, un mero relato medi\u00e1tico. Si me beneficia es independiente; si me perjudica, un partido judicial cooptado por el poder real.<\/h4>\n\n\n\n<p>Y los tarifazos ya no se llaman as\u00ed: se denominaron durante un tiempo, seg\u00fan la l\u00f3gica oficialista, \u201credistribuci\u00f3n de subsidios y de ingresos\u201d. Ahora, resultan hasta bienvenidos, forman parte del elenco estable del shock de ajuste para alcanzar la soluci\u00f3n.<\/p>\n\n\n\n<p>Hace rato le hemos dado la bienvenida a la posverdad.<\/p>\n\n\n\n<p><\/p>\n\n\n\n<figure class=\"wp-block-image size-large\"><img data-recalc-dims=\"1\" fetchpriority=\"high\" decoding=\"async\" width=\"1024\" height=\"641\" src=\"https:\/\/i0.wp.com\/elregionalvm.com.ar\/noticias-villa-maria\/wp-content\/uploads\/2024\/01\/posverdad-mentira-politica-verdad-2.jpg?resize=1024%2C641&#038;ssl=1\" alt=\"\" class=\"wp-image-88248\"\/><\/figure>\n\n\n\n<p><\/p>\n\n\n\n<p>En los tiempos de la Grecia antigua, con la Ret\u00f3rica, \u201cel arte de hablar bien\u201d, el lenguaje era empleado para deleitar, persuadir o conmover a propios y extra\u00f1os. Sin querer o sin tener plena conciencia de ello, la mayor\u00eda de los mortales usamos recursos ling\u00fc\u00edsticos o ret\u00f3ricos, como la met\u00e1fora, por ejemplo, para convencer a los dem\u00e1s, tejer tramas o fabular historias en plan de levante o chamuyo rompecorazones; pedir fiado o justificar una llegada tarde, a casa o al trabajo.<\/p>\n\n\n\n<p>Pero, los profesionales de la palabra con alta responsabilidad social, como pol\u00edticos, funcionarios y dirigentes de toda clase, conocen muy bien su uso.<\/p>\n\n\n\n<h4 class=\"wp-block-heading\"><strong>Artificios poco sutiles<\/strong><\/h4>\n\n\n\n<p>Dicen los que saben que en materia de psicolog\u00eda una de las principales herramientas para afrontar un problema es verbalizarlo. Balbucearlo, convertirlo en palabras, reconocerlo y enfrentarlo.<\/p>\n\n\n\n<p>De modo curioso, es la situaci\u00f3n inversa la que imper\u00f3 entre nuestros gobernantes. Pero, no se trata de un caso para el div\u00e1n, es m\u00e1s bien una decisi\u00f3n tomada, una especie de apostolado que pareciera indicar que aquello que no se puede solucionar o no figura entre las prioridades, simplemente no existe o es otra cosa.<\/p>\n\n\n\n<p>De las varias que se podr\u00eda citar, la inseguridad y la inflaci\u00f3n son dos cuestiones de estado que permanecen veladas, confundidas, ocultas o simplemente negadas. Son de los m\u00e1s variados los artificios del lenguaje a los que recurren altos funcionarios de los gobiernos que supimos conseguir en plan de aportar elegancia o sutileza discursivas a las sistem\u00e1ticas negaciones o tergiversaciones.<\/p>\n\n\n\n<p>Un argentino tipo no se desvivir\u00e1 por acudir a la Real Academia Espa\u00f1ola para hallar el significado del t\u00e9rmino inflaci\u00f3n, definido como \u201cla elevaci\u00f3n notable del nivel de precios con efectos desfavorables para la econom\u00eda de un pa\u00eds\u201d. Su sentido est\u00e1 impreso en el imaginario colectivo y en la inapelable realidad de los precios en las g\u00f3ndolas y los bolsillos.<\/p>\n\n\n\n<p><\/p>\n\n\n\n<figure class=\"wp-block-image size-large\"><img data-recalc-dims=\"1\" decoding=\"async\" width=\"1024\" height=\"576\" src=\"https:\/\/i0.wp.com\/elregionalvm.com.ar\/noticias-villa-maria\/wp-content\/uploads\/2022\/08\/POlitico-discurso-mentira.jpg?resize=1024%2C576&#038;ssl=1\" alt=\"\" class=\"wp-image-63350\"\/><\/figure>\n\n\n\n<p><\/p>\n\n\n\n<p>Sin embargo, este flagelo criollo no dej\u00f3 de ser negado o encubierto por el discurso de los vozarrones de los gobiernos de turno. \u201cReacomodamiento de precios\u201d y \u201cdispersi\u00f3n de precios\u201d, fueron solo algunos pincelazos del maquillaje ling\u00fc\u00edstico.<\/p>\n\n\n\n<p>Ahora, al parecer, se pregona el discurso de la supuesta verdad, de la dura realidad: no solo se reconoce la inflaci\u00f3n, tambi\u00e9n se la pretende como parte de la soluci\u00f3n a una mayor inflaci\u00f3n.<\/p>\n\n\n\n<p>\u201cUn numerazo\u201d, calific\u00f3 el presidente Javier Milei un posible \u00edndice de precios del 30% para diciembre. Deber\u00eda haber sido mayor, es el pensamiento de fondo. Cuanto peor, mejor, es la l\u00f3gica del gobierno casta-libertario para salvarnos del supuesto monstruo de la hiperinflaci\u00f3n al que se encargan de llamar todo el tiempo.<\/p>\n\n\n\n<p>As\u00ed, las mentiras confortables y las verdades inc\u00f3modas suelen dispararse juntas por el mismo agujero negro. <\/p>\n\n\n\n<p>La inseguridad es definida hasta por un diccionario de bolsillo como la falta de seguridad, entendida esta como \u201ccerteza, conocimiento seguro y claro\u201d de algo. Pero, de igual modo que con la inflaci\u00f3n, siempre nos quisieron hacer creer que no existe o que se trata de otra cosa. \u201cSensaci\u00f3n de inseguridad\u201d, es el eslogan m\u00e1s adoptado.<\/p>\n\n\n\n<p>Del incremento tarifario ni hablar. Los mismos que se quejan o reclamaban por los tarifazos del gobierno de signo partidario o ideol\u00f3gico contrario, son quienes promueven elegancias estil\u00edsticas.<\/p>\n\n\n\n<h4 class=\"wp-block-heading\">As\u00ed las cosas, los eufemismos son moneda corriente: \u201cExpresar con suavidad ideas cuya recta expresi\u00f3n ser\u00eda muy dura\u201d.<\/h4>\n\n\n\n<h4 class=\"wp-block-heading\">Los circunloquios tambi\u00e9n: \u201cEnunciar con un rodeo de palabras lo que pudo haber sido dicho con menos o una sola\u201d.<\/h4>\n\n\n\n<h4 class=\"wp-block-heading\">Pero, claro no son nada comparado con algunos recurrentes sofismas: \u201cArgumentos con el que se quiere defender lo que es falso o imposible\u201d.<\/h4>\n\n\n\n<p><\/p>\n\n\n\n<figure class=\"wp-block-image size-large\"><img data-recalc-dims=\"1\" decoding=\"async\" width=\"1024\" height=\"533\" src=\"https:\/\/i0.wp.com\/elregionalvm.com.ar\/noticias-villa-maria\/wp-content\/uploads\/2023\/01\/posverdad-ilustrativa-mentira-engano-1024x533.jpg?resize=1024%2C533&#038;ssl=1\" alt=\"\" class=\"wp-image-70305\" srcset=\"https:\/\/i0.wp.com\/elregionalvm.com.ar\/noticias-villa-maria\/wp-content\/uploads\/2023\/01\/posverdad-ilustrativa-mentira-engano.jpg?resize=1024%2C533&amp;ssl=1 1024w, https:\/\/i0.wp.com\/elregionalvm.com.ar\/noticias-villa-maria\/wp-content\/uploads\/2023\/01\/posverdad-ilustrativa-mentira-engano.jpg?resize=300%2C156&amp;ssl=1 300w, https:\/\/i0.wp.com\/elregionalvm.com.ar\/noticias-villa-maria\/wp-content\/uploads\/2023\/01\/posverdad-ilustrativa-mentira-engano.jpg?resize=768%2C400&amp;ssl=1 768w, https:\/\/i0.wp.com\/elregionalvm.com.ar\/noticias-villa-maria\/wp-content\/uploads\/2023\/01\/posverdad-ilustrativa-mentira-engano.jpg?w=1383&amp;ssl=1 1383w\" sizes=\"(max-width: 1000px) 100vw, 1000px\" \/><\/figure>\n\n\n\n<p><\/p>\n\n\n\n<p><strong>Desinflados, seguros y tolerantes<\/strong><\/p>\n\n\n\n<p>La situaci\u00f3n es muy compleja. Claro que tanto oficialistas como opositores practican un reduccionismo espantoso de la problem\u00e1tica de la seguridad. Para ellos solo se rebaja a lo relacionado con los hechos policiales, con delitos contra la persona o la propiedad.<\/p>\n\n\n\n<p>Mientras desde un sector se la ningunea bajo el mote de \u201csensaci\u00f3n\u201d, desde el otro, se la suele fogonear para desatar paranoia. Otro extremo que tambi\u00e9n nos aleja de una definici\u00f3n real de los problemas a los que debemos afrontarnos.<\/p>\n\n\n\n<p>Vivimos en un mundo inseguro. La seguridad es un problema de todos, todos los d\u00edas. La inseguridad social a\u00fan margina y condena a la miseria a miles de argentinos; la inseguridad jur\u00eddica no garantiza la igualdad ante la ley ni el cumplimiento de los contratos suscriptos; la inseguridad laboral aqueja y estresa.<\/p>\n\n\n\n<p>Estas incertidumbres no figuran en la agenda pol\u00edtica. Es la inseguridad de la que nadie habla. Ni &nbsp;siquiera los grandes medios.<\/p>\n\n\n\n<p>Desinflados (porque podr\u00eda ser peor), seguros (porque es solo un problema de otros) y tolerantes (de tanta convivencia democr\u00e1tica sana), as\u00ed estamos desde la l\u00f3gica discursiva con rasgos de perversi\u00f3n del poder de turno. Claro que m\u00e1s all\u00e1 de que nos mientan, tergiversen o falseen la realidad en nombre de la verdad, el problema es que sigamos creyendo.<\/p>\n\n\n\n<p><\/p>\n\n\n\n<p><\/p>\n","protected":false},"excerpt":{"rendered":"<p>&nbsp; El lenguaje es un instrumento maravilloso. Nos sirve para comunicarnos, para cantar verdades y para desnudar sentimientos y emociones. Pero, tambi\u00e9n es utilizado para mentir, falsear, ocultar o, simplemente, negar la realidad y, aunque resulte extra\u00f1o, para crear o desear nuevas realidades. As\u00ed lo demuestran muchas acciones de nuestros gobernantes. Escribe: Germ\u00e1n Giacchero La [&hellip;]<\/p>\n","protected":false},"author":6,"featured_media":88247,"comment_status":"open","ping_status":"open","sticky":false,"template":"","format":"standard","meta":{"site-sidebar-layout":"default","site-content-layout":"","ast-site-content-layout":"default","site-content-style":"default","site-sidebar-style":"default","ast-global-header-display":"","ast-banner-title-visibility":"","ast-main-header-display":"","ast-hfb-above-header-display":"","ast-hfb-below-header-display":"","ast-hfb-mobile-header-display":"","site-post-title":"","ast-breadcrumbs-content":"","ast-featured-img":"","footer-sml-layout":"","ast-disable-related-posts":"","theme-transparent-header-meta":"","adv-header-id-meta":"","stick-header-meta":"","header-above-stick-meta":"","header-main-stick-meta":"","header-below-stick-meta":"","astra-migrate-meta-layouts":"set","ast-page-background-enabled":"default","ast-page-background-meta":{"desktop":{"background-color":"","background-image":"","background-repeat":"repeat","background-position":"center center","background-size":"auto","background-attachment":"scroll","background-type":"","background-media":"","overlay-type":"","overlay-color":"","overlay-opacity":"","overlay-gradient":""},"tablet":{"background-color":"","background-image":"","background-repeat":"repeat","background-position":"center center","background-size":"auto","background-attachment":"scroll","background-type":"","background-media":"","overlay-type":"","overlay-color":"","overlay-opacity":"","overlay-gradient":""},"mobile":{"background-color":"","background-image":"","background-repeat":"repeat","background-position":"center center","background-size":"auto","background-attachment":"scroll","background-type":"","background-media":"","overlay-type":"","overlay-color":"","overlay-opacity":"","overlay-gradient":""}},"ast-content-background-meta":{"desktop":{"background-color":"var(--ast-global-color-5)","background-image":"","background-repeat":"repeat","background-position":"center center","background-size":"auto","background-attachment":"scroll","background-type":"","background-media":"","overlay-type":"","overlay-color":"","overlay-opacity":"","overlay-gradient":""},"tablet":{"background-color":"var(--ast-global-color-5)","background-image":"","background-repeat":"repeat","background-position":"center center","background-size":"auto","background-attachment":"scroll","background-type":"","background-media":"","overlay-type":"","overlay-color":"","overlay-opacity":"","overlay-gradient":""},"mobile":{"background-color":"var(--ast-global-color-5)","background-image":"","background-repeat":"repeat","background-position":"center center","background-size":"auto","background-attachment":"scroll","background-type":"","background-media":"","overlay-type":"","overlay-color":"","overlay-opacity":"","overlay-gradient":""}},"_jetpack_memberships_contains_paid_content":false,"_joinchat":[],"footnotes":""},"categories":[365,3557],"tags":[1535,7401,2467,1469,11601,10735,44,519,21214,23362,7844],"class_list":["post-88243","post","type-post","status-publish","format-standard","has-post-thumbnail","hentry","category-opinion","category-tercera","tag-democracia","tag-discurso","tag-inflacion","tag-inseguridad","tag-intolerancia","tag-mentira","tag-poder","tag-politica","tag-posverdad","tag-retorica","tag-verdad"],"yoast_head":"<!-- This site is optimized with the Yoast SEO plugin v26.8 - https:\/\/yoast.com\/product\/yoast-seo-wordpress\/ -->\n<title>[Pol\u00edtica y verdades inc\u00f3modas a medias] La maldici\u00f3n de las \u201cIn\u201d: Inflaci\u00f3n, inseguridad e intolerancia - El Regional<\/title>\n<meta name=\"robots\" content=\"index, follow, max-snippet:-1, max-image-preview:large, max-video-preview:-1\" \/>\n<link rel=\"canonical\" href=\"https:\/\/elregionalvm.com.ar\/noticias-villa-maria\/politica-y-verdades-incomodas-a-medias-la-maldicion-de-las-in-inflacion-inseguridad-e-intolerancia\/\" \/>\n<meta property=\"og:locale\" content=\"es_ES\" \/>\n<meta property=\"og:type\" content=\"article\" \/>\n<meta property=\"og:title\" content=\"[Pol\u00edtica y verdades inc\u00f3modas a medias] La maldici\u00f3n de las \u201cIn\u201d: Inflaci\u00f3n, inseguridad e intolerancia - El Regional\" \/>\n<meta property=\"og:description\" content=\"&nbsp; El lenguaje es un instrumento maravilloso. Nos sirve para comunicarnos, para cantar verdades y para desnudar sentimientos y emociones. Pero, tambi\u00e9n es utilizado para mentir, falsear, ocultar o, simplemente, negar la realidad y, aunque resulte extra\u00f1o, para crear o desear nuevas realidades. As\u00ed lo demuestran muchas acciones de nuestros gobernantes. Escribe: Germ\u00e1n Giacchero La [&hellip;]\" \/>\n<meta property=\"og:url\" content=\"https:\/\/elregionalvm.com.ar\/noticias-villa-maria\/politica-y-verdades-incomodas-a-medias-la-maldicion-de-las-in-inflacion-inseguridad-e-intolerancia\/\" \/>\n<meta property=\"og:site_name\" content=\"El Regional\" \/>\n<meta property=\"article:publisher\" content=\"https:\/\/www.facebook.com\/elregionalvm\" \/>\n<meta property=\"article:published_time\" content=\"2024-01-08T03:08:41+00:00\" \/>\n<meta property=\"article:modified_time\" content=\"2024-02-01T02:19:46+00:00\" \/>\n<meta property=\"og:image\" content=\"https:\/\/elregionalvm.com.ar\/noticias-villa-maria\/wp-content\/uploads\/2024\/01\/posverdad-mentira-politica-verdad.jpg\" \/>\n\t<meta property=\"og:image:width\" content=\"900\" \/>\n\t<meta property=\"og:image:height\" content=\"561\" \/>\n\t<meta property=\"og:image:type\" content=\"image\/jpeg\" \/>\n<meta name=\"author\" content=\"Germ\u00e1n Giacchero\" \/>\n<meta name=\"twitter:card\" content=\"summary_large_image\" \/>\n<meta name=\"twitter:creator\" content=\"@elregionalvm1\" \/>\n<meta name=\"twitter:site\" content=\"@elregionalvm1\" \/>\n<meta name=\"twitter:label1\" content=\"Escrito por\" \/>\n\t<meta name=\"twitter:data1\" content=\"Germ\u00e1n Giacchero\" \/>\n\t<meta name=\"twitter:label2\" content=\"Tiempo de lectura\" \/>\n\t<meta name=\"twitter:data2\" content=\"5 minutos\" \/>\n<script type=\"application\/ld+json\" class=\"yoast-schema-graph\">{\"@context\":\"https:\/\/schema.org\",\"@graph\":[{\"@type\":\"Article\",\"@id\":\"https:\/\/elregionalvm.com.ar\/noticias-villa-maria\/politica-y-verdades-incomodas-a-medias-la-maldicion-de-las-in-inflacion-inseguridad-e-intolerancia\/#article\",\"isPartOf\":{\"@id\":\"https:\/\/elregionalvm.com.ar\/noticias-villa-maria\/politica-y-verdades-incomodas-a-medias-la-maldicion-de-las-in-inflacion-inseguridad-e-intolerancia\/\"},\"author\":{\"name\":\"Germ\u00e1n Giacchero\",\"@id\":\"http:\/\/elregionalvm.com.ar\/noticias-villa-maria\/#\/schema\/person\/d5e4b04966154131701e52c45d3efec9\"},\"headline\":\"[Pol\u00edtica y verdades inc\u00f3modas a medias] La maldici\u00f3n de las \u201cIn\u201d: Inflaci\u00f3n, inseguridad e intolerancia\",\"datePublished\":\"2024-01-08T03:08:41+00:00\",\"dateModified\":\"2024-02-01T02:19:46+00:00\",\"mainEntityOfPage\":{\"@id\":\"https:\/\/elregionalvm.com.ar\/noticias-villa-maria\/politica-y-verdades-incomodas-a-medias-la-maldicion-de-las-in-inflacion-inseguridad-e-intolerancia\/\"},\"wordCount\":1097,\"commentCount\":0,\"image\":{\"@id\":\"https:\/\/elregionalvm.com.ar\/noticias-villa-maria\/politica-y-verdades-incomodas-a-medias-la-maldicion-de-las-in-inflacion-inseguridad-e-intolerancia\/#primaryimage\"},\"thumbnailUrl\":\"https:\/\/i0.wp.com\/elregionalvm.com.ar\/noticias-villa-maria\/wp-content\/uploads\/2024\/01\/posverdad-mentira-politica-verdad.jpg?fit=900%2C561&ssl=1\",\"keywords\":[\"Democracia\",\"discurso\",\"Inflaci\u00f3n\",\"Inseguridad\",\"intolerancia\",\"Mentira\",\"poder\",\"Pol\u00edtica\",\"posverdad\",\"ret\u00f3rica\",\"Verdad\"],\"articleSection\":[\"Opini\u00f3n\",\"tercera\"],\"inLanguage\":\"es\",\"potentialAction\":[{\"@type\":\"CommentAction\",\"name\":\"Comment\",\"target\":[\"https:\/\/elregionalvm.com.ar\/noticias-villa-maria\/politica-y-verdades-incomodas-a-medias-la-maldicion-de-las-in-inflacion-inseguridad-e-intolerancia\/#respond\"]}]},{\"@type\":\"WebPage\",\"@id\":\"https:\/\/elregionalvm.com.ar\/noticias-villa-maria\/politica-y-verdades-incomodas-a-medias-la-maldicion-de-las-in-inflacion-inseguridad-e-intolerancia\/\",\"url\":\"https:\/\/elregionalvm.com.ar\/noticias-villa-maria\/politica-y-verdades-incomodas-a-medias-la-maldicion-de-las-in-inflacion-inseguridad-e-intolerancia\/\",\"name\":\"[Pol\u00edtica y verdades inc\u00f3modas a medias] La maldici\u00f3n de las \u201cIn\u201d: Inflaci\u00f3n, inseguridad e intolerancia - El Regional\",\"isPartOf\":{\"@id\":\"http:\/\/elregionalvm.com.ar\/noticias-villa-maria\/#website\"},\"primaryImageOfPage\":{\"@id\":\"https:\/\/elregionalvm.com.ar\/noticias-villa-maria\/politica-y-verdades-incomodas-a-medias-la-maldicion-de-las-in-inflacion-inseguridad-e-intolerancia\/#primaryimage\"},\"image\":{\"@id\":\"https:\/\/elregionalvm.com.ar\/noticias-villa-maria\/politica-y-verdades-incomodas-a-medias-la-maldicion-de-las-in-inflacion-inseguridad-e-intolerancia\/#primaryimage\"},\"thumbnailUrl\":\"https:\/\/i0.wp.com\/elregionalvm.com.ar\/noticias-villa-maria\/wp-content\/uploads\/2024\/01\/posverdad-mentira-politica-verdad.jpg?fit=900%2C561&ssl=1\",\"datePublished\":\"2024-01-08T03:08:41+00:00\",\"dateModified\":\"2024-02-01T02:19:46+00:00\",\"author\":{\"@id\":\"http:\/\/elregionalvm.com.ar\/noticias-villa-maria\/#\/schema\/person\/d5e4b04966154131701e52c45d3efec9\"},\"breadcrumb\":{\"@id\":\"https:\/\/elregionalvm.com.ar\/noticias-villa-maria\/politica-y-verdades-incomodas-a-medias-la-maldicion-de-las-in-inflacion-inseguridad-e-intolerancia\/#breadcrumb\"},\"inLanguage\":\"es\",\"potentialAction\":[{\"@type\":\"ReadAction\",\"target\":[\"https:\/\/elregionalvm.com.ar\/noticias-villa-maria\/politica-y-verdades-incomodas-a-medias-la-maldicion-de-las-in-inflacion-inseguridad-e-intolerancia\/\"]}]},{\"@type\":\"ImageObject\",\"inLanguage\":\"es\",\"@id\":\"https:\/\/elregionalvm.com.ar\/noticias-villa-maria\/politica-y-verdades-incomodas-a-medias-la-maldicion-de-las-in-inflacion-inseguridad-e-intolerancia\/#primaryimage\",\"url\":\"https:\/\/i0.wp.com\/elregionalvm.com.ar\/noticias-villa-maria\/wp-content\/uploads\/2024\/01\/posverdad-mentira-politica-verdad.jpg?fit=900%2C561&ssl=1\",\"contentUrl\":\"https:\/\/i0.wp.com\/elregionalvm.com.ar\/noticias-villa-maria\/wp-content\/uploads\/2024\/01\/posverdad-mentira-politica-verdad.jpg?fit=900%2C561&ssl=1\",\"width\":900,\"height\":561},{\"@type\":\"BreadcrumbList\",\"@id\":\"https:\/\/elregionalvm.com.ar\/noticias-villa-maria\/politica-y-verdades-incomodas-a-medias-la-maldicion-de-las-in-inflacion-inseguridad-e-intolerancia\/#breadcrumb\",\"itemListElement\":[{\"@type\":\"ListItem\",\"position\":1,\"name\":\"Portada\",\"item\":\"https:\/\/elregionalvm.com.ar\/noticias-villa-maria\/\"},{\"@type\":\"ListItem\",\"position\":2,\"name\":\"[Pol\u00edtica y verdades inc\u00f3modas a medias] La maldici\u00f3n de las \u201cIn\u201d: Inflaci\u00f3n, inseguridad e intolerancia\"}]},{\"@type\":\"WebSite\",\"@id\":\"http:\/\/elregionalvm.com.ar\/noticias-villa-maria\/#website\",\"url\":\"http:\/\/elregionalvm.com.ar\/noticias-villa-maria\/\",\"name\":\"El Regional\",\"description\":\"Mucho m\u00e1s que informaci\u00f3n\",\"potentialAction\":[{\"@type\":\"SearchAction\",\"target\":{\"@type\":\"EntryPoint\",\"urlTemplate\":\"http:\/\/elregionalvm.com.ar\/noticias-villa-maria\/?s={search_term_string}\"},\"query-input\":{\"@type\":\"PropertyValueSpecification\",\"valueRequired\":true,\"valueName\":\"search_term_string\"}}],\"inLanguage\":\"es\"},{\"@type\":\"Person\",\"@id\":\"http:\/\/elregionalvm.com.ar\/noticias-villa-maria\/#\/schema\/person\/d5e4b04966154131701e52c45d3efec9\",\"name\":\"Germ\u00e1n Giacchero\",\"image\":{\"@type\":\"ImageObject\",\"inLanguage\":\"es\",\"@id\":\"http:\/\/elregionalvm.com.ar\/noticias-villa-maria\/#\/schema\/person\/image\/\",\"url\":\"https:\/\/secure.gravatar.com\/avatar\/fda163ba5ef0307ee5be9846e10f83b6e83d0cfb260d3b2464830318894c6b04?s=96&d=mm&r=g\",\"contentUrl\":\"https:\/\/secure.gravatar.com\/avatar\/fda163ba5ef0307ee5be9846e10f83b6e83d0cfb260d3b2464830318894c6b04?s=96&d=mm&r=g\",\"caption\":\"Germ\u00e1n Giacchero\"},\"url\":\"https:\/\/elregionalvm.com.ar\/noticias-villa-maria\/author\/germangiacchero\/\"}]}<\/script>\n<!-- \/ Yoast SEO plugin. -->","yoast_head_json":{"title":"[Pol\u00edtica y verdades inc\u00f3modas a medias] La maldici\u00f3n de las \u201cIn\u201d: Inflaci\u00f3n, inseguridad e intolerancia - El Regional","robots":{"index":"index","follow":"follow","max-snippet":"max-snippet:-1","max-image-preview":"max-image-preview:large","max-video-preview":"max-video-preview:-1"},"canonical":"https:\/\/elregionalvm.com.ar\/noticias-villa-maria\/politica-y-verdades-incomodas-a-medias-la-maldicion-de-las-in-inflacion-inseguridad-e-intolerancia\/","og_locale":"es_ES","og_type":"article","og_title":"[Pol\u00edtica y verdades inc\u00f3modas a medias] La maldici\u00f3n de las \u201cIn\u201d: Inflaci\u00f3n, inseguridad e intolerancia - El Regional","og_description":"&nbsp; El lenguaje es un instrumento maravilloso. Nos sirve para comunicarnos, para cantar verdades y para desnudar sentimientos y emociones. Pero, tambi\u00e9n es utilizado para mentir, falsear, ocultar o, simplemente, negar la realidad y, aunque resulte extra\u00f1o, para crear o desear nuevas realidades. As\u00ed lo demuestran muchas acciones de nuestros gobernantes. Escribe: Germ\u00e1n Giacchero La [&hellip;]","og_url":"https:\/\/elregionalvm.com.ar\/noticias-villa-maria\/politica-y-verdades-incomodas-a-medias-la-maldicion-de-las-in-inflacion-inseguridad-e-intolerancia\/","og_site_name":"El Regional","article_publisher":"https:\/\/www.facebook.com\/elregionalvm","article_published_time":"2024-01-08T03:08:41+00:00","article_modified_time":"2024-02-01T02:19:46+00:00","og_image":[{"width":900,"height":561,"url":"https:\/\/elregionalvm.com.ar\/noticias-villa-maria\/wp-content\/uploads\/2024\/01\/posverdad-mentira-politica-verdad.jpg","type":"image\/jpeg"}],"author":"Germ\u00e1n Giacchero","twitter_card":"summary_large_image","twitter_creator":"@elregionalvm1","twitter_site":"@elregionalvm1","twitter_misc":{"Escrito por":"Germ\u00e1n Giacchero","Tiempo de lectura":"5 minutos"},"schema":{"@context":"https:\/\/schema.org","@graph":[{"@type":"Article","@id":"https:\/\/elregionalvm.com.ar\/noticias-villa-maria\/politica-y-verdades-incomodas-a-medias-la-maldicion-de-las-in-inflacion-inseguridad-e-intolerancia\/#article","isPartOf":{"@id":"https:\/\/elregionalvm.com.ar\/noticias-villa-maria\/politica-y-verdades-incomodas-a-medias-la-maldicion-de-las-in-inflacion-inseguridad-e-intolerancia\/"},"author":{"name":"Germ\u00e1n Giacchero","@id":"http:\/\/elregionalvm.com.ar\/noticias-villa-maria\/#\/schema\/person\/d5e4b04966154131701e52c45d3efec9"},"headline":"[Pol\u00edtica y verdades inc\u00f3modas a medias] La maldici\u00f3n de las \u201cIn\u201d: Inflaci\u00f3n, inseguridad e intolerancia","datePublished":"2024-01-08T03:08:41+00:00","dateModified":"2024-02-01T02:19:46+00:00","mainEntityOfPage":{"@id":"https:\/\/elregionalvm.com.ar\/noticias-villa-maria\/politica-y-verdades-incomodas-a-medias-la-maldicion-de-las-in-inflacion-inseguridad-e-intolerancia\/"},"wordCount":1097,"commentCount":0,"image":{"@id":"https:\/\/elregionalvm.com.ar\/noticias-villa-maria\/politica-y-verdades-incomodas-a-medias-la-maldicion-de-las-in-inflacion-inseguridad-e-intolerancia\/#primaryimage"},"thumbnailUrl":"https:\/\/i0.wp.com\/elregionalvm.com.ar\/noticias-villa-maria\/wp-content\/uploads\/2024\/01\/posverdad-mentira-politica-verdad.jpg?fit=900%2C561&ssl=1","keywords":["Democracia","discurso","Inflaci\u00f3n","Inseguridad","intolerancia","Mentira","poder","Pol\u00edtica","posverdad","ret\u00f3rica","Verdad"],"articleSection":["Opini\u00f3n","tercera"],"inLanguage":"es","potentialAction":[{"@type":"CommentAction","name":"Comment","target":["https:\/\/elregionalvm.com.ar\/noticias-villa-maria\/politica-y-verdades-incomodas-a-medias-la-maldicion-de-las-in-inflacion-inseguridad-e-intolerancia\/#respond"]}]},{"@type":"WebPage","@id":"https:\/\/elregionalvm.com.ar\/noticias-villa-maria\/politica-y-verdades-incomodas-a-medias-la-maldicion-de-las-in-inflacion-inseguridad-e-intolerancia\/","url":"https:\/\/elregionalvm.com.ar\/noticias-villa-maria\/politica-y-verdades-incomodas-a-medias-la-maldicion-de-las-in-inflacion-inseguridad-e-intolerancia\/","name":"[Pol\u00edtica y verdades inc\u00f3modas a medias] La maldici\u00f3n de las \u201cIn\u201d: Inflaci\u00f3n, inseguridad e intolerancia - El Regional","isPartOf":{"@id":"http:\/\/elregionalvm.com.ar\/noticias-villa-maria\/#website"},"primaryImageOfPage":{"@id":"https:\/\/elregionalvm.com.ar\/noticias-villa-maria\/politica-y-verdades-incomodas-a-medias-la-maldicion-de-las-in-inflacion-inseguridad-e-intolerancia\/#primaryimage"},"image":{"@id":"https:\/\/elregionalvm.com.ar\/noticias-villa-maria\/politica-y-verdades-incomodas-a-medias-la-maldicion-de-las-in-inflacion-inseguridad-e-intolerancia\/#primaryimage"},"thumbnailUrl":"https:\/\/i0.wp.com\/elregionalvm.com.ar\/noticias-villa-maria\/wp-content\/uploads\/2024\/01\/posverdad-mentira-politica-verdad.jpg?fit=900%2C561&ssl=1","datePublished":"2024-01-08T03:08:41+00:00","dateModified":"2024-02-01T02:19:46+00:00","author":{"@id":"http:\/\/elregionalvm.com.ar\/noticias-villa-maria\/#\/schema\/person\/d5e4b04966154131701e52c45d3efec9"},"breadcrumb":{"@id":"https:\/\/elregionalvm.com.ar\/noticias-villa-maria\/politica-y-verdades-incomodas-a-medias-la-maldicion-de-las-in-inflacion-inseguridad-e-intolerancia\/#breadcrumb"},"inLanguage":"es","potentialAction":[{"@type":"ReadAction","target":["https:\/\/elregionalvm.com.ar\/noticias-villa-maria\/politica-y-verdades-incomodas-a-medias-la-maldicion-de-las-in-inflacion-inseguridad-e-intolerancia\/"]}]},{"@type":"ImageObject","inLanguage":"es","@id":"https:\/\/elregionalvm.com.ar\/noticias-villa-maria\/politica-y-verdades-incomodas-a-medias-la-maldicion-de-las-in-inflacion-inseguridad-e-intolerancia\/#primaryimage","url":"https:\/\/i0.wp.com\/elregionalvm.com.ar\/noticias-villa-maria\/wp-content\/uploads\/2024\/01\/posverdad-mentira-politica-verdad.jpg?fit=900%2C561&ssl=1","contentUrl":"https:\/\/i0.wp.com\/elregionalvm.com.ar\/noticias-villa-maria\/wp-content\/uploads\/2024\/01\/posverdad-mentira-politica-verdad.jpg?fit=900%2C561&ssl=1","width":900,"height":561},{"@type":"BreadcrumbList","@id":"https:\/\/elregionalvm.com.ar\/noticias-villa-maria\/politica-y-verdades-incomodas-a-medias-la-maldicion-de-las-in-inflacion-inseguridad-e-intolerancia\/#breadcrumb","itemListElement":[{"@type":"ListItem","position":1,"name":"Portada","item":"https:\/\/elregionalvm.com.ar\/noticias-villa-maria\/"},{"@type":"ListItem","position":2,"name":"[Pol\u00edtica y verdades inc\u00f3modas a medias] La maldici\u00f3n de las \u201cIn\u201d: Inflaci\u00f3n, inseguridad e intolerancia"}]},{"@type":"WebSite","@id":"http:\/\/elregionalvm.com.ar\/noticias-villa-maria\/#website","url":"http:\/\/elregionalvm.com.ar\/noticias-villa-maria\/","name":"El Regional","description":"Mucho m\u00e1s que informaci\u00f3n","potentialAction":[{"@type":"SearchAction","target":{"@type":"EntryPoint","urlTemplate":"http:\/\/elregionalvm.com.ar\/noticias-villa-maria\/?s={search_term_string}"},"query-input":{"@type":"PropertyValueSpecification","valueRequired":true,"valueName":"search_term_string"}}],"inLanguage":"es"},{"@type":"Person","@id":"http:\/\/elregionalvm.com.ar\/noticias-villa-maria\/#\/schema\/person\/d5e4b04966154131701e52c45d3efec9","name":"Germ\u00e1n Giacchero","image":{"@type":"ImageObject","inLanguage":"es","@id":"http:\/\/elregionalvm.com.ar\/noticias-villa-maria\/#\/schema\/person\/image\/","url":"https:\/\/secure.gravatar.com\/avatar\/fda163ba5ef0307ee5be9846e10f83b6e83d0cfb260d3b2464830318894c6b04?s=96&d=mm&r=g","contentUrl":"https:\/\/secure.gravatar.com\/avatar\/fda163ba5ef0307ee5be9846e10f83b6e83d0cfb260d3b2464830318894c6b04?s=96&d=mm&r=g","caption":"Germ\u00e1n Giacchero"},"url":"https:\/\/elregionalvm.com.ar\/noticias-villa-maria\/author\/germangiacchero\/"}]}},"jetpack_featured_media_url":"https:\/\/i0.wp.com\/elregionalvm.com.ar\/noticias-villa-maria\/wp-content\/uploads\/2024\/01\/posverdad-mentira-politica-verdad.jpg?fit=900%2C561&ssl=1","jetpack_sharing_enabled":true,"_links":{"self":[{"href":"https:\/\/elregionalvm.com.ar\/noticias-villa-maria\/wp-json\/wp\/v2\/posts\/88243","targetHints":{"allow":["GET"]}}],"collection":[{"href":"https:\/\/elregionalvm.com.ar\/noticias-villa-maria\/wp-json\/wp\/v2\/posts"}],"about":[{"href":"https:\/\/elregionalvm.com.ar\/noticias-villa-maria\/wp-json\/wp\/v2\/types\/post"}],"author":[{"embeddable":true,"href":"https:\/\/elregionalvm.com.ar\/noticias-villa-maria\/wp-json\/wp\/v2\/users\/6"}],"replies":[{"embeddable":true,"href":"https:\/\/elregionalvm.com.ar\/noticias-villa-maria\/wp-json\/wp\/v2\/comments?post=88243"}],"version-history":[{"count":5,"href":"https:\/\/elregionalvm.com.ar\/noticias-villa-maria\/wp-json\/wp\/v2\/posts\/88243\/revisions"}],"predecessor-version":[{"id":88250,"href":"https:\/\/elregionalvm.com.ar\/noticias-villa-maria\/wp-json\/wp\/v2\/posts\/88243\/revisions\/88250"}],"wp:featuredmedia":[{"embeddable":true,"href":"https:\/\/elregionalvm.com.ar\/noticias-villa-maria\/wp-json\/wp\/v2\/media\/88247"}],"wp:attachment":[{"href":"https:\/\/elregionalvm.com.ar\/noticias-villa-maria\/wp-json\/wp\/v2\/media?parent=88243"}],"wp:term":[{"taxonomy":"category","embeddable":true,"href":"https:\/\/elregionalvm.com.ar\/noticias-villa-maria\/wp-json\/wp\/v2\/categories?post=88243"},{"taxonomy":"post_tag","embeddable":true,"href":"https:\/\/elregionalvm.com.ar\/noticias-villa-maria\/wp-json\/wp\/v2\/tags?post=88243"}],"curies":[{"name":"wp","href":"https:\/\/api.w.org\/{rel}","templated":true}]}}