{"id":88623,"date":"2024-01-16T20:46:17","date_gmt":"2024-01-16T20:46:17","guid":{"rendered":"https:\/\/elregionalvm.com.ar\/noticias-villa-maria\/?p=88623"},"modified":"2024-01-16T20:46:19","modified_gmt":"2024-01-16T20:46:19","slug":"veronica-navarro-destaco-la-importancia-de-la-cultura-y-la-produccion-para-el-desarrollo-de-villa-maria","status":"publish","type":"post","link":"https:\/\/elregionalvm.com.ar\/noticias-villa-maria\/veronica-navarro-destaco-la-importancia-de-la-cultura-y-la-produccion-para-el-desarrollo-de-villa-maria\/","title":{"rendered":"Ver\u00f3nica Navarro destac\u00f3 la importancia de la cultura y la producci\u00f3n para el desarrollo de Villa Mar\u00eda"},"content":{"rendered":"\n<p>Durante la ma\u00f1ana de hoy, la legisladora provincial Ver\u00f3nica Navarro, dialog\u00f3 con la prensa local sobre diversos temas que son clave para el crecimiento de nuestra ciudad. Entre los aspectos que abord\u00f3, destac\u00f3 la firme posici\u00f3n de C\u00f3rdoba en materia de biocombustibles, y se refiri\u00f3 a las declaraciones del propio gobernador Mart\u00edn Llaryora sobre el tema.<\/p>\n\n\n\n<p>Al respecto, Navarro coment\u00f3: \u201cAccastello logr\u00f3 como intendente que la planta de bioetanol, Acabio, se radicara en nuestra ciudad, con todo el proyecto colateral y asociativo que esto implica para el crecimiento econ\u00f3mico de la regi\u00f3n, y la relevancia de la producci\u00f3n de derivados que forman parte de la cadena de valor de un sector que tambi\u00e9n alimenta a otras industrias\u201d.<\/p>\n\n\n\n<p>Luego, agreg\u00f3: \u201cEl desarrollo del ecosistema productivo de Villa Mar\u00eda resulta fundamental en este contexto dif\u00edcil, en el que todo est\u00e1 cruzado transversalmente por inconsistencias que no se pudieron solucionar en su momento, y que en este contexto de crisis colapsan, ya sea por la situaci\u00f3n macro o por algunas otras normativas impositivas, tributarias, fiscales, aduaneras y dem\u00e1s\u201d.<\/p>\n\n\n\n<p>Por otro lado, la legisladora Ver\u00f3nica Navarro, se manifest\u00f3 acerca del valor que adquiera la articulaci\u00f3n con el sector privado en nuestra ciudad, y dijo que desde la gesti\u00f3n municipal que encabeza Eduardo Accastello se mantiene un di\u00e1logo constante para impulsar y trabajar mancomunadamente. Y destac\u00f3 que fue el sector privado el que plante\u00f3 como indispensable la realizaci\u00f3n del Festival Internacional de Pe\u00f1as, que _\u201ces tan importante como motor econ\u00f3mico de la ciudad y de la regi\u00f3n\u201d.<\/p>\n\n\n\n<p>\u201cVenimos trabajando intensamente junto al intendente y a su equipo de gobierno, y estamos felices de poder activar y accionar todo lo necesario para que Villa Mar\u00eda vuelva a ser esa ciudad hermosa y con oportunidades para todos, que realmente nos incluya y genere trabajo y posibilidades\u201d, concluy\u00f3 la legisladora.<\/p>\n","protected":false},"excerpt":{"rendered":"<p>Durante la ma\u00f1ana de hoy, la legisladora provincial Ver\u00f3nica Navarro, dialog\u00f3 con la prensa local sobre diversos temas que son clave para el crecimiento de nuestra ciudad. Entre los aspectos que abord\u00f3, destac\u00f3 la firme posici\u00f3n de C\u00f3rdoba en materia de biocombustibles, y se refiri\u00f3 a las declaraciones del propio gobernador Mart\u00edn Llaryora sobre el [&hellip;]<\/p>\n","protected":false},"author":4,"featured_media":88624,"comment_status":"open","ping_status":"open","sticky":false,"template":"","format":"standard","meta":{"site-sidebar-layout":"default","site-content-layout":"","ast-site-content-layout":"default","site-content-style":"default","site-sidebar-style":"default","ast-global-header-display":"","ast-banner-title-visibility":"","ast-main-header-display":"","ast-hfb-above-header-display":"","ast-hfb-below-header-display":"","ast-hfb-mobile-header-display":"","site-post-title":"","ast-breadcrumbs-content":"","ast-featured-img":"","footer-sml-layout":"","ast-disable-related-posts":"","theme-transparent-header-meta":"","adv-header-id-meta":"","stick-header-meta":"","header-above-stick-meta":"","header-main-stick-meta":"","header-below-stick-meta":"","astra-migrate-meta-layouts":"set","ast-page-background-enabled":"default","ast-page-background-meta":{"desktop":{"background-color":"","background-image":"","background-repeat":"repeat","background-position":"center center","background-size":"auto","background-attachment":"scroll","background-type":"","background-media":"","overlay-type":"","overlay-color":"","overlay-opacity":"","overlay-gradient":""},"tablet":{"background-color":"","background-image":"","background-repeat":"repeat","background-position":"center center","background-size":"auto","background-attachment":"scroll","background-type":"","background-media":"","overlay-type":"","overlay-color":"","overlay-opacity":"","overlay-gradient":""},"mobile":{"background-color":"","background-image":"","background-repeat":"repeat","background-position":"center center","background-size":"auto","background-attachment":"scroll","background-type":"","background-media":"","overlay-type":"","overlay-color":"","overlay-opacity":"","overlay-gradient":""}},"ast-content-background-meta":{"desktop":{"background-color":"var(--ast-global-color-5)","background-image":"","background-repeat":"repeat","background-position":"center center","background-size":"auto","background-attachment":"scroll","background-type":"","background-media":"","overlay-type":"","overlay-color":"","overlay-opacity":"","overlay-gradient":""},"tablet":{"background-color":"var(--ast-global-color-5)","background-image":"","background-repeat":"repeat","background-position":"center center","background-size":"auto","background-attachment":"scroll","background-type":"","background-media":"","overlay-type":"","overlay-color":"","overlay-opacity":"","overlay-gradient":""},"mobile":{"background-color":"var(--ast-global-color-5)","background-image":"","background-repeat":"repeat","background-position":"center center","background-size":"auto","background-attachment":"scroll","background-type":"","background-media":"","overlay-type":"","overlay-color":"","overlay-opacity":"","overlay-gradient":""}},"_jetpack_memberships_contains_paid_content":false,"_joinchat":[],"footnotes":""},"categories":[15302,5,2],"tags":[],"class_list":["post-88623","post","type-post","status-publish","format-standard","has-post-thumbnail","hentry","category-destacado","category-sociedad","category-villa-maria"],"yoast_head":"<!-- This site is optimized with the Yoast SEO plugin v26.8 - https:\/\/yoast.com\/product\/yoast-seo-wordpress\/ -->\n<title>Ver\u00f3nica Navarro destac\u00f3 la importancia de la cultura y la producci\u00f3n para el desarrollo de Villa Mar\u00eda - El Regional<\/title>\n<meta name=\"robots\" content=\"index, follow, max-snippet:-1, max-image-preview:large, max-video-preview:-1\" \/>\n<link rel=\"canonical\" href=\"https:\/\/elregionalvm.com.ar\/noticias-villa-maria\/veronica-navarro-destaco-la-importancia-de-la-cultura-y-la-produccion-para-el-desarrollo-de-villa-maria\/\" \/>\n<meta property=\"og:locale\" content=\"es_ES\" \/>\n<meta property=\"og:type\" content=\"article\" \/>\n<meta property=\"og:title\" content=\"Ver\u00f3nica Navarro destac\u00f3 la importancia de la cultura y la producci\u00f3n para el desarrollo de Villa Mar\u00eda - El Regional\" \/>\n<meta property=\"og:description\" content=\"Durante la ma\u00f1ana de hoy, la legisladora provincial Ver\u00f3nica Navarro, dialog\u00f3 con la prensa local sobre diversos temas que son clave para el crecimiento de nuestra ciudad. Entre los aspectos que abord\u00f3, destac\u00f3 la firme posici\u00f3n de C\u00f3rdoba en materia de biocombustibles, y se refiri\u00f3 a las declaraciones del propio gobernador Mart\u00edn Llaryora sobre el [&hellip;]\" \/>\n<meta property=\"og:url\" content=\"https:\/\/elregionalvm.com.ar\/noticias-villa-maria\/veronica-navarro-destaco-la-importancia-de-la-cultura-y-la-produccion-para-el-desarrollo-de-villa-maria\/\" \/>\n<meta property=\"og:site_name\" content=\"El Regional\" \/>\n<meta property=\"article:publisher\" content=\"https:\/\/www.facebook.com\/elregionalvm\" \/>\n<meta property=\"article:published_time\" content=\"2024-01-16T20:46:17+00:00\" \/>\n<meta property=\"article:modified_time\" content=\"2024-01-16T20:46:19+00:00\" \/>\n<meta property=\"og:image\" content=\"https:\/\/elregionalvm.com.ar\/noticias-villa-maria\/wp-content\/uploads\/2024\/01\/WhatsApp-Image-2024-01-16-at-12.23.14.jpeg\" \/>\n\t<meta property=\"og:image:width\" content=\"719\" \/>\n\t<meta property=\"og:image:height\" content=\"606\" \/>\n\t<meta property=\"og:image:type\" content=\"image\/jpeg\" \/>\n<meta name=\"author\" content=\"Contenidos El Regional\" \/>\n<meta name=\"twitter:card\" content=\"summary_large_image\" \/>\n<meta name=\"twitter:creator\" content=\"@elregionalvm1\" \/>\n<meta name=\"twitter:site\" content=\"@elregionalvm1\" \/>\n<meta name=\"twitter:label1\" content=\"Escrito por\" \/>\n\t<meta name=\"twitter:data1\" content=\"Contenidos El Regional\" \/>\n\t<meta name=\"twitter:label2\" content=\"Tiempo de lectura\" \/>\n\t<meta name=\"twitter:data2\" content=\"2 minutos\" \/>\n<script type=\"application\/ld+json\" class=\"yoast-schema-graph\">{\"@context\":\"https:\/\/schema.org\",\"@graph\":[{\"@type\":\"Article\",\"@id\":\"https:\/\/elregionalvm.com.ar\/noticias-villa-maria\/veronica-navarro-destaco-la-importancia-de-la-cultura-y-la-produccion-para-el-desarrollo-de-villa-maria\/#article\",\"isPartOf\":{\"@id\":\"https:\/\/elregionalvm.com.ar\/noticias-villa-maria\/veronica-navarro-destaco-la-importancia-de-la-cultura-y-la-produccion-para-el-desarrollo-de-villa-maria\/\"},\"author\":{\"name\":\"Contenidos El Regional\",\"@id\":\"http:\/\/elregionalvm.com.ar\/noticias-villa-maria\/#\/schema\/person\/a0fb9c422317faca23d50163151bc354\"},\"headline\":\"Ver\u00f3nica Navarro destac\u00f3 la importancia de la cultura y la producci\u00f3n para el desarrollo de Villa Mar\u00eda\",\"datePublished\":\"2024-01-16T20:46:17+00:00\",\"dateModified\":\"2024-01-16T20:46:19+00:00\",\"mainEntityOfPage\":{\"@id\":\"https:\/\/elregionalvm.com.ar\/noticias-villa-maria\/veronica-navarro-destaco-la-importancia-de-la-cultura-y-la-produccion-para-el-desarrollo-de-villa-maria\/\"},\"wordCount\":344,\"commentCount\":0,\"image\":{\"@id\":\"https:\/\/elregionalvm.com.ar\/noticias-villa-maria\/veronica-navarro-destaco-la-importancia-de-la-cultura-y-la-produccion-para-el-desarrollo-de-villa-maria\/#primaryimage\"},\"thumbnailUrl\":\"https:\/\/i0.wp.com\/elregionalvm.com.ar\/noticias-villa-maria\/wp-content\/uploads\/2024\/01\/WhatsApp-Image-2024-01-16-at-12.23.14.jpeg?fit=719%2C606&ssl=1\",\"articleSection\":[\"destacado\",\"Sociedad\",\"Villa Mar\u00eda\"],\"inLanguage\":\"es\",\"potentialAction\":[{\"@type\":\"CommentAction\",\"name\":\"Comment\",\"target\":[\"https:\/\/elregionalvm.com.ar\/noticias-villa-maria\/veronica-navarro-destaco-la-importancia-de-la-cultura-y-la-produccion-para-el-desarrollo-de-villa-maria\/#respond\"]}]},{\"@type\":\"WebPage\",\"@id\":\"https:\/\/elregionalvm.com.ar\/noticias-villa-maria\/veronica-navarro-destaco-la-importancia-de-la-cultura-y-la-produccion-para-el-desarrollo-de-villa-maria\/\",\"url\":\"https:\/\/elregionalvm.com.ar\/noticias-villa-maria\/veronica-navarro-destaco-la-importancia-de-la-cultura-y-la-produccion-para-el-desarrollo-de-villa-maria\/\",\"name\":\"Ver\u00f3nica Navarro destac\u00f3 la importancia de la cultura y la producci\u00f3n para el desarrollo de Villa Mar\u00eda - El Regional\",\"isPartOf\":{\"@id\":\"http:\/\/elregionalvm.com.ar\/noticias-villa-maria\/#website\"},\"primaryImageOfPage\":{\"@id\":\"https:\/\/elregionalvm.com.ar\/noticias-villa-maria\/veronica-navarro-destaco-la-importancia-de-la-cultura-y-la-produccion-para-el-desarrollo-de-villa-maria\/#primaryimage\"},\"image\":{\"@id\":\"https:\/\/elregionalvm.com.ar\/noticias-villa-maria\/veronica-navarro-destaco-la-importancia-de-la-cultura-y-la-produccion-para-el-desarrollo-de-villa-maria\/#primaryimage\"},\"thumbnailUrl\":\"https:\/\/i0.wp.com\/elregionalvm.com.ar\/noticias-villa-maria\/wp-content\/uploads\/2024\/01\/WhatsApp-Image-2024-01-16-at-12.23.14.jpeg?fit=719%2C606&ssl=1\",\"datePublished\":\"2024-01-16T20:46:17+00:00\",\"dateModified\":\"2024-01-16T20:46:19+00:00\",\"author\":{\"@id\":\"http:\/\/elregionalvm.com.ar\/noticias-villa-maria\/#\/schema\/person\/a0fb9c422317faca23d50163151bc354\"},\"breadcrumb\":{\"@id\":\"https:\/\/elregionalvm.com.ar\/noticias-villa-maria\/veronica-navarro-destaco-la-importancia-de-la-cultura-y-la-produccion-para-el-desarrollo-de-villa-maria\/#breadcrumb\"},\"inLanguage\":\"es\",\"potentialAction\":[{\"@type\":\"ReadAction\",\"target\":[\"https:\/\/elregionalvm.com.ar\/noticias-villa-maria\/veronica-navarro-destaco-la-importancia-de-la-cultura-y-la-produccion-para-el-desarrollo-de-villa-maria\/\"]}]},{\"@type\":\"ImageObject\",\"inLanguage\":\"es\",\"@id\":\"https:\/\/elregionalvm.com.ar\/noticias-villa-maria\/veronica-navarro-destaco-la-importancia-de-la-cultura-y-la-produccion-para-el-desarrollo-de-villa-maria\/#primaryimage\",\"url\":\"https:\/\/i0.wp.com\/elregionalvm.com.ar\/noticias-villa-maria\/wp-content\/uploads\/2024\/01\/WhatsApp-Image-2024-01-16-at-12.23.14.jpeg?fit=719%2C606&ssl=1\",\"contentUrl\":\"https:\/\/i0.wp.com\/elregionalvm.com.ar\/noticias-villa-maria\/wp-content\/uploads\/2024\/01\/WhatsApp-Image-2024-01-16-at-12.23.14.jpeg?fit=719%2C606&ssl=1\",\"width\":719,\"height\":606},{\"@type\":\"BreadcrumbList\",\"@id\":\"https:\/\/elregionalvm.com.ar\/noticias-villa-maria\/veronica-navarro-destaco-la-importancia-de-la-cultura-y-la-produccion-para-el-desarrollo-de-villa-maria\/#breadcrumb\",\"itemListElement\":[{\"@type\":\"ListItem\",\"position\":1,\"name\":\"Portada\",\"item\":\"https:\/\/elregionalvm.com.ar\/noticias-villa-maria\/\"},{\"@type\":\"ListItem\",\"position\":2,\"name\":\"Ver\u00f3nica Navarro destac\u00f3 la importancia de la cultura y la producci\u00f3n para el desarrollo de Villa Mar\u00eda\"}]},{\"@type\":\"WebSite\",\"@id\":\"http:\/\/elregionalvm.com.ar\/noticias-villa-maria\/#website\",\"url\":\"http:\/\/elregionalvm.com.ar\/noticias-villa-maria\/\",\"name\":\"El Regional\",\"description\":\"Mucho m\u00e1s que informaci\u00f3n\",\"potentialAction\":[{\"@type\":\"SearchAction\",\"target\":{\"@type\":\"EntryPoint\",\"urlTemplate\":\"http:\/\/elregionalvm.com.ar\/noticias-villa-maria\/?s={search_term_string}\"},\"query-input\":{\"@type\":\"PropertyValueSpecification\",\"valueRequired\":true,\"valueName\":\"search_term_string\"}}],\"inLanguage\":\"es\"},{\"@type\":\"Person\",\"@id\":\"http:\/\/elregionalvm.com.ar\/noticias-villa-maria\/#\/schema\/person\/a0fb9c422317faca23d50163151bc354\",\"name\":\"Contenidos El Regional\",\"image\":{\"@type\":\"ImageObject\",\"inLanguage\":\"es\",\"@id\":\"http:\/\/elregionalvm.com.ar\/noticias-villa-maria\/#\/schema\/person\/image\/\",\"url\":\"https:\/\/secure.gravatar.com\/avatar\/265b27cb2209af7bb3a1318f03305787d7981a5cc6e6cd08fe5a4ecdf99d4b48?s=96&d=mm&r=g\",\"contentUrl\":\"https:\/\/secure.gravatar.com\/avatar\/265b27cb2209af7bb3a1318f03305787d7981a5cc6e6cd08fe5a4ecdf99d4b48?s=96&d=mm&r=g\",\"caption\":\"Contenidos El Regional\"},\"url\":\"https:\/\/elregionalvm.com.ar\/noticias-villa-maria\/author\/contenido\/\"}]}<\/script>\n<!-- \/ Yoast SEO plugin. -->","yoast_head_json":{"title":"Ver\u00f3nica Navarro destac\u00f3 la importancia de la cultura y la producci\u00f3n para el desarrollo de Villa Mar\u00eda - El Regional","robots":{"index":"index","follow":"follow","max-snippet":"max-snippet:-1","max-image-preview":"max-image-preview:large","max-video-preview":"max-video-preview:-1"},"canonical":"https:\/\/elregionalvm.com.ar\/noticias-villa-maria\/veronica-navarro-destaco-la-importancia-de-la-cultura-y-la-produccion-para-el-desarrollo-de-villa-maria\/","og_locale":"es_ES","og_type":"article","og_title":"Ver\u00f3nica Navarro destac\u00f3 la importancia de la cultura y la producci\u00f3n para el desarrollo de Villa Mar\u00eda - El Regional","og_description":"Durante la ma\u00f1ana de hoy, la legisladora provincial Ver\u00f3nica Navarro, dialog\u00f3 con la prensa local sobre diversos temas que son clave para el crecimiento de nuestra ciudad. Entre los aspectos que abord\u00f3, destac\u00f3 la firme posici\u00f3n de C\u00f3rdoba en materia de biocombustibles, y se refiri\u00f3 a las declaraciones del propio gobernador Mart\u00edn Llaryora sobre el [&hellip;]","og_url":"https:\/\/elregionalvm.com.ar\/noticias-villa-maria\/veronica-navarro-destaco-la-importancia-de-la-cultura-y-la-produccion-para-el-desarrollo-de-villa-maria\/","og_site_name":"El Regional","article_publisher":"https:\/\/www.facebook.com\/elregionalvm","article_published_time":"2024-01-16T20:46:17+00:00","article_modified_time":"2024-01-16T20:46:19+00:00","og_image":[{"width":719,"height":606,"url":"https:\/\/elregionalvm.com.ar\/noticias-villa-maria\/wp-content\/uploads\/2024\/01\/WhatsApp-Image-2024-01-16-at-12.23.14.jpeg","type":"image\/jpeg"}],"author":"Contenidos El Regional","twitter_card":"summary_large_image","twitter_creator":"@elregionalvm1","twitter_site":"@elregionalvm1","twitter_misc":{"Escrito por":"Contenidos El Regional","Tiempo de lectura":"2 minutos"},"schema":{"@context":"https:\/\/schema.org","@graph":[{"@type":"Article","@id":"https:\/\/elregionalvm.com.ar\/noticias-villa-maria\/veronica-navarro-destaco-la-importancia-de-la-cultura-y-la-produccion-para-el-desarrollo-de-villa-maria\/#article","isPartOf":{"@id":"https:\/\/elregionalvm.com.ar\/noticias-villa-maria\/veronica-navarro-destaco-la-importancia-de-la-cultura-y-la-produccion-para-el-desarrollo-de-villa-maria\/"},"author":{"name":"Contenidos El Regional","@id":"http:\/\/elregionalvm.com.ar\/noticias-villa-maria\/#\/schema\/person\/a0fb9c422317faca23d50163151bc354"},"headline":"Ver\u00f3nica Navarro destac\u00f3 la importancia de la cultura y la producci\u00f3n para el desarrollo de Villa Mar\u00eda","datePublished":"2024-01-16T20:46:17+00:00","dateModified":"2024-01-16T20:46:19+00:00","mainEntityOfPage":{"@id":"https:\/\/elregionalvm.com.ar\/noticias-villa-maria\/veronica-navarro-destaco-la-importancia-de-la-cultura-y-la-produccion-para-el-desarrollo-de-villa-maria\/"},"wordCount":344,"commentCount":0,"image":{"@id":"https:\/\/elregionalvm.com.ar\/noticias-villa-maria\/veronica-navarro-destaco-la-importancia-de-la-cultura-y-la-produccion-para-el-desarrollo-de-villa-maria\/#primaryimage"},"thumbnailUrl":"https:\/\/i0.wp.com\/elregionalvm.com.ar\/noticias-villa-maria\/wp-content\/uploads\/2024\/01\/WhatsApp-Image-2024-01-16-at-12.23.14.jpeg?fit=719%2C606&ssl=1","articleSection":["destacado","Sociedad","Villa Mar\u00eda"],"inLanguage":"es","potentialAction":[{"@type":"CommentAction","name":"Comment","target":["https:\/\/elregionalvm.com.ar\/noticias-villa-maria\/veronica-navarro-destaco-la-importancia-de-la-cultura-y-la-produccion-para-el-desarrollo-de-villa-maria\/#respond"]}]},{"@type":"WebPage","@id":"https:\/\/elregionalvm.com.ar\/noticias-villa-maria\/veronica-navarro-destaco-la-importancia-de-la-cultura-y-la-produccion-para-el-desarrollo-de-villa-maria\/","url":"https:\/\/elregionalvm.com.ar\/noticias-villa-maria\/veronica-navarro-destaco-la-importancia-de-la-cultura-y-la-produccion-para-el-desarrollo-de-villa-maria\/","name":"Ver\u00f3nica Navarro destac\u00f3 la importancia de la cultura y la producci\u00f3n para el desarrollo de Villa Mar\u00eda - El Regional","isPartOf":{"@id":"http:\/\/elregionalvm.com.ar\/noticias-villa-maria\/#website"},"primaryImageOfPage":{"@id":"https:\/\/elregionalvm.com.ar\/noticias-villa-maria\/veronica-navarro-destaco-la-importancia-de-la-cultura-y-la-produccion-para-el-desarrollo-de-villa-maria\/#primaryimage"},"image":{"@id":"https:\/\/elregionalvm.com.ar\/noticias-villa-maria\/veronica-navarro-destaco-la-importancia-de-la-cultura-y-la-produccion-para-el-desarrollo-de-villa-maria\/#primaryimage"},"thumbnailUrl":"https:\/\/i0.wp.com\/elregionalvm.com.ar\/noticias-villa-maria\/wp-content\/uploads\/2024\/01\/WhatsApp-Image-2024-01-16-at-12.23.14.jpeg?fit=719%2C606&ssl=1","datePublished":"2024-01-16T20:46:17+00:00","dateModified":"2024-01-16T20:46:19+00:00","author":{"@id":"http:\/\/elregionalvm.com.ar\/noticias-villa-maria\/#\/schema\/person\/a0fb9c422317faca23d50163151bc354"},"breadcrumb":{"@id":"https:\/\/elregionalvm.com.ar\/noticias-villa-maria\/veronica-navarro-destaco-la-importancia-de-la-cultura-y-la-produccion-para-el-desarrollo-de-villa-maria\/#breadcrumb"},"inLanguage":"es","potentialAction":[{"@type":"ReadAction","target":["https:\/\/elregionalvm.com.ar\/noticias-villa-maria\/veronica-navarro-destaco-la-importancia-de-la-cultura-y-la-produccion-para-el-desarrollo-de-villa-maria\/"]}]},{"@type":"ImageObject","inLanguage":"es","@id":"https:\/\/elregionalvm.com.ar\/noticias-villa-maria\/veronica-navarro-destaco-la-importancia-de-la-cultura-y-la-produccion-para-el-desarrollo-de-villa-maria\/#primaryimage","url":"https:\/\/i0.wp.com\/elregionalvm.com.ar\/noticias-villa-maria\/wp-content\/uploads\/2024\/01\/WhatsApp-Image-2024-01-16-at-12.23.14.jpeg?fit=719%2C606&ssl=1","contentUrl":"https:\/\/i0.wp.com\/elregionalvm.com.ar\/noticias-villa-maria\/wp-content\/uploads\/2024\/01\/WhatsApp-Image-2024-01-16-at-12.23.14.jpeg?fit=719%2C606&ssl=1","width":719,"height":606},{"@type":"BreadcrumbList","@id":"https:\/\/elregionalvm.com.ar\/noticias-villa-maria\/veronica-navarro-destaco-la-importancia-de-la-cultura-y-la-produccion-para-el-desarrollo-de-villa-maria\/#breadcrumb","itemListElement":[{"@type":"ListItem","position":1,"name":"Portada","item":"https:\/\/elregionalvm.com.ar\/noticias-villa-maria\/"},{"@type":"ListItem","position":2,"name":"Ver\u00f3nica Navarro destac\u00f3 la importancia de la cultura y la producci\u00f3n para el desarrollo de Villa Mar\u00eda"}]},{"@type":"WebSite","@id":"http:\/\/elregionalvm.com.ar\/noticias-villa-maria\/#website","url":"http:\/\/elregionalvm.com.ar\/noticias-villa-maria\/","name":"El Regional","description":"Mucho m\u00e1s que informaci\u00f3n","potentialAction":[{"@type":"SearchAction","target":{"@type":"EntryPoint","urlTemplate":"http:\/\/elregionalvm.com.ar\/noticias-villa-maria\/?s={search_term_string}"},"query-input":{"@type":"PropertyValueSpecification","valueRequired":true,"valueName":"search_term_string"}}],"inLanguage":"es"},{"@type":"Person","@id":"http:\/\/elregionalvm.com.ar\/noticias-villa-maria\/#\/schema\/person\/a0fb9c422317faca23d50163151bc354","name":"Contenidos El Regional","image":{"@type":"ImageObject","inLanguage":"es","@id":"http:\/\/elregionalvm.com.ar\/noticias-villa-maria\/#\/schema\/person\/image\/","url":"https:\/\/secure.gravatar.com\/avatar\/265b27cb2209af7bb3a1318f03305787d7981a5cc6e6cd08fe5a4ecdf99d4b48?s=96&d=mm&r=g","contentUrl":"https:\/\/secure.gravatar.com\/avatar\/265b27cb2209af7bb3a1318f03305787d7981a5cc6e6cd08fe5a4ecdf99d4b48?s=96&d=mm&r=g","caption":"Contenidos El Regional"},"url":"https:\/\/elregionalvm.com.ar\/noticias-villa-maria\/author\/contenido\/"}]}},"jetpack_featured_media_url":"https:\/\/i0.wp.com\/elregionalvm.com.ar\/noticias-villa-maria\/wp-content\/uploads\/2024\/01\/WhatsApp-Image-2024-01-16-at-12.23.14.jpeg?fit=719%2C606&ssl=1","jetpack_sharing_enabled":true,"_links":{"self":[{"href":"https:\/\/elregionalvm.com.ar\/noticias-villa-maria\/wp-json\/wp\/v2\/posts\/88623","targetHints":{"allow":["GET"]}}],"collection":[{"href":"https:\/\/elregionalvm.com.ar\/noticias-villa-maria\/wp-json\/wp\/v2\/posts"}],"about":[{"href":"https:\/\/elregionalvm.com.ar\/noticias-villa-maria\/wp-json\/wp\/v2\/types\/post"}],"author":[{"embeddable":true,"href":"https:\/\/elregionalvm.com.ar\/noticias-villa-maria\/wp-json\/wp\/v2\/users\/4"}],"replies":[{"embeddable":true,"href":"https:\/\/elregionalvm.com.ar\/noticias-villa-maria\/wp-json\/wp\/v2\/comments?post=88623"}],"version-history":[{"count":1,"href":"https:\/\/elregionalvm.com.ar\/noticias-villa-maria\/wp-json\/wp\/v2\/posts\/88623\/revisions"}],"predecessor-version":[{"id":88625,"href":"https:\/\/elregionalvm.com.ar\/noticias-villa-maria\/wp-json\/wp\/v2\/posts\/88623\/revisions\/88625"}],"wp:featuredmedia":[{"embeddable":true,"href":"https:\/\/elregionalvm.com.ar\/noticias-villa-maria\/wp-json\/wp\/v2\/media\/88624"}],"wp:attachment":[{"href":"https:\/\/elregionalvm.com.ar\/noticias-villa-maria\/wp-json\/wp\/v2\/media?parent=88623"}],"wp:term":[{"taxonomy":"category","embeddable":true,"href":"https:\/\/elregionalvm.com.ar\/noticias-villa-maria\/wp-json\/wp\/v2\/categories?post=88623"},{"taxonomy":"post_tag","embeddable":true,"href":"https:\/\/elregionalvm.com.ar\/noticias-villa-maria\/wp-json\/wp\/v2\/tags?post=88623"}],"curies":[{"name":"wp","href":"https:\/\/api.w.org\/{rel}","templated":true}]}}