{"id":88635,"date":"2024-01-16T21:33:09","date_gmt":"2024-01-16T21:33:09","guid":{"rendered":"https:\/\/elregionalvm.com.ar\/noticias-villa-maria\/?p=88635"},"modified":"2024-01-17T02:43:24","modified_gmt":"2024-01-17T02:43:24","slug":"campana-de-prevencion-contra-el-dengue","status":"publish","type":"post","link":"https:\/\/elregionalvm.com.ar\/noticias-villa-maria\/campana-de-prevencion-contra-el-dengue\/","title":{"rendered":"Campa\u00f1a de prevenci\u00f3n contra el dengue"},"content":{"rendered":"\n<p>\u00bfQU\u00c9 ES EL DENGUE?<\/p>\n\n\n\n<p>El Dengue es una enfermedad viral que se transmite cuando un mosquito llamado Aedes aegypti infectado nos pica.<\/p>\n\n\n\n<p>\u00bfCU\u00c1LES SON LOS S\u00cdNTOMAS?<\/p>\n\n\n\n<p>La mayor\u00eda de las personas que contraen Dengue no tienen s\u00edntomas y el avance de la enfermedad es bastante r\u00e1pido. Cuando la persona tiene s\u00edntomas, en los primeros d\u00edas aparece la fiebre con uno o m\u00e1s de los siguientes s\u00edntomas:<br>-Dolor detr\u00e1s de los ojos, de cabeza, muscular y de articulaciones.<br>-N\u00e1useas y v\u00f3mitos.<br>-Cansancio intenso.<br>-Aparici\u00f3n de manchas en la piel.<br>-Picaz\u00f3n y\/o sangrado de nariz y enc\u00edas.<br>En la mayor parte de los casos la persona se cura en una o dos semanas.<br>Los s\u00edntomas del dengue grave suelen presentarse cuando desaparece la fiebre, pero quedan dolores abdominales, v\u00f3mitos persistentes, respiraci\u00f3n acelerada, hemorragias en las enc\u00edas o la nariz, cansancio, agitaci\u00f3n, etc. En estos casos es necesaria la hospitalizaci\u00f3n.<\/p>\n\n\n\n<p>\u00bfDEBEMOS PREOCUPARNOS POR EL DENGUE?<\/p>\n\n\n\n<p>Es importante que tomemos conciencia de la prevenci\u00f3n, porque los casos de Dengue est\u00e1n aumentando de manera acelerada en todo el pa\u00eds.<\/p>\n\n\n\n<p>Las condiciones clim\u00e1ticas de alta humedad como venimos teniendo en las \u00faltimas semanas y la falta de acciones para evitar acumulaciones de agua en domicilios particulares son las principales causas que generan la reproducci\u00f3n del mosquito que transmite el Dengue.<\/p>\n\n\n\n<p>\u00bfEL DENGUE SE TRANSMITE DIRECTAMENTE DE PERSONA A PERSONA?<\/p>\n\n\n\n<p>No. El dengue nunca se transmite directamente de una persona a otra por compartir objetos o fluidos, como por ejemplo la leche materna. Siempre el mosquito es el que act\u00faa como nexo para llevar la enfermedad de una persona a otra.<\/p>\n\n\n\n<p>\u00bfPUEDO TOMAR MEDICACI\u00d3N PARA CURARME DEL DENGUE?<\/p>\n\n\n\n<p>El Dengue no tiene un tratamiento de cura espec\u00edfico. La enfermedad se trata en el domicilio con medicamentos que prescribe el m\u00e9dico para aliviar el malestar. Es importante tener en cuenta que hay que evitar en todo momento la automedicaci\u00f3n de cualquier tipo, especialmente con antiinflamatorios como la aspirina, el ibuprofeno o el naproxeno, debido a que estos medicamentos pueden ocasionar dengue grave.<\/p>\n\n\n\n<p>\u00bfCU\u00c1L ES LA MEJOR MANERA DE COMBATIR EL DENGUE?<\/p>\n\n\n\n<p>La mejor forma de prevenir el Dengue es en casa. Tenemos que actuar sobre los \u201ccriaderos dom\u00e9sticos\u201d que son los lugares donde se acumula agua, como tarros, baldes, cazuelas, cubiertas de auto, bebederos de animales, canaletas, botellas y dem\u00e1s recipientes, ya que all\u00ed se cr\u00edan millones de huevos que en cuesti\u00f3n de d\u00edas se convierten en mosquitos.<\/p>\n\n\n\n<p>Tambi\u00e9n es importante utilizar repelentes, ropa de manga larga y colores claros, colocar mosquiteros en puertas y ventanas, poner redes o tules (sobre cunas o cochecitos) y usar repelentes ambientales como cremas o aerosoles sobre el cuerpo, tabletas (interior) o espirales (exterior).<\/p>\n\n\n\n<p>SI TEN\u00c9S S\u00cdNTOMAS COMPATIBLES O ESTUVISTE COMPARTIENDO EL MISMO AMBIENTE O LUGAR CON UNA PERSONA QUE TIENE DENGUE CONSULT\u00c1 CON TU CENTRO DE SALUD M\u00c1S CERCANO<\/p>\n","protected":false},"excerpt":{"rendered":"<p>\u00bfQU\u00c9 ES EL DENGUE? El Dengue es una enfermedad viral que se transmite cuando un mosquito llamado Aedes aegypti infectado nos pica. \u00bfCU\u00c1LES SON LOS S\u00cdNTOMAS? La mayor\u00eda de las personas que contraen Dengue no tienen s\u00edntomas y el avance de la enfermedad es bastante r\u00e1pido. Cuando la persona tiene s\u00edntomas, en los primeros d\u00edas [&hellip;]<\/p>\n","protected":false},"author":4,"featured_media":88636,"comment_status":"open","ping_status":"open","sticky":false,"template":"","format":"standard","meta":{"site-sidebar-layout":"default","site-content-layout":"","ast-site-content-layout":"default","site-content-style":"default","site-sidebar-style":"default","ast-global-header-display":"","ast-banner-title-visibility":"","ast-main-header-display":"","ast-hfb-above-header-display":"","ast-hfb-below-header-display":"","ast-hfb-mobile-header-display":"","site-post-title":"","ast-breadcrumbs-content":"","ast-featured-img":"","footer-sml-layout":"","ast-disable-related-posts":"","theme-transparent-header-meta":"","adv-header-id-meta":"","stick-header-meta":"","header-above-stick-meta":"","header-main-stick-meta":"","header-below-stick-meta":"","astra-migrate-meta-layouts":"set","ast-page-background-enabled":"default","ast-page-background-meta":{"desktop":{"background-color":"","background-image":"","background-repeat":"repeat","background-position":"center center","background-size":"auto","background-attachment":"scroll","background-type":"","background-media":"","overlay-type":"","overlay-color":"","overlay-opacity":"","overlay-gradient":""},"tablet":{"background-color":"","background-image":"","background-repeat":"repeat","background-position":"center center","background-size":"auto","background-attachment":"scroll","background-type":"","background-media":"","overlay-type":"","overlay-color":"","overlay-opacity":"","overlay-gradient":""},"mobile":{"background-color":"","background-image":"","background-repeat":"repeat","background-position":"center center","background-size":"auto","background-attachment":"scroll","background-type":"","background-media":"","overlay-type":"","overlay-color":"","overlay-opacity":"","overlay-gradient":""}},"ast-content-background-meta":{"desktop":{"background-color":"var(--ast-global-color-5)","background-image":"","background-repeat":"repeat","background-position":"center center","background-size":"auto","background-attachment":"scroll","background-type":"","background-media":"","overlay-type":"","overlay-color":"","overlay-opacity":"","overlay-gradient":""},"tablet":{"background-color":"var(--ast-global-color-5)","background-image":"","background-repeat":"repeat","background-position":"center center","background-size":"auto","background-attachment":"scroll","background-type":"","background-media":"","overlay-type":"","overlay-color":"","overlay-opacity":"","overlay-gradient":""},"mobile":{"background-color":"var(--ast-global-color-5)","background-image":"","background-repeat":"repeat","background-position":"center center","background-size":"auto","background-attachment":"scroll","background-type":"","background-media":"","overlay-type":"","overlay-color":"","overlay-opacity":"","overlay-gradient":""}},"_jetpack_memberships_contains_paid_content":false,"_joinchat":[],"footnotes":""},"categories":[5,2],"tags":[],"class_list":["post-88635","post","type-post","status-publish","format-standard","has-post-thumbnail","hentry","category-sociedad","category-villa-maria"],"yoast_head":"<!-- This site is optimized with the Yoast SEO plugin v26.8 - https:\/\/yoast.com\/product\/yoast-seo-wordpress\/ -->\n<title>Campa\u00f1a de prevenci\u00f3n contra el dengue - El Regional<\/title>\n<meta name=\"robots\" content=\"index, follow, max-snippet:-1, max-image-preview:large, max-video-preview:-1\" \/>\n<link rel=\"canonical\" href=\"https:\/\/elregionalvm.com.ar\/noticias-villa-maria\/campana-de-prevencion-contra-el-dengue\/\" \/>\n<meta property=\"og:locale\" content=\"es_ES\" \/>\n<meta property=\"og:type\" content=\"article\" \/>\n<meta property=\"og:title\" content=\"Campa\u00f1a de prevenci\u00f3n contra el dengue - El Regional\" \/>\n<meta property=\"og:description\" content=\"\u00bfQU\u00c9 ES EL DENGUE? El Dengue es una enfermedad viral que se transmite cuando un mosquito llamado Aedes aegypti infectado nos pica. \u00bfCU\u00c1LES SON LOS S\u00cdNTOMAS? La mayor\u00eda de las personas que contraen Dengue no tienen s\u00edntomas y el avance de la enfermedad es bastante r\u00e1pido. Cuando la persona tiene s\u00edntomas, en los primeros d\u00edas [&hellip;]\" \/>\n<meta property=\"og:url\" content=\"https:\/\/elregionalvm.com.ar\/noticias-villa-maria\/campana-de-prevencion-contra-el-dengue\/\" \/>\n<meta property=\"og:site_name\" content=\"El Regional\" \/>\n<meta property=\"article:publisher\" content=\"https:\/\/www.facebook.com\/elregionalvm\" \/>\n<meta property=\"article:published_time\" content=\"2024-01-16T21:33:09+00:00\" \/>\n<meta property=\"article:modified_time\" content=\"2024-01-17T02:43:24+00:00\" \/>\n<meta property=\"og:image\" content=\"https:\/\/elregionalvm.com.ar\/noticias-villa-maria\/wp-content\/uploads\/2024\/01\/WhatsApp-Image-2024-01-16-at-18.31.22.jpeg\" \/>\n\t<meta property=\"og:image:width\" content=\"1120\" \/>\n\t<meta property=\"og:image:height\" content=\"1600\" \/>\n\t<meta property=\"og:image:type\" content=\"image\/jpeg\" \/>\n<meta name=\"author\" content=\"Contenidos El Regional\" \/>\n<meta name=\"twitter:card\" content=\"summary_large_image\" \/>\n<meta name=\"twitter:creator\" content=\"@elregionalvm1\" \/>\n<meta name=\"twitter:site\" content=\"@elregionalvm1\" \/>\n<meta name=\"twitter:label1\" content=\"Escrito por\" \/>\n\t<meta name=\"twitter:data1\" content=\"Contenidos El Regional\" \/>\n\t<meta name=\"twitter:label2\" content=\"Tiempo de lectura\" \/>\n\t<meta name=\"twitter:data2\" content=\"3 minutos\" \/>\n<script type=\"application\/ld+json\" class=\"yoast-schema-graph\">{\"@context\":\"https:\/\/schema.org\",\"@graph\":[{\"@type\":\"Article\",\"@id\":\"https:\/\/elregionalvm.com.ar\/noticias-villa-maria\/campana-de-prevencion-contra-el-dengue\/#article\",\"isPartOf\":{\"@id\":\"https:\/\/elregionalvm.com.ar\/noticias-villa-maria\/campana-de-prevencion-contra-el-dengue\/\"},\"author\":{\"name\":\"Contenidos El Regional\",\"@id\":\"http:\/\/elregionalvm.com.ar\/noticias-villa-maria\/#\/schema\/person\/a0fb9c422317faca23d50163151bc354\"},\"headline\":\"Campa\u00f1a de prevenci\u00f3n contra el dengue\",\"datePublished\":\"2024-01-16T21:33:09+00:00\",\"dateModified\":\"2024-01-17T02:43:24+00:00\",\"mainEntityOfPage\":{\"@id\":\"https:\/\/elregionalvm.com.ar\/noticias-villa-maria\/campana-de-prevencion-contra-el-dengue\/\"},\"wordCount\":518,\"commentCount\":0,\"image\":{\"@id\":\"https:\/\/elregionalvm.com.ar\/noticias-villa-maria\/campana-de-prevencion-contra-el-dengue\/#primaryimage\"},\"thumbnailUrl\":\"https:\/\/i0.wp.com\/elregionalvm.com.ar\/noticias-villa-maria\/wp-content\/uploads\/2024\/01\/WhatsApp-Image-2024-01-16-at-18.31.22.jpeg?fit=1120%2C1600&ssl=1\",\"articleSection\":[\"Sociedad\",\"Villa Mar\u00eda\"],\"inLanguage\":\"es\",\"potentialAction\":[{\"@type\":\"CommentAction\",\"name\":\"Comment\",\"target\":[\"https:\/\/elregionalvm.com.ar\/noticias-villa-maria\/campana-de-prevencion-contra-el-dengue\/#respond\"]}]},{\"@type\":\"WebPage\",\"@id\":\"https:\/\/elregionalvm.com.ar\/noticias-villa-maria\/campana-de-prevencion-contra-el-dengue\/\",\"url\":\"https:\/\/elregionalvm.com.ar\/noticias-villa-maria\/campana-de-prevencion-contra-el-dengue\/\",\"name\":\"Campa\u00f1a de prevenci\u00f3n contra el dengue - El Regional\",\"isPartOf\":{\"@id\":\"http:\/\/elregionalvm.com.ar\/noticias-villa-maria\/#website\"},\"primaryImageOfPage\":{\"@id\":\"https:\/\/elregionalvm.com.ar\/noticias-villa-maria\/campana-de-prevencion-contra-el-dengue\/#primaryimage\"},\"image\":{\"@id\":\"https:\/\/elregionalvm.com.ar\/noticias-villa-maria\/campana-de-prevencion-contra-el-dengue\/#primaryimage\"},\"thumbnailUrl\":\"https:\/\/i0.wp.com\/elregionalvm.com.ar\/noticias-villa-maria\/wp-content\/uploads\/2024\/01\/WhatsApp-Image-2024-01-16-at-18.31.22.jpeg?fit=1120%2C1600&ssl=1\",\"datePublished\":\"2024-01-16T21:33:09+00:00\",\"dateModified\":\"2024-01-17T02:43:24+00:00\",\"author\":{\"@id\":\"http:\/\/elregionalvm.com.ar\/noticias-villa-maria\/#\/schema\/person\/a0fb9c422317faca23d50163151bc354\"},\"breadcrumb\":{\"@id\":\"https:\/\/elregionalvm.com.ar\/noticias-villa-maria\/campana-de-prevencion-contra-el-dengue\/#breadcrumb\"},\"inLanguage\":\"es\",\"potentialAction\":[{\"@type\":\"ReadAction\",\"target\":[\"https:\/\/elregionalvm.com.ar\/noticias-villa-maria\/campana-de-prevencion-contra-el-dengue\/\"]}]},{\"@type\":\"ImageObject\",\"inLanguage\":\"es\",\"@id\":\"https:\/\/elregionalvm.com.ar\/noticias-villa-maria\/campana-de-prevencion-contra-el-dengue\/#primaryimage\",\"url\":\"https:\/\/i0.wp.com\/elregionalvm.com.ar\/noticias-villa-maria\/wp-content\/uploads\/2024\/01\/WhatsApp-Image-2024-01-16-at-18.31.22.jpeg?fit=1120%2C1600&ssl=1\",\"contentUrl\":\"https:\/\/i0.wp.com\/elregionalvm.com.ar\/noticias-villa-maria\/wp-content\/uploads\/2024\/01\/WhatsApp-Image-2024-01-16-at-18.31.22.jpeg?fit=1120%2C1600&ssl=1\",\"width\":1120,\"height\":1600},{\"@type\":\"BreadcrumbList\",\"@id\":\"https:\/\/elregionalvm.com.ar\/noticias-villa-maria\/campana-de-prevencion-contra-el-dengue\/#breadcrumb\",\"itemListElement\":[{\"@type\":\"ListItem\",\"position\":1,\"name\":\"Portada\",\"item\":\"https:\/\/elregionalvm.com.ar\/noticias-villa-maria\/\"},{\"@type\":\"ListItem\",\"position\":2,\"name\":\"Campa\u00f1a de prevenci\u00f3n contra el dengue\"}]},{\"@type\":\"WebSite\",\"@id\":\"http:\/\/elregionalvm.com.ar\/noticias-villa-maria\/#website\",\"url\":\"http:\/\/elregionalvm.com.ar\/noticias-villa-maria\/\",\"name\":\"El Regional\",\"description\":\"Mucho m\u00e1s que informaci\u00f3n\",\"potentialAction\":[{\"@type\":\"SearchAction\",\"target\":{\"@type\":\"EntryPoint\",\"urlTemplate\":\"http:\/\/elregionalvm.com.ar\/noticias-villa-maria\/?s={search_term_string}\"},\"query-input\":{\"@type\":\"PropertyValueSpecification\",\"valueRequired\":true,\"valueName\":\"search_term_string\"}}],\"inLanguage\":\"es\"},{\"@type\":\"Person\",\"@id\":\"http:\/\/elregionalvm.com.ar\/noticias-villa-maria\/#\/schema\/person\/a0fb9c422317faca23d50163151bc354\",\"name\":\"Contenidos El Regional\",\"image\":{\"@type\":\"ImageObject\",\"inLanguage\":\"es\",\"@id\":\"http:\/\/elregionalvm.com.ar\/noticias-villa-maria\/#\/schema\/person\/image\/\",\"url\":\"https:\/\/secure.gravatar.com\/avatar\/265b27cb2209af7bb3a1318f03305787d7981a5cc6e6cd08fe5a4ecdf99d4b48?s=96&d=mm&r=g\",\"contentUrl\":\"https:\/\/secure.gravatar.com\/avatar\/265b27cb2209af7bb3a1318f03305787d7981a5cc6e6cd08fe5a4ecdf99d4b48?s=96&d=mm&r=g\",\"caption\":\"Contenidos El Regional\"},\"url\":\"https:\/\/elregionalvm.com.ar\/noticias-villa-maria\/author\/contenido\/\"}]}<\/script>\n<!-- \/ Yoast SEO plugin. -->","yoast_head_json":{"title":"Campa\u00f1a de prevenci\u00f3n contra el dengue - El Regional","robots":{"index":"index","follow":"follow","max-snippet":"max-snippet:-1","max-image-preview":"max-image-preview:large","max-video-preview":"max-video-preview:-1"},"canonical":"https:\/\/elregionalvm.com.ar\/noticias-villa-maria\/campana-de-prevencion-contra-el-dengue\/","og_locale":"es_ES","og_type":"article","og_title":"Campa\u00f1a de prevenci\u00f3n contra el dengue - El Regional","og_description":"\u00bfQU\u00c9 ES EL DENGUE? El Dengue es una enfermedad viral que se transmite cuando un mosquito llamado Aedes aegypti infectado nos pica. \u00bfCU\u00c1LES SON LOS S\u00cdNTOMAS? La mayor\u00eda de las personas que contraen Dengue no tienen s\u00edntomas y el avance de la enfermedad es bastante r\u00e1pido. Cuando la persona tiene s\u00edntomas, en los primeros d\u00edas [&hellip;]","og_url":"https:\/\/elregionalvm.com.ar\/noticias-villa-maria\/campana-de-prevencion-contra-el-dengue\/","og_site_name":"El Regional","article_publisher":"https:\/\/www.facebook.com\/elregionalvm","article_published_time":"2024-01-16T21:33:09+00:00","article_modified_time":"2024-01-17T02:43:24+00:00","og_image":[{"width":1120,"height":1600,"url":"https:\/\/elregionalvm.com.ar\/noticias-villa-maria\/wp-content\/uploads\/2024\/01\/WhatsApp-Image-2024-01-16-at-18.31.22.jpeg","type":"image\/jpeg"}],"author":"Contenidos El Regional","twitter_card":"summary_large_image","twitter_creator":"@elregionalvm1","twitter_site":"@elregionalvm1","twitter_misc":{"Escrito por":"Contenidos El Regional","Tiempo de lectura":"3 minutos"},"schema":{"@context":"https:\/\/schema.org","@graph":[{"@type":"Article","@id":"https:\/\/elregionalvm.com.ar\/noticias-villa-maria\/campana-de-prevencion-contra-el-dengue\/#article","isPartOf":{"@id":"https:\/\/elregionalvm.com.ar\/noticias-villa-maria\/campana-de-prevencion-contra-el-dengue\/"},"author":{"name":"Contenidos El Regional","@id":"http:\/\/elregionalvm.com.ar\/noticias-villa-maria\/#\/schema\/person\/a0fb9c422317faca23d50163151bc354"},"headline":"Campa\u00f1a de prevenci\u00f3n contra el dengue","datePublished":"2024-01-16T21:33:09+00:00","dateModified":"2024-01-17T02:43:24+00:00","mainEntityOfPage":{"@id":"https:\/\/elregionalvm.com.ar\/noticias-villa-maria\/campana-de-prevencion-contra-el-dengue\/"},"wordCount":518,"commentCount":0,"image":{"@id":"https:\/\/elregionalvm.com.ar\/noticias-villa-maria\/campana-de-prevencion-contra-el-dengue\/#primaryimage"},"thumbnailUrl":"https:\/\/i0.wp.com\/elregionalvm.com.ar\/noticias-villa-maria\/wp-content\/uploads\/2024\/01\/WhatsApp-Image-2024-01-16-at-18.31.22.jpeg?fit=1120%2C1600&ssl=1","articleSection":["Sociedad","Villa Mar\u00eda"],"inLanguage":"es","potentialAction":[{"@type":"CommentAction","name":"Comment","target":["https:\/\/elregionalvm.com.ar\/noticias-villa-maria\/campana-de-prevencion-contra-el-dengue\/#respond"]}]},{"@type":"WebPage","@id":"https:\/\/elregionalvm.com.ar\/noticias-villa-maria\/campana-de-prevencion-contra-el-dengue\/","url":"https:\/\/elregionalvm.com.ar\/noticias-villa-maria\/campana-de-prevencion-contra-el-dengue\/","name":"Campa\u00f1a de prevenci\u00f3n contra el dengue - El Regional","isPartOf":{"@id":"http:\/\/elregionalvm.com.ar\/noticias-villa-maria\/#website"},"primaryImageOfPage":{"@id":"https:\/\/elregionalvm.com.ar\/noticias-villa-maria\/campana-de-prevencion-contra-el-dengue\/#primaryimage"},"image":{"@id":"https:\/\/elregionalvm.com.ar\/noticias-villa-maria\/campana-de-prevencion-contra-el-dengue\/#primaryimage"},"thumbnailUrl":"https:\/\/i0.wp.com\/elregionalvm.com.ar\/noticias-villa-maria\/wp-content\/uploads\/2024\/01\/WhatsApp-Image-2024-01-16-at-18.31.22.jpeg?fit=1120%2C1600&ssl=1","datePublished":"2024-01-16T21:33:09+00:00","dateModified":"2024-01-17T02:43:24+00:00","author":{"@id":"http:\/\/elregionalvm.com.ar\/noticias-villa-maria\/#\/schema\/person\/a0fb9c422317faca23d50163151bc354"},"breadcrumb":{"@id":"https:\/\/elregionalvm.com.ar\/noticias-villa-maria\/campana-de-prevencion-contra-el-dengue\/#breadcrumb"},"inLanguage":"es","potentialAction":[{"@type":"ReadAction","target":["https:\/\/elregionalvm.com.ar\/noticias-villa-maria\/campana-de-prevencion-contra-el-dengue\/"]}]},{"@type":"ImageObject","inLanguage":"es","@id":"https:\/\/elregionalvm.com.ar\/noticias-villa-maria\/campana-de-prevencion-contra-el-dengue\/#primaryimage","url":"https:\/\/i0.wp.com\/elregionalvm.com.ar\/noticias-villa-maria\/wp-content\/uploads\/2024\/01\/WhatsApp-Image-2024-01-16-at-18.31.22.jpeg?fit=1120%2C1600&ssl=1","contentUrl":"https:\/\/i0.wp.com\/elregionalvm.com.ar\/noticias-villa-maria\/wp-content\/uploads\/2024\/01\/WhatsApp-Image-2024-01-16-at-18.31.22.jpeg?fit=1120%2C1600&ssl=1","width":1120,"height":1600},{"@type":"BreadcrumbList","@id":"https:\/\/elregionalvm.com.ar\/noticias-villa-maria\/campana-de-prevencion-contra-el-dengue\/#breadcrumb","itemListElement":[{"@type":"ListItem","position":1,"name":"Portada","item":"https:\/\/elregionalvm.com.ar\/noticias-villa-maria\/"},{"@type":"ListItem","position":2,"name":"Campa\u00f1a de prevenci\u00f3n contra el dengue"}]},{"@type":"WebSite","@id":"http:\/\/elregionalvm.com.ar\/noticias-villa-maria\/#website","url":"http:\/\/elregionalvm.com.ar\/noticias-villa-maria\/","name":"El Regional","description":"Mucho m\u00e1s que informaci\u00f3n","potentialAction":[{"@type":"SearchAction","target":{"@type":"EntryPoint","urlTemplate":"http:\/\/elregionalvm.com.ar\/noticias-villa-maria\/?s={search_term_string}"},"query-input":{"@type":"PropertyValueSpecification","valueRequired":true,"valueName":"search_term_string"}}],"inLanguage":"es"},{"@type":"Person","@id":"http:\/\/elregionalvm.com.ar\/noticias-villa-maria\/#\/schema\/person\/a0fb9c422317faca23d50163151bc354","name":"Contenidos El Regional","image":{"@type":"ImageObject","inLanguage":"es","@id":"http:\/\/elregionalvm.com.ar\/noticias-villa-maria\/#\/schema\/person\/image\/","url":"https:\/\/secure.gravatar.com\/avatar\/265b27cb2209af7bb3a1318f03305787d7981a5cc6e6cd08fe5a4ecdf99d4b48?s=96&d=mm&r=g","contentUrl":"https:\/\/secure.gravatar.com\/avatar\/265b27cb2209af7bb3a1318f03305787d7981a5cc6e6cd08fe5a4ecdf99d4b48?s=96&d=mm&r=g","caption":"Contenidos El Regional"},"url":"https:\/\/elregionalvm.com.ar\/noticias-villa-maria\/author\/contenido\/"}]}},"jetpack_featured_media_url":"https:\/\/i0.wp.com\/elregionalvm.com.ar\/noticias-villa-maria\/wp-content\/uploads\/2024\/01\/WhatsApp-Image-2024-01-16-at-18.31.22.jpeg?fit=1120%2C1600&ssl=1","jetpack_sharing_enabled":true,"_links":{"self":[{"href":"https:\/\/elregionalvm.com.ar\/noticias-villa-maria\/wp-json\/wp\/v2\/posts\/88635","targetHints":{"allow":["GET"]}}],"collection":[{"href":"https:\/\/elregionalvm.com.ar\/noticias-villa-maria\/wp-json\/wp\/v2\/posts"}],"about":[{"href":"https:\/\/elregionalvm.com.ar\/noticias-villa-maria\/wp-json\/wp\/v2\/types\/post"}],"author":[{"embeddable":true,"href":"https:\/\/elregionalvm.com.ar\/noticias-villa-maria\/wp-json\/wp\/v2\/users\/4"}],"replies":[{"embeddable":true,"href":"https:\/\/elregionalvm.com.ar\/noticias-villa-maria\/wp-json\/wp\/v2\/comments?post=88635"}],"version-history":[{"count":1,"href":"https:\/\/elregionalvm.com.ar\/noticias-villa-maria\/wp-json\/wp\/v2\/posts\/88635\/revisions"}],"predecessor-version":[{"id":88637,"href":"https:\/\/elregionalvm.com.ar\/noticias-villa-maria\/wp-json\/wp\/v2\/posts\/88635\/revisions\/88637"}],"wp:featuredmedia":[{"embeddable":true,"href":"https:\/\/elregionalvm.com.ar\/noticias-villa-maria\/wp-json\/wp\/v2\/media\/88636"}],"wp:attachment":[{"href":"https:\/\/elregionalvm.com.ar\/noticias-villa-maria\/wp-json\/wp\/v2\/media?parent=88635"}],"wp:term":[{"taxonomy":"category","embeddable":true,"href":"https:\/\/elregionalvm.com.ar\/noticias-villa-maria\/wp-json\/wp\/v2\/categories?post=88635"},{"taxonomy":"post_tag","embeddable":true,"href":"https:\/\/elregionalvm.com.ar\/noticias-villa-maria\/wp-json\/wp\/v2\/tags?post=88635"}],"curies":[{"name":"wp","href":"https:\/\/api.w.org\/{rel}","templated":true}]}}