{"id":88647,"date":"2024-01-16T23:01:56","date_gmt":"2024-01-16T23:01:56","guid":{"rendered":"https:\/\/elregionalvm.com.ar\/noticias-villa-maria\/?p=88647"},"modified":"2024-01-20T02:31:57","modified_gmt":"2024-01-20T02:31:57","slug":"musica-e-historia-la-marcha-del-ejercito-imperial-japones-y-el-fin-de-los-samurais","status":"publish","type":"post","link":"https:\/\/elregionalvm.com.ar\/noticias-villa-maria\/musica-e-historia-la-marcha-del-ejercito-imperial-japones-y-el-fin-de-los-samurais\/","title":{"rendered":"[M\u00fasica e Historia] La marcha del ej\u00e9rcito imperial japon\u00e9s y el fin de los samur\u00e1is"},"content":{"rendered":"\n<p><\/p>\n\n\n\n<h3 class=\"wp-block-heading\"><strong><em>\u00a0\u201cTus espadas brillando como una gema\u201d<\/em><\/strong><\/h3>\n\n\n\n<p><\/p>\n\n\n\n<p><strong>Escribe: Leo Mu\u00f1oz<\/strong><\/p>\n\n\n\n<p><\/p>\n\n\n\n<p>\u201cBattotai\u201d tambi\u00e9n es conocida como Marcha de la Rama del Ej\u00e9rcito Japon\u00e9s y como Marcha del Ej\u00e9rcito Imperial Japon\u00e9s, publicada en 1885.<\/p>\n\n\n\n<p>La letra es de Masakazu Toyama, la composici\u00f3n es de Charles Leroux, m\u00fasico franc\u00e9s, compositor y director de orquesta seg\u00fan algunos datos obtenidos en la red, cuyo aporte mel\u00f3dico fue en 1912.<\/p>\n\n\n\n<p><\/p>\n\n\n\n<figure class=\"wp-block-image size-large\"><img data-recalc-dims=\"1\" fetchpriority=\"high\" decoding=\"async\" width=\"1024\" height=\"768\" src=\"https:\/\/i0.wp.com\/elregionalvm.com.ar\/noticias-villa-maria\/wp-content\/uploads\/2024\/01\/Hirohito.jpg?resize=1024%2C768&#038;ssl=1\" alt=\"\" class=\"wp-image-88653\" srcset=\"https:\/\/i0.wp.com\/elregionalvm.com.ar\/noticias-villa-maria\/wp-content\/uploads\/2024\/01\/Hirohito.jpg?resize=1024%2C768&amp;ssl=1 1024w, https:\/\/i0.wp.com\/elregionalvm.com.ar\/noticias-villa-maria\/wp-content\/uploads\/2024\/01\/Hirohito.jpg?resize=300%2C225&amp;ssl=1 300w, https:\/\/i0.wp.com\/elregionalvm.com.ar\/noticias-villa-maria\/wp-content\/uploads\/2024\/01\/Hirohito.jpg?resize=768%2C576&amp;ssl=1 768w, https:\/\/i0.wp.com\/elregionalvm.com.ar\/noticias-villa-maria\/wp-content\/uploads\/2024\/01\/Hirohito.jpg?w=1200&amp;ssl=1 1200w\" sizes=\"(max-width: 1000px) 100vw, 1000px\" \/><\/figure>\n\n\n\n<p><\/p>\n\n\n\n<p>El actual ej\u00e9rcito de Jap\u00f3n (Fuerzas de Autodefensa de Jap\u00f3n \u201cJietai\u201d) contin\u00faa us\u00e1ndola. La forma de gobierno de Jap\u00f3n es una monarqu\u00eda constitucional, el poder ejecutivo es ejercido por el Primer Ministro, el Emperador es el jefe de Estado pero con poderes limitados. Desde el a\u00f1o 2019, Hiro-no-miya Naruhito es el emperador japon\u00e9s, es nieto de Hirohito, el emperador durante la Segunda Guerra Mundial (foto superior).<\/p>\n\n\n\n<p><\/p>\n\n\n\n<figure class=\"wp-block-embed is-type-video is-provider-youtube wp-block-embed-youtube wp-embed-aspect-16-9 wp-has-aspect-ratio\"><div class=\"wp-block-embed__wrapper\">\n<iframe title=\"battotai - marcha del ej\u00e9rcito imperial japon\u00e9s\" width=\"500\" height=\"281\" src=\"https:\/\/www.youtube.com\/embed\/Tk4fmH6kJDk?feature=oembed\" frameborder=\"0\" allow=\"accelerometer; autoplay; clipboard-write; encrypted-media; gyroscope; picture-in-picture; web-share\" referrerpolicy=\"strict-origin-when-cross-origin\" allowfullscreen><\/iframe>\n<\/div><\/figure>\n\n\n\n<p><\/p>\n\n\n\n<p><strong>Rebeli\u00f3n Satsuma<\/strong><\/p>\n\n\n\n<p>En 1877 sucedi\u00f3 la rebeli\u00f3n de exsamur\u00e1is en Satsuma contra el gobierno Meiji, impulsor de la modernizaci\u00f3n de Jap\u00f3n. Sectores tradicionales se vieron afectados por las reformas, reaccionando contra las medidas establecidas.<\/p>\n\n\n\n<p>Saig\u014d Takamori condujo la rebeli\u00f3n enfrentando al renovado y modernizado ej\u00e9rcito japon\u00e9s. Entre el 3 y 20 de marzo 15000 rebeldes enfrentaron a 90000 hombres del Ej\u00e9rcito Imperial en Tabaruzaka (imagen inferior), la lluvia inutiliz\u00f3 los viejos fusiles de la fuerza samur\u00e1i, lleg\u00e1ndose a un furioso cuerpo a cuerpo.<\/p>\n\n\n\n<p><\/p>\n\n\n\n<figure class=\"wp-block-image size-full is-resized\"><img data-recalc-dims=\"1\" decoding=\"async\" width=\"800\" height=\"419\" src=\"https:\/\/i0.wp.com\/elregionalvm.com.ar\/noticias-villa-maria\/wp-content\/uploads\/2024\/01\/Tabaruzaka.jpg?resize=800%2C419&#038;ssl=1\" alt=\"\" class=\"wp-image-88650\" style=\"width:910px;height:auto\" srcset=\"https:\/\/i0.wp.com\/elregionalvm.com.ar\/noticias-villa-maria\/wp-content\/uploads\/2024\/01\/Tabaruzaka.jpg?w=800&amp;ssl=1 800w, https:\/\/i0.wp.com\/elregionalvm.com.ar\/noticias-villa-maria\/wp-content\/uploads\/2024\/01\/Tabaruzaka.jpg?resize=300%2C157&amp;ssl=1 300w, https:\/\/i0.wp.com\/elregionalvm.com.ar\/noticias-villa-maria\/wp-content\/uploads\/2024\/01\/Tabaruzaka.jpg?resize=768%2C402&amp;ssl=1 768w\" sizes=\"(max-width: 800px) 100vw, 800px\" \/><\/figure>\n\n\n\n<p><\/p>\n\n\n\n<p>El teniente general imperial Yamagata Aritomo despleg\u00f3 una unidad conformada por espachines a los que llam\u00f3 \u201cbattotai\u201d o regimiento de \u201cespada desenvainada\u201d.<\/p>\n\n\n\n<p>La cantidad de bajas provocadas entre los imperiales por los samur\u00e1is, expertos en la espada, equilibr\u00f3 las p\u00e9rdidas de ambos bandos en 4000 hombres, pese a ser sextuplicadas sus fuerzas.<\/p>\n\n\n\n<p><\/p>\n\n\n\n<figure class=\"wp-block-image size-full is-resized\"><img data-recalc-dims=\"1\" decoding=\"async\" width=\"640\" height=\"330\" src=\"https:\/\/i0.wp.com\/elregionalvm.com.ar\/noticias-villa-maria\/wp-content\/uploads\/2024\/01\/Samurais.jpg?resize=640%2C330&#038;ssl=1\" alt=\"\" class=\"wp-image-88651\" style=\"width:910px;height:auto\" srcset=\"https:\/\/i0.wp.com\/elregionalvm.com.ar\/noticias-villa-maria\/wp-content\/uploads\/2024\/01\/Samurais.jpg?w=640&amp;ssl=1 640w, https:\/\/i0.wp.com\/elregionalvm.com.ar\/noticias-villa-maria\/wp-content\/uploads\/2024\/01\/Samurais.jpg?resize=300%2C155&amp;ssl=1 300w\" sizes=\"(max-width: 640px) 100vw, 640px\" \/><\/figure>\n\n\n\n<p><\/p>\n\n\n\n<p>Derrotada en septiembre de 1877 la rebeli\u00f3n, el tiempo de los samur\u00e1is hab\u00eda llegado a su fin, aplastados por la superioridad num\u00e9rica y las nuevas tecnolog\u00edas de guerra del actualizado ej\u00e9rcito imperial japon\u00e9s.<\/p>\n\n\n\n<p><\/p>\n\n\n\n<figure class=\"wp-block-embed is-type-video is-provider-youtube wp-block-embed-youtube wp-embed-aspect-16-9 wp-has-aspect-ratio\"><div class=\"wp-block-embed__wrapper\">\n<iframe title=\"Marcha japonesa - Battotai [Subtitulado HD]\" width=\"500\" height=\"281\" src=\"https:\/\/www.youtube.com\/embed\/uqG0a-_y4V8?feature=oembed\" frameborder=\"0\" allow=\"accelerometer; autoplay; clipboard-write; encrypted-media; gyroscope; picture-in-picture; web-share\" referrerpolicy=\"strict-origin-when-cross-origin\" allowfullscreen><\/iframe>\n<\/div><\/figure>\n\n\n\n<p><\/p>\n\n\n\n<p><strong>\u201cBattotai\u201d (Masakazu Toyama, Leroux)<\/strong><\/p>\n\n\n\n<p>Somos la Fuerza Imperial y quien nos desobedece<\/p>\n\n\n\n<p>\u00bfSon los enemigos abandonados por el Cielo y la Tierra?<\/p>\n\n\n\n<p>La cabeza del enemigo, un h\u00e9roe legendario<\/p>\n\n\n\n<p>Comparado con ninguno a lo largo de la historia.<\/p>\n\n\n\n<p><br>Todos los soldados que lo siguen<\/p>\n\n\n\n<p>\u00bfEst\u00e1n los intr\u00e9pidos guerreros preparados para morir?<\/p>\n\n\n\n<p>Aunque su coraje rivaliza con el dios m\u00e1s feroz.<\/p>\n\n\n\n<p>Quienquiera que se rebele contra el Imperial.<\/p>\n\n\n\n<p><br>Lo cual el cielo no tolera<\/p>\n\n\n\n<p>Ninguno de ellos ha prosperado a trav\u00e9s de todas las \u00e9pocas<\/p>\n\n\n\n<p>Hasta que nuestros enemigos caigan<\/p>\n\n\n\n<p>Salgan, salgan, todos juntos.<\/p>\n\n\n\n<p><br>Desenvainando tus espadas brillando como una gema<\/p>\n\n\n\n<p>Salgan, resueltos a morir.<\/p>\n\n\n\n<p><br>Los esp\u00edritus que han defendido la costumbre<\/p>\n\n\n\n<p>De la Tierra Imperial y los cuerpos de los samur\u00e1is<\/p>\n\n\n\n<p>Despu\u00e9s de la Restauraci\u00f3n, todos ellos permanecen abolidos<\/p>\n\n\n\n<p>Pero todav\u00eda somos capaces de blandir nuestras Katanas japonesas.<\/p>\n\n\n\n<p><br>Nos sentimos honrados de volver a la vida<\/p>\n\n\n\n<p>Todos nuestros amigos y enemigos<\/p>\n\n\n\n<p>Deben caer debajo de nuestras cuchillas<\/p>\n\n\n\n<p>Para quien tenga los esp\u00edritus Yamato.<\/p>\n\n\n\n<p><br>Ahora es el momento de morir<\/p>\n\n\n\n<p>No lo averg\u00fcences con la demora<\/p>\n\n\n\n<p>Hasta que nuestros enemigos caigan<\/p>\n\n\n\n<p>Salgan, salgan, todos juntos.<\/p>\n\n\n\n<p><br>Desenvainando tus espadas brillando como una gema<\/p>\n\n\n\n<p>Salgan, resueltos a morir.<\/p>\n\n\n\n<p><\/p>\n\n\n\n<h3 class=\"wp-block-heading\"><strong>Tambi\u00e9n pod\u00e9s ver: <\/strong><\/h3>\n\n\n\n<p><\/p>\n\n\n\n<figure class=\"wp-block-embed is-type-wp-embed is-provider-el-regional wp-block-embed-el-regional\"><div class=\"wp-block-embed__wrapper\">\n<blockquote class=\"wp-embedded-content\" data-secret=\"rrU0u8ktgc\"><a href=\"https:\/\/elregionalvm.com.ar\/noticias-villa-maria\/musica-e-historia-roma-y-la-legion-eterna-victoriosa-que-conquisto-medio-mundo\/\">[M\u00fasica e Historia] Roma y la \u201cLegi\u00f3n Eterna Victoriosa\u201d que conquist\u00f3 medio mundo<\/a><\/blockquote><iframe class=\"wp-embedded-content\" sandbox=\"allow-scripts\" security=\"restricted\" style=\"position: absolute; clip: rect(1px, 1px, 1px, 1px);\" title=\"\u00ab[M\u00fasica e Historia] Roma y la \u201cLegi\u00f3n Eterna Victoriosa\u201d que conquist\u00f3 medio mundo\u00bb \u2014 El Regional\" src=\"https:\/\/elregionalvm.com.ar\/noticias-villa-maria\/musica-e-historia-roma-y-la-legion-eterna-victoriosa-que-conquisto-medio-mundo\/embed\/#?secret=F0fUjzfr96#?secret=rrU0u8ktgc\" data-secret=\"rrU0u8ktgc\" width=\"500\" height=\"282\" frameborder=\"0\" marginwidth=\"0\" marginheight=\"0\" scrolling=\"no\"><\/iframe>\n<\/div><\/figure>\n","protected":false},"excerpt":{"rendered":"<p>\u00a0\u201cTus espadas brillando como una gema\u201d Escribe: Leo Mu\u00f1oz \u201cBattotai\u201d tambi\u00e9n es conocida como Marcha de la Rama del Ej\u00e9rcito Japon\u00e9s y como Marcha del Ej\u00e9rcito Imperial Japon\u00e9s, publicada en 1885. La letra es de Masakazu Toyama, la composici\u00f3n es de Charles Leroux, m\u00fasico franc\u00e9s, compositor y director de orquesta seg\u00fan algunos datos obtenidos en [&hellip;]<\/p>\n","protected":false},"author":4,"featured_media":88655,"comment_status":"open","ping_status":"open","sticky":false,"template":"","format":"standard","meta":{"site-sidebar-layout":"default","site-content-layout":"","ast-site-content-layout":"default","site-content-style":"default","site-sidebar-style":"default","ast-global-header-display":"","ast-banner-title-visibility":"","ast-main-header-display":"","ast-hfb-above-header-display":"","ast-hfb-below-header-display":"","ast-hfb-mobile-header-display":"","site-post-title":"","ast-breadcrumbs-content":"","ast-featured-img":"","footer-sml-layout":"","ast-disable-related-posts":"","theme-transparent-header-meta":"","adv-header-id-meta":"","stick-header-meta":"","header-above-stick-meta":"","header-main-stick-meta":"","header-below-stick-meta":"","astra-migrate-meta-layouts":"set","ast-page-background-enabled":"default","ast-page-background-meta":{"desktop":{"background-color":"","background-image":"","background-repeat":"repeat","background-position":"center center","background-size":"auto","background-attachment":"scroll","background-type":"","background-media":"","overlay-type":"","overlay-color":"","overlay-opacity":"","overlay-gradient":""},"tablet":{"background-color":"","background-image":"","background-repeat":"repeat","background-position":"center center","background-size":"auto","background-attachment":"scroll","background-type":"","background-media":"","overlay-type":"","overlay-color":"","overlay-opacity":"","overlay-gradient":""},"mobile":{"background-color":"","background-image":"","background-repeat":"repeat","background-position":"center center","background-size":"auto","background-attachment":"scroll","background-type":"","background-media":"","overlay-type":"","overlay-color":"","overlay-opacity":"","overlay-gradient":""}},"ast-content-background-meta":{"desktop":{"background-color":"var(--ast-global-color-5)","background-image":"","background-repeat":"repeat","background-position":"center center","background-size":"auto","background-attachment":"scroll","background-type":"","background-media":"","overlay-type":"","overlay-color":"","overlay-opacity":"","overlay-gradient":""},"tablet":{"background-color":"var(--ast-global-color-5)","background-image":"","background-repeat":"repeat","background-position":"center center","background-size":"auto","background-attachment":"scroll","background-type":"","background-media":"","overlay-type":"","overlay-color":"","overlay-opacity":"","overlay-gradient":""},"mobile":{"background-color":"var(--ast-global-color-5)","background-image":"","background-repeat":"repeat","background-position":"center center","background-size":"auto","background-attachment":"scroll","background-type":"","background-media":"","overlay-type":"","overlay-color":"","overlay-opacity":"","overlay-gradient":""}},"_jetpack_memberships_contains_paid_content":false,"_joinchat":[],"footnotes":""},"categories":[2098,3557,2074],"tags":[23391,1187,1386,13104,196,1663,2244,22527],"class_list":["post-88647","post","type-post","status-publish","format-standard","has-post-thumbnail","hentry","category-historias","category-tercera","category-videos","tag-ejercito-imperial","tag-final","tag-historias","tag-japon","tag-marcha","tag-musica","tag-musica-e-historia","tag-samurai"],"yoast_head":"<!-- This site is optimized with the Yoast SEO plugin v26.8 - https:\/\/yoast.com\/product\/yoast-seo-wordpress\/ -->\n<title>[M\u00fasica e Historia] La marcha del ej\u00e9rcito imperial japon\u00e9s y el fin de los samur\u00e1is - El Regional<\/title>\n<meta name=\"robots\" content=\"index, follow, max-snippet:-1, max-image-preview:large, max-video-preview:-1\" \/>\n<link rel=\"canonical\" href=\"https:\/\/elregionalvm.com.ar\/noticias-villa-maria\/musica-e-historia-la-marcha-del-ejercito-imperial-japones-y-el-fin-de-los-samurais\/\" \/>\n<meta property=\"og:locale\" content=\"es_ES\" \/>\n<meta property=\"og:type\" content=\"article\" \/>\n<meta property=\"og:title\" content=\"[M\u00fasica e Historia] La marcha del ej\u00e9rcito imperial japon\u00e9s y el fin de los samur\u00e1is - El Regional\" \/>\n<meta property=\"og:description\" content=\"\u00a0\u201cTus espadas brillando como una gema\u201d Escribe: Leo Mu\u00f1oz \u201cBattotai\u201d tambi\u00e9n es conocida como Marcha de la Rama del Ej\u00e9rcito Japon\u00e9s y como Marcha del Ej\u00e9rcito Imperial Japon\u00e9s, publicada en 1885. La letra es de Masakazu Toyama, la composici\u00f3n es de Charles Leroux, m\u00fasico franc\u00e9s, compositor y director de orquesta seg\u00fan algunos datos obtenidos en [&hellip;]\" \/>\n<meta property=\"og:url\" content=\"https:\/\/elregionalvm.com.ar\/noticias-villa-maria\/musica-e-historia-la-marcha-del-ejercito-imperial-japones-y-el-fin-de-los-samurais\/\" \/>\n<meta property=\"og:site_name\" content=\"El Regional\" \/>\n<meta property=\"article:publisher\" content=\"https:\/\/www.facebook.com\/elregionalvm\" \/>\n<meta property=\"article:published_time\" content=\"2024-01-16T23:01:56+00:00\" \/>\n<meta property=\"article:modified_time\" content=\"2024-01-20T02:31:57+00:00\" \/>\n<meta property=\"og:image\" content=\"https:\/\/elregionalvm.com.ar\/noticias-villa-maria\/wp-content\/uploads\/2024\/01\/Ejercito-imperial-japones-caricatura.jpg\" \/>\n\t<meta property=\"og:image:width\" content=\"1366\" \/>\n\t<meta property=\"og:image:height\" content=\"882\" \/>\n\t<meta property=\"og:image:type\" content=\"image\/jpeg\" \/>\n<meta name=\"author\" content=\"Contenidos El Regional\" \/>\n<meta name=\"twitter:card\" content=\"summary_large_image\" \/>\n<meta name=\"twitter:creator\" content=\"@elregionalvm1\" \/>\n<meta name=\"twitter:site\" content=\"@elregionalvm1\" \/>\n<meta name=\"twitter:label1\" content=\"Escrito por\" \/>\n\t<meta name=\"twitter:data1\" content=\"Contenidos El Regional\" \/>\n\t<meta name=\"twitter:label2\" content=\"Tiempo de lectura\" \/>\n\t<meta name=\"twitter:data2\" content=\"3 minutos\" \/>\n<script type=\"application\/ld+json\" class=\"yoast-schema-graph\">{\"@context\":\"https:\/\/schema.org\",\"@graph\":[{\"@type\":\"Article\",\"@id\":\"https:\/\/elregionalvm.com.ar\/noticias-villa-maria\/musica-e-historia-la-marcha-del-ejercito-imperial-japones-y-el-fin-de-los-samurais\/#article\",\"isPartOf\":{\"@id\":\"https:\/\/elregionalvm.com.ar\/noticias-villa-maria\/musica-e-historia-la-marcha-del-ejercito-imperial-japones-y-el-fin-de-los-samurais\/\"},\"author\":{\"name\":\"Contenidos El Regional\",\"@id\":\"http:\/\/elregionalvm.com.ar\/noticias-villa-maria\/#\/schema\/person\/a0fb9c422317faca23d50163151bc354\"},\"headline\":\"[M\u00fasica e Historia] La marcha del ej\u00e9rcito imperial japon\u00e9s y el fin de los samur\u00e1is\",\"datePublished\":\"2024-01-16T23:01:56+00:00\",\"dateModified\":\"2024-01-20T02:31:57+00:00\",\"mainEntityOfPage\":{\"@id\":\"https:\/\/elregionalvm.com.ar\/noticias-villa-maria\/musica-e-historia-la-marcha-del-ejercito-imperial-japones-y-el-fin-de-los-samurais\/\"},\"wordCount\":583,\"commentCount\":0,\"image\":{\"@id\":\"https:\/\/elregionalvm.com.ar\/noticias-villa-maria\/musica-e-historia-la-marcha-del-ejercito-imperial-japones-y-el-fin-de-los-samurais\/#primaryimage\"},\"thumbnailUrl\":\"https:\/\/i0.wp.com\/elregionalvm.com.ar\/noticias-villa-maria\/wp-content\/uploads\/2024\/01\/Ejercito-imperial-japones-caricatura.jpg?fit=1366%2C882&ssl=1\",\"keywords\":[\"ej\u00e9rcito imperial\",\"Final\",\"historias\",\"Jap\u00f3n\",\"marcha\",\"M\u00fasica\",\"M\u00fasica e Historia\",\"samur\u00e1i\"],\"articleSection\":[\"Historias\",\"tercera\",\"Videos\"],\"inLanguage\":\"es\",\"potentialAction\":[{\"@type\":\"CommentAction\",\"name\":\"Comment\",\"target\":[\"https:\/\/elregionalvm.com.ar\/noticias-villa-maria\/musica-e-historia-la-marcha-del-ejercito-imperial-japones-y-el-fin-de-los-samurais\/#respond\"]}]},{\"@type\":\"WebPage\",\"@id\":\"https:\/\/elregionalvm.com.ar\/noticias-villa-maria\/musica-e-historia-la-marcha-del-ejercito-imperial-japones-y-el-fin-de-los-samurais\/\",\"url\":\"https:\/\/elregionalvm.com.ar\/noticias-villa-maria\/musica-e-historia-la-marcha-del-ejercito-imperial-japones-y-el-fin-de-los-samurais\/\",\"name\":\"[M\u00fasica e Historia] La marcha del ej\u00e9rcito imperial japon\u00e9s y el fin de los samur\u00e1is - El Regional\",\"isPartOf\":{\"@id\":\"http:\/\/elregionalvm.com.ar\/noticias-villa-maria\/#website\"},\"primaryImageOfPage\":{\"@id\":\"https:\/\/elregionalvm.com.ar\/noticias-villa-maria\/musica-e-historia-la-marcha-del-ejercito-imperial-japones-y-el-fin-de-los-samurais\/#primaryimage\"},\"image\":{\"@id\":\"https:\/\/elregionalvm.com.ar\/noticias-villa-maria\/musica-e-historia-la-marcha-del-ejercito-imperial-japones-y-el-fin-de-los-samurais\/#primaryimage\"},\"thumbnailUrl\":\"https:\/\/i0.wp.com\/elregionalvm.com.ar\/noticias-villa-maria\/wp-content\/uploads\/2024\/01\/Ejercito-imperial-japones-caricatura.jpg?fit=1366%2C882&ssl=1\",\"datePublished\":\"2024-01-16T23:01:56+00:00\",\"dateModified\":\"2024-01-20T02:31:57+00:00\",\"author\":{\"@id\":\"http:\/\/elregionalvm.com.ar\/noticias-villa-maria\/#\/schema\/person\/a0fb9c422317faca23d50163151bc354\"},\"breadcrumb\":{\"@id\":\"https:\/\/elregionalvm.com.ar\/noticias-villa-maria\/musica-e-historia-la-marcha-del-ejercito-imperial-japones-y-el-fin-de-los-samurais\/#breadcrumb\"},\"inLanguage\":\"es\",\"potentialAction\":[{\"@type\":\"ReadAction\",\"target\":[\"https:\/\/elregionalvm.com.ar\/noticias-villa-maria\/musica-e-historia-la-marcha-del-ejercito-imperial-japones-y-el-fin-de-los-samurais\/\"]}]},{\"@type\":\"ImageObject\",\"inLanguage\":\"es\",\"@id\":\"https:\/\/elregionalvm.com.ar\/noticias-villa-maria\/musica-e-historia-la-marcha-del-ejercito-imperial-japones-y-el-fin-de-los-samurais\/#primaryimage\",\"url\":\"https:\/\/i0.wp.com\/elregionalvm.com.ar\/noticias-villa-maria\/wp-content\/uploads\/2024\/01\/Ejercito-imperial-japones-caricatura.jpg?fit=1366%2C882&ssl=1\",\"contentUrl\":\"https:\/\/i0.wp.com\/elregionalvm.com.ar\/noticias-villa-maria\/wp-content\/uploads\/2024\/01\/Ejercito-imperial-japones-caricatura.jpg?fit=1366%2C882&ssl=1\",\"width\":1366,\"height\":882},{\"@type\":\"BreadcrumbList\",\"@id\":\"https:\/\/elregionalvm.com.ar\/noticias-villa-maria\/musica-e-historia-la-marcha-del-ejercito-imperial-japones-y-el-fin-de-los-samurais\/#breadcrumb\",\"itemListElement\":[{\"@type\":\"ListItem\",\"position\":1,\"name\":\"Portada\",\"item\":\"https:\/\/elregionalvm.com.ar\/noticias-villa-maria\/\"},{\"@type\":\"ListItem\",\"position\":2,\"name\":\"[M\u00fasica e Historia] La marcha del ej\u00e9rcito imperial japon\u00e9s y el fin de los samur\u00e1is\"}]},{\"@type\":\"WebSite\",\"@id\":\"http:\/\/elregionalvm.com.ar\/noticias-villa-maria\/#website\",\"url\":\"http:\/\/elregionalvm.com.ar\/noticias-villa-maria\/\",\"name\":\"El Regional\",\"description\":\"Mucho m\u00e1s que informaci\u00f3n\",\"potentialAction\":[{\"@type\":\"SearchAction\",\"target\":{\"@type\":\"EntryPoint\",\"urlTemplate\":\"http:\/\/elregionalvm.com.ar\/noticias-villa-maria\/?s={search_term_string}\"},\"query-input\":{\"@type\":\"PropertyValueSpecification\",\"valueRequired\":true,\"valueName\":\"search_term_string\"}}],\"inLanguage\":\"es\"},{\"@type\":\"Person\",\"@id\":\"http:\/\/elregionalvm.com.ar\/noticias-villa-maria\/#\/schema\/person\/a0fb9c422317faca23d50163151bc354\",\"name\":\"Contenidos El Regional\",\"image\":{\"@type\":\"ImageObject\",\"inLanguage\":\"es\",\"@id\":\"http:\/\/elregionalvm.com.ar\/noticias-villa-maria\/#\/schema\/person\/image\/\",\"url\":\"https:\/\/secure.gravatar.com\/avatar\/265b27cb2209af7bb3a1318f03305787d7981a5cc6e6cd08fe5a4ecdf99d4b48?s=96&d=mm&r=g\",\"contentUrl\":\"https:\/\/secure.gravatar.com\/avatar\/265b27cb2209af7bb3a1318f03305787d7981a5cc6e6cd08fe5a4ecdf99d4b48?s=96&d=mm&r=g\",\"caption\":\"Contenidos El Regional\"},\"url\":\"https:\/\/elregionalvm.com.ar\/noticias-villa-maria\/author\/contenido\/\"}]}<\/script>\n<!-- \/ Yoast SEO plugin. -->","yoast_head_json":{"title":"[M\u00fasica e Historia] La marcha del ej\u00e9rcito imperial japon\u00e9s y el fin de los samur\u00e1is - El Regional","robots":{"index":"index","follow":"follow","max-snippet":"max-snippet:-1","max-image-preview":"max-image-preview:large","max-video-preview":"max-video-preview:-1"},"canonical":"https:\/\/elregionalvm.com.ar\/noticias-villa-maria\/musica-e-historia-la-marcha-del-ejercito-imperial-japones-y-el-fin-de-los-samurais\/","og_locale":"es_ES","og_type":"article","og_title":"[M\u00fasica e Historia] La marcha del ej\u00e9rcito imperial japon\u00e9s y el fin de los samur\u00e1is - El Regional","og_description":"\u00a0\u201cTus espadas brillando como una gema\u201d Escribe: Leo Mu\u00f1oz \u201cBattotai\u201d tambi\u00e9n es conocida como Marcha de la Rama del Ej\u00e9rcito Japon\u00e9s y como Marcha del Ej\u00e9rcito Imperial Japon\u00e9s, publicada en 1885. La letra es de Masakazu Toyama, la composici\u00f3n es de Charles Leroux, m\u00fasico franc\u00e9s, compositor y director de orquesta seg\u00fan algunos datos obtenidos en [&hellip;]","og_url":"https:\/\/elregionalvm.com.ar\/noticias-villa-maria\/musica-e-historia-la-marcha-del-ejercito-imperial-japones-y-el-fin-de-los-samurais\/","og_site_name":"El Regional","article_publisher":"https:\/\/www.facebook.com\/elregionalvm","article_published_time":"2024-01-16T23:01:56+00:00","article_modified_time":"2024-01-20T02:31:57+00:00","og_image":[{"width":1366,"height":882,"url":"https:\/\/elregionalvm.com.ar\/noticias-villa-maria\/wp-content\/uploads\/2024\/01\/Ejercito-imperial-japones-caricatura.jpg","type":"image\/jpeg"}],"author":"Contenidos El Regional","twitter_card":"summary_large_image","twitter_creator":"@elregionalvm1","twitter_site":"@elregionalvm1","twitter_misc":{"Escrito por":"Contenidos El Regional","Tiempo de lectura":"3 minutos"},"schema":{"@context":"https:\/\/schema.org","@graph":[{"@type":"Article","@id":"https:\/\/elregionalvm.com.ar\/noticias-villa-maria\/musica-e-historia-la-marcha-del-ejercito-imperial-japones-y-el-fin-de-los-samurais\/#article","isPartOf":{"@id":"https:\/\/elregionalvm.com.ar\/noticias-villa-maria\/musica-e-historia-la-marcha-del-ejercito-imperial-japones-y-el-fin-de-los-samurais\/"},"author":{"name":"Contenidos El Regional","@id":"http:\/\/elregionalvm.com.ar\/noticias-villa-maria\/#\/schema\/person\/a0fb9c422317faca23d50163151bc354"},"headline":"[M\u00fasica e Historia] La marcha del ej\u00e9rcito imperial japon\u00e9s y el fin de los samur\u00e1is","datePublished":"2024-01-16T23:01:56+00:00","dateModified":"2024-01-20T02:31:57+00:00","mainEntityOfPage":{"@id":"https:\/\/elregionalvm.com.ar\/noticias-villa-maria\/musica-e-historia-la-marcha-del-ejercito-imperial-japones-y-el-fin-de-los-samurais\/"},"wordCount":583,"commentCount":0,"image":{"@id":"https:\/\/elregionalvm.com.ar\/noticias-villa-maria\/musica-e-historia-la-marcha-del-ejercito-imperial-japones-y-el-fin-de-los-samurais\/#primaryimage"},"thumbnailUrl":"https:\/\/i0.wp.com\/elregionalvm.com.ar\/noticias-villa-maria\/wp-content\/uploads\/2024\/01\/Ejercito-imperial-japones-caricatura.jpg?fit=1366%2C882&ssl=1","keywords":["ej\u00e9rcito imperial","Final","historias","Jap\u00f3n","marcha","M\u00fasica","M\u00fasica e Historia","samur\u00e1i"],"articleSection":["Historias","tercera","Videos"],"inLanguage":"es","potentialAction":[{"@type":"CommentAction","name":"Comment","target":["https:\/\/elregionalvm.com.ar\/noticias-villa-maria\/musica-e-historia-la-marcha-del-ejercito-imperial-japones-y-el-fin-de-los-samurais\/#respond"]}]},{"@type":"WebPage","@id":"https:\/\/elregionalvm.com.ar\/noticias-villa-maria\/musica-e-historia-la-marcha-del-ejercito-imperial-japones-y-el-fin-de-los-samurais\/","url":"https:\/\/elregionalvm.com.ar\/noticias-villa-maria\/musica-e-historia-la-marcha-del-ejercito-imperial-japones-y-el-fin-de-los-samurais\/","name":"[M\u00fasica e Historia] La marcha del ej\u00e9rcito imperial japon\u00e9s y el fin de los samur\u00e1is - El Regional","isPartOf":{"@id":"http:\/\/elregionalvm.com.ar\/noticias-villa-maria\/#website"},"primaryImageOfPage":{"@id":"https:\/\/elregionalvm.com.ar\/noticias-villa-maria\/musica-e-historia-la-marcha-del-ejercito-imperial-japones-y-el-fin-de-los-samurais\/#primaryimage"},"image":{"@id":"https:\/\/elregionalvm.com.ar\/noticias-villa-maria\/musica-e-historia-la-marcha-del-ejercito-imperial-japones-y-el-fin-de-los-samurais\/#primaryimage"},"thumbnailUrl":"https:\/\/i0.wp.com\/elregionalvm.com.ar\/noticias-villa-maria\/wp-content\/uploads\/2024\/01\/Ejercito-imperial-japones-caricatura.jpg?fit=1366%2C882&ssl=1","datePublished":"2024-01-16T23:01:56+00:00","dateModified":"2024-01-20T02:31:57+00:00","author":{"@id":"http:\/\/elregionalvm.com.ar\/noticias-villa-maria\/#\/schema\/person\/a0fb9c422317faca23d50163151bc354"},"breadcrumb":{"@id":"https:\/\/elregionalvm.com.ar\/noticias-villa-maria\/musica-e-historia-la-marcha-del-ejercito-imperial-japones-y-el-fin-de-los-samurais\/#breadcrumb"},"inLanguage":"es","potentialAction":[{"@type":"ReadAction","target":["https:\/\/elregionalvm.com.ar\/noticias-villa-maria\/musica-e-historia-la-marcha-del-ejercito-imperial-japones-y-el-fin-de-los-samurais\/"]}]},{"@type":"ImageObject","inLanguage":"es","@id":"https:\/\/elregionalvm.com.ar\/noticias-villa-maria\/musica-e-historia-la-marcha-del-ejercito-imperial-japones-y-el-fin-de-los-samurais\/#primaryimage","url":"https:\/\/i0.wp.com\/elregionalvm.com.ar\/noticias-villa-maria\/wp-content\/uploads\/2024\/01\/Ejercito-imperial-japones-caricatura.jpg?fit=1366%2C882&ssl=1","contentUrl":"https:\/\/i0.wp.com\/elregionalvm.com.ar\/noticias-villa-maria\/wp-content\/uploads\/2024\/01\/Ejercito-imperial-japones-caricatura.jpg?fit=1366%2C882&ssl=1","width":1366,"height":882},{"@type":"BreadcrumbList","@id":"https:\/\/elregionalvm.com.ar\/noticias-villa-maria\/musica-e-historia-la-marcha-del-ejercito-imperial-japones-y-el-fin-de-los-samurais\/#breadcrumb","itemListElement":[{"@type":"ListItem","position":1,"name":"Portada","item":"https:\/\/elregionalvm.com.ar\/noticias-villa-maria\/"},{"@type":"ListItem","position":2,"name":"[M\u00fasica e Historia] La marcha del ej\u00e9rcito imperial japon\u00e9s y el fin de los samur\u00e1is"}]},{"@type":"WebSite","@id":"http:\/\/elregionalvm.com.ar\/noticias-villa-maria\/#website","url":"http:\/\/elregionalvm.com.ar\/noticias-villa-maria\/","name":"El Regional","description":"Mucho m\u00e1s que informaci\u00f3n","potentialAction":[{"@type":"SearchAction","target":{"@type":"EntryPoint","urlTemplate":"http:\/\/elregionalvm.com.ar\/noticias-villa-maria\/?s={search_term_string}"},"query-input":{"@type":"PropertyValueSpecification","valueRequired":true,"valueName":"search_term_string"}}],"inLanguage":"es"},{"@type":"Person","@id":"http:\/\/elregionalvm.com.ar\/noticias-villa-maria\/#\/schema\/person\/a0fb9c422317faca23d50163151bc354","name":"Contenidos El Regional","image":{"@type":"ImageObject","inLanguage":"es","@id":"http:\/\/elregionalvm.com.ar\/noticias-villa-maria\/#\/schema\/person\/image\/","url":"https:\/\/secure.gravatar.com\/avatar\/265b27cb2209af7bb3a1318f03305787d7981a5cc6e6cd08fe5a4ecdf99d4b48?s=96&d=mm&r=g","contentUrl":"https:\/\/secure.gravatar.com\/avatar\/265b27cb2209af7bb3a1318f03305787d7981a5cc6e6cd08fe5a4ecdf99d4b48?s=96&d=mm&r=g","caption":"Contenidos El Regional"},"url":"https:\/\/elregionalvm.com.ar\/noticias-villa-maria\/author\/contenido\/"}]}},"jetpack_featured_media_url":"https:\/\/i0.wp.com\/elregionalvm.com.ar\/noticias-villa-maria\/wp-content\/uploads\/2024\/01\/Ejercito-imperial-japones-caricatura.jpg?fit=1366%2C882&ssl=1","jetpack_sharing_enabled":true,"_links":{"self":[{"href":"https:\/\/elregionalvm.com.ar\/noticias-villa-maria\/wp-json\/wp\/v2\/posts\/88647","targetHints":{"allow":["GET"]}}],"collection":[{"href":"https:\/\/elregionalvm.com.ar\/noticias-villa-maria\/wp-json\/wp\/v2\/posts"}],"about":[{"href":"https:\/\/elregionalvm.com.ar\/noticias-villa-maria\/wp-json\/wp\/v2\/types\/post"}],"author":[{"embeddable":true,"href":"https:\/\/elregionalvm.com.ar\/noticias-villa-maria\/wp-json\/wp\/v2\/users\/4"}],"replies":[{"embeddable":true,"href":"https:\/\/elregionalvm.com.ar\/noticias-villa-maria\/wp-json\/wp\/v2\/comments?post=88647"}],"version-history":[{"count":3,"href":"https:\/\/elregionalvm.com.ar\/noticias-villa-maria\/wp-json\/wp\/v2\/posts\/88647\/revisions"}],"predecessor-version":[{"id":88654,"href":"https:\/\/elregionalvm.com.ar\/noticias-villa-maria\/wp-json\/wp\/v2\/posts\/88647\/revisions\/88654"}],"wp:featuredmedia":[{"embeddable":true,"href":"https:\/\/elregionalvm.com.ar\/noticias-villa-maria\/wp-json\/wp\/v2\/media\/88655"}],"wp:attachment":[{"href":"https:\/\/elregionalvm.com.ar\/noticias-villa-maria\/wp-json\/wp\/v2\/media?parent=88647"}],"wp:term":[{"taxonomy":"category","embeddable":true,"href":"https:\/\/elregionalvm.com.ar\/noticias-villa-maria\/wp-json\/wp\/v2\/categories?post=88647"},{"taxonomy":"post_tag","embeddable":true,"href":"https:\/\/elregionalvm.com.ar\/noticias-villa-maria\/wp-json\/wp\/v2\/tags?post=88647"}],"curies":[{"name":"wp","href":"https:\/\/api.w.org\/{rel}","templated":true}]}}