{"id":88830,"date":"2024-01-20T21:33:30","date_gmt":"2024-01-20T21:33:30","guid":{"rendered":"https:\/\/elregionalvm.com.ar\/noticias-villa-maria\/?p=88830"},"modified":"2024-01-20T21:33:32","modified_gmt":"2024-01-20T21:33:32","slug":"detuvieron-a-un-hombre-por-robarle-el-celular-a-un-menor-de-11-anos","status":"publish","type":"post","link":"https:\/\/elregionalvm.com.ar\/noticias-villa-maria\/detuvieron-a-un-hombre-por-robarle-el-celular-a-un-menor-de-11-anos\/","title":{"rendered":"Detuvieron a un hombre por robarle el celular a un menor de 11 a\u00f1os"},"content":{"rendered":"\n<p>Pasada la medianoche,  del d\u00eda de hoy, personal policial de patrulla preventiva procedi\u00f3 a la detenci\u00f3n de un hombre de 34 a\u00f1os de edad por supuesto autor del delito de \u00abTentativa de Hurto\u00bb, y al secuestro de una motocicleta marca Honda Rally.<\/p>\n\n\n\n<p>Ya que momentos antes en intersecci\u00f3n de calle Carlos Pellegrini y Malvinas Argentinas se le apersono a un menor de 11 a\u00f1os de edad que se encontraba en la vereda de su domicilio haciendo uso de su tel\u00e9fono celular, momentos en el que este intenta arrebat\u00e1rselo pero al percatarse de la presencia de un familiar emprende la huida no logrando su cometido , dejando abandonada en el lugar la motocicleta en la que se conduc\u00eda . <\/p>\n\n\n\n<p>Mediante las caracter\u00edsticas aportadas por el familiar del menor por l\u00ednea telef\u00f3nica del 911, es que personal policial logra la detenci\u00f3n del sujeto en calle Remedios de Escaladas y Mart\u00ednez Mendoza, constatando a posterior por sistema inform\u00e1tico que la motocicleta contaba con pedido de secuestro del d\u00eda 09\/01\/2021.<\/p>\n\n\n\n<p>Se labran actuaciones a disposici\u00f3n de la Fiscal\u00eda de Instrucci\u00f3n de Turno en Feria a cargo de la Dra. Juliana Companys, Sec. Dr. Pedro Diana.<\/p>\n","protected":false},"excerpt":{"rendered":"<p>Pasada la medianoche, del d\u00eda de hoy, personal policial de patrulla preventiva procedi\u00f3 a la detenci\u00f3n de un hombre de 34 a\u00f1os de edad por supuesto autor del delito de \u00abTentativa de Hurto\u00bb, y al secuestro de una motocicleta marca Honda Rally. Ya que momentos antes en intersecci\u00f3n de calle Carlos Pellegrini y Malvinas Argentinas [&hellip;]<\/p>\n","protected":false},"author":4,"featured_media":88831,"comment_status":"open","ping_status":"open","sticky":false,"template":"","format":"standard","meta":{"site-sidebar-layout":"default","site-content-layout":"","ast-site-content-layout":"default","site-content-style":"default","site-sidebar-style":"default","ast-global-header-display":"","ast-banner-title-visibility":"","ast-main-header-display":"","ast-hfb-above-header-display":"","ast-hfb-below-header-display":"","ast-hfb-mobile-header-display":"","site-post-title":"","ast-breadcrumbs-content":"","ast-featured-img":"","footer-sml-layout":"","ast-disable-related-posts":"","theme-transparent-header-meta":"","adv-header-id-meta":"","stick-header-meta":"","header-above-stick-meta":"","header-main-stick-meta":"","header-below-stick-meta":"","astra-migrate-meta-layouts":"set","ast-page-background-enabled":"default","ast-page-background-meta":{"desktop":{"background-color":"","background-image":"","background-repeat":"repeat","background-position":"center center","background-size":"auto","background-attachment":"scroll","background-type":"","background-media":"","overlay-type":"","overlay-color":"","overlay-opacity":"","overlay-gradient":""},"tablet":{"background-color":"","background-image":"","background-repeat":"repeat","background-position":"center center","background-size":"auto","background-attachment":"scroll","background-type":"","background-media":"","overlay-type":"","overlay-color":"","overlay-opacity":"","overlay-gradient":""},"mobile":{"background-color":"","background-image":"","background-repeat":"repeat","background-position":"center center","background-size":"auto","background-attachment":"scroll","background-type":"","background-media":"","overlay-type":"","overlay-color":"","overlay-opacity":"","overlay-gradient":""}},"ast-content-background-meta":{"desktop":{"background-color":"var(--ast-global-color-5)","background-image":"","background-repeat":"repeat","background-position":"center center","background-size":"auto","background-attachment":"scroll","background-type":"","background-media":"","overlay-type":"","overlay-color":"","overlay-opacity":"","overlay-gradient":""},"tablet":{"background-color":"var(--ast-global-color-5)","background-image":"","background-repeat":"repeat","background-position":"center center","background-size":"auto","background-attachment":"scroll","background-type":"","background-media":"","overlay-type":"","overlay-color":"","overlay-opacity":"","overlay-gradient":""},"mobile":{"background-color":"var(--ast-global-color-5)","background-image":"","background-repeat":"repeat","background-position":"center center","background-size":"auto","background-attachment":"scroll","background-type":"","background-media":"","overlay-type":"","overlay-color":"","overlay-opacity":"","overlay-gradient":""}},"_jetpack_memberships_contains_paid_content":false,"_joinchat":[],"footnotes":""},"categories":[2234,5,2],"tags":[],"class_list":["post-88830","post","type-post","status-publish","format-standard","has-post-thumbnail","hentry","category-policiales","category-sociedad","category-villa-maria"],"yoast_head":"<!-- This site is optimized with the Yoast SEO plugin v26.8 - https:\/\/yoast.com\/product\/yoast-seo-wordpress\/ -->\n<title>Detuvieron a un hombre por robarle el celular a un menor de 11 a\u00f1os - El Regional<\/title>\n<meta name=\"robots\" content=\"index, follow, max-snippet:-1, max-image-preview:large, max-video-preview:-1\" \/>\n<link rel=\"canonical\" href=\"https:\/\/elregionalvm.com.ar\/noticias-villa-maria\/detuvieron-a-un-hombre-por-robarle-el-celular-a-un-menor-de-11-anos\/\" \/>\n<meta property=\"og:locale\" content=\"es_ES\" \/>\n<meta property=\"og:type\" content=\"article\" \/>\n<meta property=\"og:title\" content=\"Detuvieron a un hombre por robarle el celular a un menor de 11 a\u00f1os - El Regional\" \/>\n<meta property=\"og:description\" content=\"Pasada la medianoche, del d\u00eda de hoy, personal policial de patrulla preventiva procedi\u00f3 a la detenci\u00f3n de un hombre de 34 a\u00f1os de edad por supuesto autor del delito de \u00abTentativa de Hurto\u00bb, y al secuestro de una motocicleta marca Honda Rally. Ya que momentos antes en intersecci\u00f3n de calle Carlos Pellegrini y Malvinas Argentinas [&hellip;]\" \/>\n<meta property=\"og:url\" content=\"https:\/\/elregionalvm.com.ar\/noticias-villa-maria\/detuvieron-a-un-hombre-por-robarle-el-celular-a-un-menor-de-11-anos\/\" \/>\n<meta property=\"og:site_name\" content=\"El Regional\" \/>\n<meta property=\"article:publisher\" content=\"https:\/\/www.facebook.com\/elregionalvm\" \/>\n<meta property=\"article:published_time\" content=\"2024-01-20T21:33:30+00:00\" \/>\n<meta property=\"article:modified_time\" content=\"2024-01-20T21:33:32+00:00\" \/>\n<meta property=\"og:image\" content=\"https:\/\/elregionalvm.com.ar\/noticias-villa-maria\/wp-content\/uploads\/2024\/01\/WhatsApp-Image-2024-01-20-at-09.30.53.jpeg\" \/>\n\t<meta property=\"og:image:width\" content=\"1348\" \/>\n\t<meta property=\"og:image:height\" content=\"1278\" \/>\n\t<meta property=\"og:image:type\" content=\"image\/jpeg\" \/>\n<meta name=\"author\" content=\"Contenidos El Regional\" \/>\n<meta name=\"twitter:card\" content=\"summary_large_image\" \/>\n<meta name=\"twitter:creator\" content=\"@elregionalvm1\" \/>\n<meta name=\"twitter:site\" content=\"@elregionalvm1\" \/>\n<meta name=\"twitter:label1\" content=\"Escrito por\" \/>\n\t<meta name=\"twitter:data1\" content=\"Contenidos El Regional\" \/>\n\t<meta name=\"twitter:label2\" content=\"Tiempo de lectura\" \/>\n\t<meta name=\"twitter:data2\" content=\"1 minuto\" \/>\n<script type=\"application\/ld+json\" class=\"yoast-schema-graph\">{\"@context\":\"https:\/\/schema.org\",\"@graph\":[{\"@type\":\"Article\",\"@id\":\"https:\/\/elregionalvm.com.ar\/noticias-villa-maria\/detuvieron-a-un-hombre-por-robarle-el-celular-a-un-menor-de-11-anos\/#article\",\"isPartOf\":{\"@id\":\"https:\/\/elregionalvm.com.ar\/noticias-villa-maria\/detuvieron-a-un-hombre-por-robarle-el-celular-a-un-menor-de-11-anos\/\"},\"author\":{\"name\":\"Contenidos El Regional\",\"@id\":\"http:\/\/elregionalvm.com.ar\/noticias-villa-maria\/#\/schema\/person\/a0fb9c422317faca23d50163151bc354\"},\"headline\":\"Detuvieron a un hombre por robarle el celular a un menor de 11 a\u00f1os\",\"datePublished\":\"2024-01-20T21:33:30+00:00\",\"dateModified\":\"2024-01-20T21:33:32+00:00\",\"mainEntityOfPage\":{\"@id\":\"https:\/\/elregionalvm.com.ar\/noticias-villa-maria\/detuvieron-a-un-hombre-por-robarle-el-celular-a-un-menor-de-11-anos\/\"},\"wordCount\":217,\"commentCount\":0,\"image\":{\"@id\":\"https:\/\/elregionalvm.com.ar\/noticias-villa-maria\/detuvieron-a-un-hombre-por-robarle-el-celular-a-un-menor-de-11-anos\/#primaryimage\"},\"thumbnailUrl\":\"https:\/\/i0.wp.com\/elregionalvm.com.ar\/noticias-villa-maria\/wp-content\/uploads\/2024\/01\/WhatsApp-Image-2024-01-20-at-09.30.53.jpeg?fit=1348%2C1278&ssl=1\",\"articleSection\":[\"Policiales\",\"Sociedad\",\"Villa Mar\u00eda\"],\"inLanguage\":\"es\",\"potentialAction\":[{\"@type\":\"CommentAction\",\"name\":\"Comment\",\"target\":[\"https:\/\/elregionalvm.com.ar\/noticias-villa-maria\/detuvieron-a-un-hombre-por-robarle-el-celular-a-un-menor-de-11-anos\/#respond\"]}]},{\"@type\":\"WebPage\",\"@id\":\"https:\/\/elregionalvm.com.ar\/noticias-villa-maria\/detuvieron-a-un-hombre-por-robarle-el-celular-a-un-menor-de-11-anos\/\",\"url\":\"https:\/\/elregionalvm.com.ar\/noticias-villa-maria\/detuvieron-a-un-hombre-por-robarle-el-celular-a-un-menor-de-11-anos\/\",\"name\":\"Detuvieron a un hombre por robarle el celular a un menor de 11 a\u00f1os - El Regional\",\"isPartOf\":{\"@id\":\"http:\/\/elregionalvm.com.ar\/noticias-villa-maria\/#website\"},\"primaryImageOfPage\":{\"@id\":\"https:\/\/elregionalvm.com.ar\/noticias-villa-maria\/detuvieron-a-un-hombre-por-robarle-el-celular-a-un-menor-de-11-anos\/#primaryimage\"},\"image\":{\"@id\":\"https:\/\/elregionalvm.com.ar\/noticias-villa-maria\/detuvieron-a-un-hombre-por-robarle-el-celular-a-un-menor-de-11-anos\/#primaryimage\"},\"thumbnailUrl\":\"https:\/\/i0.wp.com\/elregionalvm.com.ar\/noticias-villa-maria\/wp-content\/uploads\/2024\/01\/WhatsApp-Image-2024-01-20-at-09.30.53.jpeg?fit=1348%2C1278&ssl=1\",\"datePublished\":\"2024-01-20T21:33:30+00:00\",\"dateModified\":\"2024-01-20T21:33:32+00:00\",\"author\":{\"@id\":\"http:\/\/elregionalvm.com.ar\/noticias-villa-maria\/#\/schema\/person\/a0fb9c422317faca23d50163151bc354\"},\"breadcrumb\":{\"@id\":\"https:\/\/elregionalvm.com.ar\/noticias-villa-maria\/detuvieron-a-un-hombre-por-robarle-el-celular-a-un-menor-de-11-anos\/#breadcrumb\"},\"inLanguage\":\"es\",\"potentialAction\":[{\"@type\":\"ReadAction\",\"target\":[\"https:\/\/elregionalvm.com.ar\/noticias-villa-maria\/detuvieron-a-un-hombre-por-robarle-el-celular-a-un-menor-de-11-anos\/\"]}]},{\"@type\":\"ImageObject\",\"inLanguage\":\"es\",\"@id\":\"https:\/\/elregionalvm.com.ar\/noticias-villa-maria\/detuvieron-a-un-hombre-por-robarle-el-celular-a-un-menor-de-11-anos\/#primaryimage\",\"url\":\"https:\/\/i0.wp.com\/elregionalvm.com.ar\/noticias-villa-maria\/wp-content\/uploads\/2024\/01\/WhatsApp-Image-2024-01-20-at-09.30.53.jpeg?fit=1348%2C1278&ssl=1\",\"contentUrl\":\"https:\/\/i0.wp.com\/elregionalvm.com.ar\/noticias-villa-maria\/wp-content\/uploads\/2024\/01\/WhatsApp-Image-2024-01-20-at-09.30.53.jpeg?fit=1348%2C1278&ssl=1\",\"width\":1348,\"height\":1278},{\"@type\":\"BreadcrumbList\",\"@id\":\"https:\/\/elregionalvm.com.ar\/noticias-villa-maria\/detuvieron-a-un-hombre-por-robarle-el-celular-a-un-menor-de-11-anos\/#breadcrumb\",\"itemListElement\":[{\"@type\":\"ListItem\",\"position\":1,\"name\":\"Portada\",\"item\":\"https:\/\/elregionalvm.com.ar\/noticias-villa-maria\/\"},{\"@type\":\"ListItem\",\"position\":2,\"name\":\"Detuvieron a un hombre por robarle el celular a un menor de 11 a\u00f1os\"}]},{\"@type\":\"WebSite\",\"@id\":\"http:\/\/elregionalvm.com.ar\/noticias-villa-maria\/#website\",\"url\":\"http:\/\/elregionalvm.com.ar\/noticias-villa-maria\/\",\"name\":\"El Regional\",\"description\":\"Mucho m\u00e1s que informaci\u00f3n\",\"potentialAction\":[{\"@type\":\"SearchAction\",\"target\":{\"@type\":\"EntryPoint\",\"urlTemplate\":\"http:\/\/elregionalvm.com.ar\/noticias-villa-maria\/?s={search_term_string}\"},\"query-input\":{\"@type\":\"PropertyValueSpecification\",\"valueRequired\":true,\"valueName\":\"search_term_string\"}}],\"inLanguage\":\"es\"},{\"@type\":\"Person\",\"@id\":\"http:\/\/elregionalvm.com.ar\/noticias-villa-maria\/#\/schema\/person\/a0fb9c422317faca23d50163151bc354\",\"name\":\"Contenidos El Regional\",\"image\":{\"@type\":\"ImageObject\",\"inLanguage\":\"es\",\"@id\":\"http:\/\/elregionalvm.com.ar\/noticias-villa-maria\/#\/schema\/person\/image\/\",\"url\":\"https:\/\/secure.gravatar.com\/avatar\/265b27cb2209af7bb3a1318f03305787d7981a5cc6e6cd08fe5a4ecdf99d4b48?s=96&d=mm&r=g\",\"contentUrl\":\"https:\/\/secure.gravatar.com\/avatar\/265b27cb2209af7bb3a1318f03305787d7981a5cc6e6cd08fe5a4ecdf99d4b48?s=96&d=mm&r=g\",\"caption\":\"Contenidos El Regional\"},\"url\":\"https:\/\/elregionalvm.com.ar\/noticias-villa-maria\/author\/contenido\/\"}]}<\/script>\n<!-- \/ Yoast SEO plugin. -->","yoast_head_json":{"title":"Detuvieron a un hombre por robarle el celular a un menor de 11 a\u00f1os - El Regional","robots":{"index":"index","follow":"follow","max-snippet":"max-snippet:-1","max-image-preview":"max-image-preview:large","max-video-preview":"max-video-preview:-1"},"canonical":"https:\/\/elregionalvm.com.ar\/noticias-villa-maria\/detuvieron-a-un-hombre-por-robarle-el-celular-a-un-menor-de-11-anos\/","og_locale":"es_ES","og_type":"article","og_title":"Detuvieron a un hombre por robarle el celular a un menor de 11 a\u00f1os - El Regional","og_description":"Pasada la medianoche, del d\u00eda de hoy, personal policial de patrulla preventiva procedi\u00f3 a la detenci\u00f3n de un hombre de 34 a\u00f1os de edad por supuesto autor del delito de \u00abTentativa de Hurto\u00bb, y al secuestro de una motocicleta marca Honda Rally. Ya que momentos antes en intersecci\u00f3n de calle Carlos Pellegrini y Malvinas Argentinas [&hellip;]","og_url":"https:\/\/elregionalvm.com.ar\/noticias-villa-maria\/detuvieron-a-un-hombre-por-robarle-el-celular-a-un-menor-de-11-anos\/","og_site_name":"El Regional","article_publisher":"https:\/\/www.facebook.com\/elregionalvm","article_published_time":"2024-01-20T21:33:30+00:00","article_modified_time":"2024-01-20T21:33:32+00:00","og_image":[{"width":1348,"height":1278,"url":"https:\/\/elregionalvm.com.ar\/noticias-villa-maria\/wp-content\/uploads\/2024\/01\/WhatsApp-Image-2024-01-20-at-09.30.53.jpeg","type":"image\/jpeg"}],"author":"Contenidos El Regional","twitter_card":"summary_large_image","twitter_creator":"@elregionalvm1","twitter_site":"@elregionalvm1","twitter_misc":{"Escrito por":"Contenidos El Regional","Tiempo de lectura":"1 minuto"},"schema":{"@context":"https:\/\/schema.org","@graph":[{"@type":"Article","@id":"https:\/\/elregionalvm.com.ar\/noticias-villa-maria\/detuvieron-a-un-hombre-por-robarle-el-celular-a-un-menor-de-11-anos\/#article","isPartOf":{"@id":"https:\/\/elregionalvm.com.ar\/noticias-villa-maria\/detuvieron-a-un-hombre-por-robarle-el-celular-a-un-menor-de-11-anos\/"},"author":{"name":"Contenidos El Regional","@id":"http:\/\/elregionalvm.com.ar\/noticias-villa-maria\/#\/schema\/person\/a0fb9c422317faca23d50163151bc354"},"headline":"Detuvieron a un hombre por robarle el celular a un menor de 11 a\u00f1os","datePublished":"2024-01-20T21:33:30+00:00","dateModified":"2024-01-20T21:33:32+00:00","mainEntityOfPage":{"@id":"https:\/\/elregionalvm.com.ar\/noticias-villa-maria\/detuvieron-a-un-hombre-por-robarle-el-celular-a-un-menor-de-11-anos\/"},"wordCount":217,"commentCount":0,"image":{"@id":"https:\/\/elregionalvm.com.ar\/noticias-villa-maria\/detuvieron-a-un-hombre-por-robarle-el-celular-a-un-menor-de-11-anos\/#primaryimage"},"thumbnailUrl":"https:\/\/i0.wp.com\/elregionalvm.com.ar\/noticias-villa-maria\/wp-content\/uploads\/2024\/01\/WhatsApp-Image-2024-01-20-at-09.30.53.jpeg?fit=1348%2C1278&ssl=1","articleSection":["Policiales","Sociedad","Villa Mar\u00eda"],"inLanguage":"es","potentialAction":[{"@type":"CommentAction","name":"Comment","target":["https:\/\/elregionalvm.com.ar\/noticias-villa-maria\/detuvieron-a-un-hombre-por-robarle-el-celular-a-un-menor-de-11-anos\/#respond"]}]},{"@type":"WebPage","@id":"https:\/\/elregionalvm.com.ar\/noticias-villa-maria\/detuvieron-a-un-hombre-por-robarle-el-celular-a-un-menor-de-11-anos\/","url":"https:\/\/elregionalvm.com.ar\/noticias-villa-maria\/detuvieron-a-un-hombre-por-robarle-el-celular-a-un-menor-de-11-anos\/","name":"Detuvieron a un hombre por robarle el celular a un menor de 11 a\u00f1os - El Regional","isPartOf":{"@id":"http:\/\/elregionalvm.com.ar\/noticias-villa-maria\/#website"},"primaryImageOfPage":{"@id":"https:\/\/elregionalvm.com.ar\/noticias-villa-maria\/detuvieron-a-un-hombre-por-robarle-el-celular-a-un-menor-de-11-anos\/#primaryimage"},"image":{"@id":"https:\/\/elregionalvm.com.ar\/noticias-villa-maria\/detuvieron-a-un-hombre-por-robarle-el-celular-a-un-menor-de-11-anos\/#primaryimage"},"thumbnailUrl":"https:\/\/i0.wp.com\/elregionalvm.com.ar\/noticias-villa-maria\/wp-content\/uploads\/2024\/01\/WhatsApp-Image-2024-01-20-at-09.30.53.jpeg?fit=1348%2C1278&ssl=1","datePublished":"2024-01-20T21:33:30+00:00","dateModified":"2024-01-20T21:33:32+00:00","author":{"@id":"http:\/\/elregionalvm.com.ar\/noticias-villa-maria\/#\/schema\/person\/a0fb9c422317faca23d50163151bc354"},"breadcrumb":{"@id":"https:\/\/elregionalvm.com.ar\/noticias-villa-maria\/detuvieron-a-un-hombre-por-robarle-el-celular-a-un-menor-de-11-anos\/#breadcrumb"},"inLanguage":"es","potentialAction":[{"@type":"ReadAction","target":["https:\/\/elregionalvm.com.ar\/noticias-villa-maria\/detuvieron-a-un-hombre-por-robarle-el-celular-a-un-menor-de-11-anos\/"]}]},{"@type":"ImageObject","inLanguage":"es","@id":"https:\/\/elregionalvm.com.ar\/noticias-villa-maria\/detuvieron-a-un-hombre-por-robarle-el-celular-a-un-menor-de-11-anos\/#primaryimage","url":"https:\/\/i0.wp.com\/elregionalvm.com.ar\/noticias-villa-maria\/wp-content\/uploads\/2024\/01\/WhatsApp-Image-2024-01-20-at-09.30.53.jpeg?fit=1348%2C1278&ssl=1","contentUrl":"https:\/\/i0.wp.com\/elregionalvm.com.ar\/noticias-villa-maria\/wp-content\/uploads\/2024\/01\/WhatsApp-Image-2024-01-20-at-09.30.53.jpeg?fit=1348%2C1278&ssl=1","width":1348,"height":1278},{"@type":"BreadcrumbList","@id":"https:\/\/elregionalvm.com.ar\/noticias-villa-maria\/detuvieron-a-un-hombre-por-robarle-el-celular-a-un-menor-de-11-anos\/#breadcrumb","itemListElement":[{"@type":"ListItem","position":1,"name":"Portada","item":"https:\/\/elregionalvm.com.ar\/noticias-villa-maria\/"},{"@type":"ListItem","position":2,"name":"Detuvieron a un hombre por robarle el celular a un menor de 11 a\u00f1os"}]},{"@type":"WebSite","@id":"http:\/\/elregionalvm.com.ar\/noticias-villa-maria\/#website","url":"http:\/\/elregionalvm.com.ar\/noticias-villa-maria\/","name":"El Regional","description":"Mucho m\u00e1s que informaci\u00f3n","potentialAction":[{"@type":"SearchAction","target":{"@type":"EntryPoint","urlTemplate":"http:\/\/elregionalvm.com.ar\/noticias-villa-maria\/?s={search_term_string}"},"query-input":{"@type":"PropertyValueSpecification","valueRequired":true,"valueName":"search_term_string"}}],"inLanguage":"es"},{"@type":"Person","@id":"http:\/\/elregionalvm.com.ar\/noticias-villa-maria\/#\/schema\/person\/a0fb9c422317faca23d50163151bc354","name":"Contenidos El Regional","image":{"@type":"ImageObject","inLanguage":"es","@id":"http:\/\/elregionalvm.com.ar\/noticias-villa-maria\/#\/schema\/person\/image\/","url":"https:\/\/secure.gravatar.com\/avatar\/265b27cb2209af7bb3a1318f03305787d7981a5cc6e6cd08fe5a4ecdf99d4b48?s=96&d=mm&r=g","contentUrl":"https:\/\/secure.gravatar.com\/avatar\/265b27cb2209af7bb3a1318f03305787d7981a5cc6e6cd08fe5a4ecdf99d4b48?s=96&d=mm&r=g","caption":"Contenidos El Regional"},"url":"https:\/\/elregionalvm.com.ar\/noticias-villa-maria\/author\/contenido\/"}]}},"jetpack_featured_media_url":"https:\/\/i0.wp.com\/elregionalvm.com.ar\/noticias-villa-maria\/wp-content\/uploads\/2024\/01\/WhatsApp-Image-2024-01-20-at-09.30.53.jpeg?fit=1348%2C1278&ssl=1","jetpack_sharing_enabled":true,"_links":{"self":[{"href":"https:\/\/elregionalvm.com.ar\/noticias-villa-maria\/wp-json\/wp\/v2\/posts\/88830","targetHints":{"allow":["GET"]}}],"collection":[{"href":"https:\/\/elregionalvm.com.ar\/noticias-villa-maria\/wp-json\/wp\/v2\/posts"}],"about":[{"href":"https:\/\/elregionalvm.com.ar\/noticias-villa-maria\/wp-json\/wp\/v2\/types\/post"}],"author":[{"embeddable":true,"href":"https:\/\/elregionalvm.com.ar\/noticias-villa-maria\/wp-json\/wp\/v2\/users\/4"}],"replies":[{"embeddable":true,"href":"https:\/\/elregionalvm.com.ar\/noticias-villa-maria\/wp-json\/wp\/v2\/comments?post=88830"}],"version-history":[{"count":1,"href":"https:\/\/elregionalvm.com.ar\/noticias-villa-maria\/wp-json\/wp\/v2\/posts\/88830\/revisions"}],"predecessor-version":[{"id":88832,"href":"https:\/\/elregionalvm.com.ar\/noticias-villa-maria\/wp-json\/wp\/v2\/posts\/88830\/revisions\/88832"}],"wp:featuredmedia":[{"embeddable":true,"href":"https:\/\/elregionalvm.com.ar\/noticias-villa-maria\/wp-json\/wp\/v2\/media\/88831"}],"wp:attachment":[{"href":"https:\/\/elregionalvm.com.ar\/noticias-villa-maria\/wp-json\/wp\/v2\/media?parent=88830"}],"wp:term":[{"taxonomy":"category","embeddable":true,"href":"https:\/\/elregionalvm.com.ar\/noticias-villa-maria\/wp-json\/wp\/v2\/categories?post=88830"},{"taxonomy":"post_tag","embeddable":true,"href":"https:\/\/elregionalvm.com.ar\/noticias-villa-maria\/wp-json\/wp\/v2\/tags?post=88830"}],"curies":[{"name":"wp","href":"https:\/\/api.w.org\/{rel}","templated":true}]}}