{"id":89004,"date":"2024-01-25T11:32:54","date_gmt":"2024-01-25T11:32:54","guid":{"rendered":"https:\/\/elregionalvm.com.ar\/noticias-villa-maria\/?p=89004"},"modified":"2024-01-27T03:14:43","modified_gmt":"2024-01-27T03:14:43","slug":"opinion-si-no-se-destierra-la-corrupcion-de-poco-valdran-los-ajustes-y-sacrificios","status":"publish","type":"post","link":"https:\/\/elregionalvm.com.ar\/noticias-villa-maria\/opinion-si-no-se-destierra-la-corrupcion-de-poco-valdran-los-ajustes-y-sacrificios\/","title":{"rendered":"[Opini\u00f3n] Si no se destierra la corrupci\u00f3n, de poco valdr\u00e1n los ajustes y sacrificios"},"content":{"rendered":"\n<p><\/p>\n\n\n\n<p><strong>Escribe: \u00c1lvaro de Lamadrid (*)<\/strong><\/p>\n\n\n\n<p><\/p>\n\n\n\n<p>En la Argentina no solo tenemos el d\u00e9ficit fiscal como causa de la crisis ya que anterior a este subyace el d\u00e9ficit moral, que hizo que la casta corrupta se enriqueciera bajo el amparo de un discurso populista.&nbsp;<\/p>\n\n\n\n<p>Si no desterramos de ra\u00edz est\u00e1 corrupci\u00f3n, de poco valdr\u00e1n los ajustes y sacrificios porque la historia se repetir\u00e1 una y otra vez.<\/p>\n\n\n\n<p>Ning\u00fan legislador se va a inmolar por Milei en el altar de la democracia, si antes no existe una definici\u00f3n clara de condena a la corrupci\u00f3n, no la de 100 a\u00f1os atr\u00e1s, sino la de hace 5 minutos con Michel y C\u00eda. en Aduana o C\u00faneo Libarona bancando por omisi\u00f3n el plan encubridor de Zannini para ocultar lo robado.<\/p>\n\n\n\n<p>El silencio de Cristina y La C\u00e1mpora ante el ajuste est\u00e1 comprado. El \u00abqu\u00e9date tranquila\u00bb del acto de asunci\u00f3n, hoy se explica con la ratificaci\u00f3n del plan de encubrimiento de Zannini, por parte del ministro de Justicia, quien considera que el Estado no debe ser querellante en las causas de corrupci\u00f3n ni esta para buscar delitos.<\/p>\n\n\n\n<p>Si aflojamos ahora, los corruptos aprovechan enero y febrero y se quedan con las acciones de YPF.&nbsp;<\/p>\n\n\n\n<p>Hasta ahora el ministro de Justicia est\u00e1 pintado. Voy a insistir, no me van a callar.<\/p>\n\n\n\n<p>La que entendi\u00f3 todo es Patricia Bullrich, el ejemplo a seguir. Se puso de frente y firme en la lucha contra los narcos y los delincuentes que generan inseguridad.&nbsp;<\/p>\n\n\n\n<p>Lo mismo que hace Patricia contra los narcos es lo que deber\u00eda hacer el ministro de Justicia contra los corruptos y saqueadores que empobrecieron a la Naci\u00f3n y se robaron el pa\u00eds.<\/p>\n\n\n\n<p><\/p>\n\n\n\n<figure class=\"wp-block-image size-large\"><img data-recalc-dims=\"1\" fetchpriority=\"high\" decoding=\"async\" width=\"1024\" height=\"683\" src=\"https:\/\/i0.wp.com\/elregionalvm.com.ar\/noticias-villa-maria\/wp-content\/uploads\/2024\/01\/Alvaro-Lamadrid-.jpeg?resize=1024%2C683&#038;ssl=1\" alt=\"\" class=\"wp-image-89005\" srcset=\"https:\/\/i0.wp.com\/elregionalvm.com.ar\/noticias-villa-maria\/wp-content\/uploads\/2024\/01\/Alvaro-Lamadrid-.jpeg?resize=1024%2C683&amp;ssl=1 1024w, https:\/\/i0.wp.com\/elregionalvm.com.ar\/noticias-villa-maria\/wp-content\/uploads\/2024\/01\/Alvaro-Lamadrid-.jpeg?resize=300%2C200&amp;ssl=1 300w, https:\/\/i0.wp.com\/elregionalvm.com.ar\/noticias-villa-maria\/wp-content\/uploads\/2024\/01\/Alvaro-Lamadrid-.jpeg?resize=768%2C512&amp;ssl=1 768w, https:\/\/i0.wp.com\/elregionalvm.com.ar\/noticias-villa-maria\/wp-content\/uploads\/2024\/01\/Alvaro-Lamadrid-.jpeg?w=1200&amp;ssl=1 1200w\" sizes=\"(max-width: 1000px) 100vw, 1000px\" \/><figcaption class=\"wp-element-caption\"><em>Para De Lamadrid, se hace la vista gorda para no afrontar la corrupci\u00f3n. <\/em><\/figcaption><\/figure>\n\n\n\n<p><\/p>\n\n\n\n<p>\u00bfSi han saqueado el pa\u00eds, dejando la peor crisis de la historia, como dijo el presidente con Mirtha Legrand, por qu\u00e9 el ministro de Justicia se empe\u00f1a en no denunciarlos, querellarlos ni recuperar lo robado?<\/p>\n\n\n\n<p><\/p>\n\n\n\n<figure class=\"wp-block-pullquote\"><blockquote><p><strong>\u00bfSi han saqueado el pa\u00eds, dejando la peor crisis de la historia, como dijo el presidente con Mirtha Legrand, por qu\u00e9 el ministro de Justicia se empe\u00f1a en no denunciarlos, querellarlos ni recuperar lo robado?<\/strong><\/p><\/blockquote><\/figure>\n\n\n\n<p><\/p>\n\n\n\n<p>No podemos olvidar, mantengamos viva la memoria del saqueo. Los argentinos no tienen que pagar ninguna \u00abtasa Kicillof\u00bb para financiar un bono para beneficiar al grupo Burford-Eskenazi-Kirchner, como anunci\u00f3 el presidente. En todo caso que la Casta que integra Kicillof pague por los delitos cometidos.<\/p>\n\n\n\n<p>Tenga cuidado se\u00f1or Presidente, usted no tiene el poder que tuvo Cristina Kirchner, usted s\u00ed puede ir preso y tampoco tiene 70 a\u00f1os.&nbsp;<\/p>\n\n\n\n<p>En 20 d\u00edas est\u00e1 dilapidando su poder, quiero colaborar. D\u00e9jese cuidar presidente, no pague, no encubra, no se asocie a la banda.<\/p>\n\n\n\n<p>Si hay Tasa Kicillof hay pacto. No se trata de pagar o no una sentencia sino de investigar con qu\u00e9 ardid se lleg\u00f3 a ese resultado, qui\u00e9nes lo han orquestado, qui\u00e9n va a salir favorecido y qu\u00e9 va a hacer el Estado con los autores, c\u00f3mplices y encubridores de este Monumento a la corrupci\u00f3n que es el juicio de YPF.<\/p>\n\n\n\n<p>\u00bfLa t\u00e1bula rasa, el blanqueo de capitales en cuentas off shore, el no auditar estos \u00faltimos 4 a\u00f1os de Alberto, el no denunciar ni querellar corruptos, cu\u00e1ntas coincidencias que favorecen a la casta corrupta de los k, no?<\/p>\n\n\n\n<p>La investigaci\u00f3n de la corrupci\u00f3n no puede ser moneda de cambio con los kirchneristas.<\/p>\n\n\n\n<p>Los funcionarios est\u00e1n obligados a denunciarla, se vote o no la ley \u00f3mnibus, tal como nosotros hemos hecho.<\/p>\n\n\n\n<p>Present\u00e9 proyectos, ideas y propuestas al Gobierno. Formalic\u00e9 denuncias de las irregularidades observadas, como muchos me ped\u00edan. Ahora impulsamos una campa\u00f1a para recuperar lo robado. Ten\u00e9s que sumarte.<\/p>\n\n\n\n<p><\/p>\n\n\n\n<p><strong><em>(Fragmento)<\/em><\/strong><\/p>\n\n\n\n<p><\/p>\n\n\n\n<p><strong><em>(*) \u00c1lvaro de Lamadrid es diputado del Parlasur y ex diputado nacional de Juntos por el Cambio.<\/em><\/strong><\/p>\n","protected":false},"excerpt":{"rendered":"<p>Escribe: \u00c1lvaro de Lamadrid (*) En la Argentina no solo tenemos el d\u00e9ficit fiscal como causa de la crisis ya que anterior a este subyace el d\u00e9ficit moral, que hizo que la casta corrupta se enriqueciera bajo el amparo de un discurso populista.&nbsp; Si no desterramos de ra\u00edz est\u00e1 corrupci\u00f3n, de poco valdr\u00e1n los ajustes [&hellip;]<\/p>\n","protected":false},"author":4,"featured_media":87593,"comment_status":"open","ping_status":"open","sticky":false,"template":"","format":"standard","meta":{"site-sidebar-layout":"default","site-content-layout":"","ast-site-content-layout":"default","site-content-style":"default","site-sidebar-style":"default","ast-global-header-display":"","ast-banner-title-visibility":"","ast-main-header-display":"","ast-hfb-above-header-display":"","ast-hfb-below-header-display":"","ast-hfb-mobile-header-display":"","site-post-title":"","ast-breadcrumbs-content":"","ast-featured-img":"","footer-sml-layout":"","ast-disable-related-posts":"","theme-transparent-header-meta":"","adv-header-id-meta":"","stick-header-meta":"","header-above-stick-meta":"","header-main-stick-meta":"","header-below-stick-meta":"","astra-migrate-meta-layouts":"set","ast-page-background-enabled":"default","ast-page-background-meta":{"desktop":{"background-color":"","background-image":"","background-repeat":"repeat","background-position":"center center","background-size":"auto","background-attachment":"scroll","background-type":"","background-media":"","overlay-type":"","overlay-color":"","overlay-opacity":"","overlay-gradient":""},"tablet":{"background-color":"","background-image":"","background-repeat":"repeat","background-position":"center center","background-size":"auto","background-attachment":"scroll","background-type":"","background-media":"","overlay-type":"","overlay-color":"","overlay-opacity":"","overlay-gradient":""},"mobile":{"background-color":"","background-image":"","background-repeat":"repeat","background-position":"center center","background-size":"auto","background-attachment":"scroll","background-type":"","background-media":"","overlay-type":"","overlay-color":"","overlay-opacity":"","overlay-gradient":""}},"ast-content-background-meta":{"desktop":{"background-color":"var(--ast-global-color-5)","background-image":"","background-repeat":"repeat","background-position":"center center","background-size":"auto","background-attachment":"scroll","background-type":"","background-media":"","overlay-type":"","overlay-color":"","overlay-opacity":"","overlay-gradient":""},"tablet":{"background-color":"var(--ast-global-color-5)","background-image":"","background-repeat":"repeat","background-position":"center center","background-size":"auto","background-attachment":"scroll","background-type":"","background-media":"","overlay-type":"","overlay-color":"","overlay-opacity":"","overlay-gradient":""},"mobile":{"background-color":"var(--ast-global-color-5)","background-image":"","background-repeat":"repeat","background-position":"center center","background-size":"auto","background-attachment":"scroll","background-type":"","background-media":"","overlay-type":"","overlay-color":"","overlay-opacity":"","overlay-gradient":""}},"_jetpack_memberships_contains_paid_content":false,"_joinchat":[],"footnotes":""},"categories":[365,3557],"tags":[],"class_list":["post-89004","post","type-post","status-publish","format-standard","has-post-thumbnail","hentry","category-opinion","category-tercera"],"yoast_head":"<!-- This site is optimized with the Yoast SEO plugin v26.8 - https:\/\/yoast.com\/product\/yoast-seo-wordpress\/ -->\n<title>[Opini\u00f3n] Si no se destierra la corrupci\u00f3n, de poco valdr\u00e1n los ajustes y sacrificios - El Regional<\/title>\n<meta name=\"robots\" content=\"index, follow, max-snippet:-1, max-image-preview:large, max-video-preview:-1\" \/>\n<link rel=\"canonical\" href=\"https:\/\/elregionalvm.com.ar\/noticias-villa-maria\/opinion-si-no-se-destierra-la-corrupcion-de-poco-valdran-los-ajustes-y-sacrificios\/\" \/>\n<meta property=\"og:locale\" content=\"es_ES\" \/>\n<meta property=\"og:type\" content=\"article\" \/>\n<meta property=\"og:title\" content=\"[Opini\u00f3n] Si no se destierra la corrupci\u00f3n, de poco valdr\u00e1n los ajustes y sacrificios - El Regional\" \/>\n<meta property=\"og:description\" content=\"Escribe: \u00c1lvaro de Lamadrid (*) En la Argentina no solo tenemos el d\u00e9ficit fiscal como causa de la crisis ya que anterior a este subyace el d\u00e9ficit moral, que hizo que la casta corrupta se enriqueciera bajo el amparo de un discurso populista.&nbsp; Si no desterramos de ra\u00edz est\u00e1 corrupci\u00f3n, de poco valdr\u00e1n los ajustes [&hellip;]\" \/>\n<meta property=\"og:url\" content=\"https:\/\/elregionalvm.com.ar\/noticias-villa-maria\/opinion-si-no-se-destierra-la-corrupcion-de-poco-valdran-los-ajustes-y-sacrificios\/\" \/>\n<meta property=\"og:site_name\" content=\"El Regional\" \/>\n<meta property=\"article:publisher\" content=\"https:\/\/www.facebook.com\/elregionalvm\" \/>\n<meta property=\"article:published_time\" content=\"2024-01-25T11:32:54+00:00\" \/>\n<meta property=\"article:modified_time\" content=\"2024-01-27T03:14:43+00:00\" \/>\n<meta property=\"og:image\" content=\"https:\/\/elregionalvm.com.ar\/noticias-villa-maria\/wp-content\/uploads\/2023\/12\/Milei-en-las-sombras-asuncion.jpg\" \/>\n\t<meta property=\"og:image:width\" content=\"1280\" \/>\n\t<meta property=\"og:image:height\" content=\"720\" \/>\n\t<meta property=\"og:image:type\" content=\"image\/jpeg\" \/>\n<meta name=\"author\" content=\"Contenidos El Regional\" \/>\n<meta name=\"twitter:card\" content=\"summary_large_image\" \/>\n<meta name=\"twitter:creator\" content=\"@elregionalvm1\" \/>\n<meta name=\"twitter:site\" content=\"@elregionalvm1\" \/>\n<meta name=\"twitter:label1\" content=\"Escrito por\" \/>\n\t<meta name=\"twitter:data1\" content=\"Contenidos El Regional\" \/>\n\t<meta name=\"twitter:label2\" content=\"Tiempo de lectura\" \/>\n\t<meta name=\"twitter:data2\" content=\"3 minutos\" \/>\n<script type=\"application\/ld+json\" class=\"yoast-schema-graph\">{\"@context\":\"https:\/\/schema.org\",\"@graph\":[{\"@type\":\"Article\",\"@id\":\"https:\/\/elregionalvm.com.ar\/noticias-villa-maria\/opinion-si-no-se-destierra-la-corrupcion-de-poco-valdran-los-ajustes-y-sacrificios\/#article\",\"isPartOf\":{\"@id\":\"https:\/\/elregionalvm.com.ar\/noticias-villa-maria\/opinion-si-no-se-destierra-la-corrupcion-de-poco-valdran-los-ajustes-y-sacrificios\/\"},\"author\":{\"name\":\"Contenidos El Regional\",\"@id\":\"http:\/\/elregionalvm.com.ar\/noticias-villa-maria\/#\/schema\/person\/a0fb9c422317faca23d50163151bc354\"},\"headline\":\"[Opini\u00f3n] Si no se destierra la corrupci\u00f3n, de poco valdr\u00e1n los ajustes y sacrificios\",\"datePublished\":\"2024-01-25T11:32:54+00:00\",\"dateModified\":\"2024-01-27T03:14:43+00:00\",\"mainEntityOfPage\":{\"@id\":\"https:\/\/elregionalvm.com.ar\/noticias-villa-maria\/opinion-si-no-se-destierra-la-corrupcion-de-poco-valdran-los-ajustes-y-sacrificios\/\"},\"wordCount\":681,\"commentCount\":0,\"image\":{\"@id\":\"https:\/\/elregionalvm.com.ar\/noticias-villa-maria\/opinion-si-no-se-destierra-la-corrupcion-de-poco-valdran-los-ajustes-y-sacrificios\/#primaryimage\"},\"thumbnailUrl\":\"https:\/\/i0.wp.com\/elregionalvm.com.ar\/noticias-villa-maria\/wp-content\/uploads\/2023\/12\/Milei-en-las-sombras-asuncion.jpg?fit=1280%2C720&ssl=1\",\"articleSection\":[\"Opini\u00f3n\",\"tercera\"],\"inLanguage\":\"es\",\"potentialAction\":[{\"@type\":\"CommentAction\",\"name\":\"Comment\",\"target\":[\"https:\/\/elregionalvm.com.ar\/noticias-villa-maria\/opinion-si-no-se-destierra-la-corrupcion-de-poco-valdran-los-ajustes-y-sacrificios\/#respond\"]}]},{\"@type\":\"WebPage\",\"@id\":\"https:\/\/elregionalvm.com.ar\/noticias-villa-maria\/opinion-si-no-se-destierra-la-corrupcion-de-poco-valdran-los-ajustes-y-sacrificios\/\",\"url\":\"https:\/\/elregionalvm.com.ar\/noticias-villa-maria\/opinion-si-no-se-destierra-la-corrupcion-de-poco-valdran-los-ajustes-y-sacrificios\/\",\"name\":\"[Opini\u00f3n] Si no se destierra la corrupci\u00f3n, de poco valdr\u00e1n los ajustes y sacrificios - El Regional\",\"isPartOf\":{\"@id\":\"http:\/\/elregionalvm.com.ar\/noticias-villa-maria\/#website\"},\"primaryImageOfPage\":{\"@id\":\"https:\/\/elregionalvm.com.ar\/noticias-villa-maria\/opinion-si-no-se-destierra-la-corrupcion-de-poco-valdran-los-ajustes-y-sacrificios\/#primaryimage\"},\"image\":{\"@id\":\"https:\/\/elregionalvm.com.ar\/noticias-villa-maria\/opinion-si-no-se-destierra-la-corrupcion-de-poco-valdran-los-ajustes-y-sacrificios\/#primaryimage\"},\"thumbnailUrl\":\"https:\/\/i0.wp.com\/elregionalvm.com.ar\/noticias-villa-maria\/wp-content\/uploads\/2023\/12\/Milei-en-las-sombras-asuncion.jpg?fit=1280%2C720&ssl=1\",\"datePublished\":\"2024-01-25T11:32:54+00:00\",\"dateModified\":\"2024-01-27T03:14:43+00:00\",\"author\":{\"@id\":\"http:\/\/elregionalvm.com.ar\/noticias-villa-maria\/#\/schema\/person\/a0fb9c422317faca23d50163151bc354\"},\"breadcrumb\":{\"@id\":\"https:\/\/elregionalvm.com.ar\/noticias-villa-maria\/opinion-si-no-se-destierra-la-corrupcion-de-poco-valdran-los-ajustes-y-sacrificios\/#breadcrumb\"},\"inLanguage\":\"es\",\"potentialAction\":[{\"@type\":\"ReadAction\",\"target\":[\"https:\/\/elregionalvm.com.ar\/noticias-villa-maria\/opinion-si-no-se-destierra-la-corrupcion-de-poco-valdran-los-ajustes-y-sacrificios\/\"]}]},{\"@type\":\"ImageObject\",\"inLanguage\":\"es\",\"@id\":\"https:\/\/elregionalvm.com.ar\/noticias-villa-maria\/opinion-si-no-se-destierra-la-corrupcion-de-poco-valdran-los-ajustes-y-sacrificios\/#primaryimage\",\"url\":\"https:\/\/i0.wp.com\/elregionalvm.com.ar\/noticias-villa-maria\/wp-content\/uploads\/2023\/12\/Milei-en-las-sombras-asuncion.jpg?fit=1280%2C720&ssl=1\",\"contentUrl\":\"https:\/\/i0.wp.com\/elregionalvm.com.ar\/noticias-villa-maria\/wp-content\/uploads\/2023\/12\/Milei-en-las-sombras-asuncion.jpg?fit=1280%2C720&ssl=1\",\"width\":1280,\"height\":720},{\"@type\":\"BreadcrumbList\",\"@id\":\"https:\/\/elregionalvm.com.ar\/noticias-villa-maria\/opinion-si-no-se-destierra-la-corrupcion-de-poco-valdran-los-ajustes-y-sacrificios\/#breadcrumb\",\"itemListElement\":[{\"@type\":\"ListItem\",\"position\":1,\"name\":\"Portada\",\"item\":\"https:\/\/elregionalvm.com.ar\/noticias-villa-maria\/\"},{\"@type\":\"ListItem\",\"position\":2,\"name\":\"[Opini\u00f3n] Si no se destierra la corrupci\u00f3n, de poco valdr\u00e1n los ajustes y sacrificios\"}]},{\"@type\":\"WebSite\",\"@id\":\"http:\/\/elregionalvm.com.ar\/noticias-villa-maria\/#website\",\"url\":\"http:\/\/elregionalvm.com.ar\/noticias-villa-maria\/\",\"name\":\"El Regional\",\"description\":\"Mucho m\u00e1s que informaci\u00f3n\",\"potentialAction\":[{\"@type\":\"SearchAction\",\"target\":{\"@type\":\"EntryPoint\",\"urlTemplate\":\"http:\/\/elregionalvm.com.ar\/noticias-villa-maria\/?s={search_term_string}\"},\"query-input\":{\"@type\":\"PropertyValueSpecification\",\"valueRequired\":true,\"valueName\":\"search_term_string\"}}],\"inLanguage\":\"es\"},{\"@type\":\"Person\",\"@id\":\"http:\/\/elregionalvm.com.ar\/noticias-villa-maria\/#\/schema\/person\/a0fb9c422317faca23d50163151bc354\",\"name\":\"Contenidos El Regional\",\"image\":{\"@type\":\"ImageObject\",\"inLanguage\":\"es\",\"@id\":\"http:\/\/elregionalvm.com.ar\/noticias-villa-maria\/#\/schema\/person\/image\/\",\"url\":\"https:\/\/secure.gravatar.com\/avatar\/265b27cb2209af7bb3a1318f03305787d7981a5cc6e6cd08fe5a4ecdf99d4b48?s=96&d=mm&r=g\",\"contentUrl\":\"https:\/\/secure.gravatar.com\/avatar\/265b27cb2209af7bb3a1318f03305787d7981a5cc6e6cd08fe5a4ecdf99d4b48?s=96&d=mm&r=g\",\"caption\":\"Contenidos El Regional\"},\"url\":\"https:\/\/elregionalvm.com.ar\/noticias-villa-maria\/author\/contenido\/\"}]}<\/script>\n<!-- \/ Yoast SEO plugin. -->","yoast_head_json":{"title":"[Opini\u00f3n] Si no se destierra la corrupci\u00f3n, de poco valdr\u00e1n los ajustes y sacrificios - El Regional","robots":{"index":"index","follow":"follow","max-snippet":"max-snippet:-1","max-image-preview":"max-image-preview:large","max-video-preview":"max-video-preview:-1"},"canonical":"https:\/\/elregionalvm.com.ar\/noticias-villa-maria\/opinion-si-no-se-destierra-la-corrupcion-de-poco-valdran-los-ajustes-y-sacrificios\/","og_locale":"es_ES","og_type":"article","og_title":"[Opini\u00f3n] Si no se destierra la corrupci\u00f3n, de poco valdr\u00e1n los ajustes y sacrificios - El Regional","og_description":"Escribe: \u00c1lvaro de Lamadrid (*) En la Argentina no solo tenemos el d\u00e9ficit fiscal como causa de la crisis ya que anterior a este subyace el d\u00e9ficit moral, que hizo que la casta corrupta se enriqueciera bajo el amparo de un discurso populista.&nbsp; Si no desterramos de ra\u00edz est\u00e1 corrupci\u00f3n, de poco valdr\u00e1n los ajustes [&hellip;]","og_url":"https:\/\/elregionalvm.com.ar\/noticias-villa-maria\/opinion-si-no-se-destierra-la-corrupcion-de-poco-valdran-los-ajustes-y-sacrificios\/","og_site_name":"El Regional","article_publisher":"https:\/\/www.facebook.com\/elregionalvm","article_published_time":"2024-01-25T11:32:54+00:00","article_modified_time":"2024-01-27T03:14:43+00:00","og_image":[{"width":1280,"height":720,"url":"https:\/\/elregionalvm.com.ar\/noticias-villa-maria\/wp-content\/uploads\/2023\/12\/Milei-en-las-sombras-asuncion.jpg","type":"image\/jpeg"}],"author":"Contenidos El Regional","twitter_card":"summary_large_image","twitter_creator":"@elregionalvm1","twitter_site":"@elregionalvm1","twitter_misc":{"Escrito por":"Contenidos El Regional","Tiempo de lectura":"3 minutos"},"schema":{"@context":"https:\/\/schema.org","@graph":[{"@type":"Article","@id":"https:\/\/elregionalvm.com.ar\/noticias-villa-maria\/opinion-si-no-se-destierra-la-corrupcion-de-poco-valdran-los-ajustes-y-sacrificios\/#article","isPartOf":{"@id":"https:\/\/elregionalvm.com.ar\/noticias-villa-maria\/opinion-si-no-se-destierra-la-corrupcion-de-poco-valdran-los-ajustes-y-sacrificios\/"},"author":{"name":"Contenidos El Regional","@id":"http:\/\/elregionalvm.com.ar\/noticias-villa-maria\/#\/schema\/person\/a0fb9c422317faca23d50163151bc354"},"headline":"[Opini\u00f3n] Si no se destierra la corrupci\u00f3n, de poco valdr\u00e1n los ajustes y sacrificios","datePublished":"2024-01-25T11:32:54+00:00","dateModified":"2024-01-27T03:14:43+00:00","mainEntityOfPage":{"@id":"https:\/\/elregionalvm.com.ar\/noticias-villa-maria\/opinion-si-no-se-destierra-la-corrupcion-de-poco-valdran-los-ajustes-y-sacrificios\/"},"wordCount":681,"commentCount":0,"image":{"@id":"https:\/\/elregionalvm.com.ar\/noticias-villa-maria\/opinion-si-no-se-destierra-la-corrupcion-de-poco-valdran-los-ajustes-y-sacrificios\/#primaryimage"},"thumbnailUrl":"https:\/\/i0.wp.com\/elregionalvm.com.ar\/noticias-villa-maria\/wp-content\/uploads\/2023\/12\/Milei-en-las-sombras-asuncion.jpg?fit=1280%2C720&ssl=1","articleSection":["Opini\u00f3n","tercera"],"inLanguage":"es","potentialAction":[{"@type":"CommentAction","name":"Comment","target":["https:\/\/elregionalvm.com.ar\/noticias-villa-maria\/opinion-si-no-se-destierra-la-corrupcion-de-poco-valdran-los-ajustes-y-sacrificios\/#respond"]}]},{"@type":"WebPage","@id":"https:\/\/elregionalvm.com.ar\/noticias-villa-maria\/opinion-si-no-se-destierra-la-corrupcion-de-poco-valdran-los-ajustes-y-sacrificios\/","url":"https:\/\/elregionalvm.com.ar\/noticias-villa-maria\/opinion-si-no-se-destierra-la-corrupcion-de-poco-valdran-los-ajustes-y-sacrificios\/","name":"[Opini\u00f3n] Si no se destierra la corrupci\u00f3n, de poco valdr\u00e1n los ajustes y sacrificios - El Regional","isPartOf":{"@id":"http:\/\/elregionalvm.com.ar\/noticias-villa-maria\/#website"},"primaryImageOfPage":{"@id":"https:\/\/elregionalvm.com.ar\/noticias-villa-maria\/opinion-si-no-se-destierra-la-corrupcion-de-poco-valdran-los-ajustes-y-sacrificios\/#primaryimage"},"image":{"@id":"https:\/\/elregionalvm.com.ar\/noticias-villa-maria\/opinion-si-no-se-destierra-la-corrupcion-de-poco-valdran-los-ajustes-y-sacrificios\/#primaryimage"},"thumbnailUrl":"https:\/\/i0.wp.com\/elregionalvm.com.ar\/noticias-villa-maria\/wp-content\/uploads\/2023\/12\/Milei-en-las-sombras-asuncion.jpg?fit=1280%2C720&ssl=1","datePublished":"2024-01-25T11:32:54+00:00","dateModified":"2024-01-27T03:14:43+00:00","author":{"@id":"http:\/\/elregionalvm.com.ar\/noticias-villa-maria\/#\/schema\/person\/a0fb9c422317faca23d50163151bc354"},"breadcrumb":{"@id":"https:\/\/elregionalvm.com.ar\/noticias-villa-maria\/opinion-si-no-se-destierra-la-corrupcion-de-poco-valdran-los-ajustes-y-sacrificios\/#breadcrumb"},"inLanguage":"es","potentialAction":[{"@type":"ReadAction","target":["https:\/\/elregionalvm.com.ar\/noticias-villa-maria\/opinion-si-no-se-destierra-la-corrupcion-de-poco-valdran-los-ajustes-y-sacrificios\/"]}]},{"@type":"ImageObject","inLanguage":"es","@id":"https:\/\/elregionalvm.com.ar\/noticias-villa-maria\/opinion-si-no-se-destierra-la-corrupcion-de-poco-valdran-los-ajustes-y-sacrificios\/#primaryimage","url":"https:\/\/i0.wp.com\/elregionalvm.com.ar\/noticias-villa-maria\/wp-content\/uploads\/2023\/12\/Milei-en-las-sombras-asuncion.jpg?fit=1280%2C720&ssl=1","contentUrl":"https:\/\/i0.wp.com\/elregionalvm.com.ar\/noticias-villa-maria\/wp-content\/uploads\/2023\/12\/Milei-en-las-sombras-asuncion.jpg?fit=1280%2C720&ssl=1","width":1280,"height":720},{"@type":"BreadcrumbList","@id":"https:\/\/elregionalvm.com.ar\/noticias-villa-maria\/opinion-si-no-se-destierra-la-corrupcion-de-poco-valdran-los-ajustes-y-sacrificios\/#breadcrumb","itemListElement":[{"@type":"ListItem","position":1,"name":"Portada","item":"https:\/\/elregionalvm.com.ar\/noticias-villa-maria\/"},{"@type":"ListItem","position":2,"name":"[Opini\u00f3n] Si no se destierra la corrupci\u00f3n, de poco valdr\u00e1n los ajustes y sacrificios"}]},{"@type":"WebSite","@id":"http:\/\/elregionalvm.com.ar\/noticias-villa-maria\/#website","url":"http:\/\/elregionalvm.com.ar\/noticias-villa-maria\/","name":"El Regional","description":"Mucho m\u00e1s que informaci\u00f3n","potentialAction":[{"@type":"SearchAction","target":{"@type":"EntryPoint","urlTemplate":"http:\/\/elregionalvm.com.ar\/noticias-villa-maria\/?s={search_term_string}"},"query-input":{"@type":"PropertyValueSpecification","valueRequired":true,"valueName":"search_term_string"}}],"inLanguage":"es"},{"@type":"Person","@id":"http:\/\/elregionalvm.com.ar\/noticias-villa-maria\/#\/schema\/person\/a0fb9c422317faca23d50163151bc354","name":"Contenidos El Regional","image":{"@type":"ImageObject","inLanguage":"es","@id":"http:\/\/elregionalvm.com.ar\/noticias-villa-maria\/#\/schema\/person\/image\/","url":"https:\/\/secure.gravatar.com\/avatar\/265b27cb2209af7bb3a1318f03305787d7981a5cc6e6cd08fe5a4ecdf99d4b48?s=96&d=mm&r=g","contentUrl":"https:\/\/secure.gravatar.com\/avatar\/265b27cb2209af7bb3a1318f03305787d7981a5cc6e6cd08fe5a4ecdf99d4b48?s=96&d=mm&r=g","caption":"Contenidos El Regional"},"url":"https:\/\/elregionalvm.com.ar\/noticias-villa-maria\/author\/contenido\/"}]}},"jetpack_featured_media_url":"https:\/\/i0.wp.com\/elregionalvm.com.ar\/noticias-villa-maria\/wp-content\/uploads\/2023\/12\/Milei-en-las-sombras-asuncion.jpg?fit=1280%2C720&ssl=1","jetpack_sharing_enabled":true,"_links":{"self":[{"href":"https:\/\/elregionalvm.com.ar\/noticias-villa-maria\/wp-json\/wp\/v2\/posts\/89004","targetHints":{"allow":["GET"]}}],"collection":[{"href":"https:\/\/elregionalvm.com.ar\/noticias-villa-maria\/wp-json\/wp\/v2\/posts"}],"about":[{"href":"https:\/\/elregionalvm.com.ar\/noticias-villa-maria\/wp-json\/wp\/v2\/types\/post"}],"author":[{"embeddable":true,"href":"https:\/\/elregionalvm.com.ar\/noticias-villa-maria\/wp-json\/wp\/v2\/users\/4"}],"replies":[{"embeddable":true,"href":"https:\/\/elregionalvm.com.ar\/noticias-villa-maria\/wp-json\/wp\/v2\/comments?post=89004"}],"version-history":[{"count":2,"href":"https:\/\/elregionalvm.com.ar\/noticias-villa-maria\/wp-json\/wp\/v2\/posts\/89004\/revisions"}],"predecessor-version":[{"id":89007,"href":"https:\/\/elregionalvm.com.ar\/noticias-villa-maria\/wp-json\/wp\/v2\/posts\/89004\/revisions\/89007"}],"wp:featuredmedia":[{"embeddable":true,"href":"https:\/\/elregionalvm.com.ar\/noticias-villa-maria\/wp-json\/wp\/v2\/media\/87593"}],"wp:attachment":[{"href":"https:\/\/elregionalvm.com.ar\/noticias-villa-maria\/wp-json\/wp\/v2\/media?parent=89004"}],"wp:term":[{"taxonomy":"category","embeddable":true,"href":"https:\/\/elregionalvm.com.ar\/noticias-villa-maria\/wp-json\/wp\/v2\/categories?post=89004"},{"taxonomy":"post_tag","embeddable":true,"href":"https:\/\/elregionalvm.com.ar\/noticias-villa-maria\/wp-json\/wp\/v2\/tags?post=89004"}],"curies":[{"name":"wp","href":"https:\/\/api.w.org\/{rel}","templated":true}]}}