{"id":89008,"date":"2024-01-25T12:26:00","date_gmt":"2024-01-25T12:26:00","guid":{"rendered":"https:\/\/elregionalvm.com.ar\/noticias-villa-maria\/?p=89008"},"modified":"2024-01-27T03:14:33","modified_gmt":"2024-01-27T03:14:33","slug":"musica-e-historia-leyendas-de-cowboys-los-jinetes-del-lejano-oeste","status":"publish","type":"post","link":"https:\/\/elregionalvm.com.ar\/noticias-villa-maria\/musica-e-historia-leyendas-de-cowboys-los-jinetes-del-lejano-oeste\/","title":{"rendered":"[M\u00fasica e Historia] Leyendas de cowboys, los jinetes del Lejano Oeste"},"content":{"rendered":"\n<p><\/p>\n\n\n\n<h3 class=\"wp-block-heading\"><strong><em>\u201cCambia tus caminos hoy o con nosotros vas a montar\u201d<\/em><\/strong><\/h3>\n\n\n\n<p><\/p>\n\n\n\n<p><strong>Escribe: Leo Mu\u00f1oz<\/strong><\/p>\n\n\n\n<p><\/p>\n\n\n\n<p><\/p>\n\n\n\n<p><strong>Jinetes Fantasmas en el Cielo<\/strong><\/p>\n\n\n\n<p>El vinilo \u201cGhost Riders in the Sky: A Cowboy Legend\u201d fue grabado por Stan Jones en 1948 (Jinetes Fantasmas en el Cielo: Una Leyenda de Vaqueros), es un gran cl\u00e1sico de la m\u00fasica country.<\/p>\n\n\n\n<p>La letra de la canci\u00f3n habla de la visi\u00f3n que tiene un vaquero (cowboy) de un reba\u00f1o de vacas en el cielo con ojos rojos, arreadas y perseguidas por jinetes fantasmas, montados en caballos que lanzan fuego.<\/p>\n\n\n\n<p>Uno de los jinetes malditos avisa al vaquero que, si no cambia su modo de vivir, tal como ellos perseguir\u00e1 por siempre el ganado del diablo por el firmamento.<\/p>\n\n\n\n<p>Los jinetes en el cielo recuerdan a los jinetes del libro del Apocalipsis (Cap\u00edtulo 6) as\u00ed como a la llamada \u201ccacer\u00eda salvaje\u201d de la mitolog\u00eda n\u00f3rdica, leyenda en la que generalmente Od\u00edn con fantasmas, demonios y perros infernales aterrorizan a las personas.<\/p>\n\n\n\n<p><\/p>\n\n\n\n<figure class=\"wp-block-embed is-type-video is-provider-youtube wp-block-embed-youtube wp-embed-aspect-16-9 wp-has-aspect-ratio\"><div class=\"wp-block-embed__wrapper\">\n<iframe title=\"(Ghost) Riders In the Sky (American Outlaws: Live at Nassau Coliseum, 1990)\" width=\"500\" height=\"281\" src=\"https:\/\/www.youtube.com\/embed\/nOWjX4BpC24?feature=oembed\" frameborder=\"0\" allow=\"accelerometer; autoplay; clipboard-write; encrypted-media; gyroscope; picture-in-picture; web-share\" referrerpolicy=\"strict-origin-when-cross-origin\" allowfullscreen><\/iframe>\n<\/div><\/figure>\n\n\n\n<p><\/p>\n\n\n\n<p><strong>Versiones, Cine e Historieta<\/strong><\/p>\n\n\n\n<p>En 1948 la canci\u00f3n fue parte de la pel\u00edcula \u201cRiders in the Sky\u201d, la conexi\u00f3n con el comic \u201cGhost Rider\u201d de Marvel Comics es inevitable, as\u00ed como con las dos pel\u00edculas protagonizadas entre otros por Nicolas Cage, \u201cGhost Rider\u201d (\u201cEl vengador fantasma\u201d y \u201cEsp\u00edritu de venganza\u201d).<\/p>\n\n\n\n<p><\/p>\n\n\n\n<figure class=\"wp-block-image size-full is-resized\"><img data-recalc-dims=\"1\" fetchpriority=\"high\" decoding=\"async\" width=\"600\" height=\"467\" src=\"https:\/\/i0.wp.com\/elregionalvm.com.ar\/noticias-villa-maria\/wp-content\/uploads\/2024\/01\/Pelicula.jpg?resize=600%2C467&#038;ssl=1\" alt=\"\" class=\"wp-image-89013\" style=\"width:910px;height:auto\" srcset=\"https:\/\/i0.wp.com\/elregionalvm.com.ar\/noticias-villa-maria\/wp-content\/uploads\/2024\/01\/Pelicula.jpg?w=600&amp;ssl=1 600w, https:\/\/i0.wp.com\/elregionalvm.com.ar\/noticias-villa-maria\/wp-content\/uploads\/2024\/01\/Pelicula.jpg?resize=300%2C234&amp;ssl=1 300w\" sizes=\"(max-width: 600px) 100vw, 600px\" \/><\/figure>\n\n\n\n<p><\/p>\n\n\n\n<p>En la pel\u00edcula musical \u201cBlues Brothers 2000\u201d (1998) tambi\u00e9n es presentada en un show al aire libre en medio de una tormenta, con los protagonistas perseguidos por la polic\u00eda, mientras en el cielo ocurren apariciones.<\/p>\n\n\n\n<p>Una enorme cantidad de versiones de estudio y en vivo existen del tema, los m\u00fasicos del blue y country estadounidenses la incorporaron en sus repertorios, tambi\u00e9n hay versiones en otros idiomas, como en espa\u00f1ol e italiano.<\/p>\n\n\n\n<p><\/p>\n\n\n\n<figure class=\"wp-block-image size-full is-resized\"><img data-recalc-dims=\"1\" decoding=\"async\" width=\"700\" height=\"352\" src=\"https:\/\/i0.wp.com\/elregionalvm.com.ar\/noticias-villa-maria\/wp-content\/uploads\/2024\/01\/Ghost-Rider.jpg?resize=700%2C352&#038;ssl=1\" alt=\"\" class=\"wp-image-89014\" style=\"width:910px;height:auto\" srcset=\"https:\/\/i0.wp.com\/elregionalvm.com.ar\/noticias-villa-maria\/wp-content\/uploads\/2024\/01\/Ghost-Rider.jpg?w=700&amp;ssl=1 700w, https:\/\/i0.wp.com\/elregionalvm.com.ar\/noticias-villa-maria\/wp-content\/uploads\/2024\/01\/Ghost-Rider.jpg?resize=300%2C151&amp;ssl=1 300w\" sizes=\"(max-width: 700px) 100vw, 700px\" \/><\/figure>\n\n\n\n<p><\/p>\n\n\n\n<p><strong>Vaqueros o Cowboys<\/strong><\/p>\n\n\n\n<p>La expansi\u00f3n de Estados Unidos hacia el Oeste, desde su concentrado y limitado espacio inicial en la costa Este, fue un proceso de unos 80 a\u00f1os (1811-1890), conocida esta etapa con el nombre de \u201cLas Guerras Indias\u201d y \u201cExpansi\u00f3n al Oeste\u201d (far west = lejano oeste), los pueblos aut\u00f3ctonos de las llanuras norteamericanas fueron masacrados y empujados los sobrevivientes a unos pocos territorios de reserva.<\/p>\n\n\n\n<p><\/p>\n\n\n\n<figure class=\"wp-block-image size-full is-resized\"><img data-recalc-dims=\"1\" decoding=\"async\" width=\"696\" height=\"465\" src=\"https:\/\/i0.wp.com\/elregionalvm.com.ar\/noticias-villa-maria\/wp-content\/uploads\/2024\/01\/Cowboy.jpg?resize=696%2C465&#038;ssl=1\" alt=\"\" class=\"wp-image-89012\" style=\"width:910px;height:auto\" srcset=\"https:\/\/i0.wp.com\/elregionalvm.com.ar\/noticias-villa-maria\/wp-content\/uploads\/2024\/01\/Cowboy.jpg?w=696&amp;ssl=1 696w, https:\/\/i0.wp.com\/elregionalvm.com.ar\/noticias-villa-maria\/wp-content\/uploads\/2024\/01\/Cowboy.jpg?resize=300%2C200&amp;ssl=1 300w\" sizes=\"(max-width: 696px) 100vw, 696px\" \/><\/figure>\n\n\n\n<p><\/p>\n\n\n\n<p>El jinete explorador, aventurero, conductor y criador de ganado, recibi\u00f3 gen\u00e9ricamente el nombre de \u201ccowboy\u201d, traducido al espa\u00f1ol \u201cvaquero\u201d. Como todo habitante de la llanura convirti\u00f3 al caballo en su compa\u00f1ero de vida, tal como los gauchos argentinos.<\/p>\n\n\n\n<p>Los pueblos originarios adoptaron el caballo y adaptaron consecuentemente su forma de vida, convirti\u00e9ndose en excelentes jinetes, expertos en obtener los mejores servicios de sus montados. Con la llegada del hombre blanco tambi\u00e9n la ganader\u00eda se establec\u00eda inicialmente como principal actividad econ\u00f3mica en las llanuras americanas.<\/p>\n\n\n\n<p><\/p>\n\n\n\n<figure class=\"wp-block-embed is-type-video is-provider-youtube wp-block-embed-youtube wp-embed-aspect-16-9 wp-has-aspect-ratio\"><div class=\"wp-block-embed__wrapper\">\n<iframe title=\"Ghost Riders in the Sky (A Cowboy Legend) | Blues Brothers 2000 | TUNE\" width=\"500\" height=\"281\" src=\"https:\/\/www.youtube.com\/embed\/UQiMLhHjLxk?feature=oembed\" frameborder=\"0\" allow=\"accelerometer; autoplay; clipboard-write; encrypted-media; gyroscope; picture-in-picture; web-share\" referrerpolicy=\"strict-origin-when-cross-origin\" allowfullscreen><\/iframe>\n<\/div><\/figure>\n\n\n\n<p><\/p>\n\n\n\n<p><strong>\u201cGhost Riders in the Sky\u201d (Stan Jones)<\/strong><\/p>\n\n\n\n<p>Un viejo vaquero sali\u00f3 a caballo un d\u00eda oscuro y ventoso<br>Sobre una cresta descans\u00f3 mientras iba por su camino<br>Cuando de repente una poderosa manada de vacas de ojos rojos vio<br>Un arado a trav\u00e9s del cielo irregular<br>\u00a1Y hasta el cielo nublado!<\/p>\n\n\n\n<p>Yippie yi yay<br>Yippie yi ooh<br>\u00a1Los jinetes fantasmas en el cielo!<br>Sus marcas todav\u00eda estaban en llamas<br>Y sus pezu\u00f1as estaban hechas de acero<br>Sus cuernos eran negros y brillantes y su aliento caliente pod\u00eda sentir<br>Un rayo de miedo atraves\u00f3 por \u00e9l mientras tronaban por el cielo<br>Porque vio a los jinetes venir duro<br>\u00a1Y oy\u00f3 su llanto triste!<\/p>\n\n\n\n<p>Yippie yi yay<br>Yippie yi ooh<br>\u00a1Los jinetes fantasmas en el cielo!<br>Sus rostros mordidos, sus ojos<br>Fueron borrosas, y camisas empapadas de sudor<br>Est\u00e1 montando duro para atrapar a esa manada, pero a\u00fan no los ha atrapado<br>Porque tienen que cabalgar para siempre en ese rango en el cielo<br>En los caballos esnifar fuego<br>\u00a1A medida que cabalgan, oyen su grito!<\/p>\n\n\n\n<p>Yippie yi yay<br>Yippie yi ooh<br>\u00a1Los jinetes fantasmas en el cielo!<br>Mientras los jinetes se acercaban por \u00e9l, oy\u00f3 a uno decir su nombre<br>Si quieres salvar tu alma del infierno en nuestro campo de tiro<br>Entonces vaquero cambia tus caminos hoy o con nosotros vas a montar<br>Tratando de atrapar a la manada del diablo<br>\u00a1A trav\u00e9s de estos cielos interminables!<\/p>\n\n\n\n<p>Yippie yi yay<br>Yippie yi ooh<br>\u00a1Los jinetes fantasmas en el cielo!<br>\u00a1Los jinetes fantasmas en el cielo!<\/p>\n\n\n\n<p><\/p>\n\n\n\n<p><\/p>\n\n\n\n<h3 class=\"wp-block-heading\"><strong>Tambi\u00e9n pod\u00e9s ver: <\/strong><\/h3>\n\n\n\n<p><\/p>\n\n\n\n<figure class=\"wp-block-embed is-type-wp-embed is-provider-el-regional wp-block-embed-el-regional\"><div class=\"wp-block-embed__wrapper\">\n<blockquote class=\"wp-embedded-content\" data-secret=\"NjGhs2zsZH\"><a href=\"https:\/\/elregionalvm.com.ar\/noticias-villa-maria\/musica-e-historia-la-marcha-del-ejercito-imperial-japones-y-el-fin-de-los-samurais\/\">[M\u00fasica e Historia] La marcha del ej\u00e9rcito imperial japon\u00e9s y el fin de los samur\u00e1is<\/a><\/blockquote><iframe class=\"wp-embedded-content\" sandbox=\"allow-scripts\" security=\"restricted\" style=\"position: absolute; clip: rect(1px, 1px, 1px, 1px);\" title=\"\u00ab[M\u00fasica e Historia] La marcha del ej\u00e9rcito imperial japon\u00e9s y el fin de los samur\u00e1is\u00bb \u2014 El Regional\" src=\"https:\/\/elregionalvm.com.ar\/noticias-villa-maria\/musica-e-historia-la-marcha-del-ejercito-imperial-japones-y-el-fin-de-los-samurais\/embed\/#?secret=DaOEUr6l92#?secret=NjGhs2zsZH\" data-secret=\"NjGhs2zsZH\" width=\"500\" height=\"282\" frameborder=\"0\" marginwidth=\"0\" marginheight=\"0\" scrolling=\"no\"><\/iframe>\n<\/div><\/figure>\n\n\n\n<p><\/p>\n","protected":false},"excerpt":{"rendered":"<p>\u201cCambia tus caminos hoy o con nosotros vas a montar\u201d Escribe: Leo Mu\u00f1oz Jinetes Fantasmas en el Cielo El vinilo \u201cGhost Riders in the Sky: A Cowboy Legend\u201d fue grabado por Stan Jones en 1948 (Jinetes Fantasmas en el Cielo: Una Leyenda de Vaqueros), es un gran cl\u00e1sico de la m\u00fasica country. La letra de [&hellip;]<\/p>\n","protected":false},"author":4,"featured_media":89017,"comment_status":"open","ping_status":"open","sticky":false,"template":"","format":"standard","meta":{"site-sidebar-layout":"default","site-content-layout":"","ast-site-content-layout":"default","site-content-style":"default","site-sidebar-style":"default","ast-global-header-display":"","ast-banner-title-visibility":"","ast-main-header-display":"","ast-hfb-above-header-display":"","ast-hfb-below-header-display":"","ast-hfb-mobile-header-display":"","site-post-title":"","ast-breadcrumbs-content":"","ast-featured-img":"","footer-sml-layout":"","ast-disable-related-posts":"","theme-transparent-header-meta":"","adv-header-id-meta":"","stick-header-meta":"","header-above-stick-meta":"","header-main-stick-meta":"","header-below-stick-meta":"","astra-migrate-meta-layouts":"set","ast-page-background-enabled":"default","ast-page-background-meta":{"desktop":{"background-color":"","background-image":"","background-repeat":"repeat","background-position":"center center","background-size":"auto","background-attachment":"scroll","background-type":"","background-media":"","overlay-type":"","overlay-color":"","overlay-opacity":"","overlay-gradient":""},"tablet":{"background-color":"","background-image":"","background-repeat":"repeat","background-position":"center center","background-size":"auto","background-attachment":"scroll","background-type":"","background-media":"","overlay-type":"","overlay-color":"","overlay-opacity":"","overlay-gradient":""},"mobile":{"background-color":"","background-image":"","background-repeat":"repeat","background-position":"center center","background-size":"auto","background-attachment":"scroll","background-type":"","background-media":"","overlay-type":"","overlay-color":"","overlay-opacity":"","overlay-gradient":""}},"ast-content-background-meta":{"desktop":{"background-color":"var(--ast-global-color-5)","background-image":"","background-repeat":"repeat","background-position":"center center","background-size":"auto","background-attachment":"scroll","background-type":"","background-media":"","overlay-type":"","overlay-color":"","overlay-opacity":"","overlay-gradient":""},"tablet":{"background-color":"var(--ast-global-color-5)","background-image":"","background-repeat":"repeat","background-position":"center center","background-size":"auto","background-attachment":"scroll","background-type":"","background-media":"","overlay-type":"","overlay-color":"","overlay-opacity":"","overlay-gradient":""},"mobile":{"background-color":"var(--ast-global-color-5)","background-image":"","background-repeat":"repeat","background-position":"center center","background-size":"auto","background-attachment":"scroll","background-type":"","background-media":"","overlay-type":"","overlay-color":"","overlay-opacity":"","overlay-gradient":""}},"_jetpack_memberships_contains_paid_content":false,"_joinchat":[],"footnotes":""},"categories":[2098,3557,2074],"tags":[16504,23426,23427,1403,1663,2244,23428],"class_list":["post-89008","post","type-post","status-publish","format-standard","has-post-thumbnail","hentry","category-historias","category-tercera","category-videos","tag-country","tag-cowboys","tag-lejano-oeste","tag-leyendas","tag-musica","tag-musica-e-historia","tag-vaqueros"],"yoast_head":"<!-- This site is optimized with the Yoast SEO plugin v26.8 - https:\/\/yoast.com\/product\/yoast-seo-wordpress\/ -->\n<title>[M\u00fasica e Historia] Leyendas de cowboys, los jinetes del Lejano Oeste - El Regional<\/title>\n<meta name=\"robots\" content=\"index, follow, max-snippet:-1, max-image-preview:large, max-video-preview:-1\" \/>\n<link rel=\"canonical\" href=\"https:\/\/elregionalvm.com.ar\/noticias-villa-maria\/musica-e-historia-leyendas-de-cowboys-los-jinetes-del-lejano-oeste\/\" \/>\n<meta property=\"og:locale\" content=\"es_ES\" \/>\n<meta property=\"og:type\" content=\"article\" \/>\n<meta property=\"og:title\" content=\"[M\u00fasica e Historia] Leyendas de cowboys, los jinetes del Lejano Oeste - El Regional\" \/>\n<meta property=\"og:description\" content=\"\u201cCambia tus caminos hoy o con nosotros vas a montar\u201d Escribe: Leo Mu\u00f1oz Jinetes Fantasmas en el Cielo El vinilo \u201cGhost Riders in the Sky: A Cowboy Legend\u201d fue grabado por Stan Jones en 1948 (Jinetes Fantasmas en el Cielo: Una Leyenda de Vaqueros), es un gran cl\u00e1sico de la m\u00fasica country. La letra de [&hellip;]\" \/>\n<meta property=\"og:url\" content=\"https:\/\/elregionalvm.com.ar\/noticias-villa-maria\/musica-e-historia-leyendas-de-cowboys-los-jinetes-del-lejano-oeste\/\" \/>\n<meta property=\"og:site_name\" content=\"El Regional\" \/>\n<meta property=\"article:publisher\" content=\"https:\/\/www.facebook.com\/elregionalvm\" \/>\n<meta property=\"article:published_time\" content=\"2024-01-25T12:26:00+00:00\" \/>\n<meta property=\"article:modified_time\" content=\"2024-01-27T03:14:33+00:00\" \/>\n<meta property=\"og:image\" content=\"https:\/\/elregionalvm.com.ar\/noticias-villa-maria\/wp-content\/uploads\/2024\/01\/cowboys.jpg\" \/>\n\t<meta property=\"og:image:width\" content=\"1200\" \/>\n\t<meta property=\"og:image:height\" content=\"798\" \/>\n\t<meta property=\"og:image:type\" content=\"image\/jpeg\" \/>\n<meta name=\"author\" content=\"Contenidos El Regional\" \/>\n<meta name=\"twitter:card\" content=\"summary_large_image\" \/>\n<meta name=\"twitter:creator\" content=\"@elregionalvm1\" \/>\n<meta name=\"twitter:site\" content=\"@elregionalvm1\" \/>\n<meta name=\"twitter:label1\" content=\"Escrito por\" \/>\n\t<meta name=\"twitter:data1\" content=\"Contenidos El Regional\" \/>\n\t<meta name=\"twitter:label2\" content=\"Tiempo de lectura\" \/>\n\t<meta name=\"twitter:data2\" content=\"4 minutos\" \/>\n<script type=\"application\/ld+json\" class=\"yoast-schema-graph\">{\"@context\":\"https:\/\/schema.org\",\"@graph\":[{\"@type\":\"Article\",\"@id\":\"https:\/\/elregionalvm.com.ar\/noticias-villa-maria\/musica-e-historia-leyendas-de-cowboys-los-jinetes-del-lejano-oeste\/#article\",\"isPartOf\":{\"@id\":\"https:\/\/elregionalvm.com.ar\/noticias-villa-maria\/musica-e-historia-leyendas-de-cowboys-los-jinetes-del-lejano-oeste\/\"},\"author\":{\"name\":\"Contenidos El Regional\",\"@id\":\"http:\/\/elregionalvm.com.ar\/noticias-villa-maria\/#\/schema\/person\/a0fb9c422317faca23d50163151bc354\"},\"headline\":\"[M\u00fasica e Historia] Leyendas de cowboys, los jinetes del Lejano Oeste\",\"datePublished\":\"2024-01-25T12:26:00+00:00\",\"dateModified\":\"2024-01-27T03:14:33+00:00\",\"mainEntityOfPage\":{\"@id\":\"https:\/\/elregionalvm.com.ar\/noticias-villa-maria\/musica-e-historia-leyendas-de-cowboys-los-jinetes-del-lejano-oeste\/\"},\"wordCount\":742,\"commentCount\":0,\"image\":{\"@id\":\"https:\/\/elregionalvm.com.ar\/noticias-villa-maria\/musica-e-historia-leyendas-de-cowboys-los-jinetes-del-lejano-oeste\/#primaryimage\"},\"thumbnailUrl\":\"https:\/\/i0.wp.com\/elregionalvm.com.ar\/noticias-villa-maria\/wp-content\/uploads\/2024\/01\/cowboys.jpg?fit=1200%2C798&ssl=1\",\"keywords\":[\"country\",\"cowboys\",\"lejano oeste\",\"Leyendas\",\"M\u00fasica\",\"M\u00fasica e Historia\",\"vaqueros\"],\"articleSection\":[\"Historias\",\"tercera\",\"Videos\"],\"inLanguage\":\"es\",\"potentialAction\":[{\"@type\":\"CommentAction\",\"name\":\"Comment\",\"target\":[\"https:\/\/elregionalvm.com.ar\/noticias-villa-maria\/musica-e-historia-leyendas-de-cowboys-los-jinetes-del-lejano-oeste\/#respond\"]}]},{\"@type\":\"WebPage\",\"@id\":\"https:\/\/elregionalvm.com.ar\/noticias-villa-maria\/musica-e-historia-leyendas-de-cowboys-los-jinetes-del-lejano-oeste\/\",\"url\":\"https:\/\/elregionalvm.com.ar\/noticias-villa-maria\/musica-e-historia-leyendas-de-cowboys-los-jinetes-del-lejano-oeste\/\",\"name\":\"[M\u00fasica e Historia] Leyendas de cowboys, los jinetes del Lejano Oeste - El Regional\",\"isPartOf\":{\"@id\":\"http:\/\/elregionalvm.com.ar\/noticias-villa-maria\/#website\"},\"primaryImageOfPage\":{\"@id\":\"https:\/\/elregionalvm.com.ar\/noticias-villa-maria\/musica-e-historia-leyendas-de-cowboys-los-jinetes-del-lejano-oeste\/#primaryimage\"},\"image\":{\"@id\":\"https:\/\/elregionalvm.com.ar\/noticias-villa-maria\/musica-e-historia-leyendas-de-cowboys-los-jinetes-del-lejano-oeste\/#primaryimage\"},\"thumbnailUrl\":\"https:\/\/i0.wp.com\/elregionalvm.com.ar\/noticias-villa-maria\/wp-content\/uploads\/2024\/01\/cowboys.jpg?fit=1200%2C798&ssl=1\",\"datePublished\":\"2024-01-25T12:26:00+00:00\",\"dateModified\":\"2024-01-27T03:14:33+00:00\",\"author\":{\"@id\":\"http:\/\/elregionalvm.com.ar\/noticias-villa-maria\/#\/schema\/person\/a0fb9c422317faca23d50163151bc354\"},\"breadcrumb\":{\"@id\":\"https:\/\/elregionalvm.com.ar\/noticias-villa-maria\/musica-e-historia-leyendas-de-cowboys-los-jinetes-del-lejano-oeste\/#breadcrumb\"},\"inLanguage\":\"es\",\"potentialAction\":[{\"@type\":\"ReadAction\",\"target\":[\"https:\/\/elregionalvm.com.ar\/noticias-villa-maria\/musica-e-historia-leyendas-de-cowboys-los-jinetes-del-lejano-oeste\/\"]}]},{\"@type\":\"ImageObject\",\"inLanguage\":\"es\",\"@id\":\"https:\/\/elregionalvm.com.ar\/noticias-villa-maria\/musica-e-historia-leyendas-de-cowboys-los-jinetes-del-lejano-oeste\/#primaryimage\",\"url\":\"https:\/\/i0.wp.com\/elregionalvm.com.ar\/noticias-villa-maria\/wp-content\/uploads\/2024\/01\/cowboys.jpg?fit=1200%2C798&ssl=1\",\"contentUrl\":\"https:\/\/i0.wp.com\/elregionalvm.com.ar\/noticias-villa-maria\/wp-content\/uploads\/2024\/01\/cowboys.jpg?fit=1200%2C798&ssl=1\",\"width\":1200,\"height\":798},{\"@type\":\"BreadcrumbList\",\"@id\":\"https:\/\/elregionalvm.com.ar\/noticias-villa-maria\/musica-e-historia-leyendas-de-cowboys-los-jinetes-del-lejano-oeste\/#breadcrumb\",\"itemListElement\":[{\"@type\":\"ListItem\",\"position\":1,\"name\":\"Portada\",\"item\":\"https:\/\/elregionalvm.com.ar\/noticias-villa-maria\/\"},{\"@type\":\"ListItem\",\"position\":2,\"name\":\"[M\u00fasica e Historia] Leyendas de cowboys, los jinetes del Lejano Oeste\"}]},{\"@type\":\"WebSite\",\"@id\":\"http:\/\/elregionalvm.com.ar\/noticias-villa-maria\/#website\",\"url\":\"http:\/\/elregionalvm.com.ar\/noticias-villa-maria\/\",\"name\":\"El Regional\",\"description\":\"Mucho m\u00e1s que informaci\u00f3n\",\"potentialAction\":[{\"@type\":\"SearchAction\",\"target\":{\"@type\":\"EntryPoint\",\"urlTemplate\":\"http:\/\/elregionalvm.com.ar\/noticias-villa-maria\/?s={search_term_string}\"},\"query-input\":{\"@type\":\"PropertyValueSpecification\",\"valueRequired\":true,\"valueName\":\"search_term_string\"}}],\"inLanguage\":\"es\"},{\"@type\":\"Person\",\"@id\":\"http:\/\/elregionalvm.com.ar\/noticias-villa-maria\/#\/schema\/person\/a0fb9c422317faca23d50163151bc354\",\"name\":\"Contenidos El Regional\",\"image\":{\"@type\":\"ImageObject\",\"inLanguage\":\"es\",\"@id\":\"http:\/\/elregionalvm.com.ar\/noticias-villa-maria\/#\/schema\/person\/image\/\",\"url\":\"https:\/\/secure.gravatar.com\/avatar\/265b27cb2209af7bb3a1318f03305787d7981a5cc6e6cd08fe5a4ecdf99d4b48?s=96&d=mm&r=g\",\"contentUrl\":\"https:\/\/secure.gravatar.com\/avatar\/265b27cb2209af7bb3a1318f03305787d7981a5cc6e6cd08fe5a4ecdf99d4b48?s=96&d=mm&r=g\",\"caption\":\"Contenidos El Regional\"},\"url\":\"https:\/\/elregionalvm.com.ar\/noticias-villa-maria\/author\/contenido\/\"}]}<\/script>\n<!-- \/ Yoast SEO plugin. -->","yoast_head_json":{"title":"[M\u00fasica e Historia] Leyendas de cowboys, los jinetes del Lejano Oeste - El Regional","robots":{"index":"index","follow":"follow","max-snippet":"max-snippet:-1","max-image-preview":"max-image-preview:large","max-video-preview":"max-video-preview:-1"},"canonical":"https:\/\/elregionalvm.com.ar\/noticias-villa-maria\/musica-e-historia-leyendas-de-cowboys-los-jinetes-del-lejano-oeste\/","og_locale":"es_ES","og_type":"article","og_title":"[M\u00fasica e Historia] Leyendas de cowboys, los jinetes del Lejano Oeste - El Regional","og_description":"\u201cCambia tus caminos hoy o con nosotros vas a montar\u201d Escribe: Leo Mu\u00f1oz Jinetes Fantasmas en el Cielo El vinilo \u201cGhost Riders in the Sky: A Cowboy Legend\u201d fue grabado por Stan Jones en 1948 (Jinetes Fantasmas en el Cielo: Una Leyenda de Vaqueros), es un gran cl\u00e1sico de la m\u00fasica country. La letra de [&hellip;]","og_url":"https:\/\/elregionalvm.com.ar\/noticias-villa-maria\/musica-e-historia-leyendas-de-cowboys-los-jinetes-del-lejano-oeste\/","og_site_name":"El Regional","article_publisher":"https:\/\/www.facebook.com\/elregionalvm","article_published_time":"2024-01-25T12:26:00+00:00","article_modified_time":"2024-01-27T03:14:33+00:00","og_image":[{"width":1200,"height":798,"url":"https:\/\/elregionalvm.com.ar\/noticias-villa-maria\/wp-content\/uploads\/2024\/01\/cowboys.jpg","type":"image\/jpeg"}],"author":"Contenidos El Regional","twitter_card":"summary_large_image","twitter_creator":"@elregionalvm1","twitter_site":"@elregionalvm1","twitter_misc":{"Escrito por":"Contenidos El Regional","Tiempo de lectura":"4 minutos"},"schema":{"@context":"https:\/\/schema.org","@graph":[{"@type":"Article","@id":"https:\/\/elregionalvm.com.ar\/noticias-villa-maria\/musica-e-historia-leyendas-de-cowboys-los-jinetes-del-lejano-oeste\/#article","isPartOf":{"@id":"https:\/\/elregionalvm.com.ar\/noticias-villa-maria\/musica-e-historia-leyendas-de-cowboys-los-jinetes-del-lejano-oeste\/"},"author":{"name":"Contenidos El Regional","@id":"http:\/\/elregionalvm.com.ar\/noticias-villa-maria\/#\/schema\/person\/a0fb9c422317faca23d50163151bc354"},"headline":"[M\u00fasica e Historia] Leyendas de cowboys, los jinetes del Lejano Oeste","datePublished":"2024-01-25T12:26:00+00:00","dateModified":"2024-01-27T03:14:33+00:00","mainEntityOfPage":{"@id":"https:\/\/elregionalvm.com.ar\/noticias-villa-maria\/musica-e-historia-leyendas-de-cowboys-los-jinetes-del-lejano-oeste\/"},"wordCount":742,"commentCount":0,"image":{"@id":"https:\/\/elregionalvm.com.ar\/noticias-villa-maria\/musica-e-historia-leyendas-de-cowboys-los-jinetes-del-lejano-oeste\/#primaryimage"},"thumbnailUrl":"https:\/\/i0.wp.com\/elregionalvm.com.ar\/noticias-villa-maria\/wp-content\/uploads\/2024\/01\/cowboys.jpg?fit=1200%2C798&ssl=1","keywords":["country","cowboys","lejano oeste","Leyendas","M\u00fasica","M\u00fasica e Historia","vaqueros"],"articleSection":["Historias","tercera","Videos"],"inLanguage":"es","potentialAction":[{"@type":"CommentAction","name":"Comment","target":["https:\/\/elregionalvm.com.ar\/noticias-villa-maria\/musica-e-historia-leyendas-de-cowboys-los-jinetes-del-lejano-oeste\/#respond"]}]},{"@type":"WebPage","@id":"https:\/\/elregionalvm.com.ar\/noticias-villa-maria\/musica-e-historia-leyendas-de-cowboys-los-jinetes-del-lejano-oeste\/","url":"https:\/\/elregionalvm.com.ar\/noticias-villa-maria\/musica-e-historia-leyendas-de-cowboys-los-jinetes-del-lejano-oeste\/","name":"[M\u00fasica e Historia] Leyendas de cowboys, los jinetes del Lejano Oeste - El Regional","isPartOf":{"@id":"http:\/\/elregionalvm.com.ar\/noticias-villa-maria\/#website"},"primaryImageOfPage":{"@id":"https:\/\/elregionalvm.com.ar\/noticias-villa-maria\/musica-e-historia-leyendas-de-cowboys-los-jinetes-del-lejano-oeste\/#primaryimage"},"image":{"@id":"https:\/\/elregionalvm.com.ar\/noticias-villa-maria\/musica-e-historia-leyendas-de-cowboys-los-jinetes-del-lejano-oeste\/#primaryimage"},"thumbnailUrl":"https:\/\/i0.wp.com\/elregionalvm.com.ar\/noticias-villa-maria\/wp-content\/uploads\/2024\/01\/cowboys.jpg?fit=1200%2C798&ssl=1","datePublished":"2024-01-25T12:26:00+00:00","dateModified":"2024-01-27T03:14:33+00:00","author":{"@id":"http:\/\/elregionalvm.com.ar\/noticias-villa-maria\/#\/schema\/person\/a0fb9c422317faca23d50163151bc354"},"breadcrumb":{"@id":"https:\/\/elregionalvm.com.ar\/noticias-villa-maria\/musica-e-historia-leyendas-de-cowboys-los-jinetes-del-lejano-oeste\/#breadcrumb"},"inLanguage":"es","potentialAction":[{"@type":"ReadAction","target":["https:\/\/elregionalvm.com.ar\/noticias-villa-maria\/musica-e-historia-leyendas-de-cowboys-los-jinetes-del-lejano-oeste\/"]}]},{"@type":"ImageObject","inLanguage":"es","@id":"https:\/\/elregionalvm.com.ar\/noticias-villa-maria\/musica-e-historia-leyendas-de-cowboys-los-jinetes-del-lejano-oeste\/#primaryimage","url":"https:\/\/i0.wp.com\/elregionalvm.com.ar\/noticias-villa-maria\/wp-content\/uploads\/2024\/01\/cowboys.jpg?fit=1200%2C798&ssl=1","contentUrl":"https:\/\/i0.wp.com\/elregionalvm.com.ar\/noticias-villa-maria\/wp-content\/uploads\/2024\/01\/cowboys.jpg?fit=1200%2C798&ssl=1","width":1200,"height":798},{"@type":"BreadcrumbList","@id":"https:\/\/elregionalvm.com.ar\/noticias-villa-maria\/musica-e-historia-leyendas-de-cowboys-los-jinetes-del-lejano-oeste\/#breadcrumb","itemListElement":[{"@type":"ListItem","position":1,"name":"Portada","item":"https:\/\/elregionalvm.com.ar\/noticias-villa-maria\/"},{"@type":"ListItem","position":2,"name":"[M\u00fasica e Historia] Leyendas de cowboys, los jinetes del Lejano Oeste"}]},{"@type":"WebSite","@id":"http:\/\/elregionalvm.com.ar\/noticias-villa-maria\/#website","url":"http:\/\/elregionalvm.com.ar\/noticias-villa-maria\/","name":"El Regional","description":"Mucho m\u00e1s que informaci\u00f3n","potentialAction":[{"@type":"SearchAction","target":{"@type":"EntryPoint","urlTemplate":"http:\/\/elregionalvm.com.ar\/noticias-villa-maria\/?s={search_term_string}"},"query-input":{"@type":"PropertyValueSpecification","valueRequired":true,"valueName":"search_term_string"}}],"inLanguage":"es"},{"@type":"Person","@id":"http:\/\/elregionalvm.com.ar\/noticias-villa-maria\/#\/schema\/person\/a0fb9c422317faca23d50163151bc354","name":"Contenidos El Regional","image":{"@type":"ImageObject","inLanguage":"es","@id":"http:\/\/elregionalvm.com.ar\/noticias-villa-maria\/#\/schema\/person\/image\/","url":"https:\/\/secure.gravatar.com\/avatar\/265b27cb2209af7bb3a1318f03305787d7981a5cc6e6cd08fe5a4ecdf99d4b48?s=96&d=mm&r=g","contentUrl":"https:\/\/secure.gravatar.com\/avatar\/265b27cb2209af7bb3a1318f03305787d7981a5cc6e6cd08fe5a4ecdf99d4b48?s=96&d=mm&r=g","caption":"Contenidos El Regional"},"url":"https:\/\/elregionalvm.com.ar\/noticias-villa-maria\/author\/contenido\/"}]}},"jetpack_featured_media_url":"https:\/\/i0.wp.com\/elregionalvm.com.ar\/noticias-villa-maria\/wp-content\/uploads\/2024\/01\/cowboys.jpg?fit=1200%2C798&ssl=1","jetpack_sharing_enabled":true,"_links":{"self":[{"href":"https:\/\/elregionalvm.com.ar\/noticias-villa-maria\/wp-json\/wp\/v2\/posts\/89008","targetHints":{"allow":["GET"]}}],"collection":[{"href":"https:\/\/elregionalvm.com.ar\/noticias-villa-maria\/wp-json\/wp\/v2\/posts"}],"about":[{"href":"https:\/\/elregionalvm.com.ar\/noticias-villa-maria\/wp-json\/wp\/v2\/types\/post"}],"author":[{"embeddable":true,"href":"https:\/\/elregionalvm.com.ar\/noticias-villa-maria\/wp-json\/wp\/v2\/users\/4"}],"replies":[{"embeddable":true,"href":"https:\/\/elregionalvm.com.ar\/noticias-villa-maria\/wp-json\/wp\/v2\/comments?post=89008"}],"version-history":[{"count":3,"href":"https:\/\/elregionalvm.com.ar\/noticias-villa-maria\/wp-json\/wp\/v2\/posts\/89008\/revisions"}],"predecessor-version":[{"id":89016,"href":"https:\/\/elregionalvm.com.ar\/noticias-villa-maria\/wp-json\/wp\/v2\/posts\/89008\/revisions\/89016"}],"wp:featuredmedia":[{"embeddable":true,"href":"https:\/\/elregionalvm.com.ar\/noticias-villa-maria\/wp-json\/wp\/v2\/media\/89017"}],"wp:attachment":[{"href":"https:\/\/elregionalvm.com.ar\/noticias-villa-maria\/wp-json\/wp\/v2\/media?parent=89008"}],"wp:term":[{"taxonomy":"category","embeddable":true,"href":"https:\/\/elregionalvm.com.ar\/noticias-villa-maria\/wp-json\/wp\/v2\/categories?post=89008"},{"taxonomy":"post_tag","embeddable":true,"href":"https:\/\/elregionalvm.com.ar\/noticias-villa-maria\/wp-json\/wp\/v2\/tags?post=89008"}],"curies":[{"name":"wp","href":"https:\/\/api.w.org\/{rel}","templated":true}]}}