{"id":89018,"date":"2024-01-25T13:16:31","date_gmt":"2024-01-25T13:16:31","guid":{"rendered":"https:\/\/elregionalvm.com.ar\/noticias-villa-maria\/?p=89018"},"modified":"2024-02-01T02:20:00","modified_gmt":"2024-02-01T02:20:00","slug":"de-indignos-e-indignados-no-alcanza-solo-con-enojarse-en-las-pantallitas-de-la-realidad-virtual","status":"publish","type":"post","link":"https:\/\/elregionalvm.com.ar\/noticias-villa-maria\/de-indignos-e-indignados-no-alcanza-solo-con-enojarse-en-las-pantallitas-de-la-realidad-virtual\/","title":{"rendered":"De indignos e indignados: No alcanza solo con enojarse en las pantallitas de la realidad virtual"},"content":{"rendered":"\n<p><\/p>\n\n\n\n<h3 class=\"wp-block-heading\"><strong>Indignados. As\u00ed vivimos. Todo el tiempo nos indignamos por algo. Con la misma celeridad que cambiamos de ropa o de tema en una conversaci\u00f3n sin rumbo. Pero, a veces, deber\u00edamos indignarnos m\u00e1s. O hacerlo por cuestiones que van m\u00e1s all\u00e1 de la foto que hoy lleva el p\u00f3ster central. Y hacer algo, ante eso que nos indigna. <\/strong><\/h3>\n\n\n\n<p><\/p>\n\n\n\n<p><\/p>\n\n\n\n<p><strong>Escribe: Germ\u00e1n Giacchero<\/strong><\/p>\n\n\n\n<p><\/p>\n\n\n\n<p>Nos indignamos mucho, pero mucho.<\/p>\n\n\n\n<p>Con las terribles im\u00e1genes de ni\u00f1os y ni\u00f1as, pibes y chicas, mujeres y hombres que padecen tragedias, dolores, muertes y devastaci\u00f3n a lo largo y ancho del planeta.<\/p>\n\n\n\n<p>Sobran los ejemplos.<\/p>\n\n\n\n<p>Nos indignamos en las redes sociales, sobre todo. Y protestamos, denunciamos, gritamos, nos horrorizamos, pero en las pantallas de los celulares. <\/p>\n\n\n\n<p>Se\u00f1alamos con el dedo, acusamos, nos convertimos en odiadores seriales y nos creemos due\u00f1os de la verdad. Y de la mentira. <\/p>\n\n\n\n<p>Vivimos indignados. Y est\u00e1 bien. Porque es la chispa para involucrarse, el agua en ebullici\u00f3n para la reacci\u00f3n, el principio del intento para cambiar y transformar.<\/p>\n\n\n\n<p>Pero, no est\u00e1 bien hacerlo solo por una parte del drama. La guerra, la miseria, la muerte, la pobreza, el dolor, la injusticia no dan bolilla a las fronteras, los idiomas o los caprichos de la geograf\u00eda.<\/p>\n\n\n\n<p><\/p>\n\n\n\n<figure class=\"wp-block-image size-large\"><img data-recalc-dims=\"1\" fetchpriority=\"high\" decoding=\"async\" width=\"1024\" height=\"576\" src=\"https:\/\/i0.wp.com\/elregionalvm.com.ar\/noticias-villa-maria\/wp-content\/uploads\/2022\/06\/Hombre-enojado-celular.jpg?resize=1024%2C576&#038;ssl=1\" alt=\"\" class=\"wp-image-58202\" srcset=\"https:\/\/i0.wp.com\/elregionalvm.com.ar\/noticias-villa-maria\/wp-content\/uploads\/2022\/06\/Hombre-enojado-celular.jpg?resize=1024%2C576&amp;ssl=1 1024w, https:\/\/i0.wp.com\/elregionalvm.com.ar\/noticias-villa-maria\/wp-content\/uploads\/2022\/06\/Hombre-enojado-celular.jpg?resize=300%2C169&amp;ssl=1 300w, https:\/\/i0.wp.com\/elregionalvm.com.ar\/noticias-villa-maria\/wp-content\/uploads\/2022\/06\/Hombre-enojado-celular.jpg?resize=768%2C432&amp;ssl=1 768w, https:\/\/i0.wp.com\/elregionalvm.com.ar\/noticias-villa-maria\/wp-content\/uploads\/2022\/06\/Hombre-enojado-celular.jpg?w=1200&amp;ssl=1 1200w\" sizes=\"(max-width: 1000px) 100vw, 1000px\" \/><\/figure>\n\n\n\n<p><\/p>\n\n\n\n<p><strong>No nos indignamos tanto\u2026<\/strong><\/p>\n\n\n\n<p>No nos indignamos tanto, ni nosotros ni nuestros gobernantes, por los ni\u00f1os muertos en la selva casi impenetrable del norte argentino. Esos chicos desnutridos, infestados por par\u00e1sitos y devorados por las enfermedades y la indiferencia social.<\/p>\n\n\n\n<p>Pero, mueren porque no nos importan. Porque no hacemos lo necesario para que se alimenten bien, cuiden su salud, vivan mejor y no sean rehenes cr\u00f3nicos de pol\u00edticos desalmados o aprovechadores de toda cala\u00f1a.<\/p>\n\n\n\n<p>No nos indignamos tanto por los chicos de las villas argentinas, de los barrios perif\u00e9ricos o de los cinturones pobres, hambreados de cuerpo y esp\u00edritu, azotados por los narcos, la violencia y la desesperanza.<\/p>\n\n\n\n<p>Total, son \u201cnegritos\u201d hijos de negros de mierda, que nos van a robar o matar en cualquier momento, que no tienen otro futuro que la c\u00e1rcel o el caj\u00f3n.<\/p>\n\n\n\n<p>No nos indignamos tanto por los chicos y grandes que viven en ranchos o casillas, con una cortina de tela o una chapa como puerta, en muchos barrios de la ciudad que queremos sea un ejemplo.<\/p>\n\n\n\n<p>Tampoco lo hacemos por los chicos y grandes que en Villa Mar\u00eda remueven la basura y buscan algo para vender y mejor si es para comer.<\/p>\n\n\n\n<p>Por los chicos que limpian los vidrios y piden monedas en vez de estar contenidos en la escuela o en su casa.<\/p>\n\n\n\n<p>Por los que salvan su d\u00eda o su semana en el calorcito de un comedor o un merendero solidario.<\/p>\n\n\n\n<p>Esos lugares que, muchos de los indignados por una foto de un paisaje lejano, ni siquiera conocen de su existencia.<\/p>\n\n\n\n<p><\/p>\n\n\n\n<figure class=\"wp-block-pullquote\"><blockquote><p><strong>Los indignados no salen a indignarse y hacer algo por los millones de pobres, los cinco millones de indigentes y por uno de cada tres ni\u00f1os que se cagan de hambre o necesitan unas zapatillas, un cuaderno, las vacunas y un abrazo<\/strong><\/p><\/blockquote><\/figure>\n\n\n\n<p><\/p>\n\n\n\n<p><strong>Nos duele, nos indigna\u2026<\/strong><\/p>\n\n\n\n<p>Nos duele, nos indigna, nos carcome hasta el llanto, el drama de los que se encuentran a miles de kil\u00f3metros de casa. Pero, nos olvidamos de lo que sucede en la esquina, a la vuelta, en nuestro barrio, en la ciudad que habitamos, en el pa\u00eds donde vivimos.<\/p>\n\n\n\n<p>No est\u00e1 mal indignarse por aquello, pero no debemos olvidarnos del mal que se hace ac\u00e1.<\/p>\n\n\n\n<p>Los indignados por las cosas que ocurren lejos vivimos en un pa\u00eds fagocitado por las carencias, con problemas y conflictos ocultos y silenciados, visibles y naturalizados. Pero no se indignan muchos por esas atrocidades siempre actuales y menos salen a copar las calles por semejantes atentados a la vida.<\/p>\n\n\n\n<p><\/p>\n\n\n\n<figure class=\"wp-block-image size-large\"><img data-recalc-dims=\"1\" decoding=\"async\" width=\"1024\" height=\"683\" src=\"https:\/\/i0.wp.com\/elregionalvm.com.ar\/noticias-villa-maria\/wp-content\/uploads\/2022\/03\/Mujer-celular-enojada-1024x683.jpg?resize=1024%2C683&#038;ssl=1\" alt=\"\" class=\"wp-image-54527\"\/><\/figure>\n\n\n\n<p><\/p>\n\n\n\n<p>Los indignados no salen a indignarse y hacer algo por los millones de pobres, los cinco millones de indigentes y por uno de cada tres ni\u00f1os que se cagan de hambre o necesitan unas zapatillas, un cuaderno, las vacunas y un abrazo.<\/p>\n\n\n\n<p>Nos indignamos mucho por los femicidios, pero cada 30 horas se contin\u00faa matando a una mujer en forma violenta. No nos indignamos tanto tampoco porque se condena a miles de chicos y chicas a la droga, la explotaci\u00f3n o la delincuencia.<\/p>\n\n\n\n<p>No nos indignamos tampoco porque uno de cada cuatro argentinos no tiene acceso a agua potable, la mitad de la poblaci\u00f3n no tiene cloacas o medio pa\u00eds es envenenado en su propia casa con comida chatarra, agua contaminada o aire plagado de t\u00f3xicos urbanos y rurales.<\/p>\n\n\n\n<p>Porque nuestra falta de indignaci\u00f3n desnuda nuestra indiferencia, nuestro olvido, nuestra responsabilidad y nuestra hipocres\u00eda en esta escenograf\u00eda del horror cotidiano con falsos decorados de felicidad, preocupaci\u00f3n y bondad.<\/p>\n\n\n\n<p>Ha llegado el momento de indignarse m\u00e1s.<\/p>\n\n\n\n<p>Ojal\u00e1 nos indignemos m\u00e1s por el resto de las atrocidades y atentados cotidianos a la vida que pasan a nuestro alrededor.<\/p>\n\n\n\n<p><\/p>\n\n\n\n<figure class=\"wp-block-image size-full\"><img data-recalc-dims=\"1\" decoding=\"async\" width=\"1017\" height=\"533\" src=\"https:\/\/i0.wp.com\/elregionalvm.com.ar\/noticias-villa-maria\/wp-content\/uploads\/2023\/08\/fomo-adiccion-redes-jovenes-encadenado-celular-instagram.jpg?resize=1017%2C533&#038;ssl=1\" alt=\"\" class=\"wp-image-80437\" srcset=\"https:\/\/i0.wp.com\/elregionalvm.com.ar\/noticias-villa-maria\/wp-content\/uploads\/2023\/08\/fomo-adiccion-redes-jovenes-encadenado-celular-instagram.jpg?w=1017&amp;ssl=1 1017w, https:\/\/i0.wp.com\/elregionalvm.com.ar\/noticias-villa-maria\/wp-content\/uploads\/2023\/08\/fomo-adiccion-redes-jovenes-encadenado-celular-instagram.jpg?resize=300%2C157&amp;ssl=1 300w, https:\/\/i0.wp.com\/elregionalvm.com.ar\/noticias-villa-maria\/wp-content\/uploads\/2023\/08\/fomo-adiccion-redes-jovenes-encadenado-celular-instagram.jpg?resize=768%2C403&amp;ssl=1 768w\" sizes=\"(max-width: 1000px) 100vw, 1000px\" \/><\/figure>\n\n\n\n<p><\/p>\n\n\n\n<p>El primer paso para ocuparnos en serio de las cosas que, aunque las ignoremos, las olvidemos o no las pretendamos ver, no est\u00e1n bien y siempre nos hacen mal.<\/p>\n\n\n\n<p>Para que no seamos indignados de ocasi\u00f3n, indignados por TV y por Facebook o Instagram, indignados de cart\u00f3n\u2026<\/p>\n\n\n\n<p>Indignados por nada.<\/p>\n\n\n\n<p><\/p>\n\n\n\n<p><\/p>\n\n\n\n<h3 class=\"wp-block-heading\"><strong>Tambi\u00e9n pod\u00e9s ver: <\/strong><\/h3>\n\n\n\n<p><\/p>\n\n\n\n<p><\/p>\n\n\n\n<figure class=\"wp-block-embed is-type-wp-embed is-provider-el-regional wp-block-embed-el-regional\"><div class=\"wp-block-embed__wrapper\">\n<blockquote class=\"wp-embedded-content\" data-secret=\"MjqF64P8GI\"><a href=\"https:\/\/elregionalvm.com.ar\/noticias-villa-maria\/el-miedo-a-vivir-sin-recetas-y-las-mentiras-de-la-felicidad-eterna\/\">El miedo a vivir sin recetas y las mentiras de la felicidad eterna<\/a><\/blockquote><iframe class=\"wp-embedded-content\" sandbox=\"allow-scripts\" security=\"restricted\" style=\"position: absolute; clip: rect(1px, 1px, 1px, 1px);\" title=\"\u00abEl miedo a vivir sin recetas y las mentiras de la felicidad eterna\u00bb \u2014 El Regional\" src=\"https:\/\/elregionalvm.com.ar\/noticias-villa-maria\/el-miedo-a-vivir-sin-recetas-y-las-mentiras-de-la-felicidad-eterna\/embed\/#?secret=7pc8kYX05d#?secret=MjqF64P8GI\" data-secret=\"MjqF64P8GI\" width=\"500\" height=\"282\" frameborder=\"0\" marginwidth=\"0\" marginheight=\"0\" scrolling=\"no\"><\/iframe>\n<\/div><\/figure>\n\n\n\n<p><\/p>\n\n\n\n<p><\/p>\n","protected":false},"excerpt":{"rendered":"<p>Indignados. As\u00ed vivimos. Todo el tiempo nos indignamos por algo. Con la misma celeridad que cambiamos de ropa o de tema en una conversaci\u00f3n sin rumbo. Pero, a veces, deber\u00edamos indignarnos m\u00e1s. O hacerlo por cuestiones que van m\u00e1s all\u00e1 de la foto que hoy lleva el p\u00f3ster central. Y hacer algo, ante eso que [&hellip;]<\/p>\n","protected":false},"author":6,"featured_media":52133,"comment_status":"open","ping_status":"open","sticky":false,"template":"","format":"standard","meta":{"site-sidebar-layout":"default","site-content-layout":"","ast-site-content-layout":"default","site-content-style":"default","site-sidebar-style":"default","ast-global-header-display":"","ast-banner-title-visibility":"","ast-main-header-display":"","ast-hfb-above-header-display":"","ast-hfb-below-header-display":"","ast-hfb-mobile-header-display":"","site-post-title":"","ast-breadcrumbs-content":"","ast-featured-img":"","footer-sml-layout":"","ast-disable-related-posts":"","theme-transparent-header-meta":"","adv-header-id-meta":"","stick-header-meta":"","header-above-stick-meta":"","header-main-stick-meta":"","header-below-stick-meta":"","astra-migrate-meta-layouts":"set","ast-page-background-enabled":"default","ast-page-background-meta":{"desktop":{"background-color":"","background-image":"","background-repeat":"repeat","background-position":"center center","background-size":"auto","background-attachment":"scroll","background-type":"","background-media":"","overlay-type":"","overlay-color":"","overlay-opacity":"","overlay-gradient":""},"tablet":{"background-color":"","background-image":"","background-repeat":"repeat","background-position":"center center","background-size":"auto","background-attachment":"scroll","background-type":"","background-media":"","overlay-type":"","overlay-color":"","overlay-opacity":"","overlay-gradient":""},"mobile":{"background-color":"","background-image":"","background-repeat":"repeat","background-position":"center center","background-size":"auto","background-attachment":"scroll","background-type":"","background-media":"","overlay-type":"","overlay-color":"","overlay-opacity":"","overlay-gradient":""}},"ast-content-background-meta":{"desktop":{"background-color":"var(--ast-global-color-5)","background-image":"","background-repeat":"repeat","background-position":"center center","background-size":"auto","background-attachment":"scroll","background-type":"","background-media":"","overlay-type":"","overlay-color":"","overlay-opacity":"","overlay-gradient":""},"tablet":{"background-color":"var(--ast-global-color-5)","background-image":"","background-repeat":"repeat","background-position":"center center","background-size":"auto","background-attachment":"scroll","background-type":"","background-media":"","overlay-type":"","overlay-color":"","overlay-opacity":"","overlay-gradient":""},"mobile":{"background-color":"var(--ast-global-color-5)","background-image":"","background-repeat":"repeat","background-position":"center center","background-size":"auto","background-attachment":"scroll","background-type":"","background-media":"","overlay-type":"","overlay-color":"","overlay-opacity":"","overlay-gradient":""}},"_jetpack_memberships_contains_paid_content":false,"_joinchat":[],"footnotes":""},"categories":[365,3557],"tags":[16157,3201,13426,23429,1926,2744,519,826],"class_list":["post-89018","post","type-post","status-publish","format-standard","has-post-thumbnail","hentry","category-opinion","category-tercera","tag-casta","tag-celular","tag-indignados","tag-indignos","tag-odio","tag-pantallas","tag-politica","tag-redes-sociales"],"yoast_head":"<!-- This site is optimized with the Yoast SEO plugin v26.8 - https:\/\/yoast.com\/product\/yoast-seo-wordpress\/ -->\n<title>De indignos e indignados: No alcanza solo con enojarse en las pantallitas de la realidad virtual - El Regional<\/title>\n<meta name=\"robots\" content=\"index, follow, max-snippet:-1, max-image-preview:large, max-video-preview:-1\" \/>\n<link rel=\"canonical\" href=\"https:\/\/elregionalvm.com.ar\/noticias-villa-maria\/de-indignos-e-indignados-no-alcanza-solo-con-enojarse-en-las-pantallitas-de-la-realidad-virtual\/\" \/>\n<meta property=\"og:locale\" content=\"es_ES\" \/>\n<meta property=\"og:type\" content=\"article\" \/>\n<meta property=\"og:title\" content=\"De indignos e indignados: No alcanza solo con enojarse en las pantallitas de la realidad virtual - El Regional\" \/>\n<meta property=\"og:description\" content=\"Indignados. As\u00ed vivimos. Todo el tiempo nos indignamos por algo. Con la misma celeridad que cambiamos de ropa o de tema en una conversaci\u00f3n sin rumbo. Pero, a veces, deber\u00edamos indignarnos m\u00e1s. O hacerlo por cuestiones que van m\u00e1s all\u00e1 de la foto que hoy lleva el p\u00f3ster central. Y hacer algo, ante eso que [&hellip;]\" \/>\n<meta property=\"og:url\" content=\"https:\/\/elregionalvm.com.ar\/noticias-villa-maria\/de-indignos-e-indignados-no-alcanza-solo-con-enojarse-en-las-pantallitas-de-la-realidad-virtual\/\" \/>\n<meta property=\"og:site_name\" content=\"El Regional\" \/>\n<meta property=\"article:publisher\" content=\"https:\/\/www.facebook.com\/elregionalvm\" \/>\n<meta property=\"article:published_time\" content=\"2024-01-25T13:16:31+00:00\" \/>\n<meta property=\"article:modified_time\" content=\"2024-02-01T02:20:00+00:00\" \/>\n<meta property=\"og:image\" content=\"https:\/\/elregionalvm.com.ar\/noticias-villa-maria\/wp-content\/uploads\/2022\/02\/mujeres-cara-de-Instagram-y-facebook-indignado.jpg\" \/>\n\t<meta property=\"og:image:width\" content=\"1200\" \/>\n\t<meta property=\"og:image:height\" content=\"675\" \/>\n\t<meta property=\"og:image:type\" content=\"image\/jpeg\" \/>\n<meta name=\"author\" content=\"Germ\u00e1n Giacchero\" \/>\n<meta name=\"twitter:card\" content=\"summary_large_image\" \/>\n<meta name=\"twitter:creator\" content=\"@elregionalvm1\" \/>\n<meta name=\"twitter:site\" content=\"@elregionalvm1\" \/>\n<meta name=\"twitter:label1\" content=\"Escrito por\" \/>\n\t<meta name=\"twitter:data1\" content=\"Germ\u00e1n Giacchero\" \/>\n\t<meta name=\"twitter:label2\" content=\"Tiempo de lectura\" \/>\n\t<meta name=\"twitter:data2\" content=\"5 minutos\" \/>\n<script type=\"application\/ld+json\" class=\"yoast-schema-graph\">{\"@context\":\"https:\/\/schema.org\",\"@graph\":[{\"@type\":\"Article\",\"@id\":\"https:\/\/elregionalvm.com.ar\/noticias-villa-maria\/de-indignos-e-indignados-no-alcanza-solo-con-enojarse-en-las-pantallitas-de-la-realidad-virtual\/#article\",\"isPartOf\":{\"@id\":\"https:\/\/elregionalvm.com.ar\/noticias-villa-maria\/de-indignos-e-indignados-no-alcanza-solo-con-enojarse-en-las-pantallitas-de-la-realidad-virtual\/\"},\"author\":{\"name\":\"Germ\u00e1n Giacchero\",\"@id\":\"http:\/\/elregionalvm.com.ar\/noticias-villa-maria\/#\/schema\/person\/d5e4b04966154131701e52c45d3efec9\"},\"headline\":\"De indignos e indignados: No alcanza solo con enojarse en las pantallitas de la realidad virtual\",\"datePublished\":\"2024-01-25T13:16:31+00:00\",\"dateModified\":\"2024-02-01T02:20:00+00:00\",\"mainEntityOfPage\":{\"@id\":\"https:\/\/elregionalvm.com.ar\/noticias-villa-maria\/de-indignos-e-indignados-no-alcanza-solo-con-enojarse-en-las-pantallitas-de-la-realidad-virtual\/\"},\"wordCount\":927,\"commentCount\":0,\"image\":{\"@id\":\"https:\/\/elregionalvm.com.ar\/noticias-villa-maria\/de-indignos-e-indignados-no-alcanza-solo-con-enojarse-en-las-pantallitas-de-la-realidad-virtual\/#primaryimage\"},\"thumbnailUrl\":\"https:\/\/i0.wp.com\/elregionalvm.com.ar\/noticias-villa-maria\/wp-content\/uploads\/2022\/02\/mujeres-cara-de-Instagram-y-facebook-indignado.jpg?fit=1200%2C675&ssl=1\",\"keywords\":[\"casta\",\"celular\",\"indignados\",\"indignos\",\"odio\",\"pantallas\",\"Pol\u00edtica\",\"Redes Sociales\"],\"articleSection\":[\"Opini\u00f3n\",\"tercera\"],\"inLanguage\":\"es\",\"potentialAction\":[{\"@type\":\"CommentAction\",\"name\":\"Comment\",\"target\":[\"https:\/\/elregionalvm.com.ar\/noticias-villa-maria\/de-indignos-e-indignados-no-alcanza-solo-con-enojarse-en-las-pantallitas-de-la-realidad-virtual\/#respond\"]}]},{\"@type\":\"WebPage\",\"@id\":\"https:\/\/elregionalvm.com.ar\/noticias-villa-maria\/de-indignos-e-indignados-no-alcanza-solo-con-enojarse-en-las-pantallitas-de-la-realidad-virtual\/\",\"url\":\"https:\/\/elregionalvm.com.ar\/noticias-villa-maria\/de-indignos-e-indignados-no-alcanza-solo-con-enojarse-en-las-pantallitas-de-la-realidad-virtual\/\",\"name\":\"De indignos e indignados: No alcanza solo con enojarse en las pantallitas de la realidad virtual - El Regional\",\"isPartOf\":{\"@id\":\"http:\/\/elregionalvm.com.ar\/noticias-villa-maria\/#website\"},\"primaryImageOfPage\":{\"@id\":\"https:\/\/elregionalvm.com.ar\/noticias-villa-maria\/de-indignos-e-indignados-no-alcanza-solo-con-enojarse-en-las-pantallitas-de-la-realidad-virtual\/#primaryimage\"},\"image\":{\"@id\":\"https:\/\/elregionalvm.com.ar\/noticias-villa-maria\/de-indignos-e-indignados-no-alcanza-solo-con-enojarse-en-las-pantallitas-de-la-realidad-virtual\/#primaryimage\"},\"thumbnailUrl\":\"https:\/\/i0.wp.com\/elregionalvm.com.ar\/noticias-villa-maria\/wp-content\/uploads\/2022\/02\/mujeres-cara-de-Instagram-y-facebook-indignado.jpg?fit=1200%2C675&ssl=1\",\"datePublished\":\"2024-01-25T13:16:31+00:00\",\"dateModified\":\"2024-02-01T02:20:00+00:00\",\"author\":{\"@id\":\"http:\/\/elregionalvm.com.ar\/noticias-villa-maria\/#\/schema\/person\/d5e4b04966154131701e52c45d3efec9\"},\"breadcrumb\":{\"@id\":\"https:\/\/elregionalvm.com.ar\/noticias-villa-maria\/de-indignos-e-indignados-no-alcanza-solo-con-enojarse-en-las-pantallitas-de-la-realidad-virtual\/#breadcrumb\"},\"inLanguage\":\"es\",\"potentialAction\":[{\"@type\":\"ReadAction\",\"target\":[\"https:\/\/elregionalvm.com.ar\/noticias-villa-maria\/de-indignos-e-indignados-no-alcanza-solo-con-enojarse-en-las-pantallitas-de-la-realidad-virtual\/\"]}]},{\"@type\":\"ImageObject\",\"inLanguage\":\"es\",\"@id\":\"https:\/\/elregionalvm.com.ar\/noticias-villa-maria\/de-indignos-e-indignados-no-alcanza-solo-con-enojarse-en-las-pantallitas-de-la-realidad-virtual\/#primaryimage\",\"url\":\"https:\/\/i0.wp.com\/elregionalvm.com.ar\/noticias-villa-maria\/wp-content\/uploads\/2022\/02\/mujeres-cara-de-Instagram-y-facebook-indignado.jpg?fit=1200%2C675&ssl=1\",\"contentUrl\":\"https:\/\/i0.wp.com\/elregionalvm.com.ar\/noticias-villa-maria\/wp-content\/uploads\/2022\/02\/mujeres-cara-de-Instagram-y-facebook-indignado.jpg?fit=1200%2C675&ssl=1\",\"width\":1200,\"height\":675},{\"@type\":\"BreadcrumbList\",\"@id\":\"https:\/\/elregionalvm.com.ar\/noticias-villa-maria\/de-indignos-e-indignados-no-alcanza-solo-con-enojarse-en-las-pantallitas-de-la-realidad-virtual\/#breadcrumb\",\"itemListElement\":[{\"@type\":\"ListItem\",\"position\":1,\"name\":\"Portada\",\"item\":\"https:\/\/elregionalvm.com.ar\/noticias-villa-maria\/\"},{\"@type\":\"ListItem\",\"position\":2,\"name\":\"De indignos e indignados: No alcanza solo con enojarse en las pantallitas de la realidad virtual\"}]},{\"@type\":\"WebSite\",\"@id\":\"http:\/\/elregionalvm.com.ar\/noticias-villa-maria\/#website\",\"url\":\"http:\/\/elregionalvm.com.ar\/noticias-villa-maria\/\",\"name\":\"El Regional\",\"description\":\"Mucho m\u00e1s que informaci\u00f3n\",\"potentialAction\":[{\"@type\":\"SearchAction\",\"target\":{\"@type\":\"EntryPoint\",\"urlTemplate\":\"http:\/\/elregionalvm.com.ar\/noticias-villa-maria\/?s={search_term_string}\"},\"query-input\":{\"@type\":\"PropertyValueSpecification\",\"valueRequired\":true,\"valueName\":\"search_term_string\"}}],\"inLanguage\":\"es\"},{\"@type\":\"Person\",\"@id\":\"http:\/\/elregionalvm.com.ar\/noticias-villa-maria\/#\/schema\/person\/d5e4b04966154131701e52c45d3efec9\",\"name\":\"Germ\u00e1n Giacchero\",\"image\":{\"@type\":\"ImageObject\",\"inLanguage\":\"es\",\"@id\":\"http:\/\/elregionalvm.com.ar\/noticias-villa-maria\/#\/schema\/person\/image\/\",\"url\":\"https:\/\/secure.gravatar.com\/avatar\/fda163ba5ef0307ee5be9846e10f83b6e83d0cfb260d3b2464830318894c6b04?s=96&d=mm&r=g\",\"contentUrl\":\"https:\/\/secure.gravatar.com\/avatar\/fda163ba5ef0307ee5be9846e10f83b6e83d0cfb260d3b2464830318894c6b04?s=96&d=mm&r=g\",\"caption\":\"Germ\u00e1n Giacchero\"},\"url\":\"https:\/\/elregionalvm.com.ar\/noticias-villa-maria\/author\/germangiacchero\/\"}]}<\/script>\n<!-- \/ Yoast SEO plugin. -->","yoast_head_json":{"title":"De indignos e indignados: No alcanza solo con enojarse en las pantallitas de la realidad virtual - El Regional","robots":{"index":"index","follow":"follow","max-snippet":"max-snippet:-1","max-image-preview":"max-image-preview:large","max-video-preview":"max-video-preview:-1"},"canonical":"https:\/\/elregionalvm.com.ar\/noticias-villa-maria\/de-indignos-e-indignados-no-alcanza-solo-con-enojarse-en-las-pantallitas-de-la-realidad-virtual\/","og_locale":"es_ES","og_type":"article","og_title":"De indignos e indignados: No alcanza solo con enojarse en las pantallitas de la realidad virtual - El Regional","og_description":"Indignados. As\u00ed vivimos. Todo el tiempo nos indignamos por algo. Con la misma celeridad que cambiamos de ropa o de tema en una conversaci\u00f3n sin rumbo. Pero, a veces, deber\u00edamos indignarnos m\u00e1s. O hacerlo por cuestiones que van m\u00e1s all\u00e1 de la foto que hoy lleva el p\u00f3ster central. Y hacer algo, ante eso que [&hellip;]","og_url":"https:\/\/elregionalvm.com.ar\/noticias-villa-maria\/de-indignos-e-indignados-no-alcanza-solo-con-enojarse-en-las-pantallitas-de-la-realidad-virtual\/","og_site_name":"El Regional","article_publisher":"https:\/\/www.facebook.com\/elregionalvm","article_published_time":"2024-01-25T13:16:31+00:00","article_modified_time":"2024-02-01T02:20:00+00:00","og_image":[{"width":1200,"height":675,"url":"https:\/\/elregionalvm.com.ar\/noticias-villa-maria\/wp-content\/uploads\/2022\/02\/mujeres-cara-de-Instagram-y-facebook-indignado.jpg","type":"image\/jpeg"}],"author":"Germ\u00e1n Giacchero","twitter_card":"summary_large_image","twitter_creator":"@elregionalvm1","twitter_site":"@elregionalvm1","twitter_misc":{"Escrito por":"Germ\u00e1n Giacchero","Tiempo de lectura":"5 minutos"},"schema":{"@context":"https:\/\/schema.org","@graph":[{"@type":"Article","@id":"https:\/\/elregionalvm.com.ar\/noticias-villa-maria\/de-indignos-e-indignados-no-alcanza-solo-con-enojarse-en-las-pantallitas-de-la-realidad-virtual\/#article","isPartOf":{"@id":"https:\/\/elregionalvm.com.ar\/noticias-villa-maria\/de-indignos-e-indignados-no-alcanza-solo-con-enojarse-en-las-pantallitas-de-la-realidad-virtual\/"},"author":{"name":"Germ\u00e1n Giacchero","@id":"http:\/\/elregionalvm.com.ar\/noticias-villa-maria\/#\/schema\/person\/d5e4b04966154131701e52c45d3efec9"},"headline":"De indignos e indignados: No alcanza solo con enojarse en las pantallitas de la realidad virtual","datePublished":"2024-01-25T13:16:31+00:00","dateModified":"2024-02-01T02:20:00+00:00","mainEntityOfPage":{"@id":"https:\/\/elregionalvm.com.ar\/noticias-villa-maria\/de-indignos-e-indignados-no-alcanza-solo-con-enojarse-en-las-pantallitas-de-la-realidad-virtual\/"},"wordCount":927,"commentCount":0,"image":{"@id":"https:\/\/elregionalvm.com.ar\/noticias-villa-maria\/de-indignos-e-indignados-no-alcanza-solo-con-enojarse-en-las-pantallitas-de-la-realidad-virtual\/#primaryimage"},"thumbnailUrl":"https:\/\/i0.wp.com\/elregionalvm.com.ar\/noticias-villa-maria\/wp-content\/uploads\/2022\/02\/mujeres-cara-de-Instagram-y-facebook-indignado.jpg?fit=1200%2C675&ssl=1","keywords":["casta","celular","indignados","indignos","odio","pantallas","Pol\u00edtica","Redes Sociales"],"articleSection":["Opini\u00f3n","tercera"],"inLanguage":"es","potentialAction":[{"@type":"CommentAction","name":"Comment","target":["https:\/\/elregionalvm.com.ar\/noticias-villa-maria\/de-indignos-e-indignados-no-alcanza-solo-con-enojarse-en-las-pantallitas-de-la-realidad-virtual\/#respond"]}]},{"@type":"WebPage","@id":"https:\/\/elregionalvm.com.ar\/noticias-villa-maria\/de-indignos-e-indignados-no-alcanza-solo-con-enojarse-en-las-pantallitas-de-la-realidad-virtual\/","url":"https:\/\/elregionalvm.com.ar\/noticias-villa-maria\/de-indignos-e-indignados-no-alcanza-solo-con-enojarse-en-las-pantallitas-de-la-realidad-virtual\/","name":"De indignos e indignados: No alcanza solo con enojarse en las pantallitas de la realidad virtual - El Regional","isPartOf":{"@id":"http:\/\/elregionalvm.com.ar\/noticias-villa-maria\/#website"},"primaryImageOfPage":{"@id":"https:\/\/elregionalvm.com.ar\/noticias-villa-maria\/de-indignos-e-indignados-no-alcanza-solo-con-enojarse-en-las-pantallitas-de-la-realidad-virtual\/#primaryimage"},"image":{"@id":"https:\/\/elregionalvm.com.ar\/noticias-villa-maria\/de-indignos-e-indignados-no-alcanza-solo-con-enojarse-en-las-pantallitas-de-la-realidad-virtual\/#primaryimage"},"thumbnailUrl":"https:\/\/i0.wp.com\/elregionalvm.com.ar\/noticias-villa-maria\/wp-content\/uploads\/2022\/02\/mujeres-cara-de-Instagram-y-facebook-indignado.jpg?fit=1200%2C675&ssl=1","datePublished":"2024-01-25T13:16:31+00:00","dateModified":"2024-02-01T02:20:00+00:00","author":{"@id":"http:\/\/elregionalvm.com.ar\/noticias-villa-maria\/#\/schema\/person\/d5e4b04966154131701e52c45d3efec9"},"breadcrumb":{"@id":"https:\/\/elregionalvm.com.ar\/noticias-villa-maria\/de-indignos-e-indignados-no-alcanza-solo-con-enojarse-en-las-pantallitas-de-la-realidad-virtual\/#breadcrumb"},"inLanguage":"es","potentialAction":[{"@type":"ReadAction","target":["https:\/\/elregionalvm.com.ar\/noticias-villa-maria\/de-indignos-e-indignados-no-alcanza-solo-con-enojarse-en-las-pantallitas-de-la-realidad-virtual\/"]}]},{"@type":"ImageObject","inLanguage":"es","@id":"https:\/\/elregionalvm.com.ar\/noticias-villa-maria\/de-indignos-e-indignados-no-alcanza-solo-con-enojarse-en-las-pantallitas-de-la-realidad-virtual\/#primaryimage","url":"https:\/\/i0.wp.com\/elregionalvm.com.ar\/noticias-villa-maria\/wp-content\/uploads\/2022\/02\/mujeres-cara-de-Instagram-y-facebook-indignado.jpg?fit=1200%2C675&ssl=1","contentUrl":"https:\/\/i0.wp.com\/elregionalvm.com.ar\/noticias-villa-maria\/wp-content\/uploads\/2022\/02\/mujeres-cara-de-Instagram-y-facebook-indignado.jpg?fit=1200%2C675&ssl=1","width":1200,"height":675},{"@type":"BreadcrumbList","@id":"https:\/\/elregionalvm.com.ar\/noticias-villa-maria\/de-indignos-e-indignados-no-alcanza-solo-con-enojarse-en-las-pantallitas-de-la-realidad-virtual\/#breadcrumb","itemListElement":[{"@type":"ListItem","position":1,"name":"Portada","item":"https:\/\/elregionalvm.com.ar\/noticias-villa-maria\/"},{"@type":"ListItem","position":2,"name":"De indignos e indignados: No alcanza solo con enojarse en las pantallitas de la realidad virtual"}]},{"@type":"WebSite","@id":"http:\/\/elregionalvm.com.ar\/noticias-villa-maria\/#website","url":"http:\/\/elregionalvm.com.ar\/noticias-villa-maria\/","name":"El Regional","description":"Mucho m\u00e1s que informaci\u00f3n","potentialAction":[{"@type":"SearchAction","target":{"@type":"EntryPoint","urlTemplate":"http:\/\/elregionalvm.com.ar\/noticias-villa-maria\/?s={search_term_string}"},"query-input":{"@type":"PropertyValueSpecification","valueRequired":true,"valueName":"search_term_string"}}],"inLanguage":"es"},{"@type":"Person","@id":"http:\/\/elregionalvm.com.ar\/noticias-villa-maria\/#\/schema\/person\/d5e4b04966154131701e52c45d3efec9","name":"Germ\u00e1n Giacchero","image":{"@type":"ImageObject","inLanguage":"es","@id":"http:\/\/elregionalvm.com.ar\/noticias-villa-maria\/#\/schema\/person\/image\/","url":"https:\/\/secure.gravatar.com\/avatar\/fda163ba5ef0307ee5be9846e10f83b6e83d0cfb260d3b2464830318894c6b04?s=96&d=mm&r=g","contentUrl":"https:\/\/secure.gravatar.com\/avatar\/fda163ba5ef0307ee5be9846e10f83b6e83d0cfb260d3b2464830318894c6b04?s=96&d=mm&r=g","caption":"Germ\u00e1n Giacchero"},"url":"https:\/\/elregionalvm.com.ar\/noticias-villa-maria\/author\/germangiacchero\/"}]}},"jetpack_featured_media_url":"https:\/\/i0.wp.com\/elregionalvm.com.ar\/noticias-villa-maria\/wp-content\/uploads\/2022\/02\/mujeres-cara-de-Instagram-y-facebook-indignado.jpg?fit=1200%2C675&ssl=1","jetpack_sharing_enabled":true,"_links":{"self":[{"href":"https:\/\/elregionalvm.com.ar\/noticias-villa-maria\/wp-json\/wp\/v2\/posts\/89018","targetHints":{"allow":["GET"]}}],"collection":[{"href":"https:\/\/elregionalvm.com.ar\/noticias-villa-maria\/wp-json\/wp\/v2\/posts"}],"about":[{"href":"https:\/\/elregionalvm.com.ar\/noticias-villa-maria\/wp-json\/wp\/v2\/types\/post"}],"author":[{"embeddable":true,"href":"https:\/\/elregionalvm.com.ar\/noticias-villa-maria\/wp-json\/wp\/v2\/users\/6"}],"replies":[{"embeddable":true,"href":"https:\/\/elregionalvm.com.ar\/noticias-villa-maria\/wp-json\/wp\/v2\/comments?post=89018"}],"version-history":[{"count":5,"href":"https:\/\/elregionalvm.com.ar\/noticias-villa-maria\/wp-json\/wp\/v2\/posts\/89018\/revisions"}],"predecessor-version":[{"id":89023,"href":"https:\/\/elregionalvm.com.ar\/noticias-villa-maria\/wp-json\/wp\/v2\/posts\/89018\/revisions\/89023"}],"wp:featuredmedia":[{"embeddable":true,"href":"https:\/\/elregionalvm.com.ar\/noticias-villa-maria\/wp-json\/wp\/v2\/media\/52133"}],"wp:attachment":[{"href":"https:\/\/elregionalvm.com.ar\/noticias-villa-maria\/wp-json\/wp\/v2\/media?parent=89018"}],"wp:term":[{"taxonomy":"category","embeddable":true,"href":"https:\/\/elregionalvm.com.ar\/noticias-villa-maria\/wp-json\/wp\/v2\/categories?post=89018"},{"taxonomy":"post_tag","embeddable":true,"href":"https:\/\/elregionalvm.com.ar\/noticias-villa-maria\/wp-json\/wp\/v2\/tags?post=89018"}],"curies":[{"name":"wp","href":"https:\/\/api.w.org\/{rel}","templated":true}]}}