{"id":89024,"date":"2024-01-25T17:21:32","date_gmt":"2024-01-25T17:21:32","guid":{"rendered":"https:\/\/elregionalvm.com.ar\/noticias-villa-maria\/?p=89024"},"modified":"2024-01-25T17:21:35","modified_gmt":"2024-01-25T17:21:35","slug":"accastello-presento-el-festival-internacional-de-penas-en-las-localidades-de-general-deheza-y-rio-cuarto","status":"publish","type":"post","link":"https:\/\/elregionalvm.com.ar\/noticias-villa-maria\/accastello-presento-el-festival-internacional-de-penas-en-las-localidades-de-general-deheza-y-rio-cuarto\/","title":{"rendered":"Accastello present\u00f3 el Festival Internacional de Pe\u00f1as en las localidades de General Deheza y R\u00edo Cuarto"},"content":{"rendered":"\n<p>Durante la ma\u00f1ana de hoy, el intendente Eduardo Accastello, junto a autoridades del Gobierno local y del Ente Villa Mar\u00eda Deporte y Turismo, present\u00f3 la 56\u00b0 edici\u00f3n del Festival de Festivales en el sur de la provincia. En un primer momento, visit\u00f3 la localidad de General Deheza, donde junto al presidente del Concejo Deliberante a cargo del Departamento Ejecutivo, Eduardo Pizzi y la Secretaria de Gobierno, Vanina Contreras, anunciaron detalles acerca del evento cultural \u00edcono de Villa Mar\u00eda.<\/p>\n\n\n\n<figure class=\"wp-block-image size-large\"><img data-recalc-dims=\"1\" fetchpriority=\"high\" decoding=\"async\" width=\"1024\" height=\"683\" src=\"https:\/\/i0.wp.com\/elregionalvm.com.ar\/noticias-villa-maria\/wp-content\/uploads\/2024\/01\/WhatsApp-Image-2024-01-25-at-13.56.53.jpeg?resize=1024%2C683&#038;ssl=1\" alt=\"\" class=\"wp-image-89027\" srcset=\"https:\/\/i0.wp.com\/elregionalvm.com.ar\/noticias-villa-maria\/wp-content\/uploads\/2024\/01\/WhatsApp-Image-2024-01-25-at-13.56.53.jpeg?resize=1024%2C683&amp;ssl=1 1024w, https:\/\/i0.wp.com\/elregionalvm.com.ar\/noticias-villa-maria\/wp-content\/uploads\/2024\/01\/WhatsApp-Image-2024-01-25-at-13.56.53.jpeg?resize=300%2C200&amp;ssl=1 300w, https:\/\/i0.wp.com\/elregionalvm.com.ar\/noticias-villa-maria\/wp-content\/uploads\/2024\/01\/WhatsApp-Image-2024-01-25-at-13.56.53.jpeg?resize=768%2C512&amp;ssl=1 768w, https:\/\/i0.wp.com\/elregionalvm.com.ar\/noticias-villa-maria\/wp-content\/uploads\/2024\/01\/WhatsApp-Image-2024-01-25-at-13.56.53.jpeg?w=1280&amp;ssl=1 1280w\" sizes=\"(max-width: 1000px) 100vw, 1000px\" \/><\/figure>\n\n\n\n<p>En este sentido, Accastello coment\u00f3: \u201cCon el pueblo de General Deheza somos pueblos hermanos, compartimos muchas cosas y hoy queremos invitarlos a que sean parte del Festival, como tambi\u00e9n agradecerle a la gente por la amabilidad y la recepci\u00f3n\u201d.<\/p>\n\n\n\n<p>A su turno, Pizzi a\u00f1adi\u00f3: \u201cSaber que tenemos nuevamente este Festival que marca a Villa Mar\u00eda desde hace much\u00edsimos a\u00f1os, es algo sumamente positivo y que realmente como regi\u00f3n nos enorgullece\u201d. \u201cNosotros tambi\u00e9n estamos por compartir un Festival de Colectividades, tratando de ayudar a la gente, de permitir que tengan un momento de regocijo y festejo\u201d, cerr\u00f3 el intendente de General Deheza.<\/p>\n\n\n\n<p>R\u00cdO CUARTO<\/p>\n\n\n\n<p>Como parte de su recorrido, Accastello visit\u00f3 la ciudad de R\u00edo Cuarto, donde fue recibido por el intendente local, Juan Manuel Llamosas, quienes dialogaron con los medios de prensa de aquella regi\u00f3n, para brindar detalles acerca del evento que tendr\u00e1 lugar en Villa Mar\u00eda del 9 al 13 de febrero.<\/p>\n\n\n\n<figure class=\"wp-block-image size-large\"><img data-recalc-dims=\"1\" decoding=\"async\" width=\"1024\" height=\"682\" src=\"https:\/\/i0.wp.com\/elregionalvm.com.ar\/noticias-villa-maria\/wp-content\/uploads\/2024\/01\/WhatsApp-Image-2024-01-25-at-13.56.54.jpeg?resize=1024%2C682&#038;ssl=1\" alt=\"\" class=\"wp-image-89025\" srcset=\"https:\/\/i0.wp.com\/elregionalvm.com.ar\/noticias-villa-maria\/wp-content\/uploads\/2024\/01\/WhatsApp-Image-2024-01-25-at-13.56.54.jpeg?resize=1024%2C682&amp;ssl=1 1024w, https:\/\/i0.wp.com\/elregionalvm.com.ar\/noticias-villa-maria\/wp-content\/uploads\/2024\/01\/WhatsApp-Image-2024-01-25-at-13.56.54.jpeg?resize=300%2C200&amp;ssl=1 300w, https:\/\/i0.wp.com\/elregionalvm.com.ar\/noticias-villa-maria\/wp-content\/uploads\/2024\/01\/WhatsApp-Image-2024-01-25-at-13.56.54.jpeg?resize=768%2C512&amp;ssl=1 768w, https:\/\/i0.wp.com\/elregionalvm.com.ar\/noticias-villa-maria\/wp-content\/uploads\/2024\/01\/WhatsApp-Image-2024-01-25-at-13.56.54.jpeg?w=1280&amp;ssl=1 1280w\" sizes=\"(max-width: 1000px) 100vw, 1000px\" \/><\/figure>\n\n\n\n<p>Por su parte, Llamosas expres\u00f3: \u201cGracias por elegir R\u00edo Cuarto para presentar este Festival tan importante a nivel internacional, al que muchos vecinos de esta ciudad y la regi\u00f3n acompa\u00f1an\u201d. \u201cEl turismo y la cultura tienen un lugar importante en el desarrollo econ\u00f3mico de una ciudad, y permite que a trav\u00e9s de la participaci\u00f3n se potencie\u201d.<\/p>\n\n\n\n<p>A su turno, Accastello agreg\u00f3: \u201cEs muy grande el esfuerzo que se hace en toda la regi\u00f3n para acompa\u00f1ar el Festival, que este a\u00f1o tendr\u00e1 25 artistas, muchos de ellos nacionales, pero con perfil internacional. Hemos hecho una gran movida que generar\u00e1 entre 23 y 25 mil millones a toda la regi\u00f3n\u201d.<\/p>\n\n\n\n<figure class=\"wp-block-image size-large\"><img data-recalc-dims=\"1\" decoding=\"async\" width=\"1024\" height=\"682\" src=\"https:\/\/i0.wp.com\/elregionalvm.com.ar\/noticias-villa-maria\/wp-content\/uploads\/2024\/01\/WhatsApp-Image-2024-01-25-at-13.56.53-1.jpeg?resize=1024%2C682&#038;ssl=1\" alt=\"\" class=\"wp-image-89026\" srcset=\"https:\/\/i0.wp.com\/elregionalvm.com.ar\/noticias-villa-maria\/wp-content\/uploads\/2024\/01\/WhatsApp-Image-2024-01-25-at-13.56.53-1.jpeg?resize=1024%2C682&amp;ssl=1 1024w, https:\/\/i0.wp.com\/elregionalvm.com.ar\/noticias-villa-maria\/wp-content\/uploads\/2024\/01\/WhatsApp-Image-2024-01-25-at-13.56.53-1.jpeg?resize=300%2C200&amp;ssl=1 300w, https:\/\/i0.wp.com\/elregionalvm.com.ar\/noticias-villa-maria\/wp-content\/uploads\/2024\/01\/WhatsApp-Image-2024-01-25-at-13.56.53-1.jpeg?resize=768%2C512&amp;ssl=1 768w, https:\/\/i0.wp.com\/elregionalvm.com.ar\/noticias-villa-maria\/wp-content\/uploads\/2024\/01\/WhatsApp-Image-2024-01-25-at-13.56.53-1.jpeg?w=1280&amp;ssl=1 1280w\" sizes=\"(max-width: 1000px) 100vw, 1000px\" \/><\/figure>\n\n\n\n<p>Al finalizar, Accastello invit\u00f3 al municipio riocuartense a participar de la noche especial que se realizar\u00e1 el jueves 8 de febrero, donde har\u00e1n sus intervenciones artistas de toda la regi\u00f3n. Luego, remarc\u00f3 el apoyo de los productores y artistas como Abel Pintos, Luciano Pereyra y Jorge Rojas, para que el Festival se realice, manifestando su entusiasmo por formar parte de la grilla.<\/p>\n","protected":false},"excerpt":{"rendered":"<p>Durante la ma\u00f1ana de hoy, el intendente Eduardo Accastello, junto a autoridades del Gobierno local y del Ente Villa Mar\u00eda Deporte y Turismo, present\u00f3 la 56\u00b0 edici\u00f3n del Festival de Festivales en el sur de la provincia. En un primer momento, visit\u00f3 la localidad de General Deheza, donde junto al presidente del Concejo Deliberante a [&hellip;]<\/p>\n","protected":false},"author":4,"featured_media":0,"comment_status":"open","ping_status":"open","sticky":false,"template":"","format":"standard","meta":{"site-sidebar-layout":"default","site-content-layout":"","ast-site-content-layout":"default","site-content-style":"default","site-sidebar-style":"default","ast-global-header-display":"","ast-banner-title-visibility":"","ast-main-header-display":"","ast-hfb-above-header-display":"","ast-hfb-below-header-display":"","ast-hfb-mobile-header-display":"","site-post-title":"","ast-breadcrumbs-content":"","ast-featured-img":"","footer-sml-layout":"","ast-disable-related-posts":"","theme-transparent-header-meta":"","adv-header-id-meta":"","stick-header-meta":"","header-above-stick-meta":"","header-main-stick-meta":"","header-below-stick-meta":"","astra-migrate-meta-layouts":"set","ast-page-background-enabled":"default","ast-page-background-meta":{"desktop":{"background-color":"","background-image":"","background-repeat":"repeat","background-position":"center center","background-size":"auto","background-attachment":"scroll","background-type":"","background-media":"","overlay-type":"","overlay-color":"","overlay-opacity":"","overlay-gradient":""},"tablet":{"background-color":"","background-image":"","background-repeat":"repeat","background-position":"center center","background-size":"auto","background-attachment":"scroll","background-type":"","background-media":"","overlay-type":"","overlay-color":"","overlay-opacity":"","overlay-gradient":""},"mobile":{"background-color":"","background-image":"","background-repeat":"repeat","background-position":"center center","background-size":"auto","background-attachment":"scroll","background-type":"","background-media":"","overlay-type":"","overlay-color":"","overlay-opacity":"","overlay-gradient":""}},"ast-content-background-meta":{"desktop":{"background-color":"var(--ast-global-color-5)","background-image":"","background-repeat":"repeat","background-position":"center center","background-size":"auto","background-attachment":"scroll","background-type":"","background-media":"","overlay-type":"","overlay-color":"","overlay-opacity":"","overlay-gradient":""},"tablet":{"background-color":"var(--ast-global-color-5)","background-image":"","background-repeat":"repeat","background-position":"center center","background-size":"auto","background-attachment":"scroll","background-type":"","background-media":"","overlay-type":"","overlay-color":"","overlay-opacity":"","overlay-gradient":""},"mobile":{"background-color":"var(--ast-global-color-5)","background-image":"","background-repeat":"repeat","background-position":"center center","background-size":"auto","background-attachment":"scroll","background-type":"","background-media":"","overlay-type":"","overlay-color":"","overlay-opacity":"","overlay-gradient":""}},"_jetpack_memberships_contains_paid_content":false,"_joinchat":[],"footnotes":""},"categories":[2068,15302,2091,5,2],"tags":[],"class_list":["post-89024","post","type-post","status-publish","format-standard","hentry","category-cultura-deporte","category-destacado","category-region","category-sociedad","category-villa-maria"],"yoast_head":"<!-- This site is optimized with the Yoast SEO plugin v26.8 - https:\/\/yoast.com\/product\/yoast-seo-wordpress\/ -->\n<title>Accastello present\u00f3 el Festival Internacional de Pe\u00f1as en las localidades de General Deheza y R\u00edo Cuarto - El Regional<\/title>\n<meta name=\"robots\" content=\"index, follow, max-snippet:-1, max-image-preview:large, max-video-preview:-1\" \/>\n<link rel=\"canonical\" href=\"https:\/\/elregionalvm.com.ar\/noticias-villa-maria\/accastello-presento-el-festival-internacional-de-penas-en-las-localidades-de-general-deheza-y-rio-cuarto\/\" \/>\n<meta property=\"og:locale\" content=\"es_ES\" \/>\n<meta property=\"og:type\" content=\"article\" \/>\n<meta property=\"og:title\" content=\"Accastello present\u00f3 el Festival Internacional de Pe\u00f1as en las localidades de General Deheza y R\u00edo Cuarto - El Regional\" \/>\n<meta property=\"og:description\" content=\"Durante la ma\u00f1ana de hoy, el intendente Eduardo Accastello, junto a autoridades del Gobierno local y del Ente Villa Mar\u00eda Deporte y Turismo, present\u00f3 la 56\u00b0 edici\u00f3n del Festival de Festivales en el sur de la provincia. En un primer momento, visit\u00f3 la localidad de General Deheza, donde junto al presidente del Concejo Deliberante a [&hellip;]\" \/>\n<meta property=\"og:url\" content=\"https:\/\/elregionalvm.com.ar\/noticias-villa-maria\/accastello-presento-el-festival-internacional-de-penas-en-las-localidades-de-general-deheza-y-rio-cuarto\/\" \/>\n<meta property=\"og:site_name\" content=\"El Regional\" \/>\n<meta property=\"article:publisher\" content=\"https:\/\/www.facebook.com\/elregionalvm\" \/>\n<meta property=\"article:published_time\" content=\"2024-01-25T17:21:32+00:00\" \/>\n<meta property=\"article:modified_time\" content=\"2024-01-25T17:21:35+00:00\" \/>\n<meta property=\"og:image\" content=\"https:\/\/elregionalvm.com.ar\/noticias-villa-maria\/wp-content\/uploads\/2024\/01\/WhatsApp-Image-2024-01-25-at-13.56.53-1024x683.jpeg\" \/>\n<meta name=\"author\" content=\"Contenidos El Regional\" \/>\n<meta name=\"twitter:card\" content=\"summary_large_image\" \/>\n<meta name=\"twitter:creator\" content=\"@elregionalvm1\" \/>\n<meta name=\"twitter:site\" content=\"@elregionalvm1\" \/>\n<meta name=\"twitter:label1\" content=\"Escrito por\" \/>\n\t<meta name=\"twitter:data1\" content=\"Contenidos El Regional\" \/>\n\t<meta name=\"twitter:label2\" content=\"Tiempo de lectura\" \/>\n\t<meta name=\"twitter:data2\" content=\"2 minutos\" \/>\n<script type=\"application\/ld+json\" class=\"yoast-schema-graph\">{\"@context\":\"https:\/\/schema.org\",\"@graph\":[{\"@type\":\"Article\",\"@id\":\"https:\/\/elregionalvm.com.ar\/noticias-villa-maria\/accastello-presento-el-festival-internacional-de-penas-en-las-localidades-de-general-deheza-y-rio-cuarto\/#article\",\"isPartOf\":{\"@id\":\"https:\/\/elregionalvm.com.ar\/noticias-villa-maria\/accastello-presento-el-festival-internacional-de-penas-en-las-localidades-de-general-deheza-y-rio-cuarto\/\"},\"author\":{\"name\":\"Contenidos El Regional\",\"@id\":\"http:\/\/elregionalvm.com.ar\/noticias-villa-maria\/#\/schema\/person\/a0fb9c422317faca23d50163151bc354\"},\"headline\":\"Accastello present\u00f3 el Festival Internacional de Pe\u00f1as en las localidades de General Deheza y R\u00edo Cuarto\",\"datePublished\":\"2024-01-25T17:21:32+00:00\",\"dateModified\":\"2024-01-25T17:21:35+00:00\",\"mainEntityOfPage\":{\"@id\":\"https:\/\/elregionalvm.com.ar\/noticias-villa-maria\/accastello-presento-el-festival-internacional-de-penas-en-las-localidades-de-general-deheza-y-rio-cuarto\/\"},\"wordCount\":440,\"commentCount\":0,\"image\":{\"@id\":\"https:\/\/elregionalvm.com.ar\/noticias-villa-maria\/accastello-presento-el-festival-internacional-de-penas-en-las-localidades-de-general-deheza-y-rio-cuarto\/#primaryimage\"},\"thumbnailUrl\":\"https:\/\/elregionalvm.com.ar\/noticias-villa-maria\/wp-content\/uploads\/2024\/01\/WhatsApp-Image-2024-01-25-at-13.56.53-1024x683.jpeg\",\"articleSection\":[\"Cultura\",\"destacado\",\"Regi\u00f3n\",\"Sociedad\",\"Villa Mar\u00eda\"],\"inLanguage\":\"es\",\"potentialAction\":[{\"@type\":\"CommentAction\",\"name\":\"Comment\",\"target\":[\"https:\/\/elregionalvm.com.ar\/noticias-villa-maria\/accastello-presento-el-festival-internacional-de-penas-en-las-localidades-de-general-deheza-y-rio-cuarto\/#respond\"]}]},{\"@type\":\"WebPage\",\"@id\":\"https:\/\/elregionalvm.com.ar\/noticias-villa-maria\/accastello-presento-el-festival-internacional-de-penas-en-las-localidades-de-general-deheza-y-rio-cuarto\/\",\"url\":\"https:\/\/elregionalvm.com.ar\/noticias-villa-maria\/accastello-presento-el-festival-internacional-de-penas-en-las-localidades-de-general-deheza-y-rio-cuarto\/\",\"name\":\"Accastello present\u00f3 el Festival Internacional de Pe\u00f1as en las localidades de General Deheza y R\u00edo Cuarto - El Regional\",\"isPartOf\":{\"@id\":\"http:\/\/elregionalvm.com.ar\/noticias-villa-maria\/#website\"},\"primaryImageOfPage\":{\"@id\":\"https:\/\/elregionalvm.com.ar\/noticias-villa-maria\/accastello-presento-el-festival-internacional-de-penas-en-las-localidades-de-general-deheza-y-rio-cuarto\/#primaryimage\"},\"image\":{\"@id\":\"https:\/\/elregionalvm.com.ar\/noticias-villa-maria\/accastello-presento-el-festival-internacional-de-penas-en-las-localidades-de-general-deheza-y-rio-cuarto\/#primaryimage\"},\"thumbnailUrl\":\"https:\/\/elregionalvm.com.ar\/noticias-villa-maria\/wp-content\/uploads\/2024\/01\/WhatsApp-Image-2024-01-25-at-13.56.53-1024x683.jpeg\",\"datePublished\":\"2024-01-25T17:21:32+00:00\",\"dateModified\":\"2024-01-25T17:21:35+00:00\",\"author\":{\"@id\":\"http:\/\/elregionalvm.com.ar\/noticias-villa-maria\/#\/schema\/person\/a0fb9c422317faca23d50163151bc354\"},\"breadcrumb\":{\"@id\":\"https:\/\/elregionalvm.com.ar\/noticias-villa-maria\/accastello-presento-el-festival-internacional-de-penas-en-las-localidades-de-general-deheza-y-rio-cuarto\/#breadcrumb\"},\"inLanguage\":\"es\",\"potentialAction\":[{\"@type\":\"ReadAction\",\"target\":[\"https:\/\/elregionalvm.com.ar\/noticias-villa-maria\/accastello-presento-el-festival-internacional-de-penas-en-las-localidades-de-general-deheza-y-rio-cuarto\/\"]}]},{\"@type\":\"ImageObject\",\"inLanguage\":\"es\",\"@id\":\"https:\/\/elregionalvm.com.ar\/noticias-villa-maria\/accastello-presento-el-festival-internacional-de-penas-en-las-localidades-de-general-deheza-y-rio-cuarto\/#primaryimage\",\"url\":\"https:\/\/elregionalvm.com.ar\/noticias-villa-maria\/wp-content\/uploads\/2024\/01\/WhatsApp-Image-2024-01-25-at-13.56.53-1024x683.jpeg\",\"contentUrl\":\"https:\/\/elregionalvm.com.ar\/noticias-villa-maria\/wp-content\/uploads\/2024\/01\/WhatsApp-Image-2024-01-25-at-13.56.53-1024x683.jpeg\"},{\"@type\":\"BreadcrumbList\",\"@id\":\"https:\/\/elregionalvm.com.ar\/noticias-villa-maria\/accastello-presento-el-festival-internacional-de-penas-en-las-localidades-de-general-deheza-y-rio-cuarto\/#breadcrumb\",\"itemListElement\":[{\"@type\":\"ListItem\",\"position\":1,\"name\":\"Portada\",\"item\":\"https:\/\/elregionalvm.com.ar\/noticias-villa-maria\/\"},{\"@type\":\"ListItem\",\"position\":2,\"name\":\"Accastello present\u00f3 el Festival Internacional de Pe\u00f1as en las localidades de General Deheza y R\u00edo Cuarto\"}]},{\"@type\":\"WebSite\",\"@id\":\"http:\/\/elregionalvm.com.ar\/noticias-villa-maria\/#website\",\"url\":\"http:\/\/elregionalvm.com.ar\/noticias-villa-maria\/\",\"name\":\"El Regional\",\"description\":\"Mucho m\u00e1s que informaci\u00f3n\",\"potentialAction\":[{\"@type\":\"SearchAction\",\"target\":{\"@type\":\"EntryPoint\",\"urlTemplate\":\"http:\/\/elregionalvm.com.ar\/noticias-villa-maria\/?s={search_term_string}\"},\"query-input\":{\"@type\":\"PropertyValueSpecification\",\"valueRequired\":true,\"valueName\":\"search_term_string\"}}],\"inLanguage\":\"es\"},{\"@type\":\"Person\",\"@id\":\"http:\/\/elregionalvm.com.ar\/noticias-villa-maria\/#\/schema\/person\/a0fb9c422317faca23d50163151bc354\",\"name\":\"Contenidos El Regional\",\"image\":{\"@type\":\"ImageObject\",\"inLanguage\":\"es\",\"@id\":\"http:\/\/elregionalvm.com.ar\/noticias-villa-maria\/#\/schema\/person\/image\/\",\"url\":\"https:\/\/secure.gravatar.com\/avatar\/265b27cb2209af7bb3a1318f03305787d7981a5cc6e6cd08fe5a4ecdf99d4b48?s=96&d=mm&r=g\",\"contentUrl\":\"https:\/\/secure.gravatar.com\/avatar\/265b27cb2209af7bb3a1318f03305787d7981a5cc6e6cd08fe5a4ecdf99d4b48?s=96&d=mm&r=g\",\"caption\":\"Contenidos El Regional\"},\"url\":\"https:\/\/elregionalvm.com.ar\/noticias-villa-maria\/author\/contenido\/\"}]}<\/script>\n<!-- \/ Yoast SEO plugin. -->","yoast_head_json":{"title":"Accastello present\u00f3 el Festival Internacional de Pe\u00f1as en las localidades de General Deheza y R\u00edo Cuarto - El Regional","robots":{"index":"index","follow":"follow","max-snippet":"max-snippet:-1","max-image-preview":"max-image-preview:large","max-video-preview":"max-video-preview:-1"},"canonical":"https:\/\/elregionalvm.com.ar\/noticias-villa-maria\/accastello-presento-el-festival-internacional-de-penas-en-las-localidades-de-general-deheza-y-rio-cuarto\/","og_locale":"es_ES","og_type":"article","og_title":"Accastello present\u00f3 el Festival Internacional de Pe\u00f1as en las localidades de General Deheza y R\u00edo Cuarto - El Regional","og_description":"Durante la ma\u00f1ana de hoy, el intendente Eduardo Accastello, junto a autoridades del Gobierno local y del Ente Villa Mar\u00eda Deporte y Turismo, present\u00f3 la 56\u00b0 edici\u00f3n del Festival de Festivales en el sur de la provincia. En un primer momento, visit\u00f3 la localidad de General Deheza, donde junto al presidente del Concejo Deliberante a [&hellip;]","og_url":"https:\/\/elregionalvm.com.ar\/noticias-villa-maria\/accastello-presento-el-festival-internacional-de-penas-en-las-localidades-de-general-deheza-y-rio-cuarto\/","og_site_name":"El Regional","article_publisher":"https:\/\/www.facebook.com\/elregionalvm","article_published_time":"2024-01-25T17:21:32+00:00","article_modified_time":"2024-01-25T17:21:35+00:00","og_image":[{"url":"https:\/\/elregionalvm.com.ar\/noticias-villa-maria\/wp-content\/uploads\/2024\/01\/WhatsApp-Image-2024-01-25-at-13.56.53-1024x683.jpeg","type":"","width":"","height":""}],"author":"Contenidos El Regional","twitter_card":"summary_large_image","twitter_creator":"@elregionalvm1","twitter_site":"@elregionalvm1","twitter_misc":{"Escrito por":"Contenidos El Regional","Tiempo de lectura":"2 minutos"},"schema":{"@context":"https:\/\/schema.org","@graph":[{"@type":"Article","@id":"https:\/\/elregionalvm.com.ar\/noticias-villa-maria\/accastello-presento-el-festival-internacional-de-penas-en-las-localidades-de-general-deheza-y-rio-cuarto\/#article","isPartOf":{"@id":"https:\/\/elregionalvm.com.ar\/noticias-villa-maria\/accastello-presento-el-festival-internacional-de-penas-en-las-localidades-de-general-deheza-y-rio-cuarto\/"},"author":{"name":"Contenidos El Regional","@id":"http:\/\/elregionalvm.com.ar\/noticias-villa-maria\/#\/schema\/person\/a0fb9c422317faca23d50163151bc354"},"headline":"Accastello present\u00f3 el Festival Internacional de Pe\u00f1as en las localidades de General Deheza y R\u00edo Cuarto","datePublished":"2024-01-25T17:21:32+00:00","dateModified":"2024-01-25T17:21:35+00:00","mainEntityOfPage":{"@id":"https:\/\/elregionalvm.com.ar\/noticias-villa-maria\/accastello-presento-el-festival-internacional-de-penas-en-las-localidades-de-general-deheza-y-rio-cuarto\/"},"wordCount":440,"commentCount":0,"image":{"@id":"https:\/\/elregionalvm.com.ar\/noticias-villa-maria\/accastello-presento-el-festival-internacional-de-penas-en-las-localidades-de-general-deheza-y-rio-cuarto\/#primaryimage"},"thumbnailUrl":"https:\/\/elregionalvm.com.ar\/noticias-villa-maria\/wp-content\/uploads\/2024\/01\/WhatsApp-Image-2024-01-25-at-13.56.53-1024x683.jpeg","articleSection":["Cultura","destacado","Regi\u00f3n","Sociedad","Villa Mar\u00eda"],"inLanguage":"es","potentialAction":[{"@type":"CommentAction","name":"Comment","target":["https:\/\/elregionalvm.com.ar\/noticias-villa-maria\/accastello-presento-el-festival-internacional-de-penas-en-las-localidades-de-general-deheza-y-rio-cuarto\/#respond"]}]},{"@type":"WebPage","@id":"https:\/\/elregionalvm.com.ar\/noticias-villa-maria\/accastello-presento-el-festival-internacional-de-penas-en-las-localidades-de-general-deheza-y-rio-cuarto\/","url":"https:\/\/elregionalvm.com.ar\/noticias-villa-maria\/accastello-presento-el-festival-internacional-de-penas-en-las-localidades-de-general-deheza-y-rio-cuarto\/","name":"Accastello present\u00f3 el Festival Internacional de Pe\u00f1as en las localidades de General Deheza y R\u00edo Cuarto - El Regional","isPartOf":{"@id":"http:\/\/elregionalvm.com.ar\/noticias-villa-maria\/#website"},"primaryImageOfPage":{"@id":"https:\/\/elregionalvm.com.ar\/noticias-villa-maria\/accastello-presento-el-festival-internacional-de-penas-en-las-localidades-de-general-deheza-y-rio-cuarto\/#primaryimage"},"image":{"@id":"https:\/\/elregionalvm.com.ar\/noticias-villa-maria\/accastello-presento-el-festival-internacional-de-penas-en-las-localidades-de-general-deheza-y-rio-cuarto\/#primaryimage"},"thumbnailUrl":"https:\/\/elregionalvm.com.ar\/noticias-villa-maria\/wp-content\/uploads\/2024\/01\/WhatsApp-Image-2024-01-25-at-13.56.53-1024x683.jpeg","datePublished":"2024-01-25T17:21:32+00:00","dateModified":"2024-01-25T17:21:35+00:00","author":{"@id":"http:\/\/elregionalvm.com.ar\/noticias-villa-maria\/#\/schema\/person\/a0fb9c422317faca23d50163151bc354"},"breadcrumb":{"@id":"https:\/\/elregionalvm.com.ar\/noticias-villa-maria\/accastello-presento-el-festival-internacional-de-penas-en-las-localidades-de-general-deheza-y-rio-cuarto\/#breadcrumb"},"inLanguage":"es","potentialAction":[{"@type":"ReadAction","target":["https:\/\/elregionalvm.com.ar\/noticias-villa-maria\/accastello-presento-el-festival-internacional-de-penas-en-las-localidades-de-general-deheza-y-rio-cuarto\/"]}]},{"@type":"ImageObject","inLanguage":"es","@id":"https:\/\/elregionalvm.com.ar\/noticias-villa-maria\/accastello-presento-el-festival-internacional-de-penas-en-las-localidades-de-general-deheza-y-rio-cuarto\/#primaryimage","url":"https:\/\/elregionalvm.com.ar\/noticias-villa-maria\/wp-content\/uploads\/2024\/01\/WhatsApp-Image-2024-01-25-at-13.56.53-1024x683.jpeg","contentUrl":"https:\/\/elregionalvm.com.ar\/noticias-villa-maria\/wp-content\/uploads\/2024\/01\/WhatsApp-Image-2024-01-25-at-13.56.53-1024x683.jpeg"},{"@type":"BreadcrumbList","@id":"https:\/\/elregionalvm.com.ar\/noticias-villa-maria\/accastello-presento-el-festival-internacional-de-penas-en-las-localidades-de-general-deheza-y-rio-cuarto\/#breadcrumb","itemListElement":[{"@type":"ListItem","position":1,"name":"Portada","item":"https:\/\/elregionalvm.com.ar\/noticias-villa-maria\/"},{"@type":"ListItem","position":2,"name":"Accastello present\u00f3 el Festival Internacional de Pe\u00f1as en las localidades de General Deheza y R\u00edo Cuarto"}]},{"@type":"WebSite","@id":"http:\/\/elregionalvm.com.ar\/noticias-villa-maria\/#website","url":"http:\/\/elregionalvm.com.ar\/noticias-villa-maria\/","name":"El Regional","description":"Mucho m\u00e1s que informaci\u00f3n","potentialAction":[{"@type":"SearchAction","target":{"@type":"EntryPoint","urlTemplate":"http:\/\/elregionalvm.com.ar\/noticias-villa-maria\/?s={search_term_string}"},"query-input":{"@type":"PropertyValueSpecification","valueRequired":true,"valueName":"search_term_string"}}],"inLanguage":"es"},{"@type":"Person","@id":"http:\/\/elregionalvm.com.ar\/noticias-villa-maria\/#\/schema\/person\/a0fb9c422317faca23d50163151bc354","name":"Contenidos El Regional","image":{"@type":"ImageObject","inLanguage":"es","@id":"http:\/\/elregionalvm.com.ar\/noticias-villa-maria\/#\/schema\/person\/image\/","url":"https:\/\/secure.gravatar.com\/avatar\/265b27cb2209af7bb3a1318f03305787d7981a5cc6e6cd08fe5a4ecdf99d4b48?s=96&d=mm&r=g","contentUrl":"https:\/\/secure.gravatar.com\/avatar\/265b27cb2209af7bb3a1318f03305787d7981a5cc6e6cd08fe5a4ecdf99d4b48?s=96&d=mm&r=g","caption":"Contenidos El Regional"},"url":"https:\/\/elregionalvm.com.ar\/noticias-villa-maria\/author\/contenido\/"}]}},"jetpack_featured_media_url":"","jetpack_sharing_enabled":true,"_links":{"self":[{"href":"https:\/\/elregionalvm.com.ar\/noticias-villa-maria\/wp-json\/wp\/v2\/posts\/89024","targetHints":{"allow":["GET"]}}],"collection":[{"href":"https:\/\/elregionalvm.com.ar\/noticias-villa-maria\/wp-json\/wp\/v2\/posts"}],"about":[{"href":"https:\/\/elregionalvm.com.ar\/noticias-villa-maria\/wp-json\/wp\/v2\/types\/post"}],"author":[{"embeddable":true,"href":"https:\/\/elregionalvm.com.ar\/noticias-villa-maria\/wp-json\/wp\/v2\/users\/4"}],"replies":[{"embeddable":true,"href":"https:\/\/elregionalvm.com.ar\/noticias-villa-maria\/wp-json\/wp\/v2\/comments?post=89024"}],"version-history":[{"count":1,"href":"https:\/\/elregionalvm.com.ar\/noticias-villa-maria\/wp-json\/wp\/v2\/posts\/89024\/revisions"}],"predecessor-version":[{"id":89029,"href":"https:\/\/elregionalvm.com.ar\/noticias-villa-maria\/wp-json\/wp\/v2\/posts\/89024\/revisions\/89029"}],"wp:attachment":[{"href":"https:\/\/elregionalvm.com.ar\/noticias-villa-maria\/wp-json\/wp\/v2\/media?parent=89024"}],"wp:term":[{"taxonomy":"category","embeddable":true,"href":"https:\/\/elregionalvm.com.ar\/noticias-villa-maria\/wp-json\/wp\/v2\/categories?post=89024"},{"taxonomy":"post_tag","embeddable":true,"href":"https:\/\/elregionalvm.com.ar\/noticias-villa-maria\/wp-json\/wp\/v2\/tags?post=89024"}],"curies":[{"name":"wp","href":"https:\/\/api.w.org\/{rel}","templated":true}]}}