{"id":89033,"date":"2024-01-25T17:33:00","date_gmt":"2024-01-25T17:33:00","guid":{"rendered":"https:\/\/elregionalvm.com.ar\/noticias-villa-maria\/?p=89033"},"modified":"2024-01-25T17:33:01","modified_gmt":"2024-01-25T17:33:01","slug":"distintas-organizaciones-marcharon-en-la-tarde-de-ayer-en-la-plaza-centenario-en-rechazo-de-la-ley-omnibus","status":"publish","type":"post","link":"https:\/\/elregionalvm.com.ar\/noticias-villa-maria\/distintas-organizaciones-marcharon-en-la-tarde-de-ayer-en-la-plaza-centenario-en-rechazo-de-la-ley-omnibus\/","title":{"rendered":"Distintas organizaciones marcharon en la tarde de ayer en la Plaza Centenario en rechazo de la Ley \u00d3mnibus"},"content":{"rendered":"\n<p>En una jornada marcada por la movilizaci\u00f3n a nivel nacional en repudio a la&nbsp;ley \u00f3mnibus&nbsp;propuesta por el gobierno de Javier Milei, diversas organizaciones gremiales de Villa Mar\u00eda se congregaron en la emblem\u00e1tica Plaza Centenario para expresar su rechazo a esta legislaci\u00f3n.<\/p>\n\n\n\n<p>La convocatoria, enmarcada en el Paro Nacional, cont\u00f3 con la participaci\u00f3n activa de gremios estatales y privados, unificando sus voces en contra de la mencionada ley.<\/p>\n\n\n\n<p>Fuentes policiales estimaron que entre 400 y 500 personas se sumaron a la movilizaci\u00f3n, mientras que desde al organizaci\u00f3n calcularon en 1.200.<\/p>\n\n\n\n<p>M\u00e1s all\u00e1 del n\u00famero final, la participaci\u00f3n fue alta para lo que suelen ser las marchas en Villa Mar\u00eda, reflejando la diversidad de sectores que se ven afectados por esta legislaci\u00f3n.<\/p>\n\n\n\n<p>Antes del inicio de la marcha, se llevaron a cabo expresiones art\u00edsticas y pol\u00edticas que buscaban visibilizar las preocupaciones de los manifestantes.<\/p>\n\n\n\n<p>La movilizaci\u00f3n fue encabezada por una imponente bandera de la CGT, cuyos integrantes culminaron el recorrido entonando la Marcha Peronista.<\/p>\n\n\n\n<p>Tambi\u00e9n se vieron banderas y pancartas de&nbsp;CTA&nbsp;y de gremios como&nbsp;ATE, Uocra, Camioneros, Apuvim, Uepc, Aoita, Uatre, Uthgra, SEP, La Bancaria, CEC, Utedyc, adem\u00e1s de organizaciones pol\u00edticas y culturales.<\/p>\n\n\n\n<p>A pesar de la masiva movilizaci\u00f3n a nivel nacional, en Villa Mar\u00eda, el impacto del paro fue pr\u00e1cticamente imperceptible.<\/p>\n\n\n\n<p>La actividad comercial se desarroll\u00f3 con normalidad, el transporte urbano oper\u00f3 durante casi todo el d\u00eda, y los bancos abrieron sus puertas al p\u00fablico hasta las 12:00, lo que hizo que la medida de fuerza casi no se sintiera.<\/p>\n\n\n\n<p>Organismos p\u00fablicos como Anses, Pami y la Municipalidad de Villa Mar\u00eda mantuvieron su atenci\u00f3n al p\u00fablico durante la ma\u00f1ana.<\/p>\n","protected":false},"excerpt":{"rendered":"<p>En una jornada marcada por la movilizaci\u00f3n a nivel nacional en repudio a la&nbsp;ley \u00f3mnibus&nbsp;propuesta por el gobierno de Javier Milei, diversas organizaciones gremiales de Villa Mar\u00eda se congregaron en la emblem\u00e1tica Plaza Centenario para expresar su rechazo a esta legislaci\u00f3n. La convocatoria, enmarcada en el Paro Nacional, cont\u00f3 con la participaci\u00f3n activa de gremios [&hellip;]<\/p>\n","protected":false},"author":4,"featured_media":89034,"comment_status":"open","ping_status":"open","sticky":false,"template":"","format":"standard","meta":{"site-sidebar-layout":"default","site-content-layout":"","ast-site-content-layout":"default","site-content-style":"default","site-sidebar-style":"default","ast-global-header-display":"","ast-banner-title-visibility":"","ast-main-header-display":"","ast-hfb-above-header-display":"","ast-hfb-below-header-display":"","ast-hfb-mobile-header-display":"","site-post-title":"","ast-breadcrumbs-content":"","ast-featured-img":"","footer-sml-layout":"","ast-disable-related-posts":"","theme-transparent-header-meta":"","adv-header-id-meta":"","stick-header-meta":"","header-above-stick-meta":"","header-main-stick-meta":"","header-below-stick-meta":"","astra-migrate-meta-layouts":"set","ast-page-background-enabled":"default","ast-page-background-meta":{"desktop":{"background-color":"","background-image":"","background-repeat":"repeat","background-position":"center center","background-size":"auto","background-attachment":"scroll","background-type":"","background-media":"","overlay-type":"","overlay-color":"","overlay-opacity":"","overlay-gradient":""},"tablet":{"background-color":"","background-image":"","background-repeat":"repeat","background-position":"center center","background-size":"auto","background-attachment":"scroll","background-type":"","background-media":"","overlay-type":"","overlay-color":"","overlay-opacity":"","overlay-gradient":""},"mobile":{"background-color":"","background-image":"","background-repeat":"repeat","background-position":"center center","background-size":"auto","background-attachment":"scroll","background-type":"","background-media":"","overlay-type":"","overlay-color":"","overlay-opacity":"","overlay-gradient":""}},"ast-content-background-meta":{"desktop":{"background-color":"var(--ast-global-color-5)","background-image":"","background-repeat":"repeat","background-position":"center center","background-size":"auto","background-attachment":"scroll","background-type":"","background-media":"","overlay-type":"","overlay-color":"","overlay-opacity":"","overlay-gradient":""},"tablet":{"background-color":"var(--ast-global-color-5)","background-image":"","background-repeat":"repeat","background-position":"center center","background-size":"auto","background-attachment":"scroll","background-type":"","background-media":"","overlay-type":"","overlay-color":"","overlay-opacity":"","overlay-gradient":""},"mobile":{"background-color":"var(--ast-global-color-5)","background-image":"","background-repeat":"repeat","background-position":"center center","background-size":"auto","background-attachment":"scroll","background-type":"","background-media":"","overlay-type":"","overlay-color":"","overlay-opacity":"","overlay-gradient":""}},"_jetpack_memberships_contains_paid_content":false,"_joinchat":[],"footnotes":""},"categories":[15302,5,2],"tags":[],"class_list":["post-89033","post","type-post","status-publish","format-standard","has-post-thumbnail","hentry","category-destacado","category-sociedad","category-villa-maria"],"yoast_head":"<!-- This site is optimized with the Yoast SEO plugin v26.8 - https:\/\/yoast.com\/product\/yoast-seo-wordpress\/ -->\n<title>Distintas organizaciones marcharon en la tarde de ayer en la Plaza Centenario en rechazo de la Ley \u00d3mnibus - El Regional<\/title>\n<meta name=\"robots\" content=\"index, follow, max-snippet:-1, max-image-preview:large, max-video-preview:-1\" \/>\n<link rel=\"canonical\" href=\"https:\/\/elregionalvm.com.ar\/noticias-villa-maria\/distintas-organizaciones-marcharon-en-la-tarde-de-ayer-en-la-plaza-centenario-en-rechazo-de-la-ley-omnibus\/\" \/>\n<meta property=\"og:locale\" content=\"es_ES\" \/>\n<meta property=\"og:type\" content=\"article\" \/>\n<meta property=\"og:title\" content=\"Distintas organizaciones marcharon en la tarde de ayer en la Plaza Centenario en rechazo de la Ley \u00d3mnibus - El Regional\" \/>\n<meta property=\"og:description\" content=\"En una jornada marcada por la movilizaci\u00f3n a nivel nacional en repudio a la&nbsp;ley \u00f3mnibus&nbsp;propuesta por el gobierno de Javier Milei, diversas organizaciones gremiales de Villa Mar\u00eda se congregaron en la emblem\u00e1tica Plaza Centenario para expresar su rechazo a esta legislaci\u00f3n. La convocatoria, enmarcada en el Paro Nacional, cont\u00f3 con la participaci\u00f3n activa de gremios [&hellip;]\" \/>\n<meta property=\"og:url\" content=\"https:\/\/elregionalvm.com.ar\/noticias-villa-maria\/distintas-organizaciones-marcharon-en-la-tarde-de-ayer-en-la-plaza-centenario-en-rechazo-de-la-ley-omnibus\/\" \/>\n<meta property=\"og:site_name\" content=\"El Regional\" \/>\n<meta property=\"article:publisher\" content=\"https:\/\/www.facebook.com\/elregionalvm\" \/>\n<meta property=\"article:published_time\" content=\"2024-01-25T17:33:00+00:00\" \/>\n<meta property=\"article:modified_time\" content=\"2024-01-25T17:33:01+00:00\" \/>\n<meta property=\"og:image\" content=\"https:\/\/elregionalvm.com.ar\/noticias-villa-maria\/wp-content\/uploads\/2024\/01\/f685x385-119853_157546_5050.webp\" \/>\n\t<meta property=\"og:image:width\" content=\"685\" \/>\n\t<meta property=\"og:image:height\" content=\"385\" \/>\n\t<meta property=\"og:image:type\" content=\"image\/webp\" \/>\n<meta name=\"author\" content=\"Contenidos El Regional\" \/>\n<meta name=\"twitter:card\" content=\"summary_large_image\" \/>\n<meta name=\"twitter:creator\" content=\"@elregionalvm1\" \/>\n<meta name=\"twitter:site\" content=\"@elregionalvm1\" \/>\n<meta name=\"twitter:label1\" content=\"Escrito por\" \/>\n\t<meta name=\"twitter:data1\" content=\"Contenidos El Regional\" \/>\n\t<meta name=\"twitter:label2\" content=\"Tiempo de lectura\" \/>\n\t<meta name=\"twitter:data2\" content=\"2 minutos\" \/>\n<script type=\"application\/ld+json\" class=\"yoast-schema-graph\">{\"@context\":\"https:\/\/schema.org\",\"@graph\":[{\"@type\":\"Article\",\"@id\":\"https:\/\/elregionalvm.com.ar\/noticias-villa-maria\/distintas-organizaciones-marcharon-en-la-tarde-de-ayer-en-la-plaza-centenario-en-rechazo-de-la-ley-omnibus\/#article\",\"isPartOf\":{\"@id\":\"https:\/\/elregionalvm.com.ar\/noticias-villa-maria\/distintas-organizaciones-marcharon-en-la-tarde-de-ayer-en-la-plaza-centenario-en-rechazo-de-la-ley-omnibus\/\"},\"author\":{\"name\":\"Contenidos El Regional\",\"@id\":\"http:\/\/elregionalvm.com.ar\/noticias-villa-maria\/#\/schema\/person\/a0fb9c422317faca23d50163151bc354\"},\"headline\":\"Distintas organizaciones marcharon en la tarde de ayer en la Plaza Centenario en rechazo de la Ley \u00d3mnibus\",\"datePublished\":\"2024-01-25T17:33:00+00:00\",\"dateModified\":\"2024-01-25T17:33:01+00:00\",\"mainEntityOfPage\":{\"@id\":\"https:\/\/elregionalvm.com.ar\/noticias-villa-maria\/distintas-organizaciones-marcharon-en-la-tarde-de-ayer-en-la-plaza-centenario-en-rechazo-de-la-ley-omnibus\/\"},\"wordCount\":319,\"commentCount\":0,\"image\":{\"@id\":\"https:\/\/elregionalvm.com.ar\/noticias-villa-maria\/distintas-organizaciones-marcharon-en-la-tarde-de-ayer-en-la-plaza-centenario-en-rechazo-de-la-ley-omnibus\/#primaryimage\"},\"thumbnailUrl\":\"https:\/\/i0.wp.com\/elregionalvm.com.ar\/noticias-villa-maria\/wp-content\/uploads\/2024\/01\/f685x385-119853_157546_5050.webp?fit=685%2C385&ssl=1\",\"articleSection\":[\"destacado\",\"Sociedad\",\"Villa Mar\u00eda\"],\"inLanguage\":\"es\",\"potentialAction\":[{\"@type\":\"CommentAction\",\"name\":\"Comment\",\"target\":[\"https:\/\/elregionalvm.com.ar\/noticias-villa-maria\/distintas-organizaciones-marcharon-en-la-tarde-de-ayer-en-la-plaza-centenario-en-rechazo-de-la-ley-omnibus\/#respond\"]}]},{\"@type\":\"WebPage\",\"@id\":\"https:\/\/elregionalvm.com.ar\/noticias-villa-maria\/distintas-organizaciones-marcharon-en-la-tarde-de-ayer-en-la-plaza-centenario-en-rechazo-de-la-ley-omnibus\/\",\"url\":\"https:\/\/elregionalvm.com.ar\/noticias-villa-maria\/distintas-organizaciones-marcharon-en-la-tarde-de-ayer-en-la-plaza-centenario-en-rechazo-de-la-ley-omnibus\/\",\"name\":\"Distintas organizaciones marcharon en la tarde de ayer en la Plaza Centenario en rechazo de la Ley \u00d3mnibus - El Regional\",\"isPartOf\":{\"@id\":\"http:\/\/elregionalvm.com.ar\/noticias-villa-maria\/#website\"},\"primaryImageOfPage\":{\"@id\":\"https:\/\/elregionalvm.com.ar\/noticias-villa-maria\/distintas-organizaciones-marcharon-en-la-tarde-de-ayer-en-la-plaza-centenario-en-rechazo-de-la-ley-omnibus\/#primaryimage\"},\"image\":{\"@id\":\"https:\/\/elregionalvm.com.ar\/noticias-villa-maria\/distintas-organizaciones-marcharon-en-la-tarde-de-ayer-en-la-plaza-centenario-en-rechazo-de-la-ley-omnibus\/#primaryimage\"},\"thumbnailUrl\":\"https:\/\/i0.wp.com\/elregionalvm.com.ar\/noticias-villa-maria\/wp-content\/uploads\/2024\/01\/f685x385-119853_157546_5050.webp?fit=685%2C385&ssl=1\",\"datePublished\":\"2024-01-25T17:33:00+00:00\",\"dateModified\":\"2024-01-25T17:33:01+00:00\",\"author\":{\"@id\":\"http:\/\/elregionalvm.com.ar\/noticias-villa-maria\/#\/schema\/person\/a0fb9c422317faca23d50163151bc354\"},\"breadcrumb\":{\"@id\":\"https:\/\/elregionalvm.com.ar\/noticias-villa-maria\/distintas-organizaciones-marcharon-en-la-tarde-de-ayer-en-la-plaza-centenario-en-rechazo-de-la-ley-omnibus\/#breadcrumb\"},\"inLanguage\":\"es\",\"potentialAction\":[{\"@type\":\"ReadAction\",\"target\":[\"https:\/\/elregionalvm.com.ar\/noticias-villa-maria\/distintas-organizaciones-marcharon-en-la-tarde-de-ayer-en-la-plaza-centenario-en-rechazo-de-la-ley-omnibus\/\"]}]},{\"@type\":\"ImageObject\",\"inLanguage\":\"es\",\"@id\":\"https:\/\/elregionalvm.com.ar\/noticias-villa-maria\/distintas-organizaciones-marcharon-en-la-tarde-de-ayer-en-la-plaza-centenario-en-rechazo-de-la-ley-omnibus\/#primaryimage\",\"url\":\"https:\/\/i0.wp.com\/elregionalvm.com.ar\/noticias-villa-maria\/wp-content\/uploads\/2024\/01\/f685x385-119853_157546_5050.webp?fit=685%2C385&ssl=1\",\"contentUrl\":\"https:\/\/i0.wp.com\/elregionalvm.com.ar\/noticias-villa-maria\/wp-content\/uploads\/2024\/01\/f685x385-119853_157546_5050.webp?fit=685%2C385&ssl=1\",\"width\":685,\"height\":385},{\"@type\":\"BreadcrumbList\",\"@id\":\"https:\/\/elregionalvm.com.ar\/noticias-villa-maria\/distintas-organizaciones-marcharon-en-la-tarde-de-ayer-en-la-plaza-centenario-en-rechazo-de-la-ley-omnibus\/#breadcrumb\",\"itemListElement\":[{\"@type\":\"ListItem\",\"position\":1,\"name\":\"Portada\",\"item\":\"https:\/\/elregionalvm.com.ar\/noticias-villa-maria\/\"},{\"@type\":\"ListItem\",\"position\":2,\"name\":\"Distintas organizaciones marcharon en la tarde de ayer en la Plaza Centenario en rechazo de la Ley \u00d3mnibus\"}]},{\"@type\":\"WebSite\",\"@id\":\"http:\/\/elregionalvm.com.ar\/noticias-villa-maria\/#website\",\"url\":\"http:\/\/elregionalvm.com.ar\/noticias-villa-maria\/\",\"name\":\"El Regional\",\"description\":\"Mucho m\u00e1s que informaci\u00f3n\",\"potentialAction\":[{\"@type\":\"SearchAction\",\"target\":{\"@type\":\"EntryPoint\",\"urlTemplate\":\"http:\/\/elregionalvm.com.ar\/noticias-villa-maria\/?s={search_term_string}\"},\"query-input\":{\"@type\":\"PropertyValueSpecification\",\"valueRequired\":true,\"valueName\":\"search_term_string\"}}],\"inLanguage\":\"es\"},{\"@type\":\"Person\",\"@id\":\"http:\/\/elregionalvm.com.ar\/noticias-villa-maria\/#\/schema\/person\/a0fb9c422317faca23d50163151bc354\",\"name\":\"Contenidos El Regional\",\"image\":{\"@type\":\"ImageObject\",\"inLanguage\":\"es\",\"@id\":\"http:\/\/elregionalvm.com.ar\/noticias-villa-maria\/#\/schema\/person\/image\/\",\"url\":\"https:\/\/secure.gravatar.com\/avatar\/265b27cb2209af7bb3a1318f03305787d7981a5cc6e6cd08fe5a4ecdf99d4b48?s=96&d=mm&r=g\",\"contentUrl\":\"https:\/\/secure.gravatar.com\/avatar\/265b27cb2209af7bb3a1318f03305787d7981a5cc6e6cd08fe5a4ecdf99d4b48?s=96&d=mm&r=g\",\"caption\":\"Contenidos El Regional\"},\"url\":\"https:\/\/elregionalvm.com.ar\/noticias-villa-maria\/author\/contenido\/\"}]}<\/script>\n<!-- \/ Yoast SEO plugin. -->","yoast_head_json":{"title":"Distintas organizaciones marcharon en la tarde de ayer en la Plaza Centenario en rechazo de la Ley \u00d3mnibus - El Regional","robots":{"index":"index","follow":"follow","max-snippet":"max-snippet:-1","max-image-preview":"max-image-preview:large","max-video-preview":"max-video-preview:-1"},"canonical":"https:\/\/elregionalvm.com.ar\/noticias-villa-maria\/distintas-organizaciones-marcharon-en-la-tarde-de-ayer-en-la-plaza-centenario-en-rechazo-de-la-ley-omnibus\/","og_locale":"es_ES","og_type":"article","og_title":"Distintas organizaciones marcharon en la tarde de ayer en la Plaza Centenario en rechazo de la Ley \u00d3mnibus - El Regional","og_description":"En una jornada marcada por la movilizaci\u00f3n a nivel nacional en repudio a la&nbsp;ley \u00f3mnibus&nbsp;propuesta por el gobierno de Javier Milei, diversas organizaciones gremiales de Villa Mar\u00eda se congregaron en la emblem\u00e1tica Plaza Centenario para expresar su rechazo a esta legislaci\u00f3n. La convocatoria, enmarcada en el Paro Nacional, cont\u00f3 con la participaci\u00f3n activa de gremios [&hellip;]","og_url":"https:\/\/elregionalvm.com.ar\/noticias-villa-maria\/distintas-organizaciones-marcharon-en-la-tarde-de-ayer-en-la-plaza-centenario-en-rechazo-de-la-ley-omnibus\/","og_site_name":"El Regional","article_publisher":"https:\/\/www.facebook.com\/elregionalvm","article_published_time":"2024-01-25T17:33:00+00:00","article_modified_time":"2024-01-25T17:33:01+00:00","og_image":[{"width":685,"height":385,"url":"https:\/\/elregionalvm.com.ar\/noticias-villa-maria\/wp-content\/uploads\/2024\/01\/f685x385-119853_157546_5050.webp","type":"image\/webp"}],"author":"Contenidos El Regional","twitter_card":"summary_large_image","twitter_creator":"@elregionalvm1","twitter_site":"@elregionalvm1","twitter_misc":{"Escrito por":"Contenidos El Regional","Tiempo de lectura":"2 minutos"},"schema":{"@context":"https:\/\/schema.org","@graph":[{"@type":"Article","@id":"https:\/\/elregionalvm.com.ar\/noticias-villa-maria\/distintas-organizaciones-marcharon-en-la-tarde-de-ayer-en-la-plaza-centenario-en-rechazo-de-la-ley-omnibus\/#article","isPartOf":{"@id":"https:\/\/elregionalvm.com.ar\/noticias-villa-maria\/distintas-organizaciones-marcharon-en-la-tarde-de-ayer-en-la-plaza-centenario-en-rechazo-de-la-ley-omnibus\/"},"author":{"name":"Contenidos El Regional","@id":"http:\/\/elregionalvm.com.ar\/noticias-villa-maria\/#\/schema\/person\/a0fb9c422317faca23d50163151bc354"},"headline":"Distintas organizaciones marcharon en la tarde de ayer en la Plaza Centenario en rechazo de la Ley \u00d3mnibus","datePublished":"2024-01-25T17:33:00+00:00","dateModified":"2024-01-25T17:33:01+00:00","mainEntityOfPage":{"@id":"https:\/\/elregionalvm.com.ar\/noticias-villa-maria\/distintas-organizaciones-marcharon-en-la-tarde-de-ayer-en-la-plaza-centenario-en-rechazo-de-la-ley-omnibus\/"},"wordCount":319,"commentCount":0,"image":{"@id":"https:\/\/elregionalvm.com.ar\/noticias-villa-maria\/distintas-organizaciones-marcharon-en-la-tarde-de-ayer-en-la-plaza-centenario-en-rechazo-de-la-ley-omnibus\/#primaryimage"},"thumbnailUrl":"https:\/\/i0.wp.com\/elregionalvm.com.ar\/noticias-villa-maria\/wp-content\/uploads\/2024\/01\/f685x385-119853_157546_5050.webp?fit=685%2C385&ssl=1","articleSection":["destacado","Sociedad","Villa Mar\u00eda"],"inLanguage":"es","potentialAction":[{"@type":"CommentAction","name":"Comment","target":["https:\/\/elregionalvm.com.ar\/noticias-villa-maria\/distintas-organizaciones-marcharon-en-la-tarde-de-ayer-en-la-plaza-centenario-en-rechazo-de-la-ley-omnibus\/#respond"]}]},{"@type":"WebPage","@id":"https:\/\/elregionalvm.com.ar\/noticias-villa-maria\/distintas-organizaciones-marcharon-en-la-tarde-de-ayer-en-la-plaza-centenario-en-rechazo-de-la-ley-omnibus\/","url":"https:\/\/elregionalvm.com.ar\/noticias-villa-maria\/distintas-organizaciones-marcharon-en-la-tarde-de-ayer-en-la-plaza-centenario-en-rechazo-de-la-ley-omnibus\/","name":"Distintas organizaciones marcharon en la tarde de ayer en la Plaza Centenario en rechazo de la Ley \u00d3mnibus - El Regional","isPartOf":{"@id":"http:\/\/elregionalvm.com.ar\/noticias-villa-maria\/#website"},"primaryImageOfPage":{"@id":"https:\/\/elregionalvm.com.ar\/noticias-villa-maria\/distintas-organizaciones-marcharon-en-la-tarde-de-ayer-en-la-plaza-centenario-en-rechazo-de-la-ley-omnibus\/#primaryimage"},"image":{"@id":"https:\/\/elregionalvm.com.ar\/noticias-villa-maria\/distintas-organizaciones-marcharon-en-la-tarde-de-ayer-en-la-plaza-centenario-en-rechazo-de-la-ley-omnibus\/#primaryimage"},"thumbnailUrl":"https:\/\/i0.wp.com\/elregionalvm.com.ar\/noticias-villa-maria\/wp-content\/uploads\/2024\/01\/f685x385-119853_157546_5050.webp?fit=685%2C385&ssl=1","datePublished":"2024-01-25T17:33:00+00:00","dateModified":"2024-01-25T17:33:01+00:00","author":{"@id":"http:\/\/elregionalvm.com.ar\/noticias-villa-maria\/#\/schema\/person\/a0fb9c422317faca23d50163151bc354"},"breadcrumb":{"@id":"https:\/\/elregionalvm.com.ar\/noticias-villa-maria\/distintas-organizaciones-marcharon-en-la-tarde-de-ayer-en-la-plaza-centenario-en-rechazo-de-la-ley-omnibus\/#breadcrumb"},"inLanguage":"es","potentialAction":[{"@type":"ReadAction","target":["https:\/\/elregionalvm.com.ar\/noticias-villa-maria\/distintas-organizaciones-marcharon-en-la-tarde-de-ayer-en-la-plaza-centenario-en-rechazo-de-la-ley-omnibus\/"]}]},{"@type":"ImageObject","inLanguage":"es","@id":"https:\/\/elregionalvm.com.ar\/noticias-villa-maria\/distintas-organizaciones-marcharon-en-la-tarde-de-ayer-en-la-plaza-centenario-en-rechazo-de-la-ley-omnibus\/#primaryimage","url":"https:\/\/i0.wp.com\/elregionalvm.com.ar\/noticias-villa-maria\/wp-content\/uploads\/2024\/01\/f685x385-119853_157546_5050.webp?fit=685%2C385&ssl=1","contentUrl":"https:\/\/i0.wp.com\/elregionalvm.com.ar\/noticias-villa-maria\/wp-content\/uploads\/2024\/01\/f685x385-119853_157546_5050.webp?fit=685%2C385&ssl=1","width":685,"height":385},{"@type":"BreadcrumbList","@id":"https:\/\/elregionalvm.com.ar\/noticias-villa-maria\/distintas-organizaciones-marcharon-en-la-tarde-de-ayer-en-la-plaza-centenario-en-rechazo-de-la-ley-omnibus\/#breadcrumb","itemListElement":[{"@type":"ListItem","position":1,"name":"Portada","item":"https:\/\/elregionalvm.com.ar\/noticias-villa-maria\/"},{"@type":"ListItem","position":2,"name":"Distintas organizaciones marcharon en la tarde de ayer en la Plaza Centenario en rechazo de la Ley \u00d3mnibus"}]},{"@type":"WebSite","@id":"http:\/\/elregionalvm.com.ar\/noticias-villa-maria\/#website","url":"http:\/\/elregionalvm.com.ar\/noticias-villa-maria\/","name":"El Regional","description":"Mucho m\u00e1s que informaci\u00f3n","potentialAction":[{"@type":"SearchAction","target":{"@type":"EntryPoint","urlTemplate":"http:\/\/elregionalvm.com.ar\/noticias-villa-maria\/?s={search_term_string}"},"query-input":{"@type":"PropertyValueSpecification","valueRequired":true,"valueName":"search_term_string"}}],"inLanguage":"es"},{"@type":"Person","@id":"http:\/\/elregionalvm.com.ar\/noticias-villa-maria\/#\/schema\/person\/a0fb9c422317faca23d50163151bc354","name":"Contenidos El Regional","image":{"@type":"ImageObject","inLanguage":"es","@id":"http:\/\/elregionalvm.com.ar\/noticias-villa-maria\/#\/schema\/person\/image\/","url":"https:\/\/secure.gravatar.com\/avatar\/265b27cb2209af7bb3a1318f03305787d7981a5cc6e6cd08fe5a4ecdf99d4b48?s=96&d=mm&r=g","contentUrl":"https:\/\/secure.gravatar.com\/avatar\/265b27cb2209af7bb3a1318f03305787d7981a5cc6e6cd08fe5a4ecdf99d4b48?s=96&d=mm&r=g","caption":"Contenidos El Regional"},"url":"https:\/\/elregionalvm.com.ar\/noticias-villa-maria\/author\/contenido\/"}]}},"jetpack_featured_media_url":"https:\/\/i0.wp.com\/elregionalvm.com.ar\/noticias-villa-maria\/wp-content\/uploads\/2024\/01\/f685x385-119853_157546_5050.webp?fit=685%2C385&ssl=1","jetpack_sharing_enabled":true,"_links":{"self":[{"href":"https:\/\/elregionalvm.com.ar\/noticias-villa-maria\/wp-json\/wp\/v2\/posts\/89033","targetHints":{"allow":["GET"]}}],"collection":[{"href":"https:\/\/elregionalvm.com.ar\/noticias-villa-maria\/wp-json\/wp\/v2\/posts"}],"about":[{"href":"https:\/\/elregionalvm.com.ar\/noticias-villa-maria\/wp-json\/wp\/v2\/types\/post"}],"author":[{"embeddable":true,"href":"https:\/\/elregionalvm.com.ar\/noticias-villa-maria\/wp-json\/wp\/v2\/users\/4"}],"replies":[{"embeddable":true,"href":"https:\/\/elregionalvm.com.ar\/noticias-villa-maria\/wp-json\/wp\/v2\/comments?post=89033"}],"version-history":[{"count":1,"href":"https:\/\/elregionalvm.com.ar\/noticias-villa-maria\/wp-json\/wp\/v2\/posts\/89033\/revisions"}],"predecessor-version":[{"id":89035,"href":"https:\/\/elregionalvm.com.ar\/noticias-villa-maria\/wp-json\/wp\/v2\/posts\/89033\/revisions\/89035"}],"wp:featuredmedia":[{"embeddable":true,"href":"https:\/\/elregionalvm.com.ar\/noticias-villa-maria\/wp-json\/wp\/v2\/media\/89034"}],"wp:attachment":[{"href":"https:\/\/elregionalvm.com.ar\/noticias-villa-maria\/wp-json\/wp\/v2\/media?parent=89033"}],"wp:term":[{"taxonomy":"category","embeddable":true,"href":"https:\/\/elregionalvm.com.ar\/noticias-villa-maria\/wp-json\/wp\/v2\/categories?post=89033"},{"taxonomy":"post_tag","embeddable":true,"href":"https:\/\/elregionalvm.com.ar\/noticias-villa-maria\/wp-json\/wp\/v2\/tags?post=89033"}],"curies":[{"name":"wp","href":"https:\/\/api.w.org\/{rel}","templated":true}]}}