{"id":89036,"date":"2024-01-25T17:43:54","date_gmt":"2024-01-25T17:43:54","guid":{"rendered":"https:\/\/elregionalvm.com.ar\/noticias-villa-maria\/?p=89036"},"modified":"2024-01-25T17:43:55","modified_gmt":"2024-01-25T17:43:55","slug":"la-terminal-de-omnibus-de-cordoba-se-renueva","status":"publish","type":"post","link":"https:\/\/elregionalvm.com.ar\/noticias-villa-maria\/la-terminal-de-omnibus-de-cordoba-se-renueva\/","title":{"rendered":"La Terminal de \u00d3mnibus de C\u00f3rdoba se renueva"},"content":{"rendered":"\n<ul class=\"wp-block-list\">\n<li><strong>Las primeras fases del proyecto se centran en el t\u00fanel de acceso, que ser\u00e1 transformado en una experiencia visual.<\/strong><\/li>\n\n\n\n<li><strong>Las \u00e1reas comunes y de servicios de la terminal tambi\u00e9n ser\u00e1n remodeladas.<\/strong><\/li>\n\n\n\n<li><strong>Se proyecta tambi\u00e9n una renovaci\u00f3n completa de la Terminal T1.<\/strong><\/li>\n<\/ul>\n\n\n\n<p>La&nbsp;<strong>Terminal de \u00d3mnibus de C\u00f3rdoba<\/strong>&nbsp;inici\u00f3 un proyecto de renovaci\u00f3n y reforma, con el objetivo de ofrecer un espacio m\u00e1s funcional, moderno y est\u00e9ticamente agradable.<\/p>\n\n\n\n<p>Las primeras fases del proyecto se centran en el t\u00fanel de acceso, d\u00f3nde comenz\u00f3 a pintarse ambos extremos.<\/p>\n\n\n\n<figure class=\"wp-block-image size-full\"><img data-recalc-dims=\"1\" fetchpriority=\"high\" decoding=\"async\" width=\"819\" height=\"577\" src=\"https:\/\/i0.wp.com\/elregionalvm.com.ar\/noticias-villa-maria\/wp-content\/uploads\/2024\/01\/WhatsApp-Image-2024-01-25-at-08.14.48-1.jpeg?resize=819%2C577&#038;ssl=1\" alt=\"\" class=\"wp-image-89038\" srcset=\"https:\/\/i0.wp.com\/elregionalvm.com.ar\/noticias-villa-maria\/wp-content\/uploads\/2024\/01\/WhatsApp-Image-2024-01-25-at-08.14.48-1.jpeg?w=819&amp;ssl=1 819w, https:\/\/i0.wp.com\/elregionalvm.com.ar\/noticias-villa-maria\/wp-content\/uploads\/2024\/01\/WhatsApp-Image-2024-01-25-at-08.14.48-1.jpeg?resize=300%2C211&amp;ssl=1 300w, https:\/\/i0.wp.com\/elregionalvm.com.ar\/noticias-villa-maria\/wp-content\/uploads\/2024\/01\/WhatsApp-Image-2024-01-25-at-08.14.48-1.jpeg?resize=768%2C541&amp;ssl=1 768w\" sizes=\"(max-width: 819px) 100vw, 819px\" \/><\/figure>\n\n\n\n<p>Los trabajos contemplan la sustituci\u00f3n del antiguo l\u00e1tex blanco por una pintura sint\u00e9tica de color gris claro, m\u00e1s duradera y lavable. Adem\u00e1s, se iluminar\u00e1 completamente con tecnolog\u00eda LED para mejorar la visibilidad y eficiencia energ\u00e9tica.<\/p>\n\n\n\n<p>El t\u00fanel ser\u00e1 transformado en una experiencia visual. Se instalar\u00e1n paneles LED en el techo y gr\u00e1ficos panor\u00e1micos en los laterales, representando los valles de C\u00f3rdoba.<\/p>\n\n\n\n<p>Este concepto visual busca transportar a los usuarios a trav\u00e9s de los diferentes paisajes de la provincia mientras transitan por el t\u00fanel.<\/p>\n\n\n\n<figure class=\"wp-block-image size-full\"><img data-recalc-dims=\"1\" decoding=\"async\" width=\"899\" height=\"669\" src=\"https:\/\/i0.wp.com\/elregionalvm.com.ar\/noticias-villa-maria\/wp-content\/uploads\/2024\/01\/WhatsApp-Image-2024-01-25-at-08.14.49-2.jpeg?resize=899%2C669&#038;ssl=1\" alt=\"\" class=\"wp-image-89037\" srcset=\"https:\/\/i0.wp.com\/elregionalvm.com.ar\/noticias-villa-maria\/wp-content\/uploads\/2024\/01\/WhatsApp-Image-2024-01-25-at-08.14.49-2.jpeg?w=899&amp;ssl=1 899w, https:\/\/i0.wp.com\/elregionalvm.com.ar\/noticias-villa-maria\/wp-content\/uploads\/2024\/01\/WhatsApp-Image-2024-01-25-at-08.14.49-2.jpeg?resize=300%2C223&amp;ssl=1 300w, https:\/\/i0.wp.com\/elregionalvm.com.ar\/noticias-villa-maria\/wp-content\/uploads\/2024\/01\/WhatsApp-Image-2024-01-25-at-08.14.49-2.jpeg?resize=768%2C572&amp;ssl=1 768w\" sizes=\"(max-width: 899px) 100vw, 899px\" \/><\/figure>\n\n\n\n<p>Las \u00e1reas comunes y de servicios de la terminal tambi\u00e9n ser\u00e1n remodeladas.<\/p>\n\n\n\n<p>La reutilizaci\u00f3n de espacios y la aplicaci\u00f3n de paletas de colores vibrantes contribuir\u00e1n a una nueva est\u00e9tica que refleje modernidad y vitalidad, creando un entorno m\u00e1s acogedor para todos los usuarios.En una segunda etapa se realizar\u00e1 una limpieza profunda de pisos, vidrios y techos. Se proyecta tambi\u00e9n una renovaci\u00f3n completa de la Terminal T1 que incluye una obra de reparaci\u00f3n el\u00e9ctrica, con la instalaci\u00f3n de nuevas llaves para reforzar la seguridad en toda la terminal.<\/p>\n\n\n\n<p>Como parte de la visi\u00f3n de crear un espacio m\u00e1s amigable y conectado con la naturaleza, se colocan plantas de interior estrat\u00e9gicamente seleccionadas en diversas \u00e1reas de la terminal.<\/p>\n\n\n\n<p>Las obras tambi\u00e9n abarcar\u00e1n mejoras en las d\u00e1rsenas y plataformas destinadas a los servicios de buses interurbanos y de larga distancia. Se llevar\u00e1 a cabo una completa renovaci\u00f3n para optimizar la operatividad y facilitar el acceso de los pasajeros a sus destinos. <\/p>\n\n\n\n<p>Adem\u00e1s, se realizar\u00e1n trabajos de acondicionamiento para garantizar que estas \u00e1reas sean m\u00e1s eficientes y c\u00f3modas.<\/p>\n\n\n\n<p>El secretario de transporte de la provincia de C\u00f3rdoba, Marcelo Rodio, dijo al respecto:&nbsp;<em>\u201cEstamos trabajando en un master plan para la renovaci\u00f3n y mejoramiento de la terminal de C\u00f3rdoba. Como parte de ese proceso, comenzamos con las primeras remodelaciones para crear un espacio moderno, eficiente y seguro. Tanto la incorporaci\u00f3n de \u00e1reas verdes, la renovaci\u00f3n de plataformas y d\u00e1rsenas, as\u00ed como la revitalizaci\u00f3n est\u00e9tica de espacios comunes, son parte de un plan integral para elevar los est\u00e1ndares y hacer de nuestra terminal un punto de referencia en comodidad y servicios de calidad.\u201d<\/em><\/p>\n\n\n\n<p>La administraci\u00f3n de la Terminal de \u00d3mnibus de C\u00f3rdoba continuar\u00e1 informando sobre los avances y novedades a medida que se implementen las diferentes fases del proyecto.<\/p>\n","protected":false},"excerpt":{"rendered":"<p>La&nbsp;Terminal de \u00d3mnibus de C\u00f3rdoba&nbsp;inici\u00f3 un proyecto de renovaci\u00f3n y reforma, con el objetivo de ofrecer un espacio m\u00e1s funcional, moderno y est\u00e9ticamente agradable. Las primeras fases del proyecto se centran en el t\u00fanel de acceso, d\u00f3nde comenz\u00f3 a pintarse ambos extremos. Los trabajos contemplan la sustituci\u00f3n del antiguo l\u00e1tex blanco por una pintura sint\u00e9tica [&hellip;]<\/p>\n","protected":false},"author":4,"featured_media":89039,"comment_status":"open","ping_status":"open","sticky":false,"template":"","format":"standard","meta":{"site-sidebar-layout":"default","site-content-layout":"","ast-site-content-layout":"default","site-content-style":"default","site-sidebar-style":"default","ast-global-header-display":"","ast-banner-title-visibility":"","ast-main-header-display":"","ast-hfb-above-header-display":"","ast-hfb-below-header-display":"","ast-hfb-mobile-header-display":"","site-post-title":"","ast-breadcrumbs-content":"","ast-featured-img":"","footer-sml-layout":"","ast-disable-related-posts":"","theme-transparent-header-meta":"","adv-header-id-meta":"","stick-header-meta":"","header-above-stick-meta":"","header-main-stick-meta":"","header-below-stick-meta":"","astra-migrate-meta-layouts":"set","ast-page-background-enabled":"default","ast-page-background-meta":{"desktop":{"background-color":"","background-image":"","background-repeat":"repeat","background-position":"center center","background-size":"auto","background-attachment":"scroll","background-type":"","background-media":"","overlay-type":"","overlay-color":"","overlay-opacity":"","overlay-gradient":""},"tablet":{"background-color":"","background-image":"","background-repeat":"repeat","background-position":"center center","background-size":"auto","background-attachment":"scroll","background-type":"","background-media":"","overlay-type":"","overlay-color":"","overlay-opacity":"","overlay-gradient":""},"mobile":{"background-color":"","background-image":"","background-repeat":"repeat","background-position":"center center","background-size":"auto","background-attachment":"scroll","background-type":"","background-media":"","overlay-type":"","overlay-color":"","overlay-opacity":"","overlay-gradient":""}},"ast-content-background-meta":{"desktop":{"background-color":"var(--ast-global-color-5)","background-image":"","background-repeat":"repeat","background-position":"center center","background-size":"auto","background-attachment":"scroll","background-type":"","background-media":"","overlay-type":"","overlay-color":"","overlay-opacity":"","overlay-gradient":""},"tablet":{"background-color":"var(--ast-global-color-5)","background-image":"","background-repeat":"repeat","background-position":"center center","background-size":"auto","background-attachment":"scroll","background-type":"","background-media":"","overlay-type":"","overlay-color":"","overlay-opacity":"","overlay-gradient":""},"mobile":{"background-color":"var(--ast-global-color-5)","background-image":"","background-repeat":"repeat","background-position":"center center","background-size":"auto","background-attachment":"scroll","background-type":"","background-media":"","overlay-type":"","overlay-color":"","overlay-opacity":"","overlay-gradient":""}},"_jetpack_memberships_contains_paid_content":false,"_joinchat":[],"footnotes":""},"categories":[15302,16095,5],"tags":[],"class_list":["post-89036","post","type-post","status-publish","format-standard","has-post-thumbnail","hentry","category-destacado","category-provinciales","category-sociedad"],"yoast_head":"<!-- This site is optimized with the Yoast SEO plugin v26.8 - https:\/\/yoast.com\/product\/yoast-seo-wordpress\/ -->\n<title>La Terminal de \u00d3mnibus de C\u00f3rdoba se renueva - El Regional<\/title>\n<meta name=\"robots\" content=\"index, follow, max-snippet:-1, max-image-preview:large, max-video-preview:-1\" \/>\n<link rel=\"canonical\" href=\"https:\/\/elregionalvm.com.ar\/noticias-villa-maria\/la-terminal-de-omnibus-de-cordoba-se-renueva\/\" \/>\n<meta property=\"og:locale\" content=\"es_ES\" \/>\n<meta property=\"og:type\" content=\"article\" \/>\n<meta property=\"og:title\" content=\"La Terminal de \u00d3mnibus de C\u00f3rdoba se renueva - El Regional\" \/>\n<meta property=\"og:description\" content=\"La&nbsp;Terminal de \u00d3mnibus de C\u00f3rdoba&nbsp;inici\u00f3 un proyecto de renovaci\u00f3n y reforma, con el objetivo de ofrecer un espacio m\u00e1s funcional, moderno y est\u00e9ticamente agradable. Las primeras fases del proyecto se centran en el t\u00fanel de acceso, d\u00f3nde comenz\u00f3 a pintarse ambos extremos. Los trabajos contemplan la sustituci\u00f3n del antiguo l\u00e1tex blanco por una pintura sint\u00e9tica [&hellip;]\" \/>\n<meta property=\"og:url\" content=\"https:\/\/elregionalvm.com.ar\/noticias-villa-maria\/la-terminal-de-omnibus-de-cordoba-se-renueva\/\" \/>\n<meta property=\"og:site_name\" content=\"El Regional\" \/>\n<meta property=\"article:publisher\" content=\"https:\/\/www.facebook.com\/elregionalvm\" \/>\n<meta property=\"article:published_time\" content=\"2024-01-25T17:43:54+00:00\" \/>\n<meta property=\"article:modified_time\" content=\"2024-01-25T17:43:55+00:00\" \/>\n<meta property=\"og:image\" content=\"https:\/\/elregionalvm.com.ar\/noticias-villa-maria\/wp-content\/uploads\/2024\/01\/Copia-de-DSC_7150-618x338-1.jpg\" \/>\n\t<meta property=\"og:image:width\" content=\"993\" \/>\n\t<meta property=\"og:image:height\" content=\"660\" \/>\n\t<meta property=\"og:image:type\" content=\"image\/jpeg\" \/>\n<meta name=\"author\" content=\"Contenidos El Regional\" \/>\n<meta name=\"twitter:card\" content=\"summary_large_image\" \/>\n<meta name=\"twitter:creator\" content=\"@elregionalvm1\" \/>\n<meta name=\"twitter:site\" content=\"@elregionalvm1\" \/>\n<meta name=\"twitter:label1\" content=\"Escrito por\" \/>\n\t<meta name=\"twitter:data1\" content=\"Contenidos El Regional\" \/>\n\t<meta name=\"twitter:label2\" content=\"Tiempo de lectura\" \/>\n\t<meta name=\"twitter:data2\" content=\"3 minutos\" \/>\n<script type=\"application\/ld+json\" class=\"yoast-schema-graph\">{\"@context\":\"https:\/\/schema.org\",\"@graph\":[{\"@type\":\"Article\",\"@id\":\"https:\/\/elregionalvm.com.ar\/noticias-villa-maria\/la-terminal-de-omnibus-de-cordoba-se-renueva\/#article\",\"isPartOf\":{\"@id\":\"https:\/\/elregionalvm.com.ar\/noticias-villa-maria\/la-terminal-de-omnibus-de-cordoba-se-renueva\/\"},\"author\":{\"name\":\"Contenidos El Regional\",\"@id\":\"http:\/\/elregionalvm.com.ar\/noticias-villa-maria\/#\/schema\/person\/a0fb9c422317faca23d50163151bc354\"},\"headline\":\"La Terminal de \u00d3mnibus de C\u00f3rdoba se renueva\",\"datePublished\":\"2024-01-25T17:43:54+00:00\",\"dateModified\":\"2024-01-25T17:43:55+00:00\",\"mainEntityOfPage\":{\"@id\":\"https:\/\/elregionalvm.com.ar\/noticias-villa-maria\/la-terminal-de-omnibus-de-cordoba-se-renueva\/\"},\"wordCount\":533,\"commentCount\":0,\"image\":{\"@id\":\"https:\/\/elregionalvm.com.ar\/noticias-villa-maria\/la-terminal-de-omnibus-de-cordoba-se-renueva\/#primaryimage\"},\"thumbnailUrl\":\"https:\/\/i0.wp.com\/elregionalvm.com.ar\/noticias-villa-maria\/wp-content\/uploads\/2024\/01\/Copia-de-DSC_7150-618x338-1.jpg?fit=993%2C660&ssl=1\",\"articleSection\":[\"destacado\",\"Provinciales\",\"Sociedad\"],\"inLanguage\":\"es\",\"potentialAction\":[{\"@type\":\"CommentAction\",\"name\":\"Comment\",\"target\":[\"https:\/\/elregionalvm.com.ar\/noticias-villa-maria\/la-terminal-de-omnibus-de-cordoba-se-renueva\/#respond\"]}]},{\"@type\":\"WebPage\",\"@id\":\"https:\/\/elregionalvm.com.ar\/noticias-villa-maria\/la-terminal-de-omnibus-de-cordoba-se-renueva\/\",\"url\":\"https:\/\/elregionalvm.com.ar\/noticias-villa-maria\/la-terminal-de-omnibus-de-cordoba-se-renueva\/\",\"name\":\"La Terminal de \u00d3mnibus de C\u00f3rdoba se renueva - El Regional\",\"isPartOf\":{\"@id\":\"http:\/\/elregionalvm.com.ar\/noticias-villa-maria\/#website\"},\"primaryImageOfPage\":{\"@id\":\"https:\/\/elregionalvm.com.ar\/noticias-villa-maria\/la-terminal-de-omnibus-de-cordoba-se-renueva\/#primaryimage\"},\"image\":{\"@id\":\"https:\/\/elregionalvm.com.ar\/noticias-villa-maria\/la-terminal-de-omnibus-de-cordoba-se-renueva\/#primaryimage\"},\"thumbnailUrl\":\"https:\/\/i0.wp.com\/elregionalvm.com.ar\/noticias-villa-maria\/wp-content\/uploads\/2024\/01\/Copia-de-DSC_7150-618x338-1.jpg?fit=993%2C660&ssl=1\",\"datePublished\":\"2024-01-25T17:43:54+00:00\",\"dateModified\":\"2024-01-25T17:43:55+00:00\",\"author\":{\"@id\":\"http:\/\/elregionalvm.com.ar\/noticias-villa-maria\/#\/schema\/person\/a0fb9c422317faca23d50163151bc354\"},\"breadcrumb\":{\"@id\":\"https:\/\/elregionalvm.com.ar\/noticias-villa-maria\/la-terminal-de-omnibus-de-cordoba-se-renueva\/#breadcrumb\"},\"inLanguage\":\"es\",\"potentialAction\":[{\"@type\":\"ReadAction\",\"target\":[\"https:\/\/elregionalvm.com.ar\/noticias-villa-maria\/la-terminal-de-omnibus-de-cordoba-se-renueva\/\"]}]},{\"@type\":\"ImageObject\",\"inLanguage\":\"es\",\"@id\":\"https:\/\/elregionalvm.com.ar\/noticias-villa-maria\/la-terminal-de-omnibus-de-cordoba-se-renueva\/#primaryimage\",\"url\":\"https:\/\/i0.wp.com\/elregionalvm.com.ar\/noticias-villa-maria\/wp-content\/uploads\/2024\/01\/Copia-de-DSC_7150-618x338-1.jpg?fit=993%2C660&ssl=1\",\"contentUrl\":\"https:\/\/i0.wp.com\/elregionalvm.com.ar\/noticias-villa-maria\/wp-content\/uploads\/2024\/01\/Copia-de-DSC_7150-618x338-1.jpg?fit=993%2C660&ssl=1\",\"width\":993,\"height\":660},{\"@type\":\"BreadcrumbList\",\"@id\":\"https:\/\/elregionalvm.com.ar\/noticias-villa-maria\/la-terminal-de-omnibus-de-cordoba-se-renueva\/#breadcrumb\",\"itemListElement\":[{\"@type\":\"ListItem\",\"position\":1,\"name\":\"Portada\",\"item\":\"https:\/\/elregionalvm.com.ar\/noticias-villa-maria\/\"},{\"@type\":\"ListItem\",\"position\":2,\"name\":\"La Terminal de \u00d3mnibus de C\u00f3rdoba se renueva\"}]},{\"@type\":\"WebSite\",\"@id\":\"http:\/\/elregionalvm.com.ar\/noticias-villa-maria\/#website\",\"url\":\"http:\/\/elregionalvm.com.ar\/noticias-villa-maria\/\",\"name\":\"El Regional\",\"description\":\"Mucho m\u00e1s que informaci\u00f3n\",\"potentialAction\":[{\"@type\":\"SearchAction\",\"target\":{\"@type\":\"EntryPoint\",\"urlTemplate\":\"http:\/\/elregionalvm.com.ar\/noticias-villa-maria\/?s={search_term_string}\"},\"query-input\":{\"@type\":\"PropertyValueSpecification\",\"valueRequired\":true,\"valueName\":\"search_term_string\"}}],\"inLanguage\":\"es\"},{\"@type\":\"Person\",\"@id\":\"http:\/\/elregionalvm.com.ar\/noticias-villa-maria\/#\/schema\/person\/a0fb9c422317faca23d50163151bc354\",\"name\":\"Contenidos El Regional\",\"image\":{\"@type\":\"ImageObject\",\"inLanguage\":\"es\",\"@id\":\"http:\/\/elregionalvm.com.ar\/noticias-villa-maria\/#\/schema\/person\/image\/\",\"url\":\"https:\/\/secure.gravatar.com\/avatar\/265b27cb2209af7bb3a1318f03305787d7981a5cc6e6cd08fe5a4ecdf99d4b48?s=96&d=mm&r=g\",\"contentUrl\":\"https:\/\/secure.gravatar.com\/avatar\/265b27cb2209af7bb3a1318f03305787d7981a5cc6e6cd08fe5a4ecdf99d4b48?s=96&d=mm&r=g\",\"caption\":\"Contenidos El Regional\"},\"url\":\"https:\/\/elregionalvm.com.ar\/noticias-villa-maria\/author\/contenido\/\"}]}<\/script>\n<!-- \/ Yoast SEO plugin. -->","yoast_head_json":{"title":"La Terminal de \u00d3mnibus de C\u00f3rdoba se renueva - El Regional","robots":{"index":"index","follow":"follow","max-snippet":"max-snippet:-1","max-image-preview":"max-image-preview:large","max-video-preview":"max-video-preview:-1"},"canonical":"https:\/\/elregionalvm.com.ar\/noticias-villa-maria\/la-terminal-de-omnibus-de-cordoba-se-renueva\/","og_locale":"es_ES","og_type":"article","og_title":"La Terminal de \u00d3mnibus de C\u00f3rdoba se renueva - El Regional","og_description":"La&nbsp;Terminal de \u00d3mnibus de C\u00f3rdoba&nbsp;inici\u00f3 un proyecto de renovaci\u00f3n y reforma, con el objetivo de ofrecer un espacio m\u00e1s funcional, moderno y est\u00e9ticamente agradable. Las primeras fases del proyecto se centran en el t\u00fanel de acceso, d\u00f3nde comenz\u00f3 a pintarse ambos extremos. Los trabajos contemplan la sustituci\u00f3n del antiguo l\u00e1tex blanco por una pintura sint\u00e9tica [&hellip;]","og_url":"https:\/\/elregionalvm.com.ar\/noticias-villa-maria\/la-terminal-de-omnibus-de-cordoba-se-renueva\/","og_site_name":"El Regional","article_publisher":"https:\/\/www.facebook.com\/elregionalvm","article_published_time":"2024-01-25T17:43:54+00:00","article_modified_time":"2024-01-25T17:43:55+00:00","og_image":[{"width":993,"height":660,"url":"https:\/\/elregionalvm.com.ar\/noticias-villa-maria\/wp-content\/uploads\/2024\/01\/Copia-de-DSC_7150-618x338-1.jpg","type":"image\/jpeg"}],"author":"Contenidos El Regional","twitter_card":"summary_large_image","twitter_creator":"@elregionalvm1","twitter_site":"@elregionalvm1","twitter_misc":{"Escrito por":"Contenidos El Regional","Tiempo de lectura":"3 minutos"},"schema":{"@context":"https:\/\/schema.org","@graph":[{"@type":"Article","@id":"https:\/\/elregionalvm.com.ar\/noticias-villa-maria\/la-terminal-de-omnibus-de-cordoba-se-renueva\/#article","isPartOf":{"@id":"https:\/\/elregionalvm.com.ar\/noticias-villa-maria\/la-terminal-de-omnibus-de-cordoba-se-renueva\/"},"author":{"name":"Contenidos El Regional","@id":"http:\/\/elregionalvm.com.ar\/noticias-villa-maria\/#\/schema\/person\/a0fb9c422317faca23d50163151bc354"},"headline":"La Terminal de \u00d3mnibus de C\u00f3rdoba se renueva","datePublished":"2024-01-25T17:43:54+00:00","dateModified":"2024-01-25T17:43:55+00:00","mainEntityOfPage":{"@id":"https:\/\/elregionalvm.com.ar\/noticias-villa-maria\/la-terminal-de-omnibus-de-cordoba-se-renueva\/"},"wordCount":533,"commentCount":0,"image":{"@id":"https:\/\/elregionalvm.com.ar\/noticias-villa-maria\/la-terminal-de-omnibus-de-cordoba-se-renueva\/#primaryimage"},"thumbnailUrl":"https:\/\/i0.wp.com\/elregionalvm.com.ar\/noticias-villa-maria\/wp-content\/uploads\/2024\/01\/Copia-de-DSC_7150-618x338-1.jpg?fit=993%2C660&ssl=1","articleSection":["destacado","Provinciales","Sociedad"],"inLanguage":"es","potentialAction":[{"@type":"CommentAction","name":"Comment","target":["https:\/\/elregionalvm.com.ar\/noticias-villa-maria\/la-terminal-de-omnibus-de-cordoba-se-renueva\/#respond"]}]},{"@type":"WebPage","@id":"https:\/\/elregionalvm.com.ar\/noticias-villa-maria\/la-terminal-de-omnibus-de-cordoba-se-renueva\/","url":"https:\/\/elregionalvm.com.ar\/noticias-villa-maria\/la-terminal-de-omnibus-de-cordoba-se-renueva\/","name":"La Terminal de \u00d3mnibus de C\u00f3rdoba se renueva - El Regional","isPartOf":{"@id":"http:\/\/elregionalvm.com.ar\/noticias-villa-maria\/#website"},"primaryImageOfPage":{"@id":"https:\/\/elregionalvm.com.ar\/noticias-villa-maria\/la-terminal-de-omnibus-de-cordoba-se-renueva\/#primaryimage"},"image":{"@id":"https:\/\/elregionalvm.com.ar\/noticias-villa-maria\/la-terminal-de-omnibus-de-cordoba-se-renueva\/#primaryimage"},"thumbnailUrl":"https:\/\/i0.wp.com\/elregionalvm.com.ar\/noticias-villa-maria\/wp-content\/uploads\/2024\/01\/Copia-de-DSC_7150-618x338-1.jpg?fit=993%2C660&ssl=1","datePublished":"2024-01-25T17:43:54+00:00","dateModified":"2024-01-25T17:43:55+00:00","author":{"@id":"http:\/\/elregionalvm.com.ar\/noticias-villa-maria\/#\/schema\/person\/a0fb9c422317faca23d50163151bc354"},"breadcrumb":{"@id":"https:\/\/elregionalvm.com.ar\/noticias-villa-maria\/la-terminal-de-omnibus-de-cordoba-se-renueva\/#breadcrumb"},"inLanguage":"es","potentialAction":[{"@type":"ReadAction","target":["https:\/\/elregionalvm.com.ar\/noticias-villa-maria\/la-terminal-de-omnibus-de-cordoba-se-renueva\/"]}]},{"@type":"ImageObject","inLanguage":"es","@id":"https:\/\/elregionalvm.com.ar\/noticias-villa-maria\/la-terminal-de-omnibus-de-cordoba-se-renueva\/#primaryimage","url":"https:\/\/i0.wp.com\/elregionalvm.com.ar\/noticias-villa-maria\/wp-content\/uploads\/2024\/01\/Copia-de-DSC_7150-618x338-1.jpg?fit=993%2C660&ssl=1","contentUrl":"https:\/\/i0.wp.com\/elregionalvm.com.ar\/noticias-villa-maria\/wp-content\/uploads\/2024\/01\/Copia-de-DSC_7150-618x338-1.jpg?fit=993%2C660&ssl=1","width":993,"height":660},{"@type":"BreadcrumbList","@id":"https:\/\/elregionalvm.com.ar\/noticias-villa-maria\/la-terminal-de-omnibus-de-cordoba-se-renueva\/#breadcrumb","itemListElement":[{"@type":"ListItem","position":1,"name":"Portada","item":"https:\/\/elregionalvm.com.ar\/noticias-villa-maria\/"},{"@type":"ListItem","position":2,"name":"La Terminal de \u00d3mnibus de C\u00f3rdoba se renueva"}]},{"@type":"WebSite","@id":"http:\/\/elregionalvm.com.ar\/noticias-villa-maria\/#website","url":"http:\/\/elregionalvm.com.ar\/noticias-villa-maria\/","name":"El Regional","description":"Mucho m\u00e1s que informaci\u00f3n","potentialAction":[{"@type":"SearchAction","target":{"@type":"EntryPoint","urlTemplate":"http:\/\/elregionalvm.com.ar\/noticias-villa-maria\/?s={search_term_string}"},"query-input":{"@type":"PropertyValueSpecification","valueRequired":true,"valueName":"search_term_string"}}],"inLanguage":"es"},{"@type":"Person","@id":"http:\/\/elregionalvm.com.ar\/noticias-villa-maria\/#\/schema\/person\/a0fb9c422317faca23d50163151bc354","name":"Contenidos El Regional","image":{"@type":"ImageObject","inLanguage":"es","@id":"http:\/\/elregionalvm.com.ar\/noticias-villa-maria\/#\/schema\/person\/image\/","url":"https:\/\/secure.gravatar.com\/avatar\/265b27cb2209af7bb3a1318f03305787d7981a5cc6e6cd08fe5a4ecdf99d4b48?s=96&d=mm&r=g","contentUrl":"https:\/\/secure.gravatar.com\/avatar\/265b27cb2209af7bb3a1318f03305787d7981a5cc6e6cd08fe5a4ecdf99d4b48?s=96&d=mm&r=g","caption":"Contenidos El Regional"},"url":"https:\/\/elregionalvm.com.ar\/noticias-villa-maria\/author\/contenido\/"}]}},"jetpack_featured_media_url":"https:\/\/i0.wp.com\/elregionalvm.com.ar\/noticias-villa-maria\/wp-content\/uploads\/2024\/01\/Copia-de-DSC_7150-618x338-1.jpg?fit=993%2C660&ssl=1","jetpack_sharing_enabled":true,"_links":{"self":[{"href":"https:\/\/elregionalvm.com.ar\/noticias-villa-maria\/wp-json\/wp\/v2\/posts\/89036","targetHints":{"allow":["GET"]}}],"collection":[{"href":"https:\/\/elregionalvm.com.ar\/noticias-villa-maria\/wp-json\/wp\/v2\/posts"}],"about":[{"href":"https:\/\/elregionalvm.com.ar\/noticias-villa-maria\/wp-json\/wp\/v2\/types\/post"}],"author":[{"embeddable":true,"href":"https:\/\/elregionalvm.com.ar\/noticias-villa-maria\/wp-json\/wp\/v2\/users\/4"}],"replies":[{"embeddable":true,"href":"https:\/\/elregionalvm.com.ar\/noticias-villa-maria\/wp-json\/wp\/v2\/comments?post=89036"}],"version-history":[{"count":1,"href":"https:\/\/elregionalvm.com.ar\/noticias-villa-maria\/wp-json\/wp\/v2\/posts\/89036\/revisions"}],"predecessor-version":[{"id":89040,"href":"https:\/\/elregionalvm.com.ar\/noticias-villa-maria\/wp-json\/wp\/v2\/posts\/89036\/revisions\/89040"}],"wp:featuredmedia":[{"embeddable":true,"href":"https:\/\/elregionalvm.com.ar\/noticias-villa-maria\/wp-json\/wp\/v2\/media\/89039"}],"wp:attachment":[{"href":"https:\/\/elregionalvm.com.ar\/noticias-villa-maria\/wp-json\/wp\/v2\/media?parent=89036"}],"wp:term":[{"taxonomy":"category","embeddable":true,"href":"https:\/\/elregionalvm.com.ar\/noticias-villa-maria\/wp-json\/wp\/v2\/categories?post=89036"},{"taxonomy":"post_tag","embeddable":true,"href":"https:\/\/elregionalvm.com.ar\/noticias-villa-maria\/wp-json\/wp\/v2\/tags?post=89036"}],"curies":[{"name":"wp","href":"https:\/\/api.w.org\/{rel}","templated":true}]}}