{"id":89045,"date":"2024-01-26T02:13:10","date_gmt":"2024-01-26T02:13:10","guid":{"rendered":"https:\/\/elregionalvm.com.ar\/noticias-villa-maria\/?p=89045"},"modified":"2024-01-26T02:13:14","modified_gmt":"2024-01-26T02:13:14","slug":"hoteleros-y-gastronomicos-se-capacitaron-con-eje-en-las-etapas-de-gestion-de-residuos","status":"publish","type":"post","link":"https:\/\/elregionalvm.com.ar\/noticias-villa-maria\/hoteleros-y-gastronomicos-se-capacitaron-con-eje-en-las-etapas-de-gestion-de-residuos\/","title":{"rendered":"Hoteleros y Gastron\u00f3micos se capacitaron con eje en las etapas de gesti\u00f3n de residuos"},"content":{"rendered":"\n<p>Pasado el mediod\u00eda, representantes del sector hotelero y gastron\u00f3mico, recibieron una capacitaci\u00f3n denominada \u201cHacia un modelo circular: Acciones Sostenibles para transformar los residuos en recursos\u201d. La misma tuvo lugar en el Centro Cultural Comunitario Leonardo Favio.<\/p>\n\n\n\n<p>La instancia de formaci\u00f3n fue organizada por la Secretar\u00eda de Infraestructura, Desarrollo Urbano y Ambiente, y fue dictada por la directora de Educaci\u00f3n Ambiental, Soledad Flores. La acompa\u00f1aron el director de Promoci\u00f3n Ambiental, Miguel Sosa; y la subsecretaria de Empleo Verde, Natalia Bustos. Todos pertenecientes a la Secretar\u00eda de Empleo Verde del Ministerio de Ambiente y Econom\u00eda Circular de la provincia de C\u00f3rdoba.<\/p>\n\n\n\n<figure class=\"wp-block-image size-large\"><img data-recalc-dims=\"1\" fetchpriority=\"high\" decoding=\"async\" width=\"1024\" height=\"682\" src=\"https:\/\/i0.wp.com\/elregionalvm.com.ar\/noticias-villa-maria\/wp-content\/uploads\/2024\/01\/WhatsApp-Image-2024-01-25-at-16.41.54.jpeg?resize=1024%2C682&#038;ssl=1\" alt=\"\" class=\"wp-image-89046\" srcset=\"https:\/\/i0.wp.com\/elregionalvm.com.ar\/noticias-villa-maria\/wp-content\/uploads\/2024\/01\/WhatsApp-Image-2024-01-25-at-16.41.54.jpeg?resize=1024%2C682&amp;ssl=1 1024w, https:\/\/i0.wp.com\/elregionalvm.com.ar\/noticias-villa-maria\/wp-content\/uploads\/2024\/01\/WhatsApp-Image-2024-01-25-at-16.41.54.jpeg?resize=300%2C200&amp;ssl=1 300w, https:\/\/i0.wp.com\/elregionalvm.com.ar\/noticias-villa-maria\/wp-content\/uploads\/2024\/01\/WhatsApp-Image-2024-01-25-at-16.41.54.jpeg?resize=768%2C512&amp;ssl=1 768w, https:\/\/i0.wp.com\/elregionalvm.com.ar\/noticias-villa-maria\/wp-content\/uploads\/2024\/01\/WhatsApp-Image-2024-01-25-at-16.41.54.jpeg?resize=1536%2C1023&amp;ssl=1 1536w, https:\/\/i0.wp.com\/elregionalvm.com.ar\/noticias-villa-maria\/wp-content\/uploads\/2024\/01\/WhatsApp-Image-2024-01-25-at-16.41.54.jpeg?w=1600&amp;ssl=1 1600w\" sizes=\"(max-width: 1000px) 100vw, 1000px\" \/><\/figure>\n\n\n\n<p>La directora de promoci\u00f3n Ambiental del municipio, Leticia Bernaus le dio la bienvenida a los presentes y al tomar la palabra destac\u00f3 \u201cesta capacitaci\u00f3n es muy importante porque con el equipo de ambiente estamos trabajando para impulsar el desarrollo local sostenible, y para lograrlo es fundamental mejorar y efectivizar la separaci\u00f3n de residuos en la ciudad\u201d.<\/p>\n\n\n\n<p>\u201cSe viene el Festival Internacional de Pe\u00f1as y el sector gastron\u00f3mico y hotelero va a cumplir un rol fundamental en la prestaci\u00f3n de servicios, por lo que la generaci\u00f3n de residuos puede verse incrementada. Necesitamos aplicar formas de cuidado ambiental conjunta, por eso decidimos ofrecer esta capacitaci\u00f3n sobre gesti\u00f3n integral de residuos s\u00f3lidos urbanos\u201d, cerr\u00f3 Bernaus.<\/p>\n\n\n\n<p>Por su parte, la directora de Educaci\u00f3n Ambiental, Soledad Flores expres\u00f3 \u201cvinimos a capacitar, a educar. Es un Festival icono en la provincia y el pa\u00eds, por eso vinimos para que ellos puedan saber como separar los residuos durante las noches del festival. Y as\u00ed van a poder disminuir la tasa de desv\u00edos y poder convertir esos residuos en recursos, separando aquellos que son reciclables para que puedan volver a la cadena de producci\u00f3n\u201d.<\/p>\n\n\n\n<p>\u201cTenemos la decisi\u00f3n de poder focalizar, promover y educar en la separaci\u00f3n, acompa\u00f1ando a los municipios. La idea es que ellos puedan convertirse en agentes de educaci\u00f3n y promoci\u00f3n y contagiar a otros miembros de la comunidad en esto que es la separaci\u00f3n de residuos\u201d, sentenci\u00f3 la funcionaria provincial.<\/p>\n\n\n\n<p>Con respecto a la jornada de capacitaci\u00f3n, estuvo relacionada a las etapas de gesti\u00f3n de los residuos: separaci\u00f3n de residuos h\u00famedos y secos, \u00bfqu\u00e9 se puede reciclar?, \u00bfc\u00f3mo se puede reciclar?, entre otras cuestiones fundamentales.<\/p>\n\n\n\n<p>Luego, desde la secretar\u00eda de Infraestructura, Desarrollo Urbano y Ambiente pusieron en conocimiento a los presentes de las responsabilidades de los grandes generadores seg\u00fan la ordenanza vigente 7.599 y las nuevas disposiciones a cumplir en relaci\u00f3n con la gesti\u00f3n de RSU en Villa Mar\u00eda, cuestiones indispensables a tener en cuenta durante el Festival de Pe\u00f1as 2024 y de ahora en adelante.<\/p>\n\n\n\n<p>Acompa\u00f1aron desde el municipio tambi\u00e9n la directora de Espacios Verdes, Leticia Marti y el coordinador de Residuos S\u00f3lidos, Ignacio Battisti.<\/p>\n","protected":false},"excerpt":{"rendered":"<p>Pasado el mediod\u00eda, representantes del sector hotelero y gastron\u00f3mico, recibieron una capacitaci\u00f3n denominada \u201cHacia un modelo circular: Acciones Sostenibles para transformar los residuos en recursos\u201d. La misma tuvo lugar en el Centro Cultural Comunitario Leonardo Favio. La instancia de formaci\u00f3n fue organizada por la Secretar\u00eda de Infraestructura, Desarrollo Urbano y Ambiente, y fue dictada por [&hellip;]<\/p>\n","protected":false},"author":4,"featured_media":89047,"comment_status":"open","ping_status":"open","sticky":false,"template":"","format":"standard","meta":{"site-sidebar-layout":"default","site-content-layout":"","ast-site-content-layout":"default","site-content-style":"default","site-sidebar-style":"default","ast-global-header-display":"","ast-banner-title-visibility":"","ast-main-header-display":"","ast-hfb-above-header-display":"","ast-hfb-below-header-display":"","ast-hfb-mobile-header-display":"","site-post-title":"","ast-breadcrumbs-content":"","ast-featured-img":"","footer-sml-layout":"","ast-disable-related-posts":"","theme-transparent-header-meta":"","adv-header-id-meta":"","stick-header-meta":"","header-above-stick-meta":"","header-main-stick-meta":"","header-below-stick-meta":"","astra-migrate-meta-layouts":"set","ast-page-background-enabled":"default","ast-page-background-meta":{"desktop":{"background-color":"","background-image":"","background-repeat":"repeat","background-position":"center center","background-size":"auto","background-attachment":"scroll","background-type":"","background-media":"","overlay-type":"","overlay-color":"","overlay-opacity":"","overlay-gradient":""},"tablet":{"background-color":"","background-image":"","background-repeat":"repeat","background-position":"center center","background-size":"auto","background-attachment":"scroll","background-type":"","background-media":"","overlay-type":"","overlay-color":"","overlay-opacity":"","overlay-gradient":""},"mobile":{"background-color":"","background-image":"","background-repeat":"repeat","background-position":"center center","background-size":"auto","background-attachment":"scroll","background-type":"","background-media":"","overlay-type":"","overlay-color":"","overlay-opacity":"","overlay-gradient":""}},"ast-content-background-meta":{"desktop":{"background-color":"var(--ast-global-color-5)","background-image":"","background-repeat":"repeat","background-position":"center center","background-size":"auto","background-attachment":"scroll","background-type":"","background-media":"","overlay-type":"","overlay-color":"","overlay-opacity":"","overlay-gradient":""},"tablet":{"background-color":"var(--ast-global-color-5)","background-image":"","background-repeat":"repeat","background-position":"center center","background-size":"auto","background-attachment":"scroll","background-type":"","background-media":"","overlay-type":"","overlay-color":"","overlay-opacity":"","overlay-gradient":""},"mobile":{"background-color":"var(--ast-global-color-5)","background-image":"","background-repeat":"repeat","background-position":"center center","background-size":"auto","background-attachment":"scroll","background-type":"","background-media":"","overlay-type":"","overlay-color":"","overlay-opacity":"","overlay-gradient":""}},"_jetpack_memberships_contains_paid_content":false,"_joinchat":[],"footnotes":""},"categories":[15302,5,2],"tags":[],"class_list":["post-89045","post","type-post","status-publish","format-standard","has-post-thumbnail","hentry","category-destacado","category-sociedad","category-villa-maria"],"yoast_head":"<!-- This site is optimized with the Yoast SEO plugin v26.8 - https:\/\/yoast.com\/product\/yoast-seo-wordpress\/ -->\n<title>Hoteleros y Gastron\u00f3micos se capacitaron con eje en las etapas de gesti\u00f3n de residuos - El Regional<\/title>\n<meta name=\"robots\" content=\"index, follow, max-snippet:-1, max-image-preview:large, max-video-preview:-1\" \/>\n<link rel=\"canonical\" href=\"https:\/\/elregionalvm.com.ar\/noticias-villa-maria\/hoteleros-y-gastronomicos-se-capacitaron-con-eje-en-las-etapas-de-gestion-de-residuos\/\" \/>\n<meta property=\"og:locale\" content=\"es_ES\" \/>\n<meta property=\"og:type\" content=\"article\" \/>\n<meta property=\"og:title\" content=\"Hoteleros y Gastron\u00f3micos se capacitaron con eje en las etapas de gesti\u00f3n de residuos - El Regional\" \/>\n<meta property=\"og:description\" content=\"Pasado el mediod\u00eda, representantes del sector hotelero y gastron\u00f3mico, recibieron una capacitaci\u00f3n denominada \u201cHacia un modelo circular: Acciones Sostenibles para transformar los residuos en recursos\u201d. La misma tuvo lugar en el Centro Cultural Comunitario Leonardo Favio. La instancia de formaci\u00f3n fue organizada por la Secretar\u00eda de Infraestructura, Desarrollo Urbano y Ambiente, y fue dictada por [&hellip;]\" \/>\n<meta property=\"og:url\" content=\"https:\/\/elregionalvm.com.ar\/noticias-villa-maria\/hoteleros-y-gastronomicos-se-capacitaron-con-eje-en-las-etapas-de-gestion-de-residuos\/\" \/>\n<meta property=\"og:site_name\" content=\"El Regional\" \/>\n<meta property=\"article:publisher\" content=\"https:\/\/www.facebook.com\/elregionalvm\" \/>\n<meta property=\"article:published_time\" content=\"2024-01-26T02:13:10+00:00\" \/>\n<meta property=\"article:modified_time\" content=\"2024-01-26T02:13:14+00:00\" \/>\n<meta property=\"og:image\" content=\"https:\/\/elregionalvm.com.ar\/noticias-villa-maria\/wp-content\/uploads\/2024\/01\/WhatsApp-Image-2024-01-25-at-16.41.49.jpeg\" \/>\n\t<meta property=\"og:image:width\" content=\"1600\" \/>\n\t<meta property=\"og:image:height\" content=\"1066\" \/>\n\t<meta property=\"og:image:type\" content=\"image\/jpeg\" \/>\n<meta name=\"author\" content=\"Contenidos El Regional\" \/>\n<meta name=\"twitter:card\" content=\"summary_large_image\" \/>\n<meta name=\"twitter:creator\" content=\"@elregionalvm1\" \/>\n<meta name=\"twitter:site\" content=\"@elregionalvm1\" \/>\n<meta name=\"twitter:label1\" content=\"Escrito por\" \/>\n\t<meta name=\"twitter:data1\" content=\"Contenidos El Regional\" \/>\n\t<meta name=\"twitter:label2\" content=\"Tiempo de lectura\" \/>\n\t<meta name=\"twitter:data2\" content=\"2 minutos\" \/>\n<script type=\"application\/ld+json\" class=\"yoast-schema-graph\">{\"@context\":\"https:\/\/schema.org\",\"@graph\":[{\"@type\":\"Article\",\"@id\":\"https:\/\/elregionalvm.com.ar\/noticias-villa-maria\/hoteleros-y-gastronomicos-se-capacitaron-con-eje-en-las-etapas-de-gestion-de-residuos\/#article\",\"isPartOf\":{\"@id\":\"https:\/\/elregionalvm.com.ar\/noticias-villa-maria\/hoteleros-y-gastronomicos-se-capacitaron-con-eje-en-las-etapas-de-gestion-de-residuos\/\"},\"author\":{\"name\":\"Contenidos El Regional\",\"@id\":\"http:\/\/elregionalvm.com.ar\/noticias-villa-maria\/#\/schema\/person\/a0fb9c422317faca23d50163151bc354\"},\"headline\":\"Hoteleros y Gastron\u00f3micos se capacitaron con eje en las etapas de gesti\u00f3n de residuos\",\"datePublished\":\"2024-01-26T02:13:10+00:00\",\"dateModified\":\"2024-01-26T02:13:14+00:00\",\"mainEntityOfPage\":{\"@id\":\"https:\/\/elregionalvm.com.ar\/noticias-villa-maria\/hoteleros-y-gastronomicos-se-capacitaron-con-eje-en-las-etapas-de-gestion-de-residuos\/\"},\"wordCount\":509,\"commentCount\":0,\"image\":{\"@id\":\"https:\/\/elregionalvm.com.ar\/noticias-villa-maria\/hoteleros-y-gastronomicos-se-capacitaron-con-eje-en-las-etapas-de-gestion-de-residuos\/#primaryimage\"},\"thumbnailUrl\":\"https:\/\/i0.wp.com\/elregionalvm.com.ar\/noticias-villa-maria\/wp-content\/uploads\/2024\/01\/WhatsApp-Image-2024-01-25-at-16.41.49.jpeg?fit=1600%2C1066&ssl=1\",\"articleSection\":[\"destacado\",\"Sociedad\",\"Villa Mar\u00eda\"],\"inLanguage\":\"es\",\"potentialAction\":[{\"@type\":\"CommentAction\",\"name\":\"Comment\",\"target\":[\"https:\/\/elregionalvm.com.ar\/noticias-villa-maria\/hoteleros-y-gastronomicos-se-capacitaron-con-eje-en-las-etapas-de-gestion-de-residuos\/#respond\"]}]},{\"@type\":\"WebPage\",\"@id\":\"https:\/\/elregionalvm.com.ar\/noticias-villa-maria\/hoteleros-y-gastronomicos-se-capacitaron-con-eje-en-las-etapas-de-gestion-de-residuos\/\",\"url\":\"https:\/\/elregionalvm.com.ar\/noticias-villa-maria\/hoteleros-y-gastronomicos-se-capacitaron-con-eje-en-las-etapas-de-gestion-de-residuos\/\",\"name\":\"Hoteleros y Gastron\u00f3micos se capacitaron con eje en las etapas de gesti\u00f3n de residuos - El Regional\",\"isPartOf\":{\"@id\":\"http:\/\/elregionalvm.com.ar\/noticias-villa-maria\/#website\"},\"primaryImageOfPage\":{\"@id\":\"https:\/\/elregionalvm.com.ar\/noticias-villa-maria\/hoteleros-y-gastronomicos-se-capacitaron-con-eje-en-las-etapas-de-gestion-de-residuos\/#primaryimage\"},\"image\":{\"@id\":\"https:\/\/elregionalvm.com.ar\/noticias-villa-maria\/hoteleros-y-gastronomicos-se-capacitaron-con-eje-en-las-etapas-de-gestion-de-residuos\/#primaryimage\"},\"thumbnailUrl\":\"https:\/\/i0.wp.com\/elregionalvm.com.ar\/noticias-villa-maria\/wp-content\/uploads\/2024\/01\/WhatsApp-Image-2024-01-25-at-16.41.49.jpeg?fit=1600%2C1066&ssl=1\",\"datePublished\":\"2024-01-26T02:13:10+00:00\",\"dateModified\":\"2024-01-26T02:13:14+00:00\",\"author\":{\"@id\":\"http:\/\/elregionalvm.com.ar\/noticias-villa-maria\/#\/schema\/person\/a0fb9c422317faca23d50163151bc354\"},\"breadcrumb\":{\"@id\":\"https:\/\/elregionalvm.com.ar\/noticias-villa-maria\/hoteleros-y-gastronomicos-se-capacitaron-con-eje-en-las-etapas-de-gestion-de-residuos\/#breadcrumb\"},\"inLanguage\":\"es\",\"potentialAction\":[{\"@type\":\"ReadAction\",\"target\":[\"https:\/\/elregionalvm.com.ar\/noticias-villa-maria\/hoteleros-y-gastronomicos-se-capacitaron-con-eje-en-las-etapas-de-gestion-de-residuos\/\"]}]},{\"@type\":\"ImageObject\",\"inLanguage\":\"es\",\"@id\":\"https:\/\/elregionalvm.com.ar\/noticias-villa-maria\/hoteleros-y-gastronomicos-se-capacitaron-con-eje-en-las-etapas-de-gestion-de-residuos\/#primaryimage\",\"url\":\"https:\/\/i0.wp.com\/elregionalvm.com.ar\/noticias-villa-maria\/wp-content\/uploads\/2024\/01\/WhatsApp-Image-2024-01-25-at-16.41.49.jpeg?fit=1600%2C1066&ssl=1\",\"contentUrl\":\"https:\/\/i0.wp.com\/elregionalvm.com.ar\/noticias-villa-maria\/wp-content\/uploads\/2024\/01\/WhatsApp-Image-2024-01-25-at-16.41.49.jpeg?fit=1600%2C1066&ssl=1\",\"width\":1600,\"height\":1066},{\"@type\":\"BreadcrumbList\",\"@id\":\"https:\/\/elregionalvm.com.ar\/noticias-villa-maria\/hoteleros-y-gastronomicos-se-capacitaron-con-eje-en-las-etapas-de-gestion-de-residuos\/#breadcrumb\",\"itemListElement\":[{\"@type\":\"ListItem\",\"position\":1,\"name\":\"Portada\",\"item\":\"https:\/\/elregionalvm.com.ar\/noticias-villa-maria\/\"},{\"@type\":\"ListItem\",\"position\":2,\"name\":\"Hoteleros y Gastron\u00f3micos se capacitaron con eje en las etapas de gesti\u00f3n de residuos\"}]},{\"@type\":\"WebSite\",\"@id\":\"http:\/\/elregionalvm.com.ar\/noticias-villa-maria\/#website\",\"url\":\"http:\/\/elregionalvm.com.ar\/noticias-villa-maria\/\",\"name\":\"El Regional\",\"description\":\"Mucho m\u00e1s que informaci\u00f3n\",\"potentialAction\":[{\"@type\":\"SearchAction\",\"target\":{\"@type\":\"EntryPoint\",\"urlTemplate\":\"http:\/\/elregionalvm.com.ar\/noticias-villa-maria\/?s={search_term_string}\"},\"query-input\":{\"@type\":\"PropertyValueSpecification\",\"valueRequired\":true,\"valueName\":\"search_term_string\"}}],\"inLanguage\":\"es\"},{\"@type\":\"Person\",\"@id\":\"http:\/\/elregionalvm.com.ar\/noticias-villa-maria\/#\/schema\/person\/a0fb9c422317faca23d50163151bc354\",\"name\":\"Contenidos El Regional\",\"image\":{\"@type\":\"ImageObject\",\"inLanguage\":\"es\",\"@id\":\"http:\/\/elregionalvm.com.ar\/noticias-villa-maria\/#\/schema\/person\/image\/\",\"url\":\"https:\/\/secure.gravatar.com\/avatar\/265b27cb2209af7bb3a1318f03305787d7981a5cc6e6cd08fe5a4ecdf99d4b48?s=96&d=mm&r=g\",\"contentUrl\":\"https:\/\/secure.gravatar.com\/avatar\/265b27cb2209af7bb3a1318f03305787d7981a5cc6e6cd08fe5a4ecdf99d4b48?s=96&d=mm&r=g\",\"caption\":\"Contenidos El Regional\"},\"url\":\"https:\/\/elregionalvm.com.ar\/noticias-villa-maria\/author\/contenido\/\"}]}<\/script>\n<!-- \/ Yoast SEO plugin. -->","yoast_head_json":{"title":"Hoteleros y Gastron\u00f3micos se capacitaron con eje en las etapas de gesti\u00f3n de residuos - El Regional","robots":{"index":"index","follow":"follow","max-snippet":"max-snippet:-1","max-image-preview":"max-image-preview:large","max-video-preview":"max-video-preview:-1"},"canonical":"https:\/\/elregionalvm.com.ar\/noticias-villa-maria\/hoteleros-y-gastronomicos-se-capacitaron-con-eje-en-las-etapas-de-gestion-de-residuos\/","og_locale":"es_ES","og_type":"article","og_title":"Hoteleros y Gastron\u00f3micos se capacitaron con eje en las etapas de gesti\u00f3n de residuos - El Regional","og_description":"Pasado el mediod\u00eda, representantes del sector hotelero y gastron\u00f3mico, recibieron una capacitaci\u00f3n denominada \u201cHacia un modelo circular: Acciones Sostenibles para transformar los residuos en recursos\u201d. La misma tuvo lugar en el Centro Cultural Comunitario Leonardo Favio. La instancia de formaci\u00f3n fue organizada por la Secretar\u00eda de Infraestructura, Desarrollo Urbano y Ambiente, y fue dictada por [&hellip;]","og_url":"https:\/\/elregionalvm.com.ar\/noticias-villa-maria\/hoteleros-y-gastronomicos-se-capacitaron-con-eje-en-las-etapas-de-gestion-de-residuos\/","og_site_name":"El Regional","article_publisher":"https:\/\/www.facebook.com\/elregionalvm","article_published_time":"2024-01-26T02:13:10+00:00","article_modified_time":"2024-01-26T02:13:14+00:00","og_image":[{"width":1600,"height":1066,"url":"https:\/\/elregionalvm.com.ar\/noticias-villa-maria\/wp-content\/uploads\/2024\/01\/WhatsApp-Image-2024-01-25-at-16.41.49.jpeg","type":"image\/jpeg"}],"author":"Contenidos El Regional","twitter_card":"summary_large_image","twitter_creator":"@elregionalvm1","twitter_site":"@elregionalvm1","twitter_misc":{"Escrito por":"Contenidos El Regional","Tiempo de lectura":"2 minutos"},"schema":{"@context":"https:\/\/schema.org","@graph":[{"@type":"Article","@id":"https:\/\/elregionalvm.com.ar\/noticias-villa-maria\/hoteleros-y-gastronomicos-se-capacitaron-con-eje-en-las-etapas-de-gestion-de-residuos\/#article","isPartOf":{"@id":"https:\/\/elregionalvm.com.ar\/noticias-villa-maria\/hoteleros-y-gastronomicos-se-capacitaron-con-eje-en-las-etapas-de-gestion-de-residuos\/"},"author":{"name":"Contenidos El Regional","@id":"http:\/\/elregionalvm.com.ar\/noticias-villa-maria\/#\/schema\/person\/a0fb9c422317faca23d50163151bc354"},"headline":"Hoteleros y Gastron\u00f3micos se capacitaron con eje en las etapas de gesti\u00f3n de residuos","datePublished":"2024-01-26T02:13:10+00:00","dateModified":"2024-01-26T02:13:14+00:00","mainEntityOfPage":{"@id":"https:\/\/elregionalvm.com.ar\/noticias-villa-maria\/hoteleros-y-gastronomicos-se-capacitaron-con-eje-en-las-etapas-de-gestion-de-residuos\/"},"wordCount":509,"commentCount":0,"image":{"@id":"https:\/\/elregionalvm.com.ar\/noticias-villa-maria\/hoteleros-y-gastronomicos-se-capacitaron-con-eje-en-las-etapas-de-gestion-de-residuos\/#primaryimage"},"thumbnailUrl":"https:\/\/i0.wp.com\/elregionalvm.com.ar\/noticias-villa-maria\/wp-content\/uploads\/2024\/01\/WhatsApp-Image-2024-01-25-at-16.41.49.jpeg?fit=1600%2C1066&ssl=1","articleSection":["destacado","Sociedad","Villa Mar\u00eda"],"inLanguage":"es","potentialAction":[{"@type":"CommentAction","name":"Comment","target":["https:\/\/elregionalvm.com.ar\/noticias-villa-maria\/hoteleros-y-gastronomicos-se-capacitaron-con-eje-en-las-etapas-de-gestion-de-residuos\/#respond"]}]},{"@type":"WebPage","@id":"https:\/\/elregionalvm.com.ar\/noticias-villa-maria\/hoteleros-y-gastronomicos-se-capacitaron-con-eje-en-las-etapas-de-gestion-de-residuos\/","url":"https:\/\/elregionalvm.com.ar\/noticias-villa-maria\/hoteleros-y-gastronomicos-se-capacitaron-con-eje-en-las-etapas-de-gestion-de-residuos\/","name":"Hoteleros y Gastron\u00f3micos se capacitaron con eje en las etapas de gesti\u00f3n de residuos - El Regional","isPartOf":{"@id":"http:\/\/elregionalvm.com.ar\/noticias-villa-maria\/#website"},"primaryImageOfPage":{"@id":"https:\/\/elregionalvm.com.ar\/noticias-villa-maria\/hoteleros-y-gastronomicos-se-capacitaron-con-eje-en-las-etapas-de-gestion-de-residuos\/#primaryimage"},"image":{"@id":"https:\/\/elregionalvm.com.ar\/noticias-villa-maria\/hoteleros-y-gastronomicos-se-capacitaron-con-eje-en-las-etapas-de-gestion-de-residuos\/#primaryimage"},"thumbnailUrl":"https:\/\/i0.wp.com\/elregionalvm.com.ar\/noticias-villa-maria\/wp-content\/uploads\/2024\/01\/WhatsApp-Image-2024-01-25-at-16.41.49.jpeg?fit=1600%2C1066&ssl=1","datePublished":"2024-01-26T02:13:10+00:00","dateModified":"2024-01-26T02:13:14+00:00","author":{"@id":"http:\/\/elregionalvm.com.ar\/noticias-villa-maria\/#\/schema\/person\/a0fb9c422317faca23d50163151bc354"},"breadcrumb":{"@id":"https:\/\/elregionalvm.com.ar\/noticias-villa-maria\/hoteleros-y-gastronomicos-se-capacitaron-con-eje-en-las-etapas-de-gestion-de-residuos\/#breadcrumb"},"inLanguage":"es","potentialAction":[{"@type":"ReadAction","target":["https:\/\/elregionalvm.com.ar\/noticias-villa-maria\/hoteleros-y-gastronomicos-se-capacitaron-con-eje-en-las-etapas-de-gestion-de-residuos\/"]}]},{"@type":"ImageObject","inLanguage":"es","@id":"https:\/\/elregionalvm.com.ar\/noticias-villa-maria\/hoteleros-y-gastronomicos-se-capacitaron-con-eje-en-las-etapas-de-gestion-de-residuos\/#primaryimage","url":"https:\/\/i0.wp.com\/elregionalvm.com.ar\/noticias-villa-maria\/wp-content\/uploads\/2024\/01\/WhatsApp-Image-2024-01-25-at-16.41.49.jpeg?fit=1600%2C1066&ssl=1","contentUrl":"https:\/\/i0.wp.com\/elregionalvm.com.ar\/noticias-villa-maria\/wp-content\/uploads\/2024\/01\/WhatsApp-Image-2024-01-25-at-16.41.49.jpeg?fit=1600%2C1066&ssl=1","width":1600,"height":1066},{"@type":"BreadcrumbList","@id":"https:\/\/elregionalvm.com.ar\/noticias-villa-maria\/hoteleros-y-gastronomicos-se-capacitaron-con-eje-en-las-etapas-de-gestion-de-residuos\/#breadcrumb","itemListElement":[{"@type":"ListItem","position":1,"name":"Portada","item":"https:\/\/elregionalvm.com.ar\/noticias-villa-maria\/"},{"@type":"ListItem","position":2,"name":"Hoteleros y Gastron\u00f3micos se capacitaron con eje en las etapas de gesti\u00f3n de residuos"}]},{"@type":"WebSite","@id":"http:\/\/elregionalvm.com.ar\/noticias-villa-maria\/#website","url":"http:\/\/elregionalvm.com.ar\/noticias-villa-maria\/","name":"El Regional","description":"Mucho m\u00e1s que informaci\u00f3n","potentialAction":[{"@type":"SearchAction","target":{"@type":"EntryPoint","urlTemplate":"http:\/\/elregionalvm.com.ar\/noticias-villa-maria\/?s={search_term_string}"},"query-input":{"@type":"PropertyValueSpecification","valueRequired":true,"valueName":"search_term_string"}}],"inLanguage":"es"},{"@type":"Person","@id":"http:\/\/elregionalvm.com.ar\/noticias-villa-maria\/#\/schema\/person\/a0fb9c422317faca23d50163151bc354","name":"Contenidos El Regional","image":{"@type":"ImageObject","inLanguage":"es","@id":"http:\/\/elregionalvm.com.ar\/noticias-villa-maria\/#\/schema\/person\/image\/","url":"https:\/\/secure.gravatar.com\/avatar\/265b27cb2209af7bb3a1318f03305787d7981a5cc6e6cd08fe5a4ecdf99d4b48?s=96&d=mm&r=g","contentUrl":"https:\/\/secure.gravatar.com\/avatar\/265b27cb2209af7bb3a1318f03305787d7981a5cc6e6cd08fe5a4ecdf99d4b48?s=96&d=mm&r=g","caption":"Contenidos El Regional"},"url":"https:\/\/elregionalvm.com.ar\/noticias-villa-maria\/author\/contenido\/"}]}},"jetpack_featured_media_url":"https:\/\/i0.wp.com\/elregionalvm.com.ar\/noticias-villa-maria\/wp-content\/uploads\/2024\/01\/WhatsApp-Image-2024-01-25-at-16.41.49.jpeg?fit=1600%2C1066&ssl=1","jetpack_sharing_enabled":true,"_links":{"self":[{"href":"https:\/\/elregionalvm.com.ar\/noticias-villa-maria\/wp-json\/wp\/v2\/posts\/89045","targetHints":{"allow":["GET"]}}],"collection":[{"href":"https:\/\/elregionalvm.com.ar\/noticias-villa-maria\/wp-json\/wp\/v2\/posts"}],"about":[{"href":"https:\/\/elregionalvm.com.ar\/noticias-villa-maria\/wp-json\/wp\/v2\/types\/post"}],"author":[{"embeddable":true,"href":"https:\/\/elregionalvm.com.ar\/noticias-villa-maria\/wp-json\/wp\/v2\/users\/4"}],"replies":[{"embeddable":true,"href":"https:\/\/elregionalvm.com.ar\/noticias-villa-maria\/wp-json\/wp\/v2\/comments?post=89045"}],"version-history":[{"count":1,"href":"https:\/\/elregionalvm.com.ar\/noticias-villa-maria\/wp-json\/wp\/v2\/posts\/89045\/revisions"}],"predecessor-version":[{"id":89048,"href":"https:\/\/elregionalvm.com.ar\/noticias-villa-maria\/wp-json\/wp\/v2\/posts\/89045\/revisions\/89048"}],"wp:featuredmedia":[{"embeddable":true,"href":"https:\/\/elregionalvm.com.ar\/noticias-villa-maria\/wp-json\/wp\/v2\/media\/89047"}],"wp:attachment":[{"href":"https:\/\/elregionalvm.com.ar\/noticias-villa-maria\/wp-json\/wp\/v2\/media?parent=89045"}],"wp:term":[{"taxonomy":"category","embeddable":true,"href":"https:\/\/elregionalvm.com.ar\/noticias-villa-maria\/wp-json\/wp\/v2\/categories?post=89045"},{"taxonomy":"post_tag","embeddable":true,"href":"https:\/\/elregionalvm.com.ar\/noticias-villa-maria\/wp-json\/wp\/v2\/tags?post=89045"}],"curies":[{"name":"wp","href":"https:\/\/api.w.org\/{rel}","templated":true}]}}