{"id":89066,"date":"2024-01-26T21:35:07","date_gmt":"2024-01-26T21:35:07","guid":{"rendered":"https:\/\/elregionalvm.com.ar\/noticias-villa-maria\/?p=89066"},"modified":"2024-01-26T21:35:09","modified_gmt":"2024-01-26T21:35:09","slug":"desde-el-municipio-recibieron-a-la-secretaria-de-comercio-y-autoridades-de-aerca","status":"publish","type":"post","link":"https:\/\/elregionalvm.com.ar\/noticias-villa-maria\/desde-el-municipio-recibieron-a-la-secretaria-de-comercio-y-autoridades-de-aerca\/","title":{"rendered":"Desde el Municipio recibieron a la Secretaria de Comercio y autoridades de AERCA"},"content":{"rendered":"\n<p>Durante el mediod\u00eda de hoy, el presidente del Concejo Deliberante, Juan Pablo Inglese, los Secretarios de Infraestructura, Desarrollo Urbano y Ambiente, y de Unidad Intendencia, Alejandra Barbero y Agust\u00edn Turletti, y el subsecretario de Desarrollo Productivo, Germ\u00e1n Tenedini, recibieron a la secretaria de Comercio del Ministerio de Producci\u00f3n, Ciencia e Innovaci\u00f3n Tecnol\u00f3gica, Nadia Villegas, quien visit\u00f3 nuestra ciudad para comunicar modificaciones en el programa Centros Comerciales a Cielo Abierto, al que Villa Mar\u00eda se encuentra circunscripto.<\/p>\n\n\n\n<p>En este sentido, Inglese coment\u00f3: \u201cLas obras relacionadas con los Centros Comerciales son m\u00e1s que una obra de infraestructura, son una forma de dotar a los comerciantes de oportunidades y beneficios materiales e inmateriales\u201d.<\/p>\n\n\n\n<figure class=\"wp-block-image size-large\"><img data-recalc-dims=\"1\" fetchpriority=\"high\" decoding=\"async\" width=\"1024\" height=\"682\" src=\"https:\/\/i0.wp.com\/elregionalvm.com.ar\/noticias-villa-maria\/wp-content\/uploads\/2024\/01\/WhatsApp-Image-2024-01-26-at-18.27.15.jpeg?resize=1024%2C682&#038;ssl=1\" alt=\"\" class=\"wp-image-89068\" srcset=\"https:\/\/i0.wp.com\/elregionalvm.com.ar\/noticias-villa-maria\/wp-content\/uploads\/2024\/01\/WhatsApp-Image-2024-01-26-at-18.27.15.jpeg?resize=1024%2C682&amp;ssl=1 1024w, https:\/\/i0.wp.com\/elregionalvm.com.ar\/noticias-villa-maria\/wp-content\/uploads\/2024\/01\/WhatsApp-Image-2024-01-26-at-18.27.15.jpeg?resize=300%2C200&amp;ssl=1 300w, https:\/\/i0.wp.com\/elregionalvm.com.ar\/noticias-villa-maria\/wp-content\/uploads\/2024\/01\/WhatsApp-Image-2024-01-26-at-18.27.15.jpeg?resize=768%2C512&amp;ssl=1 768w, https:\/\/i0.wp.com\/elregionalvm.com.ar\/noticias-villa-maria\/wp-content\/uploads\/2024\/01\/WhatsApp-Image-2024-01-26-at-18.27.15.jpeg?w=1280&amp;ssl=1 1280w\" sizes=\"(max-width: 1000px) 100vw, 1000px\" \/><\/figure>\n\n\n\n<p>Por su parte, Turletti a\u00f1adi\u00f3: \u00abQueremos trabajar articuladamente con el vecino, y que el vecino sepa la importancia que tiene para nosotros. Hemos recopilado datos para empezar a proyectar la ciudad, que se extiende hacia afuera, creando otros polos comerciales fuera del sector c\u00e9ntrico tradicional\u201d.<\/p>\n\n\n\n<p>En esta misma l\u00ednea, la responsable de la cartera de comercio provincial, Nadia Villegas, expres\u00f3: \u201cFue una decisi\u00f3n del gobernador Mart\u00edn Llaryora continuar con el programa de Centro Comerciales a Cielo abierto, y es muy positivo e importante que la gesti\u00f3n de Eduardo Accastello tambi\u00e9n lo contin\u00fae, para trabajar en conjunto y que los proyectos se extiendan en el futuro\u201d.<\/p>\n\n\n\n<p>Luego, anunci\u00f3: \u201cSe van a cumplir los plazos y las fechas pautadas, para lograr una refuncionalizaci\u00f3n integral del espacio comercial. Villa Mar\u00eda es una de las ciudades que recibir\u00e1 aportes de todo tipo para continuar con este programa, pero ahora la Municipalidad tambi\u00e9n deber\u00e1 hacer su aporte para garantizar el \u00e9xito de la iniciativa\u201d.<\/p>\n\n\n\n<p>Al finalizar, el presidente de Aerca, Juan Carlos Jacobo, dijo que desde la entidad pondr\u00e1n a disposici\u00f3n espacios para realizar las capacitaciones necesarias, y ratific\u00f3 su compromiso para que los comerciantes de las zonas a intervenir colaboren con el proyecto: \u00abLa articulaci\u00f3n p\u00fablico-privada es funcional al desarrollo productivo de la ciudad. Sabemos que la gesti\u00f3n de Accastello tiene por objetivo potenciar estas labores, para el beneficio de todos, y nosotros vamos a ayudar tambi\u00e9n para lograr grandes cosas para el sector comercial de Villa Maria\u201d.<\/p>\n","protected":false},"excerpt":{"rendered":"<p>Durante el mediod\u00eda de hoy, el presidente del Concejo Deliberante, Juan Pablo Inglese, los Secretarios de Infraestructura, Desarrollo Urbano y Ambiente, y de Unidad Intendencia, Alejandra Barbero y Agust\u00edn Turletti, y el subsecretario de Desarrollo Productivo, Germ\u00e1n Tenedini, recibieron a la secretaria de Comercio del Ministerio de Producci\u00f3n, Ciencia e Innovaci\u00f3n Tecnol\u00f3gica, Nadia Villegas, quien [&hellip;]<\/p>\n","protected":false},"author":4,"featured_media":89067,"comment_status":"open","ping_status":"open","sticky":false,"template":"","format":"standard","meta":{"site-sidebar-layout":"default","site-content-layout":"","ast-site-content-layout":"default","site-content-style":"default","site-sidebar-style":"default","ast-global-header-display":"","ast-banner-title-visibility":"","ast-main-header-display":"","ast-hfb-above-header-display":"","ast-hfb-below-header-display":"","ast-hfb-mobile-header-display":"","site-post-title":"","ast-breadcrumbs-content":"","ast-featured-img":"","footer-sml-layout":"","ast-disable-related-posts":"","theme-transparent-header-meta":"","adv-header-id-meta":"","stick-header-meta":"","header-above-stick-meta":"","header-main-stick-meta":"","header-below-stick-meta":"","astra-migrate-meta-layouts":"set","ast-page-background-enabled":"default","ast-page-background-meta":{"desktop":{"background-color":"","background-image":"","background-repeat":"repeat","background-position":"center center","background-size":"auto","background-attachment":"scroll","background-type":"","background-media":"","overlay-type":"","overlay-color":"","overlay-opacity":"","overlay-gradient":""},"tablet":{"background-color":"","background-image":"","background-repeat":"repeat","background-position":"center center","background-size":"auto","background-attachment":"scroll","background-type":"","background-media":"","overlay-type":"","overlay-color":"","overlay-opacity":"","overlay-gradient":""},"mobile":{"background-color":"","background-image":"","background-repeat":"repeat","background-position":"center center","background-size":"auto","background-attachment":"scroll","background-type":"","background-media":"","overlay-type":"","overlay-color":"","overlay-opacity":"","overlay-gradient":""}},"ast-content-background-meta":{"desktop":{"background-color":"var(--ast-global-color-5)","background-image":"","background-repeat":"repeat","background-position":"center center","background-size":"auto","background-attachment":"scroll","background-type":"","background-media":"","overlay-type":"","overlay-color":"","overlay-opacity":"","overlay-gradient":""},"tablet":{"background-color":"var(--ast-global-color-5)","background-image":"","background-repeat":"repeat","background-position":"center center","background-size":"auto","background-attachment":"scroll","background-type":"","background-media":"","overlay-type":"","overlay-color":"","overlay-opacity":"","overlay-gradient":""},"mobile":{"background-color":"var(--ast-global-color-5)","background-image":"","background-repeat":"repeat","background-position":"center center","background-size":"auto","background-attachment":"scroll","background-type":"","background-media":"","overlay-type":"","overlay-color":"","overlay-opacity":"","overlay-gradient":""}},"_jetpack_memberships_contains_paid_content":false,"_joinchat":[],"footnotes":""},"categories":[15302,5,2],"tags":[],"class_list":["post-89066","post","type-post","status-publish","format-standard","has-post-thumbnail","hentry","category-destacado","category-sociedad","category-villa-maria"],"yoast_head":"<!-- This site is optimized with the Yoast SEO plugin v26.8 - https:\/\/yoast.com\/product\/yoast-seo-wordpress\/ -->\n<title>Desde el Municipio recibieron a la Secretaria de Comercio y autoridades de AERCA - El Regional<\/title>\n<meta name=\"robots\" content=\"index, follow, max-snippet:-1, max-image-preview:large, max-video-preview:-1\" \/>\n<link rel=\"canonical\" href=\"https:\/\/elregionalvm.com.ar\/noticias-villa-maria\/desde-el-municipio-recibieron-a-la-secretaria-de-comercio-y-autoridades-de-aerca\/\" \/>\n<meta property=\"og:locale\" content=\"es_ES\" \/>\n<meta property=\"og:type\" content=\"article\" \/>\n<meta property=\"og:title\" content=\"Desde el Municipio recibieron a la Secretaria de Comercio y autoridades de AERCA - El Regional\" \/>\n<meta property=\"og:description\" content=\"Durante el mediod\u00eda de hoy, el presidente del Concejo Deliberante, Juan Pablo Inglese, los Secretarios de Infraestructura, Desarrollo Urbano y Ambiente, y de Unidad Intendencia, Alejandra Barbero y Agust\u00edn Turletti, y el subsecretario de Desarrollo Productivo, Germ\u00e1n Tenedini, recibieron a la secretaria de Comercio del Ministerio de Producci\u00f3n, Ciencia e Innovaci\u00f3n Tecnol\u00f3gica, Nadia Villegas, quien [&hellip;]\" \/>\n<meta property=\"og:url\" content=\"https:\/\/elregionalvm.com.ar\/noticias-villa-maria\/desde-el-municipio-recibieron-a-la-secretaria-de-comercio-y-autoridades-de-aerca\/\" \/>\n<meta property=\"og:site_name\" content=\"El Regional\" \/>\n<meta property=\"article:publisher\" content=\"https:\/\/www.facebook.com\/elregionalvm\" \/>\n<meta property=\"article:published_time\" content=\"2024-01-26T21:35:07+00:00\" \/>\n<meta property=\"article:modified_time\" content=\"2024-01-26T21:35:09+00:00\" \/>\n<meta property=\"og:image\" content=\"https:\/\/elregionalvm.com.ar\/noticias-villa-maria\/wp-content\/uploads\/2024\/01\/WhatsApp-Image-2024-01-26-at-18.27.15-1.jpeg\" \/>\n\t<meta property=\"og:image:width\" content=\"1280\" \/>\n\t<meta property=\"og:image:height\" content=\"853\" \/>\n\t<meta property=\"og:image:type\" content=\"image\/jpeg\" \/>\n<meta name=\"author\" content=\"Contenidos El Regional\" \/>\n<meta name=\"twitter:card\" content=\"summary_large_image\" \/>\n<meta name=\"twitter:creator\" content=\"@elregionalvm1\" \/>\n<meta name=\"twitter:site\" content=\"@elregionalvm1\" \/>\n<meta name=\"twitter:label1\" content=\"Escrito por\" \/>\n\t<meta name=\"twitter:data1\" content=\"Contenidos El Regional\" \/>\n\t<meta name=\"twitter:label2\" content=\"Tiempo de lectura\" \/>\n\t<meta name=\"twitter:data2\" content=\"2 minutos\" \/>\n<script type=\"application\/ld+json\" class=\"yoast-schema-graph\">{\"@context\":\"https:\/\/schema.org\",\"@graph\":[{\"@type\":\"Article\",\"@id\":\"https:\/\/elregionalvm.com.ar\/noticias-villa-maria\/desde-el-municipio-recibieron-a-la-secretaria-de-comercio-y-autoridades-de-aerca\/#article\",\"isPartOf\":{\"@id\":\"https:\/\/elregionalvm.com.ar\/noticias-villa-maria\/desde-el-municipio-recibieron-a-la-secretaria-de-comercio-y-autoridades-de-aerca\/\"},\"author\":{\"name\":\"Contenidos El Regional\",\"@id\":\"http:\/\/elregionalvm.com.ar\/noticias-villa-maria\/#\/schema\/person\/a0fb9c422317faca23d50163151bc354\"},\"headline\":\"Desde el Municipio recibieron a la Secretaria de Comercio y autoridades de AERCA\",\"datePublished\":\"2024-01-26T21:35:07+00:00\",\"dateModified\":\"2024-01-26T21:35:09+00:00\",\"mainEntityOfPage\":{\"@id\":\"https:\/\/elregionalvm.com.ar\/noticias-villa-maria\/desde-el-municipio-recibieron-a-la-secretaria-de-comercio-y-autoridades-de-aerca\/\"},\"wordCount\":392,\"commentCount\":0,\"image\":{\"@id\":\"https:\/\/elregionalvm.com.ar\/noticias-villa-maria\/desde-el-municipio-recibieron-a-la-secretaria-de-comercio-y-autoridades-de-aerca\/#primaryimage\"},\"thumbnailUrl\":\"https:\/\/i0.wp.com\/elregionalvm.com.ar\/noticias-villa-maria\/wp-content\/uploads\/2024\/01\/WhatsApp-Image-2024-01-26-at-18.27.15-1.jpeg?fit=1280%2C853&ssl=1\",\"articleSection\":[\"destacado\",\"Sociedad\",\"Villa Mar\u00eda\"],\"inLanguage\":\"es\",\"potentialAction\":[{\"@type\":\"CommentAction\",\"name\":\"Comment\",\"target\":[\"https:\/\/elregionalvm.com.ar\/noticias-villa-maria\/desde-el-municipio-recibieron-a-la-secretaria-de-comercio-y-autoridades-de-aerca\/#respond\"]}]},{\"@type\":\"WebPage\",\"@id\":\"https:\/\/elregionalvm.com.ar\/noticias-villa-maria\/desde-el-municipio-recibieron-a-la-secretaria-de-comercio-y-autoridades-de-aerca\/\",\"url\":\"https:\/\/elregionalvm.com.ar\/noticias-villa-maria\/desde-el-municipio-recibieron-a-la-secretaria-de-comercio-y-autoridades-de-aerca\/\",\"name\":\"Desde el Municipio recibieron a la Secretaria de Comercio y autoridades de AERCA - El Regional\",\"isPartOf\":{\"@id\":\"http:\/\/elregionalvm.com.ar\/noticias-villa-maria\/#website\"},\"primaryImageOfPage\":{\"@id\":\"https:\/\/elregionalvm.com.ar\/noticias-villa-maria\/desde-el-municipio-recibieron-a-la-secretaria-de-comercio-y-autoridades-de-aerca\/#primaryimage\"},\"image\":{\"@id\":\"https:\/\/elregionalvm.com.ar\/noticias-villa-maria\/desde-el-municipio-recibieron-a-la-secretaria-de-comercio-y-autoridades-de-aerca\/#primaryimage\"},\"thumbnailUrl\":\"https:\/\/i0.wp.com\/elregionalvm.com.ar\/noticias-villa-maria\/wp-content\/uploads\/2024\/01\/WhatsApp-Image-2024-01-26-at-18.27.15-1.jpeg?fit=1280%2C853&ssl=1\",\"datePublished\":\"2024-01-26T21:35:07+00:00\",\"dateModified\":\"2024-01-26T21:35:09+00:00\",\"author\":{\"@id\":\"http:\/\/elregionalvm.com.ar\/noticias-villa-maria\/#\/schema\/person\/a0fb9c422317faca23d50163151bc354\"},\"breadcrumb\":{\"@id\":\"https:\/\/elregionalvm.com.ar\/noticias-villa-maria\/desde-el-municipio-recibieron-a-la-secretaria-de-comercio-y-autoridades-de-aerca\/#breadcrumb\"},\"inLanguage\":\"es\",\"potentialAction\":[{\"@type\":\"ReadAction\",\"target\":[\"https:\/\/elregionalvm.com.ar\/noticias-villa-maria\/desde-el-municipio-recibieron-a-la-secretaria-de-comercio-y-autoridades-de-aerca\/\"]}]},{\"@type\":\"ImageObject\",\"inLanguage\":\"es\",\"@id\":\"https:\/\/elregionalvm.com.ar\/noticias-villa-maria\/desde-el-municipio-recibieron-a-la-secretaria-de-comercio-y-autoridades-de-aerca\/#primaryimage\",\"url\":\"https:\/\/i0.wp.com\/elregionalvm.com.ar\/noticias-villa-maria\/wp-content\/uploads\/2024\/01\/WhatsApp-Image-2024-01-26-at-18.27.15-1.jpeg?fit=1280%2C853&ssl=1\",\"contentUrl\":\"https:\/\/i0.wp.com\/elregionalvm.com.ar\/noticias-villa-maria\/wp-content\/uploads\/2024\/01\/WhatsApp-Image-2024-01-26-at-18.27.15-1.jpeg?fit=1280%2C853&ssl=1\",\"width\":1280,\"height\":853},{\"@type\":\"BreadcrumbList\",\"@id\":\"https:\/\/elregionalvm.com.ar\/noticias-villa-maria\/desde-el-municipio-recibieron-a-la-secretaria-de-comercio-y-autoridades-de-aerca\/#breadcrumb\",\"itemListElement\":[{\"@type\":\"ListItem\",\"position\":1,\"name\":\"Portada\",\"item\":\"https:\/\/elregionalvm.com.ar\/noticias-villa-maria\/\"},{\"@type\":\"ListItem\",\"position\":2,\"name\":\"Desde el Municipio recibieron a la Secretaria de Comercio y autoridades de AERCA\"}]},{\"@type\":\"WebSite\",\"@id\":\"http:\/\/elregionalvm.com.ar\/noticias-villa-maria\/#website\",\"url\":\"http:\/\/elregionalvm.com.ar\/noticias-villa-maria\/\",\"name\":\"El Regional\",\"description\":\"Mucho m\u00e1s que informaci\u00f3n\",\"potentialAction\":[{\"@type\":\"SearchAction\",\"target\":{\"@type\":\"EntryPoint\",\"urlTemplate\":\"http:\/\/elregionalvm.com.ar\/noticias-villa-maria\/?s={search_term_string}\"},\"query-input\":{\"@type\":\"PropertyValueSpecification\",\"valueRequired\":true,\"valueName\":\"search_term_string\"}}],\"inLanguage\":\"es\"},{\"@type\":\"Person\",\"@id\":\"http:\/\/elregionalvm.com.ar\/noticias-villa-maria\/#\/schema\/person\/a0fb9c422317faca23d50163151bc354\",\"name\":\"Contenidos El Regional\",\"image\":{\"@type\":\"ImageObject\",\"inLanguage\":\"es\",\"@id\":\"http:\/\/elregionalvm.com.ar\/noticias-villa-maria\/#\/schema\/person\/image\/\",\"url\":\"https:\/\/secure.gravatar.com\/avatar\/265b27cb2209af7bb3a1318f03305787d7981a5cc6e6cd08fe5a4ecdf99d4b48?s=96&d=mm&r=g\",\"contentUrl\":\"https:\/\/secure.gravatar.com\/avatar\/265b27cb2209af7bb3a1318f03305787d7981a5cc6e6cd08fe5a4ecdf99d4b48?s=96&d=mm&r=g\",\"caption\":\"Contenidos El Regional\"},\"url\":\"https:\/\/elregionalvm.com.ar\/noticias-villa-maria\/author\/contenido\/\"}]}<\/script>\n<!-- \/ Yoast SEO plugin. -->","yoast_head_json":{"title":"Desde el Municipio recibieron a la Secretaria de Comercio y autoridades de AERCA - El Regional","robots":{"index":"index","follow":"follow","max-snippet":"max-snippet:-1","max-image-preview":"max-image-preview:large","max-video-preview":"max-video-preview:-1"},"canonical":"https:\/\/elregionalvm.com.ar\/noticias-villa-maria\/desde-el-municipio-recibieron-a-la-secretaria-de-comercio-y-autoridades-de-aerca\/","og_locale":"es_ES","og_type":"article","og_title":"Desde el Municipio recibieron a la Secretaria de Comercio y autoridades de AERCA - El Regional","og_description":"Durante el mediod\u00eda de hoy, el presidente del Concejo Deliberante, Juan Pablo Inglese, los Secretarios de Infraestructura, Desarrollo Urbano y Ambiente, y de Unidad Intendencia, Alejandra Barbero y Agust\u00edn Turletti, y el subsecretario de Desarrollo Productivo, Germ\u00e1n Tenedini, recibieron a la secretaria de Comercio del Ministerio de Producci\u00f3n, Ciencia e Innovaci\u00f3n Tecnol\u00f3gica, Nadia Villegas, quien [&hellip;]","og_url":"https:\/\/elregionalvm.com.ar\/noticias-villa-maria\/desde-el-municipio-recibieron-a-la-secretaria-de-comercio-y-autoridades-de-aerca\/","og_site_name":"El Regional","article_publisher":"https:\/\/www.facebook.com\/elregionalvm","article_published_time":"2024-01-26T21:35:07+00:00","article_modified_time":"2024-01-26T21:35:09+00:00","og_image":[{"width":1280,"height":853,"url":"https:\/\/elregionalvm.com.ar\/noticias-villa-maria\/wp-content\/uploads\/2024\/01\/WhatsApp-Image-2024-01-26-at-18.27.15-1.jpeg","type":"image\/jpeg"}],"author":"Contenidos El Regional","twitter_card":"summary_large_image","twitter_creator":"@elregionalvm1","twitter_site":"@elregionalvm1","twitter_misc":{"Escrito por":"Contenidos El Regional","Tiempo de lectura":"2 minutos"},"schema":{"@context":"https:\/\/schema.org","@graph":[{"@type":"Article","@id":"https:\/\/elregionalvm.com.ar\/noticias-villa-maria\/desde-el-municipio-recibieron-a-la-secretaria-de-comercio-y-autoridades-de-aerca\/#article","isPartOf":{"@id":"https:\/\/elregionalvm.com.ar\/noticias-villa-maria\/desde-el-municipio-recibieron-a-la-secretaria-de-comercio-y-autoridades-de-aerca\/"},"author":{"name":"Contenidos El Regional","@id":"http:\/\/elregionalvm.com.ar\/noticias-villa-maria\/#\/schema\/person\/a0fb9c422317faca23d50163151bc354"},"headline":"Desde el Municipio recibieron a la Secretaria de Comercio y autoridades de AERCA","datePublished":"2024-01-26T21:35:07+00:00","dateModified":"2024-01-26T21:35:09+00:00","mainEntityOfPage":{"@id":"https:\/\/elregionalvm.com.ar\/noticias-villa-maria\/desde-el-municipio-recibieron-a-la-secretaria-de-comercio-y-autoridades-de-aerca\/"},"wordCount":392,"commentCount":0,"image":{"@id":"https:\/\/elregionalvm.com.ar\/noticias-villa-maria\/desde-el-municipio-recibieron-a-la-secretaria-de-comercio-y-autoridades-de-aerca\/#primaryimage"},"thumbnailUrl":"https:\/\/i0.wp.com\/elregionalvm.com.ar\/noticias-villa-maria\/wp-content\/uploads\/2024\/01\/WhatsApp-Image-2024-01-26-at-18.27.15-1.jpeg?fit=1280%2C853&ssl=1","articleSection":["destacado","Sociedad","Villa Mar\u00eda"],"inLanguage":"es","potentialAction":[{"@type":"CommentAction","name":"Comment","target":["https:\/\/elregionalvm.com.ar\/noticias-villa-maria\/desde-el-municipio-recibieron-a-la-secretaria-de-comercio-y-autoridades-de-aerca\/#respond"]}]},{"@type":"WebPage","@id":"https:\/\/elregionalvm.com.ar\/noticias-villa-maria\/desde-el-municipio-recibieron-a-la-secretaria-de-comercio-y-autoridades-de-aerca\/","url":"https:\/\/elregionalvm.com.ar\/noticias-villa-maria\/desde-el-municipio-recibieron-a-la-secretaria-de-comercio-y-autoridades-de-aerca\/","name":"Desde el Municipio recibieron a la Secretaria de Comercio y autoridades de AERCA - El Regional","isPartOf":{"@id":"http:\/\/elregionalvm.com.ar\/noticias-villa-maria\/#website"},"primaryImageOfPage":{"@id":"https:\/\/elregionalvm.com.ar\/noticias-villa-maria\/desde-el-municipio-recibieron-a-la-secretaria-de-comercio-y-autoridades-de-aerca\/#primaryimage"},"image":{"@id":"https:\/\/elregionalvm.com.ar\/noticias-villa-maria\/desde-el-municipio-recibieron-a-la-secretaria-de-comercio-y-autoridades-de-aerca\/#primaryimage"},"thumbnailUrl":"https:\/\/i0.wp.com\/elregionalvm.com.ar\/noticias-villa-maria\/wp-content\/uploads\/2024\/01\/WhatsApp-Image-2024-01-26-at-18.27.15-1.jpeg?fit=1280%2C853&ssl=1","datePublished":"2024-01-26T21:35:07+00:00","dateModified":"2024-01-26T21:35:09+00:00","author":{"@id":"http:\/\/elregionalvm.com.ar\/noticias-villa-maria\/#\/schema\/person\/a0fb9c422317faca23d50163151bc354"},"breadcrumb":{"@id":"https:\/\/elregionalvm.com.ar\/noticias-villa-maria\/desde-el-municipio-recibieron-a-la-secretaria-de-comercio-y-autoridades-de-aerca\/#breadcrumb"},"inLanguage":"es","potentialAction":[{"@type":"ReadAction","target":["https:\/\/elregionalvm.com.ar\/noticias-villa-maria\/desde-el-municipio-recibieron-a-la-secretaria-de-comercio-y-autoridades-de-aerca\/"]}]},{"@type":"ImageObject","inLanguage":"es","@id":"https:\/\/elregionalvm.com.ar\/noticias-villa-maria\/desde-el-municipio-recibieron-a-la-secretaria-de-comercio-y-autoridades-de-aerca\/#primaryimage","url":"https:\/\/i0.wp.com\/elregionalvm.com.ar\/noticias-villa-maria\/wp-content\/uploads\/2024\/01\/WhatsApp-Image-2024-01-26-at-18.27.15-1.jpeg?fit=1280%2C853&ssl=1","contentUrl":"https:\/\/i0.wp.com\/elregionalvm.com.ar\/noticias-villa-maria\/wp-content\/uploads\/2024\/01\/WhatsApp-Image-2024-01-26-at-18.27.15-1.jpeg?fit=1280%2C853&ssl=1","width":1280,"height":853},{"@type":"BreadcrumbList","@id":"https:\/\/elregionalvm.com.ar\/noticias-villa-maria\/desde-el-municipio-recibieron-a-la-secretaria-de-comercio-y-autoridades-de-aerca\/#breadcrumb","itemListElement":[{"@type":"ListItem","position":1,"name":"Portada","item":"https:\/\/elregionalvm.com.ar\/noticias-villa-maria\/"},{"@type":"ListItem","position":2,"name":"Desde el Municipio recibieron a la Secretaria de Comercio y autoridades de AERCA"}]},{"@type":"WebSite","@id":"http:\/\/elregionalvm.com.ar\/noticias-villa-maria\/#website","url":"http:\/\/elregionalvm.com.ar\/noticias-villa-maria\/","name":"El Regional","description":"Mucho m\u00e1s que informaci\u00f3n","potentialAction":[{"@type":"SearchAction","target":{"@type":"EntryPoint","urlTemplate":"http:\/\/elregionalvm.com.ar\/noticias-villa-maria\/?s={search_term_string}"},"query-input":{"@type":"PropertyValueSpecification","valueRequired":true,"valueName":"search_term_string"}}],"inLanguage":"es"},{"@type":"Person","@id":"http:\/\/elregionalvm.com.ar\/noticias-villa-maria\/#\/schema\/person\/a0fb9c422317faca23d50163151bc354","name":"Contenidos El Regional","image":{"@type":"ImageObject","inLanguage":"es","@id":"http:\/\/elregionalvm.com.ar\/noticias-villa-maria\/#\/schema\/person\/image\/","url":"https:\/\/secure.gravatar.com\/avatar\/265b27cb2209af7bb3a1318f03305787d7981a5cc6e6cd08fe5a4ecdf99d4b48?s=96&d=mm&r=g","contentUrl":"https:\/\/secure.gravatar.com\/avatar\/265b27cb2209af7bb3a1318f03305787d7981a5cc6e6cd08fe5a4ecdf99d4b48?s=96&d=mm&r=g","caption":"Contenidos El Regional"},"url":"https:\/\/elregionalvm.com.ar\/noticias-villa-maria\/author\/contenido\/"}]}},"jetpack_featured_media_url":"https:\/\/i0.wp.com\/elregionalvm.com.ar\/noticias-villa-maria\/wp-content\/uploads\/2024\/01\/WhatsApp-Image-2024-01-26-at-18.27.15-1.jpeg?fit=1280%2C853&ssl=1","jetpack_sharing_enabled":true,"_links":{"self":[{"href":"https:\/\/elregionalvm.com.ar\/noticias-villa-maria\/wp-json\/wp\/v2\/posts\/89066","targetHints":{"allow":["GET"]}}],"collection":[{"href":"https:\/\/elregionalvm.com.ar\/noticias-villa-maria\/wp-json\/wp\/v2\/posts"}],"about":[{"href":"https:\/\/elregionalvm.com.ar\/noticias-villa-maria\/wp-json\/wp\/v2\/types\/post"}],"author":[{"embeddable":true,"href":"https:\/\/elregionalvm.com.ar\/noticias-villa-maria\/wp-json\/wp\/v2\/users\/4"}],"replies":[{"embeddable":true,"href":"https:\/\/elregionalvm.com.ar\/noticias-villa-maria\/wp-json\/wp\/v2\/comments?post=89066"}],"version-history":[{"count":1,"href":"https:\/\/elregionalvm.com.ar\/noticias-villa-maria\/wp-json\/wp\/v2\/posts\/89066\/revisions"}],"predecessor-version":[{"id":89069,"href":"https:\/\/elregionalvm.com.ar\/noticias-villa-maria\/wp-json\/wp\/v2\/posts\/89066\/revisions\/89069"}],"wp:featuredmedia":[{"embeddable":true,"href":"https:\/\/elregionalvm.com.ar\/noticias-villa-maria\/wp-json\/wp\/v2\/media\/89067"}],"wp:attachment":[{"href":"https:\/\/elregionalvm.com.ar\/noticias-villa-maria\/wp-json\/wp\/v2\/media?parent=89066"}],"wp:term":[{"taxonomy":"category","embeddable":true,"href":"https:\/\/elregionalvm.com.ar\/noticias-villa-maria\/wp-json\/wp\/v2\/categories?post=89066"},{"taxonomy":"post_tag","embeddable":true,"href":"https:\/\/elregionalvm.com.ar\/noticias-villa-maria\/wp-json\/wp\/v2\/tags?post=89066"}],"curies":[{"name":"wp","href":"https:\/\/api.w.org\/{rel}","templated":true}]}}