{"id":89073,"date":"2024-01-26T21:43:24","date_gmt":"2024-01-26T21:43:24","guid":{"rendered":"https:\/\/elregionalvm.com.ar\/noticias-villa-maria\/?p=89073"},"modified":"2024-01-26T21:43:26","modified_gmt":"2024-01-26T21:43:26","slug":"fue-un-exito-el-mercado-de-abaratamiento-en-barrio-ameghino","status":"publish","type":"post","link":"https:\/\/elregionalvm.com.ar\/noticias-villa-maria\/fue-un-exito-el-mercado-de-abaratamiento-en-barrio-ameghino\/","title":{"rendered":"Fue un \u00e9xito el Mercado de Abaratamiento en Barrio Ameghino"},"content":{"rendered":"\n<p>La iniciativa finaliz\u00f3 con \u00e9xito en barrio Ameghino, y en horas de la ma\u00f1ana, la Secretaria de Educaci\u00f3n e Igualdad, Adela Guirardelli, recorri\u00f3 los puestos que se ubicaron en la esquina de Salta e Intendente Pe\u00f1a, con una variada oferta de carnes, pescado, pollo, quesos, panificaci\u00f3n, frutas y verduras, con el objetivo de llegar a la mesa de los villamarienses con alimentos de primera necesidad a precios justos y accesibles.<\/p>\n\n\n\n<figure class=\"wp-block-image size-large\"><img data-recalc-dims=\"1\" fetchpriority=\"high\" decoding=\"async\" width=\"1024\" height=\"768\" src=\"https:\/\/i0.wp.com\/elregionalvm.com.ar\/noticias-villa-maria\/wp-content\/uploads\/2024\/01\/WhatsApp-Image-2024-01-26-at-08.32.51.jpeg?resize=1024%2C768&#038;ssl=1\" alt=\"\" class=\"wp-image-89077\" srcset=\"https:\/\/i0.wp.com\/elregionalvm.com.ar\/noticias-villa-maria\/wp-content\/uploads\/2024\/01\/WhatsApp-Image-2024-01-26-at-08.32.51.jpeg?resize=1024%2C768&amp;ssl=1 1024w, https:\/\/i0.wp.com\/elregionalvm.com.ar\/noticias-villa-maria\/wp-content\/uploads\/2024\/01\/WhatsApp-Image-2024-01-26-at-08.32.51.jpeg?resize=300%2C225&amp;ssl=1 300w, https:\/\/i0.wp.com\/elregionalvm.com.ar\/noticias-villa-maria\/wp-content\/uploads\/2024\/01\/WhatsApp-Image-2024-01-26-at-08.32.51.jpeg?resize=768%2C576&amp;ssl=1 768w, https:\/\/i0.wp.com\/elregionalvm.com.ar\/noticias-villa-maria\/wp-content\/uploads\/2024\/01\/WhatsApp-Image-2024-01-26-at-08.32.51.jpeg?w=1280&amp;ssl=1 1280w\" sizes=\"(max-width: 1000px) 100vw, 1000px\" \/><\/figure>\n\n\n\n<p>\u00abSe est\u00e1 llevando adelante un cronograma que tiene por objetivo llegar a cada sector de la ciudad de manera descentralizada, ubicando los puestos en lugares estrat\u00e9gicos de los barrios para que cada vecino y vecina pueda acceder a esta propuesta que, sin duda, est\u00e1 siendo un \u00e9xito en cada barrio que se realiza\u00bb mencion\u00f3 Guirardelli.<\/p>\n\n\n\n<p>En respuesta a la cr\u00edtica situaci\u00f3n econ\u00f3mica que atraviesa el pa\u00eds, el municipio puso en marcha el Mercado de Abaratamiento desde el primer momento. La iniciativa busca un equilibrio entre las necesidades de los comerciantes y los vecinos, logrando ofrecer precios accesibles para las familias villamarienses, y que tambi\u00e9n sean rentables para los productores.<\/p>\n\n\n\n<figure class=\"wp-block-image size-large\"><img data-recalc-dims=\"1\" decoding=\"async\" width=\"1024\" height=\"768\" src=\"https:\/\/i0.wp.com\/elregionalvm.com.ar\/noticias-villa-maria\/wp-content\/uploads\/2024\/01\/WhatsApp-Image-2024-01-26-at-08.32.53.jpeg?resize=1024%2C768&#038;ssl=1\" alt=\"\" class=\"wp-image-89076\" srcset=\"https:\/\/i0.wp.com\/elregionalvm.com.ar\/noticias-villa-maria\/wp-content\/uploads\/2024\/01\/WhatsApp-Image-2024-01-26-at-08.32.53.jpeg?resize=1024%2C768&amp;ssl=1 1024w, https:\/\/i0.wp.com\/elregionalvm.com.ar\/noticias-villa-maria\/wp-content\/uploads\/2024\/01\/WhatsApp-Image-2024-01-26-at-08.32.53.jpeg?resize=300%2C225&amp;ssl=1 300w, https:\/\/i0.wp.com\/elregionalvm.com.ar\/noticias-villa-maria\/wp-content\/uploads\/2024\/01\/WhatsApp-Image-2024-01-26-at-08.32.53.jpeg?resize=768%2C576&amp;ssl=1 768w, https:\/\/i0.wp.com\/elregionalvm.com.ar\/noticias-villa-maria\/wp-content\/uploads\/2024\/01\/WhatsApp-Image-2024-01-26-at-08.32.53.jpeg?w=1280&amp;ssl=1 1280w\" sizes=\"(max-width: 1000px) 100vw, 1000px\" \/><\/figure>\n\n\n\n<p>Sobre la continuidad de la propuesta, Guirardelli mencion\u00f3 que \u00abEstamos felices con los resultados. Desde que se puso en marcha, la respuesta de los vecinos y vecinas ha sido muy positiva. Cada vez son m\u00e1s las personas que vienen a comprar alimentos y vamos a tratar de sumar cada vez mas productos y llevar el Mercado a todos los barrios de la ciudad.\u00bb<\/p>\n\n\n\n<figure class=\"wp-block-image size-large\"><img data-recalc-dims=\"1\" decoding=\"async\" width=\"1024\" height=\"768\" src=\"https:\/\/i0.wp.com\/elregionalvm.com.ar\/noticias-villa-maria\/wp-content\/uploads\/2024\/01\/WhatsApp-Image-2024-01-26-at-08.32.57.jpeg?resize=1024%2C768&#038;ssl=1\" alt=\"\" class=\"wp-image-89075\" srcset=\"https:\/\/i0.wp.com\/elregionalvm.com.ar\/noticias-villa-maria\/wp-content\/uploads\/2024\/01\/WhatsApp-Image-2024-01-26-at-08.32.57.jpeg?resize=1024%2C768&amp;ssl=1 1024w, https:\/\/i0.wp.com\/elregionalvm.com.ar\/noticias-villa-maria\/wp-content\/uploads\/2024\/01\/WhatsApp-Image-2024-01-26-at-08.32.57.jpeg?resize=300%2C225&amp;ssl=1 300w, https:\/\/i0.wp.com\/elregionalvm.com.ar\/noticias-villa-maria\/wp-content\/uploads\/2024\/01\/WhatsApp-Image-2024-01-26-at-08.32.57.jpeg?resize=768%2C576&amp;ssl=1 768w, https:\/\/i0.wp.com\/elregionalvm.com.ar\/noticias-villa-maria\/wp-content\/uploads\/2024\/01\/WhatsApp-Image-2024-01-26-at-08.32.57.jpeg?w=1280&amp;ssl=1 1280w\" sizes=\"(max-width: 1000px) 100vw, 1000px\" \/><\/figure>\n\n\n\n<p>En esta jornada, particip\u00f3 Poller\u00eda Porporato, Todo Cerdo, El Trozadero, Pescader\u00eda Camilo, Panader\u00eda Barrancas, L\u00e1cteos Las Cuatro Esquinas, Frutas y Verduras a la puerta, puestos del Mercado de Abasto, entre otros comerciantes.<\/p>\n","protected":false},"excerpt":{"rendered":"<p>La iniciativa finaliz\u00f3 con \u00e9xito en barrio Ameghino, y en horas de la ma\u00f1ana, la Secretaria de Educaci\u00f3n e Igualdad, Adela Guirardelli, recorri\u00f3 los puestos que se ubicaron en la esquina de Salta e Intendente Pe\u00f1a, con una variada oferta de carnes, pescado, pollo, quesos, panificaci\u00f3n, frutas y verduras, con el objetivo de llegar a [&hellip;]<\/p>\n","protected":false},"author":4,"featured_media":89076,"comment_status":"open","ping_status":"open","sticky":false,"template":"","format":"standard","meta":{"site-sidebar-layout":"default","site-content-layout":"","ast-site-content-layout":"default","site-content-style":"default","site-sidebar-style":"default","ast-global-header-display":"","ast-banner-title-visibility":"","ast-main-header-display":"","ast-hfb-above-header-display":"","ast-hfb-below-header-display":"","ast-hfb-mobile-header-display":"","site-post-title":"","ast-breadcrumbs-content":"","ast-featured-img":"","footer-sml-layout":"","ast-disable-related-posts":"","theme-transparent-header-meta":"","adv-header-id-meta":"","stick-header-meta":"","header-above-stick-meta":"","header-main-stick-meta":"","header-below-stick-meta":"","astra-migrate-meta-layouts":"set","ast-page-background-enabled":"default","ast-page-background-meta":{"desktop":{"background-color":"","background-image":"","background-repeat":"repeat","background-position":"center center","background-size":"auto","background-attachment":"scroll","background-type":"","background-media":"","overlay-type":"","overlay-color":"","overlay-opacity":"","overlay-gradient":""},"tablet":{"background-color":"","background-image":"","background-repeat":"repeat","background-position":"center center","background-size":"auto","background-attachment":"scroll","background-type":"","background-media":"","overlay-type":"","overlay-color":"","overlay-opacity":"","overlay-gradient":""},"mobile":{"background-color":"","background-image":"","background-repeat":"repeat","background-position":"center center","background-size":"auto","background-attachment":"scroll","background-type":"","background-media":"","overlay-type":"","overlay-color":"","overlay-opacity":"","overlay-gradient":""}},"ast-content-background-meta":{"desktop":{"background-color":"var(--ast-global-color-5)","background-image":"","background-repeat":"repeat","background-position":"center center","background-size":"auto","background-attachment":"scroll","background-type":"","background-media":"","overlay-type":"","overlay-color":"","overlay-opacity":"","overlay-gradient":""},"tablet":{"background-color":"var(--ast-global-color-5)","background-image":"","background-repeat":"repeat","background-position":"center center","background-size":"auto","background-attachment":"scroll","background-type":"","background-media":"","overlay-type":"","overlay-color":"","overlay-opacity":"","overlay-gradient":""},"mobile":{"background-color":"var(--ast-global-color-5)","background-image":"","background-repeat":"repeat","background-position":"center center","background-size":"auto","background-attachment":"scroll","background-type":"","background-media":"","overlay-type":"","overlay-color":"","overlay-opacity":"","overlay-gradient":""}},"_jetpack_memberships_contains_paid_content":false,"_joinchat":[],"footnotes":""},"categories":[15302,5,2],"tags":[],"class_list":["post-89073","post","type-post","status-publish","format-standard","has-post-thumbnail","hentry","category-destacado","category-sociedad","category-villa-maria"],"yoast_head":"<!-- This site is optimized with the Yoast SEO plugin v26.8 - https:\/\/yoast.com\/product\/yoast-seo-wordpress\/ -->\n<title>Fue un \u00e9xito el Mercado de Abaratamiento en Barrio Ameghino - El Regional<\/title>\n<meta name=\"robots\" content=\"index, follow, max-snippet:-1, max-image-preview:large, max-video-preview:-1\" \/>\n<link rel=\"canonical\" href=\"https:\/\/elregionalvm.com.ar\/noticias-villa-maria\/fue-un-exito-el-mercado-de-abaratamiento-en-barrio-ameghino\/\" \/>\n<meta property=\"og:locale\" content=\"es_ES\" \/>\n<meta property=\"og:type\" content=\"article\" \/>\n<meta property=\"og:title\" content=\"Fue un \u00e9xito el Mercado de Abaratamiento en Barrio Ameghino - El Regional\" \/>\n<meta property=\"og:description\" content=\"La iniciativa finaliz\u00f3 con \u00e9xito en barrio Ameghino, y en horas de la ma\u00f1ana, la Secretaria de Educaci\u00f3n e Igualdad, Adela Guirardelli, recorri\u00f3 los puestos que se ubicaron en la esquina de Salta e Intendente Pe\u00f1a, con una variada oferta de carnes, pescado, pollo, quesos, panificaci\u00f3n, frutas y verduras, con el objetivo de llegar a [&hellip;]\" \/>\n<meta property=\"og:url\" content=\"https:\/\/elregionalvm.com.ar\/noticias-villa-maria\/fue-un-exito-el-mercado-de-abaratamiento-en-barrio-ameghino\/\" \/>\n<meta property=\"og:site_name\" content=\"El Regional\" \/>\n<meta property=\"article:publisher\" content=\"https:\/\/www.facebook.com\/elregionalvm\" \/>\n<meta property=\"article:published_time\" content=\"2024-01-26T21:43:24+00:00\" \/>\n<meta property=\"article:modified_time\" content=\"2024-01-26T21:43:26+00:00\" \/>\n<meta property=\"og:image\" content=\"https:\/\/elregionalvm.com.ar\/noticias-villa-maria\/wp-content\/uploads\/2024\/01\/WhatsApp-Image-2024-01-26-at-08.32.53.jpeg\" \/>\n\t<meta property=\"og:image:width\" content=\"1280\" \/>\n\t<meta property=\"og:image:height\" content=\"960\" \/>\n\t<meta property=\"og:image:type\" content=\"image\/jpeg\" \/>\n<meta name=\"author\" content=\"Contenidos El Regional\" \/>\n<meta name=\"twitter:card\" content=\"summary_large_image\" \/>\n<meta name=\"twitter:creator\" content=\"@elregionalvm1\" \/>\n<meta name=\"twitter:site\" content=\"@elregionalvm1\" \/>\n<meta name=\"twitter:label1\" content=\"Escrito por\" \/>\n\t<meta name=\"twitter:data1\" content=\"Contenidos El Regional\" \/>\n\t<meta name=\"twitter:label2\" content=\"Tiempo de lectura\" \/>\n\t<meta name=\"twitter:data2\" content=\"1 minuto\" \/>\n<script type=\"application\/ld+json\" class=\"yoast-schema-graph\">{\"@context\":\"https:\/\/schema.org\",\"@graph\":[{\"@type\":\"Article\",\"@id\":\"https:\/\/elregionalvm.com.ar\/noticias-villa-maria\/fue-un-exito-el-mercado-de-abaratamiento-en-barrio-ameghino\/#article\",\"isPartOf\":{\"@id\":\"https:\/\/elregionalvm.com.ar\/noticias-villa-maria\/fue-un-exito-el-mercado-de-abaratamiento-en-barrio-ameghino\/\"},\"author\":{\"name\":\"Contenidos El Regional\",\"@id\":\"http:\/\/elregionalvm.com.ar\/noticias-villa-maria\/#\/schema\/person\/a0fb9c422317faca23d50163151bc354\"},\"headline\":\"Fue un \u00e9xito el Mercado de Abaratamiento en Barrio Ameghino\",\"datePublished\":\"2024-01-26T21:43:24+00:00\",\"dateModified\":\"2024-01-26T21:43:26+00:00\",\"mainEntityOfPage\":{\"@id\":\"https:\/\/elregionalvm.com.ar\/noticias-villa-maria\/fue-un-exito-el-mercado-de-abaratamiento-en-barrio-ameghino\/\"},\"wordCount\":299,\"commentCount\":0,\"image\":{\"@id\":\"https:\/\/elregionalvm.com.ar\/noticias-villa-maria\/fue-un-exito-el-mercado-de-abaratamiento-en-barrio-ameghino\/#primaryimage\"},\"thumbnailUrl\":\"https:\/\/i0.wp.com\/elregionalvm.com.ar\/noticias-villa-maria\/wp-content\/uploads\/2024\/01\/WhatsApp-Image-2024-01-26-at-08.32.53.jpeg?fit=1280%2C960&ssl=1\",\"articleSection\":[\"destacado\",\"Sociedad\",\"Villa Mar\u00eda\"],\"inLanguage\":\"es\",\"potentialAction\":[{\"@type\":\"CommentAction\",\"name\":\"Comment\",\"target\":[\"https:\/\/elregionalvm.com.ar\/noticias-villa-maria\/fue-un-exito-el-mercado-de-abaratamiento-en-barrio-ameghino\/#respond\"]}]},{\"@type\":\"WebPage\",\"@id\":\"https:\/\/elregionalvm.com.ar\/noticias-villa-maria\/fue-un-exito-el-mercado-de-abaratamiento-en-barrio-ameghino\/\",\"url\":\"https:\/\/elregionalvm.com.ar\/noticias-villa-maria\/fue-un-exito-el-mercado-de-abaratamiento-en-barrio-ameghino\/\",\"name\":\"Fue un \u00e9xito el Mercado de Abaratamiento en Barrio Ameghino - El Regional\",\"isPartOf\":{\"@id\":\"http:\/\/elregionalvm.com.ar\/noticias-villa-maria\/#website\"},\"primaryImageOfPage\":{\"@id\":\"https:\/\/elregionalvm.com.ar\/noticias-villa-maria\/fue-un-exito-el-mercado-de-abaratamiento-en-barrio-ameghino\/#primaryimage\"},\"image\":{\"@id\":\"https:\/\/elregionalvm.com.ar\/noticias-villa-maria\/fue-un-exito-el-mercado-de-abaratamiento-en-barrio-ameghino\/#primaryimage\"},\"thumbnailUrl\":\"https:\/\/i0.wp.com\/elregionalvm.com.ar\/noticias-villa-maria\/wp-content\/uploads\/2024\/01\/WhatsApp-Image-2024-01-26-at-08.32.53.jpeg?fit=1280%2C960&ssl=1\",\"datePublished\":\"2024-01-26T21:43:24+00:00\",\"dateModified\":\"2024-01-26T21:43:26+00:00\",\"author\":{\"@id\":\"http:\/\/elregionalvm.com.ar\/noticias-villa-maria\/#\/schema\/person\/a0fb9c422317faca23d50163151bc354\"},\"breadcrumb\":{\"@id\":\"https:\/\/elregionalvm.com.ar\/noticias-villa-maria\/fue-un-exito-el-mercado-de-abaratamiento-en-barrio-ameghino\/#breadcrumb\"},\"inLanguage\":\"es\",\"potentialAction\":[{\"@type\":\"ReadAction\",\"target\":[\"https:\/\/elregionalvm.com.ar\/noticias-villa-maria\/fue-un-exito-el-mercado-de-abaratamiento-en-barrio-ameghino\/\"]}]},{\"@type\":\"ImageObject\",\"inLanguage\":\"es\",\"@id\":\"https:\/\/elregionalvm.com.ar\/noticias-villa-maria\/fue-un-exito-el-mercado-de-abaratamiento-en-barrio-ameghino\/#primaryimage\",\"url\":\"https:\/\/i0.wp.com\/elregionalvm.com.ar\/noticias-villa-maria\/wp-content\/uploads\/2024\/01\/WhatsApp-Image-2024-01-26-at-08.32.53.jpeg?fit=1280%2C960&ssl=1\",\"contentUrl\":\"https:\/\/i0.wp.com\/elregionalvm.com.ar\/noticias-villa-maria\/wp-content\/uploads\/2024\/01\/WhatsApp-Image-2024-01-26-at-08.32.53.jpeg?fit=1280%2C960&ssl=1\",\"width\":1280,\"height\":960},{\"@type\":\"BreadcrumbList\",\"@id\":\"https:\/\/elregionalvm.com.ar\/noticias-villa-maria\/fue-un-exito-el-mercado-de-abaratamiento-en-barrio-ameghino\/#breadcrumb\",\"itemListElement\":[{\"@type\":\"ListItem\",\"position\":1,\"name\":\"Portada\",\"item\":\"https:\/\/elregionalvm.com.ar\/noticias-villa-maria\/\"},{\"@type\":\"ListItem\",\"position\":2,\"name\":\"Fue un \u00e9xito el Mercado de Abaratamiento en Barrio Ameghino\"}]},{\"@type\":\"WebSite\",\"@id\":\"http:\/\/elregionalvm.com.ar\/noticias-villa-maria\/#website\",\"url\":\"http:\/\/elregionalvm.com.ar\/noticias-villa-maria\/\",\"name\":\"El Regional\",\"description\":\"Mucho m\u00e1s que informaci\u00f3n\",\"potentialAction\":[{\"@type\":\"SearchAction\",\"target\":{\"@type\":\"EntryPoint\",\"urlTemplate\":\"http:\/\/elregionalvm.com.ar\/noticias-villa-maria\/?s={search_term_string}\"},\"query-input\":{\"@type\":\"PropertyValueSpecification\",\"valueRequired\":true,\"valueName\":\"search_term_string\"}}],\"inLanguage\":\"es\"},{\"@type\":\"Person\",\"@id\":\"http:\/\/elregionalvm.com.ar\/noticias-villa-maria\/#\/schema\/person\/a0fb9c422317faca23d50163151bc354\",\"name\":\"Contenidos El Regional\",\"image\":{\"@type\":\"ImageObject\",\"inLanguage\":\"es\",\"@id\":\"http:\/\/elregionalvm.com.ar\/noticias-villa-maria\/#\/schema\/person\/image\/\",\"url\":\"https:\/\/secure.gravatar.com\/avatar\/265b27cb2209af7bb3a1318f03305787d7981a5cc6e6cd08fe5a4ecdf99d4b48?s=96&d=mm&r=g\",\"contentUrl\":\"https:\/\/secure.gravatar.com\/avatar\/265b27cb2209af7bb3a1318f03305787d7981a5cc6e6cd08fe5a4ecdf99d4b48?s=96&d=mm&r=g\",\"caption\":\"Contenidos El Regional\"},\"url\":\"https:\/\/elregionalvm.com.ar\/noticias-villa-maria\/author\/contenido\/\"}]}<\/script>\n<!-- \/ Yoast SEO plugin. -->","yoast_head_json":{"title":"Fue un \u00e9xito el Mercado de Abaratamiento en Barrio Ameghino - El Regional","robots":{"index":"index","follow":"follow","max-snippet":"max-snippet:-1","max-image-preview":"max-image-preview:large","max-video-preview":"max-video-preview:-1"},"canonical":"https:\/\/elregionalvm.com.ar\/noticias-villa-maria\/fue-un-exito-el-mercado-de-abaratamiento-en-barrio-ameghino\/","og_locale":"es_ES","og_type":"article","og_title":"Fue un \u00e9xito el Mercado de Abaratamiento en Barrio Ameghino - El Regional","og_description":"La iniciativa finaliz\u00f3 con \u00e9xito en barrio Ameghino, y en horas de la ma\u00f1ana, la Secretaria de Educaci\u00f3n e Igualdad, Adela Guirardelli, recorri\u00f3 los puestos que se ubicaron en la esquina de Salta e Intendente Pe\u00f1a, con una variada oferta de carnes, pescado, pollo, quesos, panificaci\u00f3n, frutas y verduras, con el objetivo de llegar a [&hellip;]","og_url":"https:\/\/elregionalvm.com.ar\/noticias-villa-maria\/fue-un-exito-el-mercado-de-abaratamiento-en-barrio-ameghino\/","og_site_name":"El Regional","article_publisher":"https:\/\/www.facebook.com\/elregionalvm","article_published_time":"2024-01-26T21:43:24+00:00","article_modified_time":"2024-01-26T21:43:26+00:00","og_image":[{"width":1280,"height":960,"url":"https:\/\/elregionalvm.com.ar\/noticias-villa-maria\/wp-content\/uploads\/2024\/01\/WhatsApp-Image-2024-01-26-at-08.32.53.jpeg","type":"image\/jpeg"}],"author":"Contenidos El Regional","twitter_card":"summary_large_image","twitter_creator":"@elregionalvm1","twitter_site":"@elregionalvm1","twitter_misc":{"Escrito por":"Contenidos El Regional","Tiempo de lectura":"1 minuto"},"schema":{"@context":"https:\/\/schema.org","@graph":[{"@type":"Article","@id":"https:\/\/elregionalvm.com.ar\/noticias-villa-maria\/fue-un-exito-el-mercado-de-abaratamiento-en-barrio-ameghino\/#article","isPartOf":{"@id":"https:\/\/elregionalvm.com.ar\/noticias-villa-maria\/fue-un-exito-el-mercado-de-abaratamiento-en-barrio-ameghino\/"},"author":{"name":"Contenidos El Regional","@id":"http:\/\/elregionalvm.com.ar\/noticias-villa-maria\/#\/schema\/person\/a0fb9c422317faca23d50163151bc354"},"headline":"Fue un \u00e9xito el Mercado de Abaratamiento en Barrio Ameghino","datePublished":"2024-01-26T21:43:24+00:00","dateModified":"2024-01-26T21:43:26+00:00","mainEntityOfPage":{"@id":"https:\/\/elregionalvm.com.ar\/noticias-villa-maria\/fue-un-exito-el-mercado-de-abaratamiento-en-barrio-ameghino\/"},"wordCount":299,"commentCount":0,"image":{"@id":"https:\/\/elregionalvm.com.ar\/noticias-villa-maria\/fue-un-exito-el-mercado-de-abaratamiento-en-barrio-ameghino\/#primaryimage"},"thumbnailUrl":"https:\/\/i0.wp.com\/elregionalvm.com.ar\/noticias-villa-maria\/wp-content\/uploads\/2024\/01\/WhatsApp-Image-2024-01-26-at-08.32.53.jpeg?fit=1280%2C960&ssl=1","articleSection":["destacado","Sociedad","Villa Mar\u00eda"],"inLanguage":"es","potentialAction":[{"@type":"CommentAction","name":"Comment","target":["https:\/\/elregionalvm.com.ar\/noticias-villa-maria\/fue-un-exito-el-mercado-de-abaratamiento-en-barrio-ameghino\/#respond"]}]},{"@type":"WebPage","@id":"https:\/\/elregionalvm.com.ar\/noticias-villa-maria\/fue-un-exito-el-mercado-de-abaratamiento-en-barrio-ameghino\/","url":"https:\/\/elregionalvm.com.ar\/noticias-villa-maria\/fue-un-exito-el-mercado-de-abaratamiento-en-barrio-ameghino\/","name":"Fue un \u00e9xito el Mercado de Abaratamiento en Barrio Ameghino - El Regional","isPartOf":{"@id":"http:\/\/elregionalvm.com.ar\/noticias-villa-maria\/#website"},"primaryImageOfPage":{"@id":"https:\/\/elregionalvm.com.ar\/noticias-villa-maria\/fue-un-exito-el-mercado-de-abaratamiento-en-barrio-ameghino\/#primaryimage"},"image":{"@id":"https:\/\/elregionalvm.com.ar\/noticias-villa-maria\/fue-un-exito-el-mercado-de-abaratamiento-en-barrio-ameghino\/#primaryimage"},"thumbnailUrl":"https:\/\/i0.wp.com\/elregionalvm.com.ar\/noticias-villa-maria\/wp-content\/uploads\/2024\/01\/WhatsApp-Image-2024-01-26-at-08.32.53.jpeg?fit=1280%2C960&ssl=1","datePublished":"2024-01-26T21:43:24+00:00","dateModified":"2024-01-26T21:43:26+00:00","author":{"@id":"http:\/\/elregionalvm.com.ar\/noticias-villa-maria\/#\/schema\/person\/a0fb9c422317faca23d50163151bc354"},"breadcrumb":{"@id":"https:\/\/elregionalvm.com.ar\/noticias-villa-maria\/fue-un-exito-el-mercado-de-abaratamiento-en-barrio-ameghino\/#breadcrumb"},"inLanguage":"es","potentialAction":[{"@type":"ReadAction","target":["https:\/\/elregionalvm.com.ar\/noticias-villa-maria\/fue-un-exito-el-mercado-de-abaratamiento-en-barrio-ameghino\/"]}]},{"@type":"ImageObject","inLanguage":"es","@id":"https:\/\/elregionalvm.com.ar\/noticias-villa-maria\/fue-un-exito-el-mercado-de-abaratamiento-en-barrio-ameghino\/#primaryimage","url":"https:\/\/i0.wp.com\/elregionalvm.com.ar\/noticias-villa-maria\/wp-content\/uploads\/2024\/01\/WhatsApp-Image-2024-01-26-at-08.32.53.jpeg?fit=1280%2C960&ssl=1","contentUrl":"https:\/\/i0.wp.com\/elregionalvm.com.ar\/noticias-villa-maria\/wp-content\/uploads\/2024\/01\/WhatsApp-Image-2024-01-26-at-08.32.53.jpeg?fit=1280%2C960&ssl=1","width":1280,"height":960},{"@type":"BreadcrumbList","@id":"https:\/\/elregionalvm.com.ar\/noticias-villa-maria\/fue-un-exito-el-mercado-de-abaratamiento-en-barrio-ameghino\/#breadcrumb","itemListElement":[{"@type":"ListItem","position":1,"name":"Portada","item":"https:\/\/elregionalvm.com.ar\/noticias-villa-maria\/"},{"@type":"ListItem","position":2,"name":"Fue un \u00e9xito el Mercado de Abaratamiento en Barrio Ameghino"}]},{"@type":"WebSite","@id":"http:\/\/elregionalvm.com.ar\/noticias-villa-maria\/#website","url":"http:\/\/elregionalvm.com.ar\/noticias-villa-maria\/","name":"El Regional","description":"Mucho m\u00e1s que informaci\u00f3n","potentialAction":[{"@type":"SearchAction","target":{"@type":"EntryPoint","urlTemplate":"http:\/\/elregionalvm.com.ar\/noticias-villa-maria\/?s={search_term_string}"},"query-input":{"@type":"PropertyValueSpecification","valueRequired":true,"valueName":"search_term_string"}}],"inLanguage":"es"},{"@type":"Person","@id":"http:\/\/elregionalvm.com.ar\/noticias-villa-maria\/#\/schema\/person\/a0fb9c422317faca23d50163151bc354","name":"Contenidos El Regional","image":{"@type":"ImageObject","inLanguage":"es","@id":"http:\/\/elregionalvm.com.ar\/noticias-villa-maria\/#\/schema\/person\/image\/","url":"https:\/\/secure.gravatar.com\/avatar\/265b27cb2209af7bb3a1318f03305787d7981a5cc6e6cd08fe5a4ecdf99d4b48?s=96&d=mm&r=g","contentUrl":"https:\/\/secure.gravatar.com\/avatar\/265b27cb2209af7bb3a1318f03305787d7981a5cc6e6cd08fe5a4ecdf99d4b48?s=96&d=mm&r=g","caption":"Contenidos El Regional"},"url":"https:\/\/elregionalvm.com.ar\/noticias-villa-maria\/author\/contenido\/"}]}},"jetpack_featured_media_url":"https:\/\/i0.wp.com\/elregionalvm.com.ar\/noticias-villa-maria\/wp-content\/uploads\/2024\/01\/WhatsApp-Image-2024-01-26-at-08.32.53.jpeg?fit=1280%2C960&ssl=1","jetpack_sharing_enabled":true,"_links":{"self":[{"href":"https:\/\/elregionalvm.com.ar\/noticias-villa-maria\/wp-json\/wp\/v2\/posts\/89073","targetHints":{"allow":["GET"]}}],"collection":[{"href":"https:\/\/elregionalvm.com.ar\/noticias-villa-maria\/wp-json\/wp\/v2\/posts"}],"about":[{"href":"https:\/\/elregionalvm.com.ar\/noticias-villa-maria\/wp-json\/wp\/v2\/types\/post"}],"author":[{"embeddable":true,"href":"https:\/\/elregionalvm.com.ar\/noticias-villa-maria\/wp-json\/wp\/v2\/users\/4"}],"replies":[{"embeddable":true,"href":"https:\/\/elregionalvm.com.ar\/noticias-villa-maria\/wp-json\/wp\/v2\/comments?post=89073"}],"version-history":[{"count":1,"href":"https:\/\/elregionalvm.com.ar\/noticias-villa-maria\/wp-json\/wp\/v2\/posts\/89073\/revisions"}],"predecessor-version":[{"id":89079,"href":"https:\/\/elregionalvm.com.ar\/noticias-villa-maria\/wp-json\/wp\/v2\/posts\/89073\/revisions\/89079"}],"wp:featuredmedia":[{"embeddable":true,"href":"https:\/\/elregionalvm.com.ar\/noticias-villa-maria\/wp-json\/wp\/v2\/media\/89076"}],"wp:attachment":[{"href":"https:\/\/elregionalvm.com.ar\/noticias-villa-maria\/wp-json\/wp\/v2\/media?parent=89073"}],"wp:term":[{"taxonomy":"category","embeddable":true,"href":"https:\/\/elregionalvm.com.ar\/noticias-villa-maria\/wp-json\/wp\/v2\/categories?post=89073"},{"taxonomy":"post_tag","embeddable":true,"href":"https:\/\/elregionalvm.com.ar\/noticias-villa-maria\/wp-json\/wp\/v2\/tags?post=89073"}],"curies":[{"name":"wp","href":"https:\/\/api.w.org\/{rel}","templated":true}]}}