{"id":89087,"date":"2024-01-26T21:55:47","date_gmt":"2024-01-26T21:55:47","guid":{"rendered":"https:\/\/elregionalvm.com.ar\/noticias-villa-maria\/?p=89087"},"modified":"2024-01-27T01:36:16","modified_gmt":"2024-01-27T01:36:16","slug":"manu-sosa-a-traves-de-un-comunicado-le-respondio-a-las-declaraciones-del-concejal-carlos-ronco-que-hizo-en-su-contra","status":"publish","type":"post","link":"https:\/\/elregionalvm.com.ar\/noticias-villa-maria\/manu-sosa-a-traves-de-un-comunicado-le-respondio-a-las-declaraciones-del-concejal-carlos-ronco-que-hizo-en-su-contra\/","title":{"rendered":"Manuel Sosa le respondi\u00f3 a las declaraciones del concejal Carlos Ronco que hizo en su contra"},"content":{"rendered":"\n<p>En respuesta a las recientes declaraciones del Concejal Carlos Ronco, es necesario poner claridad sobre los puntos planteados, evitando descalificaciones personales y centr\u00e1ndonos en los verdaderos problemas que afectan a la ciudadan\u00eda.<\/p>\n\n\n\n<p>No obstante, llama la atenci\u00f3n que el Concejal Ronco prefiera dirigir su enfoque hacia cuestiones personales y domiciliarias en lugar de abordar los temas cruciales para los villamarienses. Es imperativo destacar que la verdadera esencia de nuestra labor como representantes radica en responder a las necesidades de la comunidad, y no en debates est\u00e9riles.<\/p>\n\n\n\n<p>Resulta curioso que el Concejal Ronco omita mencionar a colegas de su propio bloque, como Jos\u00e9 Cativelli y Juan Pablo Inglese, quienes residen en Villa Nueva, as\u00ed como varios funcionarios municipales de la ciudad de Villa mar\u00eda. Evidentemente mide con una doble vara. La verdadera oposici\u00f3n se basa en acciones concretas, como la presentaci\u00f3n de proyectos y la solicitud de informes, en contraste con la falta de respuestas del Poder Ejecutivo Municipal.<\/p>\n\n\n\n<p>Principalmente esta claro que el Concejal Ronco, no tiene la capacidad ni el ingenio para hacer esa nota, que es fruto de aquellos bobos, bur\u00f3cratas de escritorio que utilizan a un joven concejal c\u00f3mo canal porque no tienen ni el coraje ni la capacidad para hacerse cargo de las pol\u00edticas que implementan&#8230; Pero que si hace m\u00e1s de 20 a\u00f1os ocupan cargos p\u00fablicos, nombran a sus parejas en funciones entre otras acciones de dudosa \u00e9tica y moral.<\/p>\n\n\n\n<p><strong>Situaci\u00f3n en el Tribunal de Cuentas y Labor de Uniendo Villa Mar\u00eda<\/strong><\/p>\n\n\n\n<p>Desde el inicio de nuestra gesti\u00f3n, hemos demandado de manera persistente informaci\u00f3n clara y precisa sobre la situaci\u00f3n financiera del municipio. La opacidad en torno a la deuda <\/p>\n\n\n\n<p>inicialmente reportada en cifras variadas, es inaceptable. Exigimos y merecemos transparencia en este asunto crucial para el bienestar de la ciudad.<\/p>\n\n\n\n<p>La propuesta de realizar una auditor\u00eda que hicimos en campa\u00f1a es una muestra de nuestra voluntad de enfrentar la situaci\u00f3n con responsabilidad y transparencia. Es fundamental destacar que Uniendo Villa Mar\u00eda se presenta como una oposici\u00f3n real en la ciudad, sin compromisos que limiten nuestro control efectivo en defensa de los intereses de los villamarienses.<\/p>\n\n\n\n<p>La reciente retirada de \u00f3rdenes de pago de nuestro control refuerza la importancia de mantener una vigilancia constante. Actualmente, estamos investigando posibles pr\u00e1cticas cuestionables que involucran a funcionarios y empresarios, y presentaremos denuncias en la justicia si es necesario.<\/p>\n\n\n\n<p>Reiteramos nuestro compromiso con la defensa de los recursos de la ciudad y con el ejercicio responsable de la oposici\u00f3n. No permitiremos que nada ni nadie detenga nuestra labor en beneficio de toda la comunidad.<\/p>\n\n\n\n<p>Agradecemos la atenci\u00f3n de los medios y reafirmamos nuestro compromiso con la transparencia y la rendici\u00f3n de cuentas en la gesti\u00f3n municipal.<\/p>\n","protected":false},"excerpt":{"rendered":"<p>En respuesta a las recientes declaraciones del Concejal Carlos Ronco, es necesario poner claridad sobre los puntos planteados, evitando descalificaciones personales y centr\u00e1ndonos en los verdaderos problemas que afectan a la ciudadan\u00eda. No obstante, llama la atenci\u00f3n que el Concejal Ronco prefiera dirigir su enfoque hacia cuestiones personales y domiciliarias en lugar de abordar los [&hellip;]<\/p>\n","protected":false},"author":4,"featured_media":89089,"comment_status":"open","ping_status":"open","sticky":false,"template":"","format":"standard","meta":{"site-sidebar-layout":"default","site-content-layout":"","ast-site-content-layout":"default","site-content-style":"default","site-sidebar-style":"default","ast-global-header-display":"","ast-banner-title-visibility":"","ast-main-header-display":"","ast-hfb-above-header-display":"","ast-hfb-below-header-display":"","ast-hfb-mobile-header-display":"","site-post-title":"","ast-breadcrumbs-content":"","ast-featured-img":"","footer-sml-layout":"","ast-disable-related-posts":"","theme-transparent-header-meta":"","adv-header-id-meta":"","stick-header-meta":"","header-above-stick-meta":"","header-main-stick-meta":"","header-below-stick-meta":"","astra-migrate-meta-layouts":"set","ast-page-background-enabled":"default","ast-page-background-meta":{"desktop":{"background-color":"","background-image":"","background-repeat":"repeat","background-position":"center center","background-size":"auto","background-attachment":"scroll","background-type":"","background-media":"","overlay-type":"","overlay-color":"","overlay-opacity":"","overlay-gradient":""},"tablet":{"background-color":"","background-image":"","background-repeat":"repeat","background-position":"center center","background-size":"auto","background-attachment":"scroll","background-type":"","background-media":"","overlay-type":"","overlay-color":"","overlay-opacity":"","overlay-gradient":""},"mobile":{"background-color":"","background-image":"","background-repeat":"repeat","background-position":"center center","background-size":"auto","background-attachment":"scroll","background-type":"","background-media":"","overlay-type":"","overlay-color":"","overlay-opacity":"","overlay-gradient":""}},"ast-content-background-meta":{"desktop":{"background-color":"var(--ast-global-color-5)","background-image":"","background-repeat":"repeat","background-position":"center center","background-size":"auto","background-attachment":"scroll","background-type":"","background-media":"","overlay-type":"","overlay-color":"","overlay-opacity":"","overlay-gradient":""},"tablet":{"background-color":"var(--ast-global-color-5)","background-image":"","background-repeat":"repeat","background-position":"center center","background-size":"auto","background-attachment":"scroll","background-type":"","background-media":"","overlay-type":"","overlay-color":"","overlay-opacity":"","overlay-gradient":""},"mobile":{"background-color":"var(--ast-global-color-5)","background-image":"","background-repeat":"repeat","background-position":"center center","background-size":"auto","background-attachment":"scroll","background-type":"","background-media":"","overlay-type":"","overlay-color":"","overlay-opacity":"","overlay-gradient":""}},"_jetpack_memberships_contains_paid_content":false,"_joinchat":[],"footnotes":""},"categories":[15302,5,2],"tags":[],"class_list":["post-89087","post","type-post","status-publish","format-standard","has-post-thumbnail","hentry","category-destacado","category-sociedad","category-villa-maria"],"yoast_head":"<!-- This site is optimized with the Yoast SEO plugin v26.8 - https:\/\/yoast.com\/product\/yoast-seo-wordpress\/ -->\n<title>Manuel Sosa le respondi\u00f3 a las declaraciones del concejal Carlos Ronco que hizo en su contra - El Regional<\/title>\n<meta name=\"robots\" content=\"index, follow, max-snippet:-1, max-image-preview:large, max-video-preview:-1\" \/>\n<link rel=\"canonical\" href=\"https:\/\/elregionalvm.com.ar\/noticias-villa-maria\/manu-sosa-a-traves-de-un-comunicado-le-respondio-a-las-declaraciones-del-concejal-carlos-ronco-que-hizo-en-su-contra\/\" \/>\n<meta property=\"og:locale\" content=\"es_ES\" \/>\n<meta property=\"og:type\" content=\"article\" \/>\n<meta property=\"og:title\" content=\"Manuel Sosa le respondi\u00f3 a las declaraciones del concejal Carlos Ronco que hizo en su contra - El Regional\" \/>\n<meta property=\"og:description\" content=\"En respuesta a las recientes declaraciones del Concejal Carlos Ronco, es necesario poner claridad sobre los puntos planteados, evitando descalificaciones personales y centr\u00e1ndonos en los verdaderos problemas que afectan a la ciudadan\u00eda. No obstante, llama la atenci\u00f3n que el Concejal Ronco prefiera dirigir su enfoque hacia cuestiones personales y domiciliarias en lugar de abordar los [&hellip;]\" \/>\n<meta property=\"og:url\" content=\"https:\/\/elregionalvm.com.ar\/noticias-villa-maria\/manu-sosa-a-traves-de-un-comunicado-le-respondio-a-las-declaraciones-del-concejal-carlos-ronco-que-hizo-en-su-contra\/\" \/>\n<meta property=\"og:site_name\" content=\"El Regional\" \/>\n<meta property=\"article:publisher\" content=\"https:\/\/www.facebook.com\/elregionalvm\" \/>\n<meta property=\"article:published_time\" content=\"2024-01-26T21:55:47+00:00\" \/>\n<meta property=\"article:modified_time\" content=\"2024-01-27T01:36:16+00:00\" \/>\n<meta property=\"og:image\" content=\"https:\/\/elregionalvm.com.ar\/noticias-villa-maria\/wp-content\/uploads\/2024\/01\/WhatsApp-Image-2024-01-26-at-12.12.32.jpeg\" \/>\n\t<meta property=\"og:image:width\" content=\"1302\" \/>\n\t<meta property=\"og:image:height\" content=\"1587\" \/>\n\t<meta property=\"og:image:type\" content=\"image\/jpeg\" \/>\n<meta name=\"author\" content=\"Contenidos El Regional\" \/>\n<meta name=\"twitter:card\" content=\"summary_large_image\" \/>\n<meta name=\"twitter:creator\" content=\"@elregionalvm1\" \/>\n<meta name=\"twitter:site\" content=\"@elregionalvm1\" \/>\n<meta name=\"twitter:label1\" content=\"Escrito por\" \/>\n\t<meta name=\"twitter:data1\" content=\"Contenidos El Regional\" \/>\n\t<meta name=\"twitter:label2\" content=\"Tiempo de lectura\" \/>\n\t<meta name=\"twitter:data2\" content=\"2 minutos\" \/>\n<script type=\"application\/ld+json\" class=\"yoast-schema-graph\">{\"@context\":\"https:\/\/schema.org\",\"@graph\":[{\"@type\":\"Article\",\"@id\":\"https:\/\/elregionalvm.com.ar\/noticias-villa-maria\/manu-sosa-a-traves-de-un-comunicado-le-respondio-a-las-declaraciones-del-concejal-carlos-ronco-que-hizo-en-su-contra\/#article\",\"isPartOf\":{\"@id\":\"https:\/\/elregionalvm.com.ar\/noticias-villa-maria\/manu-sosa-a-traves-de-un-comunicado-le-respondio-a-las-declaraciones-del-concejal-carlos-ronco-que-hizo-en-su-contra\/\"},\"author\":{\"name\":\"Contenidos El Regional\",\"@id\":\"http:\/\/elregionalvm.com.ar\/noticias-villa-maria\/#\/schema\/person\/a0fb9c422317faca23d50163151bc354\"},\"headline\":\"Manuel Sosa le respondi\u00f3 a las declaraciones del concejal Carlos Ronco que hizo en su contra\",\"datePublished\":\"2024-01-26T21:55:47+00:00\",\"dateModified\":\"2024-01-27T01:36:16+00:00\",\"mainEntityOfPage\":{\"@id\":\"https:\/\/elregionalvm.com.ar\/noticias-villa-maria\/manu-sosa-a-traves-de-un-comunicado-le-respondio-a-las-declaraciones-del-concejal-carlos-ronco-que-hizo-en-su-contra\/\"},\"wordCount\":490,\"commentCount\":0,\"image\":{\"@id\":\"https:\/\/elregionalvm.com.ar\/noticias-villa-maria\/manu-sosa-a-traves-de-un-comunicado-le-respondio-a-las-declaraciones-del-concejal-carlos-ronco-que-hizo-en-su-contra\/#primaryimage\"},\"thumbnailUrl\":\"https:\/\/i0.wp.com\/elregionalvm.com.ar\/noticias-villa-maria\/wp-content\/uploads\/2024\/01\/WhatsApp-Image-2024-01-26-at-12.12.32.jpeg?fit=1302%2C1587&ssl=1\",\"articleSection\":[\"destacado\",\"Sociedad\",\"Villa Mar\u00eda\"],\"inLanguage\":\"es\",\"potentialAction\":[{\"@type\":\"CommentAction\",\"name\":\"Comment\",\"target\":[\"https:\/\/elregionalvm.com.ar\/noticias-villa-maria\/manu-sosa-a-traves-de-un-comunicado-le-respondio-a-las-declaraciones-del-concejal-carlos-ronco-que-hizo-en-su-contra\/#respond\"]}]},{\"@type\":\"WebPage\",\"@id\":\"https:\/\/elregionalvm.com.ar\/noticias-villa-maria\/manu-sosa-a-traves-de-un-comunicado-le-respondio-a-las-declaraciones-del-concejal-carlos-ronco-que-hizo-en-su-contra\/\",\"url\":\"https:\/\/elregionalvm.com.ar\/noticias-villa-maria\/manu-sosa-a-traves-de-un-comunicado-le-respondio-a-las-declaraciones-del-concejal-carlos-ronco-que-hizo-en-su-contra\/\",\"name\":\"Manuel Sosa le respondi\u00f3 a las declaraciones del concejal Carlos Ronco que hizo en su contra - El Regional\",\"isPartOf\":{\"@id\":\"http:\/\/elregionalvm.com.ar\/noticias-villa-maria\/#website\"},\"primaryImageOfPage\":{\"@id\":\"https:\/\/elregionalvm.com.ar\/noticias-villa-maria\/manu-sosa-a-traves-de-un-comunicado-le-respondio-a-las-declaraciones-del-concejal-carlos-ronco-que-hizo-en-su-contra\/#primaryimage\"},\"image\":{\"@id\":\"https:\/\/elregionalvm.com.ar\/noticias-villa-maria\/manu-sosa-a-traves-de-un-comunicado-le-respondio-a-las-declaraciones-del-concejal-carlos-ronco-que-hizo-en-su-contra\/#primaryimage\"},\"thumbnailUrl\":\"https:\/\/i0.wp.com\/elregionalvm.com.ar\/noticias-villa-maria\/wp-content\/uploads\/2024\/01\/WhatsApp-Image-2024-01-26-at-12.12.32.jpeg?fit=1302%2C1587&ssl=1\",\"datePublished\":\"2024-01-26T21:55:47+00:00\",\"dateModified\":\"2024-01-27T01:36:16+00:00\",\"author\":{\"@id\":\"http:\/\/elregionalvm.com.ar\/noticias-villa-maria\/#\/schema\/person\/a0fb9c422317faca23d50163151bc354\"},\"breadcrumb\":{\"@id\":\"https:\/\/elregionalvm.com.ar\/noticias-villa-maria\/manu-sosa-a-traves-de-un-comunicado-le-respondio-a-las-declaraciones-del-concejal-carlos-ronco-que-hizo-en-su-contra\/#breadcrumb\"},\"inLanguage\":\"es\",\"potentialAction\":[{\"@type\":\"ReadAction\",\"target\":[\"https:\/\/elregionalvm.com.ar\/noticias-villa-maria\/manu-sosa-a-traves-de-un-comunicado-le-respondio-a-las-declaraciones-del-concejal-carlos-ronco-que-hizo-en-su-contra\/\"]}]},{\"@type\":\"ImageObject\",\"inLanguage\":\"es\",\"@id\":\"https:\/\/elregionalvm.com.ar\/noticias-villa-maria\/manu-sosa-a-traves-de-un-comunicado-le-respondio-a-las-declaraciones-del-concejal-carlos-ronco-que-hizo-en-su-contra\/#primaryimage\",\"url\":\"https:\/\/i0.wp.com\/elregionalvm.com.ar\/noticias-villa-maria\/wp-content\/uploads\/2024\/01\/WhatsApp-Image-2024-01-26-at-12.12.32.jpeg?fit=1302%2C1587&ssl=1\",\"contentUrl\":\"https:\/\/i0.wp.com\/elregionalvm.com.ar\/noticias-villa-maria\/wp-content\/uploads\/2024\/01\/WhatsApp-Image-2024-01-26-at-12.12.32.jpeg?fit=1302%2C1587&ssl=1\",\"width\":1302,\"height\":1587},{\"@type\":\"BreadcrumbList\",\"@id\":\"https:\/\/elregionalvm.com.ar\/noticias-villa-maria\/manu-sosa-a-traves-de-un-comunicado-le-respondio-a-las-declaraciones-del-concejal-carlos-ronco-que-hizo-en-su-contra\/#breadcrumb\",\"itemListElement\":[{\"@type\":\"ListItem\",\"position\":1,\"name\":\"Portada\",\"item\":\"https:\/\/elregionalvm.com.ar\/noticias-villa-maria\/\"},{\"@type\":\"ListItem\",\"position\":2,\"name\":\"Manuel Sosa le respondi\u00f3 a las declaraciones del concejal Carlos Ronco que hizo en su contra\"}]},{\"@type\":\"WebSite\",\"@id\":\"http:\/\/elregionalvm.com.ar\/noticias-villa-maria\/#website\",\"url\":\"http:\/\/elregionalvm.com.ar\/noticias-villa-maria\/\",\"name\":\"El Regional\",\"description\":\"Mucho m\u00e1s que informaci\u00f3n\",\"potentialAction\":[{\"@type\":\"SearchAction\",\"target\":{\"@type\":\"EntryPoint\",\"urlTemplate\":\"http:\/\/elregionalvm.com.ar\/noticias-villa-maria\/?s={search_term_string}\"},\"query-input\":{\"@type\":\"PropertyValueSpecification\",\"valueRequired\":true,\"valueName\":\"search_term_string\"}}],\"inLanguage\":\"es\"},{\"@type\":\"Person\",\"@id\":\"http:\/\/elregionalvm.com.ar\/noticias-villa-maria\/#\/schema\/person\/a0fb9c422317faca23d50163151bc354\",\"name\":\"Contenidos El Regional\",\"image\":{\"@type\":\"ImageObject\",\"inLanguage\":\"es\",\"@id\":\"http:\/\/elregionalvm.com.ar\/noticias-villa-maria\/#\/schema\/person\/image\/\",\"url\":\"https:\/\/secure.gravatar.com\/avatar\/265b27cb2209af7bb3a1318f03305787d7981a5cc6e6cd08fe5a4ecdf99d4b48?s=96&d=mm&r=g\",\"contentUrl\":\"https:\/\/secure.gravatar.com\/avatar\/265b27cb2209af7bb3a1318f03305787d7981a5cc6e6cd08fe5a4ecdf99d4b48?s=96&d=mm&r=g\",\"caption\":\"Contenidos El Regional\"},\"url\":\"https:\/\/elregionalvm.com.ar\/noticias-villa-maria\/author\/contenido\/\"}]}<\/script>\n<!-- \/ Yoast SEO plugin. -->","yoast_head_json":{"title":"Manuel Sosa le respondi\u00f3 a las declaraciones del concejal Carlos Ronco que hizo en su contra - El Regional","robots":{"index":"index","follow":"follow","max-snippet":"max-snippet:-1","max-image-preview":"max-image-preview:large","max-video-preview":"max-video-preview:-1"},"canonical":"https:\/\/elregionalvm.com.ar\/noticias-villa-maria\/manu-sosa-a-traves-de-un-comunicado-le-respondio-a-las-declaraciones-del-concejal-carlos-ronco-que-hizo-en-su-contra\/","og_locale":"es_ES","og_type":"article","og_title":"Manuel Sosa le respondi\u00f3 a las declaraciones del concejal Carlos Ronco que hizo en su contra - El Regional","og_description":"En respuesta a las recientes declaraciones del Concejal Carlos Ronco, es necesario poner claridad sobre los puntos planteados, evitando descalificaciones personales y centr\u00e1ndonos en los verdaderos problemas que afectan a la ciudadan\u00eda. No obstante, llama la atenci\u00f3n que el Concejal Ronco prefiera dirigir su enfoque hacia cuestiones personales y domiciliarias en lugar de abordar los [&hellip;]","og_url":"https:\/\/elregionalvm.com.ar\/noticias-villa-maria\/manu-sosa-a-traves-de-un-comunicado-le-respondio-a-las-declaraciones-del-concejal-carlos-ronco-que-hizo-en-su-contra\/","og_site_name":"El Regional","article_publisher":"https:\/\/www.facebook.com\/elregionalvm","article_published_time":"2024-01-26T21:55:47+00:00","article_modified_time":"2024-01-27T01:36:16+00:00","og_image":[{"width":1302,"height":1587,"url":"https:\/\/elregionalvm.com.ar\/noticias-villa-maria\/wp-content\/uploads\/2024\/01\/WhatsApp-Image-2024-01-26-at-12.12.32.jpeg","type":"image\/jpeg"}],"author":"Contenidos El Regional","twitter_card":"summary_large_image","twitter_creator":"@elregionalvm1","twitter_site":"@elregionalvm1","twitter_misc":{"Escrito por":"Contenidos El Regional","Tiempo de lectura":"2 minutos"},"schema":{"@context":"https:\/\/schema.org","@graph":[{"@type":"Article","@id":"https:\/\/elregionalvm.com.ar\/noticias-villa-maria\/manu-sosa-a-traves-de-un-comunicado-le-respondio-a-las-declaraciones-del-concejal-carlos-ronco-que-hizo-en-su-contra\/#article","isPartOf":{"@id":"https:\/\/elregionalvm.com.ar\/noticias-villa-maria\/manu-sosa-a-traves-de-un-comunicado-le-respondio-a-las-declaraciones-del-concejal-carlos-ronco-que-hizo-en-su-contra\/"},"author":{"name":"Contenidos El Regional","@id":"http:\/\/elregionalvm.com.ar\/noticias-villa-maria\/#\/schema\/person\/a0fb9c422317faca23d50163151bc354"},"headline":"Manuel Sosa le respondi\u00f3 a las declaraciones del concejal Carlos Ronco que hizo en su contra","datePublished":"2024-01-26T21:55:47+00:00","dateModified":"2024-01-27T01:36:16+00:00","mainEntityOfPage":{"@id":"https:\/\/elregionalvm.com.ar\/noticias-villa-maria\/manu-sosa-a-traves-de-un-comunicado-le-respondio-a-las-declaraciones-del-concejal-carlos-ronco-que-hizo-en-su-contra\/"},"wordCount":490,"commentCount":0,"image":{"@id":"https:\/\/elregionalvm.com.ar\/noticias-villa-maria\/manu-sosa-a-traves-de-un-comunicado-le-respondio-a-las-declaraciones-del-concejal-carlos-ronco-que-hizo-en-su-contra\/#primaryimage"},"thumbnailUrl":"https:\/\/i0.wp.com\/elregionalvm.com.ar\/noticias-villa-maria\/wp-content\/uploads\/2024\/01\/WhatsApp-Image-2024-01-26-at-12.12.32.jpeg?fit=1302%2C1587&ssl=1","articleSection":["destacado","Sociedad","Villa Mar\u00eda"],"inLanguage":"es","potentialAction":[{"@type":"CommentAction","name":"Comment","target":["https:\/\/elregionalvm.com.ar\/noticias-villa-maria\/manu-sosa-a-traves-de-un-comunicado-le-respondio-a-las-declaraciones-del-concejal-carlos-ronco-que-hizo-en-su-contra\/#respond"]}]},{"@type":"WebPage","@id":"https:\/\/elregionalvm.com.ar\/noticias-villa-maria\/manu-sosa-a-traves-de-un-comunicado-le-respondio-a-las-declaraciones-del-concejal-carlos-ronco-que-hizo-en-su-contra\/","url":"https:\/\/elregionalvm.com.ar\/noticias-villa-maria\/manu-sosa-a-traves-de-un-comunicado-le-respondio-a-las-declaraciones-del-concejal-carlos-ronco-que-hizo-en-su-contra\/","name":"Manuel Sosa le respondi\u00f3 a las declaraciones del concejal Carlos Ronco que hizo en su contra - El Regional","isPartOf":{"@id":"http:\/\/elregionalvm.com.ar\/noticias-villa-maria\/#website"},"primaryImageOfPage":{"@id":"https:\/\/elregionalvm.com.ar\/noticias-villa-maria\/manu-sosa-a-traves-de-un-comunicado-le-respondio-a-las-declaraciones-del-concejal-carlos-ronco-que-hizo-en-su-contra\/#primaryimage"},"image":{"@id":"https:\/\/elregionalvm.com.ar\/noticias-villa-maria\/manu-sosa-a-traves-de-un-comunicado-le-respondio-a-las-declaraciones-del-concejal-carlos-ronco-que-hizo-en-su-contra\/#primaryimage"},"thumbnailUrl":"https:\/\/i0.wp.com\/elregionalvm.com.ar\/noticias-villa-maria\/wp-content\/uploads\/2024\/01\/WhatsApp-Image-2024-01-26-at-12.12.32.jpeg?fit=1302%2C1587&ssl=1","datePublished":"2024-01-26T21:55:47+00:00","dateModified":"2024-01-27T01:36:16+00:00","author":{"@id":"http:\/\/elregionalvm.com.ar\/noticias-villa-maria\/#\/schema\/person\/a0fb9c422317faca23d50163151bc354"},"breadcrumb":{"@id":"https:\/\/elregionalvm.com.ar\/noticias-villa-maria\/manu-sosa-a-traves-de-un-comunicado-le-respondio-a-las-declaraciones-del-concejal-carlos-ronco-que-hizo-en-su-contra\/#breadcrumb"},"inLanguage":"es","potentialAction":[{"@type":"ReadAction","target":["https:\/\/elregionalvm.com.ar\/noticias-villa-maria\/manu-sosa-a-traves-de-un-comunicado-le-respondio-a-las-declaraciones-del-concejal-carlos-ronco-que-hizo-en-su-contra\/"]}]},{"@type":"ImageObject","inLanguage":"es","@id":"https:\/\/elregionalvm.com.ar\/noticias-villa-maria\/manu-sosa-a-traves-de-un-comunicado-le-respondio-a-las-declaraciones-del-concejal-carlos-ronco-que-hizo-en-su-contra\/#primaryimage","url":"https:\/\/i0.wp.com\/elregionalvm.com.ar\/noticias-villa-maria\/wp-content\/uploads\/2024\/01\/WhatsApp-Image-2024-01-26-at-12.12.32.jpeg?fit=1302%2C1587&ssl=1","contentUrl":"https:\/\/i0.wp.com\/elregionalvm.com.ar\/noticias-villa-maria\/wp-content\/uploads\/2024\/01\/WhatsApp-Image-2024-01-26-at-12.12.32.jpeg?fit=1302%2C1587&ssl=1","width":1302,"height":1587},{"@type":"BreadcrumbList","@id":"https:\/\/elregionalvm.com.ar\/noticias-villa-maria\/manu-sosa-a-traves-de-un-comunicado-le-respondio-a-las-declaraciones-del-concejal-carlos-ronco-que-hizo-en-su-contra\/#breadcrumb","itemListElement":[{"@type":"ListItem","position":1,"name":"Portada","item":"https:\/\/elregionalvm.com.ar\/noticias-villa-maria\/"},{"@type":"ListItem","position":2,"name":"Manuel Sosa le respondi\u00f3 a las declaraciones del concejal Carlos Ronco que hizo en su contra"}]},{"@type":"WebSite","@id":"http:\/\/elregionalvm.com.ar\/noticias-villa-maria\/#website","url":"http:\/\/elregionalvm.com.ar\/noticias-villa-maria\/","name":"El Regional","description":"Mucho m\u00e1s que informaci\u00f3n","potentialAction":[{"@type":"SearchAction","target":{"@type":"EntryPoint","urlTemplate":"http:\/\/elregionalvm.com.ar\/noticias-villa-maria\/?s={search_term_string}"},"query-input":{"@type":"PropertyValueSpecification","valueRequired":true,"valueName":"search_term_string"}}],"inLanguage":"es"},{"@type":"Person","@id":"http:\/\/elregionalvm.com.ar\/noticias-villa-maria\/#\/schema\/person\/a0fb9c422317faca23d50163151bc354","name":"Contenidos El Regional","image":{"@type":"ImageObject","inLanguage":"es","@id":"http:\/\/elregionalvm.com.ar\/noticias-villa-maria\/#\/schema\/person\/image\/","url":"https:\/\/secure.gravatar.com\/avatar\/265b27cb2209af7bb3a1318f03305787d7981a5cc6e6cd08fe5a4ecdf99d4b48?s=96&d=mm&r=g","contentUrl":"https:\/\/secure.gravatar.com\/avatar\/265b27cb2209af7bb3a1318f03305787d7981a5cc6e6cd08fe5a4ecdf99d4b48?s=96&d=mm&r=g","caption":"Contenidos El Regional"},"url":"https:\/\/elregionalvm.com.ar\/noticias-villa-maria\/author\/contenido\/"}]}},"jetpack_featured_media_url":"https:\/\/i0.wp.com\/elregionalvm.com.ar\/noticias-villa-maria\/wp-content\/uploads\/2024\/01\/WhatsApp-Image-2024-01-26-at-12.12.32.jpeg?fit=1302%2C1587&ssl=1","jetpack_sharing_enabled":true,"_links":{"self":[{"href":"https:\/\/elregionalvm.com.ar\/noticias-villa-maria\/wp-json\/wp\/v2\/posts\/89087","targetHints":{"allow":["GET"]}}],"collection":[{"href":"https:\/\/elregionalvm.com.ar\/noticias-villa-maria\/wp-json\/wp\/v2\/posts"}],"about":[{"href":"https:\/\/elregionalvm.com.ar\/noticias-villa-maria\/wp-json\/wp\/v2\/types\/post"}],"author":[{"embeddable":true,"href":"https:\/\/elregionalvm.com.ar\/noticias-villa-maria\/wp-json\/wp\/v2\/users\/4"}],"replies":[{"embeddable":true,"href":"https:\/\/elregionalvm.com.ar\/noticias-villa-maria\/wp-json\/wp\/v2\/comments?post=89087"}],"version-history":[{"count":2,"href":"https:\/\/elregionalvm.com.ar\/noticias-villa-maria\/wp-json\/wp\/v2\/posts\/89087\/revisions"}],"predecessor-version":[{"id":89105,"href":"https:\/\/elregionalvm.com.ar\/noticias-villa-maria\/wp-json\/wp\/v2\/posts\/89087\/revisions\/89105"}],"wp:featuredmedia":[{"embeddable":true,"href":"https:\/\/elregionalvm.com.ar\/noticias-villa-maria\/wp-json\/wp\/v2\/media\/89089"}],"wp:attachment":[{"href":"https:\/\/elregionalvm.com.ar\/noticias-villa-maria\/wp-json\/wp\/v2\/media?parent=89087"}],"wp:term":[{"taxonomy":"category","embeddable":true,"href":"https:\/\/elregionalvm.com.ar\/noticias-villa-maria\/wp-json\/wp\/v2\/categories?post=89087"},{"taxonomy":"post_tag","embeddable":true,"href":"https:\/\/elregionalvm.com.ar\/noticias-villa-maria\/wp-json\/wp\/v2\/tags?post=89087"}],"curies":[{"name":"wp","href":"https:\/\/api.w.org\/{rel}","templated":true}]}}