{"id":89091,"date":"2024-01-26T22:02:29","date_gmt":"2024-01-26T22:02:29","guid":{"rendered":"https:\/\/elregionalvm.com.ar\/noticias-villa-maria\/?p=89091"},"modified":"2024-01-26T22:02:34","modified_gmt":"2024-01-26T22:02:34","slug":"la-policia-realizo-allanamiento-en-una-vivienda-y-detuvo-a-un-hombre-por-encubrir-un-robo","status":"publish","type":"post","link":"https:\/\/elregionalvm.com.ar\/noticias-villa-maria\/la-policia-realizo-allanamiento-en-una-vivienda-y-detuvo-a-un-hombre-por-encubrir-un-robo\/","title":{"rendered":"La policia realiz\u00f3 allanamiento en una vivienda y detuvo a un hombre por encubrir un robo"},"content":{"rendered":"\n<p>Siendo aproximadamente las 13.15 hs de la v\u00edspera, Personal de la Divisi\u00f3n Investigaciones procedi\u00f3 a cumplimentar Orden Judicial de Allanamiento en una vivienda ubicada en calle Pastor Oviedo al 1100 de la ciudad de Villa Mar\u00eda, de acuerdo a lo solicitado por la Fiscal\u00eda de Instrucci\u00f3n en Feria a cargo de la Dra. Juliana Companys, Sec. Dra.Bortolussi Florencia.<\/p>\n\n\n\n<figure class=\"wp-block-image size-large\"><img data-recalc-dims=\"1\" fetchpriority=\"high\" decoding=\"async\" width=\"1024\" height=\"1008\" src=\"https:\/\/i0.wp.com\/elregionalvm.com.ar\/noticias-villa-maria\/wp-content\/uploads\/2024\/01\/WhatsApp-Image-2024-01-26-at-10.55.56.jpeg?resize=1024%2C1008&#038;ssl=1\" alt=\"\" class=\"wp-image-89094\" srcset=\"https:\/\/i0.wp.com\/elregionalvm.com.ar\/noticias-villa-maria\/wp-content\/uploads\/2024\/01\/WhatsApp-Image-2024-01-26-at-10.55.56.jpeg?resize=1024%2C1008&amp;ssl=1 1024w, https:\/\/i0.wp.com\/elregionalvm.com.ar\/noticias-villa-maria\/wp-content\/uploads\/2024\/01\/WhatsApp-Image-2024-01-26-at-10.55.56.jpeg?resize=300%2C295&amp;ssl=1 300w, https:\/\/i0.wp.com\/elregionalvm.com.ar\/noticias-villa-maria\/wp-content\/uploads\/2024\/01\/WhatsApp-Image-2024-01-26-at-10.55.56.jpeg?resize=768%2C756&amp;ssl=1 768w, https:\/\/i0.wp.com\/elregionalvm.com.ar\/noticias-villa-maria\/wp-content\/uploads\/2024\/01\/WhatsApp-Image-2024-01-26-at-10.55.56.jpeg?w=1440&amp;ssl=1 1440w\" sizes=\"(max-width: 1000px) 100vw, 1000px\" \/><\/figure>\n\n\n\n<p>El procedimiento arrojo resultado positivo procediendo a la detenci\u00f3n  de un hombre de 34 a\u00f1os de edad, por supuesto autor del delito de \u00abEncubrimiento\u00bb.<\/p>\n\n\n\n<p> Debido a que el mismo ten\u00eda en su poder un tel\u00e9fono celular sustra\u00eddo en un hecho delictivo, por el cual adem\u00e1s ya se encuentra detenido desde el pasado mi\u00e9rcoles, un masculino de 33 a\u00f1os de edad por supuesto autor del delito de \u00abRobo calificado\u00bb,  a quien se le secuestro tras allanar su domicilio ubicado en B\u00b0 los Olmos , un veh\u00edculo marca Fiat modelo 128, prendas de vestir, precintos, cinta de embalaje, una soga y dos tel\u00e9fonos celulares.<\/p>\n\n\n\n<figure class=\"wp-block-image size-large\"><img data-recalc-dims=\"1\" decoding=\"async\" width=\"1024\" height=\"622\" src=\"https:\/\/i0.wp.com\/elregionalvm.com.ar\/noticias-villa-maria\/wp-content\/uploads\/2024\/01\/WhatsApp-Image-2024-01-26-at-10.55.56-1.jpeg?resize=1024%2C622&#038;ssl=1\" alt=\"\" class=\"wp-image-89093\" srcset=\"https:\/\/i0.wp.com\/elregionalvm.com.ar\/noticias-villa-maria\/wp-content\/uploads\/2024\/01\/WhatsApp-Image-2024-01-26-at-10.55.56-1.jpeg?resize=1024%2C622&amp;ssl=1 1024w, https:\/\/i0.wp.com\/elregionalvm.com.ar\/noticias-villa-maria\/wp-content\/uploads\/2024\/01\/WhatsApp-Image-2024-01-26-at-10.55.56-1.jpeg?resize=300%2C182&amp;ssl=1 300w, https:\/\/i0.wp.com\/elregionalvm.com.ar\/noticias-villa-maria\/wp-content\/uploads\/2024\/01\/WhatsApp-Image-2024-01-26-at-10.55.56-1.jpeg?resize=768%2C466&amp;ssl=1 768w, https:\/\/i0.wp.com\/elregionalvm.com.ar\/noticias-villa-maria\/wp-content\/uploads\/2024\/01\/WhatsApp-Image-2024-01-26-at-10.55.56-1.jpeg?w=1280&amp;ssl=1 1280w\" sizes=\"(max-width: 1000px) 100vw, 1000px\" \/><\/figure>\n\n\n\n<p>Todo en relaci\u00f3n al hecho de Robo calificado sucedido con fecha 24\/01\/24, del que resulto damnificado un hombre de 28 a\u00f1os de edad, quien fue sorprendido en su domicilio por estos dos sujetos, resultando con lesiones en dos de sus dedos de la mano derecha producto de un disparo de arma de fuego.<\/p>\n\n\n\n<figure class=\"wp-block-image size-large\"><img data-recalc-dims=\"1\" decoding=\"async\" width=\"1024\" height=\"768\" src=\"https:\/\/i0.wp.com\/elregionalvm.com.ar\/noticias-villa-maria\/wp-content\/uploads\/2024\/01\/WhatsApp-Image-2024-01-26-at-10.55.56-2.jpeg?resize=1024%2C768&#038;ssl=1\" alt=\"\" class=\"wp-image-89092\" srcset=\"https:\/\/i0.wp.com\/elregionalvm.com.ar\/noticias-villa-maria\/wp-content\/uploads\/2024\/01\/WhatsApp-Image-2024-01-26-at-10.55.56-2.jpeg?resize=1024%2C768&amp;ssl=1 1024w, https:\/\/i0.wp.com\/elregionalvm.com.ar\/noticias-villa-maria\/wp-content\/uploads\/2024\/01\/WhatsApp-Image-2024-01-26-at-10.55.56-2.jpeg?resize=300%2C225&amp;ssl=1 300w, https:\/\/i0.wp.com\/elregionalvm.com.ar\/noticias-villa-maria\/wp-content\/uploads\/2024\/01\/WhatsApp-Image-2024-01-26-at-10.55.56-2.jpeg?resize=768%2C576&amp;ssl=1 768w, https:\/\/i0.wp.com\/elregionalvm.com.ar\/noticias-villa-maria\/wp-content\/uploads\/2024\/01\/WhatsApp-Image-2024-01-26-at-10.55.56-2.jpeg?w=1280&amp;ssl=1 1280w\" sizes=\"(max-width: 1000px) 100vw, 1000px\" \/><\/figure>\n\n\n\n<p>Se labran actuaciones a disposici\u00f3n de la Fiscal\u00eda de Instrucci\u00f3n de Turno en Feria a cargo de la Dra. Juliana Companys, Sec. Dra. Bortolussi Florencia.<\/p>\n","protected":false},"excerpt":{"rendered":"<p>Siendo aproximadamente las 13.15 hs de la v\u00edspera, Personal de la Divisi\u00f3n Investigaciones procedi\u00f3 a cumplimentar Orden Judicial de Allanamiento en una vivienda ubicada en calle Pastor Oviedo al 1100 de la ciudad de Villa Mar\u00eda, de acuerdo a lo solicitado por la Fiscal\u00eda de Instrucci\u00f3n en Feria a cargo de la Dra. Juliana Companys, [&hellip;]<\/p>\n","protected":false},"author":4,"featured_media":89095,"comment_status":"open","ping_status":"open","sticky":false,"template":"","format":"standard","meta":{"site-sidebar-layout":"default","site-content-layout":"","ast-site-content-layout":"default","site-content-style":"default","site-sidebar-style":"default","ast-global-header-display":"","ast-banner-title-visibility":"","ast-main-header-display":"","ast-hfb-above-header-display":"","ast-hfb-below-header-display":"","ast-hfb-mobile-header-display":"","site-post-title":"","ast-breadcrumbs-content":"","ast-featured-img":"","footer-sml-layout":"","ast-disable-related-posts":"","theme-transparent-header-meta":"","adv-header-id-meta":"","stick-header-meta":"","header-above-stick-meta":"","header-main-stick-meta":"","header-below-stick-meta":"","astra-migrate-meta-layouts":"set","ast-page-background-enabled":"default","ast-page-background-meta":{"desktop":{"background-color":"","background-image":"","background-repeat":"repeat","background-position":"center center","background-size":"auto","background-attachment":"scroll","background-type":"","background-media":"","overlay-type":"","overlay-color":"","overlay-opacity":"","overlay-gradient":""},"tablet":{"background-color":"","background-image":"","background-repeat":"repeat","background-position":"center center","background-size":"auto","background-attachment":"scroll","background-type":"","background-media":"","overlay-type":"","overlay-color":"","overlay-opacity":"","overlay-gradient":""},"mobile":{"background-color":"","background-image":"","background-repeat":"repeat","background-position":"center center","background-size":"auto","background-attachment":"scroll","background-type":"","background-media":"","overlay-type":"","overlay-color":"","overlay-opacity":"","overlay-gradient":""}},"ast-content-background-meta":{"desktop":{"background-color":"var(--ast-global-color-5)","background-image":"","background-repeat":"repeat","background-position":"center center","background-size":"auto","background-attachment":"scroll","background-type":"","background-media":"","overlay-type":"","overlay-color":"","overlay-opacity":"","overlay-gradient":""},"tablet":{"background-color":"var(--ast-global-color-5)","background-image":"","background-repeat":"repeat","background-position":"center center","background-size":"auto","background-attachment":"scroll","background-type":"","background-media":"","overlay-type":"","overlay-color":"","overlay-opacity":"","overlay-gradient":""},"mobile":{"background-color":"var(--ast-global-color-5)","background-image":"","background-repeat":"repeat","background-position":"center center","background-size":"auto","background-attachment":"scroll","background-type":"","background-media":"","overlay-type":"","overlay-color":"","overlay-opacity":"","overlay-gradient":""}},"_jetpack_memberships_contains_paid_content":false,"_joinchat":[],"footnotes":""},"categories":[15302,5,2],"tags":[],"class_list":["post-89091","post","type-post","status-publish","format-standard","has-post-thumbnail","hentry","category-destacado","category-sociedad","category-villa-maria"],"yoast_head":"<!-- This site is optimized with the Yoast SEO plugin v26.8 - https:\/\/yoast.com\/product\/yoast-seo-wordpress\/ -->\n<title>La policia realiz\u00f3 allanamiento en una vivienda y detuvo a un hombre por encubrir un robo - El Regional<\/title>\n<meta name=\"robots\" content=\"index, follow, max-snippet:-1, max-image-preview:large, max-video-preview:-1\" \/>\n<link rel=\"canonical\" href=\"https:\/\/elregionalvm.com.ar\/noticias-villa-maria\/la-policia-realizo-allanamiento-en-una-vivienda-y-detuvo-a-un-hombre-por-encubrir-un-robo\/\" \/>\n<meta property=\"og:locale\" content=\"es_ES\" \/>\n<meta property=\"og:type\" content=\"article\" \/>\n<meta property=\"og:title\" content=\"La policia realiz\u00f3 allanamiento en una vivienda y detuvo a un hombre por encubrir un robo - El Regional\" \/>\n<meta property=\"og:description\" content=\"Siendo aproximadamente las 13.15 hs de la v\u00edspera, Personal de la Divisi\u00f3n Investigaciones procedi\u00f3 a cumplimentar Orden Judicial de Allanamiento en una vivienda ubicada en calle Pastor Oviedo al 1100 de la ciudad de Villa Mar\u00eda, de acuerdo a lo solicitado por la Fiscal\u00eda de Instrucci\u00f3n en Feria a cargo de la Dra. Juliana Companys, [&hellip;]\" \/>\n<meta property=\"og:url\" content=\"https:\/\/elregionalvm.com.ar\/noticias-villa-maria\/la-policia-realizo-allanamiento-en-una-vivienda-y-detuvo-a-un-hombre-por-encubrir-un-robo\/\" \/>\n<meta property=\"og:site_name\" content=\"El Regional\" \/>\n<meta property=\"article:publisher\" content=\"https:\/\/www.facebook.com\/elregionalvm\" \/>\n<meta property=\"article:published_time\" content=\"2024-01-26T22:02:29+00:00\" \/>\n<meta property=\"article:modified_time\" content=\"2024-01-26T22:02:34+00:00\" \/>\n<meta property=\"og:image\" content=\"https:\/\/elregionalvm.com.ar\/noticias-villa-maria\/wp-content\/uploads\/2024\/01\/WhatsApp-Image-2024-01-26-at-10.55.55.jpeg\" \/>\n\t<meta property=\"og:image:width\" content=\"1280\" \/>\n\t<meta property=\"og:image:height\" content=\"960\" \/>\n\t<meta property=\"og:image:type\" content=\"image\/jpeg\" \/>\n<meta name=\"author\" content=\"Contenidos El Regional\" \/>\n<meta name=\"twitter:card\" content=\"summary_large_image\" \/>\n<meta name=\"twitter:creator\" content=\"@elregionalvm1\" \/>\n<meta name=\"twitter:site\" content=\"@elregionalvm1\" \/>\n<meta name=\"twitter:label1\" content=\"Escrito por\" \/>\n\t<meta name=\"twitter:data1\" content=\"Contenidos El Regional\" \/>\n\t<meta name=\"twitter:label2\" content=\"Tiempo de lectura\" \/>\n\t<meta name=\"twitter:data2\" content=\"1 minuto\" \/>\n<script type=\"application\/ld+json\" class=\"yoast-schema-graph\">{\"@context\":\"https:\/\/schema.org\",\"@graph\":[{\"@type\":\"Article\",\"@id\":\"https:\/\/elregionalvm.com.ar\/noticias-villa-maria\/la-policia-realizo-allanamiento-en-una-vivienda-y-detuvo-a-un-hombre-por-encubrir-un-robo\/#article\",\"isPartOf\":{\"@id\":\"https:\/\/elregionalvm.com.ar\/noticias-villa-maria\/la-policia-realizo-allanamiento-en-una-vivienda-y-detuvo-a-un-hombre-por-encubrir-un-robo\/\"},\"author\":{\"name\":\"Contenidos El Regional\",\"@id\":\"http:\/\/elregionalvm.com.ar\/noticias-villa-maria\/#\/schema\/person\/a0fb9c422317faca23d50163151bc354\"},\"headline\":\"La policia realiz\u00f3 allanamiento en una vivienda y detuvo a un hombre por encubrir un robo\",\"datePublished\":\"2024-01-26T22:02:29+00:00\",\"dateModified\":\"2024-01-26T22:02:34+00:00\",\"mainEntityOfPage\":{\"@id\":\"https:\/\/elregionalvm.com.ar\/noticias-villa-maria\/la-policia-realizo-allanamiento-en-una-vivienda-y-detuvo-a-un-hombre-por-encubrir-un-robo\/\"},\"wordCount\":267,\"commentCount\":0,\"image\":{\"@id\":\"https:\/\/elregionalvm.com.ar\/noticias-villa-maria\/la-policia-realizo-allanamiento-en-una-vivienda-y-detuvo-a-un-hombre-por-encubrir-un-robo\/#primaryimage\"},\"thumbnailUrl\":\"https:\/\/i0.wp.com\/elregionalvm.com.ar\/noticias-villa-maria\/wp-content\/uploads\/2024\/01\/WhatsApp-Image-2024-01-26-at-10.55.55.jpeg?fit=1280%2C960&ssl=1\",\"articleSection\":[\"destacado\",\"Sociedad\",\"Villa Mar\u00eda\"],\"inLanguage\":\"es\",\"potentialAction\":[{\"@type\":\"CommentAction\",\"name\":\"Comment\",\"target\":[\"https:\/\/elregionalvm.com.ar\/noticias-villa-maria\/la-policia-realizo-allanamiento-en-una-vivienda-y-detuvo-a-un-hombre-por-encubrir-un-robo\/#respond\"]}]},{\"@type\":\"WebPage\",\"@id\":\"https:\/\/elregionalvm.com.ar\/noticias-villa-maria\/la-policia-realizo-allanamiento-en-una-vivienda-y-detuvo-a-un-hombre-por-encubrir-un-robo\/\",\"url\":\"https:\/\/elregionalvm.com.ar\/noticias-villa-maria\/la-policia-realizo-allanamiento-en-una-vivienda-y-detuvo-a-un-hombre-por-encubrir-un-robo\/\",\"name\":\"La policia realiz\u00f3 allanamiento en una vivienda y detuvo a un hombre por encubrir un robo - El Regional\",\"isPartOf\":{\"@id\":\"http:\/\/elregionalvm.com.ar\/noticias-villa-maria\/#website\"},\"primaryImageOfPage\":{\"@id\":\"https:\/\/elregionalvm.com.ar\/noticias-villa-maria\/la-policia-realizo-allanamiento-en-una-vivienda-y-detuvo-a-un-hombre-por-encubrir-un-robo\/#primaryimage\"},\"image\":{\"@id\":\"https:\/\/elregionalvm.com.ar\/noticias-villa-maria\/la-policia-realizo-allanamiento-en-una-vivienda-y-detuvo-a-un-hombre-por-encubrir-un-robo\/#primaryimage\"},\"thumbnailUrl\":\"https:\/\/i0.wp.com\/elregionalvm.com.ar\/noticias-villa-maria\/wp-content\/uploads\/2024\/01\/WhatsApp-Image-2024-01-26-at-10.55.55.jpeg?fit=1280%2C960&ssl=1\",\"datePublished\":\"2024-01-26T22:02:29+00:00\",\"dateModified\":\"2024-01-26T22:02:34+00:00\",\"author\":{\"@id\":\"http:\/\/elregionalvm.com.ar\/noticias-villa-maria\/#\/schema\/person\/a0fb9c422317faca23d50163151bc354\"},\"breadcrumb\":{\"@id\":\"https:\/\/elregionalvm.com.ar\/noticias-villa-maria\/la-policia-realizo-allanamiento-en-una-vivienda-y-detuvo-a-un-hombre-por-encubrir-un-robo\/#breadcrumb\"},\"inLanguage\":\"es\",\"potentialAction\":[{\"@type\":\"ReadAction\",\"target\":[\"https:\/\/elregionalvm.com.ar\/noticias-villa-maria\/la-policia-realizo-allanamiento-en-una-vivienda-y-detuvo-a-un-hombre-por-encubrir-un-robo\/\"]}]},{\"@type\":\"ImageObject\",\"inLanguage\":\"es\",\"@id\":\"https:\/\/elregionalvm.com.ar\/noticias-villa-maria\/la-policia-realizo-allanamiento-en-una-vivienda-y-detuvo-a-un-hombre-por-encubrir-un-robo\/#primaryimage\",\"url\":\"https:\/\/i0.wp.com\/elregionalvm.com.ar\/noticias-villa-maria\/wp-content\/uploads\/2024\/01\/WhatsApp-Image-2024-01-26-at-10.55.55.jpeg?fit=1280%2C960&ssl=1\",\"contentUrl\":\"https:\/\/i0.wp.com\/elregionalvm.com.ar\/noticias-villa-maria\/wp-content\/uploads\/2024\/01\/WhatsApp-Image-2024-01-26-at-10.55.55.jpeg?fit=1280%2C960&ssl=1\",\"width\":1280,\"height\":960},{\"@type\":\"BreadcrumbList\",\"@id\":\"https:\/\/elregionalvm.com.ar\/noticias-villa-maria\/la-policia-realizo-allanamiento-en-una-vivienda-y-detuvo-a-un-hombre-por-encubrir-un-robo\/#breadcrumb\",\"itemListElement\":[{\"@type\":\"ListItem\",\"position\":1,\"name\":\"Portada\",\"item\":\"https:\/\/elregionalvm.com.ar\/noticias-villa-maria\/\"},{\"@type\":\"ListItem\",\"position\":2,\"name\":\"La policia realiz\u00f3 allanamiento en una vivienda y detuvo a un hombre por encubrir un robo\"}]},{\"@type\":\"WebSite\",\"@id\":\"http:\/\/elregionalvm.com.ar\/noticias-villa-maria\/#website\",\"url\":\"http:\/\/elregionalvm.com.ar\/noticias-villa-maria\/\",\"name\":\"El Regional\",\"description\":\"Mucho m\u00e1s que informaci\u00f3n\",\"potentialAction\":[{\"@type\":\"SearchAction\",\"target\":{\"@type\":\"EntryPoint\",\"urlTemplate\":\"http:\/\/elregionalvm.com.ar\/noticias-villa-maria\/?s={search_term_string}\"},\"query-input\":{\"@type\":\"PropertyValueSpecification\",\"valueRequired\":true,\"valueName\":\"search_term_string\"}}],\"inLanguage\":\"es\"},{\"@type\":\"Person\",\"@id\":\"http:\/\/elregionalvm.com.ar\/noticias-villa-maria\/#\/schema\/person\/a0fb9c422317faca23d50163151bc354\",\"name\":\"Contenidos El Regional\",\"image\":{\"@type\":\"ImageObject\",\"inLanguage\":\"es\",\"@id\":\"http:\/\/elregionalvm.com.ar\/noticias-villa-maria\/#\/schema\/person\/image\/\",\"url\":\"https:\/\/secure.gravatar.com\/avatar\/265b27cb2209af7bb3a1318f03305787d7981a5cc6e6cd08fe5a4ecdf99d4b48?s=96&d=mm&r=g\",\"contentUrl\":\"https:\/\/secure.gravatar.com\/avatar\/265b27cb2209af7bb3a1318f03305787d7981a5cc6e6cd08fe5a4ecdf99d4b48?s=96&d=mm&r=g\",\"caption\":\"Contenidos El Regional\"},\"url\":\"https:\/\/elregionalvm.com.ar\/noticias-villa-maria\/author\/contenido\/\"}]}<\/script>\n<!-- \/ Yoast SEO plugin. -->","yoast_head_json":{"title":"La policia realiz\u00f3 allanamiento en una vivienda y detuvo a un hombre por encubrir un robo - El Regional","robots":{"index":"index","follow":"follow","max-snippet":"max-snippet:-1","max-image-preview":"max-image-preview:large","max-video-preview":"max-video-preview:-1"},"canonical":"https:\/\/elregionalvm.com.ar\/noticias-villa-maria\/la-policia-realizo-allanamiento-en-una-vivienda-y-detuvo-a-un-hombre-por-encubrir-un-robo\/","og_locale":"es_ES","og_type":"article","og_title":"La policia realiz\u00f3 allanamiento en una vivienda y detuvo a un hombre por encubrir un robo - El Regional","og_description":"Siendo aproximadamente las 13.15 hs de la v\u00edspera, Personal de la Divisi\u00f3n Investigaciones procedi\u00f3 a cumplimentar Orden Judicial de Allanamiento en una vivienda ubicada en calle Pastor Oviedo al 1100 de la ciudad de Villa Mar\u00eda, de acuerdo a lo solicitado por la Fiscal\u00eda de Instrucci\u00f3n en Feria a cargo de la Dra. Juliana Companys, [&hellip;]","og_url":"https:\/\/elregionalvm.com.ar\/noticias-villa-maria\/la-policia-realizo-allanamiento-en-una-vivienda-y-detuvo-a-un-hombre-por-encubrir-un-robo\/","og_site_name":"El Regional","article_publisher":"https:\/\/www.facebook.com\/elregionalvm","article_published_time":"2024-01-26T22:02:29+00:00","article_modified_time":"2024-01-26T22:02:34+00:00","og_image":[{"width":1280,"height":960,"url":"https:\/\/elregionalvm.com.ar\/noticias-villa-maria\/wp-content\/uploads\/2024\/01\/WhatsApp-Image-2024-01-26-at-10.55.55.jpeg","type":"image\/jpeg"}],"author":"Contenidos El Regional","twitter_card":"summary_large_image","twitter_creator":"@elregionalvm1","twitter_site":"@elregionalvm1","twitter_misc":{"Escrito por":"Contenidos El Regional","Tiempo de lectura":"1 minuto"},"schema":{"@context":"https:\/\/schema.org","@graph":[{"@type":"Article","@id":"https:\/\/elregionalvm.com.ar\/noticias-villa-maria\/la-policia-realizo-allanamiento-en-una-vivienda-y-detuvo-a-un-hombre-por-encubrir-un-robo\/#article","isPartOf":{"@id":"https:\/\/elregionalvm.com.ar\/noticias-villa-maria\/la-policia-realizo-allanamiento-en-una-vivienda-y-detuvo-a-un-hombre-por-encubrir-un-robo\/"},"author":{"name":"Contenidos El Regional","@id":"http:\/\/elregionalvm.com.ar\/noticias-villa-maria\/#\/schema\/person\/a0fb9c422317faca23d50163151bc354"},"headline":"La policia realiz\u00f3 allanamiento en una vivienda y detuvo a un hombre por encubrir un robo","datePublished":"2024-01-26T22:02:29+00:00","dateModified":"2024-01-26T22:02:34+00:00","mainEntityOfPage":{"@id":"https:\/\/elregionalvm.com.ar\/noticias-villa-maria\/la-policia-realizo-allanamiento-en-una-vivienda-y-detuvo-a-un-hombre-por-encubrir-un-robo\/"},"wordCount":267,"commentCount":0,"image":{"@id":"https:\/\/elregionalvm.com.ar\/noticias-villa-maria\/la-policia-realizo-allanamiento-en-una-vivienda-y-detuvo-a-un-hombre-por-encubrir-un-robo\/#primaryimage"},"thumbnailUrl":"https:\/\/i0.wp.com\/elregionalvm.com.ar\/noticias-villa-maria\/wp-content\/uploads\/2024\/01\/WhatsApp-Image-2024-01-26-at-10.55.55.jpeg?fit=1280%2C960&ssl=1","articleSection":["destacado","Sociedad","Villa Mar\u00eda"],"inLanguage":"es","potentialAction":[{"@type":"CommentAction","name":"Comment","target":["https:\/\/elregionalvm.com.ar\/noticias-villa-maria\/la-policia-realizo-allanamiento-en-una-vivienda-y-detuvo-a-un-hombre-por-encubrir-un-robo\/#respond"]}]},{"@type":"WebPage","@id":"https:\/\/elregionalvm.com.ar\/noticias-villa-maria\/la-policia-realizo-allanamiento-en-una-vivienda-y-detuvo-a-un-hombre-por-encubrir-un-robo\/","url":"https:\/\/elregionalvm.com.ar\/noticias-villa-maria\/la-policia-realizo-allanamiento-en-una-vivienda-y-detuvo-a-un-hombre-por-encubrir-un-robo\/","name":"La policia realiz\u00f3 allanamiento en una vivienda y detuvo a un hombre por encubrir un robo - El Regional","isPartOf":{"@id":"http:\/\/elregionalvm.com.ar\/noticias-villa-maria\/#website"},"primaryImageOfPage":{"@id":"https:\/\/elregionalvm.com.ar\/noticias-villa-maria\/la-policia-realizo-allanamiento-en-una-vivienda-y-detuvo-a-un-hombre-por-encubrir-un-robo\/#primaryimage"},"image":{"@id":"https:\/\/elregionalvm.com.ar\/noticias-villa-maria\/la-policia-realizo-allanamiento-en-una-vivienda-y-detuvo-a-un-hombre-por-encubrir-un-robo\/#primaryimage"},"thumbnailUrl":"https:\/\/i0.wp.com\/elregionalvm.com.ar\/noticias-villa-maria\/wp-content\/uploads\/2024\/01\/WhatsApp-Image-2024-01-26-at-10.55.55.jpeg?fit=1280%2C960&ssl=1","datePublished":"2024-01-26T22:02:29+00:00","dateModified":"2024-01-26T22:02:34+00:00","author":{"@id":"http:\/\/elregionalvm.com.ar\/noticias-villa-maria\/#\/schema\/person\/a0fb9c422317faca23d50163151bc354"},"breadcrumb":{"@id":"https:\/\/elregionalvm.com.ar\/noticias-villa-maria\/la-policia-realizo-allanamiento-en-una-vivienda-y-detuvo-a-un-hombre-por-encubrir-un-robo\/#breadcrumb"},"inLanguage":"es","potentialAction":[{"@type":"ReadAction","target":["https:\/\/elregionalvm.com.ar\/noticias-villa-maria\/la-policia-realizo-allanamiento-en-una-vivienda-y-detuvo-a-un-hombre-por-encubrir-un-robo\/"]}]},{"@type":"ImageObject","inLanguage":"es","@id":"https:\/\/elregionalvm.com.ar\/noticias-villa-maria\/la-policia-realizo-allanamiento-en-una-vivienda-y-detuvo-a-un-hombre-por-encubrir-un-robo\/#primaryimage","url":"https:\/\/i0.wp.com\/elregionalvm.com.ar\/noticias-villa-maria\/wp-content\/uploads\/2024\/01\/WhatsApp-Image-2024-01-26-at-10.55.55.jpeg?fit=1280%2C960&ssl=1","contentUrl":"https:\/\/i0.wp.com\/elregionalvm.com.ar\/noticias-villa-maria\/wp-content\/uploads\/2024\/01\/WhatsApp-Image-2024-01-26-at-10.55.55.jpeg?fit=1280%2C960&ssl=1","width":1280,"height":960},{"@type":"BreadcrumbList","@id":"https:\/\/elregionalvm.com.ar\/noticias-villa-maria\/la-policia-realizo-allanamiento-en-una-vivienda-y-detuvo-a-un-hombre-por-encubrir-un-robo\/#breadcrumb","itemListElement":[{"@type":"ListItem","position":1,"name":"Portada","item":"https:\/\/elregionalvm.com.ar\/noticias-villa-maria\/"},{"@type":"ListItem","position":2,"name":"La policia realiz\u00f3 allanamiento en una vivienda y detuvo a un hombre por encubrir un robo"}]},{"@type":"WebSite","@id":"http:\/\/elregionalvm.com.ar\/noticias-villa-maria\/#website","url":"http:\/\/elregionalvm.com.ar\/noticias-villa-maria\/","name":"El Regional","description":"Mucho m\u00e1s que informaci\u00f3n","potentialAction":[{"@type":"SearchAction","target":{"@type":"EntryPoint","urlTemplate":"http:\/\/elregionalvm.com.ar\/noticias-villa-maria\/?s={search_term_string}"},"query-input":{"@type":"PropertyValueSpecification","valueRequired":true,"valueName":"search_term_string"}}],"inLanguage":"es"},{"@type":"Person","@id":"http:\/\/elregionalvm.com.ar\/noticias-villa-maria\/#\/schema\/person\/a0fb9c422317faca23d50163151bc354","name":"Contenidos El Regional","image":{"@type":"ImageObject","inLanguage":"es","@id":"http:\/\/elregionalvm.com.ar\/noticias-villa-maria\/#\/schema\/person\/image\/","url":"https:\/\/secure.gravatar.com\/avatar\/265b27cb2209af7bb3a1318f03305787d7981a5cc6e6cd08fe5a4ecdf99d4b48?s=96&d=mm&r=g","contentUrl":"https:\/\/secure.gravatar.com\/avatar\/265b27cb2209af7bb3a1318f03305787d7981a5cc6e6cd08fe5a4ecdf99d4b48?s=96&d=mm&r=g","caption":"Contenidos El Regional"},"url":"https:\/\/elregionalvm.com.ar\/noticias-villa-maria\/author\/contenido\/"}]}},"jetpack_featured_media_url":"https:\/\/i0.wp.com\/elregionalvm.com.ar\/noticias-villa-maria\/wp-content\/uploads\/2024\/01\/WhatsApp-Image-2024-01-26-at-10.55.55.jpeg?fit=1280%2C960&ssl=1","jetpack_sharing_enabled":true,"_links":{"self":[{"href":"https:\/\/elregionalvm.com.ar\/noticias-villa-maria\/wp-json\/wp\/v2\/posts\/89091","targetHints":{"allow":["GET"]}}],"collection":[{"href":"https:\/\/elregionalvm.com.ar\/noticias-villa-maria\/wp-json\/wp\/v2\/posts"}],"about":[{"href":"https:\/\/elregionalvm.com.ar\/noticias-villa-maria\/wp-json\/wp\/v2\/types\/post"}],"author":[{"embeddable":true,"href":"https:\/\/elregionalvm.com.ar\/noticias-villa-maria\/wp-json\/wp\/v2\/users\/4"}],"replies":[{"embeddable":true,"href":"https:\/\/elregionalvm.com.ar\/noticias-villa-maria\/wp-json\/wp\/v2\/comments?post=89091"}],"version-history":[{"count":1,"href":"https:\/\/elregionalvm.com.ar\/noticias-villa-maria\/wp-json\/wp\/v2\/posts\/89091\/revisions"}],"predecessor-version":[{"id":89096,"href":"https:\/\/elregionalvm.com.ar\/noticias-villa-maria\/wp-json\/wp\/v2\/posts\/89091\/revisions\/89096"}],"wp:featuredmedia":[{"embeddable":true,"href":"https:\/\/elregionalvm.com.ar\/noticias-villa-maria\/wp-json\/wp\/v2\/media\/89095"}],"wp:attachment":[{"href":"https:\/\/elregionalvm.com.ar\/noticias-villa-maria\/wp-json\/wp\/v2\/media?parent=89091"}],"wp:term":[{"taxonomy":"category","embeddable":true,"href":"https:\/\/elregionalvm.com.ar\/noticias-villa-maria\/wp-json\/wp\/v2\/categories?post=89091"},{"taxonomy":"post_tag","embeddable":true,"href":"https:\/\/elregionalvm.com.ar\/noticias-villa-maria\/wp-json\/wp\/v2\/tags?post=89091"}],"curies":[{"name":"wp","href":"https:\/\/api.w.org\/{rel}","templated":true}]}}