{"id":89098,"date":"2024-01-26T22:05:26","date_gmt":"2024-01-26T22:05:26","guid":{"rendered":"https:\/\/elregionalvm.com.ar\/noticias-villa-maria\/?p=89098"},"modified":"2024-01-26T22:05:28","modified_gmt":"2024-01-26T22:05:28","slug":"dengue-ya-se-registraron-260-casos-en-la-provincia","status":"publish","type":"post","link":"https:\/\/elregionalvm.com.ar\/noticias-villa-maria\/dengue-ya-se-registraron-260-casos-en-la-provincia\/","title":{"rendered":"Dengue: ya se registraron 260 casos en la provincia"},"content":{"rendered":"\n<ul class=\"wp-block-list\">\n<li><strong>Desde la \u00faltima semana, se sumaron 95 casos, 68 importados y 27 aut\u00f3ctonos.<\/strong><\/li>\n\n\n\n<li><strong>En relaci\u00f3n a chikungunya, son tres los casos reportados desde el inicio de la temporada, todos importados.<\/strong><\/li>\n\n\n\n<li><strong>Salud insiste acerca de la importancia de la consulta precoz ante fiebre u otros s\u00edntomas.<\/strong><\/li>\n<\/ul>\n\n\n\n<p>El Ministerio de Salud informa que,&nbsp;<strong>en la \u00faltima semana, se sumaron 95 nuevos casos de dengue en la provincia, 68 importados y 27 aut\u00f3ctonos.<\/strong>&nbsp;Los datos fueron brindados en una nueva reuni\u00f3n del Comit\u00e9 de seguimiento de las enfermedades transmitidas por mosquitos.<\/p>\n\n\n\n<p>De esta manera, en lo que va de la temporada 23\/24, ya se han reportado 260 personas contagiadas de dengue en total, con un aumento sostenido de los casos importados en las \u00faltimas semanas (216). En relaci\u00f3n a estos, m\u00e1s del 60 por ciento corresponden a personas que viajaron o son oriundos de provincias del NEA (63,4%).<\/p>\n\n\n\n<p>En este sentido,&nbsp;es importante recordar que las&nbsp;<strong>personas que viajen o provengan de otros lugares con circulaci\u00f3n, se protejan de las picaduras de mosquitos&nbsp;<\/strong>y si presentan s\u00edntomas compatibles,&nbsp;<strong>consulten inmediatamente<\/strong>; ya sea antes, durante o posterior a su viaje, nunca es recomendable postergar la atenci\u00f3n.&nbsp;<\/p>\n\n\n\n<p>En relaci\u00f3n a los casos aut\u00f3ctonos (44), se presentan de manera aislada en distintas localidades, principalmente dentro del \u00e1rea metropolitana de la provincia. S\u00f3lo un 18,2 por ciento (8) requiri\u00f3 internaci\u00f3n con una evoluci\u00f3n favorable.<\/p>\n\n\n\n<p>Al respecto, la directora de Epidemiolog\u00eda, Ana Willington, manifest\u00f3:&nbsp;<em>\u201cEn este momento epidemiol\u00f3gico&nbsp;donde&nbsp;se presentan casos de dengue,&nbsp;covid y otras patolog\u00edas febriles, es importante la&nbsp;consulta temprana al servicio de salud, a fin&nbsp;de que el m\u00e9dico eval\u00fae el estado cl\u00ednico de&nbsp; cada paciente&nbsp;y decida&nbsp;su diagn\u00f3stico&nbsp;y tratamiento adecuado.\u201d<\/em><\/p>\n\n\n\n<p>En cuanto a&nbsp;<strong>la situaci\u00f3n provincial de chikungunya<\/strong>, se han reportado 3 casos en la temporada, todos con antecedente de viaje a la provincia de Chaco.<\/p>\n\n\n\n<p>Vale mencionar que, ante cada uno de estos casos, el Departamento de Zoonosis de la Direcci\u00f3n de Epidemiolog\u00eda realiza las acciones correspondientes de vigilancia y control vectorial, que se inician a partir de la notificaci\u00f3n de un caso sospechoso o confirmado.<\/p>\n\n\n\n<p>Con respecto a la&nbsp;<strong>situaci\u00f3n nacional de dengue,<\/strong>&nbsp;se evidencia un incremento en las \u00faltimas semanas, con un registro total de 12.511 casos en la temporada, 11.467 aut\u00f3ctonos, 657 en investigaci\u00f3n y 387 importados. El 98,8 por ciento de los casos se reportaron en la regi\u00f3n del NEA, y 12 provincias registraron casos sin antecedentes de viajes.<\/p>\n\n\n\n<h2 class=\"wp-block-heading\"><strong>Consulta temprana y s\u00edntomas<\/strong><\/h2>\n\n\n\n<p>Durante la reuni\u00f3n se remarc\u00f3 una vez m\u00e1s que&nbsp;<strong>es clave que los equipos de los diferentes centros de salud est\u00e9n alertas a la sintomatolog\u00eda, y realicen la notificaci\u00f3n inmediata ante un caso sospechoso.<\/strong><\/p>\n\n\n\n<p>Asimismo, desde la Direcci\u00f3n de Epidemiolog\u00eda, se recuerda&nbsp;<strong>la importancia de la consulta m\u00e9dica oportuna por parte de la poblaci\u00f3n, ante la presencia de fiebre, dolor de cabeza, dolencia detr\u00e1s de los ojos, en las articulaciones y\/o los m\u00fasculos.<\/strong><\/p>\n\n\n\n<p>Tambi\u00e9n es importante profundizar las&nbsp;<a href=\"https:\/\/ministeriodesalud.cba.gov.ar\/recomendaciones-para-evitar-casos-de-dengue-chikungunya-y-zika\/\" target=\"_blank\" rel=\"noreferrer noopener\">medidas de cuidado<\/a>&nbsp;para evitar la proliferaci\u00f3n de mosquitos.<\/p>\n","protected":false},"excerpt":{"rendered":"<p>El Ministerio de Salud informa que,&nbsp;en la \u00faltima semana, se sumaron 95 nuevos casos de dengue en la provincia, 68 importados y 27 aut\u00f3ctonos.&nbsp;Los datos fueron brindados en una nueva reuni\u00f3n del Comit\u00e9 de seguimiento de las enfermedades transmitidas por mosquitos. De esta manera, en lo que va de la temporada 23\/24, ya se han [&hellip;]<\/p>\n","protected":false},"author":4,"featured_media":89099,"comment_status":"open","ping_status":"open","sticky":false,"template":"","format":"standard","meta":{"site-sidebar-layout":"default","site-content-layout":"","ast-site-content-layout":"default","site-content-style":"default","site-sidebar-style":"default","ast-global-header-display":"","ast-banner-title-visibility":"","ast-main-header-display":"","ast-hfb-above-header-display":"","ast-hfb-below-header-display":"","ast-hfb-mobile-header-display":"","site-post-title":"","ast-breadcrumbs-content":"","ast-featured-img":"","footer-sml-layout":"","ast-disable-related-posts":"","theme-transparent-header-meta":"","adv-header-id-meta":"","stick-header-meta":"","header-above-stick-meta":"","header-main-stick-meta":"","header-below-stick-meta":"","astra-migrate-meta-layouts":"set","ast-page-background-enabled":"default","ast-page-background-meta":{"desktop":{"background-color":"","background-image":"","background-repeat":"repeat","background-position":"center center","background-size":"auto","background-attachment":"scroll","background-type":"","background-media":"","overlay-type":"","overlay-color":"","overlay-opacity":"","overlay-gradient":""},"tablet":{"background-color":"","background-image":"","background-repeat":"repeat","background-position":"center center","background-size":"auto","background-attachment":"scroll","background-type":"","background-media":"","overlay-type":"","overlay-color":"","overlay-opacity":"","overlay-gradient":""},"mobile":{"background-color":"","background-image":"","background-repeat":"repeat","background-position":"center center","background-size":"auto","background-attachment":"scroll","background-type":"","background-media":"","overlay-type":"","overlay-color":"","overlay-opacity":"","overlay-gradient":""}},"ast-content-background-meta":{"desktop":{"background-color":"var(--ast-global-color-5)","background-image":"","background-repeat":"repeat","background-position":"center center","background-size":"auto","background-attachment":"scroll","background-type":"","background-media":"","overlay-type":"","overlay-color":"","overlay-opacity":"","overlay-gradient":""},"tablet":{"background-color":"var(--ast-global-color-5)","background-image":"","background-repeat":"repeat","background-position":"center center","background-size":"auto","background-attachment":"scroll","background-type":"","background-media":"","overlay-type":"","overlay-color":"","overlay-opacity":"","overlay-gradient":""},"mobile":{"background-color":"var(--ast-global-color-5)","background-image":"","background-repeat":"repeat","background-position":"center center","background-size":"auto","background-attachment":"scroll","background-type":"","background-media":"","overlay-type":"","overlay-color":"","overlay-opacity":"","overlay-gradient":""}},"_jetpack_memberships_contains_paid_content":false,"_joinchat":[],"footnotes":""},"categories":[15302,16095,5],"tags":[],"class_list":["post-89098","post","type-post","status-publish","format-standard","has-post-thumbnail","hentry","category-destacado","category-provinciales","category-sociedad"],"yoast_head":"<!-- This site is optimized with the Yoast SEO plugin v26.8 - https:\/\/yoast.com\/product\/yoast-seo-wordpress\/ -->\n<title>Dengue: ya se registraron 260 casos en la provincia - El Regional<\/title>\n<meta name=\"robots\" content=\"index, follow, max-snippet:-1, max-image-preview:large, max-video-preview:-1\" \/>\n<link rel=\"canonical\" href=\"https:\/\/elregionalvm.com.ar\/noticias-villa-maria\/dengue-ya-se-registraron-260-casos-en-la-provincia\/\" \/>\n<meta property=\"og:locale\" content=\"es_ES\" \/>\n<meta property=\"og:type\" content=\"article\" \/>\n<meta property=\"og:title\" content=\"Dengue: ya se registraron 260 casos en la provincia - El Regional\" \/>\n<meta property=\"og:description\" content=\"El Ministerio de Salud informa que,&nbsp;en la \u00faltima semana, se sumaron 95 nuevos casos de dengue en la provincia, 68 importados y 27 aut\u00f3ctonos.&nbsp;Los datos fueron brindados en una nueva reuni\u00f3n del Comit\u00e9 de seguimiento de las enfermedades transmitidas por mosquitos. De esta manera, en lo que va de la temporada 23\/24, ya se han [&hellip;]\" \/>\n<meta property=\"og:url\" content=\"https:\/\/elregionalvm.com.ar\/noticias-villa-maria\/dengue-ya-se-registraron-260-casos-en-la-provincia\/\" \/>\n<meta property=\"og:site_name\" content=\"El Regional\" \/>\n<meta property=\"article:publisher\" content=\"https:\/\/www.facebook.com\/elregionalvm\" \/>\n<meta property=\"article:published_time\" content=\"2024-01-26T22:05:26+00:00\" \/>\n<meta property=\"article:modified_time\" content=\"2024-01-26T22:05:28+00:00\" \/>\n<meta property=\"og:image\" content=\"https:\/\/elregionalvm.com.ar\/noticias-villa-maria\/wp-content\/uploads\/2024\/01\/MosquitoDengue-1024x679-1.jpg\" \/>\n\t<meta property=\"og:image:width\" content=\"1024\" \/>\n\t<meta property=\"og:image:height\" content=\"679\" \/>\n\t<meta property=\"og:image:type\" content=\"image\/jpeg\" \/>\n<meta name=\"author\" content=\"Contenidos El Regional\" \/>\n<meta name=\"twitter:card\" content=\"summary_large_image\" \/>\n<meta name=\"twitter:creator\" content=\"@elregionalvm1\" \/>\n<meta name=\"twitter:site\" content=\"@elregionalvm1\" \/>\n<meta name=\"twitter:label1\" content=\"Escrito por\" \/>\n\t<meta name=\"twitter:data1\" content=\"Contenidos El Regional\" \/>\n\t<meta name=\"twitter:label2\" content=\"Tiempo de lectura\" \/>\n\t<meta name=\"twitter:data2\" content=\"3 minutos\" \/>\n<script type=\"application\/ld+json\" class=\"yoast-schema-graph\">{\"@context\":\"https:\/\/schema.org\",\"@graph\":[{\"@type\":\"Article\",\"@id\":\"https:\/\/elregionalvm.com.ar\/noticias-villa-maria\/dengue-ya-se-registraron-260-casos-en-la-provincia\/#article\",\"isPartOf\":{\"@id\":\"https:\/\/elregionalvm.com.ar\/noticias-villa-maria\/dengue-ya-se-registraron-260-casos-en-la-provincia\/\"},\"author\":{\"name\":\"Contenidos El Regional\",\"@id\":\"http:\/\/elregionalvm.com.ar\/noticias-villa-maria\/#\/schema\/person\/a0fb9c422317faca23d50163151bc354\"},\"headline\":\"Dengue: ya se registraron 260 casos en la provincia\",\"datePublished\":\"2024-01-26T22:05:26+00:00\",\"dateModified\":\"2024-01-26T22:05:28+00:00\",\"mainEntityOfPage\":{\"@id\":\"https:\/\/elregionalvm.com.ar\/noticias-villa-maria\/dengue-ya-se-registraron-260-casos-en-la-provincia\/\"},\"wordCount\":551,\"commentCount\":0,\"image\":{\"@id\":\"https:\/\/elregionalvm.com.ar\/noticias-villa-maria\/dengue-ya-se-registraron-260-casos-en-la-provincia\/#primaryimage\"},\"thumbnailUrl\":\"https:\/\/i0.wp.com\/elregionalvm.com.ar\/noticias-villa-maria\/wp-content\/uploads\/2024\/01\/MosquitoDengue-1024x679-1.jpg?fit=1024%2C679&ssl=1\",\"articleSection\":[\"destacado\",\"Provinciales\",\"Sociedad\"],\"inLanguage\":\"es\",\"potentialAction\":[{\"@type\":\"CommentAction\",\"name\":\"Comment\",\"target\":[\"https:\/\/elregionalvm.com.ar\/noticias-villa-maria\/dengue-ya-se-registraron-260-casos-en-la-provincia\/#respond\"]}]},{\"@type\":\"WebPage\",\"@id\":\"https:\/\/elregionalvm.com.ar\/noticias-villa-maria\/dengue-ya-se-registraron-260-casos-en-la-provincia\/\",\"url\":\"https:\/\/elregionalvm.com.ar\/noticias-villa-maria\/dengue-ya-se-registraron-260-casos-en-la-provincia\/\",\"name\":\"Dengue: ya se registraron 260 casos en la provincia - El Regional\",\"isPartOf\":{\"@id\":\"http:\/\/elregionalvm.com.ar\/noticias-villa-maria\/#website\"},\"primaryImageOfPage\":{\"@id\":\"https:\/\/elregionalvm.com.ar\/noticias-villa-maria\/dengue-ya-se-registraron-260-casos-en-la-provincia\/#primaryimage\"},\"image\":{\"@id\":\"https:\/\/elregionalvm.com.ar\/noticias-villa-maria\/dengue-ya-se-registraron-260-casos-en-la-provincia\/#primaryimage\"},\"thumbnailUrl\":\"https:\/\/i0.wp.com\/elregionalvm.com.ar\/noticias-villa-maria\/wp-content\/uploads\/2024\/01\/MosquitoDengue-1024x679-1.jpg?fit=1024%2C679&ssl=1\",\"datePublished\":\"2024-01-26T22:05:26+00:00\",\"dateModified\":\"2024-01-26T22:05:28+00:00\",\"author\":{\"@id\":\"http:\/\/elregionalvm.com.ar\/noticias-villa-maria\/#\/schema\/person\/a0fb9c422317faca23d50163151bc354\"},\"breadcrumb\":{\"@id\":\"https:\/\/elregionalvm.com.ar\/noticias-villa-maria\/dengue-ya-se-registraron-260-casos-en-la-provincia\/#breadcrumb\"},\"inLanguage\":\"es\",\"potentialAction\":[{\"@type\":\"ReadAction\",\"target\":[\"https:\/\/elregionalvm.com.ar\/noticias-villa-maria\/dengue-ya-se-registraron-260-casos-en-la-provincia\/\"]}]},{\"@type\":\"ImageObject\",\"inLanguage\":\"es\",\"@id\":\"https:\/\/elregionalvm.com.ar\/noticias-villa-maria\/dengue-ya-se-registraron-260-casos-en-la-provincia\/#primaryimage\",\"url\":\"https:\/\/i0.wp.com\/elregionalvm.com.ar\/noticias-villa-maria\/wp-content\/uploads\/2024\/01\/MosquitoDengue-1024x679-1.jpg?fit=1024%2C679&ssl=1\",\"contentUrl\":\"https:\/\/i0.wp.com\/elregionalvm.com.ar\/noticias-villa-maria\/wp-content\/uploads\/2024\/01\/MosquitoDengue-1024x679-1.jpg?fit=1024%2C679&ssl=1\",\"width\":1024,\"height\":679},{\"@type\":\"BreadcrumbList\",\"@id\":\"https:\/\/elregionalvm.com.ar\/noticias-villa-maria\/dengue-ya-se-registraron-260-casos-en-la-provincia\/#breadcrumb\",\"itemListElement\":[{\"@type\":\"ListItem\",\"position\":1,\"name\":\"Portada\",\"item\":\"https:\/\/elregionalvm.com.ar\/noticias-villa-maria\/\"},{\"@type\":\"ListItem\",\"position\":2,\"name\":\"Dengue: ya se registraron 260 casos en la provincia\"}]},{\"@type\":\"WebSite\",\"@id\":\"http:\/\/elregionalvm.com.ar\/noticias-villa-maria\/#website\",\"url\":\"http:\/\/elregionalvm.com.ar\/noticias-villa-maria\/\",\"name\":\"El Regional\",\"description\":\"Mucho m\u00e1s que informaci\u00f3n\",\"potentialAction\":[{\"@type\":\"SearchAction\",\"target\":{\"@type\":\"EntryPoint\",\"urlTemplate\":\"http:\/\/elregionalvm.com.ar\/noticias-villa-maria\/?s={search_term_string}\"},\"query-input\":{\"@type\":\"PropertyValueSpecification\",\"valueRequired\":true,\"valueName\":\"search_term_string\"}}],\"inLanguage\":\"es\"},{\"@type\":\"Person\",\"@id\":\"http:\/\/elregionalvm.com.ar\/noticias-villa-maria\/#\/schema\/person\/a0fb9c422317faca23d50163151bc354\",\"name\":\"Contenidos El Regional\",\"image\":{\"@type\":\"ImageObject\",\"inLanguage\":\"es\",\"@id\":\"http:\/\/elregionalvm.com.ar\/noticias-villa-maria\/#\/schema\/person\/image\/\",\"url\":\"https:\/\/secure.gravatar.com\/avatar\/265b27cb2209af7bb3a1318f03305787d7981a5cc6e6cd08fe5a4ecdf99d4b48?s=96&d=mm&r=g\",\"contentUrl\":\"https:\/\/secure.gravatar.com\/avatar\/265b27cb2209af7bb3a1318f03305787d7981a5cc6e6cd08fe5a4ecdf99d4b48?s=96&d=mm&r=g\",\"caption\":\"Contenidos El Regional\"},\"url\":\"https:\/\/elregionalvm.com.ar\/noticias-villa-maria\/author\/contenido\/\"}]}<\/script>\n<!-- \/ Yoast SEO plugin. -->","yoast_head_json":{"title":"Dengue: ya se registraron 260 casos en la provincia - El Regional","robots":{"index":"index","follow":"follow","max-snippet":"max-snippet:-1","max-image-preview":"max-image-preview:large","max-video-preview":"max-video-preview:-1"},"canonical":"https:\/\/elregionalvm.com.ar\/noticias-villa-maria\/dengue-ya-se-registraron-260-casos-en-la-provincia\/","og_locale":"es_ES","og_type":"article","og_title":"Dengue: ya se registraron 260 casos en la provincia - El Regional","og_description":"El Ministerio de Salud informa que,&nbsp;en la \u00faltima semana, se sumaron 95 nuevos casos de dengue en la provincia, 68 importados y 27 aut\u00f3ctonos.&nbsp;Los datos fueron brindados en una nueva reuni\u00f3n del Comit\u00e9 de seguimiento de las enfermedades transmitidas por mosquitos. De esta manera, en lo que va de la temporada 23\/24, ya se han [&hellip;]","og_url":"https:\/\/elregionalvm.com.ar\/noticias-villa-maria\/dengue-ya-se-registraron-260-casos-en-la-provincia\/","og_site_name":"El Regional","article_publisher":"https:\/\/www.facebook.com\/elregionalvm","article_published_time":"2024-01-26T22:05:26+00:00","article_modified_time":"2024-01-26T22:05:28+00:00","og_image":[{"width":1024,"height":679,"url":"https:\/\/elregionalvm.com.ar\/noticias-villa-maria\/wp-content\/uploads\/2024\/01\/MosquitoDengue-1024x679-1.jpg","type":"image\/jpeg"}],"author":"Contenidos El Regional","twitter_card":"summary_large_image","twitter_creator":"@elregionalvm1","twitter_site":"@elregionalvm1","twitter_misc":{"Escrito por":"Contenidos El Regional","Tiempo de lectura":"3 minutos"},"schema":{"@context":"https:\/\/schema.org","@graph":[{"@type":"Article","@id":"https:\/\/elregionalvm.com.ar\/noticias-villa-maria\/dengue-ya-se-registraron-260-casos-en-la-provincia\/#article","isPartOf":{"@id":"https:\/\/elregionalvm.com.ar\/noticias-villa-maria\/dengue-ya-se-registraron-260-casos-en-la-provincia\/"},"author":{"name":"Contenidos El Regional","@id":"http:\/\/elregionalvm.com.ar\/noticias-villa-maria\/#\/schema\/person\/a0fb9c422317faca23d50163151bc354"},"headline":"Dengue: ya se registraron 260 casos en la provincia","datePublished":"2024-01-26T22:05:26+00:00","dateModified":"2024-01-26T22:05:28+00:00","mainEntityOfPage":{"@id":"https:\/\/elregionalvm.com.ar\/noticias-villa-maria\/dengue-ya-se-registraron-260-casos-en-la-provincia\/"},"wordCount":551,"commentCount":0,"image":{"@id":"https:\/\/elregionalvm.com.ar\/noticias-villa-maria\/dengue-ya-se-registraron-260-casos-en-la-provincia\/#primaryimage"},"thumbnailUrl":"https:\/\/i0.wp.com\/elregionalvm.com.ar\/noticias-villa-maria\/wp-content\/uploads\/2024\/01\/MosquitoDengue-1024x679-1.jpg?fit=1024%2C679&ssl=1","articleSection":["destacado","Provinciales","Sociedad"],"inLanguage":"es","potentialAction":[{"@type":"CommentAction","name":"Comment","target":["https:\/\/elregionalvm.com.ar\/noticias-villa-maria\/dengue-ya-se-registraron-260-casos-en-la-provincia\/#respond"]}]},{"@type":"WebPage","@id":"https:\/\/elregionalvm.com.ar\/noticias-villa-maria\/dengue-ya-se-registraron-260-casos-en-la-provincia\/","url":"https:\/\/elregionalvm.com.ar\/noticias-villa-maria\/dengue-ya-se-registraron-260-casos-en-la-provincia\/","name":"Dengue: ya se registraron 260 casos en la provincia - El Regional","isPartOf":{"@id":"http:\/\/elregionalvm.com.ar\/noticias-villa-maria\/#website"},"primaryImageOfPage":{"@id":"https:\/\/elregionalvm.com.ar\/noticias-villa-maria\/dengue-ya-se-registraron-260-casos-en-la-provincia\/#primaryimage"},"image":{"@id":"https:\/\/elregionalvm.com.ar\/noticias-villa-maria\/dengue-ya-se-registraron-260-casos-en-la-provincia\/#primaryimage"},"thumbnailUrl":"https:\/\/i0.wp.com\/elregionalvm.com.ar\/noticias-villa-maria\/wp-content\/uploads\/2024\/01\/MosquitoDengue-1024x679-1.jpg?fit=1024%2C679&ssl=1","datePublished":"2024-01-26T22:05:26+00:00","dateModified":"2024-01-26T22:05:28+00:00","author":{"@id":"http:\/\/elregionalvm.com.ar\/noticias-villa-maria\/#\/schema\/person\/a0fb9c422317faca23d50163151bc354"},"breadcrumb":{"@id":"https:\/\/elregionalvm.com.ar\/noticias-villa-maria\/dengue-ya-se-registraron-260-casos-en-la-provincia\/#breadcrumb"},"inLanguage":"es","potentialAction":[{"@type":"ReadAction","target":["https:\/\/elregionalvm.com.ar\/noticias-villa-maria\/dengue-ya-se-registraron-260-casos-en-la-provincia\/"]}]},{"@type":"ImageObject","inLanguage":"es","@id":"https:\/\/elregionalvm.com.ar\/noticias-villa-maria\/dengue-ya-se-registraron-260-casos-en-la-provincia\/#primaryimage","url":"https:\/\/i0.wp.com\/elregionalvm.com.ar\/noticias-villa-maria\/wp-content\/uploads\/2024\/01\/MosquitoDengue-1024x679-1.jpg?fit=1024%2C679&ssl=1","contentUrl":"https:\/\/i0.wp.com\/elregionalvm.com.ar\/noticias-villa-maria\/wp-content\/uploads\/2024\/01\/MosquitoDengue-1024x679-1.jpg?fit=1024%2C679&ssl=1","width":1024,"height":679},{"@type":"BreadcrumbList","@id":"https:\/\/elregionalvm.com.ar\/noticias-villa-maria\/dengue-ya-se-registraron-260-casos-en-la-provincia\/#breadcrumb","itemListElement":[{"@type":"ListItem","position":1,"name":"Portada","item":"https:\/\/elregionalvm.com.ar\/noticias-villa-maria\/"},{"@type":"ListItem","position":2,"name":"Dengue: ya se registraron 260 casos en la provincia"}]},{"@type":"WebSite","@id":"http:\/\/elregionalvm.com.ar\/noticias-villa-maria\/#website","url":"http:\/\/elregionalvm.com.ar\/noticias-villa-maria\/","name":"El Regional","description":"Mucho m\u00e1s que informaci\u00f3n","potentialAction":[{"@type":"SearchAction","target":{"@type":"EntryPoint","urlTemplate":"http:\/\/elregionalvm.com.ar\/noticias-villa-maria\/?s={search_term_string}"},"query-input":{"@type":"PropertyValueSpecification","valueRequired":true,"valueName":"search_term_string"}}],"inLanguage":"es"},{"@type":"Person","@id":"http:\/\/elregionalvm.com.ar\/noticias-villa-maria\/#\/schema\/person\/a0fb9c422317faca23d50163151bc354","name":"Contenidos El Regional","image":{"@type":"ImageObject","inLanguage":"es","@id":"http:\/\/elregionalvm.com.ar\/noticias-villa-maria\/#\/schema\/person\/image\/","url":"https:\/\/secure.gravatar.com\/avatar\/265b27cb2209af7bb3a1318f03305787d7981a5cc6e6cd08fe5a4ecdf99d4b48?s=96&d=mm&r=g","contentUrl":"https:\/\/secure.gravatar.com\/avatar\/265b27cb2209af7bb3a1318f03305787d7981a5cc6e6cd08fe5a4ecdf99d4b48?s=96&d=mm&r=g","caption":"Contenidos El Regional"},"url":"https:\/\/elregionalvm.com.ar\/noticias-villa-maria\/author\/contenido\/"}]}},"jetpack_featured_media_url":"https:\/\/i0.wp.com\/elregionalvm.com.ar\/noticias-villa-maria\/wp-content\/uploads\/2024\/01\/MosquitoDengue-1024x679-1.jpg?fit=1024%2C679&ssl=1","jetpack_sharing_enabled":true,"_links":{"self":[{"href":"https:\/\/elregionalvm.com.ar\/noticias-villa-maria\/wp-json\/wp\/v2\/posts\/89098","targetHints":{"allow":["GET"]}}],"collection":[{"href":"https:\/\/elregionalvm.com.ar\/noticias-villa-maria\/wp-json\/wp\/v2\/posts"}],"about":[{"href":"https:\/\/elregionalvm.com.ar\/noticias-villa-maria\/wp-json\/wp\/v2\/types\/post"}],"author":[{"embeddable":true,"href":"https:\/\/elregionalvm.com.ar\/noticias-villa-maria\/wp-json\/wp\/v2\/users\/4"}],"replies":[{"embeddable":true,"href":"https:\/\/elregionalvm.com.ar\/noticias-villa-maria\/wp-json\/wp\/v2\/comments?post=89098"}],"version-history":[{"count":1,"href":"https:\/\/elregionalvm.com.ar\/noticias-villa-maria\/wp-json\/wp\/v2\/posts\/89098\/revisions"}],"predecessor-version":[{"id":89100,"href":"https:\/\/elregionalvm.com.ar\/noticias-villa-maria\/wp-json\/wp\/v2\/posts\/89098\/revisions\/89100"}],"wp:featuredmedia":[{"embeddable":true,"href":"https:\/\/elregionalvm.com.ar\/noticias-villa-maria\/wp-json\/wp\/v2\/media\/89099"}],"wp:attachment":[{"href":"https:\/\/elregionalvm.com.ar\/noticias-villa-maria\/wp-json\/wp\/v2\/media?parent=89098"}],"wp:term":[{"taxonomy":"category","embeddable":true,"href":"https:\/\/elregionalvm.com.ar\/noticias-villa-maria\/wp-json\/wp\/v2\/categories?post=89098"},{"taxonomy":"post_tag","embeddable":true,"href":"https:\/\/elregionalvm.com.ar\/noticias-villa-maria\/wp-json\/wp\/v2\/tags?post=89098"}],"curies":[{"name":"wp","href":"https:\/\/api.w.org\/{rel}","templated":true}]}}