{"id":89101,"date":"2024-01-26T22:09:04","date_gmt":"2024-01-26T22:09:04","guid":{"rendered":"https:\/\/elregionalvm.com.ar\/noticias-villa-maria\/?p=89101"},"modified":"2024-01-26T22:09:05","modified_gmt":"2024-01-26T22:09:05","slug":"uepc-rechazo-la-propuesta-salarial-que-el-gobierno-le-presento","status":"publish","type":"post","link":"https:\/\/elregionalvm.com.ar\/noticias-villa-maria\/uepc-rechazo-la-propuesta-salarial-que-el-gobierno-le-presento\/","title":{"rendered":"UEPC rechaz\u00f3 la propuesta salarial que el Gobierno le present\u00f3"},"content":{"rendered":"\n<p>En el marco de la audiencia entre autoridades del Gobierno de C\u00f3rdoba y representantes de UEPC, convocada para este viernes por la Secretar\u00eda de Trabajo, la Provincia ratific\u00f3 que no cumplir\u00e1 el acta acuerdo salarial 2023 e inform\u00f3 que pretende aplicar un aumento del 14.6% para el mes de enero y un porcentaje equivalente al 50% respecto del mes anterior del \u00edndice que publica el IPC C\u00f3rdoba para los meses de febrero y marzo, que podr\u00e1 ser distribuida conforme particularidades del escalaf\u00f3n docente.<\/p>\n\n\n\n<p>Desde UEPC rechazamos dicho ofrecimiento y exigimos que se cumpla el acta acuerdo salarial 2023 en todos sus t\u00e9rminos, es decir, con la actualizaci\u00f3n autom\u00e1tica por inflaci\u00f3n. <\/p>\n\n\n\n<figure class=\"wp-block-image size-large\"><img data-recalc-dims=\"1\" fetchpriority=\"high\" decoding=\"async\" width=\"1024\" height=\"576\" src=\"https:\/\/i0.wp.com\/elregionalvm.com.ar\/noticias-villa-maria\/wp-content\/uploads\/2024\/01\/3146-1454-260124-whatsapp-image-2024-01-26-at-1453271.jpeg?resize=1024%2C576&#038;ssl=1\" alt=\"\" class=\"wp-image-89102\" srcset=\"https:\/\/i0.wp.com\/elregionalvm.com.ar\/noticias-villa-maria\/wp-content\/uploads\/2024\/01\/3146-1454-260124-whatsapp-image-2024-01-26-at-1453271.jpeg?resize=1024%2C576&amp;ssl=1 1024w, https:\/\/i0.wp.com\/elregionalvm.com.ar\/noticias-villa-maria\/wp-content\/uploads\/2024\/01\/3146-1454-260124-whatsapp-image-2024-01-26-at-1453271.jpeg?resize=300%2C169&amp;ssl=1 300w, https:\/\/i0.wp.com\/elregionalvm.com.ar\/noticias-villa-maria\/wp-content\/uploads\/2024\/01\/3146-1454-260124-whatsapp-image-2024-01-26-at-1453271.jpeg?resize=768%2C432&amp;ssl=1 768w, https:\/\/i0.wp.com\/elregionalvm.com.ar\/noticias-villa-maria\/wp-content\/uploads\/2024\/01\/3146-1454-260124-whatsapp-image-2024-01-26-at-1453271.jpeg?w=1280&amp;ssl=1 1280w\" sizes=\"(max-width: 1000px) 100vw, 1000px\" \/><\/figure>\n\n\n\n<p>Al mismo tiempo, reclamamos que la discusi\u00f3n paritaria para este 2024 inicie a partir de febrero como establece el acta antes mencionada.<\/p>\n\n\n\n<p>Por este motivo, el lunes 29 de enero realizaremos un plenario de secretarias y secretarios generales para analizar y debatir las medidas y acciones gremiales a seguir en los pr\u00f3ximos d\u00edas.<\/p>\n","protected":false},"excerpt":{"rendered":"<p>En el marco de la audiencia entre autoridades del Gobierno de C\u00f3rdoba y representantes de UEPC, convocada para este viernes por la Secretar\u00eda de Trabajo, la Provincia ratific\u00f3 que no cumplir\u00e1 el acta acuerdo salarial 2023 e inform\u00f3 que pretende aplicar un aumento del 14.6% para el mes de enero y un porcentaje equivalente al [&hellip;]<\/p>\n","protected":false},"author":4,"featured_media":89103,"comment_status":"open","ping_status":"open","sticky":false,"template":"","format":"standard","meta":{"site-sidebar-layout":"default","site-content-layout":"","ast-site-content-layout":"default","site-content-style":"default","site-sidebar-style":"default","ast-global-header-display":"","ast-banner-title-visibility":"","ast-main-header-display":"","ast-hfb-above-header-display":"","ast-hfb-below-header-display":"","ast-hfb-mobile-header-display":"","site-post-title":"","ast-breadcrumbs-content":"","ast-featured-img":"","footer-sml-layout":"","ast-disable-related-posts":"","theme-transparent-header-meta":"","adv-header-id-meta":"","stick-header-meta":"","header-above-stick-meta":"","header-main-stick-meta":"","header-below-stick-meta":"","astra-migrate-meta-layouts":"set","ast-page-background-enabled":"default","ast-page-background-meta":{"desktop":{"background-color":"","background-image":"","background-repeat":"repeat","background-position":"center center","background-size":"auto","background-attachment":"scroll","background-type":"","background-media":"","overlay-type":"","overlay-color":"","overlay-opacity":"","overlay-gradient":""},"tablet":{"background-color":"","background-image":"","background-repeat":"repeat","background-position":"center center","background-size":"auto","background-attachment":"scroll","background-type":"","background-media":"","overlay-type":"","overlay-color":"","overlay-opacity":"","overlay-gradient":""},"mobile":{"background-color":"","background-image":"","background-repeat":"repeat","background-position":"center center","background-size":"auto","background-attachment":"scroll","background-type":"","background-media":"","overlay-type":"","overlay-color":"","overlay-opacity":"","overlay-gradient":""}},"ast-content-background-meta":{"desktop":{"background-color":"var(--ast-global-color-5)","background-image":"","background-repeat":"repeat","background-position":"center center","background-size":"auto","background-attachment":"scroll","background-type":"","background-media":"","overlay-type":"","overlay-color":"","overlay-opacity":"","overlay-gradient":""},"tablet":{"background-color":"var(--ast-global-color-5)","background-image":"","background-repeat":"repeat","background-position":"center center","background-size":"auto","background-attachment":"scroll","background-type":"","background-media":"","overlay-type":"","overlay-color":"","overlay-opacity":"","overlay-gradient":""},"mobile":{"background-color":"var(--ast-global-color-5)","background-image":"","background-repeat":"repeat","background-position":"center center","background-size":"auto","background-attachment":"scroll","background-type":"","background-media":"","overlay-type":"","overlay-color":"","overlay-opacity":"","overlay-gradient":""}},"_jetpack_memberships_contains_paid_content":false,"_joinchat":[],"footnotes":""},"categories":[15302,5,2],"tags":[],"class_list":["post-89101","post","type-post","status-publish","format-standard","has-post-thumbnail","hentry","category-destacado","category-sociedad","category-villa-maria"],"yoast_head":"<!-- This site is optimized with the Yoast SEO plugin v26.8 - https:\/\/yoast.com\/product\/yoast-seo-wordpress\/ -->\n<title>UEPC rechaz\u00f3 la propuesta salarial que el Gobierno le present\u00f3 - El Regional<\/title>\n<meta name=\"robots\" content=\"index, follow, max-snippet:-1, max-image-preview:large, max-video-preview:-1\" \/>\n<link rel=\"canonical\" href=\"https:\/\/elregionalvm.com.ar\/noticias-villa-maria\/uepc-rechazo-la-propuesta-salarial-que-el-gobierno-le-presento\/\" \/>\n<meta property=\"og:locale\" content=\"es_ES\" \/>\n<meta property=\"og:type\" content=\"article\" \/>\n<meta property=\"og:title\" content=\"UEPC rechaz\u00f3 la propuesta salarial que el Gobierno le present\u00f3 - El Regional\" \/>\n<meta property=\"og:description\" content=\"En el marco de la audiencia entre autoridades del Gobierno de C\u00f3rdoba y representantes de UEPC, convocada para este viernes por la Secretar\u00eda de Trabajo, la Provincia ratific\u00f3 que no cumplir\u00e1 el acta acuerdo salarial 2023 e inform\u00f3 que pretende aplicar un aumento del 14.6% para el mes de enero y un porcentaje equivalente al [&hellip;]\" \/>\n<meta property=\"og:url\" content=\"https:\/\/elregionalvm.com.ar\/noticias-villa-maria\/uepc-rechazo-la-propuesta-salarial-que-el-gobierno-le-presento\/\" \/>\n<meta property=\"og:site_name\" content=\"El Regional\" \/>\n<meta property=\"article:publisher\" content=\"https:\/\/www.facebook.com\/elregionalvm\" \/>\n<meta property=\"article:published_time\" content=\"2024-01-26T22:09:04+00:00\" \/>\n<meta property=\"article:modified_time\" content=\"2024-01-26T22:09:05+00:00\" \/>\n<meta property=\"og:image\" content=\"https:\/\/elregionalvm.com.ar\/noticias-villa-maria\/wp-content\/uploads\/2024\/01\/3146-1454-260124-whatsapp-image-2024-01-26-at-145328.jpeg\" \/>\n\t<meta property=\"og:image:width\" content=\"1280\" \/>\n\t<meta property=\"og:image:height\" content=\"720\" \/>\n\t<meta property=\"og:image:type\" content=\"image\/jpeg\" \/>\n<meta name=\"author\" content=\"Contenidos El Regional\" \/>\n<meta name=\"twitter:card\" content=\"summary_large_image\" \/>\n<meta name=\"twitter:creator\" content=\"@elregionalvm1\" \/>\n<meta name=\"twitter:site\" content=\"@elregionalvm1\" \/>\n<meta name=\"twitter:label1\" content=\"Escrito por\" \/>\n\t<meta name=\"twitter:data1\" content=\"Contenidos El Regional\" \/>\n\t<meta name=\"twitter:label2\" content=\"Tiempo de lectura\" \/>\n\t<meta name=\"twitter:data2\" content=\"1 minuto\" \/>\n<script type=\"application\/ld+json\" class=\"yoast-schema-graph\">{\"@context\":\"https:\/\/schema.org\",\"@graph\":[{\"@type\":\"Article\",\"@id\":\"https:\/\/elregionalvm.com.ar\/noticias-villa-maria\/uepc-rechazo-la-propuesta-salarial-que-el-gobierno-le-presento\/#article\",\"isPartOf\":{\"@id\":\"https:\/\/elregionalvm.com.ar\/noticias-villa-maria\/uepc-rechazo-la-propuesta-salarial-que-el-gobierno-le-presento\/\"},\"author\":{\"name\":\"Contenidos El Regional\",\"@id\":\"http:\/\/elregionalvm.com.ar\/noticias-villa-maria\/#\/schema\/person\/a0fb9c422317faca23d50163151bc354\"},\"headline\":\"UEPC rechaz\u00f3 la propuesta salarial que el Gobierno le present\u00f3\",\"datePublished\":\"2024-01-26T22:09:04+00:00\",\"dateModified\":\"2024-01-26T22:09:05+00:00\",\"mainEntityOfPage\":{\"@id\":\"https:\/\/elregionalvm.com.ar\/noticias-villa-maria\/uepc-rechazo-la-propuesta-salarial-que-el-gobierno-le-presento\/\"},\"wordCount\":178,\"commentCount\":0,\"image\":{\"@id\":\"https:\/\/elregionalvm.com.ar\/noticias-villa-maria\/uepc-rechazo-la-propuesta-salarial-que-el-gobierno-le-presento\/#primaryimage\"},\"thumbnailUrl\":\"https:\/\/i0.wp.com\/elregionalvm.com.ar\/noticias-villa-maria\/wp-content\/uploads\/2024\/01\/3146-1454-260124-whatsapp-image-2024-01-26-at-145328.jpeg?fit=1280%2C720&ssl=1\",\"articleSection\":[\"destacado\",\"Sociedad\",\"Villa Mar\u00eda\"],\"inLanguage\":\"es\",\"potentialAction\":[{\"@type\":\"CommentAction\",\"name\":\"Comment\",\"target\":[\"https:\/\/elregionalvm.com.ar\/noticias-villa-maria\/uepc-rechazo-la-propuesta-salarial-que-el-gobierno-le-presento\/#respond\"]}]},{\"@type\":\"WebPage\",\"@id\":\"https:\/\/elregionalvm.com.ar\/noticias-villa-maria\/uepc-rechazo-la-propuesta-salarial-que-el-gobierno-le-presento\/\",\"url\":\"https:\/\/elregionalvm.com.ar\/noticias-villa-maria\/uepc-rechazo-la-propuesta-salarial-que-el-gobierno-le-presento\/\",\"name\":\"UEPC rechaz\u00f3 la propuesta salarial que el Gobierno le present\u00f3 - El Regional\",\"isPartOf\":{\"@id\":\"http:\/\/elregionalvm.com.ar\/noticias-villa-maria\/#website\"},\"primaryImageOfPage\":{\"@id\":\"https:\/\/elregionalvm.com.ar\/noticias-villa-maria\/uepc-rechazo-la-propuesta-salarial-que-el-gobierno-le-presento\/#primaryimage\"},\"image\":{\"@id\":\"https:\/\/elregionalvm.com.ar\/noticias-villa-maria\/uepc-rechazo-la-propuesta-salarial-que-el-gobierno-le-presento\/#primaryimage\"},\"thumbnailUrl\":\"https:\/\/i0.wp.com\/elregionalvm.com.ar\/noticias-villa-maria\/wp-content\/uploads\/2024\/01\/3146-1454-260124-whatsapp-image-2024-01-26-at-145328.jpeg?fit=1280%2C720&ssl=1\",\"datePublished\":\"2024-01-26T22:09:04+00:00\",\"dateModified\":\"2024-01-26T22:09:05+00:00\",\"author\":{\"@id\":\"http:\/\/elregionalvm.com.ar\/noticias-villa-maria\/#\/schema\/person\/a0fb9c422317faca23d50163151bc354\"},\"breadcrumb\":{\"@id\":\"https:\/\/elregionalvm.com.ar\/noticias-villa-maria\/uepc-rechazo-la-propuesta-salarial-que-el-gobierno-le-presento\/#breadcrumb\"},\"inLanguage\":\"es\",\"potentialAction\":[{\"@type\":\"ReadAction\",\"target\":[\"https:\/\/elregionalvm.com.ar\/noticias-villa-maria\/uepc-rechazo-la-propuesta-salarial-que-el-gobierno-le-presento\/\"]}]},{\"@type\":\"ImageObject\",\"inLanguage\":\"es\",\"@id\":\"https:\/\/elregionalvm.com.ar\/noticias-villa-maria\/uepc-rechazo-la-propuesta-salarial-que-el-gobierno-le-presento\/#primaryimage\",\"url\":\"https:\/\/i0.wp.com\/elregionalvm.com.ar\/noticias-villa-maria\/wp-content\/uploads\/2024\/01\/3146-1454-260124-whatsapp-image-2024-01-26-at-145328.jpeg?fit=1280%2C720&ssl=1\",\"contentUrl\":\"https:\/\/i0.wp.com\/elregionalvm.com.ar\/noticias-villa-maria\/wp-content\/uploads\/2024\/01\/3146-1454-260124-whatsapp-image-2024-01-26-at-145328.jpeg?fit=1280%2C720&ssl=1\",\"width\":1280,\"height\":720},{\"@type\":\"BreadcrumbList\",\"@id\":\"https:\/\/elregionalvm.com.ar\/noticias-villa-maria\/uepc-rechazo-la-propuesta-salarial-que-el-gobierno-le-presento\/#breadcrumb\",\"itemListElement\":[{\"@type\":\"ListItem\",\"position\":1,\"name\":\"Portada\",\"item\":\"https:\/\/elregionalvm.com.ar\/noticias-villa-maria\/\"},{\"@type\":\"ListItem\",\"position\":2,\"name\":\"UEPC rechaz\u00f3 la propuesta salarial que el Gobierno le present\u00f3\"}]},{\"@type\":\"WebSite\",\"@id\":\"http:\/\/elregionalvm.com.ar\/noticias-villa-maria\/#website\",\"url\":\"http:\/\/elregionalvm.com.ar\/noticias-villa-maria\/\",\"name\":\"El Regional\",\"description\":\"Mucho m\u00e1s que informaci\u00f3n\",\"potentialAction\":[{\"@type\":\"SearchAction\",\"target\":{\"@type\":\"EntryPoint\",\"urlTemplate\":\"http:\/\/elregionalvm.com.ar\/noticias-villa-maria\/?s={search_term_string}\"},\"query-input\":{\"@type\":\"PropertyValueSpecification\",\"valueRequired\":true,\"valueName\":\"search_term_string\"}}],\"inLanguage\":\"es\"},{\"@type\":\"Person\",\"@id\":\"http:\/\/elregionalvm.com.ar\/noticias-villa-maria\/#\/schema\/person\/a0fb9c422317faca23d50163151bc354\",\"name\":\"Contenidos El Regional\",\"image\":{\"@type\":\"ImageObject\",\"inLanguage\":\"es\",\"@id\":\"http:\/\/elregionalvm.com.ar\/noticias-villa-maria\/#\/schema\/person\/image\/\",\"url\":\"https:\/\/secure.gravatar.com\/avatar\/265b27cb2209af7bb3a1318f03305787d7981a5cc6e6cd08fe5a4ecdf99d4b48?s=96&d=mm&r=g\",\"contentUrl\":\"https:\/\/secure.gravatar.com\/avatar\/265b27cb2209af7bb3a1318f03305787d7981a5cc6e6cd08fe5a4ecdf99d4b48?s=96&d=mm&r=g\",\"caption\":\"Contenidos El Regional\"},\"url\":\"https:\/\/elregionalvm.com.ar\/noticias-villa-maria\/author\/contenido\/\"}]}<\/script>\n<!-- \/ Yoast SEO plugin. -->","yoast_head_json":{"title":"UEPC rechaz\u00f3 la propuesta salarial que el Gobierno le present\u00f3 - El Regional","robots":{"index":"index","follow":"follow","max-snippet":"max-snippet:-1","max-image-preview":"max-image-preview:large","max-video-preview":"max-video-preview:-1"},"canonical":"https:\/\/elregionalvm.com.ar\/noticias-villa-maria\/uepc-rechazo-la-propuesta-salarial-que-el-gobierno-le-presento\/","og_locale":"es_ES","og_type":"article","og_title":"UEPC rechaz\u00f3 la propuesta salarial que el Gobierno le present\u00f3 - El Regional","og_description":"En el marco de la audiencia entre autoridades del Gobierno de C\u00f3rdoba y representantes de UEPC, convocada para este viernes por la Secretar\u00eda de Trabajo, la Provincia ratific\u00f3 que no cumplir\u00e1 el acta acuerdo salarial 2023 e inform\u00f3 que pretende aplicar un aumento del 14.6% para el mes de enero y un porcentaje equivalente al [&hellip;]","og_url":"https:\/\/elregionalvm.com.ar\/noticias-villa-maria\/uepc-rechazo-la-propuesta-salarial-que-el-gobierno-le-presento\/","og_site_name":"El Regional","article_publisher":"https:\/\/www.facebook.com\/elregionalvm","article_published_time":"2024-01-26T22:09:04+00:00","article_modified_time":"2024-01-26T22:09:05+00:00","og_image":[{"width":1280,"height":720,"url":"https:\/\/elregionalvm.com.ar\/noticias-villa-maria\/wp-content\/uploads\/2024\/01\/3146-1454-260124-whatsapp-image-2024-01-26-at-145328.jpeg","type":"image\/jpeg"}],"author":"Contenidos El Regional","twitter_card":"summary_large_image","twitter_creator":"@elregionalvm1","twitter_site":"@elregionalvm1","twitter_misc":{"Escrito por":"Contenidos El Regional","Tiempo de lectura":"1 minuto"},"schema":{"@context":"https:\/\/schema.org","@graph":[{"@type":"Article","@id":"https:\/\/elregionalvm.com.ar\/noticias-villa-maria\/uepc-rechazo-la-propuesta-salarial-que-el-gobierno-le-presento\/#article","isPartOf":{"@id":"https:\/\/elregionalvm.com.ar\/noticias-villa-maria\/uepc-rechazo-la-propuesta-salarial-que-el-gobierno-le-presento\/"},"author":{"name":"Contenidos El Regional","@id":"http:\/\/elregionalvm.com.ar\/noticias-villa-maria\/#\/schema\/person\/a0fb9c422317faca23d50163151bc354"},"headline":"UEPC rechaz\u00f3 la propuesta salarial que el Gobierno le present\u00f3","datePublished":"2024-01-26T22:09:04+00:00","dateModified":"2024-01-26T22:09:05+00:00","mainEntityOfPage":{"@id":"https:\/\/elregionalvm.com.ar\/noticias-villa-maria\/uepc-rechazo-la-propuesta-salarial-que-el-gobierno-le-presento\/"},"wordCount":178,"commentCount":0,"image":{"@id":"https:\/\/elregionalvm.com.ar\/noticias-villa-maria\/uepc-rechazo-la-propuesta-salarial-que-el-gobierno-le-presento\/#primaryimage"},"thumbnailUrl":"https:\/\/i0.wp.com\/elregionalvm.com.ar\/noticias-villa-maria\/wp-content\/uploads\/2024\/01\/3146-1454-260124-whatsapp-image-2024-01-26-at-145328.jpeg?fit=1280%2C720&ssl=1","articleSection":["destacado","Sociedad","Villa Mar\u00eda"],"inLanguage":"es","potentialAction":[{"@type":"CommentAction","name":"Comment","target":["https:\/\/elregionalvm.com.ar\/noticias-villa-maria\/uepc-rechazo-la-propuesta-salarial-que-el-gobierno-le-presento\/#respond"]}]},{"@type":"WebPage","@id":"https:\/\/elregionalvm.com.ar\/noticias-villa-maria\/uepc-rechazo-la-propuesta-salarial-que-el-gobierno-le-presento\/","url":"https:\/\/elregionalvm.com.ar\/noticias-villa-maria\/uepc-rechazo-la-propuesta-salarial-que-el-gobierno-le-presento\/","name":"UEPC rechaz\u00f3 la propuesta salarial que el Gobierno le present\u00f3 - El Regional","isPartOf":{"@id":"http:\/\/elregionalvm.com.ar\/noticias-villa-maria\/#website"},"primaryImageOfPage":{"@id":"https:\/\/elregionalvm.com.ar\/noticias-villa-maria\/uepc-rechazo-la-propuesta-salarial-que-el-gobierno-le-presento\/#primaryimage"},"image":{"@id":"https:\/\/elregionalvm.com.ar\/noticias-villa-maria\/uepc-rechazo-la-propuesta-salarial-que-el-gobierno-le-presento\/#primaryimage"},"thumbnailUrl":"https:\/\/i0.wp.com\/elregionalvm.com.ar\/noticias-villa-maria\/wp-content\/uploads\/2024\/01\/3146-1454-260124-whatsapp-image-2024-01-26-at-145328.jpeg?fit=1280%2C720&ssl=1","datePublished":"2024-01-26T22:09:04+00:00","dateModified":"2024-01-26T22:09:05+00:00","author":{"@id":"http:\/\/elregionalvm.com.ar\/noticias-villa-maria\/#\/schema\/person\/a0fb9c422317faca23d50163151bc354"},"breadcrumb":{"@id":"https:\/\/elregionalvm.com.ar\/noticias-villa-maria\/uepc-rechazo-la-propuesta-salarial-que-el-gobierno-le-presento\/#breadcrumb"},"inLanguage":"es","potentialAction":[{"@type":"ReadAction","target":["https:\/\/elregionalvm.com.ar\/noticias-villa-maria\/uepc-rechazo-la-propuesta-salarial-que-el-gobierno-le-presento\/"]}]},{"@type":"ImageObject","inLanguage":"es","@id":"https:\/\/elregionalvm.com.ar\/noticias-villa-maria\/uepc-rechazo-la-propuesta-salarial-que-el-gobierno-le-presento\/#primaryimage","url":"https:\/\/i0.wp.com\/elregionalvm.com.ar\/noticias-villa-maria\/wp-content\/uploads\/2024\/01\/3146-1454-260124-whatsapp-image-2024-01-26-at-145328.jpeg?fit=1280%2C720&ssl=1","contentUrl":"https:\/\/i0.wp.com\/elregionalvm.com.ar\/noticias-villa-maria\/wp-content\/uploads\/2024\/01\/3146-1454-260124-whatsapp-image-2024-01-26-at-145328.jpeg?fit=1280%2C720&ssl=1","width":1280,"height":720},{"@type":"BreadcrumbList","@id":"https:\/\/elregionalvm.com.ar\/noticias-villa-maria\/uepc-rechazo-la-propuesta-salarial-que-el-gobierno-le-presento\/#breadcrumb","itemListElement":[{"@type":"ListItem","position":1,"name":"Portada","item":"https:\/\/elregionalvm.com.ar\/noticias-villa-maria\/"},{"@type":"ListItem","position":2,"name":"UEPC rechaz\u00f3 la propuesta salarial que el Gobierno le present\u00f3"}]},{"@type":"WebSite","@id":"http:\/\/elregionalvm.com.ar\/noticias-villa-maria\/#website","url":"http:\/\/elregionalvm.com.ar\/noticias-villa-maria\/","name":"El Regional","description":"Mucho m\u00e1s que informaci\u00f3n","potentialAction":[{"@type":"SearchAction","target":{"@type":"EntryPoint","urlTemplate":"http:\/\/elregionalvm.com.ar\/noticias-villa-maria\/?s={search_term_string}"},"query-input":{"@type":"PropertyValueSpecification","valueRequired":true,"valueName":"search_term_string"}}],"inLanguage":"es"},{"@type":"Person","@id":"http:\/\/elregionalvm.com.ar\/noticias-villa-maria\/#\/schema\/person\/a0fb9c422317faca23d50163151bc354","name":"Contenidos El Regional","image":{"@type":"ImageObject","inLanguage":"es","@id":"http:\/\/elregionalvm.com.ar\/noticias-villa-maria\/#\/schema\/person\/image\/","url":"https:\/\/secure.gravatar.com\/avatar\/265b27cb2209af7bb3a1318f03305787d7981a5cc6e6cd08fe5a4ecdf99d4b48?s=96&d=mm&r=g","contentUrl":"https:\/\/secure.gravatar.com\/avatar\/265b27cb2209af7bb3a1318f03305787d7981a5cc6e6cd08fe5a4ecdf99d4b48?s=96&d=mm&r=g","caption":"Contenidos El Regional"},"url":"https:\/\/elregionalvm.com.ar\/noticias-villa-maria\/author\/contenido\/"}]}},"jetpack_featured_media_url":"https:\/\/i0.wp.com\/elregionalvm.com.ar\/noticias-villa-maria\/wp-content\/uploads\/2024\/01\/3146-1454-260124-whatsapp-image-2024-01-26-at-145328.jpeg?fit=1280%2C720&ssl=1","jetpack_sharing_enabled":true,"_links":{"self":[{"href":"https:\/\/elregionalvm.com.ar\/noticias-villa-maria\/wp-json\/wp\/v2\/posts\/89101","targetHints":{"allow":["GET"]}}],"collection":[{"href":"https:\/\/elregionalvm.com.ar\/noticias-villa-maria\/wp-json\/wp\/v2\/posts"}],"about":[{"href":"https:\/\/elregionalvm.com.ar\/noticias-villa-maria\/wp-json\/wp\/v2\/types\/post"}],"author":[{"embeddable":true,"href":"https:\/\/elregionalvm.com.ar\/noticias-villa-maria\/wp-json\/wp\/v2\/users\/4"}],"replies":[{"embeddable":true,"href":"https:\/\/elregionalvm.com.ar\/noticias-villa-maria\/wp-json\/wp\/v2\/comments?post=89101"}],"version-history":[{"count":1,"href":"https:\/\/elregionalvm.com.ar\/noticias-villa-maria\/wp-json\/wp\/v2\/posts\/89101\/revisions"}],"predecessor-version":[{"id":89104,"href":"https:\/\/elregionalvm.com.ar\/noticias-villa-maria\/wp-json\/wp\/v2\/posts\/89101\/revisions\/89104"}],"wp:featuredmedia":[{"embeddable":true,"href":"https:\/\/elregionalvm.com.ar\/noticias-villa-maria\/wp-json\/wp\/v2\/media\/89103"}],"wp:attachment":[{"href":"https:\/\/elregionalvm.com.ar\/noticias-villa-maria\/wp-json\/wp\/v2\/media?parent=89101"}],"wp:term":[{"taxonomy":"category","embeddable":true,"href":"https:\/\/elregionalvm.com.ar\/noticias-villa-maria\/wp-json\/wp\/v2\/categories?post=89101"},{"taxonomy":"post_tag","embeddable":true,"href":"https:\/\/elregionalvm.com.ar\/noticias-villa-maria\/wp-json\/wp\/v2\/tags?post=89101"}],"curies":[{"name":"wp","href":"https:\/\/api.w.org\/{rel}","templated":true}]}}