{"id":89272,"date":"2024-01-31T23:07:45","date_gmt":"2024-01-31T23:07:45","guid":{"rendered":"https:\/\/elregionalvm.com.ar\/noticias-villa-maria\/?p=89272"},"modified":"2024-01-31T23:07:47","modified_gmt":"2024-01-31T23:07:47","slug":"festival-de-penas-descuento-exclusivo-del-15-para-los-dias-sabado-y-domingo","status":"publish","type":"post","link":"https:\/\/elregionalvm.com.ar\/noticias-villa-maria\/festival-de-penas-descuento-exclusivo-del-15-para-los-dias-sabado-y-domingo\/","title":{"rendered":"Festival de Pe\u00f1as: descuento exclusivo del 15% para los d\u00edas s\u00e1bado y domingo"},"content":{"rendered":"\n<p>Villa Mar\u00eda Deporte y Turismo SEM informa que las plateas numeradas para las noches del s\u00e1bado 10 y domingo 11 de febrero tienen un 15% de descuento.<\/p>\n\n\n\n<p>Los tickets para disfrutar de esas noches del Festival Internacional de Pe\u00f1as pueden adquirirse desde hoy y hasta el domingo 4 de febrero inclusive, con una financiaci\u00f3n de hasta 6 cuotas sin inter\u00e9s.<\/p>\n\n\n\n<p>Tonadita te invita a esta promoci\u00f3n exclusiva para la bonificaci\u00f3n en la compra de entradas, mediante la \u201cPalabra Clave\u201d TONADITA al momento de realizar la adquisici\u00f3n del ticket a trav\u00e9s de www.edenentradas.com.ar.<\/p>\n\n\n\n<p>S\u00e1bado 10 de febrero<br>Esa noche actuar\u00e1 Mar\u00eda Becerra, que tras presentarse en Estados Unidos y antes de realizar dos estadios de River Plate, lo har\u00e1 en el \u00fanico festival del pa\u00eds. Tambi\u00e9n actuar\u00e1 la reconocida formaci\u00f3n cuartetera de C\u00f3rdoba, La K\u2019onga, que conquista los escenarios del pa\u00eds y del mundo. Adem\u00e1s, subir\u00e1 a escena la destacada banda uruguaya de cumbia M\u00e1rama y la ascendente artista local Anne Cardoso.<\/p>\n\n\n\n<p>Domingo 11 de febrero<br>Esa noche tendr\u00e1 la presentaci\u00f3n de Luciano Pereyra con su tour nacional \u201cHasta el alma\u201d que incluy\u00f3 los principales eventos de la temporada. Soledad, que retorna al \u201cFestival de Festivales\u201d presentando su nuevo \u00e1lbum y su gira nacional \u201cNatural\u201d. Mientras que Destino San Javier y Nahuel Pennisi fueron protagonistas de los principales festivales de Argentina, el grupo local Kallpa Folk actuar\u00e1 por primera vez en el Festival.<\/p>\n\n\n\n<p>Entradas con 3, 4 y 6 cuotas sin inter\u00e9s<\/p>\n\n\n\n<ul class=\"wp-block-list\">\n<li>Bancor: 4 cuotas sin inter\u00e9s.<\/li>\n\n\n\n<li>Banco Macro: 3 cuotas sin inter\u00e9s.<\/li>\n\n\n\n<li>Naranja X: Plan Z.<\/li>\n\n\n\n<li>Banco Hipotecario: 6 cuotas sin inter\u00e9s.<\/li>\n\n\n\n<li>Banco Comafi: 6 cuotas sin inter\u00e9s.<\/li>\n\n\n\n<li>Tarjeta Marcos Ju\u00e1rez: Hasta 5 cuotas sin inter\u00e9s.<\/li>\n<\/ul>\n\n\n\n<p>Los tickets para la edici\u00f3n N\u00ba56 del Festival Internacional de Pe\u00f1as se comercializan v\u00eda www.edenentradas.com.ar o a trav\u00e9s de los puntos de venta fijos:<\/p>\n\n\n\n<ul class=\"wp-block-list\">\n<li>Villa Mar\u00eda: Ente de Deporte y Turismo (Buenos Aires y Costanera).<\/li>\n\n\n\n<li>C\u00f3rdoba Capital: Disquer\u00edas Ed\u00e9n (Obispo Trejo 15).<\/li>\n\n\n\n<li>Marcos Ju\u00e1rez: \u201cTarjeta Marcos Ju\u00e1rez\u201d (Belgrano 681)<\/li>\n\n\n\n<li>Rosario: Disquer\u00eda Donington (Sarmiento 920 local 31).<\/li>\n\n\n\n<li>Villa Carlos Paz: Racing Caf\u00e9 (General Paz y Alvear).<\/li>\n\n\n\n<li>Santa Mar\u00eda de Punilla: Cobro Express (San Mart\u00edn 2000).<\/li>\n<\/ul>\n","protected":false},"excerpt":{"rendered":"<p>Villa Mar\u00eda Deporte y Turismo SEM informa que las plateas numeradas para las noches del s\u00e1bado 10 y domingo 11 de febrero tienen un 15% de descuento. Los tickets para disfrutar de esas noches del Festival Internacional de Pe\u00f1as pueden adquirirse desde hoy y hasta el domingo 4 de febrero inclusive, con una financiaci\u00f3n de [&hellip;]<\/p>\n","protected":false},"author":4,"featured_media":89273,"comment_status":"open","ping_status":"open","sticky":false,"template":"","format":"standard","meta":{"site-sidebar-layout":"default","site-content-layout":"","ast-site-content-layout":"default","site-content-style":"default","site-sidebar-style":"default","ast-global-header-display":"","ast-banner-title-visibility":"","ast-main-header-display":"","ast-hfb-above-header-display":"","ast-hfb-below-header-display":"","ast-hfb-mobile-header-display":"","site-post-title":"","ast-breadcrumbs-content":"","ast-featured-img":"","footer-sml-layout":"","ast-disable-related-posts":"","theme-transparent-header-meta":"","adv-header-id-meta":"","stick-header-meta":"","header-above-stick-meta":"","header-main-stick-meta":"","header-below-stick-meta":"","astra-migrate-meta-layouts":"set","ast-page-background-enabled":"default","ast-page-background-meta":{"desktop":{"background-color":"","background-image":"","background-repeat":"repeat","background-position":"center center","background-size":"auto","background-attachment":"scroll","background-type":"","background-media":"","overlay-type":"","overlay-color":"","overlay-opacity":"","overlay-gradient":""},"tablet":{"background-color":"","background-image":"","background-repeat":"repeat","background-position":"center center","background-size":"auto","background-attachment":"scroll","background-type":"","background-media":"","overlay-type":"","overlay-color":"","overlay-opacity":"","overlay-gradient":""},"mobile":{"background-color":"","background-image":"","background-repeat":"repeat","background-position":"center center","background-size":"auto","background-attachment":"scroll","background-type":"","background-media":"","overlay-type":"","overlay-color":"","overlay-opacity":"","overlay-gradient":""}},"ast-content-background-meta":{"desktop":{"background-color":"var(--ast-global-color-5)","background-image":"","background-repeat":"repeat","background-position":"center center","background-size":"auto","background-attachment":"scroll","background-type":"","background-media":"","overlay-type":"","overlay-color":"","overlay-opacity":"","overlay-gradient":""},"tablet":{"background-color":"var(--ast-global-color-5)","background-image":"","background-repeat":"repeat","background-position":"center center","background-size":"auto","background-attachment":"scroll","background-type":"","background-media":"","overlay-type":"","overlay-color":"","overlay-opacity":"","overlay-gradient":""},"mobile":{"background-color":"var(--ast-global-color-5)","background-image":"","background-repeat":"repeat","background-position":"center center","background-size":"auto","background-attachment":"scroll","background-type":"","background-media":"","overlay-type":"","overlay-color":"","overlay-opacity":"","overlay-gradient":""}},"_jetpack_memberships_contains_paid_content":false,"_joinchat":[],"footnotes":""},"categories":[15302,5,2],"tags":[],"class_list":["post-89272","post","type-post","status-publish","format-standard","has-post-thumbnail","hentry","category-destacado","category-sociedad","category-villa-maria"],"yoast_head":"<!-- This site is optimized with the Yoast SEO plugin v26.8 - https:\/\/yoast.com\/product\/yoast-seo-wordpress\/ -->\n<title>Festival de Pe\u00f1as: descuento exclusivo del 15% para los d\u00edas s\u00e1bado y domingo - El Regional<\/title>\n<meta name=\"robots\" content=\"index, follow, max-snippet:-1, max-image-preview:large, max-video-preview:-1\" \/>\n<link rel=\"canonical\" href=\"https:\/\/elregionalvm.com.ar\/noticias-villa-maria\/festival-de-penas-descuento-exclusivo-del-15-para-los-dias-sabado-y-domingo\/\" \/>\n<meta property=\"og:locale\" content=\"es_ES\" \/>\n<meta property=\"og:type\" content=\"article\" \/>\n<meta property=\"og:title\" content=\"Festival de Pe\u00f1as: descuento exclusivo del 15% para los d\u00edas s\u00e1bado y domingo - El Regional\" \/>\n<meta property=\"og:description\" content=\"Villa Mar\u00eda Deporte y Turismo SEM informa que las plateas numeradas para las noches del s\u00e1bado 10 y domingo 11 de febrero tienen un 15% de descuento. Los tickets para disfrutar de esas noches del Festival Internacional de Pe\u00f1as pueden adquirirse desde hoy y hasta el domingo 4 de febrero inclusive, con una financiaci\u00f3n de [&hellip;]\" \/>\n<meta property=\"og:url\" content=\"https:\/\/elregionalvm.com.ar\/noticias-villa-maria\/festival-de-penas-descuento-exclusivo-del-15-para-los-dias-sabado-y-domingo\/\" \/>\n<meta property=\"og:site_name\" content=\"El Regional\" \/>\n<meta property=\"article:publisher\" content=\"https:\/\/www.facebook.com\/elregionalvm\" \/>\n<meta property=\"article:published_time\" content=\"2024-01-31T23:07:45+00:00\" \/>\n<meta property=\"article:modified_time\" content=\"2024-01-31T23:07:47+00:00\" \/>\n<meta property=\"og:image\" content=\"https:\/\/elregionalvm.com.ar\/noticias-villa-maria\/wp-content\/uploads\/2024\/01\/93274c00-b18d-4785-94e1-89869ca25f58.jpg\" \/>\n\t<meta property=\"og:image:width\" content=\"1080\" \/>\n\t<meta property=\"og:image:height\" content=\"1350\" \/>\n\t<meta property=\"og:image:type\" content=\"image\/jpeg\" \/>\n<meta name=\"author\" content=\"Contenidos El Regional\" \/>\n<meta name=\"twitter:card\" content=\"summary_large_image\" \/>\n<meta name=\"twitter:creator\" content=\"@elregionalvm1\" \/>\n<meta name=\"twitter:site\" content=\"@elregionalvm1\" \/>\n<meta name=\"twitter:label1\" content=\"Escrito por\" \/>\n\t<meta name=\"twitter:data1\" content=\"Contenidos El Regional\" \/>\n\t<meta name=\"twitter:label2\" content=\"Tiempo de lectura\" \/>\n\t<meta name=\"twitter:data2\" content=\"2 minutos\" \/>\n<script type=\"application\/ld+json\" class=\"yoast-schema-graph\">{\"@context\":\"https:\/\/schema.org\",\"@graph\":[{\"@type\":\"Article\",\"@id\":\"https:\/\/elregionalvm.com.ar\/noticias-villa-maria\/festival-de-penas-descuento-exclusivo-del-15-para-los-dias-sabado-y-domingo\/#article\",\"isPartOf\":{\"@id\":\"https:\/\/elregionalvm.com.ar\/noticias-villa-maria\/festival-de-penas-descuento-exclusivo-del-15-para-los-dias-sabado-y-domingo\/\"},\"author\":{\"name\":\"Contenidos El Regional\",\"@id\":\"http:\/\/elregionalvm.com.ar\/noticias-villa-maria\/#\/schema\/person\/a0fb9c422317faca23d50163151bc354\"},\"headline\":\"Festival de Pe\u00f1as: descuento exclusivo del 15% para los d\u00edas s\u00e1bado y domingo\",\"datePublished\":\"2024-01-31T23:07:45+00:00\",\"dateModified\":\"2024-01-31T23:07:47+00:00\",\"mainEntityOfPage\":{\"@id\":\"https:\/\/elregionalvm.com.ar\/noticias-villa-maria\/festival-de-penas-descuento-exclusivo-del-15-para-los-dias-sabado-y-domingo\/\"},\"wordCount\":389,\"commentCount\":0,\"image\":{\"@id\":\"https:\/\/elregionalvm.com.ar\/noticias-villa-maria\/festival-de-penas-descuento-exclusivo-del-15-para-los-dias-sabado-y-domingo\/#primaryimage\"},\"thumbnailUrl\":\"https:\/\/i0.wp.com\/elregionalvm.com.ar\/noticias-villa-maria\/wp-content\/uploads\/2024\/01\/93274c00-b18d-4785-94e1-89869ca25f58.jpg?fit=1080%2C1350&ssl=1\",\"articleSection\":[\"destacado\",\"Sociedad\",\"Villa Mar\u00eda\"],\"inLanguage\":\"es\",\"potentialAction\":[{\"@type\":\"CommentAction\",\"name\":\"Comment\",\"target\":[\"https:\/\/elregionalvm.com.ar\/noticias-villa-maria\/festival-de-penas-descuento-exclusivo-del-15-para-los-dias-sabado-y-domingo\/#respond\"]}]},{\"@type\":\"WebPage\",\"@id\":\"https:\/\/elregionalvm.com.ar\/noticias-villa-maria\/festival-de-penas-descuento-exclusivo-del-15-para-los-dias-sabado-y-domingo\/\",\"url\":\"https:\/\/elregionalvm.com.ar\/noticias-villa-maria\/festival-de-penas-descuento-exclusivo-del-15-para-los-dias-sabado-y-domingo\/\",\"name\":\"Festival de Pe\u00f1as: descuento exclusivo del 15% para los d\u00edas s\u00e1bado y domingo - El Regional\",\"isPartOf\":{\"@id\":\"http:\/\/elregionalvm.com.ar\/noticias-villa-maria\/#website\"},\"primaryImageOfPage\":{\"@id\":\"https:\/\/elregionalvm.com.ar\/noticias-villa-maria\/festival-de-penas-descuento-exclusivo-del-15-para-los-dias-sabado-y-domingo\/#primaryimage\"},\"image\":{\"@id\":\"https:\/\/elregionalvm.com.ar\/noticias-villa-maria\/festival-de-penas-descuento-exclusivo-del-15-para-los-dias-sabado-y-domingo\/#primaryimage\"},\"thumbnailUrl\":\"https:\/\/i0.wp.com\/elregionalvm.com.ar\/noticias-villa-maria\/wp-content\/uploads\/2024\/01\/93274c00-b18d-4785-94e1-89869ca25f58.jpg?fit=1080%2C1350&ssl=1\",\"datePublished\":\"2024-01-31T23:07:45+00:00\",\"dateModified\":\"2024-01-31T23:07:47+00:00\",\"author\":{\"@id\":\"http:\/\/elregionalvm.com.ar\/noticias-villa-maria\/#\/schema\/person\/a0fb9c422317faca23d50163151bc354\"},\"breadcrumb\":{\"@id\":\"https:\/\/elregionalvm.com.ar\/noticias-villa-maria\/festival-de-penas-descuento-exclusivo-del-15-para-los-dias-sabado-y-domingo\/#breadcrumb\"},\"inLanguage\":\"es\",\"potentialAction\":[{\"@type\":\"ReadAction\",\"target\":[\"https:\/\/elregionalvm.com.ar\/noticias-villa-maria\/festival-de-penas-descuento-exclusivo-del-15-para-los-dias-sabado-y-domingo\/\"]}]},{\"@type\":\"ImageObject\",\"inLanguage\":\"es\",\"@id\":\"https:\/\/elregionalvm.com.ar\/noticias-villa-maria\/festival-de-penas-descuento-exclusivo-del-15-para-los-dias-sabado-y-domingo\/#primaryimage\",\"url\":\"https:\/\/i0.wp.com\/elregionalvm.com.ar\/noticias-villa-maria\/wp-content\/uploads\/2024\/01\/93274c00-b18d-4785-94e1-89869ca25f58.jpg?fit=1080%2C1350&ssl=1\",\"contentUrl\":\"https:\/\/i0.wp.com\/elregionalvm.com.ar\/noticias-villa-maria\/wp-content\/uploads\/2024\/01\/93274c00-b18d-4785-94e1-89869ca25f58.jpg?fit=1080%2C1350&ssl=1\",\"width\":1080,\"height\":1350},{\"@type\":\"BreadcrumbList\",\"@id\":\"https:\/\/elregionalvm.com.ar\/noticias-villa-maria\/festival-de-penas-descuento-exclusivo-del-15-para-los-dias-sabado-y-domingo\/#breadcrumb\",\"itemListElement\":[{\"@type\":\"ListItem\",\"position\":1,\"name\":\"Portada\",\"item\":\"https:\/\/elregionalvm.com.ar\/noticias-villa-maria\/\"},{\"@type\":\"ListItem\",\"position\":2,\"name\":\"Festival de Pe\u00f1as: descuento exclusivo del 15% para los d\u00edas s\u00e1bado y domingo\"}]},{\"@type\":\"WebSite\",\"@id\":\"http:\/\/elregionalvm.com.ar\/noticias-villa-maria\/#website\",\"url\":\"http:\/\/elregionalvm.com.ar\/noticias-villa-maria\/\",\"name\":\"El Regional\",\"description\":\"Mucho m\u00e1s que informaci\u00f3n\",\"potentialAction\":[{\"@type\":\"SearchAction\",\"target\":{\"@type\":\"EntryPoint\",\"urlTemplate\":\"http:\/\/elregionalvm.com.ar\/noticias-villa-maria\/?s={search_term_string}\"},\"query-input\":{\"@type\":\"PropertyValueSpecification\",\"valueRequired\":true,\"valueName\":\"search_term_string\"}}],\"inLanguage\":\"es\"},{\"@type\":\"Person\",\"@id\":\"http:\/\/elregionalvm.com.ar\/noticias-villa-maria\/#\/schema\/person\/a0fb9c422317faca23d50163151bc354\",\"name\":\"Contenidos El Regional\",\"image\":{\"@type\":\"ImageObject\",\"inLanguage\":\"es\",\"@id\":\"http:\/\/elregionalvm.com.ar\/noticias-villa-maria\/#\/schema\/person\/image\/\",\"url\":\"https:\/\/secure.gravatar.com\/avatar\/265b27cb2209af7bb3a1318f03305787d7981a5cc6e6cd08fe5a4ecdf99d4b48?s=96&d=mm&r=g\",\"contentUrl\":\"https:\/\/secure.gravatar.com\/avatar\/265b27cb2209af7bb3a1318f03305787d7981a5cc6e6cd08fe5a4ecdf99d4b48?s=96&d=mm&r=g\",\"caption\":\"Contenidos El Regional\"},\"url\":\"https:\/\/elregionalvm.com.ar\/noticias-villa-maria\/author\/contenido\/\"}]}<\/script>\n<!-- \/ Yoast SEO plugin. -->","yoast_head_json":{"title":"Festival de Pe\u00f1as: descuento exclusivo del 15% para los d\u00edas s\u00e1bado y domingo - El Regional","robots":{"index":"index","follow":"follow","max-snippet":"max-snippet:-1","max-image-preview":"max-image-preview:large","max-video-preview":"max-video-preview:-1"},"canonical":"https:\/\/elregionalvm.com.ar\/noticias-villa-maria\/festival-de-penas-descuento-exclusivo-del-15-para-los-dias-sabado-y-domingo\/","og_locale":"es_ES","og_type":"article","og_title":"Festival de Pe\u00f1as: descuento exclusivo del 15% para los d\u00edas s\u00e1bado y domingo - El Regional","og_description":"Villa Mar\u00eda Deporte y Turismo SEM informa que las plateas numeradas para las noches del s\u00e1bado 10 y domingo 11 de febrero tienen un 15% de descuento. Los tickets para disfrutar de esas noches del Festival Internacional de Pe\u00f1as pueden adquirirse desde hoy y hasta el domingo 4 de febrero inclusive, con una financiaci\u00f3n de [&hellip;]","og_url":"https:\/\/elregionalvm.com.ar\/noticias-villa-maria\/festival-de-penas-descuento-exclusivo-del-15-para-los-dias-sabado-y-domingo\/","og_site_name":"El Regional","article_publisher":"https:\/\/www.facebook.com\/elregionalvm","article_published_time":"2024-01-31T23:07:45+00:00","article_modified_time":"2024-01-31T23:07:47+00:00","og_image":[{"width":1080,"height":1350,"url":"https:\/\/elregionalvm.com.ar\/noticias-villa-maria\/wp-content\/uploads\/2024\/01\/93274c00-b18d-4785-94e1-89869ca25f58.jpg","type":"image\/jpeg"}],"author":"Contenidos El Regional","twitter_card":"summary_large_image","twitter_creator":"@elregionalvm1","twitter_site":"@elregionalvm1","twitter_misc":{"Escrito por":"Contenidos El Regional","Tiempo de lectura":"2 minutos"},"schema":{"@context":"https:\/\/schema.org","@graph":[{"@type":"Article","@id":"https:\/\/elregionalvm.com.ar\/noticias-villa-maria\/festival-de-penas-descuento-exclusivo-del-15-para-los-dias-sabado-y-domingo\/#article","isPartOf":{"@id":"https:\/\/elregionalvm.com.ar\/noticias-villa-maria\/festival-de-penas-descuento-exclusivo-del-15-para-los-dias-sabado-y-domingo\/"},"author":{"name":"Contenidos El Regional","@id":"http:\/\/elregionalvm.com.ar\/noticias-villa-maria\/#\/schema\/person\/a0fb9c422317faca23d50163151bc354"},"headline":"Festival de Pe\u00f1as: descuento exclusivo del 15% para los d\u00edas s\u00e1bado y domingo","datePublished":"2024-01-31T23:07:45+00:00","dateModified":"2024-01-31T23:07:47+00:00","mainEntityOfPage":{"@id":"https:\/\/elregionalvm.com.ar\/noticias-villa-maria\/festival-de-penas-descuento-exclusivo-del-15-para-los-dias-sabado-y-domingo\/"},"wordCount":389,"commentCount":0,"image":{"@id":"https:\/\/elregionalvm.com.ar\/noticias-villa-maria\/festival-de-penas-descuento-exclusivo-del-15-para-los-dias-sabado-y-domingo\/#primaryimage"},"thumbnailUrl":"https:\/\/i0.wp.com\/elregionalvm.com.ar\/noticias-villa-maria\/wp-content\/uploads\/2024\/01\/93274c00-b18d-4785-94e1-89869ca25f58.jpg?fit=1080%2C1350&ssl=1","articleSection":["destacado","Sociedad","Villa Mar\u00eda"],"inLanguage":"es","potentialAction":[{"@type":"CommentAction","name":"Comment","target":["https:\/\/elregionalvm.com.ar\/noticias-villa-maria\/festival-de-penas-descuento-exclusivo-del-15-para-los-dias-sabado-y-domingo\/#respond"]}]},{"@type":"WebPage","@id":"https:\/\/elregionalvm.com.ar\/noticias-villa-maria\/festival-de-penas-descuento-exclusivo-del-15-para-los-dias-sabado-y-domingo\/","url":"https:\/\/elregionalvm.com.ar\/noticias-villa-maria\/festival-de-penas-descuento-exclusivo-del-15-para-los-dias-sabado-y-domingo\/","name":"Festival de Pe\u00f1as: descuento exclusivo del 15% para los d\u00edas s\u00e1bado y domingo - El Regional","isPartOf":{"@id":"http:\/\/elregionalvm.com.ar\/noticias-villa-maria\/#website"},"primaryImageOfPage":{"@id":"https:\/\/elregionalvm.com.ar\/noticias-villa-maria\/festival-de-penas-descuento-exclusivo-del-15-para-los-dias-sabado-y-domingo\/#primaryimage"},"image":{"@id":"https:\/\/elregionalvm.com.ar\/noticias-villa-maria\/festival-de-penas-descuento-exclusivo-del-15-para-los-dias-sabado-y-domingo\/#primaryimage"},"thumbnailUrl":"https:\/\/i0.wp.com\/elregionalvm.com.ar\/noticias-villa-maria\/wp-content\/uploads\/2024\/01\/93274c00-b18d-4785-94e1-89869ca25f58.jpg?fit=1080%2C1350&ssl=1","datePublished":"2024-01-31T23:07:45+00:00","dateModified":"2024-01-31T23:07:47+00:00","author":{"@id":"http:\/\/elregionalvm.com.ar\/noticias-villa-maria\/#\/schema\/person\/a0fb9c422317faca23d50163151bc354"},"breadcrumb":{"@id":"https:\/\/elregionalvm.com.ar\/noticias-villa-maria\/festival-de-penas-descuento-exclusivo-del-15-para-los-dias-sabado-y-domingo\/#breadcrumb"},"inLanguage":"es","potentialAction":[{"@type":"ReadAction","target":["https:\/\/elregionalvm.com.ar\/noticias-villa-maria\/festival-de-penas-descuento-exclusivo-del-15-para-los-dias-sabado-y-domingo\/"]}]},{"@type":"ImageObject","inLanguage":"es","@id":"https:\/\/elregionalvm.com.ar\/noticias-villa-maria\/festival-de-penas-descuento-exclusivo-del-15-para-los-dias-sabado-y-domingo\/#primaryimage","url":"https:\/\/i0.wp.com\/elregionalvm.com.ar\/noticias-villa-maria\/wp-content\/uploads\/2024\/01\/93274c00-b18d-4785-94e1-89869ca25f58.jpg?fit=1080%2C1350&ssl=1","contentUrl":"https:\/\/i0.wp.com\/elregionalvm.com.ar\/noticias-villa-maria\/wp-content\/uploads\/2024\/01\/93274c00-b18d-4785-94e1-89869ca25f58.jpg?fit=1080%2C1350&ssl=1","width":1080,"height":1350},{"@type":"BreadcrumbList","@id":"https:\/\/elregionalvm.com.ar\/noticias-villa-maria\/festival-de-penas-descuento-exclusivo-del-15-para-los-dias-sabado-y-domingo\/#breadcrumb","itemListElement":[{"@type":"ListItem","position":1,"name":"Portada","item":"https:\/\/elregionalvm.com.ar\/noticias-villa-maria\/"},{"@type":"ListItem","position":2,"name":"Festival de Pe\u00f1as: descuento exclusivo del 15% para los d\u00edas s\u00e1bado y domingo"}]},{"@type":"WebSite","@id":"http:\/\/elregionalvm.com.ar\/noticias-villa-maria\/#website","url":"http:\/\/elregionalvm.com.ar\/noticias-villa-maria\/","name":"El Regional","description":"Mucho m\u00e1s que informaci\u00f3n","potentialAction":[{"@type":"SearchAction","target":{"@type":"EntryPoint","urlTemplate":"http:\/\/elregionalvm.com.ar\/noticias-villa-maria\/?s={search_term_string}"},"query-input":{"@type":"PropertyValueSpecification","valueRequired":true,"valueName":"search_term_string"}}],"inLanguage":"es"},{"@type":"Person","@id":"http:\/\/elregionalvm.com.ar\/noticias-villa-maria\/#\/schema\/person\/a0fb9c422317faca23d50163151bc354","name":"Contenidos El Regional","image":{"@type":"ImageObject","inLanguage":"es","@id":"http:\/\/elregionalvm.com.ar\/noticias-villa-maria\/#\/schema\/person\/image\/","url":"https:\/\/secure.gravatar.com\/avatar\/265b27cb2209af7bb3a1318f03305787d7981a5cc6e6cd08fe5a4ecdf99d4b48?s=96&d=mm&r=g","contentUrl":"https:\/\/secure.gravatar.com\/avatar\/265b27cb2209af7bb3a1318f03305787d7981a5cc6e6cd08fe5a4ecdf99d4b48?s=96&d=mm&r=g","caption":"Contenidos El Regional"},"url":"https:\/\/elregionalvm.com.ar\/noticias-villa-maria\/author\/contenido\/"}]}},"jetpack_featured_media_url":"https:\/\/i0.wp.com\/elregionalvm.com.ar\/noticias-villa-maria\/wp-content\/uploads\/2024\/01\/93274c00-b18d-4785-94e1-89869ca25f58.jpg?fit=1080%2C1350&ssl=1","jetpack_sharing_enabled":true,"_links":{"self":[{"href":"https:\/\/elregionalvm.com.ar\/noticias-villa-maria\/wp-json\/wp\/v2\/posts\/89272","targetHints":{"allow":["GET"]}}],"collection":[{"href":"https:\/\/elregionalvm.com.ar\/noticias-villa-maria\/wp-json\/wp\/v2\/posts"}],"about":[{"href":"https:\/\/elregionalvm.com.ar\/noticias-villa-maria\/wp-json\/wp\/v2\/types\/post"}],"author":[{"embeddable":true,"href":"https:\/\/elregionalvm.com.ar\/noticias-villa-maria\/wp-json\/wp\/v2\/users\/4"}],"replies":[{"embeddable":true,"href":"https:\/\/elregionalvm.com.ar\/noticias-villa-maria\/wp-json\/wp\/v2\/comments?post=89272"}],"version-history":[{"count":1,"href":"https:\/\/elregionalvm.com.ar\/noticias-villa-maria\/wp-json\/wp\/v2\/posts\/89272\/revisions"}],"predecessor-version":[{"id":89274,"href":"https:\/\/elregionalvm.com.ar\/noticias-villa-maria\/wp-json\/wp\/v2\/posts\/89272\/revisions\/89274"}],"wp:featuredmedia":[{"embeddable":true,"href":"https:\/\/elregionalvm.com.ar\/noticias-villa-maria\/wp-json\/wp\/v2\/media\/89273"}],"wp:attachment":[{"href":"https:\/\/elregionalvm.com.ar\/noticias-villa-maria\/wp-json\/wp\/v2\/media?parent=89272"}],"wp:term":[{"taxonomy":"category","embeddable":true,"href":"https:\/\/elregionalvm.com.ar\/noticias-villa-maria\/wp-json\/wp\/v2\/categories?post=89272"},{"taxonomy":"post_tag","embeddable":true,"href":"https:\/\/elregionalvm.com.ar\/noticias-villa-maria\/wp-json\/wp\/v2\/tags?post=89272"}],"curies":[{"name":"wp","href":"https:\/\/api.w.org\/{rel}","templated":true}]}}