{"id":89453,"date":"2024-02-05T00:49:54","date_gmt":"2024-02-05T00:49:54","guid":{"rendered":"https:\/\/elregionalvm.com.ar\/noticias-villa-maria\/?p=89453"},"modified":"2024-02-05T01:46:40","modified_gmt":"2024-02-05T01:46:40","slug":"seamos-utiles-el-comedor-solidario-la-esperanza-necesita-utiles-escolares-y-guardapolvos","status":"publish","type":"post","link":"https:\/\/elregionalvm.com.ar\/noticias-villa-maria\/seamos-utiles-el-comedor-solidario-la-esperanza-necesita-utiles-escolares-y-guardapolvos\/","title":{"rendered":"\u201cSeamos \u00fatiles\u201d: El comedor solidario \u201cLa Esperanza\u201d necesita \u00fatiles escolares y guardapolvos"},"content":{"rendered":"\n<p class=\"wp-block-paragraph\"><\/p>\n\n\n\n<h3 class=\"wp-block-heading\"><strong>El Comedor La Esperanza impulsa la colecta Solidaria \u201cSeamos \u00fatiles\u201d para donaci\u00f3n de \u00fatiles y guardapolvos. Las colaboraciones ser\u00e1n receptadas durante todo febrero en su espacio de calle Salta 2610, barrio Nicol\u00e1s Avellaneda.<\/strong><\/h3>\n\n\n\n<p class=\"wp-block-paragraph\"><\/p>\n\n\n\n<p class=\"wp-block-paragraph\">Thelma Lorena G\u00f3mez, referente del Merendero Comedor, expres\u00f3 la necesidad de que, una vez m\u00e1s, los vecinos se sumen a esta convocatoria solidaria que apunta a garantizar a los ni\u00f1os del barrio la posibilidad de disponer de \u00fatiles escolares esenciales para la vuelta a clases.<\/p>\n\n\n\n<p class=\"wp-block-paragraph\">La ilusi\u00f3n de empezar la escuela, no distingue clases ni edades. El primer d\u00eda es importante para las familias y la previa de preparar la mochila con los \u00fatiles, un ritual para los estudiantes.<\/p>\n\n\n\n<p class=\"wp-block-paragraph\"><\/p>\n\n\n\n<figure class=\"wp-block-image size-large\"><img data-recalc-dims=\"1\" fetchpriority=\"high\" decoding=\"async\" width=\"1024\" height=\"768\" src=\"https:\/\/i0.wp.com\/elregionalvm.com.ar\/noticias-villa-maria\/wp-content\/uploads\/2023\/07\/Thelam-Gomez-referente-del-comedor-Esperanza-1024x768.jpg?resize=1024%2C768&#038;ssl=1\" alt=\"\" class=\"wp-image-80328\" srcset=\"https:\/\/i0.wp.com\/elregionalvm.com.ar\/noticias-villa-maria\/wp-content\/uploads\/2023\/07\/Thelam-Gomez-referente-del-comedor-Esperanza.jpg?resize=1024%2C768&amp;ssl=1 1024w, https:\/\/i0.wp.com\/elregionalvm.com.ar\/noticias-villa-maria\/wp-content\/uploads\/2023\/07\/Thelam-Gomez-referente-del-comedor-Esperanza.jpg?resize=300%2C225&amp;ssl=1 300w, https:\/\/i0.wp.com\/elregionalvm.com.ar\/noticias-villa-maria\/wp-content\/uploads\/2023\/07\/Thelam-Gomez-referente-del-comedor-Esperanza.jpg?resize=768%2C576&amp;ssl=1 768w, https:\/\/i0.wp.com\/elregionalvm.com.ar\/noticias-villa-maria\/wp-content\/uploads\/2023\/07\/Thelam-Gomez-referente-del-comedor-Esperanza.jpg?w=1200&amp;ssl=1 1200w\" sizes=\"(max-width: 1000px) 100vw, 1000px\" \/><\/figure>\n\n\n\n<p class=\"wp-block-paragraph\"><\/p>\n\n\n\n<p class=\"wp-block-paragraph\">Mayormente, para los ni\u00f1os que disfrutan mucho poniendo nombre a los \u00fatiles, rotulo con sus datos y grado que inician en los cuadernos y carpetas, guardando cada l\u00e1piz en la cartuchera y cada elemento en los compartimentos de la mochila.<\/p>\n\n\n\n<p class=\"wp-block-paragraph\">Todo adulto vivi\u00f3 esa experiencia y en los tiempos convulsionados que corren es importante poder seguir acompa\u00f1ando esas expectativas e ilusiones de los ni\u00f1os que siguen apostando por el aprendizaje y la educaci\u00f3n inclusiva.<\/p>\n\n\n\n<p class=\"wp-block-paragraph\">\u201cEstamos pidiendo colaboraciones para armar un kit escolar para los ni\u00f1os. Sabemos que son tiempos dif\u00edciles, pero, a la hora de preparar la mochila de sus hijos para el inicio de clases, pueden tener un \u00fatil extra que ser\u00e1 muy bien recibido para darles la posibilidad a quienes menos tienen\u201d, indic\u00f3 la encargada.<\/p>\n\n\n\n<p class=\"wp-block-paragraph\"><strong>Lo que se puede donar<\/strong><\/p>\n\n\n\n<p class=\"wp-block-paragraph\">Mediante este medio y sus propias redes sociales, convocan a los interesados a colaborar con <strong>cuadernos, lapiceras, gomas, l\u00e1pices, cajas de colores, tijeras, reglas, carpetas, hijas, mochilas y guardapolvos (nuevos y\/o en buen estado) y todo lo que est\u00e9 al alcance de quienes tienen la posibilidad de hacer una donaci\u00f3n<\/strong>.<\/p>\n\n\n\n<p class=\"wp-block-paragraph\"><\/p>\n\n\n\n<h3 class=\"wp-block-heading\"><strong>Escuch\u00e1 el audio: <\/strong><\/h3>\n\n\n\n<p class=\"wp-block-paragraph\"><\/p>\n\n\n\n<figure class=\"wp-block-audio\"><audio controls src=\"https:\/\/elregionalvm.com.ar\/noticias-villa-maria\/wp-content\/uploads\/2024\/02\/comedor-la-esperanza-colecta-utiles.mp3\"><\/audio><\/figure>\n\n\n\n<p class=\"wp-block-paragraph\"><\/p>\n\n\n\n<figure class=\"wp-block-image size-full\"><img data-recalc-dims=\"1\" decoding=\"async\" width=\"942\" height=\"630\" src=\"https:\/\/i0.wp.com\/elregionalvm.com.ar\/noticias-villa-maria\/wp-content\/uploads\/2024\/02\/Utiles-escolares.jpeg?resize=942%2C630&#038;ssl=1\" alt=\"\" class=\"wp-image-89456\" srcset=\"https:\/\/i0.wp.com\/elregionalvm.com.ar\/noticias-villa-maria\/wp-content\/uploads\/2024\/02\/Utiles-escolares.jpeg?w=942&amp;ssl=1 942w, https:\/\/i0.wp.com\/elregionalvm.com.ar\/noticias-villa-maria\/wp-content\/uploads\/2024\/02\/Utiles-escolares.jpeg?resize=300%2C201&amp;ssl=1 300w, https:\/\/i0.wp.com\/elregionalvm.com.ar\/noticias-villa-maria\/wp-content\/uploads\/2024\/02\/Utiles-escolares.jpeg?resize=768%2C514&amp;ssl=1 768w\" sizes=\"(max-width: 942px) 100vw, 942px\" \/><\/figure>\n\n\n\n<p class=\"wp-block-paragraph\"><\/p>\n\n\n\n<p class=\"wp-block-paragraph\">Las donaciones pueden llevarse de lunes a viernes a partir de las 15 horas en Salta 2610, barrio Nicol\u00e1s Avellaneda, Villa Mar\u00eda. <\/p>\n\n\n\n<p class=\"wp-block-paragraph\"><\/p>\n\n\n\n<p class=\"wp-block-paragraph\">Contacto Thelma G\u00f3mez, 3534411087, en redes <a href=\"https:\/\/www.facebook.com\/profile.php?id=100080780437722\">https:\/\/www.facebook.com\/profile.php?id=100080780437722<\/a><\/p>\n","protected":false},"excerpt":{"rendered":"<p>El Comedor La Esperanza impulsa la colecta Solidaria \u201cSeamos \u00fatiles\u201d para donaci\u00f3n de \u00fatiles y guardapolvos. Las colaboraciones ser\u00e1n receptadas durante todo febrero en su espacio de calle Salta 2610, barrio Nicol\u00e1s Avellaneda. Thelma Lorena G\u00f3mez, referente del Merendero Comedor, expres\u00f3 la necesidad de que, una vez m\u00e1s, los vecinos se sumen a esta convocatoria [&hellip;]<\/p>\n","protected":false},"author":4,"featured_media":89455,"comment_status":"open","ping_status":"open","sticky":false,"template":"","format":"standard","meta":{"site-sidebar-layout":"default","site-content-layout":"","ast-site-content-layout":"default","site-content-style":"default","site-sidebar-style":"default","ast-global-header-display":"","ast-banner-title-visibility":"","ast-main-header-display":"","ast-hfb-above-header-display":"","ast-hfb-below-header-display":"","ast-hfb-mobile-header-display":"","site-post-title":"","ast-breadcrumbs-content":"","ast-featured-img":"","footer-sml-layout":"","ast-disable-related-posts":"","theme-transparent-header-meta":"","adv-header-id-meta":"","stick-header-meta":"","header-above-stick-meta":"","header-main-stick-meta":"","header-below-stick-meta":"","astra-migrate-meta-layouts":"set","ast-page-background-enabled":"default","ast-page-background-meta":{"desktop":{"background-color":"","background-image":"","background-repeat":"repeat","background-position":"center center","background-size":"auto","background-attachment":"scroll","background-type":"","background-media":"","overlay-type":"","overlay-color":"","overlay-opacity":"","overlay-gradient":""},"tablet":{"background-color":"","background-image":"","background-repeat":"repeat","background-position":"center center","background-size":"auto","background-attachment":"scroll","background-type":"","background-media":"","overlay-type":"","overlay-color":"","overlay-opacity":"","overlay-gradient":""},"mobile":{"background-color":"","background-image":"","background-repeat":"repeat","background-position":"center center","background-size":"auto","background-attachment":"scroll","background-type":"","background-media":"","overlay-type":"","overlay-color":"","overlay-opacity":"","overlay-gradient":""}},"ast-content-background-meta":{"desktop":{"background-color":"var(--ast-global-color-5)","background-image":"","background-repeat":"repeat","background-position":"center center","background-size":"auto","background-attachment":"scroll","background-type":"","background-media":"","overlay-type":"","overlay-color":"","overlay-opacity":"","overlay-gradient":""},"tablet":{"background-color":"var(--ast-global-color-5)","background-image":"","background-repeat":"repeat","background-position":"center center","background-size":"auto","background-attachment":"scroll","background-type":"","background-media":"","overlay-type":"","overlay-color":"","overlay-opacity":"","overlay-gradient":""},"mobile":{"background-color":"var(--ast-global-color-5)","background-image":"","background-repeat":"repeat","background-position":"center center","background-size":"auto","background-attachment":"scroll","background-type":"","background-media":"","overlay-type":"","overlay-color":"","overlay-opacity":"","overlay-gradient":""}},"_jetpack_newsletter_access":"","_jetpack_dont_email_post_to_subs":false,"_jetpack_newsletter_tier_id":0,"_jetpack_memberships_contains_paywalled_content":false,"_jetpack_memberships_contains_paid_content":false,"_joinchat":[],"footnotes":""},"categories":[15302,2],"tags":[6040,23464,1964,23463,4115,21464],"class_list":["post-89453","post","type-post","status-publish","format-standard","has-post-thumbnail","hentry","category-destacado","category-villa-maria","tag-colecta-solidaria","tag-comedor-la-esperanza","tag-comedor-solidario","tag-guardapolvos","tag-merendero","tag-utiles-escolares"],"yoast_head":"<!-- This site is optimized with the Yoast SEO plugin v28.4 - https:\/\/yoast.com\/product\/yoast-seo-wordpress\/ -->\n<title>\u201cSeamos \u00fatiles\u201d: El comedor solidario \u201cLa Esperanza\u201d necesita \u00fatiles escolares y guardapolvos - El Regional<\/title>\n<meta name=\"robots\" content=\"index, follow, max-snippet:-1, max-image-preview:large, max-video-preview:-1\" \/>\n<link rel=\"canonical\" href=\"https:\/\/elregionalvm.com.ar\/noticias-villa-maria\/seamos-utiles-el-comedor-solidario-la-esperanza-necesita-utiles-escolares-y-guardapolvos\/\" \/>\n<meta property=\"og:locale\" content=\"es_ES\" \/>\n<meta property=\"og:type\" content=\"article\" \/>\n<meta property=\"og:title\" content=\"\u201cSeamos \u00fatiles\u201d: El comedor solidario \u201cLa Esperanza\u201d necesita \u00fatiles escolares y guardapolvos - El Regional\" \/>\n<meta property=\"og:description\" content=\"El Comedor La Esperanza impulsa la colecta Solidaria \u201cSeamos \u00fatiles\u201d para donaci\u00f3n de \u00fatiles y guardapolvos. Las colaboraciones ser\u00e1n receptadas durante todo febrero en su espacio de calle Salta 2610, barrio Nicol\u00e1s Avellaneda. Thelma Lorena G\u00f3mez, referente del Merendero Comedor, expres\u00f3 la necesidad de que, una vez m\u00e1s, los vecinos se sumen a esta convocatoria [&hellip;]\" \/>\n<meta property=\"og:url\" content=\"https:\/\/elregionalvm.com.ar\/noticias-villa-maria\/seamos-utiles-el-comedor-solidario-la-esperanza-necesita-utiles-escolares-y-guardapolvos\/\" \/>\n<meta property=\"og:site_name\" content=\"El Regional\" \/>\n<meta property=\"article:publisher\" content=\"https:\/\/www.facebook.com\/elregionalvm\" \/>\n<meta property=\"article:published_time\" content=\"2024-02-05T00:49:54+00:00\" \/>\n<meta property=\"article:modified_time\" content=\"2024-02-05T01:46:40+00:00\" \/>\n<meta property=\"og:image\" content=\"https:\/\/elregionalvm.com.ar\/noticias-villa-maria\/wp-content\/uploads\/2024\/02\/Nino-escribe-utiles-escolares.jpeg\" \/>\n\t<meta property=\"og:image:width\" content=\"984\" \/>\n\t<meta property=\"og:image:height\" content=\"553\" \/>\n\t<meta property=\"og:image:type\" content=\"image\/jpeg\" \/>\n<meta name=\"author\" content=\"Contenidos El Regional\" \/>\n<meta name=\"twitter:card\" content=\"summary_large_image\" \/>\n<meta name=\"twitter:creator\" content=\"@elregionalvm1\" \/>\n<meta name=\"twitter:site\" content=\"@elregionalvm1\" \/>\n<meta name=\"twitter:label1\" content=\"Escrito por\" \/>\n\t<meta name=\"twitter:data1\" content=\"Contenidos El Regional\" \/>\n\t<meta name=\"twitter:label2\" content=\"Tiempo de lectura\" \/>\n\t<meta name=\"twitter:data2\" content=\"2 minutos\" \/>\n<script type=\"application\/ld+json\" class=\"yoast-schema-graph\">{\"@context\":\"https:\\\/\\\/schema.org\",\"@graph\":[{\"@type\":\"Article\",\"@id\":\"https:\\\/\\\/elregionalvm.com.ar\\\/noticias-villa-maria\\\/seamos-utiles-el-comedor-solidario-la-esperanza-necesita-utiles-escolares-y-guardapolvos\\\/#article\",\"isPartOf\":{\"@id\":\"https:\\\/\\\/elregionalvm.com.ar\\\/noticias-villa-maria\\\/seamos-utiles-el-comedor-solidario-la-esperanza-necesita-utiles-escolares-y-guardapolvos\\\/\"},\"author\":{\"name\":\"Contenidos El Regional\",\"@id\":\"http:\\\/\\\/elregionalvm.com.ar\\\/noticias-villa-maria\\\/#\\\/schema\\\/person\\\/a0fb9c422317faca23d50163151bc354\"},\"headline\":\"\u201cSeamos \u00fatiles\u201d: El comedor solidario \u201cLa Esperanza\u201d necesita \u00fatiles escolares y guardapolvos\",\"datePublished\":\"2024-02-05T00:49:54+00:00\",\"dateModified\":\"2024-02-05T01:46:40+00:00\",\"mainEntityOfPage\":{\"@id\":\"https:\\\/\\\/elregionalvm.com.ar\\\/noticias-villa-maria\\\/seamos-utiles-el-comedor-solidario-la-esperanza-necesita-utiles-escolares-y-guardapolvos\\\/\"},\"wordCount\":361,\"commentCount\":0,\"image\":{\"@id\":\"https:\\\/\\\/elregionalvm.com.ar\\\/noticias-villa-maria\\\/seamos-utiles-el-comedor-solidario-la-esperanza-necesita-utiles-escolares-y-guardapolvos\\\/#primaryimage\"},\"thumbnailUrl\":\"https:\\\/\\\/i0.wp.com\\\/elregionalvm.com.ar\\\/noticias-villa-maria\\\/wp-content\\\/uploads\\\/2024\\\/02\\\/Nino-escribe-utiles-escolares.jpeg?fit=984%2C553&ssl=1\",\"keywords\":[\"Colecta solidaria\",\"Comedor La Esperanza\",\"comedor solidario\",\"guardapolvos\",\"Merendero\",\"\u00fatiles escolares\"],\"articleSection\":[\"destacado\",\"Villa Mar\u00eda\"],\"inLanguage\":\"es\",\"potentialAction\":[{\"@type\":\"CommentAction\",\"name\":\"Comment\",\"target\":[\"https:\\\/\\\/elregionalvm.com.ar\\\/noticias-villa-maria\\\/seamos-utiles-el-comedor-solidario-la-esperanza-necesita-utiles-escolares-y-guardapolvos\\\/#respond\"]}]},{\"@type\":\"WebPage\",\"@id\":\"https:\\\/\\\/elregionalvm.com.ar\\\/noticias-villa-maria\\\/seamos-utiles-el-comedor-solidario-la-esperanza-necesita-utiles-escolares-y-guardapolvos\\\/\",\"url\":\"https:\\\/\\\/elregionalvm.com.ar\\\/noticias-villa-maria\\\/seamos-utiles-el-comedor-solidario-la-esperanza-necesita-utiles-escolares-y-guardapolvos\\\/\",\"name\":\"\u201cSeamos \u00fatiles\u201d: El comedor solidario \u201cLa Esperanza\u201d necesita \u00fatiles escolares y guardapolvos - El Regional\",\"isPartOf\":{\"@id\":\"http:\\\/\\\/elregionalvm.com.ar\\\/noticias-villa-maria\\\/#website\"},\"primaryImageOfPage\":{\"@id\":\"https:\\\/\\\/elregionalvm.com.ar\\\/noticias-villa-maria\\\/seamos-utiles-el-comedor-solidario-la-esperanza-necesita-utiles-escolares-y-guardapolvos\\\/#primaryimage\"},\"image\":{\"@id\":\"https:\\\/\\\/elregionalvm.com.ar\\\/noticias-villa-maria\\\/seamos-utiles-el-comedor-solidario-la-esperanza-necesita-utiles-escolares-y-guardapolvos\\\/#primaryimage\"},\"thumbnailUrl\":\"https:\\\/\\\/i0.wp.com\\\/elregionalvm.com.ar\\\/noticias-villa-maria\\\/wp-content\\\/uploads\\\/2024\\\/02\\\/Nino-escribe-utiles-escolares.jpeg?fit=984%2C553&ssl=1\",\"datePublished\":\"2024-02-05T00:49:54+00:00\",\"dateModified\":\"2024-02-05T01:46:40+00:00\",\"author\":{\"@id\":\"http:\\\/\\\/elregionalvm.com.ar\\\/noticias-villa-maria\\\/#\\\/schema\\\/person\\\/a0fb9c422317faca23d50163151bc354\"},\"breadcrumb\":{\"@id\":\"https:\\\/\\\/elregionalvm.com.ar\\\/noticias-villa-maria\\\/seamos-utiles-el-comedor-solidario-la-esperanza-necesita-utiles-escolares-y-guardapolvos\\\/#breadcrumb\"},\"inLanguage\":\"es\",\"potentialAction\":[{\"@type\":\"ReadAction\",\"target\":[\"https:\\\/\\\/elregionalvm.com.ar\\\/noticias-villa-maria\\\/seamos-utiles-el-comedor-solidario-la-esperanza-necesita-utiles-escolares-y-guardapolvos\\\/\"]}]},{\"@type\":\"ImageObject\",\"inLanguage\":\"es\",\"@id\":\"https:\\\/\\\/elregionalvm.com.ar\\\/noticias-villa-maria\\\/seamos-utiles-el-comedor-solidario-la-esperanza-necesita-utiles-escolares-y-guardapolvos\\\/#primaryimage\",\"url\":\"https:\\\/\\\/i0.wp.com\\\/elregionalvm.com.ar\\\/noticias-villa-maria\\\/wp-content\\\/uploads\\\/2024\\\/02\\\/Nino-escribe-utiles-escolares.jpeg?fit=984%2C553&ssl=1\",\"contentUrl\":\"https:\\\/\\\/i0.wp.com\\\/elregionalvm.com.ar\\\/noticias-villa-maria\\\/wp-content\\\/uploads\\\/2024\\\/02\\\/Nino-escribe-utiles-escolares.jpeg?fit=984%2C553&ssl=1\",\"width\":984,\"height\":553},{\"@type\":\"BreadcrumbList\",\"@id\":\"https:\\\/\\\/elregionalvm.com.ar\\\/noticias-villa-maria\\\/seamos-utiles-el-comedor-solidario-la-esperanza-necesita-utiles-escolares-y-guardapolvos\\\/#breadcrumb\",\"itemListElement\":[{\"@type\":\"ListItem\",\"position\":1,\"name\":\"Portada\",\"item\":\"https:\\\/\\\/elregionalvm.com.ar\\\/noticias-villa-maria\\\/\"},{\"@type\":\"ListItem\",\"position\":2,\"name\":\"\u201cSeamos \u00fatiles\u201d: El comedor solidario \u201cLa Esperanza\u201d necesita \u00fatiles escolares y guardapolvos\"}]},{\"@type\":\"WebSite\",\"@id\":\"http:\\\/\\\/elregionalvm.com.ar\\\/noticias-villa-maria\\\/#website\",\"url\":\"http:\\\/\\\/elregionalvm.com.ar\\\/noticias-villa-maria\\\/\",\"name\":\"El Regional\",\"description\":\"Mucho m\u00e1s que informaci\u00f3n\",\"potentialAction\":[{\"@type\":\"SearchAction\",\"target\":{\"@type\":\"EntryPoint\",\"urlTemplate\":\"http:\\\/\\\/elregionalvm.com.ar\\\/noticias-villa-maria\\\/?s={search_term_string}\"},\"query-input\":{\"@type\":\"PropertyValueSpecification\",\"valueRequired\":true,\"valueName\":\"search_term_string\"}}],\"inLanguage\":\"es\"},{\"@type\":\"Person\",\"@id\":\"http:\\\/\\\/elregionalvm.com.ar\\\/noticias-villa-maria\\\/#\\\/schema\\\/person\\\/a0fb9c422317faca23d50163151bc354\",\"name\":\"Contenidos El Regional\",\"image\":{\"@type\":\"ImageObject\",\"inLanguage\":\"es\",\"@id\":\"https:\\\/\\\/secure.gravatar.com\\\/avatar\\\/265b27cb2209af7bb3a1318f03305787d7981a5cc6e6cd08fe5a4ecdf99d4b48?s=96&d=mm&r=g\",\"url\":\"https:\\\/\\\/secure.gravatar.com\\\/avatar\\\/265b27cb2209af7bb3a1318f03305787d7981a5cc6e6cd08fe5a4ecdf99d4b48?s=96&d=mm&r=g\",\"contentUrl\":\"https:\\\/\\\/secure.gravatar.com\\\/avatar\\\/265b27cb2209af7bb3a1318f03305787d7981a5cc6e6cd08fe5a4ecdf99d4b48?s=96&d=mm&r=g\",\"caption\":\"Contenidos El Regional\"},\"url\":\"https:\\\/\\\/elregionalvm.com.ar\\\/noticias-villa-maria\\\/author\\\/contenido\\\/\"}]}<\/script>\n<!-- \/ Yoast SEO plugin. -->","yoast_head_json":{"title":"\u201cSeamos \u00fatiles\u201d: El comedor solidario \u201cLa Esperanza\u201d necesita \u00fatiles escolares y guardapolvos - El Regional","robots":{"index":"index","follow":"follow","max-snippet":"max-snippet:-1","max-image-preview":"max-image-preview:large","max-video-preview":"max-video-preview:-1"},"canonical":"https:\/\/elregionalvm.com.ar\/noticias-villa-maria\/seamos-utiles-el-comedor-solidario-la-esperanza-necesita-utiles-escolares-y-guardapolvos\/","og_locale":"es_ES","og_type":"article","og_title":"\u201cSeamos \u00fatiles\u201d: El comedor solidario \u201cLa Esperanza\u201d necesita \u00fatiles escolares y guardapolvos - El Regional","og_description":"El Comedor La Esperanza impulsa la colecta Solidaria \u201cSeamos \u00fatiles\u201d para donaci\u00f3n de \u00fatiles y guardapolvos. Las colaboraciones ser\u00e1n receptadas durante todo febrero en su espacio de calle Salta 2610, barrio Nicol\u00e1s Avellaneda. Thelma Lorena G\u00f3mez, referente del Merendero Comedor, expres\u00f3 la necesidad de que, una vez m\u00e1s, los vecinos se sumen a esta convocatoria [&hellip;]","og_url":"https:\/\/elregionalvm.com.ar\/noticias-villa-maria\/seamos-utiles-el-comedor-solidario-la-esperanza-necesita-utiles-escolares-y-guardapolvos\/","og_site_name":"El Regional","article_publisher":"https:\/\/www.facebook.com\/elregionalvm","article_published_time":"2024-02-05T00:49:54+00:00","article_modified_time":"2024-02-05T01:46:40+00:00","og_image":[{"width":984,"height":553,"url":"https:\/\/elregionalvm.com.ar\/noticias-villa-maria\/wp-content\/uploads\/2024\/02\/Nino-escribe-utiles-escolares.jpeg","type":"image\/jpeg"}],"author":"Contenidos El Regional","twitter_card":"summary_large_image","twitter_creator":"@elregionalvm1","twitter_site":"@elregionalvm1","twitter_misc":{"Escrito por":"Contenidos El Regional","Tiempo de lectura":"2 minutos"},"schema":{"@context":"https:\/\/schema.org","@graph":[{"@type":"Article","@id":"https:\/\/elregionalvm.com.ar\/noticias-villa-maria\/seamos-utiles-el-comedor-solidario-la-esperanza-necesita-utiles-escolares-y-guardapolvos\/#article","isPartOf":{"@id":"https:\/\/elregionalvm.com.ar\/noticias-villa-maria\/seamos-utiles-el-comedor-solidario-la-esperanza-necesita-utiles-escolares-y-guardapolvos\/"},"author":{"name":"Contenidos El Regional","@id":"http:\/\/elregionalvm.com.ar\/noticias-villa-maria\/#\/schema\/person\/a0fb9c422317faca23d50163151bc354"},"headline":"\u201cSeamos \u00fatiles\u201d: El comedor solidario \u201cLa Esperanza\u201d necesita \u00fatiles escolares y guardapolvos","datePublished":"2024-02-05T00:49:54+00:00","dateModified":"2024-02-05T01:46:40+00:00","mainEntityOfPage":{"@id":"https:\/\/elregionalvm.com.ar\/noticias-villa-maria\/seamos-utiles-el-comedor-solidario-la-esperanza-necesita-utiles-escolares-y-guardapolvos\/"},"wordCount":361,"commentCount":0,"image":{"@id":"https:\/\/elregionalvm.com.ar\/noticias-villa-maria\/seamos-utiles-el-comedor-solidario-la-esperanza-necesita-utiles-escolares-y-guardapolvos\/#primaryimage"},"thumbnailUrl":"https:\/\/i0.wp.com\/elregionalvm.com.ar\/noticias-villa-maria\/wp-content\/uploads\/2024\/02\/Nino-escribe-utiles-escolares.jpeg?fit=984%2C553&ssl=1","keywords":["Colecta solidaria","Comedor La Esperanza","comedor solidario","guardapolvos","Merendero","\u00fatiles escolares"],"articleSection":["destacado","Villa Mar\u00eda"],"inLanguage":"es","potentialAction":[{"@type":"CommentAction","name":"Comment","target":["https:\/\/elregionalvm.com.ar\/noticias-villa-maria\/seamos-utiles-el-comedor-solidario-la-esperanza-necesita-utiles-escolares-y-guardapolvos\/#respond"]}]},{"@type":"WebPage","@id":"https:\/\/elregionalvm.com.ar\/noticias-villa-maria\/seamos-utiles-el-comedor-solidario-la-esperanza-necesita-utiles-escolares-y-guardapolvos\/","url":"https:\/\/elregionalvm.com.ar\/noticias-villa-maria\/seamos-utiles-el-comedor-solidario-la-esperanza-necesita-utiles-escolares-y-guardapolvos\/","name":"\u201cSeamos \u00fatiles\u201d: El comedor solidario \u201cLa Esperanza\u201d necesita \u00fatiles escolares y guardapolvos - El Regional","isPartOf":{"@id":"http:\/\/elregionalvm.com.ar\/noticias-villa-maria\/#website"},"primaryImageOfPage":{"@id":"https:\/\/elregionalvm.com.ar\/noticias-villa-maria\/seamos-utiles-el-comedor-solidario-la-esperanza-necesita-utiles-escolares-y-guardapolvos\/#primaryimage"},"image":{"@id":"https:\/\/elregionalvm.com.ar\/noticias-villa-maria\/seamos-utiles-el-comedor-solidario-la-esperanza-necesita-utiles-escolares-y-guardapolvos\/#primaryimage"},"thumbnailUrl":"https:\/\/i0.wp.com\/elregionalvm.com.ar\/noticias-villa-maria\/wp-content\/uploads\/2024\/02\/Nino-escribe-utiles-escolares.jpeg?fit=984%2C553&ssl=1","datePublished":"2024-02-05T00:49:54+00:00","dateModified":"2024-02-05T01:46:40+00:00","author":{"@id":"http:\/\/elregionalvm.com.ar\/noticias-villa-maria\/#\/schema\/person\/a0fb9c422317faca23d50163151bc354"},"breadcrumb":{"@id":"https:\/\/elregionalvm.com.ar\/noticias-villa-maria\/seamos-utiles-el-comedor-solidario-la-esperanza-necesita-utiles-escolares-y-guardapolvos\/#breadcrumb"},"inLanguage":"es","potentialAction":[{"@type":"ReadAction","target":["https:\/\/elregionalvm.com.ar\/noticias-villa-maria\/seamos-utiles-el-comedor-solidario-la-esperanza-necesita-utiles-escolares-y-guardapolvos\/"]}]},{"@type":"ImageObject","inLanguage":"es","@id":"https:\/\/elregionalvm.com.ar\/noticias-villa-maria\/seamos-utiles-el-comedor-solidario-la-esperanza-necesita-utiles-escolares-y-guardapolvos\/#primaryimage","url":"https:\/\/i0.wp.com\/elregionalvm.com.ar\/noticias-villa-maria\/wp-content\/uploads\/2024\/02\/Nino-escribe-utiles-escolares.jpeg?fit=984%2C553&ssl=1","contentUrl":"https:\/\/i0.wp.com\/elregionalvm.com.ar\/noticias-villa-maria\/wp-content\/uploads\/2024\/02\/Nino-escribe-utiles-escolares.jpeg?fit=984%2C553&ssl=1","width":984,"height":553},{"@type":"BreadcrumbList","@id":"https:\/\/elregionalvm.com.ar\/noticias-villa-maria\/seamos-utiles-el-comedor-solidario-la-esperanza-necesita-utiles-escolares-y-guardapolvos\/#breadcrumb","itemListElement":[{"@type":"ListItem","position":1,"name":"Portada","item":"https:\/\/elregionalvm.com.ar\/noticias-villa-maria\/"},{"@type":"ListItem","position":2,"name":"\u201cSeamos \u00fatiles\u201d: El comedor solidario \u201cLa Esperanza\u201d necesita \u00fatiles escolares y guardapolvos"}]},{"@type":"WebSite","@id":"http:\/\/elregionalvm.com.ar\/noticias-villa-maria\/#website","url":"http:\/\/elregionalvm.com.ar\/noticias-villa-maria\/","name":"El Regional","description":"Mucho m\u00e1s que informaci\u00f3n","potentialAction":[{"@type":"SearchAction","target":{"@type":"EntryPoint","urlTemplate":"http:\/\/elregionalvm.com.ar\/noticias-villa-maria\/?s={search_term_string}"},"query-input":{"@type":"PropertyValueSpecification","valueRequired":true,"valueName":"search_term_string"}}],"inLanguage":"es"},{"@type":"Person","@id":"http:\/\/elregionalvm.com.ar\/noticias-villa-maria\/#\/schema\/person\/a0fb9c422317faca23d50163151bc354","name":"Contenidos El Regional","image":{"@type":"ImageObject","inLanguage":"es","@id":"https:\/\/secure.gravatar.com\/avatar\/265b27cb2209af7bb3a1318f03305787d7981a5cc6e6cd08fe5a4ecdf99d4b48?s=96&d=mm&r=g","url":"https:\/\/secure.gravatar.com\/avatar\/265b27cb2209af7bb3a1318f03305787d7981a5cc6e6cd08fe5a4ecdf99d4b48?s=96&d=mm&r=g","contentUrl":"https:\/\/secure.gravatar.com\/avatar\/265b27cb2209af7bb3a1318f03305787d7981a5cc6e6cd08fe5a4ecdf99d4b48?s=96&d=mm&r=g","caption":"Contenidos El Regional"},"url":"https:\/\/elregionalvm.com.ar\/noticias-villa-maria\/author\/contenido\/"}]}},"jetpack_sharing_enabled":true,"jetpack_featured_media_url":"https:\/\/i0.wp.com\/elregionalvm.com.ar\/noticias-villa-maria\/wp-content\/uploads\/2024\/02\/Nino-escribe-utiles-escolares.jpeg?fit=984%2C553&ssl=1","_links":{"self":[{"href":"https:\/\/elregionalvm.com.ar\/noticias-villa-maria\/wp-json\/wp\/v2\/posts\/89453","targetHints":{"allow":["GET"]}}],"collection":[{"href":"https:\/\/elregionalvm.com.ar\/noticias-villa-maria\/wp-json\/wp\/v2\/posts"}],"about":[{"href":"https:\/\/elregionalvm.com.ar\/noticias-villa-maria\/wp-json\/wp\/v2\/types\/post"}],"author":[{"embeddable":true,"href":"https:\/\/elregionalvm.com.ar\/noticias-villa-maria\/wp-json\/wp\/v2\/users\/4"}],"replies":[{"embeddable":true,"href":"https:\/\/elregionalvm.com.ar\/noticias-villa-maria\/wp-json\/wp\/v2\/comments?post=89453"}],"version-history":[{"count":3,"href":"https:\/\/elregionalvm.com.ar\/noticias-villa-maria\/wp-json\/wp\/v2\/posts\/89453\/revisions"}],"predecessor-version":[{"id":89503,"href":"https:\/\/elregionalvm.com.ar\/noticias-villa-maria\/wp-json\/wp\/v2\/posts\/89453\/revisions\/89503"}],"wp:featuredmedia":[{"embeddable":true,"href":"https:\/\/elregionalvm.com.ar\/noticias-villa-maria\/wp-json\/wp\/v2\/media\/89455"}],"wp:attachment":[{"href":"https:\/\/elregionalvm.com.ar\/noticias-villa-maria\/wp-json\/wp\/v2\/media?parent=89453"}],"wp:term":[{"taxonomy":"category","embeddable":true,"href":"https:\/\/elregionalvm.com.ar\/noticias-villa-maria\/wp-json\/wp\/v2\/categories?post=89453"},{"taxonomy":"post_tag","embeddable":true,"href":"https:\/\/elregionalvm.com.ar\/noticias-villa-maria\/wp-json\/wp\/v2\/tags?post=89453"}],"curies":[{"name":"wp","href":"https:\/\/api.w.org\/{rel}","templated":true}]}}