{"id":89467,"date":"2024-02-05T01:00:45","date_gmt":"2024-02-05T01:00:45","guid":{"rendered":"https:\/\/elregionalvm.com.ar\/noticias-villa-maria\/?p=89467"},"modified":"2024-02-05T01:00:47","modified_gmt":"2024-02-05T01:00:47","slug":"el-foncyt-selecciono-tres-proyectos-de-la-unvm","status":"publish","type":"post","link":"https:\/\/elregionalvm.com.ar\/noticias-villa-maria\/el-foncyt-selecciono-tres-proyectos-de-la-unvm\/","title":{"rendered":"El FONCyT seleccion\u00f3 tres proyectos de la UNVM"},"content":{"rendered":"\n<h5 class=\"wp-block-heading\"><strong>Se trata de investigaciones a realizarse a trav\u00e9s del IMITAB, el CConFInES y el CIT-VM. Las investigadoras responsables son Romina Bachetti, Andrea G\u00f3mez S\u00e1nchez y Ang\u00e9lica Alvites Baiadera.<\/strong><\/h5>\n\n\n\n<p class=\"wp-block-paragraph\">Tres proyectos de investigaci\u00f3n radicados en la Universidad Nacional de Villa Mar\u00eda (UNVM) fueron seleccionados por la Agencia Nacional de Promoci\u00f3n de la Investigaci\u00f3n, el Desarrollo Tecnol\u00f3gico y la Innovaci\u00f3n (AGENCIA I+D+i), a trav\u00e9s del Fondo para la Investigaci\u00f3n Cient\u00edfica y Tecnol\u00f3gica (FONCyT), en el marco de la convocatorio a Proyectos de Investigaci\u00f3n Cient\u00edfica y Tecnol\u00f3gica (PICT). En tal sentido, a partir de las propuestas presentadas, la casa de estudios result\u00f3 una de las Instituciones Beneficiarias para la adjudicaci\u00f3n de subsidios y las unidades ejecutoras de las investigaciones ser\u00e1n el Instituto Multidisciplinario de Investigaci\u00f3n y Transferencia Agroalimentaria y Biotecnol\u00f3gica (IMITAB), el Centro de Conocimiento, Formaci\u00f3n e Investigaci\u00f3n en Estudios Sociales (CConFInES) y el Centro de Investigaciones y Transferencias (CIT-VM); radicados en los correspondientes Institutos Acad\u00e9micos Pedag\u00f3gicos.<\/p>\n\n\n\n<p class=\"wp-block-paragraph\">El proyecto \u201cEvaluaci\u00f3n de la calidad de agua y estrategias para la remediaci\u00f3n de humedales contaminados con herbicidas clorados en la regi\u00f3n agr\u00edcola centro-sur de C\u00f3rdoba\u201d, a cargo de Romina Bachetti, fue seleccionado en el \u00e1rea Tecnolog\u00eda del Medio Ambiente y el financiamiento permitir\u00e1 avanzar en la generaci\u00f3n de estrategias para la remediaci\u00f3n para humedales de la regi\u00f3n agr\u00edcola centro-sur de C\u00f3rdoba que se encuentran contaminados con herbicidas clorados.<\/p>\n\n\n\n<p class=\"wp-block-paragraph\">Por su parte, el trabajo \u201cAnodizado de metales puros y aleaciones. Modificaci\u00f3n superficial y funcionalizaci\u00f3n para la mejora de la respuesta en servicio\u201d, tiene como investigadora responsable a Andrea G\u00f3mez S\u00e1nchez y se ejecutar\u00e1 en el CIT-VM en la tem\u00e1tica Tecnolog\u00eda Energ\u00e9tica Minera Mec\u00e1nica y de Materiales.<\/p>\n\n\n\n<p class=\"wp-block-paragraph\">Asimismo, la propuesta sobre \u201cControles Migratorios en\/de las fronteras An\u00e1lisis de caso de la articulaci\u00f3n del norte chileno y el noreste argentino (2009-2025)\u201d, es coordinada por Ang\u00e9lica Alvites Baiadera en el CConFInES con el objetivo de interpretar las pol\u00edticas de migraci\u00f3n y de fronteras en la regi\u00f3n para comprender las relaciones y disputas entre agentes locales, nacionales e internacionales. Cuenta con la participaci\u00f3n de la investigadora Bianca de Marchi Moyano de la Universidad Arturo Prat (Chile).<\/p>\n\n\n\n<p class=\"wp-block-paragraph\">Cabe destacar que el FONCyT cuenta con un Sistema de Coordinadores y Coordinadoras para las \u00e1reas tem\u00e1ticas que analizan la pertinencia de cada proyecto en las disciplinas y sub-disciplinas de cada \u00e1rea.<\/p>\n","protected":false},"excerpt":{"rendered":"<p>Se trata de investigaciones a realizarse a trav\u00e9s del IMITAB, el CConFInES y el CIT-VM. Las investigadoras responsables son Romina Bachetti, Andrea G\u00f3mez S\u00e1nchez y Ang\u00e9lica Alvites Baiadera. Tres proyectos de investigaci\u00f3n radicados en la Universidad Nacional de Villa Mar\u00eda (UNVM) fueron seleccionados por la Agencia Nacional de Promoci\u00f3n de la Investigaci\u00f3n, el Desarrollo Tecnol\u00f3gico [&hellip;]<\/p>\n","protected":false},"author":4,"featured_media":89468,"comment_status":"open","ping_status":"open","sticky":false,"template":"","format":"standard","meta":{"site-sidebar-layout":"default","site-content-layout":"","ast-site-content-layout":"default","site-content-style":"default","site-sidebar-style":"default","ast-global-header-display":"","ast-banner-title-visibility":"","ast-main-header-display":"","ast-hfb-above-header-display":"","ast-hfb-below-header-display":"","ast-hfb-mobile-header-display":"","site-post-title":"","ast-breadcrumbs-content":"","ast-featured-img":"","footer-sml-layout":"","ast-disable-related-posts":"","theme-transparent-header-meta":"","adv-header-id-meta":"","stick-header-meta":"","header-above-stick-meta":"","header-main-stick-meta":"","header-below-stick-meta":"","astra-migrate-meta-layouts":"set","ast-page-background-enabled":"default","ast-page-background-meta":{"desktop":{"background-color":"","background-image":"","background-repeat":"repeat","background-position":"center center","background-size":"auto","background-attachment":"scroll","background-type":"","background-media":"","overlay-type":"","overlay-color":"","overlay-opacity":"","overlay-gradient":""},"tablet":{"background-color":"","background-image":"","background-repeat":"repeat","background-position":"center center","background-size":"auto","background-attachment":"scroll","background-type":"","background-media":"","overlay-type":"","overlay-color":"","overlay-opacity":"","overlay-gradient":""},"mobile":{"background-color":"","background-image":"","background-repeat":"repeat","background-position":"center center","background-size":"auto","background-attachment":"scroll","background-type":"","background-media":"","overlay-type":"","overlay-color":"","overlay-opacity":"","overlay-gradient":""}},"ast-content-background-meta":{"desktop":{"background-color":"var(--ast-global-color-5)","background-image":"","background-repeat":"repeat","background-position":"center center","background-size":"auto","background-attachment":"scroll","background-type":"","background-media":"","overlay-type":"","overlay-color":"","overlay-opacity":"","overlay-gradient":""},"tablet":{"background-color":"var(--ast-global-color-5)","background-image":"","background-repeat":"repeat","background-position":"center center","background-size":"auto","background-attachment":"scroll","background-type":"","background-media":"","overlay-type":"","overlay-color":"","overlay-opacity":"","overlay-gradient":""},"mobile":{"background-color":"var(--ast-global-color-5)","background-image":"","background-repeat":"repeat","background-position":"center center","background-size":"auto","background-attachment":"scroll","background-type":"","background-media":"","overlay-type":"","overlay-color":"","overlay-opacity":"","overlay-gradient":""}},"_jetpack_newsletter_access":"","_jetpack_dont_email_post_to_subs":false,"_jetpack_newsletter_tier_id":0,"_jetpack_memberships_contains_paywalled_content":false,"_jetpack_memberships_contains_paid_content":false,"_joinchat":[],"footnotes":""},"categories":[15302,5,2],"tags":[],"class_list":["post-89467","post","type-post","status-publish","format-standard","has-post-thumbnail","hentry","category-destacado","category-sociedad","category-villa-maria"],"yoast_head":"<!-- This site is optimized with the Yoast SEO plugin v28.4 - https:\/\/yoast.com\/product\/yoast-seo-wordpress\/ -->\n<title>El FONCyT seleccion\u00f3 tres proyectos de la UNVM - El Regional<\/title>\n<meta name=\"robots\" content=\"index, follow, max-snippet:-1, max-image-preview:large, max-video-preview:-1\" \/>\n<link rel=\"canonical\" href=\"https:\/\/elregionalvm.com.ar\/noticias-villa-maria\/el-foncyt-selecciono-tres-proyectos-de-la-unvm\/\" \/>\n<meta property=\"og:locale\" content=\"es_ES\" \/>\n<meta property=\"og:type\" content=\"article\" \/>\n<meta property=\"og:title\" content=\"El FONCyT seleccion\u00f3 tres proyectos de la UNVM - El Regional\" \/>\n<meta property=\"og:description\" content=\"Se trata de investigaciones a realizarse a trav\u00e9s del IMITAB, el CConFInES y el CIT-VM. Las investigadoras responsables son Romina Bachetti, Andrea G\u00f3mez S\u00e1nchez y Ang\u00e9lica Alvites Baiadera. Tres proyectos de investigaci\u00f3n radicados en la Universidad Nacional de Villa Mar\u00eda (UNVM) fueron seleccionados por la Agencia Nacional de Promoci\u00f3n de la Investigaci\u00f3n, el Desarrollo Tecnol\u00f3gico [&hellip;]\" \/>\n<meta property=\"og:url\" content=\"https:\/\/elregionalvm.com.ar\/noticias-villa-maria\/el-foncyt-selecciono-tres-proyectos-de-la-unvm\/\" \/>\n<meta property=\"og:site_name\" content=\"El Regional\" \/>\n<meta property=\"article:publisher\" content=\"https:\/\/www.facebook.com\/elregionalvm\" \/>\n<meta property=\"article:published_time\" content=\"2024-02-05T01:00:45+00:00\" \/>\n<meta property=\"article:modified_time\" content=\"2024-02-05T01:00:47+00:00\" \/>\n<meta property=\"og:image\" content=\"https:\/\/elregionalvm.com.ar\/noticias-villa-maria\/wp-content\/uploads\/2024\/02\/Resultados_Foncyt_UNVM-980x695-1.jpg\" \/>\n\t<meta property=\"og:image:width\" content=\"980\" \/>\n\t<meta property=\"og:image:height\" content=\"695\" \/>\n\t<meta property=\"og:image:type\" content=\"image\/jpeg\" \/>\n<meta name=\"author\" content=\"Contenidos El Regional\" \/>\n<meta name=\"twitter:card\" content=\"summary_large_image\" \/>\n<meta name=\"twitter:creator\" content=\"@elregionalvm1\" \/>\n<meta name=\"twitter:site\" content=\"@elregionalvm1\" \/>\n<meta name=\"twitter:label1\" content=\"Escrito por\" \/>\n\t<meta name=\"twitter:data1\" content=\"Contenidos El Regional\" \/>\n\t<meta name=\"twitter:label2\" content=\"Tiempo de lectura\" \/>\n\t<meta name=\"twitter:data2\" content=\"2 minutos\" \/>\n<script type=\"application\/ld+json\" class=\"yoast-schema-graph\">{\"@context\":\"https:\\\/\\\/schema.org\",\"@graph\":[{\"@type\":\"Article\",\"@id\":\"https:\\\/\\\/elregionalvm.com.ar\\\/noticias-villa-maria\\\/el-foncyt-selecciono-tres-proyectos-de-la-unvm\\\/#article\",\"isPartOf\":{\"@id\":\"https:\\\/\\\/elregionalvm.com.ar\\\/noticias-villa-maria\\\/el-foncyt-selecciono-tres-proyectos-de-la-unvm\\\/\"},\"author\":{\"name\":\"Contenidos El Regional\",\"@id\":\"http:\\\/\\\/elregionalvm.com.ar\\\/noticias-villa-maria\\\/#\\\/schema\\\/person\\\/a0fb9c422317faca23d50163151bc354\"},\"headline\":\"El FONCyT seleccion\u00f3 tres proyectos de la UNVM\",\"datePublished\":\"2024-02-05T01:00:45+00:00\",\"dateModified\":\"2024-02-05T01:00:47+00:00\",\"mainEntityOfPage\":{\"@id\":\"https:\\\/\\\/elregionalvm.com.ar\\\/noticias-villa-maria\\\/el-foncyt-selecciono-tres-proyectos-de-la-unvm\\\/\"},\"wordCount\":441,\"commentCount\":0,\"image\":{\"@id\":\"https:\\\/\\\/elregionalvm.com.ar\\\/noticias-villa-maria\\\/el-foncyt-selecciono-tres-proyectos-de-la-unvm\\\/#primaryimage\"},\"thumbnailUrl\":\"https:\\\/\\\/i0.wp.com\\\/elregionalvm.com.ar\\\/noticias-villa-maria\\\/wp-content\\\/uploads\\\/2024\\\/02\\\/Resultados_Foncyt_UNVM-980x695-1.jpg?fit=980%2C695&ssl=1\",\"articleSection\":[\"destacado\",\"Sociedad\",\"Villa Mar\u00eda\"],\"inLanguage\":\"es\",\"potentialAction\":[{\"@type\":\"CommentAction\",\"name\":\"Comment\",\"target\":[\"https:\\\/\\\/elregionalvm.com.ar\\\/noticias-villa-maria\\\/el-foncyt-selecciono-tres-proyectos-de-la-unvm\\\/#respond\"]}]},{\"@type\":\"WebPage\",\"@id\":\"https:\\\/\\\/elregionalvm.com.ar\\\/noticias-villa-maria\\\/el-foncyt-selecciono-tres-proyectos-de-la-unvm\\\/\",\"url\":\"https:\\\/\\\/elregionalvm.com.ar\\\/noticias-villa-maria\\\/el-foncyt-selecciono-tres-proyectos-de-la-unvm\\\/\",\"name\":\"El FONCyT seleccion\u00f3 tres proyectos de la UNVM - El Regional\",\"isPartOf\":{\"@id\":\"http:\\\/\\\/elregionalvm.com.ar\\\/noticias-villa-maria\\\/#website\"},\"primaryImageOfPage\":{\"@id\":\"https:\\\/\\\/elregionalvm.com.ar\\\/noticias-villa-maria\\\/el-foncyt-selecciono-tres-proyectos-de-la-unvm\\\/#primaryimage\"},\"image\":{\"@id\":\"https:\\\/\\\/elregionalvm.com.ar\\\/noticias-villa-maria\\\/el-foncyt-selecciono-tres-proyectos-de-la-unvm\\\/#primaryimage\"},\"thumbnailUrl\":\"https:\\\/\\\/i0.wp.com\\\/elregionalvm.com.ar\\\/noticias-villa-maria\\\/wp-content\\\/uploads\\\/2024\\\/02\\\/Resultados_Foncyt_UNVM-980x695-1.jpg?fit=980%2C695&ssl=1\",\"datePublished\":\"2024-02-05T01:00:45+00:00\",\"dateModified\":\"2024-02-05T01:00:47+00:00\",\"author\":{\"@id\":\"http:\\\/\\\/elregionalvm.com.ar\\\/noticias-villa-maria\\\/#\\\/schema\\\/person\\\/a0fb9c422317faca23d50163151bc354\"},\"breadcrumb\":{\"@id\":\"https:\\\/\\\/elregionalvm.com.ar\\\/noticias-villa-maria\\\/el-foncyt-selecciono-tres-proyectos-de-la-unvm\\\/#breadcrumb\"},\"inLanguage\":\"es\",\"potentialAction\":[{\"@type\":\"ReadAction\",\"target\":[\"https:\\\/\\\/elregionalvm.com.ar\\\/noticias-villa-maria\\\/el-foncyt-selecciono-tres-proyectos-de-la-unvm\\\/\"]}]},{\"@type\":\"ImageObject\",\"inLanguage\":\"es\",\"@id\":\"https:\\\/\\\/elregionalvm.com.ar\\\/noticias-villa-maria\\\/el-foncyt-selecciono-tres-proyectos-de-la-unvm\\\/#primaryimage\",\"url\":\"https:\\\/\\\/i0.wp.com\\\/elregionalvm.com.ar\\\/noticias-villa-maria\\\/wp-content\\\/uploads\\\/2024\\\/02\\\/Resultados_Foncyt_UNVM-980x695-1.jpg?fit=980%2C695&ssl=1\",\"contentUrl\":\"https:\\\/\\\/i0.wp.com\\\/elregionalvm.com.ar\\\/noticias-villa-maria\\\/wp-content\\\/uploads\\\/2024\\\/02\\\/Resultados_Foncyt_UNVM-980x695-1.jpg?fit=980%2C695&ssl=1\",\"width\":980,\"height\":695},{\"@type\":\"BreadcrumbList\",\"@id\":\"https:\\\/\\\/elregionalvm.com.ar\\\/noticias-villa-maria\\\/el-foncyt-selecciono-tres-proyectos-de-la-unvm\\\/#breadcrumb\",\"itemListElement\":[{\"@type\":\"ListItem\",\"position\":1,\"name\":\"Portada\",\"item\":\"https:\\\/\\\/elregionalvm.com.ar\\\/noticias-villa-maria\\\/\"},{\"@type\":\"ListItem\",\"position\":2,\"name\":\"El FONCyT seleccion\u00f3 tres proyectos de la UNVM\"}]},{\"@type\":\"WebSite\",\"@id\":\"http:\\\/\\\/elregionalvm.com.ar\\\/noticias-villa-maria\\\/#website\",\"url\":\"http:\\\/\\\/elregionalvm.com.ar\\\/noticias-villa-maria\\\/\",\"name\":\"El Regional\",\"description\":\"Mucho m\u00e1s que informaci\u00f3n\",\"potentialAction\":[{\"@type\":\"SearchAction\",\"target\":{\"@type\":\"EntryPoint\",\"urlTemplate\":\"http:\\\/\\\/elregionalvm.com.ar\\\/noticias-villa-maria\\\/?s={search_term_string}\"},\"query-input\":{\"@type\":\"PropertyValueSpecification\",\"valueRequired\":true,\"valueName\":\"search_term_string\"}}],\"inLanguage\":\"es\"},{\"@type\":\"Person\",\"@id\":\"http:\\\/\\\/elregionalvm.com.ar\\\/noticias-villa-maria\\\/#\\\/schema\\\/person\\\/a0fb9c422317faca23d50163151bc354\",\"name\":\"Contenidos El Regional\",\"image\":{\"@type\":\"ImageObject\",\"inLanguage\":\"es\",\"@id\":\"https:\\\/\\\/secure.gravatar.com\\\/avatar\\\/265b27cb2209af7bb3a1318f03305787d7981a5cc6e6cd08fe5a4ecdf99d4b48?s=96&d=mm&r=g\",\"url\":\"https:\\\/\\\/secure.gravatar.com\\\/avatar\\\/265b27cb2209af7bb3a1318f03305787d7981a5cc6e6cd08fe5a4ecdf99d4b48?s=96&d=mm&r=g\",\"contentUrl\":\"https:\\\/\\\/secure.gravatar.com\\\/avatar\\\/265b27cb2209af7bb3a1318f03305787d7981a5cc6e6cd08fe5a4ecdf99d4b48?s=96&d=mm&r=g\",\"caption\":\"Contenidos El Regional\"},\"url\":\"https:\\\/\\\/elregionalvm.com.ar\\\/noticias-villa-maria\\\/author\\\/contenido\\\/\"}]}<\/script>\n<!-- \/ Yoast SEO plugin. -->","yoast_head_json":{"title":"El FONCyT seleccion\u00f3 tres proyectos de la UNVM - El Regional","robots":{"index":"index","follow":"follow","max-snippet":"max-snippet:-1","max-image-preview":"max-image-preview:large","max-video-preview":"max-video-preview:-1"},"canonical":"https:\/\/elregionalvm.com.ar\/noticias-villa-maria\/el-foncyt-selecciono-tres-proyectos-de-la-unvm\/","og_locale":"es_ES","og_type":"article","og_title":"El FONCyT seleccion\u00f3 tres proyectos de la UNVM - El Regional","og_description":"Se trata de investigaciones a realizarse a trav\u00e9s del IMITAB, el CConFInES y el CIT-VM. Las investigadoras responsables son Romina Bachetti, Andrea G\u00f3mez S\u00e1nchez y Ang\u00e9lica Alvites Baiadera. Tres proyectos de investigaci\u00f3n radicados en la Universidad Nacional de Villa Mar\u00eda (UNVM) fueron seleccionados por la Agencia Nacional de Promoci\u00f3n de la Investigaci\u00f3n, el Desarrollo Tecnol\u00f3gico [&hellip;]","og_url":"https:\/\/elregionalvm.com.ar\/noticias-villa-maria\/el-foncyt-selecciono-tres-proyectos-de-la-unvm\/","og_site_name":"El Regional","article_publisher":"https:\/\/www.facebook.com\/elregionalvm","article_published_time":"2024-02-05T01:00:45+00:00","article_modified_time":"2024-02-05T01:00:47+00:00","og_image":[{"width":980,"height":695,"url":"https:\/\/elregionalvm.com.ar\/noticias-villa-maria\/wp-content\/uploads\/2024\/02\/Resultados_Foncyt_UNVM-980x695-1.jpg","type":"image\/jpeg"}],"author":"Contenidos El Regional","twitter_card":"summary_large_image","twitter_creator":"@elregionalvm1","twitter_site":"@elregionalvm1","twitter_misc":{"Escrito por":"Contenidos El Regional","Tiempo de lectura":"2 minutos"},"schema":{"@context":"https:\/\/schema.org","@graph":[{"@type":"Article","@id":"https:\/\/elregionalvm.com.ar\/noticias-villa-maria\/el-foncyt-selecciono-tres-proyectos-de-la-unvm\/#article","isPartOf":{"@id":"https:\/\/elregionalvm.com.ar\/noticias-villa-maria\/el-foncyt-selecciono-tres-proyectos-de-la-unvm\/"},"author":{"name":"Contenidos El Regional","@id":"http:\/\/elregionalvm.com.ar\/noticias-villa-maria\/#\/schema\/person\/a0fb9c422317faca23d50163151bc354"},"headline":"El FONCyT seleccion\u00f3 tres proyectos de la UNVM","datePublished":"2024-02-05T01:00:45+00:00","dateModified":"2024-02-05T01:00:47+00:00","mainEntityOfPage":{"@id":"https:\/\/elregionalvm.com.ar\/noticias-villa-maria\/el-foncyt-selecciono-tres-proyectos-de-la-unvm\/"},"wordCount":441,"commentCount":0,"image":{"@id":"https:\/\/elregionalvm.com.ar\/noticias-villa-maria\/el-foncyt-selecciono-tres-proyectos-de-la-unvm\/#primaryimage"},"thumbnailUrl":"https:\/\/i0.wp.com\/elregionalvm.com.ar\/noticias-villa-maria\/wp-content\/uploads\/2024\/02\/Resultados_Foncyt_UNVM-980x695-1.jpg?fit=980%2C695&ssl=1","articleSection":["destacado","Sociedad","Villa Mar\u00eda"],"inLanguage":"es","potentialAction":[{"@type":"CommentAction","name":"Comment","target":["https:\/\/elregionalvm.com.ar\/noticias-villa-maria\/el-foncyt-selecciono-tres-proyectos-de-la-unvm\/#respond"]}]},{"@type":"WebPage","@id":"https:\/\/elregionalvm.com.ar\/noticias-villa-maria\/el-foncyt-selecciono-tres-proyectos-de-la-unvm\/","url":"https:\/\/elregionalvm.com.ar\/noticias-villa-maria\/el-foncyt-selecciono-tres-proyectos-de-la-unvm\/","name":"El FONCyT seleccion\u00f3 tres proyectos de la UNVM - El Regional","isPartOf":{"@id":"http:\/\/elregionalvm.com.ar\/noticias-villa-maria\/#website"},"primaryImageOfPage":{"@id":"https:\/\/elregionalvm.com.ar\/noticias-villa-maria\/el-foncyt-selecciono-tres-proyectos-de-la-unvm\/#primaryimage"},"image":{"@id":"https:\/\/elregionalvm.com.ar\/noticias-villa-maria\/el-foncyt-selecciono-tres-proyectos-de-la-unvm\/#primaryimage"},"thumbnailUrl":"https:\/\/i0.wp.com\/elregionalvm.com.ar\/noticias-villa-maria\/wp-content\/uploads\/2024\/02\/Resultados_Foncyt_UNVM-980x695-1.jpg?fit=980%2C695&ssl=1","datePublished":"2024-02-05T01:00:45+00:00","dateModified":"2024-02-05T01:00:47+00:00","author":{"@id":"http:\/\/elregionalvm.com.ar\/noticias-villa-maria\/#\/schema\/person\/a0fb9c422317faca23d50163151bc354"},"breadcrumb":{"@id":"https:\/\/elregionalvm.com.ar\/noticias-villa-maria\/el-foncyt-selecciono-tres-proyectos-de-la-unvm\/#breadcrumb"},"inLanguage":"es","potentialAction":[{"@type":"ReadAction","target":["https:\/\/elregionalvm.com.ar\/noticias-villa-maria\/el-foncyt-selecciono-tres-proyectos-de-la-unvm\/"]}]},{"@type":"ImageObject","inLanguage":"es","@id":"https:\/\/elregionalvm.com.ar\/noticias-villa-maria\/el-foncyt-selecciono-tres-proyectos-de-la-unvm\/#primaryimage","url":"https:\/\/i0.wp.com\/elregionalvm.com.ar\/noticias-villa-maria\/wp-content\/uploads\/2024\/02\/Resultados_Foncyt_UNVM-980x695-1.jpg?fit=980%2C695&ssl=1","contentUrl":"https:\/\/i0.wp.com\/elregionalvm.com.ar\/noticias-villa-maria\/wp-content\/uploads\/2024\/02\/Resultados_Foncyt_UNVM-980x695-1.jpg?fit=980%2C695&ssl=1","width":980,"height":695},{"@type":"BreadcrumbList","@id":"https:\/\/elregionalvm.com.ar\/noticias-villa-maria\/el-foncyt-selecciono-tres-proyectos-de-la-unvm\/#breadcrumb","itemListElement":[{"@type":"ListItem","position":1,"name":"Portada","item":"https:\/\/elregionalvm.com.ar\/noticias-villa-maria\/"},{"@type":"ListItem","position":2,"name":"El FONCyT seleccion\u00f3 tres proyectos de la UNVM"}]},{"@type":"WebSite","@id":"http:\/\/elregionalvm.com.ar\/noticias-villa-maria\/#website","url":"http:\/\/elregionalvm.com.ar\/noticias-villa-maria\/","name":"El Regional","description":"Mucho m\u00e1s que informaci\u00f3n","potentialAction":[{"@type":"SearchAction","target":{"@type":"EntryPoint","urlTemplate":"http:\/\/elregionalvm.com.ar\/noticias-villa-maria\/?s={search_term_string}"},"query-input":{"@type":"PropertyValueSpecification","valueRequired":true,"valueName":"search_term_string"}}],"inLanguage":"es"},{"@type":"Person","@id":"http:\/\/elregionalvm.com.ar\/noticias-villa-maria\/#\/schema\/person\/a0fb9c422317faca23d50163151bc354","name":"Contenidos El Regional","image":{"@type":"ImageObject","inLanguage":"es","@id":"https:\/\/secure.gravatar.com\/avatar\/265b27cb2209af7bb3a1318f03305787d7981a5cc6e6cd08fe5a4ecdf99d4b48?s=96&d=mm&r=g","url":"https:\/\/secure.gravatar.com\/avatar\/265b27cb2209af7bb3a1318f03305787d7981a5cc6e6cd08fe5a4ecdf99d4b48?s=96&d=mm&r=g","contentUrl":"https:\/\/secure.gravatar.com\/avatar\/265b27cb2209af7bb3a1318f03305787d7981a5cc6e6cd08fe5a4ecdf99d4b48?s=96&d=mm&r=g","caption":"Contenidos El Regional"},"url":"https:\/\/elregionalvm.com.ar\/noticias-villa-maria\/author\/contenido\/"}]}},"jetpack_sharing_enabled":true,"jetpack_featured_media_url":"https:\/\/i0.wp.com\/elregionalvm.com.ar\/noticias-villa-maria\/wp-content\/uploads\/2024\/02\/Resultados_Foncyt_UNVM-980x695-1.jpg?fit=980%2C695&ssl=1","_links":{"self":[{"href":"https:\/\/elregionalvm.com.ar\/noticias-villa-maria\/wp-json\/wp\/v2\/posts\/89467","targetHints":{"allow":["GET"]}}],"collection":[{"href":"https:\/\/elregionalvm.com.ar\/noticias-villa-maria\/wp-json\/wp\/v2\/posts"}],"about":[{"href":"https:\/\/elregionalvm.com.ar\/noticias-villa-maria\/wp-json\/wp\/v2\/types\/post"}],"author":[{"embeddable":true,"href":"https:\/\/elregionalvm.com.ar\/noticias-villa-maria\/wp-json\/wp\/v2\/users\/4"}],"replies":[{"embeddable":true,"href":"https:\/\/elregionalvm.com.ar\/noticias-villa-maria\/wp-json\/wp\/v2\/comments?post=89467"}],"version-history":[{"count":1,"href":"https:\/\/elregionalvm.com.ar\/noticias-villa-maria\/wp-json\/wp\/v2\/posts\/89467\/revisions"}],"predecessor-version":[{"id":89469,"href":"https:\/\/elregionalvm.com.ar\/noticias-villa-maria\/wp-json\/wp\/v2\/posts\/89467\/revisions\/89469"}],"wp:featuredmedia":[{"embeddable":true,"href":"https:\/\/elregionalvm.com.ar\/noticias-villa-maria\/wp-json\/wp\/v2\/media\/89468"}],"wp:attachment":[{"href":"https:\/\/elregionalvm.com.ar\/noticias-villa-maria\/wp-json\/wp\/v2\/media?parent=89467"}],"wp:term":[{"taxonomy":"category","embeddable":true,"href":"https:\/\/elregionalvm.com.ar\/noticias-villa-maria\/wp-json\/wp\/v2\/categories?post=89467"},{"taxonomy":"post_tag","embeddable":true,"href":"https:\/\/elregionalvm.com.ar\/noticias-villa-maria\/wp-json\/wp\/v2\/tags?post=89467"}],"curies":[{"name":"wp","href":"https:\/\/api.w.org\/{rel}","templated":true}]}}