{"id":90228,"date":"2024-02-20T16:44:01","date_gmt":"2024-02-20T16:44:01","guid":{"rendered":"https:\/\/elregionalvm.com.ar\/noticias-villa-maria\/?p=90228"},"modified":"2024-02-20T16:44:02","modified_gmt":"2024-02-20T16:44:02","slug":"chazon-el-municipio-realizo-tareas-de-mejoras-en-las-escuelas","status":"publish","type":"post","link":"https:\/\/elregionalvm.com.ar\/noticias-villa-maria\/chazon-el-municipio-realizo-tareas-de-mejoras-en-las-escuelas\/","title":{"rendered":"Chaz\u00f3n: El municipio realiz\u00f3 tareas de mejoras en las escuelas"},"content":{"rendered":"\n<p>Los distintos centros educativos de la localidad recibieron tareas de acondicionamiento por parte de personal municipal ante el inminente inicio de clase.<\/p>\n\n\n\n<p>En el Jard\u00edn de Infantes Arturo Illia se realiz\u00f3 tareas de pintura y se instal\u00f3 nuevas luminarias LED en las aulas.<\/p>\n\n\n\n<p>En tanto, en la Escuela primaria Miguel Rodr\u00edguez de la Torre se reacondicion\u00f3 los ba\u00f1os, se ejecut\u00f3 tareas de pintura y limpieza de los tapiales del patio.<\/p>\n\n\n\n<p><\/p>\n\n\n\n<figure class=\"wp-block-image size-large\"><img data-recalc-dims=\"1\" fetchpriority=\"high\" decoding=\"async\" width=\"1024\" height=\"662\" src=\"https:\/\/i0.wp.com\/elregionalvm.com.ar\/noticias-villa-maria\/wp-content\/uploads\/2024\/02\/Chazon-arreglos-en-escuelas-1024x662.jpg?resize=1024%2C662&#038;ssl=1\" alt=\"\" class=\"wp-image-90231\" srcset=\"https:\/\/i0.wp.com\/elregionalvm.com.ar\/noticias-villa-maria\/wp-content\/uploads\/2024\/02\/Chazon-arreglos-en-escuelas.jpg?resize=1024%2C662&amp;ssl=1 1024w, https:\/\/i0.wp.com\/elregionalvm.com.ar\/noticias-villa-maria\/wp-content\/uploads\/2024\/02\/Chazon-arreglos-en-escuelas.jpg?resize=300%2C194&amp;ssl=1 300w, https:\/\/i0.wp.com\/elregionalvm.com.ar\/noticias-villa-maria\/wp-content\/uploads\/2024\/02\/Chazon-arreglos-en-escuelas.jpg?resize=768%2C497&amp;ssl=1 768w, https:\/\/i0.wp.com\/elregionalvm.com.ar\/noticias-villa-maria\/wp-content\/uploads\/2024\/02\/Chazon-arreglos-en-escuelas.jpg?w=1200&amp;ssl=1 1200w\" sizes=\"(max-width: 1000px) 100vw, 1000px\" \/><\/figure>\n\n\n\n<p><\/p>\n\n\n\n<p>Por el lado del Instituto Secundario IAICH, se efectu\u00f3 arreglos del piso en dos aulas.<\/p>\n\n\n\n<p>En la escuela Patricias Argentinas se desarroll\u00f3 tareas de desmalezado y mantenimiento general del predio.<\/p>\n\n\n\n<p>En todos los centros educativos se realiz\u00f3, adem\u00e1s, la limpieza en los tanques de agua.<\/p>\n\n\n\n<p><\/p>\n","protected":false},"excerpt":{"rendered":"<p>Los distintos centros educativos de la localidad recibieron tareas de acondicionamiento por parte de personal municipal ante el inminente inicio de clase. En el Jard\u00edn de Infantes Arturo Illia se realiz\u00f3 tareas de pintura y se instal\u00f3 nuevas luminarias LED en las aulas. En tanto, en la Escuela primaria Miguel Rodr\u00edguez de la Torre se [&hellip;]<\/p>\n","protected":false},"author":4,"featured_media":90230,"comment_status":"open","ping_status":"open","sticky":false,"template":"","format":"standard","meta":{"site-sidebar-layout":"default","site-content-layout":"","ast-site-content-layout":"default","site-content-style":"default","site-sidebar-style":"default","ast-global-header-display":"","ast-banner-title-visibility":"","ast-main-header-display":"","ast-hfb-above-header-display":"","ast-hfb-below-header-display":"","ast-hfb-mobile-header-display":"","site-post-title":"","ast-breadcrumbs-content":"","ast-featured-img":"","footer-sml-layout":"","ast-disable-related-posts":"","theme-transparent-header-meta":"","adv-header-id-meta":"","stick-header-meta":"","header-above-stick-meta":"","header-main-stick-meta":"","header-below-stick-meta":"","astra-migrate-meta-layouts":"set","ast-page-background-enabled":"default","ast-page-background-meta":{"desktop":{"background-color":"","background-image":"","background-repeat":"repeat","background-position":"center center","background-size":"auto","background-attachment":"scroll","background-type":"","background-media":"","overlay-type":"","overlay-color":"","overlay-opacity":"","overlay-gradient":""},"tablet":{"background-color":"","background-image":"","background-repeat":"repeat","background-position":"center center","background-size":"auto","background-attachment":"scroll","background-type":"","background-media":"","overlay-type":"","overlay-color":"","overlay-opacity":"","overlay-gradient":""},"mobile":{"background-color":"","background-image":"","background-repeat":"repeat","background-position":"center center","background-size":"auto","background-attachment":"scroll","background-type":"","background-media":"","overlay-type":"","overlay-color":"","overlay-opacity":"","overlay-gradient":""}},"ast-content-background-meta":{"desktop":{"background-color":"var(--ast-global-color-5)","background-image":"","background-repeat":"repeat","background-position":"center center","background-size":"auto","background-attachment":"scroll","background-type":"","background-media":"","overlay-type":"","overlay-color":"","overlay-opacity":"","overlay-gradient":""},"tablet":{"background-color":"var(--ast-global-color-5)","background-image":"","background-repeat":"repeat","background-position":"center center","background-size":"auto","background-attachment":"scroll","background-type":"","background-media":"","overlay-type":"","overlay-color":"","overlay-opacity":"","overlay-gradient":""},"mobile":{"background-color":"var(--ast-global-color-5)","background-image":"","background-repeat":"repeat","background-position":"center center","background-size":"auto","background-attachment":"scroll","background-type":"","background-media":"","overlay-type":"","overlay-color":"","overlay-opacity":"","overlay-gradient":""}},"_jetpack_memberships_contains_paid_content":false,"_joinchat":[],"footnotes":""},"categories":[15302,2091],"tags":[7325,36,2901,2156,11908,4289,2951,9231],"class_list":["post-90228","post","type-post","status-publish","format-standard","has-post-thumbnail","hentry","category-destacado","category-region","tag-acondicionamiento","tag-chazon","tag-ciclo-lectivo","tag-clases","tag-colegios","tag-escuelas","tag-mejoras","tag-tareas"],"yoast_head":"<!-- This site is optimized with the Yoast SEO plugin v26.8 - https:\/\/yoast.com\/product\/yoast-seo-wordpress\/ -->\n<title>Chaz\u00f3n: El municipio realiz\u00f3 tareas de mejoras en las escuelas - El Regional<\/title>\n<meta name=\"robots\" content=\"index, follow, max-snippet:-1, max-image-preview:large, max-video-preview:-1\" \/>\n<link rel=\"canonical\" href=\"https:\/\/elregionalvm.com.ar\/noticias-villa-maria\/chazon-el-municipio-realizo-tareas-de-mejoras-en-las-escuelas\/\" \/>\n<meta property=\"og:locale\" content=\"es_ES\" \/>\n<meta property=\"og:type\" content=\"article\" \/>\n<meta property=\"og:title\" content=\"Chaz\u00f3n: El municipio realiz\u00f3 tareas de mejoras en las escuelas - El Regional\" \/>\n<meta property=\"og:description\" content=\"Los distintos centros educativos de la localidad recibieron tareas de acondicionamiento por parte de personal municipal ante el inminente inicio de clase. En el Jard\u00edn de Infantes Arturo Illia se realiz\u00f3 tareas de pintura y se instal\u00f3 nuevas luminarias LED en las aulas. En tanto, en la Escuela primaria Miguel Rodr\u00edguez de la Torre se [&hellip;]\" \/>\n<meta property=\"og:url\" content=\"https:\/\/elregionalvm.com.ar\/noticias-villa-maria\/chazon-el-municipio-realizo-tareas-de-mejoras-en-las-escuelas\/\" \/>\n<meta property=\"og:site_name\" content=\"El Regional\" \/>\n<meta property=\"article:publisher\" content=\"https:\/\/www.facebook.com\/elregionalvm\" \/>\n<meta property=\"article:published_time\" content=\"2024-02-20T16:44:01+00:00\" \/>\n<meta property=\"article:modified_time\" content=\"2024-02-20T16:44:02+00:00\" \/>\n<meta property=\"og:image\" content=\"https:\/\/elregionalvm.com.ar\/noticias-villa-maria\/wp-content\/uploads\/2024\/02\/Chazon-arreglos-en-escuelas-2.jpg\" \/>\n\t<meta property=\"og:image:width\" content=\"1200\" \/>\n\t<meta property=\"og:image:height\" content=\"683\" \/>\n\t<meta property=\"og:image:type\" content=\"image\/jpeg\" \/>\n<meta name=\"author\" content=\"Contenidos El Regional\" \/>\n<meta name=\"twitter:card\" content=\"summary_large_image\" \/>\n<meta name=\"twitter:creator\" content=\"@elregionalvm1\" \/>\n<meta name=\"twitter:site\" content=\"@elregionalvm1\" \/>\n<meta name=\"twitter:label1\" content=\"Escrito por\" \/>\n\t<meta name=\"twitter:data1\" content=\"Contenidos El Regional\" \/>\n\t<meta name=\"twitter:label2\" content=\"Tiempo de lectura\" \/>\n\t<meta name=\"twitter:data2\" content=\"1 minuto\" \/>\n<script type=\"application\/ld+json\" class=\"yoast-schema-graph\">{\"@context\":\"https:\/\/schema.org\",\"@graph\":[{\"@type\":\"Article\",\"@id\":\"https:\/\/elregionalvm.com.ar\/noticias-villa-maria\/chazon-el-municipio-realizo-tareas-de-mejoras-en-las-escuelas\/#article\",\"isPartOf\":{\"@id\":\"https:\/\/elregionalvm.com.ar\/noticias-villa-maria\/chazon-el-municipio-realizo-tareas-de-mejoras-en-las-escuelas\/\"},\"author\":{\"name\":\"Contenidos El Regional\",\"@id\":\"http:\/\/elregionalvm.com.ar\/noticias-villa-maria\/#\/schema\/person\/a0fb9c422317faca23d50163151bc354\"},\"headline\":\"Chaz\u00f3n: El municipio realiz\u00f3 tareas de mejoras en las escuelas\",\"datePublished\":\"2024-02-20T16:44:01+00:00\",\"dateModified\":\"2024-02-20T16:44:02+00:00\",\"mainEntityOfPage\":{\"@id\":\"https:\/\/elregionalvm.com.ar\/noticias-villa-maria\/chazon-el-municipio-realizo-tareas-de-mejoras-en-las-escuelas\/\"},\"wordCount\":130,\"commentCount\":0,\"image\":{\"@id\":\"https:\/\/elregionalvm.com.ar\/noticias-villa-maria\/chazon-el-municipio-realizo-tareas-de-mejoras-en-las-escuelas\/#primaryimage\"},\"thumbnailUrl\":\"https:\/\/i0.wp.com\/elregionalvm.com.ar\/noticias-villa-maria\/wp-content\/uploads\/2024\/02\/Chazon-arreglos-en-escuelas-2.jpg?fit=1200%2C683&ssl=1\",\"keywords\":[\"acondicionamiento\",\"Chaz\u00f3n\",\"ciclo lectivo\",\"Clases\",\"colegios\",\"escuelas\",\"mejoras\",\"tareas\"],\"articleSection\":[\"destacado\",\"Regi\u00f3n\"],\"inLanguage\":\"es\",\"potentialAction\":[{\"@type\":\"CommentAction\",\"name\":\"Comment\",\"target\":[\"https:\/\/elregionalvm.com.ar\/noticias-villa-maria\/chazon-el-municipio-realizo-tareas-de-mejoras-en-las-escuelas\/#respond\"]}]},{\"@type\":\"WebPage\",\"@id\":\"https:\/\/elregionalvm.com.ar\/noticias-villa-maria\/chazon-el-municipio-realizo-tareas-de-mejoras-en-las-escuelas\/\",\"url\":\"https:\/\/elregionalvm.com.ar\/noticias-villa-maria\/chazon-el-municipio-realizo-tareas-de-mejoras-en-las-escuelas\/\",\"name\":\"Chaz\u00f3n: El municipio realiz\u00f3 tareas de mejoras en las escuelas - El Regional\",\"isPartOf\":{\"@id\":\"http:\/\/elregionalvm.com.ar\/noticias-villa-maria\/#website\"},\"primaryImageOfPage\":{\"@id\":\"https:\/\/elregionalvm.com.ar\/noticias-villa-maria\/chazon-el-municipio-realizo-tareas-de-mejoras-en-las-escuelas\/#primaryimage\"},\"image\":{\"@id\":\"https:\/\/elregionalvm.com.ar\/noticias-villa-maria\/chazon-el-municipio-realizo-tareas-de-mejoras-en-las-escuelas\/#primaryimage\"},\"thumbnailUrl\":\"https:\/\/i0.wp.com\/elregionalvm.com.ar\/noticias-villa-maria\/wp-content\/uploads\/2024\/02\/Chazon-arreglos-en-escuelas-2.jpg?fit=1200%2C683&ssl=1\",\"datePublished\":\"2024-02-20T16:44:01+00:00\",\"dateModified\":\"2024-02-20T16:44:02+00:00\",\"author\":{\"@id\":\"http:\/\/elregionalvm.com.ar\/noticias-villa-maria\/#\/schema\/person\/a0fb9c422317faca23d50163151bc354\"},\"breadcrumb\":{\"@id\":\"https:\/\/elregionalvm.com.ar\/noticias-villa-maria\/chazon-el-municipio-realizo-tareas-de-mejoras-en-las-escuelas\/#breadcrumb\"},\"inLanguage\":\"es\",\"potentialAction\":[{\"@type\":\"ReadAction\",\"target\":[\"https:\/\/elregionalvm.com.ar\/noticias-villa-maria\/chazon-el-municipio-realizo-tareas-de-mejoras-en-las-escuelas\/\"]}]},{\"@type\":\"ImageObject\",\"inLanguage\":\"es\",\"@id\":\"https:\/\/elregionalvm.com.ar\/noticias-villa-maria\/chazon-el-municipio-realizo-tareas-de-mejoras-en-las-escuelas\/#primaryimage\",\"url\":\"https:\/\/i0.wp.com\/elregionalvm.com.ar\/noticias-villa-maria\/wp-content\/uploads\/2024\/02\/Chazon-arreglos-en-escuelas-2.jpg?fit=1200%2C683&ssl=1\",\"contentUrl\":\"https:\/\/i0.wp.com\/elregionalvm.com.ar\/noticias-villa-maria\/wp-content\/uploads\/2024\/02\/Chazon-arreglos-en-escuelas-2.jpg?fit=1200%2C683&ssl=1\",\"width\":1200,\"height\":683},{\"@type\":\"BreadcrumbList\",\"@id\":\"https:\/\/elregionalvm.com.ar\/noticias-villa-maria\/chazon-el-municipio-realizo-tareas-de-mejoras-en-las-escuelas\/#breadcrumb\",\"itemListElement\":[{\"@type\":\"ListItem\",\"position\":1,\"name\":\"Portada\",\"item\":\"https:\/\/elregionalvm.com.ar\/noticias-villa-maria\/\"},{\"@type\":\"ListItem\",\"position\":2,\"name\":\"Chaz\u00f3n: El municipio realiz\u00f3 tareas de mejoras en las escuelas\"}]},{\"@type\":\"WebSite\",\"@id\":\"http:\/\/elregionalvm.com.ar\/noticias-villa-maria\/#website\",\"url\":\"http:\/\/elregionalvm.com.ar\/noticias-villa-maria\/\",\"name\":\"El Regional\",\"description\":\"Mucho m\u00e1s que informaci\u00f3n\",\"potentialAction\":[{\"@type\":\"SearchAction\",\"target\":{\"@type\":\"EntryPoint\",\"urlTemplate\":\"http:\/\/elregionalvm.com.ar\/noticias-villa-maria\/?s={search_term_string}\"},\"query-input\":{\"@type\":\"PropertyValueSpecification\",\"valueRequired\":true,\"valueName\":\"search_term_string\"}}],\"inLanguage\":\"es\"},{\"@type\":\"Person\",\"@id\":\"http:\/\/elregionalvm.com.ar\/noticias-villa-maria\/#\/schema\/person\/a0fb9c422317faca23d50163151bc354\",\"name\":\"Contenidos El Regional\",\"image\":{\"@type\":\"ImageObject\",\"inLanguage\":\"es\",\"@id\":\"http:\/\/elregionalvm.com.ar\/noticias-villa-maria\/#\/schema\/person\/image\/\",\"url\":\"https:\/\/secure.gravatar.com\/avatar\/265b27cb2209af7bb3a1318f03305787d7981a5cc6e6cd08fe5a4ecdf99d4b48?s=96&d=mm&r=g\",\"contentUrl\":\"https:\/\/secure.gravatar.com\/avatar\/265b27cb2209af7bb3a1318f03305787d7981a5cc6e6cd08fe5a4ecdf99d4b48?s=96&d=mm&r=g\",\"caption\":\"Contenidos El Regional\"},\"url\":\"https:\/\/elregionalvm.com.ar\/noticias-villa-maria\/author\/contenido\/\"}]}<\/script>\n<!-- \/ Yoast SEO plugin. -->","yoast_head_json":{"title":"Chaz\u00f3n: El municipio realiz\u00f3 tareas de mejoras en las escuelas - El Regional","robots":{"index":"index","follow":"follow","max-snippet":"max-snippet:-1","max-image-preview":"max-image-preview:large","max-video-preview":"max-video-preview:-1"},"canonical":"https:\/\/elregionalvm.com.ar\/noticias-villa-maria\/chazon-el-municipio-realizo-tareas-de-mejoras-en-las-escuelas\/","og_locale":"es_ES","og_type":"article","og_title":"Chaz\u00f3n: El municipio realiz\u00f3 tareas de mejoras en las escuelas - El Regional","og_description":"Los distintos centros educativos de la localidad recibieron tareas de acondicionamiento por parte de personal municipal ante el inminente inicio de clase. En el Jard\u00edn de Infantes Arturo Illia se realiz\u00f3 tareas de pintura y se instal\u00f3 nuevas luminarias LED en las aulas. En tanto, en la Escuela primaria Miguel Rodr\u00edguez de la Torre se [&hellip;]","og_url":"https:\/\/elregionalvm.com.ar\/noticias-villa-maria\/chazon-el-municipio-realizo-tareas-de-mejoras-en-las-escuelas\/","og_site_name":"El Regional","article_publisher":"https:\/\/www.facebook.com\/elregionalvm","article_published_time":"2024-02-20T16:44:01+00:00","article_modified_time":"2024-02-20T16:44:02+00:00","og_image":[{"width":1200,"height":683,"url":"https:\/\/elregionalvm.com.ar\/noticias-villa-maria\/wp-content\/uploads\/2024\/02\/Chazon-arreglos-en-escuelas-2.jpg","type":"image\/jpeg"}],"author":"Contenidos El Regional","twitter_card":"summary_large_image","twitter_creator":"@elregionalvm1","twitter_site":"@elregionalvm1","twitter_misc":{"Escrito por":"Contenidos El Regional","Tiempo de lectura":"1 minuto"},"schema":{"@context":"https:\/\/schema.org","@graph":[{"@type":"Article","@id":"https:\/\/elregionalvm.com.ar\/noticias-villa-maria\/chazon-el-municipio-realizo-tareas-de-mejoras-en-las-escuelas\/#article","isPartOf":{"@id":"https:\/\/elregionalvm.com.ar\/noticias-villa-maria\/chazon-el-municipio-realizo-tareas-de-mejoras-en-las-escuelas\/"},"author":{"name":"Contenidos El Regional","@id":"http:\/\/elregionalvm.com.ar\/noticias-villa-maria\/#\/schema\/person\/a0fb9c422317faca23d50163151bc354"},"headline":"Chaz\u00f3n: El municipio realiz\u00f3 tareas de mejoras en las escuelas","datePublished":"2024-02-20T16:44:01+00:00","dateModified":"2024-02-20T16:44:02+00:00","mainEntityOfPage":{"@id":"https:\/\/elregionalvm.com.ar\/noticias-villa-maria\/chazon-el-municipio-realizo-tareas-de-mejoras-en-las-escuelas\/"},"wordCount":130,"commentCount":0,"image":{"@id":"https:\/\/elregionalvm.com.ar\/noticias-villa-maria\/chazon-el-municipio-realizo-tareas-de-mejoras-en-las-escuelas\/#primaryimage"},"thumbnailUrl":"https:\/\/i0.wp.com\/elregionalvm.com.ar\/noticias-villa-maria\/wp-content\/uploads\/2024\/02\/Chazon-arreglos-en-escuelas-2.jpg?fit=1200%2C683&ssl=1","keywords":["acondicionamiento","Chaz\u00f3n","ciclo lectivo","Clases","colegios","escuelas","mejoras","tareas"],"articleSection":["destacado","Regi\u00f3n"],"inLanguage":"es","potentialAction":[{"@type":"CommentAction","name":"Comment","target":["https:\/\/elregionalvm.com.ar\/noticias-villa-maria\/chazon-el-municipio-realizo-tareas-de-mejoras-en-las-escuelas\/#respond"]}]},{"@type":"WebPage","@id":"https:\/\/elregionalvm.com.ar\/noticias-villa-maria\/chazon-el-municipio-realizo-tareas-de-mejoras-en-las-escuelas\/","url":"https:\/\/elregionalvm.com.ar\/noticias-villa-maria\/chazon-el-municipio-realizo-tareas-de-mejoras-en-las-escuelas\/","name":"Chaz\u00f3n: El municipio realiz\u00f3 tareas de mejoras en las escuelas - El Regional","isPartOf":{"@id":"http:\/\/elregionalvm.com.ar\/noticias-villa-maria\/#website"},"primaryImageOfPage":{"@id":"https:\/\/elregionalvm.com.ar\/noticias-villa-maria\/chazon-el-municipio-realizo-tareas-de-mejoras-en-las-escuelas\/#primaryimage"},"image":{"@id":"https:\/\/elregionalvm.com.ar\/noticias-villa-maria\/chazon-el-municipio-realizo-tareas-de-mejoras-en-las-escuelas\/#primaryimage"},"thumbnailUrl":"https:\/\/i0.wp.com\/elregionalvm.com.ar\/noticias-villa-maria\/wp-content\/uploads\/2024\/02\/Chazon-arreglos-en-escuelas-2.jpg?fit=1200%2C683&ssl=1","datePublished":"2024-02-20T16:44:01+00:00","dateModified":"2024-02-20T16:44:02+00:00","author":{"@id":"http:\/\/elregionalvm.com.ar\/noticias-villa-maria\/#\/schema\/person\/a0fb9c422317faca23d50163151bc354"},"breadcrumb":{"@id":"https:\/\/elregionalvm.com.ar\/noticias-villa-maria\/chazon-el-municipio-realizo-tareas-de-mejoras-en-las-escuelas\/#breadcrumb"},"inLanguage":"es","potentialAction":[{"@type":"ReadAction","target":["https:\/\/elregionalvm.com.ar\/noticias-villa-maria\/chazon-el-municipio-realizo-tareas-de-mejoras-en-las-escuelas\/"]}]},{"@type":"ImageObject","inLanguage":"es","@id":"https:\/\/elregionalvm.com.ar\/noticias-villa-maria\/chazon-el-municipio-realizo-tareas-de-mejoras-en-las-escuelas\/#primaryimage","url":"https:\/\/i0.wp.com\/elregionalvm.com.ar\/noticias-villa-maria\/wp-content\/uploads\/2024\/02\/Chazon-arreglos-en-escuelas-2.jpg?fit=1200%2C683&ssl=1","contentUrl":"https:\/\/i0.wp.com\/elregionalvm.com.ar\/noticias-villa-maria\/wp-content\/uploads\/2024\/02\/Chazon-arreglos-en-escuelas-2.jpg?fit=1200%2C683&ssl=1","width":1200,"height":683},{"@type":"BreadcrumbList","@id":"https:\/\/elregionalvm.com.ar\/noticias-villa-maria\/chazon-el-municipio-realizo-tareas-de-mejoras-en-las-escuelas\/#breadcrumb","itemListElement":[{"@type":"ListItem","position":1,"name":"Portada","item":"https:\/\/elregionalvm.com.ar\/noticias-villa-maria\/"},{"@type":"ListItem","position":2,"name":"Chaz\u00f3n: El municipio realiz\u00f3 tareas de mejoras en las escuelas"}]},{"@type":"WebSite","@id":"http:\/\/elregionalvm.com.ar\/noticias-villa-maria\/#website","url":"http:\/\/elregionalvm.com.ar\/noticias-villa-maria\/","name":"El Regional","description":"Mucho m\u00e1s que informaci\u00f3n","potentialAction":[{"@type":"SearchAction","target":{"@type":"EntryPoint","urlTemplate":"http:\/\/elregionalvm.com.ar\/noticias-villa-maria\/?s={search_term_string}"},"query-input":{"@type":"PropertyValueSpecification","valueRequired":true,"valueName":"search_term_string"}}],"inLanguage":"es"},{"@type":"Person","@id":"http:\/\/elregionalvm.com.ar\/noticias-villa-maria\/#\/schema\/person\/a0fb9c422317faca23d50163151bc354","name":"Contenidos El Regional","image":{"@type":"ImageObject","inLanguage":"es","@id":"http:\/\/elregionalvm.com.ar\/noticias-villa-maria\/#\/schema\/person\/image\/","url":"https:\/\/secure.gravatar.com\/avatar\/265b27cb2209af7bb3a1318f03305787d7981a5cc6e6cd08fe5a4ecdf99d4b48?s=96&d=mm&r=g","contentUrl":"https:\/\/secure.gravatar.com\/avatar\/265b27cb2209af7bb3a1318f03305787d7981a5cc6e6cd08fe5a4ecdf99d4b48?s=96&d=mm&r=g","caption":"Contenidos El Regional"},"url":"https:\/\/elregionalvm.com.ar\/noticias-villa-maria\/author\/contenido\/"}]}},"jetpack_featured_media_url":"https:\/\/i0.wp.com\/elregionalvm.com.ar\/noticias-villa-maria\/wp-content\/uploads\/2024\/02\/Chazon-arreglos-en-escuelas-2.jpg?fit=1200%2C683&ssl=1","jetpack_sharing_enabled":true,"_links":{"self":[{"href":"https:\/\/elregionalvm.com.ar\/noticias-villa-maria\/wp-json\/wp\/v2\/posts\/90228","targetHints":{"allow":["GET"]}}],"collection":[{"href":"https:\/\/elregionalvm.com.ar\/noticias-villa-maria\/wp-json\/wp\/v2\/posts"}],"about":[{"href":"https:\/\/elregionalvm.com.ar\/noticias-villa-maria\/wp-json\/wp\/v2\/types\/post"}],"author":[{"embeddable":true,"href":"https:\/\/elregionalvm.com.ar\/noticias-villa-maria\/wp-json\/wp\/v2\/users\/4"}],"replies":[{"embeddable":true,"href":"https:\/\/elregionalvm.com.ar\/noticias-villa-maria\/wp-json\/wp\/v2\/comments?post=90228"}],"version-history":[{"count":2,"href":"https:\/\/elregionalvm.com.ar\/noticias-villa-maria\/wp-json\/wp\/v2\/posts\/90228\/revisions"}],"predecessor-version":[{"id":90233,"href":"https:\/\/elregionalvm.com.ar\/noticias-villa-maria\/wp-json\/wp\/v2\/posts\/90228\/revisions\/90233"}],"wp:featuredmedia":[{"embeddable":true,"href":"https:\/\/elregionalvm.com.ar\/noticias-villa-maria\/wp-json\/wp\/v2\/media\/90230"}],"wp:attachment":[{"href":"https:\/\/elregionalvm.com.ar\/noticias-villa-maria\/wp-json\/wp\/v2\/media?parent=90228"}],"wp:term":[{"taxonomy":"category","embeddable":true,"href":"https:\/\/elregionalvm.com.ar\/noticias-villa-maria\/wp-json\/wp\/v2\/categories?post=90228"},{"taxonomy":"post_tag","embeddable":true,"href":"https:\/\/elregionalvm.com.ar\/noticias-villa-maria\/wp-json\/wp\/v2\/tags?post=90228"}],"curies":[{"name":"wp","href":"https:\/\/api.w.org\/{rel}","templated":true}]}}