{"id":90236,"date":"2024-02-20T23:59:37","date_gmt":"2024-02-20T23:59:37","guid":{"rendered":"https:\/\/elregionalvm.com.ar\/noticias-villa-maria\/?p=90236"},"modified":"2024-02-21T01:41:03","modified_gmt":"2024-02-21T01:41:03","slug":"manana-dara-comienzo-el-juicio-por-el-joven-villamariense-que-fallecio-en-una-fiesta-electronica","status":"publish","type":"post","link":"https:\/\/elregionalvm.com.ar\/noticias-villa-maria\/manana-dara-comienzo-el-juicio-por-el-joven-villamariense-que-fallecio-en-una-fiesta-electronica\/","title":{"rendered":"Comienza el juicio por el joven villamariense que falleci\u00f3 en una fiesta electr\u00f3nica"},"content":{"rendered":"\n<p>Tras ser postergado el juicio contra los organizadores de una fiesta electr\u00f3nica denominada \u00abAmnesia\u00bb, que se desarroll\u00f3 el 26 de octubre de 2014 en la estancia \u00abEl Silencio\u00bb, en el Camino del Cuadrado, ma\u00f1ana se desarrollar\u00e1 la primera audiencia en la C\u00e1mara 7\u00b0 del Crimen de C\u00f3rdoba.<\/p>\n\n\n\n<p>Ricardo Mariano Carballo y C\u00e9sar Augusto Lombardi Santa Ana son las dos personas que est\u00e1n imputados de homicidio culposo y de facilitaci\u00f3n en el lugar para el consumo de estupefacientes.<\/p>\n\n\n\n<p>El joven de Villa Mar\u00eda ten\u00eda 19 a\u00f1os de edad, se llamaba Javier \u201cPancho\u201d Mignola y luego de convulsionar en dicho evento, falleci\u00f3 por un paro cardiorrespiratorio en el hospital de La Falda. De acuerdo a la autopsia, hab\u00eda consumido marihuana, coca\u00edna, \u00e9xtasis y popper, una droga sint\u00e9tica que es un potente vasodilatador.<\/p>\n\n\n\n<p>El desarrollo del juicio ser\u00eda el 21, 22, 23 y 27 de febrero de 2024.<\/p>\n","protected":false},"excerpt":{"rendered":"<p>Tras ser postergado el juicio contra los organizadores de una fiesta electr\u00f3nica denominada \u00abAmnesia\u00bb, que se desarroll\u00f3 el 26 de octubre de 2014 en la estancia \u00abEl Silencio\u00bb, en el Camino del Cuadrado, ma\u00f1ana se desarrollar\u00e1 la primera audiencia en la C\u00e1mara 7\u00b0 del Crimen de C\u00f3rdoba. Ricardo Mariano Carballo y C\u00e9sar Augusto Lombardi Santa [&hellip;]<\/p>\n","protected":false},"author":4,"featured_media":90237,"comment_status":"open","ping_status":"open","sticky":false,"template":"","format":"standard","meta":{"site-sidebar-layout":"default","site-content-layout":"","ast-site-content-layout":"default","site-content-style":"default","site-sidebar-style":"default","ast-global-header-display":"","ast-banner-title-visibility":"","ast-main-header-display":"","ast-hfb-above-header-display":"","ast-hfb-below-header-display":"","ast-hfb-mobile-header-display":"","site-post-title":"","ast-breadcrumbs-content":"","ast-featured-img":"","footer-sml-layout":"","ast-disable-related-posts":"","theme-transparent-header-meta":"","adv-header-id-meta":"","stick-header-meta":"","header-above-stick-meta":"","header-main-stick-meta":"","header-below-stick-meta":"","astra-migrate-meta-layouts":"set","ast-page-background-enabled":"default","ast-page-background-meta":{"desktop":{"background-color":"","background-image":"","background-repeat":"repeat","background-position":"center center","background-size":"auto","background-attachment":"scroll","background-type":"","background-media":"","overlay-type":"","overlay-color":"","overlay-opacity":"","overlay-gradient":""},"tablet":{"background-color":"","background-image":"","background-repeat":"repeat","background-position":"center center","background-size":"auto","background-attachment":"scroll","background-type":"","background-media":"","overlay-type":"","overlay-color":"","overlay-opacity":"","overlay-gradient":""},"mobile":{"background-color":"","background-image":"","background-repeat":"repeat","background-position":"center center","background-size":"auto","background-attachment":"scroll","background-type":"","background-media":"","overlay-type":"","overlay-color":"","overlay-opacity":"","overlay-gradient":""}},"ast-content-background-meta":{"desktop":{"background-color":"var(--ast-global-color-5)","background-image":"","background-repeat":"repeat","background-position":"center center","background-size":"auto","background-attachment":"scroll","background-type":"","background-media":"","overlay-type":"","overlay-color":"","overlay-opacity":"","overlay-gradient":""},"tablet":{"background-color":"var(--ast-global-color-5)","background-image":"","background-repeat":"repeat","background-position":"center center","background-size":"auto","background-attachment":"scroll","background-type":"","background-media":"","overlay-type":"","overlay-color":"","overlay-opacity":"","overlay-gradient":""},"mobile":{"background-color":"var(--ast-global-color-5)","background-image":"","background-repeat":"repeat","background-position":"center center","background-size":"auto","background-attachment":"scroll","background-type":"","background-media":"","overlay-type":"","overlay-color":"","overlay-opacity":"","overlay-gradient":""}},"_jetpack_memberships_contains_paid_content":false,"_joinchat":[],"footnotes":""},"categories":[15302,5,2],"tags":[],"class_list":["post-90236","post","type-post","status-publish","format-standard","has-post-thumbnail","hentry","category-destacado","category-sociedad","category-villa-maria"],"yoast_head":"<!-- This site is optimized with the Yoast SEO plugin v26.8 - https:\/\/yoast.com\/product\/yoast-seo-wordpress\/ -->\n<title>Comienza el juicio por el joven villamariense que falleci\u00f3 en una fiesta electr\u00f3nica - El Regional<\/title>\n<meta name=\"robots\" content=\"index, follow, max-snippet:-1, max-image-preview:large, max-video-preview:-1\" \/>\n<link rel=\"canonical\" href=\"https:\/\/elregionalvm.com.ar\/noticias-villa-maria\/manana-dara-comienzo-el-juicio-por-el-joven-villamariense-que-fallecio-en-una-fiesta-electronica\/\" \/>\n<meta property=\"og:locale\" content=\"es_ES\" \/>\n<meta property=\"og:type\" content=\"article\" \/>\n<meta property=\"og:title\" content=\"Comienza el juicio por el joven villamariense que falleci\u00f3 en una fiesta electr\u00f3nica - El Regional\" \/>\n<meta property=\"og:description\" content=\"Tras ser postergado el juicio contra los organizadores de una fiesta electr\u00f3nica denominada \u00abAmnesia\u00bb, que se desarroll\u00f3 el 26 de octubre de 2014 en la estancia \u00abEl Silencio\u00bb, en el Camino del Cuadrado, ma\u00f1ana se desarrollar\u00e1 la primera audiencia en la C\u00e1mara 7\u00b0 del Crimen de C\u00f3rdoba. Ricardo Mariano Carballo y C\u00e9sar Augusto Lombardi Santa [&hellip;]\" \/>\n<meta property=\"og:url\" content=\"https:\/\/elregionalvm.com.ar\/noticias-villa-maria\/manana-dara-comienzo-el-juicio-por-el-joven-villamariense-que-fallecio-en-una-fiesta-electronica\/\" \/>\n<meta property=\"og:site_name\" content=\"El Regional\" \/>\n<meta property=\"article:publisher\" content=\"https:\/\/www.facebook.com\/elregionalvm\" \/>\n<meta property=\"article:published_time\" content=\"2024-02-20T23:59:37+00:00\" \/>\n<meta property=\"article:modified_time\" content=\"2024-02-21T01:41:03+00:00\" \/>\n<meta property=\"og:image\" content=\"https:\/\/elregionalvm.com.ar\/noticias-villa-maria\/wp-content\/uploads\/2024\/02\/panchomignola_n.jpg\" \/>\n\t<meta property=\"og:image:width\" content=\"330\" \/>\n\t<meta property=\"og:image:height\" content=\"476\" \/>\n\t<meta property=\"og:image:type\" content=\"image\/jpeg\" \/>\n<meta name=\"author\" content=\"Contenidos El Regional\" \/>\n<meta name=\"twitter:card\" content=\"summary_large_image\" \/>\n<meta name=\"twitter:creator\" content=\"@elregionalvm1\" \/>\n<meta name=\"twitter:site\" content=\"@elregionalvm1\" \/>\n<meta name=\"twitter:label1\" content=\"Escrito por\" \/>\n\t<meta name=\"twitter:data1\" content=\"Contenidos El Regional\" \/>\n\t<meta name=\"twitter:label2\" content=\"Tiempo de lectura\" \/>\n\t<meta name=\"twitter:data2\" content=\"1 minuto\" \/>\n<script type=\"application\/ld+json\" class=\"yoast-schema-graph\">{\"@context\":\"https:\/\/schema.org\",\"@graph\":[{\"@type\":\"Article\",\"@id\":\"https:\/\/elregionalvm.com.ar\/noticias-villa-maria\/manana-dara-comienzo-el-juicio-por-el-joven-villamariense-que-fallecio-en-una-fiesta-electronica\/#article\",\"isPartOf\":{\"@id\":\"https:\/\/elregionalvm.com.ar\/noticias-villa-maria\/manana-dara-comienzo-el-juicio-por-el-joven-villamariense-que-fallecio-en-una-fiesta-electronica\/\"},\"author\":{\"name\":\"Contenidos El Regional\",\"@id\":\"http:\/\/elregionalvm.com.ar\/noticias-villa-maria\/#\/schema\/person\/a0fb9c422317faca23d50163151bc354\"},\"headline\":\"Comienza el juicio por el joven villamariense que falleci\u00f3 en una fiesta electr\u00f3nica\",\"datePublished\":\"2024-02-20T23:59:37+00:00\",\"dateModified\":\"2024-02-21T01:41:03+00:00\",\"mainEntityOfPage\":{\"@id\":\"https:\/\/elregionalvm.com.ar\/noticias-villa-maria\/manana-dara-comienzo-el-juicio-por-el-joven-villamariense-que-fallecio-en-una-fiesta-electronica\/\"},\"wordCount\":164,\"commentCount\":0,\"image\":{\"@id\":\"https:\/\/elregionalvm.com.ar\/noticias-villa-maria\/manana-dara-comienzo-el-juicio-por-el-joven-villamariense-que-fallecio-en-una-fiesta-electronica\/#primaryimage\"},\"thumbnailUrl\":\"https:\/\/i0.wp.com\/elregionalvm.com.ar\/noticias-villa-maria\/wp-content\/uploads\/2024\/02\/panchomignola_n.jpg?fit=330%2C476&ssl=1\",\"articleSection\":[\"destacado\",\"Sociedad\",\"Villa Mar\u00eda\"],\"inLanguage\":\"es\",\"potentialAction\":[{\"@type\":\"CommentAction\",\"name\":\"Comment\",\"target\":[\"https:\/\/elregionalvm.com.ar\/noticias-villa-maria\/manana-dara-comienzo-el-juicio-por-el-joven-villamariense-que-fallecio-en-una-fiesta-electronica\/#respond\"]}]},{\"@type\":\"WebPage\",\"@id\":\"https:\/\/elregionalvm.com.ar\/noticias-villa-maria\/manana-dara-comienzo-el-juicio-por-el-joven-villamariense-que-fallecio-en-una-fiesta-electronica\/\",\"url\":\"https:\/\/elregionalvm.com.ar\/noticias-villa-maria\/manana-dara-comienzo-el-juicio-por-el-joven-villamariense-que-fallecio-en-una-fiesta-electronica\/\",\"name\":\"Comienza el juicio por el joven villamariense que falleci\u00f3 en una fiesta electr\u00f3nica - El Regional\",\"isPartOf\":{\"@id\":\"http:\/\/elregionalvm.com.ar\/noticias-villa-maria\/#website\"},\"primaryImageOfPage\":{\"@id\":\"https:\/\/elregionalvm.com.ar\/noticias-villa-maria\/manana-dara-comienzo-el-juicio-por-el-joven-villamariense-que-fallecio-en-una-fiesta-electronica\/#primaryimage\"},\"image\":{\"@id\":\"https:\/\/elregionalvm.com.ar\/noticias-villa-maria\/manana-dara-comienzo-el-juicio-por-el-joven-villamariense-que-fallecio-en-una-fiesta-electronica\/#primaryimage\"},\"thumbnailUrl\":\"https:\/\/i0.wp.com\/elregionalvm.com.ar\/noticias-villa-maria\/wp-content\/uploads\/2024\/02\/panchomignola_n.jpg?fit=330%2C476&ssl=1\",\"datePublished\":\"2024-02-20T23:59:37+00:00\",\"dateModified\":\"2024-02-21T01:41:03+00:00\",\"author\":{\"@id\":\"http:\/\/elregionalvm.com.ar\/noticias-villa-maria\/#\/schema\/person\/a0fb9c422317faca23d50163151bc354\"},\"breadcrumb\":{\"@id\":\"https:\/\/elregionalvm.com.ar\/noticias-villa-maria\/manana-dara-comienzo-el-juicio-por-el-joven-villamariense-que-fallecio-en-una-fiesta-electronica\/#breadcrumb\"},\"inLanguage\":\"es\",\"potentialAction\":[{\"@type\":\"ReadAction\",\"target\":[\"https:\/\/elregionalvm.com.ar\/noticias-villa-maria\/manana-dara-comienzo-el-juicio-por-el-joven-villamariense-que-fallecio-en-una-fiesta-electronica\/\"]}]},{\"@type\":\"ImageObject\",\"inLanguage\":\"es\",\"@id\":\"https:\/\/elregionalvm.com.ar\/noticias-villa-maria\/manana-dara-comienzo-el-juicio-por-el-joven-villamariense-que-fallecio-en-una-fiesta-electronica\/#primaryimage\",\"url\":\"https:\/\/i0.wp.com\/elregionalvm.com.ar\/noticias-villa-maria\/wp-content\/uploads\/2024\/02\/panchomignola_n.jpg?fit=330%2C476&ssl=1\",\"contentUrl\":\"https:\/\/i0.wp.com\/elregionalvm.com.ar\/noticias-villa-maria\/wp-content\/uploads\/2024\/02\/panchomignola_n.jpg?fit=330%2C476&ssl=1\",\"width\":330,\"height\":476},{\"@type\":\"BreadcrumbList\",\"@id\":\"https:\/\/elregionalvm.com.ar\/noticias-villa-maria\/manana-dara-comienzo-el-juicio-por-el-joven-villamariense-que-fallecio-en-una-fiesta-electronica\/#breadcrumb\",\"itemListElement\":[{\"@type\":\"ListItem\",\"position\":1,\"name\":\"Portada\",\"item\":\"https:\/\/elregionalvm.com.ar\/noticias-villa-maria\/\"},{\"@type\":\"ListItem\",\"position\":2,\"name\":\"Comienza el juicio por el joven villamariense que falleci\u00f3 en una fiesta electr\u00f3nica\"}]},{\"@type\":\"WebSite\",\"@id\":\"http:\/\/elregionalvm.com.ar\/noticias-villa-maria\/#website\",\"url\":\"http:\/\/elregionalvm.com.ar\/noticias-villa-maria\/\",\"name\":\"El Regional\",\"description\":\"Mucho m\u00e1s que informaci\u00f3n\",\"potentialAction\":[{\"@type\":\"SearchAction\",\"target\":{\"@type\":\"EntryPoint\",\"urlTemplate\":\"http:\/\/elregionalvm.com.ar\/noticias-villa-maria\/?s={search_term_string}\"},\"query-input\":{\"@type\":\"PropertyValueSpecification\",\"valueRequired\":true,\"valueName\":\"search_term_string\"}}],\"inLanguage\":\"es\"},{\"@type\":\"Person\",\"@id\":\"http:\/\/elregionalvm.com.ar\/noticias-villa-maria\/#\/schema\/person\/a0fb9c422317faca23d50163151bc354\",\"name\":\"Contenidos El Regional\",\"image\":{\"@type\":\"ImageObject\",\"inLanguage\":\"es\",\"@id\":\"http:\/\/elregionalvm.com.ar\/noticias-villa-maria\/#\/schema\/person\/image\/\",\"url\":\"https:\/\/secure.gravatar.com\/avatar\/265b27cb2209af7bb3a1318f03305787d7981a5cc6e6cd08fe5a4ecdf99d4b48?s=96&d=mm&r=g\",\"contentUrl\":\"https:\/\/secure.gravatar.com\/avatar\/265b27cb2209af7bb3a1318f03305787d7981a5cc6e6cd08fe5a4ecdf99d4b48?s=96&d=mm&r=g\",\"caption\":\"Contenidos El Regional\"},\"url\":\"https:\/\/elregionalvm.com.ar\/noticias-villa-maria\/author\/contenido\/\"}]}<\/script>\n<!-- \/ Yoast SEO plugin. -->","yoast_head_json":{"title":"Comienza el juicio por el joven villamariense que falleci\u00f3 en una fiesta electr\u00f3nica - El Regional","robots":{"index":"index","follow":"follow","max-snippet":"max-snippet:-1","max-image-preview":"max-image-preview:large","max-video-preview":"max-video-preview:-1"},"canonical":"https:\/\/elregionalvm.com.ar\/noticias-villa-maria\/manana-dara-comienzo-el-juicio-por-el-joven-villamariense-que-fallecio-en-una-fiesta-electronica\/","og_locale":"es_ES","og_type":"article","og_title":"Comienza el juicio por el joven villamariense que falleci\u00f3 en una fiesta electr\u00f3nica - El Regional","og_description":"Tras ser postergado el juicio contra los organizadores de una fiesta electr\u00f3nica denominada \u00abAmnesia\u00bb, que se desarroll\u00f3 el 26 de octubre de 2014 en la estancia \u00abEl Silencio\u00bb, en el Camino del Cuadrado, ma\u00f1ana se desarrollar\u00e1 la primera audiencia en la C\u00e1mara 7\u00b0 del Crimen de C\u00f3rdoba. Ricardo Mariano Carballo y C\u00e9sar Augusto Lombardi Santa [&hellip;]","og_url":"https:\/\/elregionalvm.com.ar\/noticias-villa-maria\/manana-dara-comienzo-el-juicio-por-el-joven-villamariense-que-fallecio-en-una-fiesta-electronica\/","og_site_name":"El Regional","article_publisher":"https:\/\/www.facebook.com\/elregionalvm","article_published_time":"2024-02-20T23:59:37+00:00","article_modified_time":"2024-02-21T01:41:03+00:00","og_image":[{"width":330,"height":476,"url":"https:\/\/elregionalvm.com.ar\/noticias-villa-maria\/wp-content\/uploads\/2024\/02\/panchomignola_n.jpg","type":"image\/jpeg"}],"author":"Contenidos El Regional","twitter_card":"summary_large_image","twitter_creator":"@elregionalvm1","twitter_site":"@elregionalvm1","twitter_misc":{"Escrito por":"Contenidos El Regional","Tiempo de lectura":"1 minuto"},"schema":{"@context":"https:\/\/schema.org","@graph":[{"@type":"Article","@id":"https:\/\/elregionalvm.com.ar\/noticias-villa-maria\/manana-dara-comienzo-el-juicio-por-el-joven-villamariense-que-fallecio-en-una-fiesta-electronica\/#article","isPartOf":{"@id":"https:\/\/elregionalvm.com.ar\/noticias-villa-maria\/manana-dara-comienzo-el-juicio-por-el-joven-villamariense-que-fallecio-en-una-fiesta-electronica\/"},"author":{"name":"Contenidos El Regional","@id":"http:\/\/elregionalvm.com.ar\/noticias-villa-maria\/#\/schema\/person\/a0fb9c422317faca23d50163151bc354"},"headline":"Comienza el juicio por el joven villamariense que falleci\u00f3 en una fiesta electr\u00f3nica","datePublished":"2024-02-20T23:59:37+00:00","dateModified":"2024-02-21T01:41:03+00:00","mainEntityOfPage":{"@id":"https:\/\/elregionalvm.com.ar\/noticias-villa-maria\/manana-dara-comienzo-el-juicio-por-el-joven-villamariense-que-fallecio-en-una-fiesta-electronica\/"},"wordCount":164,"commentCount":0,"image":{"@id":"https:\/\/elregionalvm.com.ar\/noticias-villa-maria\/manana-dara-comienzo-el-juicio-por-el-joven-villamariense-que-fallecio-en-una-fiesta-electronica\/#primaryimage"},"thumbnailUrl":"https:\/\/i0.wp.com\/elregionalvm.com.ar\/noticias-villa-maria\/wp-content\/uploads\/2024\/02\/panchomignola_n.jpg?fit=330%2C476&ssl=1","articleSection":["destacado","Sociedad","Villa Mar\u00eda"],"inLanguage":"es","potentialAction":[{"@type":"CommentAction","name":"Comment","target":["https:\/\/elregionalvm.com.ar\/noticias-villa-maria\/manana-dara-comienzo-el-juicio-por-el-joven-villamariense-que-fallecio-en-una-fiesta-electronica\/#respond"]}]},{"@type":"WebPage","@id":"https:\/\/elregionalvm.com.ar\/noticias-villa-maria\/manana-dara-comienzo-el-juicio-por-el-joven-villamariense-que-fallecio-en-una-fiesta-electronica\/","url":"https:\/\/elregionalvm.com.ar\/noticias-villa-maria\/manana-dara-comienzo-el-juicio-por-el-joven-villamariense-que-fallecio-en-una-fiesta-electronica\/","name":"Comienza el juicio por el joven villamariense que falleci\u00f3 en una fiesta electr\u00f3nica - El Regional","isPartOf":{"@id":"http:\/\/elregionalvm.com.ar\/noticias-villa-maria\/#website"},"primaryImageOfPage":{"@id":"https:\/\/elregionalvm.com.ar\/noticias-villa-maria\/manana-dara-comienzo-el-juicio-por-el-joven-villamariense-que-fallecio-en-una-fiesta-electronica\/#primaryimage"},"image":{"@id":"https:\/\/elregionalvm.com.ar\/noticias-villa-maria\/manana-dara-comienzo-el-juicio-por-el-joven-villamariense-que-fallecio-en-una-fiesta-electronica\/#primaryimage"},"thumbnailUrl":"https:\/\/i0.wp.com\/elregionalvm.com.ar\/noticias-villa-maria\/wp-content\/uploads\/2024\/02\/panchomignola_n.jpg?fit=330%2C476&ssl=1","datePublished":"2024-02-20T23:59:37+00:00","dateModified":"2024-02-21T01:41:03+00:00","author":{"@id":"http:\/\/elregionalvm.com.ar\/noticias-villa-maria\/#\/schema\/person\/a0fb9c422317faca23d50163151bc354"},"breadcrumb":{"@id":"https:\/\/elregionalvm.com.ar\/noticias-villa-maria\/manana-dara-comienzo-el-juicio-por-el-joven-villamariense-que-fallecio-en-una-fiesta-electronica\/#breadcrumb"},"inLanguage":"es","potentialAction":[{"@type":"ReadAction","target":["https:\/\/elregionalvm.com.ar\/noticias-villa-maria\/manana-dara-comienzo-el-juicio-por-el-joven-villamariense-que-fallecio-en-una-fiesta-electronica\/"]}]},{"@type":"ImageObject","inLanguage":"es","@id":"https:\/\/elregionalvm.com.ar\/noticias-villa-maria\/manana-dara-comienzo-el-juicio-por-el-joven-villamariense-que-fallecio-en-una-fiesta-electronica\/#primaryimage","url":"https:\/\/i0.wp.com\/elregionalvm.com.ar\/noticias-villa-maria\/wp-content\/uploads\/2024\/02\/panchomignola_n.jpg?fit=330%2C476&ssl=1","contentUrl":"https:\/\/i0.wp.com\/elregionalvm.com.ar\/noticias-villa-maria\/wp-content\/uploads\/2024\/02\/panchomignola_n.jpg?fit=330%2C476&ssl=1","width":330,"height":476},{"@type":"BreadcrumbList","@id":"https:\/\/elregionalvm.com.ar\/noticias-villa-maria\/manana-dara-comienzo-el-juicio-por-el-joven-villamariense-que-fallecio-en-una-fiesta-electronica\/#breadcrumb","itemListElement":[{"@type":"ListItem","position":1,"name":"Portada","item":"https:\/\/elregionalvm.com.ar\/noticias-villa-maria\/"},{"@type":"ListItem","position":2,"name":"Comienza el juicio por el joven villamariense que falleci\u00f3 en una fiesta electr\u00f3nica"}]},{"@type":"WebSite","@id":"http:\/\/elregionalvm.com.ar\/noticias-villa-maria\/#website","url":"http:\/\/elregionalvm.com.ar\/noticias-villa-maria\/","name":"El Regional","description":"Mucho m\u00e1s que informaci\u00f3n","potentialAction":[{"@type":"SearchAction","target":{"@type":"EntryPoint","urlTemplate":"http:\/\/elregionalvm.com.ar\/noticias-villa-maria\/?s={search_term_string}"},"query-input":{"@type":"PropertyValueSpecification","valueRequired":true,"valueName":"search_term_string"}}],"inLanguage":"es"},{"@type":"Person","@id":"http:\/\/elregionalvm.com.ar\/noticias-villa-maria\/#\/schema\/person\/a0fb9c422317faca23d50163151bc354","name":"Contenidos El Regional","image":{"@type":"ImageObject","inLanguage":"es","@id":"http:\/\/elregionalvm.com.ar\/noticias-villa-maria\/#\/schema\/person\/image\/","url":"https:\/\/secure.gravatar.com\/avatar\/265b27cb2209af7bb3a1318f03305787d7981a5cc6e6cd08fe5a4ecdf99d4b48?s=96&d=mm&r=g","contentUrl":"https:\/\/secure.gravatar.com\/avatar\/265b27cb2209af7bb3a1318f03305787d7981a5cc6e6cd08fe5a4ecdf99d4b48?s=96&d=mm&r=g","caption":"Contenidos El Regional"},"url":"https:\/\/elregionalvm.com.ar\/noticias-villa-maria\/author\/contenido\/"}]}},"jetpack_featured_media_url":"https:\/\/i0.wp.com\/elregionalvm.com.ar\/noticias-villa-maria\/wp-content\/uploads\/2024\/02\/panchomignola_n.jpg?fit=330%2C476&ssl=1","jetpack_sharing_enabled":true,"_links":{"self":[{"href":"https:\/\/elregionalvm.com.ar\/noticias-villa-maria\/wp-json\/wp\/v2\/posts\/90236","targetHints":{"allow":["GET"]}}],"collection":[{"href":"https:\/\/elregionalvm.com.ar\/noticias-villa-maria\/wp-json\/wp\/v2\/posts"}],"about":[{"href":"https:\/\/elregionalvm.com.ar\/noticias-villa-maria\/wp-json\/wp\/v2\/types\/post"}],"author":[{"embeddable":true,"href":"https:\/\/elregionalvm.com.ar\/noticias-villa-maria\/wp-json\/wp\/v2\/users\/4"}],"replies":[{"embeddable":true,"href":"https:\/\/elregionalvm.com.ar\/noticias-villa-maria\/wp-json\/wp\/v2\/comments?post=90236"}],"version-history":[{"count":2,"href":"https:\/\/elregionalvm.com.ar\/noticias-villa-maria\/wp-json\/wp\/v2\/posts\/90236\/revisions"}],"predecessor-version":[{"id":90265,"href":"https:\/\/elregionalvm.com.ar\/noticias-villa-maria\/wp-json\/wp\/v2\/posts\/90236\/revisions\/90265"}],"wp:featuredmedia":[{"embeddable":true,"href":"https:\/\/elregionalvm.com.ar\/noticias-villa-maria\/wp-json\/wp\/v2\/media\/90237"}],"wp:attachment":[{"href":"https:\/\/elregionalvm.com.ar\/noticias-villa-maria\/wp-json\/wp\/v2\/media?parent=90236"}],"wp:term":[{"taxonomy":"category","embeddable":true,"href":"https:\/\/elregionalvm.com.ar\/noticias-villa-maria\/wp-json\/wp\/v2\/categories?post=90236"},{"taxonomy":"post_tag","embeddable":true,"href":"https:\/\/elregionalvm.com.ar\/noticias-villa-maria\/wp-json\/wp\/v2\/tags?post=90236"}],"curies":[{"name":"wp","href":"https:\/\/api.w.org\/{rel}","templated":true}]}}