{"id":90452,"date":"2024-02-23T23:23:35","date_gmt":"2024-02-23T23:23:35","guid":{"rendered":"https:\/\/elregionalvm.com.ar\/noticias-villa-maria\/?p=90452"},"modified":"2024-02-23T23:23:36","modified_gmt":"2024-02-23T23:23:36","slug":"se-presento-el-nuevo-sistema-de-actas-digitales","status":"publish","type":"post","link":"https:\/\/elregionalvm.com.ar\/noticias-villa-maria\/se-presento-el-nuevo-sistema-de-actas-digitales\/","title":{"rendered":"Se present\u00f3 el nuevo sistema de Actas Digitales"},"content":{"rendered":"\n<p>La herramienta permitir\u00e1 elaborar actas de infracciones de una forma \u00e1gil, integral y en sinton\u00eda con el cuidado del medio ambiente.<\/p>\n\n\n\n<p>En la ma\u00f1ana de hoy, el intendente Eduardo Accastello, acompa\u00f1ado por integrantes de su gabinete y el Juez de Faltas, Hugo Paschetto, present\u00f3 ante los agentes de tr\u00e1nsito y la prensa el nuevo sistema de Actas Digitales, que comenzar\u00e1 a regir a partir del lunes, el cual servir\u00e1 para la elaboraci\u00f3n de actas de infracciones.<\/p>\n\n\n\n<figure class=\"wp-block-image size-large\"><img data-recalc-dims=\"1\" fetchpriority=\"high\" decoding=\"async\" width=\"1024\" height=\"682\" src=\"https:\/\/i0.wp.com\/elregionalvm.com.ar\/noticias-villa-maria\/wp-content\/uploads\/2024\/02\/e0cd9210-a622-4439-bd7d-33577480fb06.jpg?resize=1024%2C682&#038;ssl=1\" alt=\"\" class=\"wp-image-90453\" srcset=\"https:\/\/i0.wp.com\/elregionalvm.com.ar\/noticias-villa-maria\/wp-content\/uploads\/2024\/02\/e0cd9210-a622-4439-bd7d-33577480fb06.jpg?resize=1024%2C682&amp;ssl=1 1024w, https:\/\/i0.wp.com\/elregionalvm.com.ar\/noticias-villa-maria\/wp-content\/uploads\/2024\/02\/e0cd9210-a622-4439-bd7d-33577480fb06.jpg?resize=300%2C200&amp;ssl=1 300w, https:\/\/i0.wp.com\/elregionalvm.com.ar\/noticias-villa-maria\/wp-content\/uploads\/2024\/02\/e0cd9210-a622-4439-bd7d-33577480fb06.jpg?resize=768%2C512&amp;ssl=1 768w, https:\/\/i0.wp.com\/elregionalvm.com.ar\/noticias-villa-maria\/wp-content\/uploads\/2024\/02\/e0cd9210-a622-4439-bd7d-33577480fb06.jpg?w=1280&amp;ssl=1 1280w\" sizes=\"(max-width: 1000px) 100vw, 1000px\" \/><\/figure>\n\n\n\n<p>Cabe destacar que, por medio de la Secretar\u00eda de Prevenci\u00f3n, Seguridad y Convivencia Urbana, la decisi\u00f3n se da en el marco de la decisi\u00f3n de avanzar hacia un Estado en permanente modernizaci\u00f3n.<\/p>\n\n\n\n<p>En este sentido, Accastello coment\u00f3: \u201cEsta acci\u00f3n nos significa un ahorro del orden de los 50 millones de pesos, pero significa tambi\u00e9n la posibilidad de pasar del papel a la digitalizaci\u00f3n, que es hacia donde va el municipio, para lo cual trabajaremos adem\u00e1s para que haya conectividad a internet en distintos puntos de nuestra ciudad, para que todos tengan acceso al proceso de digitalizaci\u00f3n\u201d.<\/p>\n\n\n\n<p>En detalle, el sistema dotar\u00e1 al municipio y a la comunidad de una valiosa herramienta que imprimir\u00e1 agilidad y cuidado ambiental. Al momento de emitir la infracci\u00f3n, le llegar\u00e1 un correo electr\u00f3nico a la persona y se articular\u00e1 con el sistema provincial de Ciudadano Digital.<\/p>\n\n\n\n<p>Adem\u00e1s, el sistema permitir\u00e1 tener un registro audiovisual y fotogr\u00e1fico, lo que brindar\u00e1 mayor seguridad a la ciudadan\u00eda, y m\u00e1s herramientas a los jueces de falta, que son quienes podr\u00e1n dictar las sentencias; esto se traducir\u00e1 en mayor seguridad jur\u00eddica para todos, incluidos los ciudadanos.<\/p>\n\n\n\n<p>\u201cLa implementaci\u00f3n de este sistema no se hace con fines recaudatorios, sino para dar un mayor cumplimiento a las normas, a trav\u00e9s de esta nueva herramienta digital. Desde el comienzo de la gesti\u00f3n, el municipio defini\u00f3 tres grandes objetivos: ser una ciudad m\u00e1s segura, m\u00e1s humana y m\u00e1s innovadora y productiva, y la digitalizaci\u00f3n hace a esta meta\u201d, agreg\u00f3 el intendente Accastello.<\/p>\n\n\n\n<figure class=\"wp-block-image size-large\"><img data-recalc-dims=\"1\" decoding=\"async\" width=\"1024\" height=\"682\" src=\"https:\/\/i0.wp.com\/elregionalvm.com.ar\/noticias-villa-maria\/wp-content\/uploads\/2024\/02\/c35872c6-442c-44a4-9472-f85418d929b9.jpg?resize=1024%2C682&#038;ssl=1\" alt=\"\" class=\"wp-image-90455\" srcset=\"https:\/\/i0.wp.com\/elregionalvm.com.ar\/noticias-villa-maria\/wp-content\/uploads\/2024\/02\/c35872c6-442c-44a4-9472-f85418d929b9.jpg?resize=1024%2C682&amp;ssl=1 1024w, https:\/\/i0.wp.com\/elregionalvm.com.ar\/noticias-villa-maria\/wp-content\/uploads\/2024\/02\/c35872c6-442c-44a4-9472-f85418d929b9.jpg?resize=300%2C200&amp;ssl=1 300w, https:\/\/i0.wp.com\/elregionalvm.com.ar\/noticias-villa-maria\/wp-content\/uploads\/2024\/02\/c35872c6-442c-44a4-9472-f85418d929b9.jpg?resize=768%2C512&amp;ssl=1 768w, https:\/\/i0.wp.com\/elregionalvm.com.ar\/noticias-villa-maria\/wp-content\/uploads\/2024\/02\/c35872c6-442c-44a4-9472-f85418d929b9.jpg?w=1280&amp;ssl=1 1280w\" sizes=\"(max-width: 1000px) 100vw, 1000px\" \/><\/figure>\n\n\n\n<p>A su turno, la titular de la cartera de Seguridad, Guadalupe Vazquez, expres\u00f3: \u201cEs un salto tecnol\u00f3gico muy importante, para nosotros implementar todo esto es una gran ventaja. M\u00e1s all\u00e1 del ahorro econ\u00f3mico, dejaremos de usar papel, t\u00f3ner y un c\u00famulo de insumos que no son amigables con el medio ambiente\u201d.<\/p>\n","protected":false},"excerpt":{"rendered":"<p>La herramienta permitir\u00e1 elaborar actas de infracciones de una forma \u00e1gil, integral y en sinton\u00eda con el cuidado del medio ambiente. En la ma\u00f1ana de hoy, el intendente Eduardo Accastello, acompa\u00f1ado por integrantes de su gabinete y el Juez de Faltas, Hugo Paschetto, present\u00f3 ante los agentes de tr\u00e1nsito y la prensa el nuevo sistema [&hellip;]<\/p>\n","protected":false},"author":4,"featured_media":90454,"comment_status":"open","ping_status":"open","sticky":false,"template":"","format":"standard","meta":{"site-sidebar-layout":"default","site-content-layout":"","ast-site-content-layout":"default","site-content-style":"default","site-sidebar-style":"default","ast-global-header-display":"","ast-banner-title-visibility":"","ast-main-header-display":"","ast-hfb-above-header-display":"","ast-hfb-below-header-display":"","ast-hfb-mobile-header-display":"","site-post-title":"","ast-breadcrumbs-content":"","ast-featured-img":"","footer-sml-layout":"","ast-disable-related-posts":"","theme-transparent-header-meta":"","adv-header-id-meta":"","stick-header-meta":"","header-above-stick-meta":"","header-main-stick-meta":"","header-below-stick-meta":"","astra-migrate-meta-layouts":"set","ast-page-background-enabled":"default","ast-page-background-meta":{"desktop":{"background-color":"","background-image":"","background-repeat":"repeat","background-position":"center center","background-size":"auto","background-attachment":"scroll","background-type":"","background-media":"","overlay-type":"","overlay-color":"","overlay-opacity":"","overlay-gradient":""},"tablet":{"background-color":"","background-image":"","background-repeat":"repeat","background-position":"center center","background-size":"auto","background-attachment":"scroll","background-type":"","background-media":"","overlay-type":"","overlay-color":"","overlay-opacity":"","overlay-gradient":""},"mobile":{"background-color":"","background-image":"","background-repeat":"repeat","background-position":"center center","background-size":"auto","background-attachment":"scroll","background-type":"","background-media":"","overlay-type":"","overlay-color":"","overlay-opacity":"","overlay-gradient":""}},"ast-content-background-meta":{"desktop":{"background-color":"var(--ast-global-color-5)","background-image":"","background-repeat":"repeat","background-position":"center center","background-size":"auto","background-attachment":"scroll","background-type":"","background-media":"","overlay-type":"","overlay-color":"","overlay-opacity":"","overlay-gradient":""},"tablet":{"background-color":"var(--ast-global-color-5)","background-image":"","background-repeat":"repeat","background-position":"center center","background-size":"auto","background-attachment":"scroll","background-type":"","background-media":"","overlay-type":"","overlay-color":"","overlay-opacity":"","overlay-gradient":""},"mobile":{"background-color":"var(--ast-global-color-5)","background-image":"","background-repeat":"repeat","background-position":"center center","background-size":"auto","background-attachment":"scroll","background-type":"","background-media":"","overlay-type":"","overlay-color":"","overlay-opacity":"","overlay-gradient":""}},"_jetpack_memberships_contains_paid_content":false,"_joinchat":[],"footnotes":""},"categories":[15302,5,2],"tags":[],"class_list":["post-90452","post","type-post","status-publish","format-standard","has-post-thumbnail","hentry","category-destacado","category-sociedad","category-villa-maria"],"yoast_head":"<!-- This site is optimized with the Yoast SEO plugin v26.8 - https:\/\/yoast.com\/product\/yoast-seo-wordpress\/ -->\n<title>Se present\u00f3 el nuevo sistema de Actas Digitales - El Regional<\/title>\n<meta name=\"robots\" content=\"index, follow, max-snippet:-1, max-image-preview:large, max-video-preview:-1\" \/>\n<link rel=\"canonical\" href=\"https:\/\/elregionalvm.com.ar\/noticias-villa-maria\/se-presento-el-nuevo-sistema-de-actas-digitales\/\" \/>\n<meta property=\"og:locale\" content=\"es_ES\" \/>\n<meta property=\"og:type\" content=\"article\" \/>\n<meta property=\"og:title\" content=\"Se present\u00f3 el nuevo sistema de Actas Digitales - El Regional\" \/>\n<meta property=\"og:description\" content=\"La herramienta permitir\u00e1 elaborar actas de infracciones de una forma \u00e1gil, integral y en sinton\u00eda con el cuidado del medio ambiente. En la ma\u00f1ana de hoy, el intendente Eduardo Accastello, acompa\u00f1ado por integrantes de su gabinete y el Juez de Faltas, Hugo Paschetto, present\u00f3 ante los agentes de tr\u00e1nsito y la prensa el nuevo sistema [&hellip;]\" \/>\n<meta property=\"og:url\" content=\"https:\/\/elregionalvm.com.ar\/noticias-villa-maria\/se-presento-el-nuevo-sistema-de-actas-digitales\/\" \/>\n<meta property=\"og:site_name\" content=\"El Regional\" \/>\n<meta property=\"article:publisher\" content=\"https:\/\/www.facebook.com\/elregionalvm\" \/>\n<meta property=\"article:published_time\" content=\"2024-02-23T23:23:35+00:00\" \/>\n<meta property=\"article:modified_time\" content=\"2024-02-23T23:23:36+00:00\" \/>\n<meta property=\"og:image\" content=\"https:\/\/elregionalvm.com.ar\/noticias-villa-maria\/wp-content\/uploads\/2024\/02\/5b23f978-141b-44f2-9437-dd881c93f2ce.jpg\" \/>\n\t<meta property=\"og:image:width\" content=\"1280\" \/>\n\t<meta property=\"og:image:height\" content=\"853\" \/>\n\t<meta property=\"og:image:type\" content=\"image\/jpeg\" \/>\n<meta name=\"author\" content=\"Contenidos El Regional\" \/>\n<meta name=\"twitter:card\" content=\"summary_large_image\" \/>\n<meta name=\"twitter:creator\" content=\"@elregionalvm1\" \/>\n<meta name=\"twitter:site\" content=\"@elregionalvm1\" \/>\n<meta name=\"twitter:label1\" content=\"Escrito por\" \/>\n\t<meta name=\"twitter:data1\" content=\"Contenidos El Regional\" \/>\n\t<meta name=\"twitter:label2\" content=\"Tiempo de lectura\" \/>\n\t<meta name=\"twitter:data2\" content=\"3 minutos\" \/>\n<script type=\"application\/ld+json\" class=\"yoast-schema-graph\">{\"@context\":\"https:\/\/schema.org\",\"@graph\":[{\"@type\":\"Article\",\"@id\":\"https:\/\/elregionalvm.com.ar\/noticias-villa-maria\/se-presento-el-nuevo-sistema-de-actas-digitales\/#article\",\"isPartOf\":{\"@id\":\"https:\/\/elregionalvm.com.ar\/noticias-villa-maria\/se-presento-el-nuevo-sistema-de-actas-digitales\/\"},\"author\":{\"name\":\"Contenidos El Regional\",\"@id\":\"http:\/\/elregionalvm.com.ar\/noticias-villa-maria\/#\/schema\/person\/a0fb9c422317faca23d50163151bc354\"},\"headline\":\"Se present\u00f3 el nuevo sistema de Actas Digitales\",\"datePublished\":\"2024-02-23T23:23:35+00:00\",\"dateModified\":\"2024-02-23T23:23:36+00:00\",\"mainEntityOfPage\":{\"@id\":\"https:\/\/elregionalvm.com.ar\/noticias-villa-maria\/se-presento-el-nuevo-sistema-de-actas-digitales\/\"},\"wordCount\":417,\"commentCount\":0,\"image\":{\"@id\":\"https:\/\/elregionalvm.com.ar\/noticias-villa-maria\/se-presento-el-nuevo-sistema-de-actas-digitales\/#primaryimage\"},\"thumbnailUrl\":\"https:\/\/i0.wp.com\/elregionalvm.com.ar\/noticias-villa-maria\/wp-content\/uploads\/2024\/02\/5b23f978-141b-44f2-9437-dd881c93f2ce.jpg?fit=1280%2C853&ssl=1\",\"articleSection\":[\"destacado\",\"Sociedad\",\"Villa Mar\u00eda\"],\"inLanguage\":\"es\",\"potentialAction\":[{\"@type\":\"CommentAction\",\"name\":\"Comment\",\"target\":[\"https:\/\/elregionalvm.com.ar\/noticias-villa-maria\/se-presento-el-nuevo-sistema-de-actas-digitales\/#respond\"]}]},{\"@type\":\"WebPage\",\"@id\":\"https:\/\/elregionalvm.com.ar\/noticias-villa-maria\/se-presento-el-nuevo-sistema-de-actas-digitales\/\",\"url\":\"https:\/\/elregionalvm.com.ar\/noticias-villa-maria\/se-presento-el-nuevo-sistema-de-actas-digitales\/\",\"name\":\"Se present\u00f3 el nuevo sistema de Actas Digitales - El Regional\",\"isPartOf\":{\"@id\":\"http:\/\/elregionalvm.com.ar\/noticias-villa-maria\/#website\"},\"primaryImageOfPage\":{\"@id\":\"https:\/\/elregionalvm.com.ar\/noticias-villa-maria\/se-presento-el-nuevo-sistema-de-actas-digitales\/#primaryimage\"},\"image\":{\"@id\":\"https:\/\/elregionalvm.com.ar\/noticias-villa-maria\/se-presento-el-nuevo-sistema-de-actas-digitales\/#primaryimage\"},\"thumbnailUrl\":\"https:\/\/i0.wp.com\/elregionalvm.com.ar\/noticias-villa-maria\/wp-content\/uploads\/2024\/02\/5b23f978-141b-44f2-9437-dd881c93f2ce.jpg?fit=1280%2C853&ssl=1\",\"datePublished\":\"2024-02-23T23:23:35+00:00\",\"dateModified\":\"2024-02-23T23:23:36+00:00\",\"author\":{\"@id\":\"http:\/\/elregionalvm.com.ar\/noticias-villa-maria\/#\/schema\/person\/a0fb9c422317faca23d50163151bc354\"},\"breadcrumb\":{\"@id\":\"https:\/\/elregionalvm.com.ar\/noticias-villa-maria\/se-presento-el-nuevo-sistema-de-actas-digitales\/#breadcrumb\"},\"inLanguage\":\"es\",\"potentialAction\":[{\"@type\":\"ReadAction\",\"target\":[\"https:\/\/elregionalvm.com.ar\/noticias-villa-maria\/se-presento-el-nuevo-sistema-de-actas-digitales\/\"]}]},{\"@type\":\"ImageObject\",\"inLanguage\":\"es\",\"@id\":\"https:\/\/elregionalvm.com.ar\/noticias-villa-maria\/se-presento-el-nuevo-sistema-de-actas-digitales\/#primaryimage\",\"url\":\"https:\/\/i0.wp.com\/elregionalvm.com.ar\/noticias-villa-maria\/wp-content\/uploads\/2024\/02\/5b23f978-141b-44f2-9437-dd881c93f2ce.jpg?fit=1280%2C853&ssl=1\",\"contentUrl\":\"https:\/\/i0.wp.com\/elregionalvm.com.ar\/noticias-villa-maria\/wp-content\/uploads\/2024\/02\/5b23f978-141b-44f2-9437-dd881c93f2ce.jpg?fit=1280%2C853&ssl=1\",\"width\":1280,\"height\":853},{\"@type\":\"BreadcrumbList\",\"@id\":\"https:\/\/elregionalvm.com.ar\/noticias-villa-maria\/se-presento-el-nuevo-sistema-de-actas-digitales\/#breadcrumb\",\"itemListElement\":[{\"@type\":\"ListItem\",\"position\":1,\"name\":\"Portada\",\"item\":\"https:\/\/elregionalvm.com.ar\/noticias-villa-maria\/\"},{\"@type\":\"ListItem\",\"position\":2,\"name\":\"Se present\u00f3 el nuevo sistema de Actas Digitales\"}]},{\"@type\":\"WebSite\",\"@id\":\"http:\/\/elregionalvm.com.ar\/noticias-villa-maria\/#website\",\"url\":\"http:\/\/elregionalvm.com.ar\/noticias-villa-maria\/\",\"name\":\"El Regional\",\"description\":\"Mucho m\u00e1s que informaci\u00f3n\",\"potentialAction\":[{\"@type\":\"SearchAction\",\"target\":{\"@type\":\"EntryPoint\",\"urlTemplate\":\"http:\/\/elregionalvm.com.ar\/noticias-villa-maria\/?s={search_term_string}\"},\"query-input\":{\"@type\":\"PropertyValueSpecification\",\"valueRequired\":true,\"valueName\":\"search_term_string\"}}],\"inLanguage\":\"es\"},{\"@type\":\"Person\",\"@id\":\"http:\/\/elregionalvm.com.ar\/noticias-villa-maria\/#\/schema\/person\/a0fb9c422317faca23d50163151bc354\",\"name\":\"Contenidos El Regional\",\"image\":{\"@type\":\"ImageObject\",\"inLanguage\":\"es\",\"@id\":\"http:\/\/elregionalvm.com.ar\/noticias-villa-maria\/#\/schema\/person\/image\/\",\"url\":\"https:\/\/secure.gravatar.com\/avatar\/265b27cb2209af7bb3a1318f03305787d7981a5cc6e6cd08fe5a4ecdf99d4b48?s=96&d=mm&r=g\",\"contentUrl\":\"https:\/\/secure.gravatar.com\/avatar\/265b27cb2209af7bb3a1318f03305787d7981a5cc6e6cd08fe5a4ecdf99d4b48?s=96&d=mm&r=g\",\"caption\":\"Contenidos El Regional\"},\"url\":\"https:\/\/elregionalvm.com.ar\/noticias-villa-maria\/author\/contenido\/\"}]}<\/script>\n<!-- \/ Yoast SEO plugin. -->","yoast_head_json":{"title":"Se present\u00f3 el nuevo sistema de Actas Digitales - El Regional","robots":{"index":"index","follow":"follow","max-snippet":"max-snippet:-1","max-image-preview":"max-image-preview:large","max-video-preview":"max-video-preview:-1"},"canonical":"https:\/\/elregionalvm.com.ar\/noticias-villa-maria\/se-presento-el-nuevo-sistema-de-actas-digitales\/","og_locale":"es_ES","og_type":"article","og_title":"Se present\u00f3 el nuevo sistema de Actas Digitales - El Regional","og_description":"La herramienta permitir\u00e1 elaborar actas de infracciones de una forma \u00e1gil, integral y en sinton\u00eda con el cuidado del medio ambiente. En la ma\u00f1ana de hoy, el intendente Eduardo Accastello, acompa\u00f1ado por integrantes de su gabinete y el Juez de Faltas, Hugo Paschetto, present\u00f3 ante los agentes de tr\u00e1nsito y la prensa el nuevo sistema [&hellip;]","og_url":"https:\/\/elregionalvm.com.ar\/noticias-villa-maria\/se-presento-el-nuevo-sistema-de-actas-digitales\/","og_site_name":"El Regional","article_publisher":"https:\/\/www.facebook.com\/elregionalvm","article_published_time":"2024-02-23T23:23:35+00:00","article_modified_time":"2024-02-23T23:23:36+00:00","og_image":[{"width":1280,"height":853,"url":"https:\/\/elregionalvm.com.ar\/noticias-villa-maria\/wp-content\/uploads\/2024\/02\/5b23f978-141b-44f2-9437-dd881c93f2ce.jpg","type":"image\/jpeg"}],"author":"Contenidos El Regional","twitter_card":"summary_large_image","twitter_creator":"@elregionalvm1","twitter_site":"@elregionalvm1","twitter_misc":{"Escrito por":"Contenidos El Regional","Tiempo de lectura":"3 minutos"},"schema":{"@context":"https:\/\/schema.org","@graph":[{"@type":"Article","@id":"https:\/\/elregionalvm.com.ar\/noticias-villa-maria\/se-presento-el-nuevo-sistema-de-actas-digitales\/#article","isPartOf":{"@id":"https:\/\/elregionalvm.com.ar\/noticias-villa-maria\/se-presento-el-nuevo-sistema-de-actas-digitales\/"},"author":{"name":"Contenidos El Regional","@id":"http:\/\/elregionalvm.com.ar\/noticias-villa-maria\/#\/schema\/person\/a0fb9c422317faca23d50163151bc354"},"headline":"Se present\u00f3 el nuevo sistema de Actas Digitales","datePublished":"2024-02-23T23:23:35+00:00","dateModified":"2024-02-23T23:23:36+00:00","mainEntityOfPage":{"@id":"https:\/\/elregionalvm.com.ar\/noticias-villa-maria\/se-presento-el-nuevo-sistema-de-actas-digitales\/"},"wordCount":417,"commentCount":0,"image":{"@id":"https:\/\/elregionalvm.com.ar\/noticias-villa-maria\/se-presento-el-nuevo-sistema-de-actas-digitales\/#primaryimage"},"thumbnailUrl":"https:\/\/i0.wp.com\/elregionalvm.com.ar\/noticias-villa-maria\/wp-content\/uploads\/2024\/02\/5b23f978-141b-44f2-9437-dd881c93f2ce.jpg?fit=1280%2C853&ssl=1","articleSection":["destacado","Sociedad","Villa Mar\u00eda"],"inLanguage":"es","potentialAction":[{"@type":"CommentAction","name":"Comment","target":["https:\/\/elregionalvm.com.ar\/noticias-villa-maria\/se-presento-el-nuevo-sistema-de-actas-digitales\/#respond"]}]},{"@type":"WebPage","@id":"https:\/\/elregionalvm.com.ar\/noticias-villa-maria\/se-presento-el-nuevo-sistema-de-actas-digitales\/","url":"https:\/\/elregionalvm.com.ar\/noticias-villa-maria\/se-presento-el-nuevo-sistema-de-actas-digitales\/","name":"Se present\u00f3 el nuevo sistema de Actas Digitales - El Regional","isPartOf":{"@id":"http:\/\/elregionalvm.com.ar\/noticias-villa-maria\/#website"},"primaryImageOfPage":{"@id":"https:\/\/elregionalvm.com.ar\/noticias-villa-maria\/se-presento-el-nuevo-sistema-de-actas-digitales\/#primaryimage"},"image":{"@id":"https:\/\/elregionalvm.com.ar\/noticias-villa-maria\/se-presento-el-nuevo-sistema-de-actas-digitales\/#primaryimage"},"thumbnailUrl":"https:\/\/i0.wp.com\/elregionalvm.com.ar\/noticias-villa-maria\/wp-content\/uploads\/2024\/02\/5b23f978-141b-44f2-9437-dd881c93f2ce.jpg?fit=1280%2C853&ssl=1","datePublished":"2024-02-23T23:23:35+00:00","dateModified":"2024-02-23T23:23:36+00:00","author":{"@id":"http:\/\/elregionalvm.com.ar\/noticias-villa-maria\/#\/schema\/person\/a0fb9c422317faca23d50163151bc354"},"breadcrumb":{"@id":"https:\/\/elregionalvm.com.ar\/noticias-villa-maria\/se-presento-el-nuevo-sistema-de-actas-digitales\/#breadcrumb"},"inLanguage":"es","potentialAction":[{"@type":"ReadAction","target":["https:\/\/elregionalvm.com.ar\/noticias-villa-maria\/se-presento-el-nuevo-sistema-de-actas-digitales\/"]}]},{"@type":"ImageObject","inLanguage":"es","@id":"https:\/\/elregionalvm.com.ar\/noticias-villa-maria\/se-presento-el-nuevo-sistema-de-actas-digitales\/#primaryimage","url":"https:\/\/i0.wp.com\/elregionalvm.com.ar\/noticias-villa-maria\/wp-content\/uploads\/2024\/02\/5b23f978-141b-44f2-9437-dd881c93f2ce.jpg?fit=1280%2C853&ssl=1","contentUrl":"https:\/\/i0.wp.com\/elregionalvm.com.ar\/noticias-villa-maria\/wp-content\/uploads\/2024\/02\/5b23f978-141b-44f2-9437-dd881c93f2ce.jpg?fit=1280%2C853&ssl=1","width":1280,"height":853},{"@type":"BreadcrumbList","@id":"https:\/\/elregionalvm.com.ar\/noticias-villa-maria\/se-presento-el-nuevo-sistema-de-actas-digitales\/#breadcrumb","itemListElement":[{"@type":"ListItem","position":1,"name":"Portada","item":"https:\/\/elregionalvm.com.ar\/noticias-villa-maria\/"},{"@type":"ListItem","position":2,"name":"Se present\u00f3 el nuevo sistema de Actas Digitales"}]},{"@type":"WebSite","@id":"http:\/\/elregionalvm.com.ar\/noticias-villa-maria\/#website","url":"http:\/\/elregionalvm.com.ar\/noticias-villa-maria\/","name":"El Regional","description":"Mucho m\u00e1s que informaci\u00f3n","potentialAction":[{"@type":"SearchAction","target":{"@type":"EntryPoint","urlTemplate":"http:\/\/elregionalvm.com.ar\/noticias-villa-maria\/?s={search_term_string}"},"query-input":{"@type":"PropertyValueSpecification","valueRequired":true,"valueName":"search_term_string"}}],"inLanguage":"es"},{"@type":"Person","@id":"http:\/\/elregionalvm.com.ar\/noticias-villa-maria\/#\/schema\/person\/a0fb9c422317faca23d50163151bc354","name":"Contenidos El Regional","image":{"@type":"ImageObject","inLanguage":"es","@id":"http:\/\/elregionalvm.com.ar\/noticias-villa-maria\/#\/schema\/person\/image\/","url":"https:\/\/secure.gravatar.com\/avatar\/265b27cb2209af7bb3a1318f03305787d7981a5cc6e6cd08fe5a4ecdf99d4b48?s=96&d=mm&r=g","contentUrl":"https:\/\/secure.gravatar.com\/avatar\/265b27cb2209af7bb3a1318f03305787d7981a5cc6e6cd08fe5a4ecdf99d4b48?s=96&d=mm&r=g","caption":"Contenidos El Regional"},"url":"https:\/\/elregionalvm.com.ar\/noticias-villa-maria\/author\/contenido\/"}]}},"jetpack_featured_media_url":"https:\/\/i0.wp.com\/elregionalvm.com.ar\/noticias-villa-maria\/wp-content\/uploads\/2024\/02\/5b23f978-141b-44f2-9437-dd881c93f2ce.jpg?fit=1280%2C853&ssl=1","jetpack_sharing_enabled":true,"_links":{"self":[{"href":"https:\/\/elregionalvm.com.ar\/noticias-villa-maria\/wp-json\/wp\/v2\/posts\/90452","targetHints":{"allow":["GET"]}}],"collection":[{"href":"https:\/\/elregionalvm.com.ar\/noticias-villa-maria\/wp-json\/wp\/v2\/posts"}],"about":[{"href":"https:\/\/elregionalvm.com.ar\/noticias-villa-maria\/wp-json\/wp\/v2\/types\/post"}],"author":[{"embeddable":true,"href":"https:\/\/elregionalvm.com.ar\/noticias-villa-maria\/wp-json\/wp\/v2\/users\/4"}],"replies":[{"embeddable":true,"href":"https:\/\/elregionalvm.com.ar\/noticias-villa-maria\/wp-json\/wp\/v2\/comments?post=90452"}],"version-history":[{"count":1,"href":"https:\/\/elregionalvm.com.ar\/noticias-villa-maria\/wp-json\/wp\/v2\/posts\/90452\/revisions"}],"predecessor-version":[{"id":90456,"href":"https:\/\/elregionalvm.com.ar\/noticias-villa-maria\/wp-json\/wp\/v2\/posts\/90452\/revisions\/90456"}],"wp:featuredmedia":[{"embeddable":true,"href":"https:\/\/elregionalvm.com.ar\/noticias-villa-maria\/wp-json\/wp\/v2\/media\/90454"}],"wp:attachment":[{"href":"https:\/\/elregionalvm.com.ar\/noticias-villa-maria\/wp-json\/wp\/v2\/media?parent=90452"}],"wp:term":[{"taxonomy":"category","embeddable":true,"href":"https:\/\/elregionalvm.com.ar\/noticias-villa-maria\/wp-json\/wp\/v2\/categories?post=90452"},{"taxonomy":"post_tag","embeddable":true,"href":"https:\/\/elregionalvm.com.ar\/noticias-villa-maria\/wp-json\/wp\/v2\/tags?post=90452"}],"curies":[{"name":"wp","href":"https:\/\/api.w.org\/{rel}","templated":true}]}}