{"id":90468,"date":"2024-02-23T23:40:03","date_gmt":"2024-02-23T23:40:03","guid":{"rendered":"https:\/\/elregionalvm.com.ar\/noticias-villa-maria\/?p=90468"},"modified":"2024-02-26T00:23:08","modified_gmt":"2024-02-26T00:23:08","slug":"fabricio-rodriguez-en-campana-solidaria-vuelta-al-cole","status":"publish","type":"post","link":"https:\/\/elregionalvm.com.ar\/noticias-villa-maria\/fabricio-rodriguez-en-campana-solidaria-vuelta-al-cole\/","title":{"rendered":"Fabricio Rodr\u00edguez en campa\u00f1a solidaria \u00abVuelta al Cole\u00bb"},"content":{"rendered":"\n<p>El cantante y armonicista <strong>Fabricio Rodr\u00edguez<\/strong>, en plena Gira de Verano por nuestro pa\u00eds, continua realizando acciones solidarias en su ciudad natal Villa Mar\u00eda. Acciones que son &nbsp;parte &nbsp;de la responsabilidad social que viene llevando a cabo desde hace algunos a\u00f1os.<\/p>\n\n\n\n<p>Es por eso, que hoy viernes 23 de Febrero alrededor de las 20 hs estar\u00e1 haciendo entrega de \u00fatiles escolares en el Comedor \u201cCaritas Felices\u201d de barrio La Calera donde compartir\u00e1 la cena con los ni\u00f1os que asisten al lugar.<\/p>\n\n\n\n<p><strong>Fabricio<\/strong>, en el 2023 realiz\u00f3 una Gira Solidaria por diferentes ciudades a beneficio de sedes locales del Lalcec (Liga de Lucha contra el C\u00e1ncer) poni\u00e9ndole el broche de oro con un Concierto en el Teatro Verdi de esta ciudad. Evento&nbsp; a beneficio del Lalcec, con una gran recaudaci\u00f3n que fue donada a la instituci\u00f3n.<\/p>\n\n\n\n<p>\u00c9ste fin de semana el artista se presenta en Concierto en Villa Ojo de Agua, provincia de Santiago del Estero.<\/p>\n","protected":false},"excerpt":{"rendered":"<p>El cantante y armonicista Fabricio Rodr\u00edguez, en plena Gira de Verano por nuestro pa\u00eds, continua realizando acciones solidarias en su ciudad natal Villa Mar\u00eda. Acciones que son &nbsp;parte &nbsp;de la responsabilidad social que viene llevando a cabo desde hace algunos a\u00f1os. Es por eso, que hoy viernes 23 de Febrero alrededor de las 20 hs [&hellip;]<\/p>\n","protected":false},"author":4,"featured_media":78014,"comment_status":"open","ping_status":"open","sticky":false,"template":"","format":"standard","meta":{"site-sidebar-layout":"default","site-content-layout":"","ast-site-content-layout":"default","site-content-style":"default","site-sidebar-style":"default","ast-global-header-display":"","ast-banner-title-visibility":"","ast-main-header-display":"","ast-hfb-above-header-display":"","ast-hfb-below-header-display":"","ast-hfb-mobile-header-display":"","site-post-title":"","ast-breadcrumbs-content":"","ast-featured-img":"","footer-sml-layout":"","ast-disable-related-posts":"","theme-transparent-header-meta":"","adv-header-id-meta":"","stick-header-meta":"","header-above-stick-meta":"","header-main-stick-meta":"","header-below-stick-meta":"","astra-migrate-meta-layouts":"set","ast-page-background-enabled":"default","ast-page-background-meta":{"desktop":{"background-color":"","background-image":"","background-repeat":"repeat","background-position":"center center","background-size":"auto","background-attachment":"scroll","background-type":"","background-media":"","overlay-type":"","overlay-color":"","overlay-opacity":"","overlay-gradient":""},"tablet":{"background-color":"","background-image":"","background-repeat":"repeat","background-position":"center center","background-size":"auto","background-attachment":"scroll","background-type":"","background-media":"","overlay-type":"","overlay-color":"","overlay-opacity":"","overlay-gradient":""},"mobile":{"background-color":"","background-image":"","background-repeat":"repeat","background-position":"center center","background-size":"auto","background-attachment":"scroll","background-type":"","background-media":"","overlay-type":"","overlay-color":"","overlay-opacity":"","overlay-gradient":""}},"ast-content-background-meta":{"desktop":{"background-color":"var(--ast-global-color-5)","background-image":"","background-repeat":"repeat","background-position":"center center","background-size":"auto","background-attachment":"scroll","background-type":"","background-media":"","overlay-type":"","overlay-color":"","overlay-opacity":"","overlay-gradient":""},"tablet":{"background-color":"var(--ast-global-color-5)","background-image":"","background-repeat":"repeat","background-position":"center center","background-size":"auto","background-attachment":"scroll","background-type":"","background-media":"","overlay-type":"","overlay-color":"","overlay-opacity":"","overlay-gradient":""},"mobile":{"background-color":"var(--ast-global-color-5)","background-image":"","background-repeat":"repeat","background-position":"center center","background-size":"auto","background-attachment":"scroll","background-type":"","background-media":"","overlay-type":"","overlay-color":"","overlay-opacity":"","overlay-gradient":""}},"_jetpack_memberships_contains_paid_content":false,"_joinchat":[],"footnotes":""},"categories":[5,2],"tags":[],"class_list":["post-90468","post","type-post","status-publish","format-standard","has-post-thumbnail","hentry","category-sociedad","category-villa-maria"],"yoast_head":"<!-- This site is optimized with the Yoast SEO plugin v26.8 - https:\/\/yoast.com\/product\/yoast-seo-wordpress\/ -->\n<title>Fabricio Rodr\u00edguez en campa\u00f1a solidaria &quot;Vuelta al Cole&quot; - El Regional<\/title>\n<meta name=\"robots\" content=\"index, follow, max-snippet:-1, max-image-preview:large, max-video-preview:-1\" \/>\n<link rel=\"canonical\" href=\"https:\/\/elregionalvm.com.ar\/noticias-villa-maria\/fabricio-rodriguez-en-campana-solidaria-vuelta-al-cole\/\" \/>\n<meta property=\"og:locale\" content=\"es_ES\" \/>\n<meta property=\"og:type\" content=\"article\" \/>\n<meta property=\"og:title\" content=\"Fabricio Rodr\u00edguez en campa\u00f1a solidaria &quot;Vuelta al Cole&quot; - El Regional\" \/>\n<meta property=\"og:description\" content=\"El cantante y armonicista Fabricio Rodr\u00edguez, en plena Gira de Verano por nuestro pa\u00eds, continua realizando acciones solidarias en su ciudad natal Villa Mar\u00eda. Acciones que son &nbsp;parte &nbsp;de la responsabilidad social que viene llevando a cabo desde hace algunos a\u00f1os. Es por eso, que hoy viernes 23 de Febrero alrededor de las 20 hs [&hellip;]\" \/>\n<meta property=\"og:url\" content=\"https:\/\/elregionalvm.com.ar\/noticias-villa-maria\/fabricio-rodriguez-en-campana-solidaria-vuelta-al-cole\/\" \/>\n<meta property=\"og:site_name\" content=\"El Regional\" \/>\n<meta property=\"article:publisher\" content=\"https:\/\/www.facebook.com\/elregionalvm\" \/>\n<meta property=\"article:published_time\" content=\"2024-02-23T23:40:03+00:00\" \/>\n<meta property=\"article:modified_time\" content=\"2024-02-26T00:23:08+00:00\" \/>\n<meta property=\"og:image\" content=\"https:\/\/elregionalvm.com.ar\/noticias-villa-maria\/wp-content\/uploads\/2023\/06\/Fabricio-Rodriguez-recital-Lalcec-2.jpeg\" \/>\n\t<meta property=\"og:image:width\" content=\"1200\" \/>\n\t<meta property=\"og:image:height\" content=\"810\" \/>\n\t<meta property=\"og:image:type\" content=\"image\/jpeg\" \/>\n<meta name=\"author\" content=\"Contenidos El Regional\" \/>\n<meta name=\"twitter:card\" content=\"summary_large_image\" \/>\n<meta name=\"twitter:creator\" content=\"@elregionalvm1\" \/>\n<meta name=\"twitter:site\" content=\"@elregionalvm1\" \/>\n<meta name=\"twitter:label1\" content=\"Escrito por\" \/>\n\t<meta name=\"twitter:data1\" content=\"Contenidos El Regional\" \/>\n\t<meta name=\"twitter:label2\" content=\"Tiempo de lectura\" \/>\n\t<meta name=\"twitter:data2\" content=\"1 minuto\" \/>\n<script type=\"application\/ld+json\" class=\"yoast-schema-graph\">{\"@context\":\"https:\/\/schema.org\",\"@graph\":[{\"@type\":\"Article\",\"@id\":\"https:\/\/elregionalvm.com.ar\/noticias-villa-maria\/fabricio-rodriguez-en-campana-solidaria-vuelta-al-cole\/#article\",\"isPartOf\":{\"@id\":\"https:\/\/elregionalvm.com.ar\/noticias-villa-maria\/fabricio-rodriguez-en-campana-solidaria-vuelta-al-cole\/\"},\"author\":{\"name\":\"Contenidos El Regional\",\"@id\":\"http:\/\/elregionalvm.com.ar\/noticias-villa-maria\/#\/schema\/person\/a0fb9c422317faca23d50163151bc354\"},\"headline\":\"Fabricio Rodr\u00edguez en campa\u00f1a solidaria \u00abVuelta al Cole\u00bb\",\"datePublished\":\"2024-02-23T23:40:03+00:00\",\"dateModified\":\"2024-02-26T00:23:08+00:00\",\"mainEntityOfPage\":{\"@id\":\"https:\/\/elregionalvm.com.ar\/noticias-villa-maria\/fabricio-rodriguez-en-campana-solidaria-vuelta-al-cole\/\"},\"wordCount\":174,\"commentCount\":0,\"image\":{\"@id\":\"https:\/\/elregionalvm.com.ar\/noticias-villa-maria\/fabricio-rodriguez-en-campana-solidaria-vuelta-al-cole\/#primaryimage\"},\"thumbnailUrl\":\"https:\/\/i0.wp.com\/elregionalvm.com.ar\/noticias-villa-maria\/wp-content\/uploads\/2023\/06\/Fabricio-Rodriguez-recital-Lalcec-2.jpeg?fit=1200%2C810&ssl=1\",\"articleSection\":[\"Sociedad\",\"Villa Mar\u00eda\"],\"inLanguage\":\"es\",\"potentialAction\":[{\"@type\":\"CommentAction\",\"name\":\"Comment\",\"target\":[\"https:\/\/elregionalvm.com.ar\/noticias-villa-maria\/fabricio-rodriguez-en-campana-solidaria-vuelta-al-cole\/#respond\"]}]},{\"@type\":\"WebPage\",\"@id\":\"https:\/\/elregionalvm.com.ar\/noticias-villa-maria\/fabricio-rodriguez-en-campana-solidaria-vuelta-al-cole\/\",\"url\":\"https:\/\/elregionalvm.com.ar\/noticias-villa-maria\/fabricio-rodriguez-en-campana-solidaria-vuelta-al-cole\/\",\"name\":\"Fabricio Rodr\u00edguez en campa\u00f1a solidaria \\\"Vuelta al Cole\\\" - El Regional\",\"isPartOf\":{\"@id\":\"http:\/\/elregionalvm.com.ar\/noticias-villa-maria\/#website\"},\"primaryImageOfPage\":{\"@id\":\"https:\/\/elregionalvm.com.ar\/noticias-villa-maria\/fabricio-rodriguez-en-campana-solidaria-vuelta-al-cole\/#primaryimage\"},\"image\":{\"@id\":\"https:\/\/elregionalvm.com.ar\/noticias-villa-maria\/fabricio-rodriguez-en-campana-solidaria-vuelta-al-cole\/#primaryimage\"},\"thumbnailUrl\":\"https:\/\/i0.wp.com\/elregionalvm.com.ar\/noticias-villa-maria\/wp-content\/uploads\/2023\/06\/Fabricio-Rodriguez-recital-Lalcec-2.jpeg?fit=1200%2C810&ssl=1\",\"datePublished\":\"2024-02-23T23:40:03+00:00\",\"dateModified\":\"2024-02-26T00:23:08+00:00\",\"author\":{\"@id\":\"http:\/\/elregionalvm.com.ar\/noticias-villa-maria\/#\/schema\/person\/a0fb9c422317faca23d50163151bc354\"},\"breadcrumb\":{\"@id\":\"https:\/\/elregionalvm.com.ar\/noticias-villa-maria\/fabricio-rodriguez-en-campana-solidaria-vuelta-al-cole\/#breadcrumb\"},\"inLanguage\":\"es\",\"potentialAction\":[{\"@type\":\"ReadAction\",\"target\":[\"https:\/\/elregionalvm.com.ar\/noticias-villa-maria\/fabricio-rodriguez-en-campana-solidaria-vuelta-al-cole\/\"]}]},{\"@type\":\"ImageObject\",\"inLanguage\":\"es\",\"@id\":\"https:\/\/elregionalvm.com.ar\/noticias-villa-maria\/fabricio-rodriguez-en-campana-solidaria-vuelta-al-cole\/#primaryimage\",\"url\":\"https:\/\/i0.wp.com\/elregionalvm.com.ar\/noticias-villa-maria\/wp-content\/uploads\/2023\/06\/Fabricio-Rodriguez-recital-Lalcec-2.jpeg?fit=1200%2C810&ssl=1\",\"contentUrl\":\"https:\/\/i0.wp.com\/elregionalvm.com.ar\/noticias-villa-maria\/wp-content\/uploads\/2023\/06\/Fabricio-Rodriguez-recital-Lalcec-2.jpeg?fit=1200%2C810&ssl=1\",\"width\":1200,\"height\":810},{\"@type\":\"BreadcrumbList\",\"@id\":\"https:\/\/elregionalvm.com.ar\/noticias-villa-maria\/fabricio-rodriguez-en-campana-solidaria-vuelta-al-cole\/#breadcrumb\",\"itemListElement\":[{\"@type\":\"ListItem\",\"position\":1,\"name\":\"Portada\",\"item\":\"https:\/\/elregionalvm.com.ar\/noticias-villa-maria\/\"},{\"@type\":\"ListItem\",\"position\":2,\"name\":\"Fabricio Rodr\u00edguez en campa\u00f1a solidaria \u00abVuelta al Cole\u00bb\"}]},{\"@type\":\"WebSite\",\"@id\":\"http:\/\/elregionalvm.com.ar\/noticias-villa-maria\/#website\",\"url\":\"http:\/\/elregionalvm.com.ar\/noticias-villa-maria\/\",\"name\":\"El Regional\",\"description\":\"Mucho m\u00e1s que informaci\u00f3n\",\"potentialAction\":[{\"@type\":\"SearchAction\",\"target\":{\"@type\":\"EntryPoint\",\"urlTemplate\":\"http:\/\/elregionalvm.com.ar\/noticias-villa-maria\/?s={search_term_string}\"},\"query-input\":{\"@type\":\"PropertyValueSpecification\",\"valueRequired\":true,\"valueName\":\"search_term_string\"}}],\"inLanguage\":\"es\"},{\"@type\":\"Person\",\"@id\":\"http:\/\/elregionalvm.com.ar\/noticias-villa-maria\/#\/schema\/person\/a0fb9c422317faca23d50163151bc354\",\"name\":\"Contenidos El Regional\",\"image\":{\"@type\":\"ImageObject\",\"inLanguage\":\"es\",\"@id\":\"http:\/\/elregionalvm.com.ar\/noticias-villa-maria\/#\/schema\/person\/image\/\",\"url\":\"https:\/\/secure.gravatar.com\/avatar\/265b27cb2209af7bb3a1318f03305787d7981a5cc6e6cd08fe5a4ecdf99d4b48?s=96&d=mm&r=g\",\"contentUrl\":\"https:\/\/secure.gravatar.com\/avatar\/265b27cb2209af7bb3a1318f03305787d7981a5cc6e6cd08fe5a4ecdf99d4b48?s=96&d=mm&r=g\",\"caption\":\"Contenidos El Regional\"},\"url\":\"https:\/\/elregionalvm.com.ar\/noticias-villa-maria\/author\/contenido\/\"}]}<\/script>\n<!-- \/ Yoast SEO plugin. -->","yoast_head_json":{"title":"Fabricio Rodr\u00edguez en campa\u00f1a solidaria \"Vuelta al Cole\" - El Regional","robots":{"index":"index","follow":"follow","max-snippet":"max-snippet:-1","max-image-preview":"max-image-preview:large","max-video-preview":"max-video-preview:-1"},"canonical":"https:\/\/elregionalvm.com.ar\/noticias-villa-maria\/fabricio-rodriguez-en-campana-solidaria-vuelta-al-cole\/","og_locale":"es_ES","og_type":"article","og_title":"Fabricio Rodr\u00edguez en campa\u00f1a solidaria \"Vuelta al Cole\" - El Regional","og_description":"El cantante y armonicista Fabricio Rodr\u00edguez, en plena Gira de Verano por nuestro pa\u00eds, continua realizando acciones solidarias en su ciudad natal Villa Mar\u00eda. Acciones que son &nbsp;parte &nbsp;de la responsabilidad social que viene llevando a cabo desde hace algunos a\u00f1os. Es por eso, que hoy viernes 23 de Febrero alrededor de las 20 hs [&hellip;]","og_url":"https:\/\/elregionalvm.com.ar\/noticias-villa-maria\/fabricio-rodriguez-en-campana-solidaria-vuelta-al-cole\/","og_site_name":"El Regional","article_publisher":"https:\/\/www.facebook.com\/elregionalvm","article_published_time":"2024-02-23T23:40:03+00:00","article_modified_time":"2024-02-26T00:23:08+00:00","og_image":[{"width":1200,"height":810,"url":"https:\/\/elregionalvm.com.ar\/noticias-villa-maria\/wp-content\/uploads\/2023\/06\/Fabricio-Rodriguez-recital-Lalcec-2.jpeg","type":"image\/jpeg"}],"author":"Contenidos El Regional","twitter_card":"summary_large_image","twitter_creator":"@elregionalvm1","twitter_site":"@elregionalvm1","twitter_misc":{"Escrito por":"Contenidos El Regional","Tiempo de lectura":"1 minuto"},"schema":{"@context":"https:\/\/schema.org","@graph":[{"@type":"Article","@id":"https:\/\/elregionalvm.com.ar\/noticias-villa-maria\/fabricio-rodriguez-en-campana-solidaria-vuelta-al-cole\/#article","isPartOf":{"@id":"https:\/\/elregionalvm.com.ar\/noticias-villa-maria\/fabricio-rodriguez-en-campana-solidaria-vuelta-al-cole\/"},"author":{"name":"Contenidos El Regional","@id":"http:\/\/elregionalvm.com.ar\/noticias-villa-maria\/#\/schema\/person\/a0fb9c422317faca23d50163151bc354"},"headline":"Fabricio Rodr\u00edguez en campa\u00f1a solidaria \u00abVuelta al Cole\u00bb","datePublished":"2024-02-23T23:40:03+00:00","dateModified":"2024-02-26T00:23:08+00:00","mainEntityOfPage":{"@id":"https:\/\/elregionalvm.com.ar\/noticias-villa-maria\/fabricio-rodriguez-en-campana-solidaria-vuelta-al-cole\/"},"wordCount":174,"commentCount":0,"image":{"@id":"https:\/\/elregionalvm.com.ar\/noticias-villa-maria\/fabricio-rodriguez-en-campana-solidaria-vuelta-al-cole\/#primaryimage"},"thumbnailUrl":"https:\/\/i0.wp.com\/elregionalvm.com.ar\/noticias-villa-maria\/wp-content\/uploads\/2023\/06\/Fabricio-Rodriguez-recital-Lalcec-2.jpeg?fit=1200%2C810&ssl=1","articleSection":["Sociedad","Villa Mar\u00eda"],"inLanguage":"es","potentialAction":[{"@type":"CommentAction","name":"Comment","target":["https:\/\/elregionalvm.com.ar\/noticias-villa-maria\/fabricio-rodriguez-en-campana-solidaria-vuelta-al-cole\/#respond"]}]},{"@type":"WebPage","@id":"https:\/\/elregionalvm.com.ar\/noticias-villa-maria\/fabricio-rodriguez-en-campana-solidaria-vuelta-al-cole\/","url":"https:\/\/elregionalvm.com.ar\/noticias-villa-maria\/fabricio-rodriguez-en-campana-solidaria-vuelta-al-cole\/","name":"Fabricio Rodr\u00edguez en campa\u00f1a solidaria \"Vuelta al Cole\" - El Regional","isPartOf":{"@id":"http:\/\/elregionalvm.com.ar\/noticias-villa-maria\/#website"},"primaryImageOfPage":{"@id":"https:\/\/elregionalvm.com.ar\/noticias-villa-maria\/fabricio-rodriguez-en-campana-solidaria-vuelta-al-cole\/#primaryimage"},"image":{"@id":"https:\/\/elregionalvm.com.ar\/noticias-villa-maria\/fabricio-rodriguez-en-campana-solidaria-vuelta-al-cole\/#primaryimage"},"thumbnailUrl":"https:\/\/i0.wp.com\/elregionalvm.com.ar\/noticias-villa-maria\/wp-content\/uploads\/2023\/06\/Fabricio-Rodriguez-recital-Lalcec-2.jpeg?fit=1200%2C810&ssl=1","datePublished":"2024-02-23T23:40:03+00:00","dateModified":"2024-02-26T00:23:08+00:00","author":{"@id":"http:\/\/elregionalvm.com.ar\/noticias-villa-maria\/#\/schema\/person\/a0fb9c422317faca23d50163151bc354"},"breadcrumb":{"@id":"https:\/\/elregionalvm.com.ar\/noticias-villa-maria\/fabricio-rodriguez-en-campana-solidaria-vuelta-al-cole\/#breadcrumb"},"inLanguage":"es","potentialAction":[{"@type":"ReadAction","target":["https:\/\/elregionalvm.com.ar\/noticias-villa-maria\/fabricio-rodriguez-en-campana-solidaria-vuelta-al-cole\/"]}]},{"@type":"ImageObject","inLanguage":"es","@id":"https:\/\/elregionalvm.com.ar\/noticias-villa-maria\/fabricio-rodriguez-en-campana-solidaria-vuelta-al-cole\/#primaryimage","url":"https:\/\/i0.wp.com\/elregionalvm.com.ar\/noticias-villa-maria\/wp-content\/uploads\/2023\/06\/Fabricio-Rodriguez-recital-Lalcec-2.jpeg?fit=1200%2C810&ssl=1","contentUrl":"https:\/\/i0.wp.com\/elregionalvm.com.ar\/noticias-villa-maria\/wp-content\/uploads\/2023\/06\/Fabricio-Rodriguez-recital-Lalcec-2.jpeg?fit=1200%2C810&ssl=1","width":1200,"height":810},{"@type":"BreadcrumbList","@id":"https:\/\/elregionalvm.com.ar\/noticias-villa-maria\/fabricio-rodriguez-en-campana-solidaria-vuelta-al-cole\/#breadcrumb","itemListElement":[{"@type":"ListItem","position":1,"name":"Portada","item":"https:\/\/elregionalvm.com.ar\/noticias-villa-maria\/"},{"@type":"ListItem","position":2,"name":"Fabricio Rodr\u00edguez en campa\u00f1a solidaria \u00abVuelta al Cole\u00bb"}]},{"@type":"WebSite","@id":"http:\/\/elregionalvm.com.ar\/noticias-villa-maria\/#website","url":"http:\/\/elregionalvm.com.ar\/noticias-villa-maria\/","name":"El Regional","description":"Mucho m\u00e1s que informaci\u00f3n","potentialAction":[{"@type":"SearchAction","target":{"@type":"EntryPoint","urlTemplate":"http:\/\/elregionalvm.com.ar\/noticias-villa-maria\/?s={search_term_string}"},"query-input":{"@type":"PropertyValueSpecification","valueRequired":true,"valueName":"search_term_string"}}],"inLanguage":"es"},{"@type":"Person","@id":"http:\/\/elregionalvm.com.ar\/noticias-villa-maria\/#\/schema\/person\/a0fb9c422317faca23d50163151bc354","name":"Contenidos El Regional","image":{"@type":"ImageObject","inLanguage":"es","@id":"http:\/\/elregionalvm.com.ar\/noticias-villa-maria\/#\/schema\/person\/image\/","url":"https:\/\/secure.gravatar.com\/avatar\/265b27cb2209af7bb3a1318f03305787d7981a5cc6e6cd08fe5a4ecdf99d4b48?s=96&d=mm&r=g","contentUrl":"https:\/\/secure.gravatar.com\/avatar\/265b27cb2209af7bb3a1318f03305787d7981a5cc6e6cd08fe5a4ecdf99d4b48?s=96&d=mm&r=g","caption":"Contenidos El Regional"},"url":"https:\/\/elregionalvm.com.ar\/noticias-villa-maria\/author\/contenido\/"}]}},"jetpack_featured_media_url":"https:\/\/i0.wp.com\/elregionalvm.com.ar\/noticias-villa-maria\/wp-content\/uploads\/2023\/06\/Fabricio-Rodriguez-recital-Lalcec-2.jpeg?fit=1200%2C810&ssl=1","jetpack_sharing_enabled":true,"_links":{"self":[{"href":"https:\/\/elregionalvm.com.ar\/noticias-villa-maria\/wp-json\/wp\/v2\/posts\/90468","targetHints":{"allow":["GET"]}}],"collection":[{"href":"https:\/\/elregionalvm.com.ar\/noticias-villa-maria\/wp-json\/wp\/v2\/posts"}],"about":[{"href":"https:\/\/elregionalvm.com.ar\/noticias-villa-maria\/wp-json\/wp\/v2\/types\/post"}],"author":[{"embeddable":true,"href":"https:\/\/elregionalvm.com.ar\/noticias-villa-maria\/wp-json\/wp\/v2\/users\/4"}],"replies":[{"embeddable":true,"href":"https:\/\/elregionalvm.com.ar\/noticias-villa-maria\/wp-json\/wp\/v2\/comments?post=90468"}],"version-history":[{"count":1,"href":"https:\/\/elregionalvm.com.ar\/noticias-villa-maria\/wp-json\/wp\/v2\/posts\/90468\/revisions"}],"predecessor-version":[{"id":90469,"href":"https:\/\/elregionalvm.com.ar\/noticias-villa-maria\/wp-json\/wp\/v2\/posts\/90468\/revisions\/90469"}],"wp:featuredmedia":[{"embeddable":true,"href":"https:\/\/elregionalvm.com.ar\/noticias-villa-maria\/wp-json\/wp\/v2\/media\/78014"}],"wp:attachment":[{"href":"https:\/\/elregionalvm.com.ar\/noticias-villa-maria\/wp-json\/wp\/v2\/media?parent=90468"}],"wp:term":[{"taxonomy":"category","embeddable":true,"href":"https:\/\/elregionalvm.com.ar\/noticias-villa-maria\/wp-json\/wp\/v2\/categories?post=90468"},{"taxonomy":"post_tag","embeddable":true,"href":"https:\/\/elregionalvm.com.ar\/noticias-villa-maria\/wp-json\/wp\/v2\/tags?post=90468"}],"curies":[{"name":"wp","href":"https:\/\/api.w.org\/{rel}","templated":true}]}}