{"id":90481,"date":"2024-02-23T23:50:23","date_gmt":"2024-02-23T23:50:23","guid":{"rendered":"https:\/\/elregionalvm.com.ar\/noticias-villa-maria\/?p=90481"},"modified":"2024-02-26T00:22:58","modified_gmt":"2024-02-26T00:22:58","slug":"accastello-recorrio-obras-en-la-terminal-de-omnibus-y-habilito-el-ingreso-principal","status":"publish","type":"post","link":"https:\/\/elregionalvm.com.ar\/noticias-villa-maria\/accastello-recorrio-obras-en-la-terminal-de-omnibus-y-habilito-el-ingreso-principal\/","title":{"rendered":"Accastello recorri\u00f3 obras en la Terminal de \u00d3mnibus y habilit\u00f3 el ingreso principal"},"content":{"rendered":"\n<p>Los trabajos de reparaci\u00f3n del acceso para el transporte de pasajeros ya se encuentran finalizados, por lo que los colectivos pueden volver a ingresar por Marcelo T. de Alvear<\/p>\n\n\n\n<p>En la ma\u00f1ana de hoy, el intendente Eduardo Accastello visit\u00f3 la Terminal de \u00d3mnibus de Villa Mar\u00eda, con el objetivo de supervisar el avance de obras que se est\u00e1n realizando de manera integral, y habilitar el acceso principal.<\/p>\n\n\n\n<p>En este sentido, Accastello coment\u00f3: \u201cHoy concluimos la primera etapa de la obra, donde arreglamos las d\u00e1rsenas, a pedido tanto de los comerciantes como de las empresas de transporte que ingresan aqu\u00ed. Ahora vamos por una segunda etapa, donde colocaremos luces de tecnolog\u00eda Led que aportar\u00e1n mayor seguridad, y ya hemos puesto tambi\u00e9n seguridad nocturna\u201d.<\/p>\n\n\n\n<p>Luego, agreg\u00f3: \u201cEstamos trabajando en una serie de reformas en todos los techos de la Terminal, y as\u00ed darle una mejora integral a este espacio que es una de las caras visibles de nuestra ciudad, que cada vez debe estar mejor\u201d.<\/p>\n\n\n\n<p>De esta forma, el acceso principal para los colectivos interurbanos, queda habilitado para el tr\u00e1nsito normal de veh\u00edculos, a partir del d\u00eda hoy viernes 23 de febrero.<\/p>\n","protected":false},"excerpt":{"rendered":"<p>Los trabajos de reparaci\u00f3n del acceso para el transporte de pasajeros ya se encuentran finalizados, por lo que los colectivos pueden volver a ingresar por Marcelo T. de Alvear En la ma\u00f1ana de hoy, el intendente Eduardo Accastello visit\u00f3 la Terminal de \u00d3mnibus de Villa Mar\u00eda, con el objetivo de supervisar el avance de obras [&hellip;]<\/p>\n","protected":false},"author":4,"featured_media":90482,"comment_status":"open","ping_status":"open","sticky":false,"template":"","format":"standard","meta":{"site-sidebar-layout":"default","site-content-layout":"","ast-site-content-layout":"default","site-content-style":"default","site-sidebar-style":"default","ast-global-header-display":"","ast-banner-title-visibility":"","ast-main-header-display":"","ast-hfb-above-header-display":"","ast-hfb-below-header-display":"","ast-hfb-mobile-header-display":"","site-post-title":"","ast-breadcrumbs-content":"","ast-featured-img":"","footer-sml-layout":"","ast-disable-related-posts":"","theme-transparent-header-meta":"","adv-header-id-meta":"","stick-header-meta":"","header-above-stick-meta":"","header-main-stick-meta":"","header-below-stick-meta":"","astra-migrate-meta-layouts":"set","ast-page-background-enabled":"default","ast-page-background-meta":{"desktop":{"background-color":"","background-image":"","background-repeat":"repeat","background-position":"center center","background-size":"auto","background-attachment":"scroll","background-type":"","background-media":"","overlay-type":"","overlay-color":"","overlay-opacity":"","overlay-gradient":""},"tablet":{"background-color":"","background-image":"","background-repeat":"repeat","background-position":"center center","background-size":"auto","background-attachment":"scroll","background-type":"","background-media":"","overlay-type":"","overlay-color":"","overlay-opacity":"","overlay-gradient":""},"mobile":{"background-color":"","background-image":"","background-repeat":"repeat","background-position":"center center","background-size":"auto","background-attachment":"scroll","background-type":"","background-media":"","overlay-type":"","overlay-color":"","overlay-opacity":"","overlay-gradient":""}},"ast-content-background-meta":{"desktop":{"background-color":"var(--ast-global-color-5)","background-image":"","background-repeat":"repeat","background-position":"center center","background-size":"auto","background-attachment":"scroll","background-type":"","background-media":"","overlay-type":"","overlay-color":"","overlay-opacity":"","overlay-gradient":""},"tablet":{"background-color":"var(--ast-global-color-5)","background-image":"","background-repeat":"repeat","background-position":"center center","background-size":"auto","background-attachment":"scroll","background-type":"","background-media":"","overlay-type":"","overlay-color":"","overlay-opacity":"","overlay-gradient":""},"mobile":{"background-color":"var(--ast-global-color-5)","background-image":"","background-repeat":"repeat","background-position":"center center","background-size":"auto","background-attachment":"scroll","background-type":"","background-media":"","overlay-type":"","overlay-color":"","overlay-opacity":"","overlay-gradient":""}},"_jetpack_memberships_contains_paid_content":false,"_joinchat":[],"footnotes":""},"categories":[15302,5,2],"tags":[],"class_list":["post-90481","post","type-post","status-publish","format-standard","has-post-thumbnail","hentry","category-destacado","category-sociedad","category-villa-maria"],"yoast_head":"<!-- This site is optimized with the Yoast SEO plugin v26.8 - https:\/\/yoast.com\/product\/yoast-seo-wordpress\/ -->\n<title>Accastello recorri\u00f3 obras en la Terminal de \u00d3mnibus y habilit\u00f3 el ingreso principal - El Regional<\/title>\n<meta name=\"robots\" content=\"index, follow, max-snippet:-1, max-image-preview:large, max-video-preview:-1\" \/>\n<link rel=\"canonical\" href=\"https:\/\/elregionalvm.com.ar\/noticias-villa-maria\/accastello-recorrio-obras-en-la-terminal-de-omnibus-y-habilito-el-ingreso-principal\/\" \/>\n<meta property=\"og:locale\" content=\"es_ES\" \/>\n<meta property=\"og:type\" content=\"article\" \/>\n<meta property=\"og:title\" content=\"Accastello recorri\u00f3 obras en la Terminal de \u00d3mnibus y habilit\u00f3 el ingreso principal - El Regional\" \/>\n<meta property=\"og:description\" content=\"Los trabajos de reparaci\u00f3n del acceso para el transporte de pasajeros ya se encuentran finalizados, por lo que los colectivos pueden volver a ingresar por Marcelo T. de Alvear En la ma\u00f1ana de hoy, el intendente Eduardo Accastello visit\u00f3 la Terminal de \u00d3mnibus de Villa Mar\u00eda, con el objetivo de supervisar el avance de obras [&hellip;]\" \/>\n<meta property=\"og:url\" content=\"https:\/\/elregionalvm.com.ar\/noticias-villa-maria\/accastello-recorrio-obras-en-la-terminal-de-omnibus-y-habilito-el-ingreso-principal\/\" \/>\n<meta property=\"og:site_name\" content=\"El Regional\" \/>\n<meta property=\"article:publisher\" content=\"https:\/\/www.facebook.com\/elregionalvm\" \/>\n<meta property=\"article:published_time\" content=\"2024-02-23T23:50:23+00:00\" \/>\n<meta property=\"article:modified_time\" content=\"2024-02-26T00:22:58+00:00\" \/>\n<meta property=\"og:image\" content=\"https:\/\/elregionalvm.com.ar\/noticias-villa-maria\/wp-content\/uploads\/2024\/02\/7f2f2f9a-9828-4802-a85b-c5406621362b.jpg\" \/>\n\t<meta property=\"og:image:width\" content=\"1280\" \/>\n\t<meta property=\"og:image:height\" content=\"853\" \/>\n\t<meta property=\"og:image:type\" content=\"image\/jpeg\" \/>\n<meta name=\"author\" content=\"Contenidos El Regional\" \/>\n<meta name=\"twitter:card\" content=\"summary_large_image\" \/>\n<meta name=\"twitter:creator\" content=\"@elregionalvm1\" \/>\n<meta name=\"twitter:site\" content=\"@elregionalvm1\" \/>\n<meta name=\"twitter:label1\" content=\"Escrito por\" \/>\n\t<meta name=\"twitter:data1\" content=\"Contenidos El Regional\" \/>\n\t<meta name=\"twitter:label2\" content=\"Tiempo de lectura\" \/>\n\t<meta name=\"twitter:data2\" content=\"2 minutos\" \/>\n<script type=\"application\/ld+json\" class=\"yoast-schema-graph\">{\"@context\":\"https:\/\/schema.org\",\"@graph\":[{\"@type\":\"Article\",\"@id\":\"https:\/\/elregionalvm.com.ar\/noticias-villa-maria\/accastello-recorrio-obras-en-la-terminal-de-omnibus-y-habilito-el-ingreso-principal\/#article\",\"isPartOf\":{\"@id\":\"https:\/\/elregionalvm.com.ar\/noticias-villa-maria\/accastello-recorrio-obras-en-la-terminal-de-omnibus-y-habilito-el-ingreso-principal\/\"},\"author\":{\"name\":\"Contenidos El Regional\",\"@id\":\"http:\/\/elregionalvm.com.ar\/noticias-villa-maria\/#\/schema\/person\/a0fb9c422317faca23d50163151bc354\"},\"headline\":\"Accastello recorri\u00f3 obras en la Terminal de \u00d3mnibus y habilit\u00f3 el ingreso principal\",\"datePublished\":\"2024-02-23T23:50:23+00:00\",\"dateModified\":\"2024-02-26T00:22:58+00:00\",\"mainEntityOfPage\":{\"@id\":\"https:\/\/elregionalvm.com.ar\/noticias-villa-maria\/accastello-recorrio-obras-en-la-terminal-de-omnibus-y-habilito-el-ingreso-principal\/\"},\"wordCount\":213,\"commentCount\":0,\"image\":{\"@id\":\"https:\/\/elregionalvm.com.ar\/noticias-villa-maria\/accastello-recorrio-obras-en-la-terminal-de-omnibus-y-habilito-el-ingreso-principal\/#primaryimage\"},\"thumbnailUrl\":\"https:\/\/i0.wp.com\/elregionalvm.com.ar\/noticias-villa-maria\/wp-content\/uploads\/2024\/02\/7f2f2f9a-9828-4802-a85b-c5406621362b.jpg?fit=1280%2C853&ssl=1\",\"articleSection\":[\"destacado\",\"Sociedad\",\"Villa Mar\u00eda\"],\"inLanguage\":\"es\",\"potentialAction\":[{\"@type\":\"CommentAction\",\"name\":\"Comment\",\"target\":[\"https:\/\/elregionalvm.com.ar\/noticias-villa-maria\/accastello-recorrio-obras-en-la-terminal-de-omnibus-y-habilito-el-ingreso-principal\/#respond\"]}]},{\"@type\":\"WebPage\",\"@id\":\"https:\/\/elregionalvm.com.ar\/noticias-villa-maria\/accastello-recorrio-obras-en-la-terminal-de-omnibus-y-habilito-el-ingreso-principal\/\",\"url\":\"https:\/\/elregionalvm.com.ar\/noticias-villa-maria\/accastello-recorrio-obras-en-la-terminal-de-omnibus-y-habilito-el-ingreso-principal\/\",\"name\":\"Accastello recorri\u00f3 obras en la Terminal de \u00d3mnibus y habilit\u00f3 el ingreso principal - El Regional\",\"isPartOf\":{\"@id\":\"http:\/\/elregionalvm.com.ar\/noticias-villa-maria\/#website\"},\"primaryImageOfPage\":{\"@id\":\"https:\/\/elregionalvm.com.ar\/noticias-villa-maria\/accastello-recorrio-obras-en-la-terminal-de-omnibus-y-habilito-el-ingreso-principal\/#primaryimage\"},\"image\":{\"@id\":\"https:\/\/elregionalvm.com.ar\/noticias-villa-maria\/accastello-recorrio-obras-en-la-terminal-de-omnibus-y-habilito-el-ingreso-principal\/#primaryimage\"},\"thumbnailUrl\":\"https:\/\/i0.wp.com\/elregionalvm.com.ar\/noticias-villa-maria\/wp-content\/uploads\/2024\/02\/7f2f2f9a-9828-4802-a85b-c5406621362b.jpg?fit=1280%2C853&ssl=1\",\"datePublished\":\"2024-02-23T23:50:23+00:00\",\"dateModified\":\"2024-02-26T00:22:58+00:00\",\"author\":{\"@id\":\"http:\/\/elregionalvm.com.ar\/noticias-villa-maria\/#\/schema\/person\/a0fb9c422317faca23d50163151bc354\"},\"breadcrumb\":{\"@id\":\"https:\/\/elregionalvm.com.ar\/noticias-villa-maria\/accastello-recorrio-obras-en-la-terminal-de-omnibus-y-habilito-el-ingreso-principal\/#breadcrumb\"},\"inLanguage\":\"es\",\"potentialAction\":[{\"@type\":\"ReadAction\",\"target\":[\"https:\/\/elregionalvm.com.ar\/noticias-villa-maria\/accastello-recorrio-obras-en-la-terminal-de-omnibus-y-habilito-el-ingreso-principal\/\"]}]},{\"@type\":\"ImageObject\",\"inLanguage\":\"es\",\"@id\":\"https:\/\/elregionalvm.com.ar\/noticias-villa-maria\/accastello-recorrio-obras-en-la-terminal-de-omnibus-y-habilito-el-ingreso-principal\/#primaryimage\",\"url\":\"https:\/\/i0.wp.com\/elregionalvm.com.ar\/noticias-villa-maria\/wp-content\/uploads\/2024\/02\/7f2f2f9a-9828-4802-a85b-c5406621362b.jpg?fit=1280%2C853&ssl=1\",\"contentUrl\":\"https:\/\/i0.wp.com\/elregionalvm.com.ar\/noticias-villa-maria\/wp-content\/uploads\/2024\/02\/7f2f2f9a-9828-4802-a85b-c5406621362b.jpg?fit=1280%2C853&ssl=1\",\"width\":1280,\"height\":853},{\"@type\":\"BreadcrumbList\",\"@id\":\"https:\/\/elregionalvm.com.ar\/noticias-villa-maria\/accastello-recorrio-obras-en-la-terminal-de-omnibus-y-habilito-el-ingreso-principal\/#breadcrumb\",\"itemListElement\":[{\"@type\":\"ListItem\",\"position\":1,\"name\":\"Portada\",\"item\":\"https:\/\/elregionalvm.com.ar\/noticias-villa-maria\/\"},{\"@type\":\"ListItem\",\"position\":2,\"name\":\"Accastello recorri\u00f3 obras en la Terminal de \u00d3mnibus y habilit\u00f3 el ingreso principal\"}]},{\"@type\":\"WebSite\",\"@id\":\"http:\/\/elregionalvm.com.ar\/noticias-villa-maria\/#website\",\"url\":\"http:\/\/elregionalvm.com.ar\/noticias-villa-maria\/\",\"name\":\"El Regional\",\"description\":\"Mucho m\u00e1s que informaci\u00f3n\",\"potentialAction\":[{\"@type\":\"SearchAction\",\"target\":{\"@type\":\"EntryPoint\",\"urlTemplate\":\"http:\/\/elregionalvm.com.ar\/noticias-villa-maria\/?s={search_term_string}\"},\"query-input\":{\"@type\":\"PropertyValueSpecification\",\"valueRequired\":true,\"valueName\":\"search_term_string\"}}],\"inLanguage\":\"es\"},{\"@type\":\"Person\",\"@id\":\"http:\/\/elregionalvm.com.ar\/noticias-villa-maria\/#\/schema\/person\/a0fb9c422317faca23d50163151bc354\",\"name\":\"Contenidos El Regional\",\"image\":{\"@type\":\"ImageObject\",\"inLanguage\":\"es\",\"@id\":\"http:\/\/elregionalvm.com.ar\/noticias-villa-maria\/#\/schema\/person\/image\/\",\"url\":\"https:\/\/secure.gravatar.com\/avatar\/265b27cb2209af7bb3a1318f03305787d7981a5cc6e6cd08fe5a4ecdf99d4b48?s=96&d=mm&r=g\",\"contentUrl\":\"https:\/\/secure.gravatar.com\/avatar\/265b27cb2209af7bb3a1318f03305787d7981a5cc6e6cd08fe5a4ecdf99d4b48?s=96&d=mm&r=g\",\"caption\":\"Contenidos El Regional\"},\"url\":\"https:\/\/elregionalvm.com.ar\/noticias-villa-maria\/author\/contenido\/\"}]}<\/script>\n<!-- \/ Yoast SEO plugin. -->","yoast_head_json":{"title":"Accastello recorri\u00f3 obras en la Terminal de \u00d3mnibus y habilit\u00f3 el ingreso principal - El Regional","robots":{"index":"index","follow":"follow","max-snippet":"max-snippet:-1","max-image-preview":"max-image-preview:large","max-video-preview":"max-video-preview:-1"},"canonical":"https:\/\/elregionalvm.com.ar\/noticias-villa-maria\/accastello-recorrio-obras-en-la-terminal-de-omnibus-y-habilito-el-ingreso-principal\/","og_locale":"es_ES","og_type":"article","og_title":"Accastello recorri\u00f3 obras en la Terminal de \u00d3mnibus y habilit\u00f3 el ingreso principal - El Regional","og_description":"Los trabajos de reparaci\u00f3n del acceso para el transporte de pasajeros ya se encuentran finalizados, por lo que los colectivos pueden volver a ingresar por Marcelo T. de Alvear En la ma\u00f1ana de hoy, el intendente Eduardo Accastello visit\u00f3 la Terminal de \u00d3mnibus de Villa Mar\u00eda, con el objetivo de supervisar el avance de obras [&hellip;]","og_url":"https:\/\/elregionalvm.com.ar\/noticias-villa-maria\/accastello-recorrio-obras-en-la-terminal-de-omnibus-y-habilito-el-ingreso-principal\/","og_site_name":"El Regional","article_publisher":"https:\/\/www.facebook.com\/elregionalvm","article_published_time":"2024-02-23T23:50:23+00:00","article_modified_time":"2024-02-26T00:22:58+00:00","og_image":[{"width":1280,"height":853,"url":"https:\/\/elregionalvm.com.ar\/noticias-villa-maria\/wp-content\/uploads\/2024\/02\/7f2f2f9a-9828-4802-a85b-c5406621362b.jpg","type":"image\/jpeg"}],"author":"Contenidos El Regional","twitter_card":"summary_large_image","twitter_creator":"@elregionalvm1","twitter_site":"@elregionalvm1","twitter_misc":{"Escrito por":"Contenidos El Regional","Tiempo de lectura":"2 minutos"},"schema":{"@context":"https:\/\/schema.org","@graph":[{"@type":"Article","@id":"https:\/\/elregionalvm.com.ar\/noticias-villa-maria\/accastello-recorrio-obras-en-la-terminal-de-omnibus-y-habilito-el-ingreso-principal\/#article","isPartOf":{"@id":"https:\/\/elregionalvm.com.ar\/noticias-villa-maria\/accastello-recorrio-obras-en-la-terminal-de-omnibus-y-habilito-el-ingreso-principal\/"},"author":{"name":"Contenidos El Regional","@id":"http:\/\/elregionalvm.com.ar\/noticias-villa-maria\/#\/schema\/person\/a0fb9c422317faca23d50163151bc354"},"headline":"Accastello recorri\u00f3 obras en la Terminal de \u00d3mnibus y habilit\u00f3 el ingreso principal","datePublished":"2024-02-23T23:50:23+00:00","dateModified":"2024-02-26T00:22:58+00:00","mainEntityOfPage":{"@id":"https:\/\/elregionalvm.com.ar\/noticias-villa-maria\/accastello-recorrio-obras-en-la-terminal-de-omnibus-y-habilito-el-ingreso-principal\/"},"wordCount":213,"commentCount":0,"image":{"@id":"https:\/\/elregionalvm.com.ar\/noticias-villa-maria\/accastello-recorrio-obras-en-la-terminal-de-omnibus-y-habilito-el-ingreso-principal\/#primaryimage"},"thumbnailUrl":"https:\/\/i0.wp.com\/elregionalvm.com.ar\/noticias-villa-maria\/wp-content\/uploads\/2024\/02\/7f2f2f9a-9828-4802-a85b-c5406621362b.jpg?fit=1280%2C853&ssl=1","articleSection":["destacado","Sociedad","Villa Mar\u00eda"],"inLanguage":"es","potentialAction":[{"@type":"CommentAction","name":"Comment","target":["https:\/\/elregionalvm.com.ar\/noticias-villa-maria\/accastello-recorrio-obras-en-la-terminal-de-omnibus-y-habilito-el-ingreso-principal\/#respond"]}]},{"@type":"WebPage","@id":"https:\/\/elregionalvm.com.ar\/noticias-villa-maria\/accastello-recorrio-obras-en-la-terminal-de-omnibus-y-habilito-el-ingreso-principal\/","url":"https:\/\/elregionalvm.com.ar\/noticias-villa-maria\/accastello-recorrio-obras-en-la-terminal-de-omnibus-y-habilito-el-ingreso-principal\/","name":"Accastello recorri\u00f3 obras en la Terminal de \u00d3mnibus y habilit\u00f3 el ingreso principal - El Regional","isPartOf":{"@id":"http:\/\/elregionalvm.com.ar\/noticias-villa-maria\/#website"},"primaryImageOfPage":{"@id":"https:\/\/elregionalvm.com.ar\/noticias-villa-maria\/accastello-recorrio-obras-en-la-terminal-de-omnibus-y-habilito-el-ingreso-principal\/#primaryimage"},"image":{"@id":"https:\/\/elregionalvm.com.ar\/noticias-villa-maria\/accastello-recorrio-obras-en-la-terminal-de-omnibus-y-habilito-el-ingreso-principal\/#primaryimage"},"thumbnailUrl":"https:\/\/i0.wp.com\/elregionalvm.com.ar\/noticias-villa-maria\/wp-content\/uploads\/2024\/02\/7f2f2f9a-9828-4802-a85b-c5406621362b.jpg?fit=1280%2C853&ssl=1","datePublished":"2024-02-23T23:50:23+00:00","dateModified":"2024-02-26T00:22:58+00:00","author":{"@id":"http:\/\/elregionalvm.com.ar\/noticias-villa-maria\/#\/schema\/person\/a0fb9c422317faca23d50163151bc354"},"breadcrumb":{"@id":"https:\/\/elregionalvm.com.ar\/noticias-villa-maria\/accastello-recorrio-obras-en-la-terminal-de-omnibus-y-habilito-el-ingreso-principal\/#breadcrumb"},"inLanguage":"es","potentialAction":[{"@type":"ReadAction","target":["https:\/\/elregionalvm.com.ar\/noticias-villa-maria\/accastello-recorrio-obras-en-la-terminal-de-omnibus-y-habilito-el-ingreso-principal\/"]}]},{"@type":"ImageObject","inLanguage":"es","@id":"https:\/\/elregionalvm.com.ar\/noticias-villa-maria\/accastello-recorrio-obras-en-la-terminal-de-omnibus-y-habilito-el-ingreso-principal\/#primaryimage","url":"https:\/\/i0.wp.com\/elregionalvm.com.ar\/noticias-villa-maria\/wp-content\/uploads\/2024\/02\/7f2f2f9a-9828-4802-a85b-c5406621362b.jpg?fit=1280%2C853&ssl=1","contentUrl":"https:\/\/i0.wp.com\/elregionalvm.com.ar\/noticias-villa-maria\/wp-content\/uploads\/2024\/02\/7f2f2f9a-9828-4802-a85b-c5406621362b.jpg?fit=1280%2C853&ssl=1","width":1280,"height":853},{"@type":"BreadcrumbList","@id":"https:\/\/elregionalvm.com.ar\/noticias-villa-maria\/accastello-recorrio-obras-en-la-terminal-de-omnibus-y-habilito-el-ingreso-principal\/#breadcrumb","itemListElement":[{"@type":"ListItem","position":1,"name":"Portada","item":"https:\/\/elregionalvm.com.ar\/noticias-villa-maria\/"},{"@type":"ListItem","position":2,"name":"Accastello recorri\u00f3 obras en la Terminal de \u00d3mnibus y habilit\u00f3 el ingreso principal"}]},{"@type":"WebSite","@id":"http:\/\/elregionalvm.com.ar\/noticias-villa-maria\/#website","url":"http:\/\/elregionalvm.com.ar\/noticias-villa-maria\/","name":"El Regional","description":"Mucho m\u00e1s que informaci\u00f3n","potentialAction":[{"@type":"SearchAction","target":{"@type":"EntryPoint","urlTemplate":"http:\/\/elregionalvm.com.ar\/noticias-villa-maria\/?s={search_term_string}"},"query-input":{"@type":"PropertyValueSpecification","valueRequired":true,"valueName":"search_term_string"}}],"inLanguage":"es"},{"@type":"Person","@id":"http:\/\/elregionalvm.com.ar\/noticias-villa-maria\/#\/schema\/person\/a0fb9c422317faca23d50163151bc354","name":"Contenidos El Regional","image":{"@type":"ImageObject","inLanguage":"es","@id":"http:\/\/elregionalvm.com.ar\/noticias-villa-maria\/#\/schema\/person\/image\/","url":"https:\/\/secure.gravatar.com\/avatar\/265b27cb2209af7bb3a1318f03305787d7981a5cc6e6cd08fe5a4ecdf99d4b48?s=96&d=mm&r=g","contentUrl":"https:\/\/secure.gravatar.com\/avatar\/265b27cb2209af7bb3a1318f03305787d7981a5cc6e6cd08fe5a4ecdf99d4b48?s=96&d=mm&r=g","caption":"Contenidos El Regional"},"url":"https:\/\/elregionalvm.com.ar\/noticias-villa-maria\/author\/contenido\/"}]}},"jetpack_featured_media_url":"https:\/\/i0.wp.com\/elregionalvm.com.ar\/noticias-villa-maria\/wp-content\/uploads\/2024\/02\/7f2f2f9a-9828-4802-a85b-c5406621362b.jpg?fit=1280%2C853&ssl=1","jetpack_sharing_enabled":true,"_links":{"self":[{"href":"https:\/\/elregionalvm.com.ar\/noticias-villa-maria\/wp-json\/wp\/v2\/posts\/90481","targetHints":{"allow":["GET"]}}],"collection":[{"href":"https:\/\/elregionalvm.com.ar\/noticias-villa-maria\/wp-json\/wp\/v2\/posts"}],"about":[{"href":"https:\/\/elregionalvm.com.ar\/noticias-villa-maria\/wp-json\/wp\/v2\/types\/post"}],"author":[{"embeddable":true,"href":"https:\/\/elregionalvm.com.ar\/noticias-villa-maria\/wp-json\/wp\/v2\/users\/4"}],"replies":[{"embeddable":true,"href":"https:\/\/elregionalvm.com.ar\/noticias-villa-maria\/wp-json\/wp\/v2\/comments?post=90481"}],"version-history":[{"count":1,"href":"https:\/\/elregionalvm.com.ar\/noticias-villa-maria\/wp-json\/wp\/v2\/posts\/90481\/revisions"}],"predecessor-version":[{"id":90483,"href":"https:\/\/elregionalvm.com.ar\/noticias-villa-maria\/wp-json\/wp\/v2\/posts\/90481\/revisions\/90483"}],"wp:featuredmedia":[{"embeddable":true,"href":"https:\/\/elregionalvm.com.ar\/noticias-villa-maria\/wp-json\/wp\/v2\/media\/90482"}],"wp:attachment":[{"href":"https:\/\/elregionalvm.com.ar\/noticias-villa-maria\/wp-json\/wp\/v2\/media?parent=90481"}],"wp:term":[{"taxonomy":"category","embeddable":true,"href":"https:\/\/elregionalvm.com.ar\/noticias-villa-maria\/wp-json\/wp\/v2\/categories?post=90481"},{"taxonomy":"post_tag","embeddable":true,"href":"https:\/\/elregionalvm.com.ar\/noticias-villa-maria\/wp-json\/wp\/v2\/tags?post=90481"}],"curies":[{"name":"wp","href":"https:\/\/api.w.org\/{rel}","templated":true}]}}