{"id":90638,"date":"2024-02-28T21:46:21","date_gmt":"2024-02-28T21:46:21","guid":{"rendered":"https:\/\/elregionalvm.com.ar\/noticias-villa-maria\/?p=90638"},"modified":"2024-02-29T02:45:18","modified_gmt":"2024-02-29T02:45:18","slug":"asaltaron-y-golpearon-a-una-maestra-en-barrio-parque-norte","status":"publish","type":"post","link":"https:\/\/elregionalvm.com.ar\/noticias-villa-maria\/asaltaron-y-golpearon-a-una-maestra-en-barrio-parque-norte\/","title":{"rendered":"Asaltaron y golpearon a una maestra en barrio Parque Norte"},"content":{"rendered":"\n<p>Una docente fue abordada por delincuentes en inmediaciones de la plaza Edith Vera ubicada en Barrio Parque Norte.<\/p>\n\n\n\n<p>Alrededor de las 14 horas de este mi\u00e9rcoles, la maestra, que da clases en la escuela Agust\u00edn \u00c1lvarez, recibi\u00f3 golpes y se le sustrajo la cartera con el tel\u00e9fono y documentaci\u00f3n, informaron los vecinos del sector.<\/p>\n\n\n\n<p>Aunque a\u00fan no hay informaci\u00f3n oficial, trascendi\u00f3 que la mujer se encontrar\u00eda internada tras la golpiza y que la Polic\u00eda realiza el relevamiento de c\u00e1maras de videovigilancia en el sector para dar con los agresores.<\/p>\n\n\n\n<p><\/p>\n\n\n\n<figure class=\"wp-block-image size-full is-resized\"><img data-recalc-dims=\"1\" fetchpriority=\"high\" decoding=\"async\" width=\"741\" height=\"426\" src=\"https:\/\/i0.wp.com\/elregionalvm.com.ar\/noticias-villa-maria\/wp-content\/uploads\/2024\/02\/plaza-edith-vera.jpg?resize=741%2C426&#038;ssl=1\" alt=\"\" class=\"wp-image-90639\" style=\"width:910px;height:auto\" srcset=\"https:\/\/i0.wp.com\/elregionalvm.com.ar\/noticias-villa-maria\/wp-content\/uploads\/2024\/02\/plaza-edith-vera.jpg?w=741&amp;ssl=1 741w, https:\/\/i0.wp.com\/elregionalvm.com.ar\/noticias-villa-maria\/wp-content\/uploads\/2024\/02\/plaza-edith-vera.jpg?resize=300%2C172&amp;ssl=1 300w\" sizes=\"(max-width: 741px) 100vw, 741px\" \/><\/figure>\n\n\n\n<p><\/p>\n\n\n\n<p>El suceso tuvo lugar en la zona comprendida por las calles Arenales, Marcos Ju\u00e1rez y Concejal Paradella, en cercan\u00edas donde antes funcionaba el Municerca 8.<\/p>\n\n\n\n<p>En este sentido, se solicit\u00f3 la colaboraci\u00f3n de los vecinos del sector para poder dar con los delincuentes.<\/p>\n\n\n\n<p><\/p>\n","protected":false},"excerpt":{"rendered":"<p>Una docente fue abordada por delincuentes en inmediaciones de la plaza Edith Vera ubicada en Barrio Parque Norte. Alrededor de las 14 horas de este mi\u00e9rcoles, la maestra, que da clases en la escuela Agust\u00edn \u00c1lvarez, recibi\u00f3 golpes y se le sustrajo la cartera con el tel\u00e9fono y documentaci\u00f3n, informaron los vecinos del sector. Aunque [&hellip;]<\/p>\n","protected":false},"author":4,"featured_media":90677,"comment_status":"open","ping_status":"open","sticky":false,"template":"","format":"standard","meta":{"site-sidebar-layout":"default","site-content-layout":"","ast-site-content-layout":"default","site-content-style":"default","site-sidebar-style":"default","ast-global-header-display":"","ast-banner-title-visibility":"","ast-main-header-display":"","ast-hfb-above-header-display":"","ast-hfb-below-header-display":"","ast-hfb-mobile-header-display":"","site-post-title":"","ast-breadcrumbs-content":"","ast-featured-img":"","footer-sml-layout":"","ast-disable-related-posts":"","theme-transparent-header-meta":"","adv-header-id-meta":"","stick-header-meta":"","header-above-stick-meta":"","header-main-stick-meta":"","header-below-stick-meta":"","astra-migrate-meta-layouts":"set","ast-page-background-enabled":"default","ast-page-background-meta":{"desktop":{"background-color":"","background-image":"","background-repeat":"repeat","background-position":"center center","background-size":"auto","background-attachment":"scroll","background-type":"","background-media":"","overlay-type":"","overlay-color":"","overlay-opacity":"","overlay-gradient":""},"tablet":{"background-color":"","background-image":"","background-repeat":"repeat","background-position":"center center","background-size":"auto","background-attachment":"scroll","background-type":"","background-media":"","overlay-type":"","overlay-color":"","overlay-opacity":"","overlay-gradient":""},"mobile":{"background-color":"","background-image":"","background-repeat":"repeat","background-position":"center center","background-size":"auto","background-attachment":"scroll","background-type":"","background-media":"","overlay-type":"","overlay-color":"","overlay-opacity":"","overlay-gradient":""}},"ast-content-background-meta":{"desktop":{"background-color":"var(--ast-global-color-5)","background-image":"","background-repeat":"repeat","background-position":"center center","background-size":"auto","background-attachment":"scroll","background-type":"","background-media":"","overlay-type":"","overlay-color":"","overlay-opacity":"","overlay-gradient":""},"tablet":{"background-color":"var(--ast-global-color-5)","background-image":"","background-repeat":"repeat","background-position":"center center","background-size":"auto","background-attachment":"scroll","background-type":"","background-media":"","overlay-type":"","overlay-color":"","overlay-opacity":"","overlay-gradient":""},"mobile":{"background-color":"var(--ast-global-color-5)","background-image":"","background-repeat":"repeat","background-position":"center center","background-size":"auto","background-attachment":"scroll","background-type":"","background-media":"","overlay-type":"","overlay-color":"","overlay-opacity":"","overlay-gradient":""}},"_jetpack_memberships_contains_paid_content":false,"_joinchat":[],"footnotes":""},"categories":[15302,2234,2],"tags":[3940,3651,4497,2572,2259,16686,21954,353,1160],"class_list":["post-90638","post","type-post","status-publish","format-standard","has-post-thumbnail","hentry","category-destacado","category-policiales","category-villa-maria","tag-agresion","tag-asalto","tag-barrio-parque-norte","tag-delincuentes","tag-docente","tag-documentacion","tag-maestra","tag-policia","tag-robo"],"yoast_head":"<!-- This site is optimized with the Yoast SEO plugin v26.8 - https:\/\/yoast.com\/product\/yoast-seo-wordpress\/ -->\n<title>Asaltaron y golpearon a una maestra en barrio Parque Norte - El Regional<\/title>\n<meta name=\"robots\" content=\"index, follow, max-snippet:-1, max-image-preview:large, max-video-preview:-1\" \/>\n<link rel=\"canonical\" href=\"https:\/\/elregionalvm.com.ar\/noticias-villa-maria\/asaltaron-y-golpearon-a-una-maestra-en-barrio-parque-norte\/\" \/>\n<meta property=\"og:locale\" content=\"es_ES\" \/>\n<meta property=\"og:type\" content=\"article\" \/>\n<meta property=\"og:title\" content=\"Asaltaron y golpearon a una maestra en barrio Parque Norte - El Regional\" \/>\n<meta property=\"og:description\" content=\"Una docente fue abordada por delincuentes en inmediaciones de la plaza Edith Vera ubicada en Barrio Parque Norte. Alrededor de las 14 horas de este mi\u00e9rcoles, la maestra, que da clases en la escuela Agust\u00edn \u00c1lvarez, recibi\u00f3 golpes y se le sustrajo la cartera con el tel\u00e9fono y documentaci\u00f3n, informaron los vecinos del sector. Aunque [&hellip;]\" \/>\n<meta property=\"og:url\" content=\"https:\/\/elregionalvm.com.ar\/noticias-villa-maria\/asaltaron-y-golpearon-a-una-maestra-en-barrio-parque-norte\/\" \/>\n<meta property=\"og:site_name\" content=\"El Regional\" \/>\n<meta property=\"article:publisher\" content=\"https:\/\/www.facebook.com\/elregionalvm\" \/>\n<meta property=\"article:published_time\" content=\"2024-02-28T21:46:21+00:00\" \/>\n<meta property=\"article:modified_time\" content=\"2024-02-29T02:45:18+00:00\" \/>\n<meta property=\"og:image\" content=\"https:\/\/elregionalvm.com.ar\/noticias-villa-maria\/wp-content\/uploads\/2024\/02\/plaza-edith-vera-2024-parque-norte.jpeg\" \/>\n\t<meta property=\"og:image:width\" content=\"1501\" \/>\n\t<meta property=\"og:image:height\" content=\"859\" \/>\n\t<meta property=\"og:image:type\" content=\"image\/jpeg\" \/>\n<meta name=\"author\" content=\"Contenidos El Regional\" \/>\n<meta name=\"twitter:card\" content=\"summary_large_image\" \/>\n<meta name=\"twitter:creator\" content=\"@elregionalvm1\" \/>\n<meta name=\"twitter:site\" content=\"@elregionalvm1\" \/>\n<meta name=\"twitter:label1\" content=\"Escrito por\" \/>\n\t<meta name=\"twitter:data1\" content=\"Contenidos El Regional\" \/>\n\t<meta name=\"twitter:label2\" content=\"Tiempo de lectura\" \/>\n\t<meta name=\"twitter:data2\" content=\"2 minutos\" \/>\n<script type=\"application\/ld+json\" class=\"yoast-schema-graph\">{\"@context\":\"https:\/\/schema.org\",\"@graph\":[{\"@type\":\"Article\",\"@id\":\"https:\/\/elregionalvm.com.ar\/noticias-villa-maria\/asaltaron-y-golpearon-a-una-maestra-en-barrio-parque-norte\/#article\",\"isPartOf\":{\"@id\":\"https:\/\/elregionalvm.com.ar\/noticias-villa-maria\/asaltaron-y-golpearon-a-una-maestra-en-barrio-parque-norte\/\"},\"author\":{\"name\":\"Contenidos El Regional\",\"@id\":\"http:\/\/elregionalvm.com.ar\/noticias-villa-maria\/#\/schema\/person\/a0fb9c422317faca23d50163151bc354\"},\"headline\":\"Asaltaron y golpearon a una maestra en barrio Parque Norte\",\"datePublished\":\"2024-02-28T21:46:21+00:00\",\"dateModified\":\"2024-02-29T02:45:18+00:00\",\"mainEntityOfPage\":{\"@id\":\"https:\/\/elregionalvm.com.ar\/noticias-villa-maria\/asaltaron-y-golpearon-a-una-maestra-en-barrio-parque-norte\/\"},\"wordCount\":152,\"commentCount\":0,\"image\":{\"@id\":\"https:\/\/elregionalvm.com.ar\/noticias-villa-maria\/asaltaron-y-golpearon-a-una-maestra-en-barrio-parque-norte\/#primaryimage\"},\"thumbnailUrl\":\"https:\/\/i0.wp.com\/elregionalvm.com.ar\/noticias-villa-maria\/wp-content\/uploads\/2024\/02\/plaza-edith-vera-2024-parque-norte.jpeg?fit=1501%2C859&ssl=1\",\"keywords\":[\"agresi\u00f3n\",\"asalto\",\"Barrio Parque Norte\",\"delincuentes\",\"docente\",\"documentaci\u00f3n\",\"maestra\",\"polic\u00eda\",\"Robo\"],\"articleSection\":[\"destacado\",\"Policiales\",\"Villa Mar\u00eda\"],\"inLanguage\":\"es\",\"potentialAction\":[{\"@type\":\"CommentAction\",\"name\":\"Comment\",\"target\":[\"https:\/\/elregionalvm.com.ar\/noticias-villa-maria\/asaltaron-y-golpearon-a-una-maestra-en-barrio-parque-norte\/#respond\"]}]},{\"@type\":\"WebPage\",\"@id\":\"https:\/\/elregionalvm.com.ar\/noticias-villa-maria\/asaltaron-y-golpearon-a-una-maestra-en-barrio-parque-norte\/\",\"url\":\"https:\/\/elregionalvm.com.ar\/noticias-villa-maria\/asaltaron-y-golpearon-a-una-maestra-en-barrio-parque-norte\/\",\"name\":\"Asaltaron y golpearon a una maestra en barrio Parque Norte - El Regional\",\"isPartOf\":{\"@id\":\"http:\/\/elregionalvm.com.ar\/noticias-villa-maria\/#website\"},\"primaryImageOfPage\":{\"@id\":\"https:\/\/elregionalvm.com.ar\/noticias-villa-maria\/asaltaron-y-golpearon-a-una-maestra-en-barrio-parque-norte\/#primaryimage\"},\"image\":{\"@id\":\"https:\/\/elregionalvm.com.ar\/noticias-villa-maria\/asaltaron-y-golpearon-a-una-maestra-en-barrio-parque-norte\/#primaryimage\"},\"thumbnailUrl\":\"https:\/\/i0.wp.com\/elregionalvm.com.ar\/noticias-villa-maria\/wp-content\/uploads\/2024\/02\/plaza-edith-vera-2024-parque-norte.jpeg?fit=1501%2C859&ssl=1\",\"datePublished\":\"2024-02-28T21:46:21+00:00\",\"dateModified\":\"2024-02-29T02:45:18+00:00\",\"author\":{\"@id\":\"http:\/\/elregionalvm.com.ar\/noticias-villa-maria\/#\/schema\/person\/a0fb9c422317faca23d50163151bc354\"},\"breadcrumb\":{\"@id\":\"https:\/\/elregionalvm.com.ar\/noticias-villa-maria\/asaltaron-y-golpearon-a-una-maestra-en-barrio-parque-norte\/#breadcrumb\"},\"inLanguage\":\"es\",\"potentialAction\":[{\"@type\":\"ReadAction\",\"target\":[\"https:\/\/elregionalvm.com.ar\/noticias-villa-maria\/asaltaron-y-golpearon-a-una-maestra-en-barrio-parque-norte\/\"]}]},{\"@type\":\"ImageObject\",\"inLanguage\":\"es\",\"@id\":\"https:\/\/elregionalvm.com.ar\/noticias-villa-maria\/asaltaron-y-golpearon-a-una-maestra-en-barrio-parque-norte\/#primaryimage\",\"url\":\"https:\/\/i0.wp.com\/elregionalvm.com.ar\/noticias-villa-maria\/wp-content\/uploads\/2024\/02\/plaza-edith-vera-2024-parque-norte.jpeg?fit=1501%2C859&ssl=1\",\"contentUrl\":\"https:\/\/i0.wp.com\/elregionalvm.com.ar\/noticias-villa-maria\/wp-content\/uploads\/2024\/02\/plaza-edith-vera-2024-parque-norte.jpeg?fit=1501%2C859&ssl=1\",\"width\":1501,\"height\":859},{\"@type\":\"BreadcrumbList\",\"@id\":\"https:\/\/elregionalvm.com.ar\/noticias-villa-maria\/asaltaron-y-golpearon-a-una-maestra-en-barrio-parque-norte\/#breadcrumb\",\"itemListElement\":[{\"@type\":\"ListItem\",\"position\":1,\"name\":\"Portada\",\"item\":\"https:\/\/elregionalvm.com.ar\/noticias-villa-maria\/\"},{\"@type\":\"ListItem\",\"position\":2,\"name\":\"Asaltaron y golpearon a una maestra en barrio Parque Norte\"}]},{\"@type\":\"WebSite\",\"@id\":\"http:\/\/elregionalvm.com.ar\/noticias-villa-maria\/#website\",\"url\":\"http:\/\/elregionalvm.com.ar\/noticias-villa-maria\/\",\"name\":\"El Regional\",\"description\":\"Mucho m\u00e1s que informaci\u00f3n\",\"potentialAction\":[{\"@type\":\"SearchAction\",\"target\":{\"@type\":\"EntryPoint\",\"urlTemplate\":\"http:\/\/elregionalvm.com.ar\/noticias-villa-maria\/?s={search_term_string}\"},\"query-input\":{\"@type\":\"PropertyValueSpecification\",\"valueRequired\":true,\"valueName\":\"search_term_string\"}}],\"inLanguage\":\"es\"},{\"@type\":\"Person\",\"@id\":\"http:\/\/elregionalvm.com.ar\/noticias-villa-maria\/#\/schema\/person\/a0fb9c422317faca23d50163151bc354\",\"name\":\"Contenidos El Regional\",\"image\":{\"@type\":\"ImageObject\",\"inLanguage\":\"es\",\"@id\":\"http:\/\/elregionalvm.com.ar\/noticias-villa-maria\/#\/schema\/person\/image\/\",\"url\":\"https:\/\/secure.gravatar.com\/avatar\/265b27cb2209af7bb3a1318f03305787d7981a5cc6e6cd08fe5a4ecdf99d4b48?s=96&d=mm&r=g\",\"contentUrl\":\"https:\/\/secure.gravatar.com\/avatar\/265b27cb2209af7bb3a1318f03305787d7981a5cc6e6cd08fe5a4ecdf99d4b48?s=96&d=mm&r=g\",\"caption\":\"Contenidos El Regional\"},\"url\":\"https:\/\/elregionalvm.com.ar\/noticias-villa-maria\/author\/contenido\/\"}]}<\/script>\n<!-- \/ Yoast SEO plugin. -->","yoast_head_json":{"title":"Asaltaron y golpearon a una maestra en barrio Parque Norte - El Regional","robots":{"index":"index","follow":"follow","max-snippet":"max-snippet:-1","max-image-preview":"max-image-preview:large","max-video-preview":"max-video-preview:-1"},"canonical":"https:\/\/elregionalvm.com.ar\/noticias-villa-maria\/asaltaron-y-golpearon-a-una-maestra-en-barrio-parque-norte\/","og_locale":"es_ES","og_type":"article","og_title":"Asaltaron y golpearon a una maestra en barrio Parque Norte - El Regional","og_description":"Una docente fue abordada por delincuentes en inmediaciones de la plaza Edith Vera ubicada en Barrio Parque Norte. Alrededor de las 14 horas de este mi\u00e9rcoles, la maestra, que da clases en la escuela Agust\u00edn \u00c1lvarez, recibi\u00f3 golpes y se le sustrajo la cartera con el tel\u00e9fono y documentaci\u00f3n, informaron los vecinos del sector. Aunque [&hellip;]","og_url":"https:\/\/elregionalvm.com.ar\/noticias-villa-maria\/asaltaron-y-golpearon-a-una-maestra-en-barrio-parque-norte\/","og_site_name":"El Regional","article_publisher":"https:\/\/www.facebook.com\/elregionalvm","article_published_time":"2024-02-28T21:46:21+00:00","article_modified_time":"2024-02-29T02:45:18+00:00","og_image":[{"width":1501,"height":859,"url":"https:\/\/elregionalvm.com.ar\/noticias-villa-maria\/wp-content\/uploads\/2024\/02\/plaza-edith-vera-2024-parque-norte.jpeg","type":"image\/jpeg"}],"author":"Contenidos El Regional","twitter_card":"summary_large_image","twitter_creator":"@elregionalvm1","twitter_site":"@elregionalvm1","twitter_misc":{"Escrito por":"Contenidos El Regional","Tiempo de lectura":"2 minutos"},"schema":{"@context":"https:\/\/schema.org","@graph":[{"@type":"Article","@id":"https:\/\/elregionalvm.com.ar\/noticias-villa-maria\/asaltaron-y-golpearon-a-una-maestra-en-barrio-parque-norte\/#article","isPartOf":{"@id":"https:\/\/elregionalvm.com.ar\/noticias-villa-maria\/asaltaron-y-golpearon-a-una-maestra-en-barrio-parque-norte\/"},"author":{"name":"Contenidos El Regional","@id":"http:\/\/elregionalvm.com.ar\/noticias-villa-maria\/#\/schema\/person\/a0fb9c422317faca23d50163151bc354"},"headline":"Asaltaron y golpearon a una maestra en barrio Parque Norte","datePublished":"2024-02-28T21:46:21+00:00","dateModified":"2024-02-29T02:45:18+00:00","mainEntityOfPage":{"@id":"https:\/\/elregionalvm.com.ar\/noticias-villa-maria\/asaltaron-y-golpearon-a-una-maestra-en-barrio-parque-norte\/"},"wordCount":152,"commentCount":0,"image":{"@id":"https:\/\/elregionalvm.com.ar\/noticias-villa-maria\/asaltaron-y-golpearon-a-una-maestra-en-barrio-parque-norte\/#primaryimage"},"thumbnailUrl":"https:\/\/i0.wp.com\/elregionalvm.com.ar\/noticias-villa-maria\/wp-content\/uploads\/2024\/02\/plaza-edith-vera-2024-parque-norte.jpeg?fit=1501%2C859&ssl=1","keywords":["agresi\u00f3n","asalto","Barrio Parque Norte","delincuentes","docente","documentaci\u00f3n","maestra","polic\u00eda","Robo"],"articleSection":["destacado","Policiales","Villa Mar\u00eda"],"inLanguage":"es","potentialAction":[{"@type":"CommentAction","name":"Comment","target":["https:\/\/elregionalvm.com.ar\/noticias-villa-maria\/asaltaron-y-golpearon-a-una-maestra-en-barrio-parque-norte\/#respond"]}]},{"@type":"WebPage","@id":"https:\/\/elregionalvm.com.ar\/noticias-villa-maria\/asaltaron-y-golpearon-a-una-maestra-en-barrio-parque-norte\/","url":"https:\/\/elregionalvm.com.ar\/noticias-villa-maria\/asaltaron-y-golpearon-a-una-maestra-en-barrio-parque-norte\/","name":"Asaltaron y golpearon a una maestra en barrio Parque Norte - El Regional","isPartOf":{"@id":"http:\/\/elregionalvm.com.ar\/noticias-villa-maria\/#website"},"primaryImageOfPage":{"@id":"https:\/\/elregionalvm.com.ar\/noticias-villa-maria\/asaltaron-y-golpearon-a-una-maestra-en-barrio-parque-norte\/#primaryimage"},"image":{"@id":"https:\/\/elregionalvm.com.ar\/noticias-villa-maria\/asaltaron-y-golpearon-a-una-maestra-en-barrio-parque-norte\/#primaryimage"},"thumbnailUrl":"https:\/\/i0.wp.com\/elregionalvm.com.ar\/noticias-villa-maria\/wp-content\/uploads\/2024\/02\/plaza-edith-vera-2024-parque-norte.jpeg?fit=1501%2C859&ssl=1","datePublished":"2024-02-28T21:46:21+00:00","dateModified":"2024-02-29T02:45:18+00:00","author":{"@id":"http:\/\/elregionalvm.com.ar\/noticias-villa-maria\/#\/schema\/person\/a0fb9c422317faca23d50163151bc354"},"breadcrumb":{"@id":"https:\/\/elregionalvm.com.ar\/noticias-villa-maria\/asaltaron-y-golpearon-a-una-maestra-en-barrio-parque-norte\/#breadcrumb"},"inLanguage":"es","potentialAction":[{"@type":"ReadAction","target":["https:\/\/elregionalvm.com.ar\/noticias-villa-maria\/asaltaron-y-golpearon-a-una-maestra-en-barrio-parque-norte\/"]}]},{"@type":"ImageObject","inLanguage":"es","@id":"https:\/\/elregionalvm.com.ar\/noticias-villa-maria\/asaltaron-y-golpearon-a-una-maestra-en-barrio-parque-norte\/#primaryimage","url":"https:\/\/i0.wp.com\/elregionalvm.com.ar\/noticias-villa-maria\/wp-content\/uploads\/2024\/02\/plaza-edith-vera-2024-parque-norte.jpeg?fit=1501%2C859&ssl=1","contentUrl":"https:\/\/i0.wp.com\/elregionalvm.com.ar\/noticias-villa-maria\/wp-content\/uploads\/2024\/02\/plaza-edith-vera-2024-parque-norte.jpeg?fit=1501%2C859&ssl=1","width":1501,"height":859},{"@type":"BreadcrumbList","@id":"https:\/\/elregionalvm.com.ar\/noticias-villa-maria\/asaltaron-y-golpearon-a-una-maestra-en-barrio-parque-norte\/#breadcrumb","itemListElement":[{"@type":"ListItem","position":1,"name":"Portada","item":"https:\/\/elregionalvm.com.ar\/noticias-villa-maria\/"},{"@type":"ListItem","position":2,"name":"Asaltaron y golpearon a una maestra en barrio Parque Norte"}]},{"@type":"WebSite","@id":"http:\/\/elregionalvm.com.ar\/noticias-villa-maria\/#website","url":"http:\/\/elregionalvm.com.ar\/noticias-villa-maria\/","name":"El Regional","description":"Mucho m\u00e1s que informaci\u00f3n","potentialAction":[{"@type":"SearchAction","target":{"@type":"EntryPoint","urlTemplate":"http:\/\/elregionalvm.com.ar\/noticias-villa-maria\/?s={search_term_string}"},"query-input":{"@type":"PropertyValueSpecification","valueRequired":true,"valueName":"search_term_string"}}],"inLanguage":"es"},{"@type":"Person","@id":"http:\/\/elregionalvm.com.ar\/noticias-villa-maria\/#\/schema\/person\/a0fb9c422317faca23d50163151bc354","name":"Contenidos El Regional","image":{"@type":"ImageObject","inLanguage":"es","@id":"http:\/\/elregionalvm.com.ar\/noticias-villa-maria\/#\/schema\/person\/image\/","url":"https:\/\/secure.gravatar.com\/avatar\/265b27cb2209af7bb3a1318f03305787d7981a5cc6e6cd08fe5a4ecdf99d4b48?s=96&d=mm&r=g","contentUrl":"https:\/\/secure.gravatar.com\/avatar\/265b27cb2209af7bb3a1318f03305787d7981a5cc6e6cd08fe5a4ecdf99d4b48?s=96&d=mm&r=g","caption":"Contenidos El Regional"},"url":"https:\/\/elregionalvm.com.ar\/noticias-villa-maria\/author\/contenido\/"}]}},"jetpack_featured_media_url":"https:\/\/i0.wp.com\/elregionalvm.com.ar\/noticias-villa-maria\/wp-content\/uploads\/2024\/02\/plaza-edith-vera-2024-parque-norte.jpeg?fit=1501%2C859&ssl=1","jetpack_sharing_enabled":true,"_links":{"self":[{"href":"https:\/\/elregionalvm.com.ar\/noticias-villa-maria\/wp-json\/wp\/v2\/posts\/90638","targetHints":{"allow":["GET"]}}],"collection":[{"href":"https:\/\/elregionalvm.com.ar\/noticias-villa-maria\/wp-json\/wp\/v2\/posts"}],"about":[{"href":"https:\/\/elregionalvm.com.ar\/noticias-villa-maria\/wp-json\/wp\/v2\/types\/post"}],"author":[{"embeddable":true,"href":"https:\/\/elregionalvm.com.ar\/noticias-villa-maria\/wp-json\/wp\/v2\/users\/4"}],"replies":[{"embeddable":true,"href":"https:\/\/elregionalvm.com.ar\/noticias-villa-maria\/wp-json\/wp\/v2\/comments?post=90638"}],"version-history":[{"count":3,"href":"https:\/\/elregionalvm.com.ar\/noticias-villa-maria\/wp-json\/wp\/v2\/posts\/90638\/revisions"}],"predecessor-version":[{"id":90679,"href":"https:\/\/elregionalvm.com.ar\/noticias-villa-maria\/wp-json\/wp\/v2\/posts\/90638\/revisions\/90679"}],"wp:featuredmedia":[{"embeddable":true,"href":"https:\/\/elregionalvm.com.ar\/noticias-villa-maria\/wp-json\/wp\/v2\/media\/90677"}],"wp:attachment":[{"href":"https:\/\/elregionalvm.com.ar\/noticias-villa-maria\/wp-json\/wp\/v2\/media?parent=90638"}],"wp:term":[{"taxonomy":"category","embeddable":true,"href":"https:\/\/elregionalvm.com.ar\/noticias-villa-maria\/wp-json\/wp\/v2\/categories?post=90638"},{"taxonomy":"post_tag","embeddable":true,"href":"https:\/\/elregionalvm.com.ar\/noticias-villa-maria\/wp-json\/wp\/v2\/tags?post=90638"}],"curies":[{"name":"wp","href":"https:\/\/api.w.org\/{rel}","templated":true}]}}