{"id":90655,"date":"2024-02-28T22:59:05","date_gmt":"2024-02-28T22:59:05","guid":{"rendered":"https:\/\/elregionalvm.com.ar\/noticias-villa-maria\/?p=90655"},"modified":"2024-02-29T02:46:40","modified_gmt":"2024-02-29T02:46:40","slug":"el-paro-nacional-de-ctera-tuvo-un-80-de-acatamiento-en-todo-el-pais","status":"publish","type":"post","link":"https:\/\/elregionalvm.com.ar\/noticias-villa-maria\/el-paro-nacional-de-ctera-tuvo-un-80-de-acatamiento-en-todo-el-pais\/","title":{"rendered":"El paro nacional de CTERA tuvo un 80% de acatamiento en todo el pa\u00eds"},"content":{"rendered":"\n<p>El paro nacional docente convocado por CTERA ha tenido un 80 % acatamiento en las diez jurisdicciones que hoy deb\u00edan comenzar el ciclo lectivo.&nbsp;<\/p>\n\n\n\n<p>En todas las provincias se realizaron actos, concentraciones y movilizaciones exigiendo la Paritaria Nacional Docente, el pago del FONID y del Fondo Compensador de Desigualdades Salariales, fondos para comedores escolares y programas educativos, en defensa de nuestros salarios y de los haberes de las y los docentes jubilados.&nbsp;<\/p>\n\n\n\n<p>El acto en la Ciudad fue frente al Palacio Pizzurno, donde estuvo presente la conducci\u00f3n de CTERA con representantes de todo el pa\u00eds. Sonia Alesso \u2013 Secretaria General -, entre otros conceptos, expres\u00f3: \u00abVeo caras de muchos compa\u00f1eros y compa\u00f1eras con quienes compartimos la Carpa Blanca, veo caras de compa\u00f1eras y compa\u00f1eros con quienes recorrimos los momentos m\u00e1s dif\u00edciles en el ajuste menemista de los 90. La situaci\u00f3n en nuestras barriadas populares y en cada una de nuestras escuelas, es una situaci\u00f3n verdaderamente terrible: no alcanza la partida de comedor, no alcanza la partida de copa de leche, no hay plata para comprar guardapolvos, \u00fatiles escolares. No puede haber una maestra, un maestro, un pibe, una piba, que seg\u00fan donde naci\u00f3 es lo que va a cobrar; seg\u00fan donde naci\u00f3, es si va a tener oportunidades dignas para ense\u00f1ar y aprender. Por esas leyes luchamos las y los docentes argentinos\u00bb.&nbsp;<\/p>\n\n\n\n<p>Bajo la lluvia, las y los trabajadores de la educaci\u00f3n, cantaban consignas exigiendo paritaria nacional y fondos para educaci\u00f3n. Al finalizar, Sonia Alesso, afirm\u00f3: \u00abDecirles que peleamos 1003 d\u00edas en la Carpa Blanca para tener una Ley de Financiamiento Educativo, durante a\u00f1os para garantizar el Fondo de Compensaci\u00f3n Salarial, que peleamos por pol\u00edticas educativas, por la extensi\u00f3n de jornada, por la 5\u00aa hora, por Conectar Igualdad; gracias compa\u00f1eras de Conectar Igualdad, pido un aplauso porque a estas trabajadoras las quieren despedir y cerrar ese programa. Decirles tambi\u00e9n que defendemos la formaci\u00f3n docente gratuita y en ejercicio a cargo del Estado nacional. Hay un ajuste brutal en el Plan Nuestra Escuela, que va a significar menores fondos y decirles tambi\u00e9n a nuestras y nuestros docentes jubilados que vamos a defender la jubilaci\u00f3n nacional, la Caja Nacional, el 82% y tambi\u00e9n las cajas provinciales\u00bb.<\/p>\n\n\n\n<p>\u00abLa CTERA vot\u00f3 por unanimidad un plan de lucha nacional. Por eso exigimos que haya paritaria nacional docente, no una reuni\u00f3n informal y vamos a ir a plantear aumentos de salarios, aumento de comedor y copa de leche, aumento de los programas nacionales y vamos a continuar el plan de lucha votado por CTERA, construyendo una gran marcha nacional educativo, confluyendo con todos los docentes del pa\u00eds\u00bb.<\/p>\n\n\n\n<p>Ma\u00f1ana, martes 27, la CTERA concurrir\u00e1 a la reuni\u00f3n convocada por el Gobierno Nacional.&nbsp;<\/p>\n\n\n\n<p>El mi\u00e9rcoles 28 se realizar\u00e1 un encuentro de Secretarias y Secretarios General de nuestra organizaci\u00f3n para evaluar la situaci\u00f3n.<\/p>\n","protected":false},"excerpt":{"rendered":"<p>El paro nacional docente convocado por CTERA ha tenido un 80 % acatamiento en las diez jurisdicciones que hoy deb\u00edan comenzar el ciclo lectivo.&nbsp; En todas las provincias se realizaron actos, concentraciones y movilizaciones exigiendo la Paritaria Nacional Docente, el pago del FONID y del Fondo Compensador de Desigualdades Salariales, fondos para comedores escolares y [&hellip;]<\/p>\n","protected":false},"author":4,"featured_media":90656,"comment_status":"open","ping_status":"open","sticky":false,"template":"","format":"standard","meta":{"site-sidebar-layout":"default","site-content-layout":"","ast-site-content-layout":"default","site-content-style":"default","site-sidebar-style":"default","ast-global-header-display":"","ast-banner-title-visibility":"","ast-main-header-display":"","ast-hfb-above-header-display":"","ast-hfb-below-header-display":"","ast-hfb-mobile-header-display":"","site-post-title":"","ast-breadcrumbs-content":"","ast-featured-img":"","footer-sml-layout":"","ast-disable-related-posts":"","theme-transparent-header-meta":"","adv-header-id-meta":"","stick-header-meta":"","header-above-stick-meta":"","header-main-stick-meta":"","header-below-stick-meta":"","astra-migrate-meta-layouts":"set","ast-page-background-enabled":"default","ast-page-background-meta":{"desktop":{"background-color":"","background-image":"","background-repeat":"repeat","background-position":"center center","background-size":"auto","background-attachment":"scroll","background-type":"","background-media":"","overlay-type":"","overlay-color":"","overlay-opacity":"","overlay-gradient":""},"tablet":{"background-color":"","background-image":"","background-repeat":"repeat","background-position":"center center","background-size":"auto","background-attachment":"scroll","background-type":"","background-media":"","overlay-type":"","overlay-color":"","overlay-opacity":"","overlay-gradient":""},"mobile":{"background-color":"","background-image":"","background-repeat":"repeat","background-position":"center center","background-size":"auto","background-attachment":"scroll","background-type":"","background-media":"","overlay-type":"","overlay-color":"","overlay-opacity":"","overlay-gradient":""}},"ast-content-background-meta":{"desktop":{"background-color":"var(--ast-global-color-5)","background-image":"","background-repeat":"repeat","background-position":"center center","background-size":"auto","background-attachment":"scroll","background-type":"","background-media":"","overlay-type":"","overlay-color":"","overlay-opacity":"","overlay-gradient":""},"tablet":{"background-color":"var(--ast-global-color-5)","background-image":"","background-repeat":"repeat","background-position":"center center","background-size":"auto","background-attachment":"scroll","background-type":"","background-media":"","overlay-type":"","overlay-color":"","overlay-opacity":"","overlay-gradient":""},"mobile":{"background-color":"var(--ast-global-color-5)","background-image":"","background-repeat":"repeat","background-position":"center center","background-size":"auto","background-attachment":"scroll","background-type":"","background-media":"","overlay-type":"","overlay-color":"","overlay-opacity":"","overlay-gradient":""}},"_jetpack_memberships_contains_paid_content":false,"_joinchat":[],"footnotes":""},"categories":[5,2],"tags":[],"class_list":["post-90655","post","type-post","status-publish","format-standard","has-post-thumbnail","hentry","category-sociedad","category-villa-maria"],"yoast_head":"<!-- This site is optimized with the Yoast SEO plugin v26.8 - https:\/\/yoast.com\/product\/yoast-seo-wordpress\/ -->\n<title>El paro nacional de CTERA tuvo un 80% de acatamiento en todo el pa\u00eds - El Regional<\/title>\n<meta name=\"robots\" content=\"index, follow, max-snippet:-1, max-image-preview:large, max-video-preview:-1\" \/>\n<link rel=\"canonical\" href=\"https:\/\/elregionalvm.com.ar\/noticias-villa-maria\/el-paro-nacional-de-ctera-tuvo-un-80-de-acatamiento-en-todo-el-pais\/\" \/>\n<meta property=\"og:locale\" content=\"es_ES\" \/>\n<meta property=\"og:type\" content=\"article\" \/>\n<meta property=\"og:title\" content=\"El paro nacional de CTERA tuvo un 80% de acatamiento en todo el pa\u00eds - El Regional\" \/>\n<meta property=\"og:description\" content=\"El paro nacional docente convocado por CTERA ha tenido un 80 % acatamiento en las diez jurisdicciones que hoy deb\u00edan comenzar el ciclo lectivo.&nbsp; En todas las provincias se realizaron actos, concentraciones y movilizaciones exigiendo la Paritaria Nacional Docente, el pago del FONID y del Fondo Compensador de Desigualdades Salariales, fondos para comedores escolares y [&hellip;]\" \/>\n<meta property=\"og:url\" content=\"https:\/\/elregionalvm.com.ar\/noticias-villa-maria\/el-paro-nacional-de-ctera-tuvo-un-80-de-acatamiento-en-todo-el-pais\/\" \/>\n<meta property=\"og:site_name\" content=\"El Regional\" \/>\n<meta property=\"article:publisher\" content=\"https:\/\/www.facebook.com\/elregionalvm\" \/>\n<meta property=\"article:published_time\" content=\"2024-02-28T22:59:05+00:00\" \/>\n<meta property=\"article:modified_time\" content=\"2024-02-29T02:46:40+00:00\" \/>\n<meta property=\"og:image\" content=\"https:\/\/elregionalvm.com.ar\/noticias-villa-maria\/wp-content\/uploads\/2024\/02\/3174-1601-260224-whatsapp-image-2024-02-26-at-1552031.jpeg\" \/>\n\t<meta property=\"og:image:width\" content=\"1080\" \/>\n\t<meta property=\"og:image:height\" content=\"718\" \/>\n\t<meta property=\"og:image:type\" content=\"image\/jpeg\" \/>\n<meta name=\"author\" content=\"Contenidos El Regional\" \/>\n<meta name=\"twitter:card\" content=\"summary_large_image\" \/>\n<meta name=\"twitter:creator\" content=\"@elregionalvm1\" \/>\n<meta name=\"twitter:site\" content=\"@elregionalvm1\" \/>\n<meta name=\"twitter:label1\" content=\"Escrito por\" \/>\n\t<meta name=\"twitter:data1\" content=\"Contenidos El Regional\" \/>\n\t<meta name=\"twitter:label2\" content=\"Tiempo de lectura\" \/>\n\t<meta name=\"twitter:data2\" content=\"3 minutos\" \/>\n<script type=\"application\/ld+json\" class=\"yoast-schema-graph\">{\"@context\":\"https:\/\/schema.org\",\"@graph\":[{\"@type\":\"Article\",\"@id\":\"https:\/\/elregionalvm.com.ar\/noticias-villa-maria\/el-paro-nacional-de-ctera-tuvo-un-80-de-acatamiento-en-todo-el-pais\/#article\",\"isPartOf\":{\"@id\":\"https:\/\/elregionalvm.com.ar\/noticias-villa-maria\/el-paro-nacional-de-ctera-tuvo-un-80-de-acatamiento-en-todo-el-pais\/\"},\"author\":{\"name\":\"Contenidos El Regional\",\"@id\":\"http:\/\/elregionalvm.com.ar\/noticias-villa-maria\/#\/schema\/person\/a0fb9c422317faca23d50163151bc354\"},\"headline\":\"El paro nacional de CTERA tuvo un 80% de acatamiento en todo el pa\u00eds\",\"datePublished\":\"2024-02-28T22:59:05+00:00\",\"dateModified\":\"2024-02-29T02:46:40+00:00\",\"mainEntityOfPage\":{\"@id\":\"https:\/\/elregionalvm.com.ar\/noticias-villa-maria\/el-paro-nacional-de-ctera-tuvo-un-80-de-acatamiento-en-todo-el-pais\/\"},\"wordCount\":507,\"commentCount\":0,\"image\":{\"@id\":\"https:\/\/elregionalvm.com.ar\/noticias-villa-maria\/el-paro-nacional-de-ctera-tuvo-un-80-de-acatamiento-en-todo-el-pais\/#primaryimage\"},\"thumbnailUrl\":\"https:\/\/i0.wp.com\/elregionalvm.com.ar\/noticias-villa-maria\/wp-content\/uploads\/2024\/02\/3174-1601-260224-whatsapp-image-2024-02-26-at-1552031.jpeg?fit=1080%2C718&ssl=1\",\"articleSection\":[\"Sociedad\",\"Villa Mar\u00eda\"],\"inLanguage\":\"es\",\"potentialAction\":[{\"@type\":\"CommentAction\",\"name\":\"Comment\",\"target\":[\"https:\/\/elregionalvm.com.ar\/noticias-villa-maria\/el-paro-nacional-de-ctera-tuvo-un-80-de-acatamiento-en-todo-el-pais\/#respond\"]}]},{\"@type\":\"WebPage\",\"@id\":\"https:\/\/elregionalvm.com.ar\/noticias-villa-maria\/el-paro-nacional-de-ctera-tuvo-un-80-de-acatamiento-en-todo-el-pais\/\",\"url\":\"https:\/\/elregionalvm.com.ar\/noticias-villa-maria\/el-paro-nacional-de-ctera-tuvo-un-80-de-acatamiento-en-todo-el-pais\/\",\"name\":\"El paro nacional de CTERA tuvo un 80% de acatamiento en todo el pa\u00eds - El Regional\",\"isPartOf\":{\"@id\":\"http:\/\/elregionalvm.com.ar\/noticias-villa-maria\/#website\"},\"primaryImageOfPage\":{\"@id\":\"https:\/\/elregionalvm.com.ar\/noticias-villa-maria\/el-paro-nacional-de-ctera-tuvo-un-80-de-acatamiento-en-todo-el-pais\/#primaryimage\"},\"image\":{\"@id\":\"https:\/\/elregionalvm.com.ar\/noticias-villa-maria\/el-paro-nacional-de-ctera-tuvo-un-80-de-acatamiento-en-todo-el-pais\/#primaryimage\"},\"thumbnailUrl\":\"https:\/\/i0.wp.com\/elregionalvm.com.ar\/noticias-villa-maria\/wp-content\/uploads\/2024\/02\/3174-1601-260224-whatsapp-image-2024-02-26-at-1552031.jpeg?fit=1080%2C718&ssl=1\",\"datePublished\":\"2024-02-28T22:59:05+00:00\",\"dateModified\":\"2024-02-29T02:46:40+00:00\",\"author\":{\"@id\":\"http:\/\/elregionalvm.com.ar\/noticias-villa-maria\/#\/schema\/person\/a0fb9c422317faca23d50163151bc354\"},\"breadcrumb\":{\"@id\":\"https:\/\/elregionalvm.com.ar\/noticias-villa-maria\/el-paro-nacional-de-ctera-tuvo-un-80-de-acatamiento-en-todo-el-pais\/#breadcrumb\"},\"inLanguage\":\"es\",\"potentialAction\":[{\"@type\":\"ReadAction\",\"target\":[\"https:\/\/elregionalvm.com.ar\/noticias-villa-maria\/el-paro-nacional-de-ctera-tuvo-un-80-de-acatamiento-en-todo-el-pais\/\"]}]},{\"@type\":\"ImageObject\",\"inLanguage\":\"es\",\"@id\":\"https:\/\/elregionalvm.com.ar\/noticias-villa-maria\/el-paro-nacional-de-ctera-tuvo-un-80-de-acatamiento-en-todo-el-pais\/#primaryimage\",\"url\":\"https:\/\/i0.wp.com\/elregionalvm.com.ar\/noticias-villa-maria\/wp-content\/uploads\/2024\/02\/3174-1601-260224-whatsapp-image-2024-02-26-at-1552031.jpeg?fit=1080%2C718&ssl=1\",\"contentUrl\":\"https:\/\/i0.wp.com\/elregionalvm.com.ar\/noticias-villa-maria\/wp-content\/uploads\/2024\/02\/3174-1601-260224-whatsapp-image-2024-02-26-at-1552031.jpeg?fit=1080%2C718&ssl=1\",\"width\":1080,\"height\":718},{\"@type\":\"BreadcrumbList\",\"@id\":\"https:\/\/elregionalvm.com.ar\/noticias-villa-maria\/el-paro-nacional-de-ctera-tuvo-un-80-de-acatamiento-en-todo-el-pais\/#breadcrumb\",\"itemListElement\":[{\"@type\":\"ListItem\",\"position\":1,\"name\":\"Portada\",\"item\":\"https:\/\/elregionalvm.com.ar\/noticias-villa-maria\/\"},{\"@type\":\"ListItem\",\"position\":2,\"name\":\"El paro nacional de CTERA tuvo un 80% de acatamiento en todo el pa\u00eds\"}]},{\"@type\":\"WebSite\",\"@id\":\"http:\/\/elregionalvm.com.ar\/noticias-villa-maria\/#website\",\"url\":\"http:\/\/elregionalvm.com.ar\/noticias-villa-maria\/\",\"name\":\"El Regional\",\"description\":\"Mucho m\u00e1s que informaci\u00f3n\",\"potentialAction\":[{\"@type\":\"SearchAction\",\"target\":{\"@type\":\"EntryPoint\",\"urlTemplate\":\"http:\/\/elregionalvm.com.ar\/noticias-villa-maria\/?s={search_term_string}\"},\"query-input\":{\"@type\":\"PropertyValueSpecification\",\"valueRequired\":true,\"valueName\":\"search_term_string\"}}],\"inLanguage\":\"es\"},{\"@type\":\"Person\",\"@id\":\"http:\/\/elregionalvm.com.ar\/noticias-villa-maria\/#\/schema\/person\/a0fb9c422317faca23d50163151bc354\",\"name\":\"Contenidos El Regional\",\"image\":{\"@type\":\"ImageObject\",\"inLanguage\":\"es\",\"@id\":\"http:\/\/elregionalvm.com.ar\/noticias-villa-maria\/#\/schema\/person\/image\/\",\"url\":\"https:\/\/secure.gravatar.com\/avatar\/265b27cb2209af7bb3a1318f03305787d7981a5cc6e6cd08fe5a4ecdf99d4b48?s=96&d=mm&r=g\",\"contentUrl\":\"https:\/\/secure.gravatar.com\/avatar\/265b27cb2209af7bb3a1318f03305787d7981a5cc6e6cd08fe5a4ecdf99d4b48?s=96&d=mm&r=g\",\"caption\":\"Contenidos El Regional\"},\"url\":\"https:\/\/elregionalvm.com.ar\/noticias-villa-maria\/author\/contenido\/\"}]}<\/script>\n<!-- \/ Yoast SEO plugin. -->","yoast_head_json":{"title":"El paro nacional de CTERA tuvo un 80% de acatamiento en todo el pa\u00eds - El Regional","robots":{"index":"index","follow":"follow","max-snippet":"max-snippet:-1","max-image-preview":"max-image-preview:large","max-video-preview":"max-video-preview:-1"},"canonical":"https:\/\/elregionalvm.com.ar\/noticias-villa-maria\/el-paro-nacional-de-ctera-tuvo-un-80-de-acatamiento-en-todo-el-pais\/","og_locale":"es_ES","og_type":"article","og_title":"El paro nacional de CTERA tuvo un 80% de acatamiento en todo el pa\u00eds - El Regional","og_description":"El paro nacional docente convocado por CTERA ha tenido un 80 % acatamiento en las diez jurisdicciones que hoy deb\u00edan comenzar el ciclo lectivo.&nbsp; En todas las provincias se realizaron actos, concentraciones y movilizaciones exigiendo la Paritaria Nacional Docente, el pago del FONID y del Fondo Compensador de Desigualdades Salariales, fondos para comedores escolares y [&hellip;]","og_url":"https:\/\/elregionalvm.com.ar\/noticias-villa-maria\/el-paro-nacional-de-ctera-tuvo-un-80-de-acatamiento-en-todo-el-pais\/","og_site_name":"El Regional","article_publisher":"https:\/\/www.facebook.com\/elregionalvm","article_published_time":"2024-02-28T22:59:05+00:00","article_modified_time":"2024-02-29T02:46:40+00:00","og_image":[{"width":1080,"height":718,"url":"https:\/\/elregionalvm.com.ar\/noticias-villa-maria\/wp-content\/uploads\/2024\/02\/3174-1601-260224-whatsapp-image-2024-02-26-at-1552031.jpeg","type":"image\/jpeg"}],"author":"Contenidos El Regional","twitter_card":"summary_large_image","twitter_creator":"@elregionalvm1","twitter_site":"@elregionalvm1","twitter_misc":{"Escrito por":"Contenidos El Regional","Tiempo de lectura":"3 minutos"},"schema":{"@context":"https:\/\/schema.org","@graph":[{"@type":"Article","@id":"https:\/\/elregionalvm.com.ar\/noticias-villa-maria\/el-paro-nacional-de-ctera-tuvo-un-80-de-acatamiento-en-todo-el-pais\/#article","isPartOf":{"@id":"https:\/\/elregionalvm.com.ar\/noticias-villa-maria\/el-paro-nacional-de-ctera-tuvo-un-80-de-acatamiento-en-todo-el-pais\/"},"author":{"name":"Contenidos El Regional","@id":"http:\/\/elregionalvm.com.ar\/noticias-villa-maria\/#\/schema\/person\/a0fb9c422317faca23d50163151bc354"},"headline":"El paro nacional de CTERA tuvo un 80% de acatamiento en todo el pa\u00eds","datePublished":"2024-02-28T22:59:05+00:00","dateModified":"2024-02-29T02:46:40+00:00","mainEntityOfPage":{"@id":"https:\/\/elregionalvm.com.ar\/noticias-villa-maria\/el-paro-nacional-de-ctera-tuvo-un-80-de-acatamiento-en-todo-el-pais\/"},"wordCount":507,"commentCount":0,"image":{"@id":"https:\/\/elregionalvm.com.ar\/noticias-villa-maria\/el-paro-nacional-de-ctera-tuvo-un-80-de-acatamiento-en-todo-el-pais\/#primaryimage"},"thumbnailUrl":"https:\/\/i0.wp.com\/elregionalvm.com.ar\/noticias-villa-maria\/wp-content\/uploads\/2024\/02\/3174-1601-260224-whatsapp-image-2024-02-26-at-1552031.jpeg?fit=1080%2C718&ssl=1","articleSection":["Sociedad","Villa Mar\u00eda"],"inLanguage":"es","potentialAction":[{"@type":"CommentAction","name":"Comment","target":["https:\/\/elregionalvm.com.ar\/noticias-villa-maria\/el-paro-nacional-de-ctera-tuvo-un-80-de-acatamiento-en-todo-el-pais\/#respond"]}]},{"@type":"WebPage","@id":"https:\/\/elregionalvm.com.ar\/noticias-villa-maria\/el-paro-nacional-de-ctera-tuvo-un-80-de-acatamiento-en-todo-el-pais\/","url":"https:\/\/elregionalvm.com.ar\/noticias-villa-maria\/el-paro-nacional-de-ctera-tuvo-un-80-de-acatamiento-en-todo-el-pais\/","name":"El paro nacional de CTERA tuvo un 80% de acatamiento en todo el pa\u00eds - El Regional","isPartOf":{"@id":"http:\/\/elregionalvm.com.ar\/noticias-villa-maria\/#website"},"primaryImageOfPage":{"@id":"https:\/\/elregionalvm.com.ar\/noticias-villa-maria\/el-paro-nacional-de-ctera-tuvo-un-80-de-acatamiento-en-todo-el-pais\/#primaryimage"},"image":{"@id":"https:\/\/elregionalvm.com.ar\/noticias-villa-maria\/el-paro-nacional-de-ctera-tuvo-un-80-de-acatamiento-en-todo-el-pais\/#primaryimage"},"thumbnailUrl":"https:\/\/i0.wp.com\/elregionalvm.com.ar\/noticias-villa-maria\/wp-content\/uploads\/2024\/02\/3174-1601-260224-whatsapp-image-2024-02-26-at-1552031.jpeg?fit=1080%2C718&ssl=1","datePublished":"2024-02-28T22:59:05+00:00","dateModified":"2024-02-29T02:46:40+00:00","author":{"@id":"http:\/\/elregionalvm.com.ar\/noticias-villa-maria\/#\/schema\/person\/a0fb9c422317faca23d50163151bc354"},"breadcrumb":{"@id":"https:\/\/elregionalvm.com.ar\/noticias-villa-maria\/el-paro-nacional-de-ctera-tuvo-un-80-de-acatamiento-en-todo-el-pais\/#breadcrumb"},"inLanguage":"es","potentialAction":[{"@type":"ReadAction","target":["https:\/\/elregionalvm.com.ar\/noticias-villa-maria\/el-paro-nacional-de-ctera-tuvo-un-80-de-acatamiento-en-todo-el-pais\/"]}]},{"@type":"ImageObject","inLanguage":"es","@id":"https:\/\/elregionalvm.com.ar\/noticias-villa-maria\/el-paro-nacional-de-ctera-tuvo-un-80-de-acatamiento-en-todo-el-pais\/#primaryimage","url":"https:\/\/i0.wp.com\/elregionalvm.com.ar\/noticias-villa-maria\/wp-content\/uploads\/2024\/02\/3174-1601-260224-whatsapp-image-2024-02-26-at-1552031.jpeg?fit=1080%2C718&ssl=1","contentUrl":"https:\/\/i0.wp.com\/elregionalvm.com.ar\/noticias-villa-maria\/wp-content\/uploads\/2024\/02\/3174-1601-260224-whatsapp-image-2024-02-26-at-1552031.jpeg?fit=1080%2C718&ssl=1","width":1080,"height":718},{"@type":"BreadcrumbList","@id":"https:\/\/elregionalvm.com.ar\/noticias-villa-maria\/el-paro-nacional-de-ctera-tuvo-un-80-de-acatamiento-en-todo-el-pais\/#breadcrumb","itemListElement":[{"@type":"ListItem","position":1,"name":"Portada","item":"https:\/\/elregionalvm.com.ar\/noticias-villa-maria\/"},{"@type":"ListItem","position":2,"name":"El paro nacional de CTERA tuvo un 80% de acatamiento en todo el pa\u00eds"}]},{"@type":"WebSite","@id":"http:\/\/elregionalvm.com.ar\/noticias-villa-maria\/#website","url":"http:\/\/elregionalvm.com.ar\/noticias-villa-maria\/","name":"El Regional","description":"Mucho m\u00e1s que informaci\u00f3n","potentialAction":[{"@type":"SearchAction","target":{"@type":"EntryPoint","urlTemplate":"http:\/\/elregionalvm.com.ar\/noticias-villa-maria\/?s={search_term_string}"},"query-input":{"@type":"PropertyValueSpecification","valueRequired":true,"valueName":"search_term_string"}}],"inLanguage":"es"},{"@type":"Person","@id":"http:\/\/elregionalvm.com.ar\/noticias-villa-maria\/#\/schema\/person\/a0fb9c422317faca23d50163151bc354","name":"Contenidos El Regional","image":{"@type":"ImageObject","inLanguage":"es","@id":"http:\/\/elregionalvm.com.ar\/noticias-villa-maria\/#\/schema\/person\/image\/","url":"https:\/\/secure.gravatar.com\/avatar\/265b27cb2209af7bb3a1318f03305787d7981a5cc6e6cd08fe5a4ecdf99d4b48?s=96&d=mm&r=g","contentUrl":"https:\/\/secure.gravatar.com\/avatar\/265b27cb2209af7bb3a1318f03305787d7981a5cc6e6cd08fe5a4ecdf99d4b48?s=96&d=mm&r=g","caption":"Contenidos El Regional"},"url":"https:\/\/elregionalvm.com.ar\/noticias-villa-maria\/author\/contenido\/"}]}},"jetpack_featured_media_url":"https:\/\/i0.wp.com\/elregionalvm.com.ar\/noticias-villa-maria\/wp-content\/uploads\/2024\/02\/3174-1601-260224-whatsapp-image-2024-02-26-at-1552031.jpeg?fit=1080%2C718&ssl=1","jetpack_sharing_enabled":true,"_links":{"self":[{"href":"https:\/\/elregionalvm.com.ar\/noticias-villa-maria\/wp-json\/wp\/v2\/posts\/90655","targetHints":{"allow":["GET"]}}],"collection":[{"href":"https:\/\/elregionalvm.com.ar\/noticias-villa-maria\/wp-json\/wp\/v2\/posts"}],"about":[{"href":"https:\/\/elregionalvm.com.ar\/noticias-villa-maria\/wp-json\/wp\/v2\/types\/post"}],"author":[{"embeddable":true,"href":"https:\/\/elregionalvm.com.ar\/noticias-villa-maria\/wp-json\/wp\/v2\/users\/4"}],"replies":[{"embeddable":true,"href":"https:\/\/elregionalvm.com.ar\/noticias-villa-maria\/wp-json\/wp\/v2\/comments?post=90655"}],"version-history":[{"count":1,"href":"https:\/\/elregionalvm.com.ar\/noticias-villa-maria\/wp-json\/wp\/v2\/posts\/90655\/revisions"}],"predecessor-version":[{"id":90657,"href":"https:\/\/elregionalvm.com.ar\/noticias-villa-maria\/wp-json\/wp\/v2\/posts\/90655\/revisions\/90657"}],"wp:featuredmedia":[{"embeddable":true,"href":"https:\/\/elregionalvm.com.ar\/noticias-villa-maria\/wp-json\/wp\/v2\/media\/90656"}],"wp:attachment":[{"href":"https:\/\/elregionalvm.com.ar\/noticias-villa-maria\/wp-json\/wp\/v2\/media?parent=90655"}],"wp:term":[{"taxonomy":"category","embeddable":true,"href":"https:\/\/elregionalvm.com.ar\/noticias-villa-maria\/wp-json\/wp\/v2\/categories?post=90655"},{"taxonomy":"post_tag","embeddable":true,"href":"https:\/\/elregionalvm.com.ar\/noticias-villa-maria\/wp-json\/wp\/v2\/tags?post=90655"}],"curies":[{"name":"wp","href":"https:\/\/api.w.org\/{rel}","templated":true}]}}