{"id":90661,"date":"2024-02-28T23:02:55","date_gmt":"2024-02-28T23:02:55","guid":{"rendered":"https:\/\/elregionalvm.com.ar\/noticias-villa-maria\/?p=90661"},"modified":"2024-02-29T02:46:32","modified_gmt":"2024-02-29T02:46:32","slug":"la-asamblea-provincial-rechazo-la-propuesta-salarial-y-lanzo-un-paro-por-24-horas","status":"publish","type":"post","link":"https:\/\/elregionalvm.com.ar\/noticias-villa-maria\/la-asamblea-provincial-rechazo-la-propuesta-salarial-y-lanzo-un-paro-por-24-horas\/","title":{"rendered":"La Asamblea Provincial rechaz\u00f3 la propuesta salarial y lanz\u00f3 un paro por 24 horas"},"content":{"rendered":"\n<p>La Asamblea Provincial reunida este mi\u00e9rcoles 28 de febrero&nbsp;<strong>resolvi\u00f3 por mayor\u00eda rechazar la propuesta salarial realizada por el Poder Ejecutivo Provincial para el trimestre enero, febrero y marzo por considerarla insuficiente.&nbsp;<\/strong><\/p>\n\n\n\n<p>Adem\u00e1s, las y los delegados departamentales definieron las siguientes medidas:&nbsp;<\/p>\n\n\n\n<p><strong>&#8211;&nbsp;<\/strong><strong>Convocar a un p<\/strong><strong>aro por 24 horas en las escuelas p\u00fablicas de gesti\u00f3n estatal y privada&nbsp;<\/strong><strong>con movilizaci\u00f3n el d\u00eda martes 5 de marzo en C\u00f3rdoba Capital.<\/strong><\/p>\n\n\n\n<p>&#8211; Realizar acciones a contraturno de acuerdo a la modalidad que determine cada Departamento.&nbsp;<\/p>\n\n\n\n<p>&#8211; Pasar a un cuarto intermedio la Asamblea Provincial para el d\u00eda jueves 7 de marzo, atendiendo a la posibilidad de una nueva propuesta del Ejecutivo Provincial o, de lo contrario, para establecer las medidas a seguir.&nbsp;<\/p>\n\n\n\n<p>&#8211; Adherir el 8 de marzo al Paro Internacional de Mujeres. Convocamos a la marcha del viernes 8 de marzo y a las acciones que se realizar\u00e1n en toda la provincia.&nbsp;<\/p>\n\n\n\n<p>&#8211; Repudiar la decisi\u00f3n del Gobierno Nacional de frenar la apertura de la Universidad Nacional de R\u00edo Tercero, y exhortar a revertir la decisi\u00f3n por inconsulta y arbitraria.&nbsp;<\/p>\n\n\n\n<p>&#8211; Exigir que se cumpla la Paritaria 2023.&nbsp;<\/p>\n\n\n\n<p>&#8211; Asimismo, instamos a completar la titularizaci\u00f3n de las y los compa\u00f1eros de PIT, PROA, Coordinaciones de Curso y Nivel Superior.&nbsp;<\/p>\n\n\n\n<p><strong>En cuanto a la Ley Previsional 10.694 exigir:<\/strong><\/p>\n\n\n\n<p>&#8211; La inmediata eliminaci\u00f3n del diferimiento de las y los compa\u00f1eros jubilados.&nbsp;<\/p>\n\n\n\n<p>&#8211; El cumplimiento del Fallo Bossio (pago del 82% m\u00f3vil).&nbsp;<\/p>\n\n\n\n<p>&#8211; La eliminaci\u00f3n del descuento por doble beneficio.&nbsp;<\/p>\n\n\n\n<p>Ante la diversidad de problemas edilicios, funcionales y\/o de infraestructura exigimos que el Gobierno provincial cumpla con los planes de infraestructura de manera inmediata.<\/p>\n\n\n\n<p>Mantener la eliminaci\u00f3n de los art\u00edculos 3 y 4 de la resoluci\u00f3n 07\/2024 referida al \u00cdtem \u201cProfesionalidad Docente\u00bb.&nbsp;<\/p>\n\n\n\n<p>Exigir la mejora inmediata de los servicios de APROSS en toda la provincia de C\u00f3rdoba.&nbsp;<\/p>\n\n\n\n<p><strong>En el Plano Nacional exigir:<\/strong><\/p>\n\n\n\n<p>&#8211; Devoluci\u00f3n del Fondo Nacional de Incentivo Docente.<\/p>\n\n\n\n<p>&#8211; Devoluci\u00f3n del Fondo Compensador.&nbsp;<\/p>\n\n\n\n<p>&#8211; Convocatoria a Paritarias nacionales.<\/p>\n\n\n\n<p>&#8211; Sostenimiento de la 5ta. Hora y de todos los Programas Nacionales.<\/p>\n","protected":false},"excerpt":{"rendered":"<p>La Asamblea Provincial reunida este mi\u00e9rcoles 28 de febrero&nbsp;resolvi\u00f3 por mayor\u00eda rechazar la propuesta salarial realizada por el Poder Ejecutivo Provincial para el trimestre enero, febrero y marzo por considerarla insuficiente.&nbsp; Adem\u00e1s, las y los delegados departamentales definieron las siguientes medidas:&nbsp; &#8211;&nbsp;Convocar a un paro por 24 horas en las escuelas p\u00fablicas de gesti\u00f3n estatal [&hellip;]<\/p>\n","protected":false},"author":4,"featured_media":90662,"comment_status":"open","ping_status":"open","sticky":false,"template":"","format":"standard","meta":{"site-sidebar-layout":"default","site-content-layout":"","ast-site-content-layout":"default","site-content-style":"default","site-sidebar-style":"default","ast-global-header-display":"","ast-banner-title-visibility":"","ast-main-header-display":"","ast-hfb-above-header-display":"","ast-hfb-below-header-display":"","ast-hfb-mobile-header-display":"","site-post-title":"","ast-breadcrumbs-content":"","ast-featured-img":"","footer-sml-layout":"","ast-disable-related-posts":"","theme-transparent-header-meta":"","adv-header-id-meta":"","stick-header-meta":"","header-above-stick-meta":"","header-main-stick-meta":"","header-below-stick-meta":"","astra-migrate-meta-layouts":"set","ast-page-background-enabled":"default","ast-page-background-meta":{"desktop":{"background-color":"","background-image":"","background-repeat":"repeat","background-position":"center center","background-size":"auto","background-attachment":"scroll","background-type":"","background-media":"","overlay-type":"","overlay-color":"","overlay-opacity":"","overlay-gradient":""},"tablet":{"background-color":"","background-image":"","background-repeat":"repeat","background-position":"center center","background-size":"auto","background-attachment":"scroll","background-type":"","background-media":"","overlay-type":"","overlay-color":"","overlay-opacity":"","overlay-gradient":""},"mobile":{"background-color":"","background-image":"","background-repeat":"repeat","background-position":"center center","background-size":"auto","background-attachment":"scroll","background-type":"","background-media":"","overlay-type":"","overlay-color":"","overlay-opacity":"","overlay-gradient":""}},"ast-content-background-meta":{"desktop":{"background-color":"var(--ast-global-color-5)","background-image":"","background-repeat":"repeat","background-position":"center center","background-size":"auto","background-attachment":"scroll","background-type":"","background-media":"","overlay-type":"","overlay-color":"","overlay-opacity":"","overlay-gradient":""},"tablet":{"background-color":"var(--ast-global-color-5)","background-image":"","background-repeat":"repeat","background-position":"center center","background-size":"auto","background-attachment":"scroll","background-type":"","background-media":"","overlay-type":"","overlay-color":"","overlay-opacity":"","overlay-gradient":""},"mobile":{"background-color":"var(--ast-global-color-5)","background-image":"","background-repeat":"repeat","background-position":"center center","background-size":"auto","background-attachment":"scroll","background-type":"","background-media":"","overlay-type":"","overlay-color":"","overlay-opacity":"","overlay-gradient":""}},"_jetpack_memberships_contains_paid_content":false,"_joinchat":[],"footnotes":""},"categories":[16095,5,2],"tags":[],"class_list":["post-90661","post","type-post","status-publish","format-standard","has-post-thumbnail","hentry","category-provinciales","category-sociedad","category-villa-maria"],"yoast_head":"<!-- This site is optimized with the Yoast SEO plugin v26.8 - https:\/\/yoast.com\/product\/yoast-seo-wordpress\/ -->\n<title>La Asamblea Provincial rechaz\u00f3 la propuesta salarial y lanz\u00f3 un paro por 24 horas - El Regional<\/title>\n<meta name=\"robots\" content=\"index, follow, max-snippet:-1, max-image-preview:large, max-video-preview:-1\" \/>\n<link rel=\"canonical\" href=\"https:\/\/elregionalvm.com.ar\/noticias-villa-maria\/la-asamblea-provincial-rechazo-la-propuesta-salarial-y-lanzo-un-paro-por-24-horas\/\" \/>\n<meta property=\"og:locale\" content=\"es_ES\" \/>\n<meta property=\"og:type\" content=\"article\" \/>\n<meta property=\"og:title\" content=\"La Asamblea Provincial rechaz\u00f3 la propuesta salarial y lanz\u00f3 un paro por 24 horas - El Regional\" \/>\n<meta property=\"og:description\" content=\"La Asamblea Provincial reunida este mi\u00e9rcoles 28 de febrero&nbsp;resolvi\u00f3 por mayor\u00eda rechazar la propuesta salarial realizada por el Poder Ejecutivo Provincial para el trimestre enero, febrero y marzo por considerarla insuficiente.&nbsp; Adem\u00e1s, las y los delegados departamentales definieron las siguientes medidas:&nbsp; &#8211;&nbsp;Convocar a un paro por 24 horas en las escuelas p\u00fablicas de gesti\u00f3n estatal [&hellip;]\" \/>\n<meta property=\"og:url\" content=\"https:\/\/elregionalvm.com.ar\/noticias-villa-maria\/la-asamblea-provincial-rechazo-la-propuesta-salarial-y-lanzo-un-paro-por-24-horas\/\" \/>\n<meta property=\"og:site_name\" content=\"El Regional\" \/>\n<meta property=\"article:publisher\" content=\"https:\/\/www.facebook.com\/elregionalvm\" \/>\n<meta property=\"article:published_time\" content=\"2024-02-28T23:02:55+00:00\" \/>\n<meta property=\"article:modified_time\" content=\"2024-02-29T02:46:32+00:00\" \/>\n<meta property=\"og:image\" content=\"https:\/\/elregionalvm.com.ar\/noticias-villa-maria\/wp-content\/uploads\/2024\/02\/3176-1651-280224-whatsapp-image-2024-02-28-at-163125.jpeg\" \/>\n\t<meta property=\"og:image:width\" content=\"1600\" \/>\n\t<meta property=\"og:image:height\" content=\"900\" \/>\n\t<meta property=\"og:image:type\" content=\"image\/jpeg\" \/>\n<meta name=\"author\" content=\"Contenidos El Regional\" \/>\n<meta name=\"twitter:card\" content=\"summary_large_image\" \/>\n<meta name=\"twitter:creator\" content=\"@elregionalvm1\" \/>\n<meta name=\"twitter:site\" content=\"@elregionalvm1\" \/>\n<meta name=\"twitter:label1\" content=\"Escrito por\" \/>\n\t<meta name=\"twitter:data1\" content=\"Contenidos El Regional\" \/>\n\t<meta name=\"twitter:label2\" content=\"Tiempo de lectura\" \/>\n\t<meta name=\"twitter:data2\" content=\"2 minutos\" \/>\n<script type=\"application\/ld+json\" class=\"yoast-schema-graph\">{\"@context\":\"https:\/\/schema.org\",\"@graph\":[{\"@type\":\"Article\",\"@id\":\"https:\/\/elregionalvm.com.ar\/noticias-villa-maria\/la-asamblea-provincial-rechazo-la-propuesta-salarial-y-lanzo-un-paro-por-24-horas\/#article\",\"isPartOf\":{\"@id\":\"https:\/\/elregionalvm.com.ar\/noticias-villa-maria\/la-asamblea-provincial-rechazo-la-propuesta-salarial-y-lanzo-un-paro-por-24-horas\/\"},\"author\":{\"name\":\"Contenidos El Regional\",\"@id\":\"http:\/\/elregionalvm.com.ar\/noticias-villa-maria\/#\/schema\/person\/a0fb9c422317faca23d50163151bc354\"},\"headline\":\"La Asamblea Provincial rechaz\u00f3 la propuesta salarial y lanz\u00f3 un paro por 24 horas\",\"datePublished\":\"2024-02-28T23:02:55+00:00\",\"dateModified\":\"2024-02-29T02:46:32+00:00\",\"mainEntityOfPage\":{\"@id\":\"https:\/\/elregionalvm.com.ar\/noticias-villa-maria\/la-asamblea-provincial-rechazo-la-propuesta-salarial-y-lanzo-un-paro-por-24-horas\/\"},\"wordCount\":384,\"commentCount\":0,\"image\":{\"@id\":\"https:\/\/elregionalvm.com.ar\/noticias-villa-maria\/la-asamblea-provincial-rechazo-la-propuesta-salarial-y-lanzo-un-paro-por-24-horas\/#primaryimage\"},\"thumbnailUrl\":\"https:\/\/i0.wp.com\/elregionalvm.com.ar\/noticias-villa-maria\/wp-content\/uploads\/2024\/02\/3176-1651-280224-whatsapp-image-2024-02-28-at-163125.jpeg?fit=1600%2C900&ssl=1\",\"articleSection\":[\"Provinciales\",\"Sociedad\",\"Villa Mar\u00eda\"],\"inLanguage\":\"es\",\"potentialAction\":[{\"@type\":\"CommentAction\",\"name\":\"Comment\",\"target\":[\"https:\/\/elregionalvm.com.ar\/noticias-villa-maria\/la-asamblea-provincial-rechazo-la-propuesta-salarial-y-lanzo-un-paro-por-24-horas\/#respond\"]}]},{\"@type\":\"WebPage\",\"@id\":\"https:\/\/elregionalvm.com.ar\/noticias-villa-maria\/la-asamblea-provincial-rechazo-la-propuesta-salarial-y-lanzo-un-paro-por-24-horas\/\",\"url\":\"https:\/\/elregionalvm.com.ar\/noticias-villa-maria\/la-asamblea-provincial-rechazo-la-propuesta-salarial-y-lanzo-un-paro-por-24-horas\/\",\"name\":\"La Asamblea Provincial rechaz\u00f3 la propuesta salarial y lanz\u00f3 un paro por 24 horas - El Regional\",\"isPartOf\":{\"@id\":\"http:\/\/elregionalvm.com.ar\/noticias-villa-maria\/#website\"},\"primaryImageOfPage\":{\"@id\":\"https:\/\/elregionalvm.com.ar\/noticias-villa-maria\/la-asamblea-provincial-rechazo-la-propuesta-salarial-y-lanzo-un-paro-por-24-horas\/#primaryimage\"},\"image\":{\"@id\":\"https:\/\/elregionalvm.com.ar\/noticias-villa-maria\/la-asamblea-provincial-rechazo-la-propuesta-salarial-y-lanzo-un-paro-por-24-horas\/#primaryimage\"},\"thumbnailUrl\":\"https:\/\/i0.wp.com\/elregionalvm.com.ar\/noticias-villa-maria\/wp-content\/uploads\/2024\/02\/3176-1651-280224-whatsapp-image-2024-02-28-at-163125.jpeg?fit=1600%2C900&ssl=1\",\"datePublished\":\"2024-02-28T23:02:55+00:00\",\"dateModified\":\"2024-02-29T02:46:32+00:00\",\"author\":{\"@id\":\"http:\/\/elregionalvm.com.ar\/noticias-villa-maria\/#\/schema\/person\/a0fb9c422317faca23d50163151bc354\"},\"breadcrumb\":{\"@id\":\"https:\/\/elregionalvm.com.ar\/noticias-villa-maria\/la-asamblea-provincial-rechazo-la-propuesta-salarial-y-lanzo-un-paro-por-24-horas\/#breadcrumb\"},\"inLanguage\":\"es\",\"potentialAction\":[{\"@type\":\"ReadAction\",\"target\":[\"https:\/\/elregionalvm.com.ar\/noticias-villa-maria\/la-asamblea-provincial-rechazo-la-propuesta-salarial-y-lanzo-un-paro-por-24-horas\/\"]}]},{\"@type\":\"ImageObject\",\"inLanguage\":\"es\",\"@id\":\"https:\/\/elregionalvm.com.ar\/noticias-villa-maria\/la-asamblea-provincial-rechazo-la-propuesta-salarial-y-lanzo-un-paro-por-24-horas\/#primaryimage\",\"url\":\"https:\/\/i0.wp.com\/elregionalvm.com.ar\/noticias-villa-maria\/wp-content\/uploads\/2024\/02\/3176-1651-280224-whatsapp-image-2024-02-28-at-163125.jpeg?fit=1600%2C900&ssl=1\",\"contentUrl\":\"https:\/\/i0.wp.com\/elregionalvm.com.ar\/noticias-villa-maria\/wp-content\/uploads\/2024\/02\/3176-1651-280224-whatsapp-image-2024-02-28-at-163125.jpeg?fit=1600%2C900&ssl=1\",\"width\":1600,\"height\":900},{\"@type\":\"BreadcrumbList\",\"@id\":\"https:\/\/elregionalvm.com.ar\/noticias-villa-maria\/la-asamblea-provincial-rechazo-la-propuesta-salarial-y-lanzo-un-paro-por-24-horas\/#breadcrumb\",\"itemListElement\":[{\"@type\":\"ListItem\",\"position\":1,\"name\":\"Portada\",\"item\":\"https:\/\/elregionalvm.com.ar\/noticias-villa-maria\/\"},{\"@type\":\"ListItem\",\"position\":2,\"name\":\"La Asamblea Provincial rechaz\u00f3 la propuesta salarial y lanz\u00f3 un paro por 24 horas\"}]},{\"@type\":\"WebSite\",\"@id\":\"http:\/\/elregionalvm.com.ar\/noticias-villa-maria\/#website\",\"url\":\"http:\/\/elregionalvm.com.ar\/noticias-villa-maria\/\",\"name\":\"El Regional\",\"description\":\"Mucho m\u00e1s que informaci\u00f3n\",\"potentialAction\":[{\"@type\":\"SearchAction\",\"target\":{\"@type\":\"EntryPoint\",\"urlTemplate\":\"http:\/\/elregionalvm.com.ar\/noticias-villa-maria\/?s={search_term_string}\"},\"query-input\":{\"@type\":\"PropertyValueSpecification\",\"valueRequired\":true,\"valueName\":\"search_term_string\"}}],\"inLanguage\":\"es\"},{\"@type\":\"Person\",\"@id\":\"http:\/\/elregionalvm.com.ar\/noticias-villa-maria\/#\/schema\/person\/a0fb9c422317faca23d50163151bc354\",\"name\":\"Contenidos El Regional\",\"image\":{\"@type\":\"ImageObject\",\"inLanguage\":\"es\",\"@id\":\"http:\/\/elregionalvm.com.ar\/noticias-villa-maria\/#\/schema\/person\/image\/\",\"url\":\"https:\/\/secure.gravatar.com\/avatar\/265b27cb2209af7bb3a1318f03305787d7981a5cc6e6cd08fe5a4ecdf99d4b48?s=96&d=mm&r=g\",\"contentUrl\":\"https:\/\/secure.gravatar.com\/avatar\/265b27cb2209af7bb3a1318f03305787d7981a5cc6e6cd08fe5a4ecdf99d4b48?s=96&d=mm&r=g\",\"caption\":\"Contenidos El Regional\"},\"url\":\"https:\/\/elregionalvm.com.ar\/noticias-villa-maria\/author\/contenido\/\"}]}<\/script>\n<!-- \/ Yoast SEO plugin. -->","yoast_head_json":{"title":"La Asamblea Provincial rechaz\u00f3 la propuesta salarial y lanz\u00f3 un paro por 24 horas - El Regional","robots":{"index":"index","follow":"follow","max-snippet":"max-snippet:-1","max-image-preview":"max-image-preview:large","max-video-preview":"max-video-preview:-1"},"canonical":"https:\/\/elregionalvm.com.ar\/noticias-villa-maria\/la-asamblea-provincial-rechazo-la-propuesta-salarial-y-lanzo-un-paro-por-24-horas\/","og_locale":"es_ES","og_type":"article","og_title":"La Asamblea Provincial rechaz\u00f3 la propuesta salarial y lanz\u00f3 un paro por 24 horas - El Regional","og_description":"La Asamblea Provincial reunida este mi\u00e9rcoles 28 de febrero&nbsp;resolvi\u00f3 por mayor\u00eda rechazar la propuesta salarial realizada por el Poder Ejecutivo Provincial para el trimestre enero, febrero y marzo por considerarla insuficiente.&nbsp; Adem\u00e1s, las y los delegados departamentales definieron las siguientes medidas:&nbsp; &#8211;&nbsp;Convocar a un paro por 24 horas en las escuelas p\u00fablicas de gesti\u00f3n estatal [&hellip;]","og_url":"https:\/\/elregionalvm.com.ar\/noticias-villa-maria\/la-asamblea-provincial-rechazo-la-propuesta-salarial-y-lanzo-un-paro-por-24-horas\/","og_site_name":"El Regional","article_publisher":"https:\/\/www.facebook.com\/elregionalvm","article_published_time":"2024-02-28T23:02:55+00:00","article_modified_time":"2024-02-29T02:46:32+00:00","og_image":[{"width":1600,"height":900,"url":"https:\/\/elregionalvm.com.ar\/noticias-villa-maria\/wp-content\/uploads\/2024\/02\/3176-1651-280224-whatsapp-image-2024-02-28-at-163125.jpeg","type":"image\/jpeg"}],"author":"Contenidos El Regional","twitter_card":"summary_large_image","twitter_creator":"@elregionalvm1","twitter_site":"@elregionalvm1","twitter_misc":{"Escrito por":"Contenidos El Regional","Tiempo de lectura":"2 minutos"},"schema":{"@context":"https:\/\/schema.org","@graph":[{"@type":"Article","@id":"https:\/\/elregionalvm.com.ar\/noticias-villa-maria\/la-asamblea-provincial-rechazo-la-propuesta-salarial-y-lanzo-un-paro-por-24-horas\/#article","isPartOf":{"@id":"https:\/\/elregionalvm.com.ar\/noticias-villa-maria\/la-asamblea-provincial-rechazo-la-propuesta-salarial-y-lanzo-un-paro-por-24-horas\/"},"author":{"name":"Contenidos El Regional","@id":"http:\/\/elregionalvm.com.ar\/noticias-villa-maria\/#\/schema\/person\/a0fb9c422317faca23d50163151bc354"},"headline":"La Asamblea Provincial rechaz\u00f3 la propuesta salarial y lanz\u00f3 un paro por 24 horas","datePublished":"2024-02-28T23:02:55+00:00","dateModified":"2024-02-29T02:46:32+00:00","mainEntityOfPage":{"@id":"https:\/\/elregionalvm.com.ar\/noticias-villa-maria\/la-asamblea-provincial-rechazo-la-propuesta-salarial-y-lanzo-un-paro-por-24-horas\/"},"wordCount":384,"commentCount":0,"image":{"@id":"https:\/\/elregionalvm.com.ar\/noticias-villa-maria\/la-asamblea-provincial-rechazo-la-propuesta-salarial-y-lanzo-un-paro-por-24-horas\/#primaryimage"},"thumbnailUrl":"https:\/\/i0.wp.com\/elregionalvm.com.ar\/noticias-villa-maria\/wp-content\/uploads\/2024\/02\/3176-1651-280224-whatsapp-image-2024-02-28-at-163125.jpeg?fit=1600%2C900&ssl=1","articleSection":["Provinciales","Sociedad","Villa Mar\u00eda"],"inLanguage":"es","potentialAction":[{"@type":"CommentAction","name":"Comment","target":["https:\/\/elregionalvm.com.ar\/noticias-villa-maria\/la-asamblea-provincial-rechazo-la-propuesta-salarial-y-lanzo-un-paro-por-24-horas\/#respond"]}]},{"@type":"WebPage","@id":"https:\/\/elregionalvm.com.ar\/noticias-villa-maria\/la-asamblea-provincial-rechazo-la-propuesta-salarial-y-lanzo-un-paro-por-24-horas\/","url":"https:\/\/elregionalvm.com.ar\/noticias-villa-maria\/la-asamblea-provincial-rechazo-la-propuesta-salarial-y-lanzo-un-paro-por-24-horas\/","name":"La Asamblea Provincial rechaz\u00f3 la propuesta salarial y lanz\u00f3 un paro por 24 horas - El Regional","isPartOf":{"@id":"http:\/\/elregionalvm.com.ar\/noticias-villa-maria\/#website"},"primaryImageOfPage":{"@id":"https:\/\/elregionalvm.com.ar\/noticias-villa-maria\/la-asamblea-provincial-rechazo-la-propuesta-salarial-y-lanzo-un-paro-por-24-horas\/#primaryimage"},"image":{"@id":"https:\/\/elregionalvm.com.ar\/noticias-villa-maria\/la-asamblea-provincial-rechazo-la-propuesta-salarial-y-lanzo-un-paro-por-24-horas\/#primaryimage"},"thumbnailUrl":"https:\/\/i0.wp.com\/elregionalvm.com.ar\/noticias-villa-maria\/wp-content\/uploads\/2024\/02\/3176-1651-280224-whatsapp-image-2024-02-28-at-163125.jpeg?fit=1600%2C900&ssl=1","datePublished":"2024-02-28T23:02:55+00:00","dateModified":"2024-02-29T02:46:32+00:00","author":{"@id":"http:\/\/elregionalvm.com.ar\/noticias-villa-maria\/#\/schema\/person\/a0fb9c422317faca23d50163151bc354"},"breadcrumb":{"@id":"https:\/\/elregionalvm.com.ar\/noticias-villa-maria\/la-asamblea-provincial-rechazo-la-propuesta-salarial-y-lanzo-un-paro-por-24-horas\/#breadcrumb"},"inLanguage":"es","potentialAction":[{"@type":"ReadAction","target":["https:\/\/elregionalvm.com.ar\/noticias-villa-maria\/la-asamblea-provincial-rechazo-la-propuesta-salarial-y-lanzo-un-paro-por-24-horas\/"]}]},{"@type":"ImageObject","inLanguage":"es","@id":"https:\/\/elregionalvm.com.ar\/noticias-villa-maria\/la-asamblea-provincial-rechazo-la-propuesta-salarial-y-lanzo-un-paro-por-24-horas\/#primaryimage","url":"https:\/\/i0.wp.com\/elregionalvm.com.ar\/noticias-villa-maria\/wp-content\/uploads\/2024\/02\/3176-1651-280224-whatsapp-image-2024-02-28-at-163125.jpeg?fit=1600%2C900&ssl=1","contentUrl":"https:\/\/i0.wp.com\/elregionalvm.com.ar\/noticias-villa-maria\/wp-content\/uploads\/2024\/02\/3176-1651-280224-whatsapp-image-2024-02-28-at-163125.jpeg?fit=1600%2C900&ssl=1","width":1600,"height":900},{"@type":"BreadcrumbList","@id":"https:\/\/elregionalvm.com.ar\/noticias-villa-maria\/la-asamblea-provincial-rechazo-la-propuesta-salarial-y-lanzo-un-paro-por-24-horas\/#breadcrumb","itemListElement":[{"@type":"ListItem","position":1,"name":"Portada","item":"https:\/\/elregionalvm.com.ar\/noticias-villa-maria\/"},{"@type":"ListItem","position":2,"name":"La Asamblea Provincial rechaz\u00f3 la propuesta salarial y lanz\u00f3 un paro por 24 horas"}]},{"@type":"WebSite","@id":"http:\/\/elregionalvm.com.ar\/noticias-villa-maria\/#website","url":"http:\/\/elregionalvm.com.ar\/noticias-villa-maria\/","name":"El Regional","description":"Mucho m\u00e1s que informaci\u00f3n","potentialAction":[{"@type":"SearchAction","target":{"@type":"EntryPoint","urlTemplate":"http:\/\/elregionalvm.com.ar\/noticias-villa-maria\/?s={search_term_string}"},"query-input":{"@type":"PropertyValueSpecification","valueRequired":true,"valueName":"search_term_string"}}],"inLanguage":"es"},{"@type":"Person","@id":"http:\/\/elregionalvm.com.ar\/noticias-villa-maria\/#\/schema\/person\/a0fb9c422317faca23d50163151bc354","name":"Contenidos El Regional","image":{"@type":"ImageObject","inLanguage":"es","@id":"http:\/\/elregionalvm.com.ar\/noticias-villa-maria\/#\/schema\/person\/image\/","url":"https:\/\/secure.gravatar.com\/avatar\/265b27cb2209af7bb3a1318f03305787d7981a5cc6e6cd08fe5a4ecdf99d4b48?s=96&d=mm&r=g","contentUrl":"https:\/\/secure.gravatar.com\/avatar\/265b27cb2209af7bb3a1318f03305787d7981a5cc6e6cd08fe5a4ecdf99d4b48?s=96&d=mm&r=g","caption":"Contenidos El Regional"},"url":"https:\/\/elregionalvm.com.ar\/noticias-villa-maria\/author\/contenido\/"}]}},"jetpack_featured_media_url":"https:\/\/i0.wp.com\/elregionalvm.com.ar\/noticias-villa-maria\/wp-content\/uploads\/2024\/02\/3176-1651-280224-whatsapp-image-2024-02-28-at-163125.jpeg?fit=1600%2C900&ssl=1","jetpack_sharing_enabled":true,"_links":{"self":[{"href":"https:\/\/elregionalvm.com.ar\/noticias-villa-maria\/wp-json\/wp\/v2\/posts\/90661","targetHints":{"allow":["GET"]}}],"collection":[{"href":"https:\/\/elregionalvm.com.ar\/noticias-villa-maria\/wp-json\/wp\/v2\/posts"}],"about":[{"href":"https:\/\/elregionalvm.com.ar\/noticias-villa-maria\/wp-json\/wp\/v2\/types\/post"}],"author":[{"embeddable":true,"href":"https:\/\/elregionalvm.com.ar\/noticias-villa-maria\/wp-json\/wp\/v2\/users\/4"}],"replies":[{"embeddable":true,"href":"https:\/\/elregionalvm.com.ar\/noticias-villa-maria\/wp-json\/wp\/v2\/comments?post=90661"}],"version-history":[{"count":1,"href":"https:\/\/elregionalvm.com.ar\/noticias-villa-maria\/wp-json\/wp\/v2\/posts\/90661\/revisions"}],"predecessor-version":[{"id":90663,"href":"https:\/\/elregionalvm.com.ar\/noticias-villa-maria\/wp-json\/wp\/v2\/posts\/90661\/revisions\/90663"}],"wp:featuredmedia":[{"embeddable":true,"href":"https:\/\/elregionalvm.com.ar\/noticias-villa-maria\/wp-json\/wp\/v2\/media\/90662"}],"wp:attachment":[{"href":"https:\/\/elregionalvm.com.ar\/noticias-villa-maria\/wp-json\/wp\/v2\/media?parent=90661"}],"wp:term":[{"taxonomy":"category","embeddable":true,"href":"https:\/\/elregionalvm.com.ar\/noticias-villa-maria\/wp-json\/wp\/v2\/categories?post=90661"},{"taxonomy":"post_tag","embeddable":true,"href":"https:\/\/elregionalvm.com.ar\/noticias-villa-maria\/wp-json\/wp\/v2\/tags?post=90661"}],"curies":[{"name":"wp","href":"https:\/\/api.w.org\/{rel}","templated":true}]}}