{"id":90703,"date":"2024-02-29T22:44:33","date_gmt":"2024-02-29T22:44:33","guid":{"rendered":"https:\/\/elregionalvm.com.ar\/noticias-villa-maria\/?p=90703"},"modified":"2024-02-29T22:44:35","modified_gmt":"2024-02-29T22:44:35","slug":"aerca-y-el-cluster-de-impulso-tecnologico-realizran-la-primera-ronda-de-negocios","status":"publish","type":"post","link":"https:\/\/elregionalvm.com.ar\/noticias-villa-maria\/aerca-y-el-cluster-de-impulso-tecnologico-realizran-la-primera-ronda-de-negocios\/","title":{"rendered":"AERCA y el Cl\u00faster de Impulso Tecnol\u00f3gico realizr\u00e1n la primera ronda de negocios"},"content":{"rendered":"\n<p>La jornada se llevar\u00e1 a cabo en las instalaciones de la asociaci\u00f3n el 21 de marzo y estar\u00e1 destinada a industrias y comercios (mayoristas y minoristas) socios de la gremial empresaria. La oferta estar\u00e1 compuesta por los diferentes servicios que brindan las firmas que integran el CIT.<\/p>\n\n\n\n<p>El jueves 21 de marzo tendr\u00e1 lugar la primera ronda de negocios Soluciones Tecnol\u00f3gicas Villa Mar\u00eda 2024 impulsada por la Asociaci\u00f3n de Empresarios Regi\u00f3n Centro Argentino (AERCA) y el Cluster de Impulso Tecnol\u00f3gico (CIT) Villa Mar\u00eda. El evento tiene por objetivo impulsar intercambios comerciales de soluciones tecnol\u00f3gicas que permiten a las industrias y comercios mejorar su desempe\u00f1o y competitividad a trav\u00e9s de la innovaci\u00f3n y transformaci\u00f3n digital en sus modelos de negocios.<\/p>\n\n\n\n<p>La ronda de negocios est\u00e1 destinada, exclusivamente, a socios de AERCA que est\u00e9n interesados en incorporar soluciones tecnol\u00f3gicas ofrecidas por las diferentes empresas miembro del CIT, dentro de ellas se encuentran: sitios web; e-commerce\/tiendas online; softwares de gesti\u00f3n; automatizaci\u00f3n y soluciones IT; dise\u00f1o gr\u00e1fico, dise\u00f1o de marca y publicidad; marketing digital\/redes sociales; inteligencia de negocios; digitalizaci\u00f3n; herramientas de WhatsApp; trazabilidad; seguimiento satelital de veh\u00edculos; impresoras\/impresi\u00f3n 3D; realidad virtual y realidad aumentada para seguridad industrial. La actividad se desarrollar\u00e1 de 9:00 a 16:00 y no tendr\u00e1 costo para quienes participen.<\/p>\n\n\n\n<p>Las industrias y comercios interesados deber\u00e1n registrarse mediante un link de inscripci\u00f3n, donde detallar\u00e1n su perfil y demanda. A partir de la informaci\u00f3n brindada, ambas instituciones organizadoras har\u00e1n el matcheo entre la demanda y la oferta disponible. Luego, proceder\u00e1n a comunicarse con la industria o comercio interesado para confirmar su participaci\u00f3n en la ronda.<\/p>\n\n\n\n<p>La modalidad del evento consistir\u00e1 en reuniones B2B con una duraci\u00f3n aproximada de entre 20 y 30 minutos. El martes 19 de marzo se har\u00e1 env\u00edo de las agendas de reuniones, en las cuales se indican los horarios de reuniones y las contrapartes.<\/p>\n\n\n\n<p>Sobre la primera ronda de negocios, la secretaria general de la entidad gremial, Carolina Benito, afirm\u00f3: \u201cDesde AERCA, estamos apostando a generar espacios que impulsen el desarrollo de nuestros socios. <\/p>\n\n\n\n<p>\u00abEn este caso particular, la Ronda de Negocios es una herramienta que permite la vinculaci\u00f3n comercial y el acceso a servicios especializados, y hasta personalizados en funci\u00f3n a las demandas espec\u00edficas. Es una gran oportunidad para que peque\u00f1as y medianas empresas incorporen soluciones tecnol\u00f3gicas en sus empresas\u201d.<\/p>\n\n\n\n<p>Por su parte, el presidente del CIT, Marcos Vega, asegur\u00f3: \u201cDesde el Cl\u00faster de Impulso Tecnol\u00f3gico creemos que articular entre todos los actores de la sociedad es vital para el desarrollo de nuestra actividad. Es por esta raz\u00f3n que en esta ocasi\u00f3n queremos conectarnos con empresas de la regi\u00f3n, para contarles las capacidades que tenemos y las soluciones que podemos brindarles. <\/p>\n\n\n\n<p>Hoy por hoy, los asociados del Cl\u00faster cubren pr\u00e1cticamente todas las verticales tecnol\u00f3gicas de los servicios basados en conocimientos. Colaborar para divulgar qu\u00e9 hacemos, orgullosamente desde Villa Mar\u00eda, es una actividad que debemos potenciar. <\/p>\n\n\n\n<p>Hoy con la tecnolog\u00eda las barreras geogr\u00e1ficas se desdibujan, tenemos asociados brindando soluciones para otras latitudes y a veces no se conoce el trabajo de primer nivel que realizamos desde aqu\u00ed\u201d.<\/p>\n\n\n\n<p>Y agreg\u00f3: \u201cQuiero adem\u00e1s dejar una reflexi\u00f3n: hoy la tecnolog\u00eda atraviesa transversalmente todas las actividades de cualquier rubro, estamos convencidos de que podemos, mediante la vinculaci\u00f3n, potenciarnos por un pa\u00eds m\u00e1s competitivo.\u00bb<\/p>\n\n\n\n<p>Detalle sobre la oferta de la ronda: https:\/\/bit.ly\/49y8oya<\/p>\n","protected":false},"excerpt":{"rendered":"<p>La jornada se llevar\u00e1 a cabo en las instalaciones de la asociaci\u00f3n el 21 de marzo y estar\u00e1 destinada a industrias y comercios (mayoristas y minoristas) socios de la gremial empresaria. La oferta estar\u00e1 compuesta por los diferentes servicios que brindan las firmas que integran el CIT. El jueves 21 de marzo tendr\u00e1 lugar la [&hellip;]<\/p>\n","protected":false},"author":4,"featured_media":90704,"comment_status":"open","ping_status":"open","sticky":false,"template":"","format":"standard","meta":{"site-sidebar-layout":"default","site-content-layout":"","ast-site-content-layout":"default","site-content-style":"default","site-sidebar-style":"default","ast-global-header-display":"","ast-banner-title-visibility":"","ast-main-header-display":"","ast-hfb-above-header-display":"","ast-hfb-below-header-display":"","ast-hfb-mobile-header-display":"","site-post-title":"","ast-breadcrumbs-content":"","ast-featured-img":"","footer-sml-layout":"","ast-disable-related-posts":"","theme-transparent-header-meta":"","adv-header-id-meta":"","stick-header-meta":"","header-above-stick-meta":"","header-main-stick-meta":"","header-below-stick-meta":"","astra-migrate-meta-layouts":"set","ast-page-background-enabled":"default","ast-page-background-meta":{"desktop":{"background-color":"","background-image":"","background-repeat":"repeat","background-position":"center center","background-size":"auto","background-attachment":"scroll","background-type":"","background-media":"","overlay-type":"","overlay-color":"","overlay-opacity":"","overlay-gradient":""},"tablet":{"background-color":"","background-image":"","background-repeat":"repeat","background-position":"center center","background-size":"auto","background-attachment":"scroll","background-type":"","background-media":"","overlay-type":"","overlay-color":"","overlay-opacity":"","overlay-gradient":""},"mobile":{"background-color":"","background-image":"","background-repeat":"repeat","background-position":"center center","background-size":"auto","background-attachment":"scroll","background-type":"","background-media":"","overlay-type":"","overlay-color":"","overlay-opacity":"","overlay-gradient":""}},"ast-content-background-meta":{"desktop":{"background-color":"var(--ast-global-color-5)","background-image":"","background-repeat":"repeat","background-position":"center center","background-size":"auto","background-attachment":"scroll","background-type":"","background-media":"","overlay-type":"","overlay-color":"","overlay-opacity":"","overlay-gradient":""},"tablet":{"background-color":"var(--ast-global-color-5)","background-image":"","background-repeat":"repeat","background-position":"center center","background-size":"auto","background-attachment":"scroll","background-type":"","background-media":"","overlay-type":"","overlay-color":"","overlay-opacity":"","overlay-gradient":""},"mobile":{"background-color":"var(--ast-global-color-5)","background-image":"","background-repeat":"repeat","background-position":"center center","background-size":"auto","background-attachment":"scroll","background-type":"","background-media":"","overlay-type":"","overlay-color":"","overlay-opacity":"","overlay-gradient":""}},"_jetpack_memberships_contains_paid_content":false,"_joinchat":[],"footnotes":""},"categories":[15302,5,2],"tags":[],"class_list":["post-90703","post","type-post","status-publish","format-standard","has-post-thumbnail","hentry","category-destacado","category-sociedad","category-villa-maria"],"yoast_head":"<!-- This site is optimized with the Yoast SEO plugin v26.8 - https:\/\/yoast.com\/product\/yoast-seo-wordpress\/ -->\n<title>AERCA y el Cl\u00faster de Impulso Tecnol\u00f3gico realizr\u00e1n la primera ronda de negocios - El Regional<\/title>\n<meta name=\"robots\" content=\"index, follow, max-snippet:-1, max-image-preview:large, max-video-preview:-1\" \/>\n<link rel=\"canonical\" href=\"https:\/\/elregionalvm.com.ar\/noticias-villa-maria\/aerca-y-el-cluster-de-impulso-tecnologico-realizran-la-primera-ronda-de-negocios\/\" \/>\n<meta property=\"og:locale\" content=\"es_ES\" \/>\n<meta property=\"og:type\" content=\"article\" \/>\n<meta property=\"og:title\" content=\"AERCA y el Cl\u00faster de Impulso Tecnol\u00f3gico realizr\u00e1n la primera ronda de negocios - El Regional\" \/>\n<meta property=\"og:description\" content=\"La jornada se llevar\u00e1 a cabo en las instalaciones de la asociaci\u00f3n el 21 de marzo y estar\u00e1 destinada a industrias y comercios (mayoristas y minoristas) socios de la gremial empresaria. La oferta estar\u00e1 compuesta por los diferentes servicios que brindan las firmas que integran el CIT. El jueves 21 de marzo tendr\u00e1 lugar la [&hellip;]\" \/>\n<meta property=\"og:url\" content=\"https:\/\/elregionalvm.com.ar\/noticias-villa-maria\/aerca-y-el-cluster-de-impulso-tecnologico-realizran-la-primera-ronda-de-negocios\/\" \/>\n<meta property=\"og:site_name\" content=\"El Regional\" \/>\n<meta property=\"article:publisher\" content=\"https:\/\/www.facebook.com\/elregionalvm\" \/>\n<meta property=\"article:published_time\" content=\"2024-02-29T22:44:33+00:00\" \/>\n<meta property=\"article:modified_time\" content=\"2024-02-29T22:44:35+00:00\" \/>\n<meta property=\"og:image\" content=\"https:\/\/elregionalvm.com.ar\/noticias-villa-maria\/wp-content\/uploads\/2024\/02\/WhatsApp-Image-2024-02-29-at-12.31.12-PM.jpeg\" \/>\n\t<meta property=\"og:image:width\" content=\"1080\" \/>\n\t<meta property=\"og:image:height\" content=\"1080\" \/>\n\t<meta property=\"og:image:type\" content=\"image\/jpeg\" \/>\n<meta name=\"author\" content=\"Contenidos El Regional\" \/>\n<meta name=\"twitter:card\" content=\"summary_large_image\" \/>\n<meta name=\"twitter:creator\" content=\"@elregionalvm1\" \/>\n<meta name=\"twitter:site\" content=\"@elregionalvm1\" \/>\n<meta name=\"twitter:label1\" content=\"Escrito por\" \/>\n\t<meta name=\"twitter:data1\" content=\"Contenidos El Regional\" \/>\n\t<meta name=\"twitter:label2\" content=\"Tiempo de lectura\" \/>\n\t<meta name=\"twitter:data2\" content=\"3 minutos\" \/>\n<script type=\"application\/ld+json\" class=\"yoast-schema-graph\">{\"@context\":\"https:\/\/schema.org\",\"@graph\":[{\"@type\":\"Article\",\"@id\":\"https:\/\/elregionalvm.com.ar\/noticias-villa-maria\/aerca-y-el-cluster-de-impulso-tecnologico-realizran-la-primera-ronda-de-negocios\/#article\",\"isPartOf\":{\"@id\":\"https:\/\/elregionalvm.com.ar\/noticias-villa-maria\/aerca-y-el-cluster-de-impulso-tecnologico-realizran-la-primera-ronda-de-negocios\/\"},\"author\":{\"name\":\"Contenidos El Regional\",\"@id\":\"http:\/\/elregionalvm.com.ar\/noticias-villa-maria\/#\/schema\/person\/a0fb9c422317faca23d50163151bc354\"},\"headline\":\"AERCA y el Cl\u00faster de Impulso Tecnol\u00f3gico realizr\u00e1n la primera ronda de negocios\",\"datePublished\":\"2024-02-29T22:44:33+00:00\",\"dateModified\":\"2024-02-29T22:44:35+00:00\",\"mainEntityOfPage\":{\"@id\":\"https:\/\/elregionalvm.com.ar\/noticias-villa-maria\/aerca-y-el-cluster-de-impulso-tecnologico-realizran-la-primera-ronda-de-negocios\/\"},\"wordCount\":617,\"commentCount\":0,\"image\":{\"@id\":\"https:\/\/elregionalvm.com.ar\/noticias-villa-maria\/aerca-y-el-cluster-de-impulso-tecnologico-realizran-la-primera-ronda-de-negocios\/#primaryimage\"},\"thumbnailUrl\":\"https:\/\/i0.wp.com\/elregionalvm.com.ar\/noticias-villa-maria\/wp-content\/uploads\/2024\/02\/WhatsApp-Image-2024-02-29-at-12.31.12-PM.jpeg?fit=1080%2C1080&ssl=1\",\"articleSection\":[\"destacado\",\"Sociedad\",\"Villa Mar\u00eda\"],\"inLanguage\":\"es\",\"potentialAction\":[{\"@type\":\"CommentAction\",\"name\":\"Comment\",\"target\":[\"https:\/\/elregionalvm.com.ar\/noticias-villa-maria\/aerca-y-el-cluster-de-impulso-tecnologico-realizran-la-primera-ronda-de-negocios\/#respond\"]}]},{\"@type\":\"WebPage\",\"@id\":\"https:\/\/elregionalvm.com.ar\/noticias-villa-maria\/aerca-y-el-cluster-de-impulso-tecnologico-realizran-la-primera-ronda-de-negocios\/\",\"url\":\"https:\/\/elregionalvm.com.ar\/noticias-villa-maria\/aerca-y-el-cluster-de-impulso-tecnologico-realizran-la-primera-ronda-de-negocios\/\",\"name\":\"AERCA y el Cl\u00faster de Impulso Tecnol\u00f3gico realizr\u00e1n la primera ronda de negocios - El Regional\",\"isPartOf\":{\"@id\":\"http:\/\/elregionalvm.com.ar\/noticias-villa-maria\/#website\"},\"primaryImageOfPage\":{\"@id\":\"https:\/\/elregionalvm.com.ar\/noticias-villa-maria\/aerca-y-el-cluster-de-impulso-tecnologico-realizran-la-primera-ronda-de-negocios\/#primaryimage\"},\"image\":{\"@id\":\"https:\/\/elregionalvm.com.ar\/noticias-villa-maria\/aerca-y-el-cluster-de-impulso-tecnologico-realizran-la-primera-ronda-de-negocios\/#primaryimage\"},\"thumbnailUrl\":\"https:\/\/i0.wp.com\/elregionalvm.com.ar\/noticias-villa-maria\/wp-content\/uploads\/2024\/02\/WhatsApp-Image-2024-02-29-at-12.31.12-PM.jpeg?fit=1080%2C1080&ssl=1\",\"datePublished\":\"2024-02-29T22:44:33+00:00\",\"dateModified\":\"2024-02-29T22:44:35+00:00\",\"author\":{\"@id\":\"http:\/\/elregionalvm.com.ar\/noticias-villa-maria\/#\/schema\/person\/a0fb9c422317faca23d50163151bc354\"},\"breadcrumb\":{\"@id\":\"https:\/\/elregionalvm.com.ar\/noticias-villa-maria\/aerca-y-el-cluster-de-impulso-tecnologico-realizran-la-primera-ronda-de-negocios\/#breadcrumb\"},\"inLanguage\":\"es\",\"potentialAction\":[{\"@type\":\"ReadAction\",\"target\":[\"https:\/\/elregionalvm.com.ar\/noticias-villa-maria\/aerca-y-el-cluster-de-impulso-tecnologico-realizran-la-primera-ronda-de-negocios\/\"]}]},{\"@type\":\"ImageObject\",\"inLanguage\":\"es\",\"@id\":\"https:\/\/elregionalvm.com.ar\/noticias-villa-maria\/aerca-y-el-cluster-de-impulso-tecnologico-realizran-la-primera-ronda-de-negocios\/#primaryimage\",\"url\":\"https:\/\/i0.wp.com\/elregionalvm.com.ar\/noticias-villa-maria\/wp-content\/uploads\/2024\/02\/WhatsApp-Image-2024-02-29-at-12.31.12-PM.jpeg?fit=1080%2C1080&ssl=1\",\"contentUrl\":\"https:\/\/i0.wp.com\/elregionalvm.com.ar\/noticias-villa-maria\/wp-content\/uploads\/2024\/02\/WhatsApp-Image-2024-02-29-at-12.31.12-PM.jpeg?fit=1080%2C1080&ssl=1\",\"width\":1080,\"height\":1080},{\"@type\":\"BreadcrumbList\",\"@id\":\"https:\/\/elregionalvm.com.ar\/noticias-villa-maria\/aerca-y-el-cluster-de-impulso-tecnologico-realizran-la-primera-ronda-de-negocios\/#breadcrumb\",\"itemListElement\":[{\"@type\":\"ListItem\",\"position\":1,\"name\":\"Portada\",\"item\":\"https:\/\/elregionalvm.com.ar\/noticias-villa-maria\/\"},{\"@type\":\"ListItem\",\"position\":2,\"name\":\"AERCA y el Cl\u00faster de Impulso Tecnol\u00f3gico realizr\u00e1n la primera ronda de negocios\"}]},{\"@type\":\"WebSite\",\"@id\":\"http:\/\/elregionalvm.com.ar\/noticias-villa-maria\/#website\",\"url\":\"http:\/\/elregionalvm.com.ar\/noticias-villa-maria\/\",\"name\":\"El Regional\",\"description\":\"Mucho m\u00e1s que informaci\u00f3n\",\"potentialAction\":[{\"@type\":\"SearchAction\",\"target\":{\"@type\":\"EntryPoint\",\"urlTemplate\":\"http:\/\/elregionalvm.com.ar\/noticias-villa-maria\/?s={search_term_string}\"},\"query-input\":{\"@type\":\"PropertyValueSpecification\",\"valueRequired\":true,\"valueName\":\"search_term_string\"}}],\"inLanguage\":\"es\"},{\"@type\":\"Person\",\"@id\":\"http:\/\/elregionalvm.com.ar\/noticias-villa-maria\/#\/schema\/person\/a0fb9c422317faca23d50163151bc354\",\"name\":\"Contenidos El Regional\",\"image\":{\"@type\":\"ImageObject\",\"inLanguage\":\"es\",\"@id\":\"http:\/\/elregionalvm.com.ar\/noticias-villa-maria\/#\/schema\/person\/image\/\",\"url\":\"https:\/\/secure.gravatar.com\/avatar\/265b27cb2209af7bb3a1318f03305787d7981a5cc6e6cd08fe5a4ecdf99d4b48?s=96&d=mm&r=g\",\"contentUrl\":\"https:\/\/secure.gravatar.com\/avatar\/265b27cb2209af7bb3a1318f03305787d7981a5cc6e6cd08fe5a4ecdf99d4b48?s=96&d=mm&r=g\",\"caption\":\"Contenidos El Regional\"},\"url\":\"https:\/\/elregionalvm.com.ar\/noticias-villa-maria\/author\/contenido\/\"}]}<\/script>\n<!-- \/ Yoast SEO plugin. -->","yoast_head_json":{"title":"AERCA y el Cl\u00faster de Impulso Tecnol\u00f3gico realizr\u00e1n la primera ronda de negocios - El Regional","robots":{"index":"index","follow":"follow","max-snippet":"max-snippet:-1","max-image-preview":"max-image-preview:large","max-video-preview":"max-video-preview:-1"},"canonical":"https:\/\/elregionalvm.com.ar\/noticias-villa-maria\/aerca-y-el-cluster-de-impulso-tecnologico-realizran-la-primera-ronda-de-negocios\/","og_locale":"es_ES","og_type":"article","og_title":"AERCA y el Cl\u00faster de Impulso Tecnol\u00f3gico realizr\u00e1n la primera ronda de negocios - El Regional","og_description":"La jornada se llevar\u00e1 a cabo en las instalaciones de la asociaci\u00f3n el 21 de marzo y estar\u00e1 destinada a industrias y comercios (mayoristas y minoristas) socios de la gremial empresaria. La oferta estar\u00e1 compuesta por los diferentes servicios que brindan las firmas que integran el CIT. El jueves 21 de marzo tendr\u00e1 lugar la [&hellip;]","og_url":"https:\/\/elregionalvm.com.ar\/noticias-villa-maria\/aerca-y-el-cluster-de-impulso-tecnologico-realizran-la-primera-ronda-de-negocios\/","og_site_name":"El Regional","article_publisher":"https:\/\/www.facebook.com\/elregionalvm","article_published_time":"2024-02-29T22:44:33+00:00","article_modified_time":"2024-02-29T22:44:35+00:00","og_image":[{"width":1080,"height":1080,"url":"https:\/\/elregionalvm.com.ar\/noticias-villa-maria\/wp-content\/uploads\/2024\/02\/WhatsApp-Image-2024-02-29-at-12.31.12-PM.jpeg","type":"image\/jpeg"}],"author":"Contenidos El Regional","twitter_card":"summary_large_image","twitter_creator":"@elregionalvm1","twitter_site":"@elregionalvm1","twitter_misc":{"Escrito por":"Contenidos El Regional","Tiempo de lectura":"3 minutos"},"schema":{"@context":"https:\/\/schema.org","@graph":[{"@type":"Article","@id":"https:\/\/elregionalvm.com.ar\/noticias-villa-maria\/aerca-y-el-cluster-de-impulso-tecnologico-realizran-la-primera-ronda-de-negocios\/#article","isPartOf":{"@id":"https:\/\/elregionalvm.com.ar\/noticias-villa-maria\/aerca-y-el-cluster-de-impulso-tecnologico-realizran-la-primera-ronda-de-negocios\/"},"author":{"name":"Contenidos El Regional","@id":"http:\/\/elregionalvm.com.ar\/noticias-villa-maria\/#\/schema\/person\/a0fb9c422317faca23d50163151bc354"},"headline":"AERCA y el Cl\u00faster de Impulso Tecnol\u00f3gico realizr\u00e1n la primera ronda de negocios","datePublished":"2024-02-29T22:44:33+00:00","dateModified":"2024-02-29T22:44:35+00:00","mainEntityOfPage":{"@id":"https:\/\/elregionalvm.com.ar\/noticias-villa-maria\/aerca-y-el-cluster-de-impulso-tecnologico-realizran-la-primera-ronda-de-negocios\/"},"wordCount":617,"commentCount":0,"image":{"@id":"https:\/\/elregionalvm.com.ar\/noticias-villa-maria\/aerca-y-el-cluster-de-impulso-tecnologico-realizran-la-primera-ronda-de-negocios\/#primaryimage"},"thumbnailUrl":"https:\/\/i0.wp.com\/elregionalvm.com.ar\/noticias-villa-maria\/wp-content\/uploads\/2024\/02\/WhatsApp-Image-2024-02-29-at-12.31.12-PM.jpeg?fit=1080%2C1080&ssl=1","articleSection":["destacado","Sociedad","Villa Mar\u00eda"],"inLanguage":"es","potentialAction":[{"@type":"CommentAction","name":"Comment","target":["https:\/\/elregionalvm.com.ar\/noticias-villa-maria\/aerca-y-el-cluster-de-impulso-tecnologico-realizran-la-primera-ronda-de-negocios\/#respond"]}]},{"@type":"WebPage","@id":"https:\/\/elregionalvm.com.ar\/noticias-villa-maria\/aerca-y-el-cluster-de-impulso-tecnologico-realizran-la-primera-ronda-de-negocios\/","url":"https:\/\/elregionalvm.com.ar\/noticias-villa-maria\/aerca-y-el-cluster-de-impulso-tecnologico-realizran-la-primera-ronda-de-negocios\/","name":"AERCA y el Cl\u00faster de Impulso Tecnol\u00f3gico realizr\u00e1n la primera ronda de negocios - El Regional","isPartOf":{"@id":"http:\/\/elregionalvm.com.ar\/noticias-villa-maria\/#website"},"primaryImageOfPage":{"@id":"https:\/\/elregionalvm.com.ar\/noticias-villa-maria\/aerca-y-el-cluster-de-impulso-tecnologico-realizran-la-primera-ronda-de-negocios\/#primaryimage"},"image":{"@id":"https:\/\/elregionalvm.com.ar\/noticias-villa-maria\/aerca-y-el-cluster-de-impulso-tecnologico-realizran-la-primera-ronda-de-negocios\/#primaryimage"},"thumbnailUrl":"https:\/\/i0.wp.com\/elregionalvm.com.ar\/noticias-villa-maria\/wp-content\/uploads\/2024\/02\/WhatsApp-Image-2024-02-29-at-12.31.12-PM.jpeg?fit=1080%2C1080&ssl=1","datePublished":"2024-02-29T22:44:33+00:00","dateModified":"2024-02-29T22:44:35+00:00","author":{"@id":"http:\/\/elregionalvm.com.ar\/noticias-villa-maria\/#\/schema\/person\/a0fb9c422317faca23d50163151bc354"},"breadcrumb":{"@id":"https:\/\/elregionalvm.com.ar\/noticias-villa-maria\/aerca-y-el-cluster-de-impulso-tecnologico-realizran-la-primera-ronda-de-negocios\/#breadcrumb"},"inLanguage":"es","potentialAction":[{"@type":"ReadAction","target":["https:\/\/elregionalvm.com.ar\/noticias-villa-maria\/aerca-y-el-cluster-de-impulso-tecnologico-realizran-la-primera-ronda-de-negocios\/"]}]},{"@type":"ImageObject","inLanguage":"es","@id":"https:\/\/elregionalvm.com.ar\/noticias-villa-maria\/aerca-y-el-cluster-de-impulso-tecnologico-realizran-la-primera-ronda-de-negocios\/#primaryimage","url":"https:\/\/i0.wp.com\/elregionalvm.com.ar\/noticias-villa-maria\/wp-content\/uploads\/2024\/02\/WhatsApp-Image-2024-02-29-at-12.31.12-PM.jpeg?fit=1080%2C1080&ssl=1","contentUrl":"https:\/\/i0.wp.com\/elregionalvm.com.ar\/noticias-villa-maria\/wp-content\/uploads\/2024\/02\/WhatsApp-Image-2024-02-29-at-12.31.12-PM.jpeg?fit=1080%2C1080&ssl=1","width":1080,"height":1080},{"@type":"BreadcrumbList","@id":"https:\/\/elregionalvm.com.ar\/noticias-villa-maria\/aerca-y-el-cluster-de-impulso-tecnologico-realizran-la-primera-ronda-de-negocios\/#breadcrumb","itemListElement":[{"@type":"ListItem","position":1,"name":"Portada","item":"https:\/\/elregionalvm.com.ar\/noticias-villa-maria\/"},{"@type":"ListItem","position":2,"name":"AERCA y el Cl\u00faster de Impulso Tecnol\u00f3gico realizr\u00e1n la primera ronda de negocios"}]},{"@type":"WebSite","@id":"http:\/\/elregionalvm.com.ar\/noticias-villa-maria\/#website","url":"http:\/\/elregionalvm.com.ar\/noticias-villa-maria\/","name":"El Regional","description":"Mucho m\u00e1s que informaci\u00f3n","potentialAction":[{"@type":"SearchAction","target":{"@type":"EntryPoint","urlTemplate":"http:\/\/elregionalvm.com.ar\/noticias-villa-maria\/?s={search_term_string}"},"query-input":{"@type":"PropertyValueSpecification","valueRequired":true,"valueName":"search_term_string"}}],"inLanguage":"es"},{"@type":"Person","@id":"http:\/\/elregionalvm.com.ar\/noticias-villa-maria\/#\/schema\/person\/a0fb9c422317faca23d50163151bc354","name":"Contenidos El Regional","image":{"@type":"ImageObject","inLanguage":"es","@id":"http:\/\/elregionalvm.com.ar\/noticias-villa-maria\/#\/schema\/person\/image\/","url":"https:\/\/secure.gravatar.com\/avatar\/265b27cb2209af7bb3a1318f03305787d7981a5cc6e6cd08fe5a4ecdf99d4b48?s=96&d=mm&r=g","contentUrl":"https:\/\/secure.gravatar.com\/avatar\/265b27cb2209af7bb3a1318f03305787d7981a5cc6e6cd08fe5a4ecdf99d4b48?s=96&d=mm&r=g","caption":"Contenidos El Regional"},"url":"https:\/\/elregionalvm.com.ar\/noticias-villa-maria\/author\/contenido\/"}]}},"jetpack_featured_media_url":"https:\/\/i0.wp.com\/elregionalvm.com.ar\/noticias-villa-maria\/wp-content\/uploads\/2024\/02\/WhatsApp-Image-2024-02-29-at-12.31.12-PM.jpeg?fit=1080%2C1080&ssl=1","jetpack_sharing_enabled":true,"_links":{"self":[{"href":"https:\/\/elregionalvm.com.ar\/noticias-villa-maria\/wp-json\/wp\/v2\/posts\/90703","targetHints":{"allow":["GET"]}}],"collection":[{"href":"https:\/\/elregionalvm.com.ar\/noticias-villa-maria\/wp-json\/wp\/v2\/posts"}],"about":[{"href":"https:\/\/elregionalvm.com.ar\/noticias-villa-maria\/wp-json\/wp\/v2\/types\/post"}],"author":[{"embeddable":true,"href":"https:\/\/elregionalvm.com.ar\/noticias-villa-maria\/wp-json\/wp\/v2\/users\/4"}],"replies":[{"embeddable":true,"href":"https:\/\/elregionalvm.com.ar\/noticias-villa-maria\/wp-json\/wp\/v2\/comments?post=90703"}],"version-history":[{"count":1,"href":"https:\/\/elregionalvm.com.ar\/noticias-villa-maria\/wp-json\/wp\/v2\/posts\/90703\/revisions"}],"predecessor-version":[{"id":90705,"href":"https:\/\/elregionalvm.com.ar\/noticias-villa-maria\/wp-json\/wp\/v2\/posts\/90703\/revisions\/90705"}],"wp:featuredmedia":[{"embeddable":true,"href":"https:\/\/elregionalvm.com.ar\/noticias-villa-maria\/wp-json\/wp\/v2\/media\/90704"}],"wp:attachment":[{"href":"https:\/\/elregionalvm.com.ar\/noticias-villa-maria\/wp-json\/wp\/v2\/media?parent=90703"}],"wp:term":[{"taxonomy":"category","embeddable":true,"href":"https:\/\/elregionalvm.com.ar\/noticias-villa-maria\/wp-json\/wp\/v2\/categories?post=90703"},{"taxonomy":"post_tag","embeddable":true,"href":"https:\/\/elregionalvm.com.ar\/noticias-villa-maria\/wp-json\/wp\/v2\/tags?post=90703"}],"curies":[{"name":"wp","href":"https:\/\/api.w.org\/{rel}","templated":true}]}}