{"id":90711,"date":"2024-02-29T23:00:41","date_gmt":"2024-02-29T23:00:41","guid":{"rendered":"https:\/\/elregionalvm.com.ar\/noticias-villa-maria\/?p=90711"},"modified":"2024-03-02T04:25:13","modified_gmt":"2024-03-02T04:25:13","slug":"accastello-participo-de-la-presentacion-del-programa-provincial-de-transporte","status":"publish","type":"post","link":"https:\/\/elregionalvm.com.ar\/noticias-villa-maria\/accastello-participo-de-la-presentacion-del-programa-provincial-de-transporte\/","title":{"rendered":"Accastello particip\u00f3 de la presentaci\u00f3n del Programa Provincial de Transporte"},"content":{"rendered":"\n<p>Invitado por el gobernador de C\u00f3rdoba, Martin Llaryora, el intendente Eduardo Accastello particip\u00f3 de la presentaci\u00f3n del Programa Provincial de Transporte en el Auditorio principal del Panal.<\/p>\n\n\n\n<figure class=\"wp-block-image size-large\"><img data-recalc-dims=\"1\" fetchpriority=\"high\" decoding=\"async\" width=\"1024\" height=\"683\" src=\"https:\/\/i0.wp.com\/elregionalvm.com.ar\/noticias-villa-maria\/wp-content\/uploads\/2024\/02\/WhatsApp-Image-2024-02-29-at-3.01.05-PM-1.jpeg?resize=1024%2C683&#038;ssl=1\" alt=\"\" class=\"wp-image-90713\" srcset=\"https:\/\/i0.wp.com\/elregionalvm.com.ar\/noticias-villa-maria\/wp-content\/uploads\/2024\/02\/WhatsApp-Image-2024-02-29-at-3.01.05-PM-1.jpeg?resize=1024%2C683&amp;ssl=1 1024w, https:\/\/i0.wp.com\/elregionalvm.com.ar\/noticias-villa-maria\/wp-content\/uploads\/2024\/02\/WhatsApp-Image-2024-02-29-at-3.01.05-PM-1.jpeg?resize=300%2C200&amp;ssl=1 300w, https:\/\/i0.wp.com\/elregionalvm.com.ar\/noticias-villa-maria\/wp-content\/uploads\/2024\/02\/WhatsApp-Image-2024-02-29-at-3.01.05-PM-1.jpeg?resize=768%2C512&amp;ssl=1 768w, https:\/\/i0.wp.com\/elregionalvm.com.ar\/noticias-villa-maria\/wp-content\/uploads\/2024\/02\/WhatsApp-Image-2024-02-29-at-3.01.05-PM-1.jpeg?resize=1536%2C1024&amp;ssl=1 1536w, https:\/\/i0.wp.com\/elregionalvm.com.ar\/noticias-villa-maria\/wp-content\/uploads\/2024\/02\/WhatsApp-Image-2024-02-29-at-3.01.05-PM-1.jpeg?w=1599&amp;ssl=1 1599w\" sizes=\"(max-width: 1000px) 100vw, 1000px\" \/><\/figure>\n\n\n\n<p>Durante la actividad, se oficializ\u00f3 la continuidad y profundizaci\u00f3n de la pol\u00edtica provincial en materia de transporte. Al mismo tiempo, se anunci\u00f3 que durante el 2024, docentes de universidades nacionales se sumar\u00e1n al beneficio.<\/p>\n\n\n\n<p>Durante el acto, Llaryora expres\u00f3: \u201cEste boleto educativo y obrero representa a un Gobierno que concibe a la educaci\u00f3n como parte del proceso de escala social, y que entiende la realidad de los trabajadores\u201d. \u201cSe trata de dos objetivos sobre los que trabajamos y sobre los que continuaremos trabajando con gran convicci\u00f3n y compromiso\u201d,_enfatiz\u00f3.<\/p>\n\n\n\n<figure class=\"wp-block-image size-large\"><img data-recalc-dims=\"1\" decoding=\"async\" width=\"1024\" height=\"683\" src=\"https:\/\/i0.wp.com\/elregionalvm.com.ar\/noticias-villa-maria\/wp-content\/uploads\/2024\/02\/WhatsApp-Image-2024-02-29-at-3.01.06-PM.jpeg?resize=1024%2C683&#038;ssl=1\" alt=\"\" class=\"wp-image-90712\" srcset=\"https:\/\/i0.wp.com\/elregionalvm.com.ar\/noticias-villa-maria\/wp-content\/uploads\/2024\/02\/WhatsApp-Image-2024-02-29-at-3.01.06-PM.jpeg?resize=1024%2C683&amp;ssl=1 1024w, https:\/\/i0.wp.com\/elregionalvm.com.ar\/noticias-villa-maria\/wp-content\/uploads\/2024\/02\/WhatsApp-Image-2024-02-29-at-3.01.06-PM.jpeg?resize=300%2C200&amp;ssl=1 300w, https:\/\/i0.wp.com\/elregionalvm.com.ar\/noticias-villa-maria\/wp-content\/uploads\/2024\/02\/WhatsApp-Image-2024-02-29-at-3.01.06-PM.jpeg?resize=768%2C512&amp;ssl=1 768w, https:\/\/i0.wp.com\/elregionalvm.com.ar\/noticias-villa-maria\/wp-content\/uploads\/2024\/02\/WhatsApp-Image-2024-02-29-at-3.01.06-PM.jpeg?resize=1536%2C1024&amp;ssl=1 1536w, https:\/\/i0.wp.com\/elregionalvm.com.ar\/noticias-villa-maria\/wp-content\/uploads\/2024\/02\/WhatsApp-Image-2024-02-29-at-3.01.06-PM.jpeg?w=1599&amp;ssl=1 1599w\" sizes=\"(max-width: 1000px) 100vw, 1000px\" \/><\/figure>\n\n\n\n<p>Al tomar la palabra, Accastello se\u00f1al\u00f3: \u201cEstar hoy presentes en el lanzamiento del boleto educativo y obrero es muy importante para nosotros como ciudad porque estamos atravesando una crisis planteada por el no env\u00edo de recursos por parte del Gobierno Nacional a todo el interior del pa\u00eds\u201d.<\/p>\n\n\n\n<p>Y luego, exclam\u00f3: \u201cVamos a trabajar para que esto sea tambi\u00e9n una realidad en Villa Mar\u00eda con accesibilidad en el transporte para trabajadores, obreros, estudiantes y docentes\u201d.<\/p>\n\n\n\n<p>A su turno, el Secretario de Transporte de la Provincia de C\u00f3rdoba, Marcelo Rodio, apunt\u00f3 : \u201cEl BEG es un derecho como la educaci\u00f3n y la salud, porque sin transporte p\u00fablico es imposible alcanzar muchos de los derechos b\u00e1sicos de la comunidad\u201d. \u201cHemos tomado la decisi\u00f3n de seguir profundizando este programa y multiplicar por tres el presupuesto educativo de C\u00f3rdoba en materia de transporte\u201d, precis\u00f3.<\/p>\n","protected":false},"excerpt":{"rendered":"<p>Invitado por el gobernador de C\u00f3rdoba, Martin Llaryora, el intendente Eduardo Accastello particip\u00f3 de la presentaci\u00f3n del Programa Provincial de Transporte en el Auditorio principal del Panal. Durante la actividad, se oficializ\u00f3 la continuidad y profundizaci\u00f3n de la pol\u00edtica provincial en materia de transporte. Al mismo tiempo, se anunci\u00f3 que durante el 2024, docentes de [&hellip;]<\/p>\n","protected":false},"author":4,"featured_media":90714,"comment_status":"open","ping_status":"open","sticky":false,"template":"","format":"standard","meta":{"site-sidebar-layout":"default","site-content-layout":"","ast-site-content-layout":"default","site-content-style":"default","site-sidebar-style":"default","ast-global-header-display":"","ast-banner-title-visibility":"","ast-main-header-display":"","ast-hfb-above-header-display":"","ast-hfb-below-header-display":"","ast-hfb-mobile-header-display":"","site-post-title":"","ast-breadcrumbs-content":"","ast-featured-img":"","footer-sml-layout":"","ast-disable-related-posts":"","theme-transparent-header-meta":"","adv-header-id-meta":"","stick-header-meta":"","header-above-stick-meta":"","header-main-stick-meta":"","header-below-stick-meta":"","astra-migrate-meta-layouts":"set","ast-page-background-enabled":"default","ast-page-background-meta":{"desktop":{"background-color":"","background-image":"","background-repeat":"repeat","background-position":"center center","background-size":"auto","background-attachment":"scroll","background-type":"","background-media":"","overlay-type":"","overlay-color":"","overlay-opacity":"","overlay-gradient":""},"tablet":{"background-color":"","background-image":"","background-repeat":"repeat","background-position":"center center","background-size":"auto","background-attachment":"scroll","background-type":"","background-media":"","overlay-type":"","overlay-color":"","overlay-opacity":"","overlay-gradient":""},"mobile":{"background-color":"","background-image":"","background-repeat":"repeat","background-position":"center center","background-size":"auto","background-attachment":"scroll","background-type":"","background-media":"","overlay-type":"","overlay-color":"","overlay-opacity":"","overlay-gradient":""}},"ast-content-background-meta":{"desktop":{"background-color":"var(--ast-global-color-5)","background-image":"","background-repeat":"repeat","background-position":"center center","background-size":"auto","background-attachment":"scroll","background-type":"","background-media":"","overlay-type":"","overlay-color":"","overlay-opacity":"","overlay-gradient":""},"tablet":{"background-color":"var(--ast-global-color-5)","background-image":"","background-repeat":"repeat","background-position":"center center","background-size":"auto","background-attachment":"scroll","background-type":"","background-media":"","overlay-type":"","overlay-color":"","overlay-opacity":"","overlay-gradient":""},"mobile":{"background-color":"var(--ast-global-color-5)","background-image":"","background-repeat":"repeat","background-position":"center center","background-size":"auto","background-attachment":"scroll","background-type":"","background-media":"","overlay-type":"","overlay-color":"","overlay-opacity":"","overlay-gradient":""}},"_jetpack_memberships_contains_paid_content":false,"_joinchat":[],"footnotes":""},"categories":[16095,5,2],"tags":[],"class_list":["post-90711","post","type-post","status-publish","format-standard","has-post-thumbnail","hentry","category-provinciales","category-sociedad","category-villa-maria"],"yoast_head":"<!-- This site is optimized with the Yoast SEO plugin v26.8 - https:\/\/yoast.com\/product\/yoast-seo-wordpress\/ -->\n<title>Accastello particip\u00f3 de la presentaci\u00f3n del Programa Provincial de Transporte - El Regional<\/title>\n<meta name=\"robots\" content=\"index, follow, max-snippet:-1, max-image-preview:large, max-video-preview:-1\" \/>\n<link rel=\"canonical\" href=\"https:\/\/elregionalvm.com.ar\/noticias-villa-maria\/accastello-participo-de-la-presentacion-del-programa-provincial-de-transporte\/\" \/>\n<meta property=\"og:locale\" content=\"es_ES\" \/>\n<meta property=\"og:type\" content=\"article\" \/>\n<meta property=\"og:title\" content=\"Accastello particip\u00f3 de la presentaci\u00f3n del Programa Provincial de Transporte - El Regional\" \/>\n<meta property=\"og:description\" content=\"Invitado por el gobernador de C\u00f3rdoba, Martin Llaryora, el intendente Eduardo Accastello particip\u00f3 de la presentaci\u00f3n del Programa Provincial de Transporte en el Auditorio principal del Panal. Durante la actividad, se oficializ\u00f3 la continuidad y profundizaci\u00f3n de la pol\u00edtica provincial en materia de transporte. Al mismo tiempo, se anunci\u00f3 que durante el 2024, docentes de [&hellip;]\" \/>\n<meta property=\"og:url\" content=\"https:\/\/elregionalvm.com.ar\/noticias-villa-maria\/accastello-participo-de-la-presentacion-del-programa-provincial-de-transporte\/\" \/>\n<meta property=\"og:site_name\" content=\"El Regional\" \/>\n<meta property=\"article:publisher\" content=\"https:\/\/www.facebook.com\/elregionalvm\" \/>\n<meta property=\"article:published_time\" content=\"2024-02-29T23:00:41+00:00\" \/>\n<meta property=\"article:modified_time\" content=\"2024-03-02T04:25:13+00:00\" \/>\n<meta property=\"og:image\" content=\"https:\/\/elregionalvm.com.ar\/noticias-villa-maria\/wp-content\/uploads\/2024\/02\/WhatsApp-Image-2024-02-29-at-3.01.05-PM.jpeg\" \/>\n\t<meta property=\"og:image:width\" content=\"1599\" \/>\n\t<meta property=\"og:image:height\" content=\"1066\" \/>\n\t<meta property=\"og:image:type\" content=\"image\/jpeg\" \/>\n<meta name=\"author\" content=\"Contenidos El Regional\" \/>\n<meta name=\"twitter:card\" content=\"summary_large_image\" \/>\n<meta name=\"twitter:creator\" content=\"@elregionalvm1\" \/>\n<meta name=\"twitter:site\" content=\"@elregionalvm1\" \/>\n<meta name=\"twitter:label1\" content=\"Escrito por\" \/>\n\t<meta name=\"twitter:data1\" content=\"Contenidos El Regional\" \/>\n\t<meta name=\"twitter:label2\" content=\"Tiempo de lectura\" \/>\n\t<meta name=\"twitter:data2\" content=\"2 minutos\" \/>\n<script type=\"application\/ld+json\" class=\"yoast-schema-graph\">{\"@context\":\"https:\/\/schema.org\",\"@graph\":[{\"@type\":\"Article\",\"@id\":\"https:\/\/elregionalvm.com.ar\/noticias-villa-maria\/accastello-participo-de-la-presentacion-del-programa-provincial-de-transporte\/#article\",\"isPartOf\":{\"@id\":\"https:\/\/elregionalvm.com.ar\/noticias-villa-maria\/accastello-participo-de-la-presentacion-del-programa-provincial-de-transporte\/\"},\"author\":{\"name\":\"Contenidos El Regional\",\"@id\":\"http:\/\/elregionalvm.com.ar\/noticias-villa-maria\/#\/schema\/person\/a0fb9c422317faca23d50163151bc354\"},\"headline\":\"Accastello particip\u00f3 de la presentaci\u00f3n del Programa Provincial de Transporte\",\"datePublished\":\"2024-02-29T23:00:41+00:00\",\"dateModified\":\"2024-03-02T04:25:13+00:00\",\"mainEntityOfPage\":{\"@id\":\"https:\/\/elregionalvm.com.ar\/noticias-villa-maria\/accastello-participo-de-la-presentacion-del-programa-provincial-de-transporte\/\"},\"wordCount\":282,\"commentCount\":0,\"image\":{\"@id\":\"https:\/\/elregionalvm.com.ar\/noticias-villa-maria\/accastello-participo-de-la-presentacion-del-programa-provincial-de-transporte\/#primaryimage\"},\"thumbnailUrl\":\"https:\/\/i0.wp.com\/elregionalvm.com.ar\/noticias-villa-maria\/wp-content\/uploads\/2024\/02\/WhatsApp-Image-2024-02-29-at-3.01.05-PM.jpeg?fit=1599%2C1066&ssl=1\",\"articleSection\":[\"Provinciales\",\"Sociedad\",\"Villa Mar\u00eda\"],\"inLanguage\":\"es\",\"potentialAction\":[{\"@type\":\"CommentAction\",\"name\":\"Comment\",\"target\":[\"https:\/\/elregionalvm.com.ar\/noticias-villa-maria\/accastello-participo-de-la-presentacion-del-programa-provincial-de-transporte\/#respond\"]}]},{\"@type\":\"WebPage\",\"@id\":\"https:\/\/elregionalvm.com.ar\/noticias-villa-maria\/accastello-participo-de-la-presentacion-del-programa-provincial-de-transporte\/\",\"url\":\"https:\/\/elregionalvm.com.ar\/noticias-villa-maria\/accastello-participo-de-la-presentacion-del-programa-provincial-de-transporte\/\",\"name\":\"Accastello particip\u00f3 de la presentaci\u00f3n del Programa Provincial de Transporte - El Regional\",\"isPartOf\":{\"@id\":\"http:\/\/elregionalvm.com.ar\/noticias-villa-maria\/#website\"},\"primaryImageOfPage\":{\"@id\":\"https:\/\/elregionalvm.com.ar\/noticias-villa-maria\/accastello-participo-de-la-presentacion-del-programa-provincial-de-transporte\/#primaryimage\"},\"image\":{\"@id\":\"https:\/\/elregionalvm.com.ar\/noticias-villa-maria\/accastello-participo-de-la-presentacion-del-programa-provincial-de-transporte\/#primaryimage\"},\"thumbnailUrl\":\"https:\/\/i0.wp.com\/elregionalvm.com.ar\/noticias-villa-maria\/wp-content\/uploads\/2024\/02\/WhatsApp-Image-2024-02-29-at-3.01.05-PM.jpeg?fit=1599%2C1066&ssl=1\",\"datePublished\":\"2024-02-29T23:00:41+00:00\",\"dateModified\":\"2024-03-02T04:25:13+00:00\",\"author\":{\"@id\":\"http:\/\/elregionalvm.com.ar\/noticias-villa-maria\/#\/schema\/person\/a0fb9c422317faca23d50163151bc354\"},\"breadcrumb\":{\"@id\":\"https:\/\/elregionalvm.com.ar\/noticias-villa-maria\/accastello-participo-de-la-presentacion-del-programa-provincial-de-transporte\/#breadcrumb\"},\"inLanguage\":\"es\",\"potentialAction\":[{\"@type\":\"ReadAction\",\"target\":[\"https:\/\/elregionalvm.com.ar\/noticias-villa-maria\/accastello-participo-de-la-presentacion-del-programa-provincial-de-transporte\/\"]}]},{\"@type\":\"ImageObject\",\"inLanguage\":\"es\",\"@id\":\"https:\/\/elregionalvm.com.ar\/noticias-villa-maria\/accastello-participo-de-la-presentacion-del-programa-provincial-de-transporte\/#primaryimage\",\"url\":\"https:\/\/i0.wp.com\/elregionalvm.com.ar\/noticias-villa-maria\/wp-content\/uploads\/2024\/02\/WhatsApp-Image-2024-02-29-at-3.01.05-PM.jpeg?fit=1599%2C1066&ssl=1\",\"contentUrl\":\"https:\/\/i0.wp.com\/elregionalvm.com.ar\/noticias-villa-maria\/wp-content\/uploads\/2024\/02\/WhatsApp-Image-2024-02-29-at-3.01.05-PM.jpeg?fit=1599%2C1066&ssl=1\",\"width\":1599,\"height\":1066},{\"@type\":\"BreadcrumbList\",\"@id\":\"https:\/\/elregionalvm.com.ar\/noticias-villa-maria\/accastello-participo-de-la-presentacion-del-programa-provincial-de-transporte\/#breadcrumb\",\"itemListElement\":[{\"@type\":\"ListItem\",\"position\":1,\"name\":\"Portada\",\"item\":\"https:\/\/elregionalvm.com.ar\/noticias-villa-maria\/\"},{\"@type\":\"ListItem\",\"position\":2,\"name\":\"Accastello particip\u00f3 de la presentaci\u00f3n del Programa Provincial de Transporte\"}]},{\"@type\":\"WebSite\",\"@id\":\"http:\/\/elregionalvm.com.ar\/noticias-villa-maria\/#website\",\"url\":\"http:\/\/elregionalvm.com.ar\/noticias-villa-maria\/\",\"name\":\"El Regional\",\"description\":\"Mucho m\u00e1s que informaci\u00f3n\",\"potentialAction\":[{\"@type\":\"SearchAction\",\"target\":{\"@type\":\"EntryPoint\",\"urlTemplate\":\"http:\/\/elregionalvm.com.ar\/noticias-villa-maria\/?s={search_term_string}\"},\"query-input\":{\"@type\":\"PropertyValueSpecification\",\"valueRequired\":true,\"valueName\":\"search_term_string\"}}],\"inLanguage\":\"es\"},{\"@type\":\"Person\",\"@id\":\"http:\/\/elregionalvm.com.ar\/noticias-villa-maria\/#\/schema\/person\/a0fb9c422317faca23d50163151bc354\",\"name\":\"Contenidos El Regional\",\"image\":{\"@type\":\"ImageObject\",\"inLanguage\":\"es\",\"@id\":\"http:\/\/elregionalvm.com.ar\/noticias-villa-maria\/#\/schema\/person\/image\/\",\"url\":\"https:\/\/secure.gravatar.com\/avatar\/265b27cb2209af7bb3a1318f03305787d7981a5cc6e6cd08fe5a4ecdf99d4b48?s=96&d=mm&r=g\",\"contentUrl\":\"https:\/\/secure.gravatar.com\/avatar\/265b27cb2209af7bb3a1318f03305787d7981a5cc6e6cd08fe5a4ecdf99d4b48?s=96&d=mm&r=g\",\"caption\":\"Contenidos El Regional\"},\"url\":\"https:\/\/elregionalvm.com.ar\/noticias-villa-maria\/author\/contenido\/\"}]}<\/script>\n<!-- \/ Yoast SEO plugin. -->","yoast_head_json":{"title":"Accastello particip\u00f3 de la presentaci\u00f3n del Programa Provincial de Transporte - El Regional","robots":{"index":"index","follow":"follow","max-snippet":"max-snippet:-1","max-image-preview":"max-image-preview:large","max-video-preview":"max-video-preview:-1"},"canonical":"https:\/\/elregionalvm.com.ar\/noticias-villa-maria\/accastello-participo-de-la-presentacion-del-programa-provincial-de-transporte\/","og_locale":"es_ES","og_type":"article","og_title":"Accastello particip\u00f3 de la presentaci\u00f3n del Programa Provincial de Transporte - El Regional","og_description":"Invitado por el gobernador de C\u00f3rdoba, Martin Llaryora, el intendente Eduardo Accastello particip\u00f3 de la presentaci\u00f3n del Programa Provincial de Transporte en el Auditorio principal del Panal. Durante la actividad, se oficializ\u00f3 la continuidad y profundizaci\u00f3n de la pol\u00edtica provincial en materia de transporte. Al mismo tiempo, se anunci\u00f3 que durante el 2024, docentes de [&hellip;]","og_url":"https:\/\/elregionalvm.com.ar\/noticias-villa-maria\/accastello-participo-de-la-presentacion-del-programa-provincial-de-transporte\/","og_site_name":"El Regional","article_publisher":"https:\/\/www.facebook.com\/elregionalvm","article_published_time":"2024-02-29T23:00:41+00:00","article_modified_time":"2024-03-02T04:25:13+00:00","og_image":[{"width":1599,"height":1066,"url":"https:\/\/elregionalvm.com.ar\/noticias-villa-maria\/wp-content\/uploads\/2024\/02\/WhatsApp-Image-2024-02-29-at-3.01.05-PM.jpeg","type":"image\/jpeg"}],"author":"Contenidos El Regional","twitter_card":"summary_large_image","twitter_creator":"@elregionalvm1","twitter_site":"@elregionalvm1","twitter_misc":{"Escrito por":"Contenidos El Regional","Tiempo de lectura":"2 minutos"},"schema":{"@context":"https:\/\/schema.org","@graph":[{"@type":"Article","@id":"https:\/\/elregionalvm.com.ar\/noticias-villa-maria\/accastello-participo-de-la-presentacion-del-programa-provincial-de-transporte\/#article","isPartOf":{"@id":"https:\/\/elregionalvm.com.ar\/noticias-villa-maria\/accastello-participo-de-la-presentacion-del-programa-provincial-de-transporte\/"},"author":{"name":"Contenidos El Regional","@id":"http:\/\/elregionalvm.com.ar\/noticias-villa-maria\/#\/schema\/person\/a0fb9c422317faca23d50163151bc354"},"headline":"Accastello particip\u00f3 de la presentaci\u00f3n del Programa Provincial de Transporte","datePublished":"2024-02-29T23:00:41+00:00","dateModified":"2024-03-02T04:25:13+00:00","mainEntityOfPage":{"@id":"https:\/\/elregionalvm.com.ar\/noticias-villa-maria\/accastello-participo-de-la-presentacion-del-programa-provincial-de-transporte\/"},"wordCount":282,"commentCount":0,"image":{"@id":"https:\/\/elregionalvm.com.ar\/noticias-villa-maria\/accastello-participo-de-la-presentacion-del-programa-provincial-de-transporte\/#primaryimage"},"thumbnailUrl":"https:\/\/i0.wp.com\/elregionalvm.com.ar\/noticias-villa-maria\/wp-content\/uploads\/2024\/02\/WhatsApp-Image-2024-02-29-at-3.01.05-PM.jpeg?fit=1599%2C1066&ssl=1","articleSection":["Provinciales","Sociedad","Villa Mar\u00eda"],"inLanguage":"es","potentialAction":[{"@type":"CommentAction","name":"Comment","target":["https:\/\/elregionalvm.com.ar\/noticias-villa-maria\/accastello-participo-de-la-presentacion-del-programa-provincial-de-transporte\/#respond"]}]},{"@type":"WebPage","@id":"https:\/\/elregionalvm.com.ar\/noticias-villa-maria\/accastello-participo-de-la-presentacion-del-programa-provincial-de-transporte\/","url":"https:\/\/elregionalvm.com.ar\/noticias-villa-maria\/accastello-participo-de-la-presentacion-del-programa-provincial-de-transporte\/","name":"Accastello particip\u00f3 de la presentaci\u00f3n del Programa Provincial de Transporte - El Regional","isPartOf":{"@id":"http:\/\/elregionalvm.com.ar\/noticias-villa-maria\/#website"},"primaryImageOfPage":{"@id":"https:\/\/elregionalvm.com.ar\/noticias-villa-maria\/accastello-participo-de-la-presentacion-del-programa-provincial-de-transporte\/#primaryimage"},"image":{"@id":"https:\/\/elregionalvm.com.ar\/noticias-villa-maria\/accastello-participo-de-la-presentacion-del-programa-provincial-de-transporte\/#primaryimage"},"thumbnailUrl":"https:\/\/i0.wp.com\/elregionalvm.com.ar\/noticias-villa-maria\/wp-content\/uploads\/2024\/02\/WhatsApp-Image-2024-02-29-at-3.01.05-PM.jpeg?fit=1599%2C1066&ssl=1","datePublished":"2024-02-29T23:00:41+00:00","dateModified":"2024-03-02T04:25:13+00:00","author":{"@id":"http:\/\/elregionalvm.com.ar\/noticias-villa-maria\/#\/schema\/person\/a0fb9c422317faca23d50163151bc354"},"breadcrumb":{"@id":"https:\/\/elregionalvm.com.ar\/noticias-villa-maria\/accastello-participo-de-la-presentacion-del-programa-provincial-de-transporte\/#breadcrumb"},"inLanguage":"es","potentialAction":[{"@type":"ReadAction","target":["https:\/\/elregionalvm.com.ar\/noticias-villa-maria\/accastello-participo-de-la-presentacion-del-programa-provincial-de-transporte\/"]}]},{"@type":"ImageObject","inLanguage":"es","@id":"https:\/\/elregionalvm.com.ar\/noticias-villa-maria\/accastello-participo-de-la-presentacion-del-programa-provincial-de-transporte\/#primaryimage","url":"https:\/\/i0.wp.com\/elregionalvm.com.ar\/noticias-villa-maria\/wp-content\/uploads\/2024\/02\/WhatsApp-Image-2024-02-29-at-3.01.05-PM.jpeg?fit=1599%2C1066&ssl=1","contentUrl":"https:\/\/i0.wp.com\/elregionalvm.com.ar\/noticias-villa-maria\/wp-content\/uploads\/2024\/02\/WhatsApp-Image-2024-02-29-at-3.01.05-PM.jpeg?fit=1599%2C1066&ssl=1","width":1599,"height":1066},{"@type":"BreadcrumbList","@id":"https:\/\/elregionalvm.com.ar\/noticias-villa-maria\/accastello-participo-de-la-presentacion-del-programa-provincial-de-transporte\/#breadcrumb","itemListElement":[{"@type":"ListItem","position":1,"name":"Portada","item":"https:\/\/elregionalvm.com.ar\/noticias-villa-maria\/"},{"@type":"ListItem","position":2,"name":"Accastello particip\u00f3 de la presentaci\u00f3n del Programa Provincial de Transporte"}]},{"@type":"WebSite","@id":"http:\/\/elregionalvm.com.ar\/noticias-villa-maria\/#website","url":"http:\/\/elregionalvm.com.ar\/noticias-villa-maria\/","name":"El Regional","description":"Mucho m\u00e1s que informaci\u00f3n","potentialAction":[{"@type":"SearchAction","target":{"@type":"EntryPoint","urlTemplate":"http:\/\/elregionalvm.com.ar\/noticias-villa-maria\/?s={search_term_string}"},"query-input":{"@type":"PropertyValueSpecification","valueRequired":true,"valueName":"search_term_string"}}],"inLanguage":"es"},{"@type":"Person","@id":"http:\/\/elregionalvm.com.ar\/noticias-villa-maria\/#\/schema\/person\/a0fb9c422317faca23d50163151bc354","name":"Contenidos El Regional","image":{"@type":"ImageObject","inLanguage":"es","@id":"http:\/\/elregionalvm.com.ar\/noticias-villa-maria\/#\/schema\/person\/image\/","url":"https:\/\/secure.gravatar.com\/avatar\/265b27cb2209af7bb3a1318f03305787d7981a5cc6e6cd08fe5a4ecdf99d4b48?s=96&d=mm&r=g","contentUrl":"https:\/\/secure.gravatar.com\/avatar\/265b27cb2209af7bb3a1318f03305787d7981a5cc6e6cd08fe5a4ecdf99d4b48?s=96&d=mm&r=g","caption":"Contenidos El Regional"},"url":"https:\/\/elregionalvm.com.ar\/noticias-villa-maria\/author\/contenido\/"}]}},"jetpack_featured_media_url":"https:\/\/i0.wp.com\/elregionalvm.com.ar\/noticias-villa-maria\/wp-content\/uploads\/2024\/02\/WhatsApp-Image-2024-02-29-at-3.01.05-PM.jpeg?fit=1599%2C1066&ssl=1","jetpack_sharing_enabled":true,"_links":{"self":[{"href":"https:\/\/elregionalvm.com.ar\/noticias-villa-maria\/wp-json\/wp\/v2\/posts\/90711","targetHints":{"allow":["GET"]}}],"collection":[{"href":"https:\/\/elregionalvm.com.ar\/noticias-villa-maria\/wp-json\/wp\/v2\/posts"}],"about":[{"href":"https:\/\/elregionalvm.com.ar\/noticias-villa-maria\/wp-json\/wp\/v2\/types\/post"}],"author":[{"embeddable":true,"href":"https:\/\/elregionalvm.com.ar\/noticias-villa-maria\/wp-json\/wp\/v2\/users\/4"}],"replies":[{"embeddable":true,"href":"https:\/\/elregionalvm.com.ar\/noticias-villa-maria\/wp-json\/wp\/v2\/comments?post=90711"}],"version-history":[{"count":1,"href":"https:\/\/elregionalvm.com.ar\/noticias-villa-maria\/wp-json\/wp\/v2\/posts\/90711\/revisions"}],"predecessor-version":[{"id":90715,"href":"https:\/\/elregionalvm.com.ar\/noticias-villa-maria\/wp-json\/wp\/v2\/posts\/90711\/revisions\/90715"}],"wp:featuredmedia":[{"embeddable":true,"href":"https:\/\/elregionalvm.com.ar\/noticias-villa-maria\/wp-json\/wp\/v2\/media\/90714"}],"wp:attachment":[{"href":"https:\/\/elregionalvm.com.ar\/noticias-villa-maria\/wp-json\/wp\/v2\/media?parent=90711"}],"wp:term":[{"taxonomy":"category","embeddable":true,"href":"https:\/\/elregionalvm.com.ar\/noticias-villa-maria\/wp-json\/wp\/v2\/categories?post=90711"},{"taxonomy":"post_tag","embeddable":true,"href":"https:\/\/elregionalvm.com.ar\/noticias-villa-maria\/wp-json\/wp\/v2\/tags?post=90711"}],"curies":[{"name":"wp","href":"https:\/\/api.w.org\/{rel}","templated":true}]}}