{"id":90716,"date":"2024-02-29T23:06:28","date_gmt":"2024-02-29T23:06:28","guid":{"rendered":"https:\/\/elregionalvm.com.ar\/noticias-villa-maria\/?p=90716"},"modified":"2024-03-02T04:25:08","modified_gmt":"2024-03-02T04:25:08","slug":"rio-tercero-fpa-secuestro-mas-de-400-dosis-de-cocaina-y-hubo-un-detenido","status":"publish","type":"post","link":"https:\/\/elregionalvm.com.ar\/noticias-villa-maria\/rio-tercero-fpa-secuestro-mas-de-400-dosis-de-cocaina-y-hubo-un-detenido\/","title":{"rendered":"R\u00edo Tercero: FPA secuestr\u00f3 m\u00e1s de 400 dosis de coca\u00edna y hubo un detenido"},"content":{"rendered":"\n<p>En una acci\u00f3n conjunta dirigida por el Ministerio P\u00fablico Fiscal, efectivos de la Fuerza Policial Antinarcotr\u00e1fico junto a Polic\u00eda de C\u00f3rdoba llevaron a cabo la detenci\u00f3n de un individuo mayor de edad y el secuestro de estupefacientes en la ciudad de R\u00edo Tercero.<\/p>\n\n\n\n<figure class=\"wp-block-image size-full\"><img data-recalc-dims=\"1\" fetchpriority=\"high\" decoding=\"async\" width=\"940\" height=\"634\" src=\"https:\/\/i0.wp.com\/elregionalvm.com.ar\/noticias-villa-maria\/wp-content\/uploads\/2024\/02\/WhatsApp-Image-2024-02-28-at-23.30.36-940x634-1.jpeg?resize=940%2C634&#038;ssl=1\" alt=\"\" class=\"wp-image-90717\" srcset=\"https:\/\/i0.wp.com\/elregionalvm.com.ar\/noticias-villa-maria\/wp-content\/uploads\/2024\/02\/WhatsApp-Image-2024-02-28-at-23.30.36-940x634-1.jpeg?w=940&amp;ssl=1 940w, https:\/\/i0.wp.com\/elregionalvm.com.ar\/noticias-villa-maria\/wp-content\/uploads\/2024\/02\/WhatsApp-Image-2024-02-28-at-23.30.36-940x634-1.jpeg?resize=300%2C202&amp;ssl=1 300w, https:\/\/i0.wp.com\/elregionalvm.com.ar\/noticias-villa-maria\/wp-content\/uploads\/2024\/02\/WhatsApp-Image-2024-02-28-at-23.30.36-940x634-1.jpeg?resize=768%2C518&amp;ssl=1 768w\" sizes=\"(max-width: 940px) 100vw, 940px\" \/><\/figure>\n\n\n\n<p>Las diligencias se ejecutaron en tres viviendas ubicadas en las calles Coronel Pringles al 1400 y Joaqu\u00edn Gonz\u00e1lez al 200 del barrio Cerino, as\u00ed como en la direcci\u00f3n Hip\u00f3lito Irigoyen 100 del barrio 20 de Junio de la ciudad mencionada. Estas acciones culminaron con la detenci\u00f3n de un individuo de 42 a\u00f1os, quien ya contaba con antecedentes vinculados a la comercializaci\u00f3n de estupefacientes.<\/p>\n\n\n\n<p>En las viviendas allanadas, se logr\u00f3 incautar 450 dosis de coca\u00edna, 17 dosis de marihuana, plantas y semillas de cannabis sativa. Tambi\u00e9n se encontraron elementos relacionados con el fraccionamiento y la comercializaci\u00f3n de sustancias il\u00edcitas, junto con un rev\u00f3lver y una pistola calibre 22.<\/p>\n\n\n\n<p>Es fundamental resaltar que el inicio del procedimiento se origin\u00f3 a ra\u00edz de una denuncia por amenazas, y simult\u00e1neamente, el detenido estaba siendo objeto de una investigaci\u00f3n por parte de la Fuerza.<\/p>\n\n\n\n<p>Finalmente, el operativo fue supervisado por la Fiscal\u00eda de Lucha Contra el Narcotr\u00e1fico de R\u00edo Tercero la cual dispuso el traslado del detenido a la sede judicial correspondiente por presunta infracci\u00f3n a la Ley Nacional de Estupefacientes 23.737.<\/p>\n","protected":false},"excerpt":{"rendered":"<p>En una acci\u00f3n conjunta dirigida por el Ministerio P\u00fablico Fiscal, efectivos de la Fuerza Policial Antinarcotr\u00e1fico junto a Polic\u00eda de C\u00f3rdoba llevaron a cabo la detenci\u00f3n de un individuo mayor de edad y el secuestro de estupefacientes en la ciudad de R\u00edo Tercero. Las diligencias se ejecutaron en tres viviendas ubicadas en las calles Coronel [&hellip;]<\/p>\n","protected":false},"author":4,"featured_media":90718,"comment_status":"open","ping_status":"open","sticky":false,"template":"","format":"standard","meta":{"site-sidebar-layout":"default","site-content-layout":"","ast-site-content-layout":"default","site-content-style":"default","site-sidebar-style":"default","ast-global-header-display":"","ast-banner-title-visibility":"","ast-main-header-display":"","ast-hfb-above-header-display":"","ast-hfb-below-header-display":"","ast-hfb-mobile-header-display":"","site-post-title":"","ast-breadcrumbs-content":"","ast-featured-img":"","footer-sml-layout":"","ast-disable-related-posts":"","theme-transparent-header-meta":"","adv-header-id-meta":"","stick-header-meta":"","header-above-stick-meta":"","header-main-stick-meta":"","header-below-stick-meta":"","astra-migrate-meta-layouts":"set","ast-page-background-enabled":"default","ast-page-background-meta":{"desktop":{"background-color":"","background-image":"","background-repeat":"repeat","background-position":"center center","background-size":"auto","background-attachment":"scroll","background-type":"","background-media":"","overlay-type":"","overlay-color":"","overlay-opacity":"","overlay-gradient":""},"tablet":{"background-color":"","background-image":"","background-repeat":"repeat","background-position":"center center","background-size":"auto","background-attachment":"scroll","background-type":"","background-media":"","overlay-type":"","overlay-color":"","overlay-opacity":"","overlay-gradient":""},"mobile":{"background-color":"","background-image":"","background-repeat":"repeat","background-position":"center center","background-size":"auto","background-attachment":"scroll","background-type":"","background-media":"","overlay-type":"","overlay-color":"","overlay-opacity":"","overlay-gradient":""}},"ast-content-background-meta":{"desktop":{"background-color":"var(--ast-global-color-5)","background-image":"","background-repeat":"repeat","background-position":"center center","background-size":"auto","background-attachment":"scroll","background-type":"","background-media":"","overlay-type":"","overlay-color":"","overlay-opacity":"","overlay-gradient":""},"tablet":{"background-color":"var(--ast-global-color-5)","background-image":"","background-repeat":"repeat","background-position":"center center","background-size":"auto","background-attachment":"scroll","background-type":"","background-media":"","overlay-type":"","overlay-color":"","overlay-opacity":"","overlay-gradient":""},"mobile":{"background-color":"var(--ast-global-color-5)","background-image":"","background-repeat":"repeat","background-position":"center center","background-size":"auto","background-attachment":"scroll","background-type":"","background-media":"","overlay-type":"","overlay-color":"","overlay-opacity":"","overlay-gradient":""}},"_jetpack_memberships_contains_paid_content":false,"_joinchat":[],"footnotes":""},"categories":[2234,2091,5],"tags":[],"class_list":["post-90716","post","type-post","status-publish","format-standard","has-post-thumbnail","hentry","category-policiales","category-region","category-sociedad"],"yoast_head":"<!-- This site is optimized with the Yoast SEO plugin v26.8 - https:\/\/yoast.com\/product\/yoast-seo-wordpress\/ -->\n<title>R\u00edo Tercero: FPA secuestr\u00f3 m\u00e1s de 400 dosis de coca\u00edna y hubo un detenido - El Regional<\/title>\n<meta name=\"robots\" content=\"index, follow, max-snippet:-1, max-image-preview:large, max-video-preview:-1\" \/>\n<link rel=\"canonical\" href=\"https:\/\/elregionalvm.com.ar\/noticias-villa-maria\/rio-tercero-fpa-secuestro-mas-de-400-dosis-de-cocaina-y-hubo-un-detenido\/\" \/>\n<meta property=\"og:locale\" content=\"es_ES\" \/>\n<meta property=\"og:type\" content=\"article\" \/>\n<meta property=\"og:title\" content=\"R\u00edo Tercero: FPA secuestr\u00f3 m\u00e1s de 400 dosis de coca\u00edna y hubo un detenido - El Regional\" \/>\n<meta property=\"og:description\" content=\"En una acci\u00f3n conjunta dirigida por el Ministerio P\u00fablico Fiscal, efectivos de la Fuerza Policial Antinarcotr\u00e1fico junto a Polic\u00eda de C\u00f3rdoba llevaron a cabo la detenci\u00f3n de un individuo mayor de edad y el secuestro de estupefacientes en la ciudad de R\u00edo Tercero. Las diligencias se ejecutaron en tres viviendas ubicadas en las calles Coronel [&hellip;]\" \/>\n<meta property=\"og:url\" content=\"https:\/\/elregionalvm.com.ar\/noticias-villa-maria\/rio-tercero-fpa-secuestro-mas-de-400-dosis-de-cocaina-y-hubo-un-detenido\/\" \/>\n<meta property=\"og:site_name\" content=\"El Regional\" \/>\n<meta property=\"article:publisher\" content=\"https:\/\/www.facebook.com\/elregionalvm\" \/>\n<meta property=\"article:published_time\" content=\"2024-02-29T23:06:28+00:00\" \/>\n<meta property=\"article:modified_time\" content=\"2024-03-02T04:25:08+00:00\" \/>\n<meta property=\"og:image\" content=\"https:\/\/elregionalvm.com.ar\/noticias-villa-maria\/wp-content\/uploads\/2024\/02\/WhatsApp-Image-2024-02-28-at-23.33.00-768x458-1.jpeg\" \/>\n\t<meta property=\"og:image:width\" content=\"768\" \/>\n\t<meta property=\"og:image:height\" content=\"458\" \/>\n\t<meta property=\"og:image:type\" content=\"image\/jpeg\" \/>\n<meta name=\"author\" content=\"Contenidos El Regional\" \/>\n<meta name=\"twitter:card\" content=\"summary_large_image\" \/>\n<meta name=\"twitter:creator\" content=\"@elregionalvm1\" \/>\n<meta name=\"twitter:site\" content=\"@elregionalvm1\" \/>\n<meta name=\"twitter:label1\" content=\"Escrito por\" \/>\n\t<meta name=\"twitter:data1\" content=\"Contenidos El Regional\" \/>\n\t<meta name=\"twitter:label2\" content=\"Tiempo de lectura\" \/>\n\t<meta name=\"twitter:data2\" content=\"2 minutos\" \/>\n<script type=\"application\/ld+json\" class=\"yoast-schema-graph\">{\"@context\":\"https:\/\/schema.org\",\"@graph\":[{\"@type\":\"Article\",\"@id\":\"https:\/\/elregionalvm.com.ar\/noticias-villa-maria\/rio-tercero-fpa-secuestro-mas-de-400-dosis-de-cocaina-y-hubo-un-detenido\/#article\",\"isPartOf\":{\"@id\":\"https:\/\/elregionalvm.com.ar\/noticias-villa-maria\/rio-tercero-fpa-secuestro-mas-de-400-dosis-de-cocaina-y-hubo-un-detenido\/\"},\"author\":{\"name\":\"Contenidos El Regional\",\"@id\":\"http:\/\/elregionalvm.com.ar\/noticias-villa-maria\/#\/schema\/person\/a0fb9c422317faca23d50163151bc354\"},\"headline\":\"R\u00edo Tercero: FPA secuestr\u00f3 m\u00e1s de 400 dosis de coca\u00edna y hubo un detenido\",\"datePublished\":\"2024-02-29T23:06:28+00:00\",\"dateModified\":\"2024-03-02T04:25:08+00:00\",\"mainEntityOfPage\":{\"@id\":\"https:\/\/elregionalvm.com.ar\/noticias-villa-maria\/rio-tercero-fpa-secuestro-mas-de-400-dosis-de-cocaina-y-hubo-un-detenido\/\"},\"wordCount\":253,\"commentCount\":0,\"image\":{\"@id\":\"https:\/\/elregionalvm.com.ar\/noticias-villa-maria\/rio-tercero-fpa-secuestro-mas-de-400-dosis-de-cocaina-y-hubo-un-detenido\/#primaryimage\"},\"thumbnailUrl\":\"https:\/\/i0.wp.com\/elregionalvm.com.ar\/noticias-villa-maria\/wp-content\/uploads\/2024\/02\/WhatsApp-Image-2024-02-28-at-23.33.00-768x458-1.jpeg?fit=768%2C458&ssl=1\",\"articleSection\":[\"Policiales\",\"Regi\u00f3n\",\"Sociedad\"],\"inLanguage\":\"es\",\"potentialAction\":[{\"@type\":\"CommentAction\",\"name\":\"Comment\",\"target\":[\"https:\/\/elregionalvm.com.ar\/noticias-villa-maria\/rio-tercero-fpa-secuestro-mas-de-400-dosis-de-cocaina-y-hubo-un-detenido\/#respond\"]}]},{\"@type\":\"WebPage\",\"@id\":\"https:\/\/elregionalvm.com.ar\/noticias-villa-maria\/rio-tercero-fpa-secuestro-mas-de-400-dosis-de-cocaina-y-hubo-un-detenido\/\",\"url\":\"https:\/\/elregionalvm.com.ar\/noticias-villa-maria\/rio-tercero-fpa-secuestro-mas-de-400-dosis-de-cocaina-y-hubo-un-detenido\/\",\"name\":\"R\u00edo Tercero: FPA secuestr\u00f3 m\u00e1s de 400 dosis de coca\u00edna y hubo un detenido - El Regional\",\"isPartOf\":{\"@id\":\"http:\/\/elregionalvm.com.ar\/noticias-villa-maria\/#website\"},\"primaryImageOfPage\":{\"@id\":\"https:\/\/elregionalvm.com.ar\/noticias-villa-maria\/rio-tercero-fpa-secuestro-mas-de-400-dosis-de-cocaina-y-hubo-un-detenido\/#primaryimage\"},\"image\":{\"@id\":\"https:\/\/elregionalvm.com.ar\/noticias-villa-maria\/rio-tercero-fpa-secuestro-mas-de-400-dosis-de-cocaina-y-hubo-un-detenido\/#primaryimage\"},\"thumbnailUrl\":\"https:\/\/i0.wp.com\/elregionalvm.com.ar\/noticias-villa-maria\/wp-content\/uploads\/2024\/02\/WhatsApp-Image-2024-02-28-at-23.33.00-768x458-1.jpeg?fit=768%2C458&ssl=1\",\"datePublished\":\"2024-02-29T23:06:28+00:00\",\"dateModified\":\"2024-03-02T04:25:08+00:00\",\"author\":{\"@id\":\"http:\/\/elregionalvm.com.ar\/noticias-villa-maria\/#\/schema\/person\/a0fb9c422317faca23d50163151bc354\"},\"breadcrumb\":{\"@id\":\"https:\/\/elregionalvm.com.ar\/noticias-villa-maria\/rio-tercero-fpa-secuestro-mas-de-400-dosis-de-cocaina-y-hubo-un-detenido\/#breadcrumb\"},\"inLanguage\":\"es\",\"potentialAction\":[{\"@type\":\"ReadAction\",\"target\":[\"https:\/\/elregionalvm.com.ar\/noticias-villa-maria\/rio-tercero-fpa-secuestro-mas-de-400-dosis-de-cocaina-y-hubo-un-detenido\/\"]}]},{\"@type\":\"ImageObject\",\"inLanguage\":\"es\",\"@id\":\"https:\/\/elregionalvm.com.ar\/noticias-villa-maria\/rio-tercero-fpa-secuestro-mas-de-400-dosis-de-cocaina-y-hubo-un-detenido\/#primaryimage\",\"url\":\"https:\/\/i0.wp.com\/elregionalvm.com.ar\/noticias-villa-maria\/wp-content\/uploads\/2024\/02\/WhatsApp-Image-2024-02-28-at-23.33.00-768x458-1.jpeg?fit=768%2C458&ssl=1\",\"contentUrl\":\"https:\/\/i0.wp.com\/elregionalvm.com.ar\/noticias-villa-maria\/wp-content\/uploads\/2024\/02\/WhatsApp-Image-2024-02-28-at-23.33.00-768x458-1.jpeg?fit=768%2C458&ssl=1\",\"width\":768,\"height\":458},{\"@type\":\"BreadcrumbList\",\"@id\":\"https:\/\/elregionalvm.com.ar\/noticias-villa-maria\/rio-tercero-fpa-secuestro-mas-de-400-dosis-de-cocaina-y-hubo-un-detenido\/#breadcrumb\",\"itemListElement\":[{\"@type\":\"ListItem\",\"position\":1,\"name\":\"Portada\",\"item\":\"https:\/\/elregionalvm.com.ar\/noticias-villa-maria\/\"},{\"@type\":\"ListItem\",\"position\":2,\"name\":\"R\u00edo Tercero: FPA secuestr\u00f3 m\u00e1s de 400 dosis de coca\u00edna y hubo un detenido\"}]},{\"@type\":\"WebSite\",\"@id\":\"http:\/\/elregionalvm.com.ar\/noticias-villa-maria\/#website\",\"url\":\"http:\/\/elregionalvm.com.ar\/noticias-villa-maria\/\",\"name\":\"El Regional\",\"description\":\"Mucho m\u00e1s que informaci\u00f3n\",\"potentialAction\":[{\"@type\":\"SearchAction\",\"target\":{\"@type\":\"EntryPoint\",\"urlTemplate\":\"http:\/\/elregionalvm.com.ar\/noticias-villa-maria\/?s={search_term_string}\"},\"query-input\":{\"@type\":\"PropertyValueSpecification\",\"valueRequired\":true,\"valueName\":\"search_term_string\"}}],\"inLanguage\":\"es\"},{\"@type\":\"Person\",\"@id\":\"http:\/\/elregionalvm.com.ar\/noticias-villa-maria\/#\/schema\/person\/a0fb9c422317faca23d50163151bc354\",\"name\":\"Contenidos El Regional\",\"image\":{\"@type\":\"ImageObject\",\"inLanguage\":\"es\",\"@id\":\"http:\/\/elregionalvm.com.ar\/noticias-villa-maria\/#\/schema\/person\/image\/\",\"url\":\"https:\/\/secure.gravatar.com\/avatar\/265b27cb2209af7bb3a1318f03305787d7981a5cc6e6cd08fe5a4ecdf99d4b48?s=96&d=mm&r=g\",\"contentUrl\":\"https:\/\/secure.gravatar.com\/avatar\/265b27cb2209af7bb3a1318f03305787d7981a5cc6e6cd08fe5a4ecdf99d4b48?s=96&d=mm&r=g\",\"caption\":\"Contenidos El Regional\"},\"url\":\"https:\/\/elregionalvm.com.ar\/noticias-villa-maria\/author\/contenido\/\"}]}<\/script>\n<!-- \/ Yoast SEO plugin. -->","yoast_head_json":{"title":"R\u00edo Tercero: FPA secuestr\u00f3 m\u00e1s de 400 dosis de coca\u00edna y hubo un detenido - El Regional","robots":{"index":"index","follow":"follow","max-snippet":"max-snippet:-1","max-image-preview":"max-image-preview:large","max-video-preview":"max-video-preview:-1"},"canonical":"https:\/\/elregionalvm.com.ar\/noticias-villa-maria\/rio-tercero-fpa-secuestro-mas-de-400-dosis-de-cocaina-y-hubo-un-detenido\/","og_locale":"es_ES","og_type":"article","og_title":"R\u00edo Tercero: FPA secuestr\u00f3 m\u00e1s de 400 dosis de coca\u00edna y hubo un detenido - El Regional","og_description":"En una acci\u00f3n conjunta dirigida por el Ministerio P\u00fablico Fiscal, efectivos de la Fuerza Policial Antinarcotr\u00e1fico junto a Polic\u00eda de C\u00f3rdoba llevaron a cabo la detenci\u00f3n de un individuo mayor de edad y el secuestro de estupefacientes en la ciudad de R\u00edo Tercero. Las diligencias se ejecutaron en tres viviendas ubicadas en las calles Coronel [&hellip;]","og_url":"https:\/\/elregionalvm.com.ar\/noticias-villa-maria\/rio-tercero-fpa-secuestro-mas-de-400-dosis-de-cocaina-y-hubo-un-detenido\/","og_site_name":"El Regional","article_publisher":"https:\/\/www.facebook.com\/elregionalvm","article_published_time":"2024-02-29T23:06:28+00:00","article_modified_time":"2024-03-02T04:25:08+00:00","og_image":[{"width":768,"height":458,"url":"https:\/\/elregionalvm.com.ar\/noticias-villa-maria\/wp-content\/uploads\/2024\/02\/WhatsApp-Image-2024-02-28-at-23.33.00-768x458-1.jpeg","type":"image\/jpeg"}],"author":"Contenidos El Regional","twitter_card":"summary_large_image","twitter_creator":"@elregionalvm1","twitter_site":"@elregionalvm1","twitter_misc":{"Escrito por":"Contenidos El Regional","Tiempo de lectura":"2 minutos"},"schema":{"@context":"https:\/\/schema.org","@graph":[{"@type":"Article","@id":"https:\/\/elregionalvm.com.ar\/noticias-villa-maria\/rio-tercero-fpa-secuestro-mas-de-400-dosis-de-cocaina-y-hubo-un-detenido\/#article","isPartOf":{"@id":"https:\/\/elregionalvm.com.ar\/noticias-villa-maria\/rio-tercero-fpa-secuestro-mas-de-400-dosis-de-cocaina-y-hubo-un-detenido\/"},"author":{"name":"Contenidos El Regional","@id":"http:\/\/elregionalvm.com.ar\/noticias-villa-maria\/#\/schema\/person\/a0fb9c422317faca23d50163151bc354"},"headline":"R\u00edo Tercero: FPA secuestr\u00f3 m\u00e1s de 400 dosis de coca\u00edna y hubo un detenido","datePublished":"2024-02-29T23:06:28+00:00","dateModified":"2024-03-02T04:25:08+00:00","mainEntityOfPage":{"@id":"https:\/\/elregionalvm.com.ar\/noticias-villa-maria\/rio-tercero-fpa-secuestro-mas-de-400-dosis-de-cocaina-y-hubo-un-detenido\/"},"wordCount":253,"commentCount":0,"image":{"@id":"https:\/\/elregionalvm.com.ar\/noticias-villa-maria\/rio-tercero-fpa-secuestro-mas-de-400-dosis-de-cocaina-y-hubo-un-detenido\/#primaryimage"},"thumbnailUrl":"https:\/\/i0.wp.com\/elregionalvm.com.ar\/noticias-villa-maria\/wp-content\/uploads\/2024\/02\/WhatsApp-Image-2024-02-28-at-23.33.00-768x458-1.jpeg?fit=768%2C458&ssl=1","articleSection":["Policiales","Regi\u00f3n","Sociedad"],"inLanguage":"es","potentialAction":[{"@type":"CommentAction","name":"Comment","target":["https:\/\/elregionalvm.com.ar\/noticias-villa-maria\/rio-tercero-fpa-secuestro-mas-de-400-dosis-de-cocaina-y-hubo-un-detenido\/#respond"]}]},{"@type":"WebPage","@id":"https:\/\/elregionalvm.com.ar\/noticias-villa-maria\/rio-tercero-fpa-secuestro-mas-de-400-dosis-de-cocaina-y-hubo-un-detenido\/","url":"https:\/\/elregionalvm.com.ar\/noticias-villa-maria\/rio-tercero-fpa-secuestro-mas-de-400-dosis-de-cocaina-y-hubo-un-detenido\/","name":"R\u00edo Tercero: FPA secuestr\u00f3 m\u00e1s de 400 dosis de coca\u00edna y hubo un detenido - El Regional","isPartOf":{"@id":"http:\/\/elregionalvm.com.ar\/noticias-villa-maria\/#website"},"primaryImageOfPage":{"@id":"https:\/\/elregionalvm.com.ar\/noticias-villa-maria\/rio-tercero-fpa-secuestro-mas-de-400-dosis-de-cocaina-y-hubo-un-detenido\/#primaryimage"},"image":{"@id":"https:\/\/elregionalvm.com.ar\/noticias-villa-maria\/rio-tercero-fpa-secuestro-mas-de-400-dosis-de-cocaina-y-hubo-un-detenido\/#primaryimage"},"thumbnailUrl":"https:\/\/i0.wp.com\/elregionalvm.com.ar\/noticias-villa-maria\/wp-content\/uploads\/2024\/02\/WhatsApp-Image-2024-02-28-at-23.33.00-768x458-1.jpeg?fit=768%2C458&ssl=1","datePublished":"2024-02-29T23:06:28+00:00","dateModified":"2024-03-02T04:25:08+00:00","author":{"@id":"http:\/\/elregionalvm.com.ar\/noticias-villa-maria\/#\/schema\/person\/a0fb9c422317faca23d50163151bc354"},"breadcrumb":{"@id":"https:\/\/elregionalvm.com.ar\/noticias-villa-maria\/rio-tercero-fpa-secuestro-mas-de-400-dosis-de-cocaina-y-hubo-un-detenido\/#breadcrumb"},"inLanguage":"es","potentialAction":[{"@type":"ReadAction","target":["https:\/\/elregionalvm.com.ar\/noticias-villa-maria\/rio-tercero-fpa-secuestro-mas-de-400-dosis-de-cocaina-y-hubo-un-detenido\/"]}]},{"@type":"ImageObject","inLanguage":"es","@id":"https:\/\/elregionalvm.com.ar\/noticias-villa-maria\/rio-tercero-fpa-secuestro-mas-de-400-dosis-de-cocaina-y-hubo-un-detenido\/#primaryimage","url":"https:\/\/i0.wp.com\/elregionalvm.com.ar\/noticias-villa-maria\/wp-content\/uploads\/2024\/02\/WhatsApp-Image-2024-02-28-at-23.33.00-768x458-1.jpeg?fit=768%2C458&ssl=1","contentUrl":"https:\/\/i0.wp.com\/elregionalvm.com.ar\/noticias-villa-maria\/wp-content\/uploads\/2024\/02\/WhatsApp-Image-2024-02-28-at-23.33.00-768x458-1.jpeg?fit=768%2C458&ssl=1","width":768,"height":458},{"@type":"BreadcrumbList","@id":"https:\/\/elregionalvm.com.ar\/noticias-villa-maria\/rio-tercero-fpa-secuestro-mas-de-400-dosis-de-cocaina-y-hubo-un-detenido\/#breadcrumb","itemListElement":[{"@type":"ListItem","position":1,"name":"Portada","item":"https:\/\/elregionalvm.com.ar\/noticias-villa-maria\/"},{"@type":"ListItem","position":2,"name":"R\u00edo Tercero: FPA secuestr\u00f3 m\u00e1s de 400 dosis de coca\u00edna y hubo un detenido"}]},{"@type":"WebSite","@id":"http:\/\/elregionalvm.com.ar\/noticias-villa-maria\/#website","url":"http:\/\/elregionalvm.com.ar\/noticias-villa-maria\/","name":"El Regional","description":"Mucho m\u00e1s que informaci\u00f3n","potentialAction":[{"@type":"SearchAction","target":{"@type":"EntryPoint","urlTemplate":"http:\/\/elregionalvm.com.ar\/noticias-villa-maria\/?s={search_term_string}"},"query-input":{"@type":"PropertyValueSpecification","valueRequired":true,"valueName":"search_term_string"}}],"inLanguage":"es"},{"@type":"Person","@id":"http:\/\/elregionalvm.com.ar\/noticias-villa-maria\/#\/schema\/person\/a0fb9c422317faca23d50163151bc354","name":"Contenidos El Regional","image":{"@type":"ImageObject","inLanguage":"es","@id":"http:\/\/elregionalvm.com.ar\/noticias-villa-maria\/#\/schema\/person\/image\/","url":"https:\/\/secure.gravatar.com\/avatar\/265b27cb2209af7bb3a1318f03305787d7981a5cc6e6cd08fe5a4ecdf99d4b48?s=96&d=mm&r=g","contentUrl":"https:\/\/secure.gravatar.com\/avatar\/265b27cb2209af7bb3a1318f03305787d7981a5cc6e6cd08fe5a4ecdf99d4b48?s=96&d=mm&r=g","caption":"Contenidos El Regional"},"url":"https:\/\/elregionalvm.com.ar\/noticias-villa-maria\/author\/contenido\/"}]}},"jetpack_featured_media_url":"https:\/\/i0.wp.com\/elregionalvm.com.ar\/noticias-villa-maria\/wp-content\/uploads\/2024\/02\/WhatsApp-Image-2024-02-28-at-23.33.00-768x458-1.jpeg?fit=768%2C458&ssl=1","jetpack_sharing_enabled":true,"_links":{"self":[{"href":"https:\/\/elregionalvm.com.ar\/noticias-villa-maria\/wp-json\/wp\/v2\/posts\/90716","targetHints":{"allow":["GET"]}}],"collection":[{"href":"https:\/\/elregionalvm.com.ar\/noticias-villa-maria\/wp-json\/wp\/v2\/posts"}],"about":[{"href":"https:\/\/elregionalvm.com.ar\/noticias-villa-maria\/wp-json\/wp\/v2\/types\/post"}],"author":[{"embeddable":true,"href":"https:\/\/elregionalvm.com.ar\/noticias-villa-maria\/wp-json\/wp\/v2\/users\/4"}],"replies":[{"embeddable":true,"href":"https:\/\/elregionalvm.com.ar\/noticias-villa-maria\/wp-json\/wp\/v2\/comments?post=90716"}],"version-history":[{"count":1,"href":"https:\/\/elregionalvm.com.ar\/noticias-villa-maria\/wp-json\/wp\/v2\/posts\/90716\/revisions"}],"predecessor-version":[{"id":90719,"href":"https:\/\/elregionalvm.com.ar\/noticias-villa-maria\/wp-json\/wp\/v2\/posts\/90716\/revisions\/90719"}],"wp:featuredmedia":[{"embeddable":true,"href":"https:\/\/elregionalvm.com.ar\/noticias-villa-maria\/wp-json\/wp\/v2\/media\/90718"}],"wp:attachment":[{"href":"https:\/\/elregionalvm.com.ar\/noticias-villa-maria\/wp-json\/wp\/v2\/media?parent=90716"}],"wp:term":[{"taxonomy":"category","embeddable":true,"href":"https:\/\/elregionalvm.com.ar\/noticias-villa-maria\/wp-json\/wp\/v2\/categories?post=90716"},{"taxonomy":"post_tag","embeddable":true,"href":"https:\/\/elregionalvm.com.ar\/noticias-villa-maria\/wp-json\/wp\/v2\/tags?post=90716"}],"curies":[{"name":"wp","href":"https:\/\/api.w.org\/{rel}","templated":true}]}}